{"id":12767,"date":"2026-04-30T18:19:53","date_gmt":"2026-04-30T16:19:53","guid":{"rendered":"https:\/\/kosovatimes.info\/?p=12767"},"modified":"2026-04-30T18:19:55","modified_gmt":"2026-04-30T16:19:55","slug":"putini-shkarkoi-kreun-e-dagestanitemeron-nje-ish-oficer-te-fsb-se-per-postin-e-kreut-te-qeverise-se-republikes","status":"publish","type":"post","link":"https:\/\/kosovatimes.info\/index.php\/2026\/04\/30\/putini-shkarkoi-kreun-e-dagestanitemeron-nje-ish-oficer-te-fsb-se-per-postin-e-kreut-te-qeverise-se-republikes\/","title":{"rendered":"Putini shkarkoi kreun e Dagestanit,emeron  nj\u00eb ish-oficer t\u00eb FSB-s\u00eb p\u00ebr postin e kreut t\u00eb qeveris\u00eb s\u00eb republik\u00ebs"},"content":{"rendered":"\n<p>Presidenti Vladimir Putin njoftoi se kreu i Dagestanit, Sergei Melikov, po jep dor\u00ebheqjen dhe po kalon n\u00eb &#8220;nj\u00eb pun\u00eb tjet\u00ebr&#8221;. Kreu i shtetit e njoftoi k\u00ebt\u00eb t\u00eb enjten n\u00eb nj\u00eb takim me p\u00ebrfaq\u00ebsuesit e Asambles\u00eb Popullore t\u00eb republik\u00ebs, raporton Kommersant. Putin nuk specifikoi se ku do t\u00eb zhvendoset sakt\u00ebsisht Melikov, 60 vje\u00e7, i cili ka udh\u00ebhequr rajonin q\u00eb nga viti 2020. &#8220;Kreu aktual i republik\u00ebs, Sergei Alimovich Melikov, do t\u00eb largohet n\u00eb shtator. Ai ka arritur shum\u00eb dhe ne i jemi mir\u00ebnjoh\u00ebs p\u00ebr k\u00ebt\u00eb. Por ai po kalon n\u00eb nj\u00eb pun\u00eb tjet\u00ebr dhe jeta vazhdon&#8221;, vuri n\u00eb dukje presidenti.<\/p>\n\n\n\n<p>Kryetari i parlamentit t\u00eb republik\u00ebs, Zaur Askenderov, propozoi Fyodor Shchukin, kryetarin e Gjykat\u00ebs Supreme t\u00eb Dagestanit, p\u00ebr postin e guvernatorit rajonal. Putinit iu ofrua gjithashtu pozicioni i kreut t\u00eb qeveris\u00eb s\u00eb republik\u00ebs, Magomed Ramazanov, z\u00ebvend\u00ebs i d\u00ebrguari presidencial n\u00eb Distriktin Federal t\u00eb Lindjes s\u00eb Larg\u00ebt (FEFD). Ramazanov m\u00eb par\u00eb ka punuar p\u00ebr Drejtorin\u00eb &#8220;K&#8221; t\u00eb FSB-s\u00eb, e cila merret me rastet e korrupsionit.&nbsp;Askenderov shprehu mendimin se &#8220;nj\u00eb tandem i till\u00eb do t\u00eb ishte i suksessh\u00ebm&#8221;.&nbsp;&nbsp;Putin mb\u00ebshteti t\u00eb dy kandidat\u00ebt, raporton Kommersant.<\/p>\n\n\n\n<p>Cheka-OGPU pretendon se gjat\u00eb koh\u00ebs s\u00eb tij me FSB-n\u00eb, Ramazanov &#8220;mbik\u00ebqyri pun\u00ebn n\u00eb kompani t\u00eb m\u00ebdha, pronar\u00ebt e t\u00eb cilave ishin njer\u00ebz nga Kaukazi ose Transkaukazi&#8221;.<\/p>\n\n\n\n<p>N\u00eb fillim t\u00eb prillit, burime pran\u00eb administrat\u00ebs presidenciale i than\u00eb RBC-s\u00eb se ai ishte b\u00ebr\u00eb kandidati kryesor p\u00ebr postin e kreut t\u00eb Dagestanit. Vet\u00eb Putini tha n\u00eb at\u00eb koh\u00eb se e kishte ftuar at\u00eb n\u00eb nj\u00eb takim mbi p\u00ebrpjekjet e rim\u00ebk\u00ebmbjes pas p\u00ebrmbytjeve shkat\u00ebrruese n\u00eb republik\u00eb.&nbsp;&nbsp;Gjithashtu u vu re se vendimi p\u00ebr t\u00eb z\u00ebvend\u00ebsuar Melikovin ishte marr\u00eb edhe para se katastrofa natyrore t\u00eb godiste rajonin.&nbsp;<\/p>\n\n\n\n<p>M\u00eb par\u00eb, media zyrtare ruse raportoi gjithashtu p\u00ebr shkarkimet e mundshme t\u00eb Guvernatorit t\u00eb Rajonit t\u00eb Belgorodit, Vyacheslav Gladkov, dhe Guvernatorit t\u00eb Rajonit t\u00eb Bryansk, Alexander Bogomaz.<\/p>\n","protected":false},"excerpt":{"rendered":"<p>Presidenti Vladimir Putin njoftoi se kreu i Dagestanit, Sergei Melikov, po jep dor\u00ebheqjen dhe po kalon n\u00eb &#8220;nj\u00eb pun\u00eb tjet\u00ebr&#8221;. Kreu i shtetit e njoftoi k\u00ebt\u00eb t\u00eb enjten n\u00eb nj\u00eb takim me p\u00ebrfaq\u00ebsuesit e Asambles\u00eb Popullore t\u00eb republik\u00ebs, raporton Kommersant. Putin nuk specifikoi se ku do t\u00eb zhvendoset sakt\u00ebsisht Melikov, 60 vje\u00e7, i cili ka [&hellip;]<\/p>\n","protected":false},"author":4,"featured_media":12768,"comment_status":"open","ping_status":"open","sticky":false,"template":"","format":"standard","meta":{"footnotes":""},"categories":[33,30],"tags":[],"class_list":{"0":"post-12767","1":"post","2":"type-post","3":"status-publish","4":"format-standard","5":"has-post-thumbnail","7":"category-bote","8":"category-lajme"},"yoast_head":"<!-- This site is optimized with the Yoast SEO plugin v27.4 - https:\/\/yoast.com\/product\/yoast-seo-wordpress\/ -->\n<title>Putini shkarkoi kreun e Dagestanit,emeron nj\u00eb ish-oficer t\u00eb FSB-s\u00eb p\u00ebr postin e kreut t\u00eb qeveris\u00eb s\u00eb republik\u00ebs - Kosova Times<\/title>\n<meta name=\"robots\" content=\"index, follow, max-snippet:-1, max-image-preview:large, max-video-preview:-1\" \/>\n<link rel=\"canonical\" href=\"https:\/\/kosovatimes.info\/index.php\/2026\/04\/30\/putini-shkarkoi-kreun-e-dagestanitemeron-nje-ish-oficer-te-fsb-se-per-postin-e-kreut-te-qeverise-se-republikes\/\" \/>\n<meta property=\"og:locale\" content=\"en_US\" \/>\n<meta property=\"og:type\" content=\"article\" \/>\n<meta property=\"og:title\" content=\"Putini shkarkoi kreun e Dagestanit,emeron nj\u00eb ish-oficer t\u00eb FSB-s\u00eb p\u00ebr postin e kreut t\u00eb qeveris\u00eb s\u00eb republik\u00ebs - Kosova Times\" \/>\n<meta property=\"og:description\" content=\"Presidenti Vladimir Putin njoftoi se kreu i Dagestanit, Sergei Melikov, po jep dor\u00ebheqjen dhe po kalon n\u00eb &#8220;nj\u00eb pun\u00eb tjet\u00ebr&#8221;. Kreu i shtetit e njoftoi k\u00ebt\u00eb t\u00eb enjten n\u00eb nj\u00eb takim me p\u00ebrfaq\u00ebsuesit e Asambles\u00eb Popullore t\u00eb republik\u00ebs, raporton Kommersant. Putin nuk specifikoi se ku do t\u00eb zhvendoset sakt\u00ebsisht Melikov, 60 vje\u00e7, i cili ka [&hellip;]\" \/>\n<meta property=\"og:url\" content=\"https:\/\/kosovatimes.info\/index.php\/2026\/04\/30\/putini-shkarkoi-kreun-e-dagestanitemeron-nje-ish-oficer-te-fsb-se-per-postin-e-kreut-te-qeverise-se-republikes\/\" \/>\n<meta property=\"og:site_name\" content=\"Kosova Times\" \/>\n<meta property=\"article:published_time\" content=\"2026-04-30T16:19:53+00:00\" \/>\n<meta property=\"article:modified_time\" content=\"2026-04-30T16:19:55+00:00\" \/>\n<meta property=\"og:image\" content=\"https:\/\/kosovatimes.info\/wp-content\/uploads\/2026\/04\/Melikov.jpg\" \/>\n\t<meta property=\"og:image:width\" content=\"1360\" \/>\n\t<meta property=\"og:image:height\" content=\"765\" \/>\n\t<meta property=\"og:image:type\" content=\"image\/jpeg\" \/>\n<meta name=\"author\" content=\"i l\" \/>\n<meta name=\"twitter:card\" content=\"summary_large_image\" \/>\n<meta name=\"twitter:label1\" content=\"Written by\" \/>\n\t<meta name=\"twitter:data1\" content=\"i l\" \/>\n\t<meta name=\"twitter:label2\" content=\"Est. reading time\" \/>\n\t<meta name=\"twitter:data2\" content=\"2 minutes\" \/>\n<script type=\"application\/ld+json\" class=\"yoast-schema-graph\">{\"@context\":\"https:\\\/\\\/schema.org\",\"@graph\":[{\"@type\":\"Article\",\"@id\":\"https:\\\/\\\/kosovatimes.info\\\/index.php\\\/2026\\\/04\\\/30\\\/putini-shkarkoi-kreun-e-dagestanitemeron-nje-ish-oficer-te-fsb-se-per-postin-e-kreut-te-qeverise-se-republikes\\\/#article\",\"isPartOf\":{\"@id\":\"https:\\\/\\\/kosovatimes.info\\\/index.php\\\/2026\\\/04\\\/30\\\/putini-shkarkoi-kreun-e-dagestanitemeron-nje-ish-oficer-te-fsb-se-per-postin-e-kreut-te-qeverise-se-republikes\\\/\"},\"author\":{\"name\":\"i l\",\"@id\":\"https:\\\/\\\/kosovatimes.info\\\/#\\\/schema\\\/person\\\/7586712b9c512fe68085de007378c915\"},\"headline\":\"Putini shkarkoi kreun e Dagestanit,emeron nj\u00eb ish-oficer t\u00eb FSB-s\u00eb p\u00ebr postin e kreut t\u00eb qeveris\u00eb s\u00eb republik\u00ebs\",\"datePublished\":\"2026-04-30T16:19:53+00:00\",\"dateModified\":\"2026-04-30T16:19:55+00:00\",\"mainEntityOfPage\":{\"@id\":\"https:\\\/\\\/kosovatimes.info\\\/index.php\\\/2026\\\/04\\\/30\\\/putini-shkarkoi-kreun-e-dagestanitemeron-nje-ish-oficer-te-fsb-se-per-postin-e-kreut-te-qeverise-se-republikes\\\/\"},\"wordCount\":369,\"commentCount\":0,\"image\":{\"@id\":\"https:\\\/\\\/kosovatimes.info\\\/index.php\\\/2026\\\/04\\\/30\\\/putini-shkarkoi-kreun-e-dagestanitemeron-nje-ish-oficer-te-fsb-se-per-postin-e-kreut-te-qeverise-se-republikes\\\/#primaryimage\"},\"thumbnailUrl\":\"https:\\\/\\\/kosovatimes.info\\\/wp-content\\\/uploads\\\/2026\\\/04\\\/Melikov.jpg\",\"articleSection\":[\"Bot\u00eb\",\"Lajme\"],\"inLanguage\":\"en-US\",\"potentialAction\":[{\"@type\":\"CommentAction\",\"name\":\"Comment\",\"target\":[\"https:\\\/\\\/kosovatimes.info\\\/index.php\\\/2026\\\/04\\\/30\\\/putini-shkarkoi-kreun-e-dagestanitemeron-nje-ish-oficer-te-fsb-se-per-postin-e-kreut-te-qeverise-se-republikes\\\/#respond\"]}]},{\"@type\":\"WebPage\",\"@id\":\"https:\\\/\\\/kosovatimes.info\\\/index.php\\\/2026\\\/04\\\/30\\\/putini-shkarkoi-kreun-e-dagestanitemeron-nje-ish-oficer-te-fsb-se-per-postin-e-kreut-te-qeverise-se-republikes\\\/\",\"url\":\"https:\\\/\\\/kosovatimes.info\\\/index.php\\\/2026\\\/04\\\/30\\\/putini-shkarkoi-kreun-e-dagestanitemeron-nje-ish-oficer-te-fsb-se-per-postin-e-kreut-te-qeverise-se-republikes\\\/\",\"name\":\"Putini shkarkoi kreun e Dagestanit,emeron nj\u00eb ish-oficer t\u00eb FSB-s\u00eb p\u00ebr postin e kreut t\u00eb qeveris\u00eb s\u00eb republik\u00ebs - Kosova Times\",\"isPartOf\":{\"@id\":\"https:\\\/\\\/kosovatimes.info\\\/#website\"},\"primaryImageOfPage\":{\"@id\":\"https:\\\/\\\/kosovatimes.info\\\/index.php\\\/2026\\\/04\\\/30\\\/putini-shkarkoi-kreun-e-dagestanitemeron-nje-ish-oficer-te-fsb-se-per-postin-e-kreut-te-qeverise-se-republikes\\\/#primaryimage\"},\"image\":{\"@id\":\"https:\\\/\\\/kosovatimes.info\\\/index.php\\\/2026\\\/04\\\/30\\\/putini-shkarkoi-kreun-e-dagestanitemeron-nje-ish-oficer-te-fsb-se-per-postin-e-kreut-te-qeverise-se-republikes\\\/#primaryimage\"},\"thumbnailUrl\":\"https:\\\/\\\/kosovatimes.info\\\/wp-content\\\/uploads\\\/2026\\\/04\\\/Melikov.jpg\",\"datePublished\":\"2026-04-30T16:19:53+00:00\",\"dateModified\":\"2026-04-30T16:19:55+00:00\",\"author\":{\"@id\":\"https:\\\/\\\/kosovatimes.info\\\/#\\\/schema\\\/person\\\/7586712b9c512fe68085de007378c915\"},\"breadcrumb\":{\"@id\":\"https:\\\/\\\/kosovatimes.info\\\/index.php\\\/2026\\\/04\\\/30\\\/putini-shkarkoi-kreun-e-dagestanitemeron-nje-ish-oficer-te-fsb-se-per-postin-e-kreut-te-qeverise-se-republikes\\\/#breadcrumb\"},\"inLanguage\":\"en-US\",\"potentialAction\":[{\"@type\":\"ReadAction\",\"target\":[\"https:\\\/\\\/kosovatimes.info\\\/index.php\\\/2026\\\/04\\\/30\\\/putini-shkarkoi-kreun-e-dagestanitemeron-nje-ish-oficer-te-fsb-se-per-postin-e-kreut-te-qeverise-se-republikes\\\/\"]}]},{\"@type\":\"ImageObject\",\"inLanguage\":\"en-US\",\"@id\":\"https:\\\/\\\/kosovatimes.info\\\/index.php\\\/2026\\\/04\\\/30\\\/putini-shkarkoi-kreun-e-dagestanitemeron-nje-ish-oficer-te-fsb-se-per-postin-e-kreut-te-qeverise-se-republikes\\\/#primaryimage\",\"url\":\"https:\\\/\\\/kosovatimes.info\\\/wp-content\\\/uploads\\\/2026\\\/04\\\/Melikov.jpg\",\"contentUrl\":\"https:\\\/\\\/kosovatimes.info\\\/wp-content\\\/uploads\\\/2026\\\/04\\\/Melikov.jpg\",\"width\":1360,\"height\":765},{\"@type\":\"BreadcrumbList\",\"@id\":\"https:\\\/\\\/kosovatimes.info\\\/index.php\\\/2026\\\/04\\\/30\\\/putini-shkarkoi-kreun-e-dagestanitemeron-nje-ish-oficer-te-fsb-se-per-postin-e-kreut-te-qeverise-se-republikes\\\/#breadcrumb\",\"itemListElement\":[{\"@type\":\"ListItem\",\"position\":1,\"name\":\"Home\",\"item\":\"https:\\\/\\\/kosovatimes.info\\\/\"},{\"@type\":\"ListItem\",\"position\":2,\"name\":\"Putini shkarkoi kreun e Dagestanit,emeron nj\u00eb ish-oficer t\u00eb FSB-s\u00eb p\u00ebr postin e kreut t\u00eb qeveris\u00eb s\u00eb republik\u00ebs\"}]},{\"@type\":\"WebSite\",\"@id\":\"https:\\\/\\\/kosovatimes.info\\\/#website\",\"url\":\"https:\\\/\\\/kosovatimes.info\\\/\",\"name\":\"Kosova Times\",\"description\":\"\",\"potentialAction\":[{\"@type\":\"SearchAction\",\"target\":{\"@type\":\"EntryPoint\",\"urlTemplate\":\"https:\\\/\\\/kosovatimes.info\\\/?s={search_term_string}\"},\"query-input\":{\"@type\":\"PropertyValueSpecification\",\"valueRequired\":true,\"valueName\":\"search_term_string\"}}],\"inLanguage\":\"en-US\"},{\"@type\":\"Person\",\"@id\":\"https:\\\/\\\/kosovatimes.info\\\/#\\\/schema\\\/person\\\/7586712b9c512fe68085de007378c915\",\"name\":\"i l\",\"image\":{\"@type\":\"ImageObject\",\"inLanguage\":\"en-US\",\"@id\":\"https:\\\/\\\/secure.gravatar.com\\\/avatar\\\/bad9296e02816160ae2e2435beda58222022298d5625d49fea74d18816fbb31d?s=96&d=mm&r=g\",\"url\":\"https:\\\/\\\/secure.gravatar.com\\\/avatar\\\/bad9296e02816160ae2e2435beda58222022298d5625d49fea74d18816fbb31d?s=96&d=mm&r=g\",\"contentUrl\":\"https:\\\/\\\/secure.gravatar.com\\\/avatar\\\/bad9296e02816160ae2e2435beda58222022298d5625d49fea74d18816fbb31d?s=96&d=mm&r=g\",\"caption\":\"i l\"},\"url\":\"https:\\\/\\\/kosovatimes.info\\\/index.php\\\/author\\\/iliri\\\/\"}]}<\/script>\n<!-- \/ Yoast SEO plugin. -->","yoast_head_json":{"title":"Putini shkarkoi kreun e Dagestanit,emeron nj\u00eb ish-oficer t\u00eb FSB-s\u00eb p\u00ebr postin e kreut t\u00eb qeveris\u00eb s\u00eb republik\u00ebs - Kosova Times","robots":{"index":"index","follow":"follow","max-snippet":"max-snippet:-1","max-image-preview":"max-image-preview:large","max-video-preview":"max-video-preview:-1"},"canonical":"https:\/\/kosovatimes.info\/index.php\/2026\/04\/30\/putini-shkarkoi-kreun-e-dagestanitemeron-nje-ish-oficer-te-fsb-se-per-postin-e-kreut-te-qeverise-se-republikes\/","og_locale":"en_US","og_type":"article","og_title":"Putini shkarkoi kreun e Dagestanit,emeron nj\u00eb ish-oficer t\u00eb FSB-s\u00eb p\u00ebr postin e kreut t\u00eb qeveris\u00eb s\u00eb republik\u00ebs - Kosova Times","og_description":"Presidenti Vladimir Putin njoftoi se kreu i Dagestanit, Sergei Melikov, po jep dor\u00ebheqjen dhe po kalon n\u00eb &#8220;nj\u00eb pun\u00eb tjet\u00ebr&#8221;. Kreu i shtetit e njoftoi k\u00ebt\u00eb t\u00eb enjten n\u00eb nj\u00eb takim me p\u00ebrfaq\u00ebsuesit e Asambles\u00eb Popullore t\u00eb republik\u00ebs, raporton Kommersant. Putin nuk specifikoi se ku do t\u00eb zhvendoset sakt\u00ebsisht Melikov, 60 vje\u00e7, i cili ka [&hellip;]","og_url":"https:\/\/kosovatimes.info\/index.php\/2026\/04\/30\/putini-shkarkoi-kreun-e-dagestanitemeron-nje-ish-oficer-te-fsb-se-per-postin-e-kreut-te-qeverise-se-republikes\/","og_site_name":"Kosova Times","article_published_time":"2026-04-30T16:19:53+00:00","article_modified_time":"2026-04-30T16:19:55+00:00","og_image":[{"width":1360,"height":765,"url":"https:\/\/kosovatimes.info\/wp-content\/uploads\/2026\/04\/Melikov.jpg","type":"image\/jpeg"}],"author":"i l","twitter_card":"summary_large_image","twitter_misc":{"Written by":"i l","Est. reading time":"2 minutes"},"schema":{"@context":"https:\/\/schema.org","@graph":[{"@type":"Article","@id":"https:\/\/kosovatimes.info\/index.php\/2026\/04\/30\/putini-shkarkoi-kreun-e-dagestanitemeron-nje-ish-oficer-te-fsb-se-per-postin-e-kreut-te-qeverise-se-republikes\/#article","isPartOf":{"@id":"https:\/\/kosovatimes.info\/index.php\/2026\/04\/30\/putini-shkarkoi-kreun-e-dagestanitemeron-nje-ish-oficer-te-fsb-se-per-postin-e-kreut-te-qeverise-se-republikes\/"},"author":{"name":"i l","@id":"https:\/\/kosovatimes.info\/#\/schema\/person\/7586712b9c512fe68085de007378c915"},"headline":"Putini shkarkoi kreun e Dagestanit,emeron nj\u00eb ish-oficer t\u00eb FSB-s\u00eb p\u00ebr postin e kreut t\u00eb qeveris\u00eb s\u00eb republik\u00ebs","datePublished":"2026-04-30T16:19:53+00:00","dateModified":"2026-04-30T16:19:55+00:00","mainEntityOfPage":{"@id":"https:\/\/kosovatimes.info\/index.php\/2026\/04\/30\/putini-shkarkoi-kreun-e-dagestanitemeron-nje-ish-oficer-te-fsb-se-per-postin-e-kreut-te-qeverise-se-republikes\/"},"wordCount":369,"commentCount":0,"image":{"@id":"https:\/\/kosovatimes.info\/index.php\/2026\/04\/30\/putini-shkarkoi-kreun-e-dagestanitemeron-nje-ish-oficer-te-fsb-se-per-postin-e-kreut-te-qeverise-se-republikes\/#primaryimage"},"thumbnailUrl":"https:\/\/kosovatimes.info\/wp-content\/uploads\/2026\/04\/Melikov.jpg","articleSection":["Bot\u00eb","Lajme"],"inLanguage":"en-US","potentialAction":[{"@type":"CommentAction","name":"Comment","target":["https:\/\/kosovatimes.info\/index.php\/2026\/04\/30\/putini-shkarkoi-kreun-e-dagestanitemeron-nje-ish-oficer-te-fsb-se-per-postin-e-kreut-te-qeverise-se-republikes\/#respond"]}]},{"@type":"WebPage","@id":"https:\/\/kosovatimes.info\/index.php\/2026\/04\/30\/putini-shkarkoi-kreun-e-dagestanitemeron-nje-ish-oficer-te-fsb-se-per-postin-e-kreut-te-qeverise-se-republikes\/","url":"https:\/\/kosovatimes.info\/index.php\/2026\/04\/30\/putini-shkarkoi-kreun-e-dagestanitemeron-nje-ish-oficer-te-fsb-se-per-postin-e-kreut-te-qeverise-se-republikes\/","name":"Putini shkarkoi kreun e Dagestanit,emeron nj\u00eb ish-oficer t\u00eb FSB-s\u00eb p\u00ebr postin e kreut t\u00eb qeveris\u00eb s\u00eb republik\u00ebs - Kosova Times","isPartOf":{"@id":"https:\/\/kosovatimes.info\/#website"},"primaryImageOfPage":{"@id":"https:\/\/kosovatimes.info\/index.php\/2026\/04\/30\/putini-shkarkoi-kreun-e-dagestanitemeron-nje-ish-oficer-te-fsb-se-per-postin-e-kreut-te-qeverise-se-republikes\/#primaryimage"},"image":{"@id":"https:\/\/kosovatimes.info\/index.php\/2026\/04\/30\/putini-shkarkoi-kreun-e-dagestanitemeron-nje-ish-oficer-te-fsb-se-per-postin-e-kreut-te-qeverise-se-republikes\/#primaryimage"},"thumbnailUrl":"https:\/\/kosovatimes.info\/wp-content\/uploads\/2026\/04\/Melikov.jpg","datePublished":"2026-04-30T16:19:53+00:00","dateModified":"2026-04-30T16:19:55+00:00","author":{"@id":"https:\/\/kosovatimes.info\/#\/schema\/person\/7586712b9c512fe68085de007378c915"},"breadcrumb":{"@id":"https:\/\/kosovatimes.info\/index.php\/2026\/04\/30\/putini-shkarkoi-kreun-e-dagestanitemeron-nje-ish-oficer-te-fsb-se-per-postin-e-kreut-te-qeverise-se-republikes\/#breadcrumb"},"inLanguage":"en-US","potentialAction":[{"@type":"ReadAction","target":["https:\/\/kosovatimes.info\/index.php\/2026\/04\/30\/putini-shkarkoi-kreun-e-dagestanitemeron-nje-ish-oficer-te-fsb-se-per-postin-e-kreut-te-qeverise-se-republikes\/"]}]},{"@type":"ImageObject","inLanguage":"en-US","@id":"https:\/\/kosovatimes.info\/index.php\/2026\/04\/30\/putini-shkarkoi-kreun-e-dagestanitemeron-nje-ish-oficer-te-fsb-se-per-postin-e-kreut-te-qeverise-se-republikes\/#primaryimage","url":"https:\/\/kosovatimes.info\/wp-content\/uploads\/2026\/04\/Melikov.jpg","contentUrl":"https:\/\/kosovatimes.info\/wp-content\/uploads\/2026\/04\/Melikov.jpg","width":1360,"height":765},{"@type":"BreadcrumbList","@id":"https:\/\/kosovatimes.info\/index.php\/2026\/04\/30\/putini-shkarkoi-kreun-e-dagestanitemeron-nje-ish-oficer-te-fsb-se-per-postin-e-kreut-te-qeverise-se-republikes\/#breadcrumb","itemListElement":[{"@type":"ListItem","position":1,"name":"Home","item":"https:\/\/kosovatimes.info\/"},{"@type":"ListItem","position":2,"name":"Putini shkarkoi kreun e Dagestanit,emeron nj\u00eb ish-oficer t\u00eb FSB-s\u00eb p\u00ebr postin e kreut t\u00eb qeveris\u00eb s\u00eb republik\u00ebs"}]},{"@type":"WebSite","@id":"https:\/\/kosovatimes.info\/#website","url":"https:\/\/kosovatimes.info\/","name":"Kosova Times","description":"","potentialAction":[{"@type":"SearchAction","target":{"@type":"EntryPoint","urlTemplate":"https:\/\/kosovatimes.info\/?s={search_term_string}"},"query-input":{"@type":"PropertyValueSpecification","valueRequired":true,"valueName":"search_term_string"}}],"inLanguage":"en-US"},{"@type":"Person","@id":"https:\/\/kosovatimes.info\/#\/schema\/person\/7586712b9c512fe68085de007378c915","name":"i l","image":{"@type":"ImageObject","inLanguage":"en-US","@id":"https:\/\/secure.gravatar.com\/avatar\/bad9296e02816160ae2e2435beda58222022298d5625d49fea74d18816fbb31d?s=96&d=mm&r=g","url":"https:\/\/secure.gravatar.com\/avatar\/bad9296e02816160ae2e2435beda58222022298d5625d49fea74d18816fbb31d?s=96&d=mm&r=g","contentUrl":"https:\/\/secure.gravatar.com\/avatar\/bad9296e02816160ae2e2435beda58222022298d5625d49fea74d18816fbb31d?s=96&d=mm&r=g","caption":"i l"},"url":"https:\/\/kosovatimes.info\/index.php\/author\/iliri\/"}]}},"_links":{"self":[{"href":"https:\/\/kosovatimes.info\/index.php\/wp-json\/wp\/v2\/posts\/12767","targetHints":{"allow":["GET"]}}],"collection":[{"href":"https:\/\/kosovatimes.info\/index.php\/wp-json\/wp\/v2\/posts"}],"about":[{"href":"https:\/\/kosovatimes.info\/index.php\/wp-json\/wp\/v2\/types\/post"}],"author":[{"embeddable":true,"href":"https:\/\/kosovatimes.info\/index.php\/wp-json\/wp\/v2\/users\/4"}],"replies":[{"embeddable":true,"href":"https:\/\/kosovatimes.info\/index.php\/wp-json\/wp\/v2\/comments?post=12767"}],"version-history":[{"count":1,"href":"https:\/\/kosovatimes.info\/index.php\/wp-json\/wp\/v2\/posts\/12767\/revisions"}],"predecessor-version":[{"id":12769,"href":"https:\/\/kosovatimes.info\/index.php\/wp-json\/wp\/v2\/posts\/12767\/revisions\/12769"}],"wp:featuredmedia":[{"embeddable":true,"href":"https:\/\/kosovatimes.info\/index.php\/wp-json\/wp\/v2\/media\/12768"}],"wp:attachment":[{"href":"https:\/\/kosovatimes.info\/index.php\/wp-json\/wp\/v2\/media?parent=12767"}],"wp:term":[{"taxonomy":"category","embeddable":true,"href":"https:\/\/kosovatimes.info\/index.php\/wp-json\/wp\/v2\/categories?post=12767"},{"taxonomy":"post_tag","embeddable":true,"href":"https:\/\/kosovatimes.info\/index.php\/wp-json\/wp\/v2\/tags?post=12767"}],"curies":[{"name":"wp","href":"https:\/\/api.w.org\/{rel}","templated":true}]}}