{"id":12770,"date":"2026-04-30T18:49:37","date_gmt":"2026-04-30T16:49:37","guid":{"rendered":"https:\/\/kosovatimes.info\/?p=12770"},"modified":"2026-04-30T18:49:42","modified_gmt":"2026-04-30T16:49:42","slug":"ai-e-shpalli-veten-mbret-dhe-filloi-te-pushtonte-zvicren","status":"publish","type":"post","link":"https:\/\/kosovatimes.info\/index.php\/2026\/04\/30\/ai-e-shpalli-veten-mbret-dhe-filloi-te-pushtonte-zvicren\/","title":{"rendered":"Ai e shpalli veten mbret dhe filloi t\u00eb &#8220;pushtonte&#8221; Zvicr\u00ebn"},"content":{"rendered":"\n<p>Kuror\u00ebzimi i &#8220;Mbretit t\u00eb&nbsp;<a href=\"https:\/\/www.kathimerini.gr\/tag\/elvetia\/\" target=\"_blank\" rel=\"noreferrer noopener\">Zvicr\u00ebs<\/a>&nbsp;&#8221; ishte nj\u00eb ceremoni plot solemnitet. Nj\u00eb kor k\u00ebndoi nd\u00ebrsa&nbsp;<strong>Jonas Lauwiner<\/strong>&nbsp;, at\u00ebher\u00eb 24 vje\u00e7, u gjunj\u00ebzua, duke pritur q\u00eb nj\u00eb kuror\u00eb e stolisur me xhevahire t\u00eb kuqe dhe blu t\u00eb vendosej n\u00eb kok\u00ebn e tij.<\/p>\n\n\n\n<p>Gazetar\u00ebt dhe komentator\u00ebt n\u00eb republik\u00ebn federale e hodh\u00ebn posht\u00eb dhe e tall\u00ebn ceremonin\u00eb, e cila u zhvillua n\u00eb Kish\u00ebn Nydegg n\u00eb Bern\u00eb, si nj\u00eb shaka t\u00eb keqe.&nbsp;<strong>Zvicra nuk ka pasur kurr\u00eb monarki<\/strong>&nbsp;, k\u00ebshtu q\u00eb kur Lauwiner &#8211; djali i nj\u00eb babai zviceran dhe nj\u00eb n\u00ebne marokene &#8211; e shpalli veten mbret n\u00eb vitin 2019, t\u00eb gjith\u00eb menduan se ai ishte thjesht nj\u00eb eksentrik i pad\u00ebmsh\u00ebm<\/p>\n\n\n\n<figure class=\"wp-block-embed is-type-video is-provider-youtube wp-block-embed-youtube wp-embed-aspect-16-9 wp-has-aspect-ratio\"><div class=\"wp-block-embed__wrapper\">\n<div class=\"youtube-embed\" data-video_id=\"f0wCcosZvV4\"><iframe loading=\"lazy\" title=\"Coronation of Jonas I of Lauwiner to King and Emperor of the Lauwiner Empire\" width=\"696\" height=\"392\" src=\"https:\/\/www.youtube.com\/embed\/f0wCcosZvV4?start=3&#038;feature=oembed\" frameborder=\"0\" allow=\"accelerometer; autoplay; clipboard-write; encrypted-media; gyroscope; picture-in-picture; web-share\" referrerpolicy=\"strict-origin-when-cross-origin\" allowfullscreen><\/iframe><\/div>\n<\/div><\/figure>\n\n\n\n<p>Megjithat\u00eb, &#8220;Mbreti Jonas&#8221;, si\u00e7 e quan veten, ka filluar t&#8217;i shqet\u00ebsoj\u00eb autoritetet p\u00ebr shkak t\u00eb &#8220;grabitjeve t\u00eb vazhdueshme t\u00eb tokave&#8221; q\u00eb ai po kryen brenda federat\u00ebs.<\/p>\n\n\n\n<p>Sipas ligjit zviceran, kur nj\u00eb cop\u00eb tok\u00eb nuk ka pronar,&nbsp;<strong>kushdo mund ta blej\u00eb at\u00eb falas<\/strong>&nbsp;. Nuk ka shum\u00eb parcela t\u00eb tilla n\u00eb Zvic\u00ebr, por ka copa t\u00eb shp\u00ebrndara n\u00eb t\u00eb gjith\u00eb vendin: p\u00ebr shembull, nj\u00eb fush\u00eb q\u00eb nj\u00eb familje refuzoi ta pranonte si pjes\u00eb t\u00eb nj\u00eb trash\u00ebgimie, nj\u00eb cop\u00eb e vog\u00ebl pylli, etj.<\/p>\n\n\n\n<figure class=\"wp-block-image\"><img decoding=\"async\" src=\"https:\/\/www.kathimerini.gr\/wp-content\/uploads\/2026\/04\/Screenshot_2026-04-30_173949.jpg?1777560010499\" alt=\"Ai e shpalli veten mbret dhe filloi t\u00eb &quot;pushtonte&quot; Zvicr\u00ebn-1\"\/><\/figure>\n\n\n\n<p>K\u00ebrkimi i nj\u00eb toke t\u00eb till\u00eb k\u00ebrkon nj\u00eb analiz\u00eb t\u00eb kujdesshme t\u00eb t\u00eb dh\u00ebnave t\u00eb tok\u00ebs dhe duket se askush nuk u shqet\u00ebsua &#8211; t\u00eb pakt\u00ebn jo n\u00eb nj\u00eb m\u00ebnyr\u00eb sistematike &#8211; derisa Lauwiner, nj\u00eb teknik i lart\u00eb n\u00eb projektet e automatizimit industrial,&nbsp;<strong>e kuptoi se ky mund t\u00eb ishte \u00e7el\u00ebsi p\u00ebr blerjen e tok\u00ebs.<\/strong><\/p>\n\n\n\n<p>N\u00eb pak m\u00eb shum\u00eb se nj\u00eb dekad\u00eb, duke p\u00ebrfituar nga kjo hap\u00ebsir\u00eb \u200b\u200bligjore, ai fitoi&nbsp;<strong>148 cop\u00ebza toke t\u00eb shp\u00ebrndara n\u00eb Zvic\u00ebr<\/strong>&nbsp;, me nj\u00eb sip\u00ebrfaqe totale prej 117,144 metrash katror\u00eb,&nbsp;<strong>t\u00eb gjitha falas.<\/strong><\/p>\n\n\n\n<p>Zyrtar\u00ebt n\u00eb pjes\u00eb t\u00eb ndryshme t\u00eb vendit u p\u00ebrpoq\u00ebn t\u00eb frenonin ambiciet e tij duke mbyllur boshll\u00ebkun ligjor p\u00ebrmes t\u00eb cilit ai nd\u00ebrtoi &#8220;perandorin\u00eb&#8221; e tij.<\/p>\n\n\n\n<figure class=\"wp-block-image\"><img decoding=\"async\" src=\"https:\/\/www.kathimerini.gr\/wp-content\/uploads\/2026\/04\/Screenshot_2026-04-30_174040.jpg?1777560052812?1777560109603\" alt=\"Ai e shpalli veten mbret dhe filloi t\u00eb &quot;pushtonte&quot; Zvicr\u00ebn-2\"\/><figcaption class=\"wp-element-caption\">Komunat n\u00eb t\u00eb cilat Lauviner zot\u00ebron tok\u00eb.<\/figcaption><\/figure>\n\n\n\n<p>Toka nuk \u00ebsht\u00eb ve\u00e7an\u00ebrisht e vlefshme dhe \u201cmbret\u00ebria\u201d e tij nuk \u00ebsht\u00eb e madhe &#8211; rreth nj\u00eb e kat\u00ebrta e madh\u00ebsis\u00eb s\u00eb Vatikanit.&nbsp;<strong>Por ajo p\u00ebrfshin 83 seksione rrug\u00ebsh, gj\u00eb q\u00eb i jep atij ndikim t\u00eb konsideruesh\u00ebm n\u00eb komunitetet lokale.<\/strong>&nbsp;P\u00ebr shembull, p\u00ebr nj\u00eb rrug\u00eb q\u00eb ai e bleu pasi u braktis nga zhvilluesi i saj,&nbsp;<strong>ai u ngarkon tarifa mir\u00ebmbajtjeje pronar\u00ebve t\u00eb sht\u00ebpive q\u00eb e p\u00ebrdorin at\u00eb<\/strong>&nbsp;.<\/p>\n\n\n\n<p>Josef Schuler, nj\u00eb k\u00ebshilltar n\u00eb kantonin e Lucern\u00ebs, denoncoi sjelljen &#8220;skandaloze&#8221; t\u00eb Lauwiner n\u00eb lidhje me nj\u00eb nga rrug\u00ebt e tij, t\u00eb cil\u00ebn k\u00ebshilli donte ta merrte n\u00eb pron\u00ebsi.&nbsp;<strong>Schuler tha se Lauwiner pranoi ta dor\u00ebzonte rrug\u00ebn falas, por vet\u00ebm n\u00ebse do t\u00eb merrte emrin e tij. P\u00ebrndryshe, ai k\u00ebrkoi 150,000 franga zvicerane.<\/strong><\/p>\n\n\n\n<p>Ai shtoi se Lauviner ka &#8220;nj\u00eb etje t\u00eb tepruar p\u00ebr pushtet dhe nj\u00eb nevoj\u00eb t\u00eb fort\u00eb p\u00ebr vet\u00ebpromovim&#8221;.<\/p>\n\n\n\n<figure class=\"wp-block-image\"><img decoding=\"async\" src=\"https:\/\/www.kathimerini.gr\/wp-content\/uploads\/2026\/04\/Screenshot_2026-04-30_174220.jpg?1777560152156\" alt=\"Ai e shpalli veten mbret dhe filloi t\u00eb &quot;pushtonte&quot; Zvicr\u00ebn-3\"\/><\/figure>\n\n\n\n<p>Ai shpesh quhet mbret i vet\u00ebshpallur, megjith\u00ebse k\u00ebmb\u00ebngul se p\u00ebrshkrimi \u00ebsht\u00eb i pasakt\u00eb. Ai tha se termi \u00ebsht\u00eb p\u00ebrdorur fillimisht nga mediat q\u00eb mbulonin blerjet e tij t\u00eb tok\u00ebs. &#8220;Media gjermane m\u00eb shpalli mua,&#8221; tha ai. &#8220;Ata than\u00eb se isha mbret i Zvicr\u00ebs. Dhe un\u00eb mendova, &#8216;Kjo \u00ebsht\u00eb e zgjuar.'&#8221;<\/p>\n\n\n\n<p>Tani, Lauwiner po e paraqet veten si mbret, duke pozuar p\u00ebr foto me at\u00eb q\u00eb duket t\u00eb jet\u00eb veshje mbret\u00ebrore dhe duke krijuar &#8220;faqen zyrtare t\u00eb internetit t\u00eb Mbretit t\u00eb Zvicr\u00ebs&#8221;.<\/p>\n\n\n\n<figure class=\"wp-block-image\"><img decoding=\"async\" src=\"https:\/\/www.kathimerini.gr\/wp-content\/uploads\/2026\/04\/Screenshot_2026-04-30_174249.jpg?1777560181803\" alt=\"Ai e shpalli veten mbret dhe filloi t\u00eb &quot;pushtonte&quot; Zvicr\u00ebn-4\"\/><\/figure>\n","protected":false},"excerpt":{"rendered":"<p>Kuror\u00ebzimi i &#8220;Mbretit t\u00eb&nbsp;Zvicr\u00ebs&nbsp;&#8221; ishte nj\u00eb ceremoni plot solemnitet. Nj\u00eb kor k\u00ebndoi nd\u00ebrsa&nbsp;Jonas Lauwiner&nbsp;, at\u00ebher\u00eb 24 vje\u00e7, u gjunj\u00ebzua, duke pritur q\u00eb nj\u00eb kuror\u00eb e stolisur me xhevahire t\u00eb kuqe dhe blu t\u00eb vendosej n\u00eb kok\u00ebn e tij. Gazetar\u00ebt dhe komentator\u00ebt n\u00eb republik\u00ebn federale e hodh\u00ebn posht\u00eb dhe e tall\u00ebn ceremonin\u00eb, e cila u zhvillua [&hellip;]<\/p>\n","protected":false},"author":4,"featured_media":12771,"comment_status":"open","ping_status":"open","sticky":false,"template":"","format":"standard","meta":{"footnotes":""},"categories":[33,30],"tags":[],"class_list":{"0":"post-12770","1":"post","2":"type-post","3":"status-publish","4":"format-standard","5":"has-post-thumbnail","7":"category-bote","8":"category-lajme"},"yoast_head":"<!-- This site is optimized with the Yoast SEO plugin v27.4 - https:\/\/yoast.com\/product\/yoast-seo-wordpress\/ -->\n<title>Ai e shpalli veten mbret dhe filloi t\u00eb &quot;pushtonte&quot; Zvicr\u00ebn - Kosova Times<\/title>\n<meta name=\"robots\" content=\"index, follow, max-snippet:-1, max-image-preview:large, max-video-preview:-1\" \/>\n<link rel=\"canonical\" href=\"https:\/\/kosovatimes.info\/index.php\/2026\/04\/30\/ai-e-shpalli-veten-mbret-dhe-filloi-te-pushtonte-zvicren\/\" \/>\n<meta property=\"og:locale\" content=\"en_US\" \/>\n<meta property=\"og:type\" content=\"article\" \/>\n<meta property=\"og:title\" content=\"Ai e shpalli veten mbret dhe filloi t\u00eb &quot;pushtonte&quot; Zvicr\u00ebn - Kosova Times\" \/>\n<meta property=\"og:description\" content=\"Kuror\u00ebzimi i &#8220;Mbretit t\u00eb&nbsp;Zvicr\u00ebs&nbsp;&#8221; ishte nj\u00eb ceremoni plot solemnitet. Nj\u00eb kor k\u00ebndoi nd\u00ebrsa&nbsp;Jonas Lauwiner&nbsp;, at\u00ebher\u00eb 24 vje\u00e7, u gjunj\u00ebzua, duke pritur q\u00eb nj\u00eb kuror\u00eb e stolisur me xhevahire t\u00eb kuqe dhe blu t\u00eb vendosej n\u00eb kok\u00ebn e tij. Gazetar\u00ebt dhe komentator\u00ebt n\u00eb republik\u00ebn federale e hodh\u00ebn posht\u00eb dhe e tall\u00ebn ceremonin\u00eb, e cila u zhvillua [&hellip;]\" \/>\n<meta property=\"og:url\" content=\"https:\/\/kosovatimes.info\/index.php\/2026\/04\/30\/ai-e-shpalli-veten-mbret-dhe-filloi-te-pushtonte-zvicren\/\" \/>\n<meta property=\"og:site_name\" content=\"Kosova Times\" \/>\n<meta property=\"article:published_time\" content=\"2026-04-30T16:49:37+00:00\" \/>\n<meta property=\"article:modified_time\" content=\"2026-04-30T16:49:42+00:00\" \/>\n<meta property=\"og:image\" content=\"https:\/\/kosovatimes.info\/wp-content\/uploads\/2026\/04\/mbreti.jpg\" \/>\n\t<meta property=\"og:image:width\" content=\"1920\" \/>\n\t<meta property=\"og:image:height\" content=\"1080\" \/>\n\t<meta property=\"og:image:type\" content=\"image\/jpeg\" \/>\n<meta name=\"author\" content=\"i l\" \/>\n<meta name=\"twitter:card\" content=\"summary_large_image\" \/>\n<meta name=\"twitter:label1\" content=\"Written by\" \/>\n\t<meta name=\"twitter:data1\" content=\"i l\" \/>\n\t<meta name=\"twitter:label2\" content=\"Est. reading time\" \/>\n\t<meta name=\"twitter:data2\" content=\"4 minutes\" \/>\n<script type=\"application\/ld+json\" class=\"yoast-schema-graph\">{\"@context\":\"https:\\\/\\\/schema.org\",\"@graph\":[{\"@type\":\"Article\",\"@id\":\"https:\\\/\\\/kosovatimes.info\\\/index.php\\\/2026\\\/04\\\/30\\\/ai-e-shpalli-veten-mbret-dhe-filloi-te-pushtonte-zvicren\\\/#article\",\"isPartOf\":{\"@id\":\"https:\\\/\\\/kosovatimes.info\\\/index.php\\\/2026\\\/04\\\/30\\\/ai-e-shpalli-veten-mbret-dhe-filloi-te-pushtonte-zvicren\\\/\"},\"author\":{\"name\":\"i l\",\"@id\":\"https:\\\/\\\/kosovatimes.info\\\/#\\\/schema\\\/person\\\/7586712b9c512fe68085de007378c915\"},\"headline\":\"Ai e shpalli veten mbret dhe filloi t\u00eb &#8220;pushtonte&#8221; Zvicr\u00ebn\",\"datePublished\":\"2026-04-30T16:49:37+00:00\",\"dateModified\":\"2026-04-30T16:49:42+00:00\",\"mainEntityOfPage\":{\"@id\":\"https:\\\/\\\/kosovatimes.info\\\/index.php\\\/2026\\\/04\\\/30\\\/ai-e-shpalli-veten-mbret-dhe-filloi-te-pushtonte-zvicren\\\/\"},\"wordCount\":649,\"commentCount\":0,\"image\":{\"@id\":\"https:\\\/\\\/kosovatimes.info\\\/index.php\\\/2026\\\/04\\\/30\\\/ai-e-shpalli-veten-mbret-dhe-filloi-te-pushtonte-zvicren\\\/#primaryimage\"},\"thumbnailUrl\":\"https:\\\/\\\/kosovatimes.info\\\/wp-content\\\/uploads\\\/2026\\\/04\\\/mbreti.jpg\",\"articleSection\":[\"Bot\u00eb\",\"Lajme\"],\"inLanguage\":\"en-US\",\"potentialAction\":[{\"@type\":\"CommentAction\",\"name\":\"Comment\",\"target\":[\"https:\\\/\\\/kosovatimes.info\\\/index.php\\\/2026\\\/04\\\/30\\\/ai-e-shpalli-veten-mbret-dhe-filloi-te-pushtonte-zvicren\\\/#respond\"]}]},{\"@type\":\"WebPage\",\"@id\":\"https:\\\/\\\/kosovatimes.info\\\/index.php\\\/2026\\\/04\\\/30\\\/ai-e-shpalli-veten-mbret-dhe-filloi-te-pushtonte-zvicren\\\/\",\"url\":\"https:\\\/\\\/kosovatimes.info\\\/index.php\\\/2026\\\/04\\\/30\\\/ai-e-shpalli-veten-mbret-dhe-filloi-te-pushtonte-zvicren\\\/\",\"name\":\"Ai e shpalli veten mbret dhe filloi t\u00eb \\\"pushtonte\\\" Zvicr\u00ebn - Kosova Times\",\"isPartOf\":{\"@id\":\"https:\\\/\\\/kosovatimes.info\\\/#website\"},\"primaryImageOfPage\":{\"@id\":\"https:\\\/\\\/kosovatimes.info\\\/index.php\\\/2026\\\/04\\\/30\\\/ai-e-shpalli-veten-mbret-dhe-filloi-te-pushtonte-zvicren\\\/#primaryimage\"},\"image\":{\"@id\":\"https:\\\/\\\/kosovatimes.info\\\/index.php\\\/2026\\\/04\\\/30\\\/ai-e-shpalli-veten-mbret-dhe-filloi-te-pushtonte-zvicren\\\/#primaryimage\"},\"thumbnailUrl\":\"https:\\\/\\\/kosovatimes.info\\\/wp-content\\\/uploads\\\/2026\\\/04\\\/mbreti.jpg\",\"datePublished\":\"2026-04-30T16:49:37+00:00\",\"dateModified\":\"2026-04-30T16:49:42+00:00\",\"author\":{\"@id\":\"https:\\\/\\\/kosovatimes.info\\\/#\\\/schema\\\/person\\\/7586712b9c512fe68085de007378c915\"},\"breadcrumb\":{\"@id\":\"https:\\\/\\\/kosovatimes.info\\\/index.php\\\/2026\\\/04\\\/30\\\/ai-e-shpalli-veten-mbret-dhe-filloi-te-pushtonte-zvicren\\\/#breadcrumb\"},\"inLanguage\":\"en-US\",\"potentialAction\":[{\"@type\":\"ReadAction\",\"target\":[\"https:\\\/\\\/kosovatimes.info\\\/index.php\\\/2026\\\/04\\\/30\\\/ai-e-shpalli-veten-mbret-dhe-filloi-te-pushtonte-zvicren\\\/\"]}]},{\"@type\":\"ImageObject\",\"inLanguage\":\"en-US\",\"@id\":\"https:\\\/\\\/kosovatimes.info\\\/index.php\\\/2026\\\/04\\\/30\\\/ai-e-shpalli-veten-mbret-dhe-filloi-te-pushtonte-zvicren\\\/#primaryimage\",\"url\":\"https:\\\/\\\/kosovatimes.info\\\/wp-content\\\/uploads\\\/2026\\\/04\\\/mbreti.jpg\",\"contentUrl\":\"https:\\\/\\\/kosovatimes.info\\\/wp-content\\\/uploads\\\/2026\\\/04\\\/mbreti.jpg\",\"width\":1920,\"height\":1080},{\"@type\":\"BreadcrumbList\",\"@id\":\"https:\\\/\\\/kosovatimes.info\\\/index.php\\\/2026\\\/04\\\/30\\\/ai-e-shpalli-veten-mbret-dhe-filloi-te-pushtonte-zvicren\\\/#breadcrumb\",\"itemListElement\":[{\"@type\":\"ListItem\",\"position\":1,\"name\":\"Home\",\"item\":\"https:\\\/\\\/kosovatimes.info\\\/\"},{\"@type\":\"ListItem\",\"position\":2,\"name\":\"Ai e shpalli veten mbret dhe filloi t\u00eb &#8220;pushtonte&#8221; Zvicr\u00ebn\"}]},{\"@type\":\"WebSite\",\"@id\":\"https:\\\/\\\/kosovatimes.info\\\/#website\",\"url\":\"https:\\\/\\\/kosovatimes.info\\\/\",\"name\":\"Kosova Times\",\"description\":\"\",\"potentialAction\":[{\"@type\":\"SearchAction\",\"target\":{\"@type\":\"EntryPoint\",\"urlTemplate\":\"https:\\\/\\\/kosovatimes.info\\\/?s={search_term_string}\"},\"query-input\":{\"@type\":\"PropertyValueSpecification\",\"valueRequired\":true,\"valueName\":\"search_term_string\"}}],\"inLanguage\":\"en-US\"},{\"@type\":\"Person\",\"@id\":\"https:\\\/\\\/kosovatimes.info\\\/#\\\/schema\\\/person\\\/7586712b9c512fe68085de007378c915\",\"name\":\"i l\",\"image\":{\"@type\":\"ImageObject\",\"inLanguage\":\"en-US\",\"@id\":\"https:\\\/\\\/secure.gravatar.com\\\/avatar\\\/bad9296e02816160ae2e2435beda58222022298d5625d49fea74d18816fbb31d?s=96&d=mm&r=g\",\"url\":\"https:\\\/\\\/secure.gravatar.com\\\/avatar\\\/bad9296e02816160ae2e2435beda58222022298d5625d49fea74d18816fbb31d?s=96&d=mm&r=g\",\"contentUrl\":\"https:\\\/\\\/secure.gravatar.com\\\/avatar\\\/bad9296e02816160ae2e2435beda58222022298d5625d49fea74d18816fbb31d?s=96&d=mm&r=g\",\"caption\":\"i l\"},\"url\":\"https:\\\/\\\/kosovatimes.info\\\/index.php\\\/author\\\/iliri\\\/\"}]}<\/script>\n<!-- \/ Yoast SEO plugin. -->","yoast_head_json":{"title":"Ai e shpalli veten mbret dhe filloi t\u00eb \"pushtonte\" Zvicr\u00ebn - Kosova Times","robots":{"index":"index","follow":"follow","max-snippet":"max-snippet:-1","max-image-preview":"max-image-preview:large","max-video-preview":"max-video-preview:-1"},"canonical":"https:\/\/kosovatimes.info\/index.php\/2026\/04\/30\/ai-e-shpalli-veten-mbret-dhe-filloi-te-pushtonte-zvicren\/","og_locale":"en_US","og_type":"article","og_title":"Ai e shpalli veten mbret dhe filloi t\u00eb \"pushtonte\" Zvicr\u00ebn - Kosova Times","og_description":"Kuror\u00ebzimi i &#8220;Mbretit t\u00eb&nbsp;Zvicr\u00ebs&nbsp;&#8221; ishte nj\u00eb ceremoni plot solemnitet. Nj\u00eb kor k\u00ebndoi nd\u00ebrsa&nbsp;Jonas Lauwiner&nbsp;, at\u00ebher\u00eb 24 vje\u00e7, u gjunj\u00ebzua, duke pritur q\u00eb nj\u00eb kuror\u00eb e stolisur me xhevahire t\u00eb kuqe dhe blu t\u00eb vendosej n\u00eb kok\u00ebn e tij. Gazetar\u00ebt dhe komentator\u00ebt n\u00eb republik\u00ebn federale e hodh\u00ebn posht\u00eb dhe e tall\u00ebn ceremonin\u00eb, e cila u zhvillua [&hellip;]","og_url":"https:\/\/kosovatimes.info\/index.php\/2026\/04\/30\/ai-e-shpalli-veten-mbret-dhe-filloi-te-pushtonte-zvicren\/","og_site_name":"Kosova Times","article_published_time":"2026-04-30T16:49:37+00:00","article_modified_time":"2026-04-30T16:49:42+00:00","og_image":[{"width":1920,"height":1080,"url":"https:\/\/kosovatimes.info\/wp-content\/uploads\/2026\/04\/mbreti.jpg","type":"image\/jpeg"}],"author":"i l","twitter_card":"summary_large_image","twitter_misc":{"Written by":"i l","Est. reading time":"4 minutes"},"schema":{"@context":"https:\/\/schema.org","@graph":[{"@type":"Article","@id":"https:\/\/kosovatimes.info\/index.php\/2026\/04\/30\/ai-e-shpalli-veten-mbret-dhe-filloi-te-pushtonte-zvicren\/#article","isPartOf":{"@id":"https:\/\/kosovatimes.info\/index.php\/2026\/04\/30\/ai-e-shpalli-veten-mbret-dhe-filloi-te-pushtonte-zvicren\/"},"author":{"name":"i l","@id":"https:\/\/kosovatimes.info\/#\/schema\/person\/7586712b9c512fe68085de007378c915"},"headline":"Ai e shpalli veten mbret dhe filloi t\u00eb &#8220;pushtonte&#8221; Zvicr\u00ebn","datePublished":"2026-04-30T16:49:37+00:00","dateModified":"2026-04-30T16:49:42+00:00","mainEntityOfPage":{"@id":"https:\/\/kosovatimes.info\/index.php\/2026\/04\/30\/ai-e-shpalli-veten-mbret-dhe-filloi-te-pushtonte-zvicren\/"},"wordCount":649,"commentCount":0,"image":{"@id":"https:\/\/kosovatimes.info\/index.php\/2026\/04\/30\/ai-e-shpalli-veten-mbret-dhe-filloi-te-pushtonte-zvicren\/#primaryimage"},"thumbnailUrl":"https:\/\/kosovatimes.info\/wp-content\/uploads\/2026\/04\/mbreti.jpg","articleSection":["Bot\u00eb","Lajme"],"inLanguage":"en-US","potentialAction":[{"@type":"CommentAction","name":"Comment","target":["https:\/\/kosovatimes.info\/index.php\/2026\/04\/30\/ai-e-shpalli-veten-mbret-dhe-filloi-te-pushtonte-zvicren\/#respond"]}]},{"@type":"WebPage","@id":"https:\/\/kosovatimes.info\/index.php\/2026\/04\/30\/ai-e-shpalli-veten-mbret-dhe-filloi-te-pushtonte-zvicren\/","url":"https:\/\/kosovatimes.info\/index.php\/2026\/04\/30\/ai-e-shpalli-veten-mbret-dhe-filloi-te-pushtonte-zvicren\/","name":"Ai e shpalli veten mbret dhe filloi t\u00eb \"pushtonte\" Zvicr\u00ebn - Kosova Times","isPartOf":{"@id":"https:\/\/kosovatimes.info\/#website"},"primaryImageOfPage":{"@id":"https:\/\/kosovatimes.info\/index.php\/2026\/04\/30\/ai-e-shpalli-veten-mbret-dhe-filloi-te-pushtonte-zvicren\/#primaryimage"},"image":{"@id":"https:\/\/kosovatimes.info\/index.php\/2026\/04\/30\/ai-e-shpalli-veten-mbret-dhe-filloi-te-pushtonte-zvicren\/#primaryimage"},"thumbnailUrl":"https:\/\/kosovatimes.info\/wp-content\/uploads\/2026\/04\/mbreti.jpg","datePublished":"2026-04-30T16:49:37+00:00","dateModified":"2026-04-30T16:49:42+00:00","author":{"@id":"https:\/\/kosovatimes.info\/#\/schema\/person\/7586712b9c512fe68085de007378c915"},"breadcrumb":{"@id":"https:\/\/kosovatimes.info\/index.php\/2026\/04\/30\/ai-e-shpalli-veten-mbret-dhe-filloi-te-pushtonte-zvicren\/#breadcrumb"},"inLanguage":"en-US","potentialAction":[{"@type":"ReadAction","target":["https:\/\/kosovatimes.info\/index.php\/2026\/04\/30\/ai-e-shpalli-veten-mbret-dhe-filloi-te-pushtonte-zvicren\/"]}]},{"@type":"ImageObject","inLanguage":"en-US","@id":"https:\/\/kosovatimes.info\/index.php\/2026\/04\/30\/ai-e-shpalli-veten-mbret-dhe-filloi-te-pushtonte-zvicren\/#primaryimage","url":"https:\/\/kosovatimes.info\/wp-content\/uploads\/2026\/04\/mbreti.jpg","contentUrl":"https:\/\/kosovatimes.info\/wp-content\/uploads\/2026\/04\/mbreti.jpg","width":1920,"height":1080},{"@type":"BreadcrumbList","@id":"https:\/\/kosovatimes.info\/index.php\/2026\/04\/30\/ai-e-shpalli-veten-mbret-dhe-filloi-te-pushtonte-zvicren\/#breadcrumb","itemListElement":[{"@type":"ListItem","position":1,"name":"Home","item":"https:\/\/kosovatimes.info\/"},{"@type":"ListItem","position":2,"name":"Ai e shpalli veten mbret dhe filloi t\u00eb &#8220;pushtonte&#8221; Zvicr\u00ebn"}]},{"@type":"WebSite","@id":"https:\/\/kosovatimes.info\/#website","url":"https:\/\/kosovatimes.info\/","name":"Kosova Times","description":"","potentialAction":[{"@type":"SearchAction","target":{"@type":"EntryPoint","urlTemplate":"https:\/\/kosovatimes.info\/?s={search_term_string}"},"query-input":{"@type":"PropertyValueSpecification","valueRequired":true,"valueName":"search_term_string"}}],"inLanguage":"en-US"},{"@type":"Person","@id":"https:\/\/kosovatimes.info\/#\/schema\/person\/7586712b9c512fe68085de007378c915","name":"i l","image":{"@type":"ImageObject","inLanguage":"en-US","@id":"https:\/\/secure.gravatar.com\/avatar\/bad9296e02816160ae2e2435beda58222022298d5625d49fea74d18816fbb31d?s=96&d=mm&r=g","url":"https:\/\/secure.gravatar.com\/avatar\/bad9296e02816160ae2e2435beda58222022298d5625d49fea74d18816fbb31d?s=96&d=mm&r=g","contentUrl":"https:\/\/secure.gravatar.com\/avatar\/bad9296e02816160ae2e2435beda58222022298d5625d49fea74d18816fbb31d?s=96&d=mm&r=g","caption":"i l"},"url":"https:\/\/kosovatimes.info\/index.php\/author\/iliri\/"}]}},"_links":{"self":[{"href":"https:\/\/kosovatimes.info\/index.php\/wp-json\/wp\/v2\/posts\/12770","targetHints":{"allow":["GET"]}}],"collection":[{"href":"https:\/\/kosovatimes.info\/index.php\/wp-json\/wp\/v2\/posts"}],"about":[{"href":"https:\/\/kosovatimes.info\/index.php\/wp-json\/wp\/v2\/types\/post"}],"author":[{"embeddable":true,"href":"https:\/\/kosovatimes.info\/index.php\/wp-json\/wp\/v2\/users\/4"}],"replies":[{"embeddable":true,"href":"https:\/\/kosovatimes.info\/index.php\/wp-json\/wp\/v2\/comments?post=12770"}],"version-history":[{"count":1,"href":"https:\/\/kosovatimes.info\/index.php\/wp-json\/wp\/v2\/posts\/12770\/revisions"}],"predecessor-version":[{"id":12772,"href":"https:\/\/kosovatimes.info\/index.php\/wp-json\/wp\/v2\/posts\/12770\/revisions\/12772"}],"wp:featuredmedia":[{"embeddable":true,"href":"https:\/\/kosovatimes.info\/index.php\/wp-json\/wp\/v2\/media\/12771"}],"wp:attachment":[{"href":"https:\/\/kosovatimes.info\/index.php\/wp-json\/wp\/v2\/media?parent=12770"}],"wp:term":[{"taxonomy":"category","embeddable":true,"href":"https:\/\/kosovatimes.info\/index.php\/wp-json\/wp\/v2\/categories?post=12770"},{"taxonomy":"post_tag","embeddable":true,"href":"https:\/\/kosovatimes.info\/index.php\/wp-json\/wp\/v2\/tags?post=12770"}],"curies":[{"name":"wp","href":"https:\/\/api.w.org\/{rel}","templated":true}]}}