{"id":12773,"date":"2026-04-30T16:32:00","date_gmt":"2026-04-30T14:32:00","guid":{"rendered":"https:\/\/kosovatimes.info\/?p=12773"},"modified":"2026-04-30T19:58:34","modified_gmt":"2026-04-30T17:58:34","slug":"haxhiu-per-miftarin-jo-cdo-kthim-nga-misioni-eshte-shkarkim","status":"publish","type":"post","link":"https:\/\/kosovatimes.info\/index.php\/2026\/04\/30\/haxhiu-per-miftarin-jo-cdo-kthim-nga-misioni-eshte-shkarkim\/","title":{"rendered":"Haxhiu p\u00ebr Miftarin: Jo \u00e7do kthim nga misioni \u00ebsht\u00eb shkarkim"},"content":{"rendered":"\n<h2 class=\"wp-block-heading\"><strong>\u201cJo \u00e7do kthim nga misioni diplomatik, \u00ebsht\u00eb shkarkim\u201d, ka th\u00ebn\u00eb ushtruesja e detyr\u00ebs s\u00eb presidentes, Albulena Haxhiu, kur \u00ebsht\u00eb pyetur p\u00ebr rastin e shefit t\u00eb misionit n\u00eb Vatikan, Vehbi Miftari.<\/strong><\/h2>\n\n\n\n<p>\u201cUn\u00eb nuk do ta quaja shkarkim, \u00e7do kthim nga misioni diplomatik nuk \u00ebsht\u00eb shkarkim. N\u00eb diplomaci ka em\u00ebrime, kthime, ka rrotacion dhe ka nevoj\u00eb q\u00eb sh\u00ebrbimi i jasht\u00ebm t\u00eb funksionoj\u00eb sipas ligjit dhe nevojave t\u00eb shtetit\u201d, tha para gazetar\u00ebve, Haxhiu.<\/p>\n\n\n\n<p>Ajo tha se ka trash\u00ebguar nj\u00eb num\u00ebr t\u00eb madh l\u00ebnd\u00ebsh nga presidentja Osmani, dhe aty ku, sipas saj, gjith\u00e7ka \u00ebsht\u00eb n\u00eb rregull n\u00eb raport me procedurat, do t\u2019i shtyj p\u00ebrpara.<\/p>\n\n\n\n<p>\u201cJan\u00eb b\u00ebr\u00eb tet\u00eb em\u00ebrime, tri lirime dhe tri riorganizime t\u00eb misioneve konsullore\u201d, tregoi Haxhiu, dhe tha se t\u00eb gjith\u00eb ata q\u00eb jan\u00eb t\u00eb interesuar t\u00eb marrin m\u00eb shum\u00eb informacione mund t\u2019i drejtohen Presidenc\u00ebs p\u00ebr k\u00ebt\u00eb.<\/p>\n\n\n\n<p>Gjithashtu, Haxhiu foli edhe p\u00ebr \u00e7\u00ebshtjen e Kryeprokurorit t\u00eb Shtetit.<\/p>\n\n\n\n<p>Ajo tha se kur ka pranuar dosjen e KPK-s\u00eb n\u00eb raport me kryeprokurorin e ka par\u00eb edhe nj\u00eb let\u00ebr, q\u00eb e quajti t\u00eb pazakont\u00eb.<\/p>\n\n\n\n<p>&nbsp;\u201cLetra ka ardhur nga ushtruesi i detyr\u00ebs s\u00eb kryeprokurorit, Agron Qalaj. Pra, Qalaj i drejtohet zonj\u00ebs Osmani n\u00eb raport me k\u00ebt\u00eb proces. Ta keni parasysh q\u00eb u.d. i kryeprokurorit nuk ka t\u00eb drejt\u00eb kushtetuese e ligjore t\u2019i drejtohet presidentit p\u00ebr k\u00ebt\u00eb \u00e7\u00ebshtje, vet\u00ebm K\u00ebshilli Prokurorial. Ai \u00ebsht\u00eb organi q\u00eb ka p\u00ebrgjegj\u00ebsin\u00eb kushtetuese e ligjore t\u00eb b\u00ebj\u00eb propozime n\u00eb raport me k\u00ebt\u00eb \u00e7\u00ebshtje. Un\u00eb e kam analizuar dosjen dhe i ka kam kthyer let\u00ebr KPK-s\u00eb dhe e kam konsideruar k\u00ebt\u00eb proces t\u00eb mbyllur\u201d tha Haxhiu.<\/p>\n\n\n\n<p>Sipas ushtrueses s\u00eb detyr\u00ebs s\u00eb presidentes, KPK-ja sa m\u00eb par\u00eb duhet t\u00eb shpall\u00eb konkursin.<\/p>\n\n\n\n<p>\u201cPor, duhet t\u00eb sigurohet q\u00eb procesi t\u00eb mos jet\u00eb i komprometuar si ka qen\u00eb m\u00eb her\u00ebt, sepse asnj\u00ebher\u00eb nuk do t\u00eb dekretohen persona q\u00eb kalojn\u00eb p\u00ebrmes proceseve t\u00eb komprometuara apo t\u00eb p\u00ebrgatitura paraprakisht, qysh ka ndodhur n\u00eb t\u00eb kaluar\u00ebn\u201d, tha ajo.<\/p>\n\n\n\n<p>Haxhiu u pyet edhe n\u00ebse do t\u00eb kandidoj\u00eb n\u00eb zgjedhjet e 7 qershorit. P\u00ebr k\u00ebt\u00eb tha se vendos\u00eb kryesia e L\u00ebvizjes Vet\u00ebvendosje.<\/p>\n\n\n\n<p>&nbsp;\u201cA do t\u00eb futem n\u00eb gar\u00eb p\u00ebr k\u00ebt\u00eb vendos\u00eb kryesia e LVV-s\u00eb. Do t\u00eb p\u00ebrpiqem maksimalisht q\u00eb t\u00eb jem n\u00eb p\u00ebrputhje me Kushtetut\u00ebn e legjislacionin n\u00eb fuqi. Si kryetare e Kuvendit, si ushtruese e detyr\u00ebs s\u00eb &nbsp;presidentes, natyrisht e kuptoj rolin, por duke qen\u00eb se mund t\u00eb jem n\u00eb gar\u00eb, ndon\u00ebse p\u00ebr k\u00ebt\u00eb vendosin organet e LVV, natyrisht q\u00eb do t\u00eb jem e kujdesshme\u201d, deklaroi Haxhiu.<\/p>\n\n\n\n<h2 class=\"wp-block-heading\"><\/h2>\n","protected":false},"excerpt":{"rendered":"<p>\u201cJo \u00e7do kthim nga misioni diplomatik, \u00ebsht\u00eb shkarkim\u201d, ka th\u00ebn\u00eb ushtruesja e detyr\u00ebs s\u00eb presidentes, Albulena Haxhiu, kur \u00ebsht\u00eb pyetur p\u00ebr rastin e shefit t\u00eb misionit n\u00eb Vatikan, Vehbi Miftari. \u201cUn\u00eb nuk do ta quaja shkarkim, \u00e7do kthim nga misioni diplomatik nuk \u00ebsht\u00eb shkarkim. N\u00eb diplomaci ka em\u00ebrime, kthime, ka rrotacion dhe ka nevoj\u00eb q\u00eb [&hellip;]<\/p>\n","protected":false},"author":4,"featured_media":12774,"comment_status":"open","ping_status":"open","sticky":false,"template":"","format":"standard","meta":{"footnotes":""},"categories":[31,30],"tags":[],"class_list":{"0":"post-12773","1":"post","2":"type-post","3":"status-publish","4":"format-standard","5":"has-post-thumbnail","7":"category-kosove","8":"category-lajme"},"yoast_head":"<!-- This site is optimized with the Yoast SEO plugin v27.4 - https:\/\/yoast.com\/product\/yoast-seo-wordpress\/ -->\n<title>Haxhiu p\u00ebr Miftarin: Jo \u00e7do kthim nga misioni \u00ebsht\u00eb shkarkim - Kosova Times<\/title>\n<meta name=\"robots\" content=\"index, follow, max-snippet:-1, max-image-preview:large, max-video-preview:-1\" \/>\n<link rel=\"canonical\" href=\"https:\/\/kosovatimes.info\/index.php\/2026\/04\/30\/haxhiu-per-miftarin-jo-cdo-kthim-nga-misioni-eshte-shkarkim\/\" \/>\n<meta property=\"og:locale\" content=\"en_US\" \/>\n<meta property=\"og:type\" content=\"article\" \/>\n<meta property=\"og:title\" content=\"Haxhiu p\u00ebr Miftarin: Jo \u00e7do kthim nga misioni \u00ebsht\u00eb shkarkim - Kosova Times\" \/>\n<meta property=\"og:description\" content=\"\u201cJo \u00e7do kthim nga misioni diplomatik, \u00ebsht\u00eb shkarkim\u201d, ka th\u00ebn\u00eb ushtruesja e detyr\u00ebs s\u00eb presidentes, Albulena Haxhiu, kur \u00ebsht\u00eb pyetur p\u00ebr rastin e shefit t\u00eb misionit n\u00eb Vatikan, Vehbi Miftari. \u201cUn\u00eb nuk do ta quaja shkarkim, \u00e7do kthim nga misioni diplomatik nuk \u00ebsht\u00eb shkarkim. N\u00eb diplomaci ka em\u00ebrime, kthime, ka rrotacion dhe ka nevoj\u00eb q\u00eb [&hellip;]\" \/>\n<meta property=\"og:url\" content=\"https:\/\/kosovatimes.info\/index.php\/2026\/04\/30\/haxhiu-per-miftarin-jo-cdo-kthim-nga-misioni-eshte-shkarkim\/\" \/>\n<meta property=\"og:site_name\" content=\"Kosova Times\" \/>\n<meta property=\"article:published_time\" content=\"2026-04-30T14:32:00+00:00\" \/>\n<meta property=\"article:modified_time\" content=\"2026-04-30T17:58:34+00:00\" \/>\n<meta property=\"og:image\" content=\"https:\/\/kosovatimes.info\/wp-content\/uploads\/2026\/04\/Haxhiu-3.png\" \/>\n\t<meta property=\"og:image:width\" content=\"672\" \/>\n\t<meta property=\"og:image:height\" content=\"494\" \/>\n\t<meta property=\"og:image:type\" content=\"image\/png\" \/>\n<meta name=\"author\" content=\"i l\" \/>\n<meta name=\"twitter:card\" content=\"summary_large_image\" \/>\n<meta name=\"twitter:label1\" content=\"Written by\" \/>\n\t<meta name=\"twitter:data1\" content=\"i l\" \/>\n\t<meta name=\"twitter:label2\" content=\"Est. reading time\" \/>\n\t<meta name=\"twitter:data2\" content=\"2 minutes\" \/>\n<script type=\"application\/ld+json\" class=\"yoast-schema-graph\">{\"@context\":\"https:\\\/\\\/schema.org\",\"@graph\":[{\"@type\":\"Article\",\"@id\":\"https:\\\/\\\/kosovatimes.info\\\/index.php\\\/2026\\\/04\\\/30\\\/haxhiu-per-miftarin-jo-cdo-kthim-nga-misioni-eshte-shkarkim\\\/#article\",\"isPartOf\":{\"@id\":\"https:\\\/\\\/kosovatimes.info\\\/index.php\\\/2026\\\/04\\\/30\\\/haxhiu-per-miftarin-jo-cdo-kthim-nga-misioni-eshte-shkarkim\\\/\"},\"author\":{\"name\":\"i l\",\"@id\":\"https:\\\/\\\/kosovatimes.info\\\/#\\\/schema\\\/person\\\/7586712b9c512fe68085de007378c915\"},\"headline\":\"Haxhiu p\u00ebr Miftarin: Jo \u00e7do kthim nga misioni \u00ebsht\u00eb shkarkim\",\"datePublished\":\"2026-04-30T14:32:00+00:00\",\"dateModified\":\"2026-04-30T17:58:34+00:00\",\"mainEntityOfPage\":{\"@id\":\"https:\\\/\\\/kosovatimes.info\\\/index.php\\\/2026\\\/04\\\/30\\\/haxhiu-per-miftarin-jo-cdo-kthim-nga-misioni-eshte-shkarkim\\\/\"},\"wordCount\":466,\"commentCount\":0,\"image\":{\"@id\":\"https:\\\/\\\/kosovatimes.info\\\/index.php\\\/2026\\\/04\\\/30\\\/haxhiu-per-miftarin-jo-cdo-kthim-nga-misioni-eshte-shkarkim\\\/#primaryimage\"},\"thumbnailUrl\":\"https:\\\/\\\/kosovatimes.info\\\/wp-content\\\/uploads\\\/2026\\\/04\\\/Haxhiu-3.png\",\"articleSection\":[\"Kosov\u00eb\",\"Lajme\"],\"inLanguage\":\"en-US\",\"potentialAction\":[{\"@type\":\"CommentAction\",\"name\":\"Comment\",\"target\":[\"https:\\\/\\\/kosovatimes.info\\\/index.php\\\/2026\\\/04\\\/30\\\/haxhiu-per-miftarin-jo-cdo-kthim-nga-misioni-eshte-shkarkim\\\/#respond\"]}]},{\"@type\":\"WebPage\",\"@id\":\"https:\\\/\\\/kosovatimes.info\\\/index.php\\\/2026\\\/04\\\/30\\\/haxhiu-per-miftarin-jo-cdo-kthim-nga-misioni-eshte-shkarkim\\\/\",\"url\":\"https:\\\/\\\/kosovatimes.info\\\/index.php\\\/2026\\\/04\\\/30\\\/haxhiu-per-miftarin-jo-cdo-kthim-nga-misioni-eshte-shkarkim\\\/\",\"name\":\"Haxhiu p\u00ebr Miftarin: Jo \u00e7do kthim nga misioni \u00ebsht\u00eb shkarkim - Kosova Times\",\"isPartOf\":{\"@id\":\"https:\\\/\\\/kosovatimes.info\\\/#website\"},\"primaryImageOfPage\":{\"@id\":\"https:\\\/\\\/kosovatimes.info\\\/index.php\\\/2026\\\/04\\\/30\\\/haxhiu-per-miftarin-jo-cdo-kthim-nga-misioni-eshte-shkarkim\\\/#primaryimage\"},\"image\":{\"@id\":\"https:\\\/\\\/kosovatimes.info\\\/index.php\\\/2026\\\/04\\\/30\\\/haxhiu-per-miftarin-jo-cdo-kthim-nga-misioni-eshte-shkarkim\\\/#primaryimage\"},\"thumbnailUrl\":\"https:\\\/\\\/kosovatimes.info\\\/wp-content\\\/uploads\\\/2026\\\/04\\\/Haxhiu-3.png\",\"datePublished\":\"2026-04-30T14:32:00+00:00\",\"dateModified\":\"2026-04-30T17:58:34+00:00\",\"author\":{\"@id\":\"https:\\\/\\\/kosovatimes.info\\\/#\\\/schema\\\/person\\\/7586712b9c512fe68085de007378c915\"},\"breadcrumb\":{\"@id\":\"https:\\\/\\\/kosovatimes.info\\\/index.php\\\/2026\\\/04\\\/30\\\/haxhiu-per-miftarin-jo-cdo-kthim-nga-misioni-eshte-shkarkim\\\/#breadcrumb\"},\"inLanguage\":\"en-US\",\"potentialAction\":[{\"@type\":\"ReadAction\",\"target\":[\"https:\\\/\\\/kosovatimes.info\\\/index.php\\\/2026\\\/04\\\/30\\\/haxhiu-per-miftarin-jo-cdo-kthim-nga-misioni-eshte-shkarkim\\\/\"]}]},{\"@type\":\"ImageObject\",\"inLanguage\":\"en-US\",\"@id\":\"https:\\\/\\\/kosovatimes.info\\\/index.php\\\/2026\\\/04\\\/30\\\/haxhiu-per-miftarin-jo-cdo-kthim-nga-misioni-eshte-shkarkim\\\/#primaryimage\",\"url\":\"https:\\\/\\\/kosovatimes.info\\\/wp-content\\\/uploads\\\/2026\\\/04\\\/Haxhiu-3.png\",\"contentUrl\":\"https:\\\/\\\/kosovatimes.info\\\/wp-content\\\/uploads\\\/2026\\\/04\\\/Haxhiu-3.png\",\"width\":672,\"height\":494},{\"@type\":\"BreadcrumbList\",\"@id\":\"https:\\\/\\\/kosovatimes.info\\\/index.php\\\/2026\\\/04\\\/30\\\/haxhiu-per-miftarin-jo-cdo-kthim-nga-misioni-eshte-shkarkim\\\/#breadcrumb\",\"itemListElement\":[{\"@type\":\"ListItem\",\"position\":1,\"name\":\"Home\",\"item\":\"https:\\\/\\\/kosovatimes.info\\\/\"},{\"@type\":\"ListItem\",\"position\":2,\"name\":\"Haxhiu p\u00ebr Miftarin: Jo \u00e7do kthim nga misioni \u00ebsht\u00eb shkarkim\"}]},{\"@type\":\"WebSite\",\"@id\":\"https:\\\/\\\/kosovatimes.info\\\/#website\",\"url\":\"https:\\\/\\\/kosovatimes.info\\\/\",\"name\":\"Kosova Times\",\"description\":\"\",\"potentialAction\":[{\"@type\":\"SearchAction\",\"target\":{\"@type\":\"EntryPoint\",\"urlTemplate\":\"https:\\\/\\\/kosovatimes.info\\\/?s={search_term_string}\"},\"query-input\":{\"@type\":\"PropertyValueSpecification\",\"valueRequired\":true,\"valueName\":\"search_term_string\"}}],\"inLanguage\":\"en-US\"},{\"@type\":\"Person\",\"@id\":\"https:\\\/\\\/kosovatimes.info\\\/#\\\/schema\\\/person\\\/7586712b9c512fe68085de007378c915\",\"name\":\"i l\",\"image\":{\"@type\":\"ImageObject\",\"inLanguage\":\"en-US\",\"@id\":\"https:\\\/\\\/secure.gravatar.com\\\/avatar\\\/bad9296e02816160ae2e2435beda58222022298d5625d49fea74d18816fbb31d?s=96&d=mm&r=g\",\"url\":\"https:\\\/\\\/secure.gravatar.com\\\/avatar\\\/bad9296e02816160ae2e2435beda58222022298d5625d49fea74d18816fbb31d?s=96&d=mm&r=g\",\"contentUrl\":\"https:\\\/\\\/secure.gravatar.com\\\/avatar\\\/bad9296e02816160ae2e2435beda58222022298d5625d49fea74d18816fbb31d?s=96&d=mm&r=g\",\"caption\":\"i l\"},\"url\":\"https:\\\/\\\/kosovatimes.info\\\/index.php\\\/author\\\/iliri\\\/\"}]}<\/script>\n<!-- \/ Yoast SEO plugin. -->","yoast_head_json":{"title":"Haxhiu p\u00ebr Miftarin: Jo \u00e7do kthim nga misioni \u00ebsht\u00eb shkarkim - Kosova Times","robots":{"index":"index","follow":"follow","max-snippet":"max-snippet:-1","max-image-preview":"max-image-preview:large","max-video-preview":"max-video-preview:-1"},"canonical":"https:\/\/kosovatimes.info\/index.php\/2026\/04\/30\/haxhiu-per-miftarin-jo-cdo-kthim-nga-misioni-eshte-shkarkim\/","og_locale":"en_US","og_type":"article","og_title":"Haxhiu p\u00ebr Miftarin: Jo \u00e7do kthim nga misioni \u00ebsht\u00eb shkarkim - Kosova Times","og_description":"\u201cJo \u00e7do kthim nga misioni diplomatik, \u00ebsht\u00eb shkarkim\u201d, ka th\u00ebn\u00eb ushtruesja e detyr\u00ebs s\u00eb presidentes, Albulena Haxhiu, kur \u00ebsht\u00eb pyetur p\u00ebr rastin e shefit t\u00eb misionit n\u00eb Vatikan, Vehbi Miftari. \u201cUn\u00eb nuk do ta quaja shkarkim, \u00e7do kthim nga misioni diplomatik nuk \u00ebsht\u00eb shkarkim. N\u00eb diplomaci ka em\u00ebrime, kthime, ka rrotacion dhe ka nevoj\u00eb q\u00eb [&hellip;]","og_url":"https:\/\/kosovatimes.info\/index.php\/2026\/04\/30\/haxhiu-per-miftarin-jo-cdo-kthim-nga-misioni-eshte-shkarkim\/","og_site_name":"Kosova Times","article_published_time":"2026-04-30T14:32:00+00:00","article_modified_time":"2026-04-30T17:58:34+00:00","og_image":[{"width":672,"height":494,"url":"https:\/\/kosovatimes.info\/wp-content\/uploads\/2026\/04\/Haxhiu-3.png","type":"image\/png"}],"author":"i l","twitter_card":"summary_large_image","twitter_misc":{"Written by":"i l","Est. reading time":"2 minutes"},"schema":{"@context":"https:\/\/schema.org","@graph":[{"@type":"Article","@id":"https:\/\/kosovatimes.info\/index.php\/2026\/04\/30\/haxhiu-per-miftarin-jo-cdo-kthim-nga-misioni-eshte-shkarkim\/#article","isPartOf":{"@id":"https:\/\/kosovatimes.info\/index.php\/2026\/04\/30\/haxhiu-per-miftarin-jo-cdo-kthim-nga-misioni-eshte-shkarkim\/"},"author":{"name":"i l","@id":"https:\/\/kosovatimes.info\/#\/schema\/person\/7586712b9c512fe68085de007378c915"},"headline":"Haxhiu p\u00ebr Miftarin: Jo \u00e7do kthim nga misioni \u00ebsht\u00eb shkarkim","datePublished":"2026-04-30T14:32:00+00:00","dateModified":"2026-04-30T17:58:34+00:00","mainEntityOfPage":{"@id":"https:\/\/kosovatimes.info\/index.php\/2026\/04\/30\/haxhiu-per-miftarin-jo-cdo-kthim-nga-misioni-eshte-shkarkim\/"},"wordCount":466,"commentCount":0,"image":{"@id":"https:\/\/kosovatimes.info\/index.php\/2026\/04\/30\/haxhiu-per-miftarin-jo-cdo-kthim-nga-misioni-eshte-shkarkim\/#primaryimage"},"thumbnailUrl":"https:\/\/kosovatimes.info\/wp-content\/uploads\/2026\/04\/Haxhiu-3.png","articleSection":["Kosov\u00eb","Lajme"],"inLanguage":"en-US","potentialAction":[{"@type":"CommentAction","name":"Comment","target":["https:\/\/kosovatimes.info\/index.php\/2026\/04\/30\/haxhiu-per-miftarin-jo-cdo-kthim-nga-misioni-eshte-shkarkim\/#respond"]}]},{"@type":"WebPage","@id":"https:\/\/kosovatimes.info\/index.php\/2026\/04\/30\/haxhiu-per-miftarin-jo-cdo-kthim-nga-misioni-eshte-shkarkim\/","url":"https:\/\/kosovatimes.info\/index.php\/2026\/04\/30\/haxhiu-per-miftarin-jo-cdo-kthim-nga-misioni-eshte-shkarkim\/","name":"Haxhiu p\u00ebr Miftarin: Jo \u00e7do kthim nga misioni \u00ebsht\u00eb shkarkim - Kosova Times","isPartOf":{"@id":"https:\/\/kosovatimes.info\/#website"},"primaryImageOfPage":{"@id":"https:\/\/kosovatimes.info\/index.php\/2026\/04\/30\/haxhiu-per-miftarin-jo-cdo-kthim-nga-misioni-eshte-shkarkim\/#primaryimage"},"image":{"@id":"https:\/\/kosovatimes.info\/index.php\/2026\/04\/30\/haxhiu-per-miftarin-jo-cdo-kthim-nga-misioni-eshte-shkarkim\/#primaryimage"},"thumbnailUrl":"https:\/\/kosovatimes.info\/wp-content\/uploads\/2026\/04\/Haxhiu-3.png","datePublished":"2026-04-30T14:32:00+00:00","dateModified":"2026-04-30T17:58:34+00:00","author":{"@id":"https:\/\/kosovatimes.info\/#\/schema\/person\/7586712b9c512fe68085de007378c915"},"breadcrumb":{"@id":"https:\/\/kosovatimes.info\/index.php\/2026\/04\/30\/haxhiu-per-miftarin-jo-cdo-kthim-nga-misioni-eshte-shkarkim\/#breadcrumb"},"inLanguage":"en-US","potentialAction":[{"@type":"ReadAction","target":["https:\/\/kosovatimes.info\/index.php\/2026\/04\/30\/haxhiu-per-miftarin-jo-cdo-kthim-nga-misioni-eshte-shkarkim\/"]}]},{"@type":"ImageObject","inLanguage":"en-US","@id":"https:\/\/kosovatimes.info\/index.php\/2026\/04\/30\/haxhiu-per-miftarin-jo-cdo-kthim-nga-misioni-eshte-shkarkim\/#primaryimage","url":"https:\/\/kosovatimes.info\/wp-content\/uploads\/2026\/04\/Haxhiu-3.png","contentUrl":"https:\/\/kosovatimes.info\/wp-content\/uploads\/2026\/04\/Haxhiu-3.png","width":672,"height":494},{"@type":"BreadcrumbList","@id":"https:\/\/kosovatimes.info\/index.php\/2026\/04\/30\/haxhiu-per-miftarin-jo-cdo-kthim-nga-misioni-eshte-shkarkim\/#breadcrumb","itemListElement":[{"@type":"ListItem","position":1,"name":"Home","item":"https:\/\/kosovatimes.info\/"},{"@type":"ListItem","position":2,"name":"Haxhiu p\u00ebr Miftarin: Jo \u00e7do kthim nga misioni \u00ebsht\u00eb shkarkim"}]},{"@type":"WebSite","@id":"https:\/\/kosovatimes.info\/#website","url":"https:\/\/kosovatimes.info\/","name":"Kosova Times","description":"","potentialAction":[{"@type":"SearchAction","target":{"@type":"EntryPoint","urlTemplate":"https:\/\/kosovatimes.info\/?s={search_term_string}"},"query-input":{"@type":"PropertyValueSpecification","valueRequired":true,"valueName":"search_term_string"}}],"inLanguage":"en-US"},{"@type":"Person","@id":"https:\/\/kosovatimes.info\/#\/schema\/person\/7586712b9c512fe68085de007378c915","name":"i l","image":{"@type":"ImageObject","inLanguage":"en-US","@id":"https:\/\/secure.gravatar.com\/avatar\/bad9296e02816160ae2e2435beda58222022298d5625d49fea74d18816fbb31d?s=96&d=mm&r=g","url":"https:\/\/secure.gravatar.com\/avatar\/bad9296e02816160ae2e2435beda58222022298d5625d49fea74d18816fbb31d?s=96&d=mm&r=g","contentUrl":"https:\/\/secure.gravatar.com\/avatar\/bad9296e02816160ae2e2435beda58222022298d5625d49fea74d18816fbb31d?s=96&d=mm&r=g","caption":"i l"},"url":"https:\/\/kosovatimes.info\/index.php\/author\/iliri\/"}]}},"_links":{"self":[{"href":"https:\/\/kosovatimes.info\/index.php\/wp-json\/wp\/v2\/posts\/12773","targetHints":{"allow":["GET"]}}],"collection":[{"href":"https:\/\/kosovatimes.info\/index.php\/wp-json\/wp\/v2\/posts"}],"about":[{"href":"https:\/\/kosovatimes.info\/index.php\/wp-json\/wp\/v2\/types\/post"}],"author":[{"embeddable":true,"href":"https:\/\/kosovatimes.info\/index.php\/wp-json\/wp\/v2\/users\/4"}],"replies":[{"embeddable":true,"href":"https:\/\/kosovatimes.info\/index.php\/wp-json\/wp\/v2\/comments?post=12773"}],"version-history":[{"count":1,"href":"https:\/\/kosovatimes.info\/index.php\/wp-json\/wp\/v2\/posts\/12773\/revisions"}],"predecessor-version":[{"id":12775,"href":"https:\/\/kosovatimes.info\/index.php\/wp-json\/wp\/v2\/posts\/12773\/revisions\/12775"}],"wp:featuredmedia":[{"embeddable":true,"href":"https:\/\/kosovatimes.info\/index.php\/wp-json\/wp\/v2\/media\/12774"}],"wp:attachment":[{"href":"https:\/\/kosovatimes.info\/index.php\/wp-json\/wp\/v2\/media?parent=12773"}],"wp:term":[{"taxonomy":"category","embeddable":true,"href":"https:\/\/kosovatimes.info\/index.php\/wp-json\/wp\/v2\/categories?post=12773"},{"taxonomy":"post_tag","embeddable":true,"href":"https:\/\/kosovatimes.info\/index.php\/wp-json\/wp\/v2\/tags?post=12773"}],"curies":[{"name":"wp","href":"https:\/\/api.w.org\/{rel}","templated":true}]}}