{"id":12776,"date":"2026-04-30T17:13:00","date_gmt":"2026-04-30T15:13:00","guid":{"rendered":"https:\/\/kosovatimes.info\/?p=12776"},"modified":"2026-04-30T20:00:02","modified_gmt":"2026-04-30T18:00:02","slug":"vdes-nje-punetor-ne-vendin-e-punes-ne-meqe-te-gjakoves","status":"publish","type":"post","link":"https:\/\/kosovatimes.info\/index.php\/2026\/04\/30\/vdes-nje-punetor-ne-vendin-e-punes-ne-meqe-te-gjakoves\/","title":{"rendered":"Vdes nj\u00eb pun\u00ebtor n\u00eb vendin e pun\u00ebs n\u00eb Meq\u00eb t\u00eb Gjakov\u00ebs"},"content":{"rendered":"\n<p><strong>Nj\u00eb person ka humbur jet\u00ebn n\u00eb vendin e tij t\u00eb pun\u00ebs si pasoj\u00eb e nj\u00eb aksidenti q\u00eb ka ndodhur sot n\u00eb fshatin Meq\u00eb t\u00eb Gjakov\u00ebs.<\/strong><\/p>\n\n\n\n<p>Lajmi p\u00ebr RTKlive \u00ebsht\u00eb konfirmuar nga z\u00ebdh\u00ebn\u00ebsja e Policis\u00eb p\u00ebr rajonin e Gjakov\u00ebs, Vlera Krasniqi.<\/p>\n\n\n\n<p>\u201cSot, rreth or\u00ebs 09:55, kemi pranuar informat\u00ebn p\u00ebr nj\u00eb incident n\u00eb fshatin Meq\u00eb. Sipas hetimeve fillestare, dyshohet se gjat\u00eb procesit t\u00eb pun\u00ebs, shoferi i nj\u00eb mjeti transportues (kamion) ka humbur kontrollin mbi mjetin, me \u00e7\u2019rast kamioni ka rr\u00ebshqitur. Si pasoj\u00eb e k\u00ebsaj l\u00ebvizjeje, nj\u00eb pun\u00ebtor (mashkull i mosh\u00ebs madhore) i cili ndodhej n\u00eb af\u00ebrsi t\u00eb mjetit, ka mbetur i bllokuar n\u00ebn t\u00eb\u201d, ka th\u00ebn\u00eb Krasniqi.<\/p>\n\n\n\n<p>Ajo ka b\u00ebr\u00eb t\u00eb ditur se n\u00eb vendngjarje kan\u00eb dal\u00eb menj\u00ebher\u00eb nj\u00ebsit\u00eb relevante t\u00eb Policis\u00eb, ekipi i zjarrfik\u00ebsve dhe ndihma e shpejt\u00eb.<\/p>\n\n\n\n<p>\u201cPas intervenimit, mjeku p\u00ebrgjegj\u00ebs ka konstatuar se personi i z\u00ebn\u00eb n\u00ebn mjet ka nd\u00ebrruar jet\u00eb\u201d, ka deklaruar ajo.<\/p>\n\n\n\n<p>Sipas saj, lidhur me rastin po nd\u00ebrmerren t\u00eb gjitha hapat e nevojsh\u00ebm nga Policia p\u00ebr sqarimin e rrethanave t\u00eb k\u00ebsaj ngjarje.<\/p>\n\n\n\n<p>\u201cMe vendim t\u00eb prokurorit, lidhur me rastin e incidentit t\u00eb sot\u00ebm, personi i dyshuar, pas intervistimit nga Nj\u00ebsia Rajonale e Hetimeve, ndaj tij \u00ebsht\u00eb inicuar rast \u2018Shkaktimi i rrezikut t\u00eb p\u00ebrgjithsh\u00ebm\u2019 dhe \u00ebsht\u00eb ndaluar p\u00ebr 48 or\u00eb\u201d, ka theksuar Krasniqi.<\/p>\n","protected":false},"excerpt":{"rendered":"<p>Nj\u00eb person ka humbur jet\u00ebn n\u00eb vendin e tij t\u00eb pun\u00ebs si pasoj\u00eb e nj\u00eb aksidenti q\u00eb ka ndodhur sot n\u00eb fshatin Meq\u00eb t\u00eb Gjakov\u00ebs. Lajmi p\u00ebr RTKlive \u00ebsht\u00eb konfirmuar nga z\u00ebdh\u00ebn\u00ebsja e Policis\u00eb p\u00ebr rajonin e Gjakov\u00ebs, Vlera Krasniqi. \u201cSot, rreth or\u00ebs 09:55, kemi pranuar informat\u00ebn p\u00ebr nj\u00eb incident n\u00eb fshatin Meq\u00eb. Sipas hetimeve [&hellip;]<\/p>\n","protected":false},"author":4,"featured_media":9502,"comment_status":"open","ping_status":"open","sticky":false,"template":"","format":"standard","meta":{"footnotes":""},"categories":[31,30],"tags":[],"class_list":{"0":"post-12776","1":"post","2":"type-post","3":"status-publish","4":"format-standard","5":"has-post-thumbnail","7":"category-kosove","8":"category-lajme"},"yoast_head":"<!-- This site is optimized with the Yoast SEO plugin v27.4 - https:\/\/yoast.com\/product\/yoast-seo-wordpress\/ -->\n<title>Vdes nj\u00eb pun\u00ebtor n\u00eb vendin e pun\u00ebs n\u00eb Meq\u00eb t\u00eb Gjakov\u00ebs - Kosova Times<\/title>\n<meta name=\"robots\" content=\"index, follow, max-snippet:-1, max-image-preview:large, max-video-preview:-1\" \/>\n<link rel=\"canonical\" href=\"https:\/\/kosovatimes.info\/index.php\/2026\/04\/30\/vdes-nje-punetor-ne-vendin-e-punes-ne-meqe-te-gjakoves\/\" \/>\n<meta property=\"og:locale\" content=\"en_US\" \/>\n<meta property=\"og:type\" content=\"article\" \/>\n<meta property=\"og:title\" content=\"Vdes nj\u00eb pun\u00ebtor n\u00eb vendin e pun\u00ebs n\u00eb Meq\u00eb t\u00eb Gjakov\u00ebs - Kosova Times\" \/>\n<meta property=\"og:description\" content=\"Nj\u00eb person ka humbur jet\u00ebn n\u00eb vendin e tij t\u00eb pun\u00ebs si pasoj\u00eb e nj\u00eb aksidenti q\u00eb ka ndodhur sot n\u00eb fshatin Meq\u00eb t\u00eb Gjakov\u00ebs. Lajmi p\u00ebr RTKlive \u00ebsht\u00eb konfirmuar nga z\u00ebdh\u00ebn\u00ebsja e Policis\u00eb p\u00ebr rajonin e Gjakov\u00ebs, Vlera Krasniqi. \u201cSot, rreth or\u00ebs 09:55, kemi pranuar informat\u00ebn p\u00ebr nj\u00eb incident n\u00eb fshatin Meq\u00eb. Sipas hetimeve [&hellip;]\" \/>\n<meta property=\"og:url\" content=\"https:\/\/kosovatimes.info\/index.php\/2026\/04\/30\/vdes-nje-punetor-ne-vendin-e-punes-ne-meqe-te-gjakoves\/\" \/>\n<meta property=\"og:site_name\" content=\"Kosova Times\" \/>\n<meta property=\"article:published_time\" content=\"2026-04-30T15:13:00+00:00\" \/>\n<meta property=\"article:modified_time\" content=\"2026-04-30T18:00:02+00:00\" \/>\n<meta property=\"og:image\" content=\"https:\/\/kosovatimes.info\/wp-content\/uploads\/2026\/04\/policia-1.jpeg\" \/>\n\t<meta property=\"og:image:width\" content=\"300\" \/>\n\t<meta property=\"og:image:height\" content=\"168\" \/>\n\t<meta property=\"og:image:type\" content=\"image\/jpeg\" \/>\n<meta name=\"author\" content=\"i l\" \/>\n<meta name=\"twitter:card\" content=\"summary_large_image\" \/>\n<meta name=\"twitter:label1\" content=\"Written by\" \/>\n\t<meta name=\"twitter:data1\" content=\"i l\" \/>\n\t<meta name=\"twitter:label2\" content=\"Est. reading time\" \/>\n\t<meta name=\"twitter:data2\" content=\"1 minute\" \/>\n<script type=\"application\/ld+json\" class=\"yoast-schema-graph\">{\"@context\":\"https:\\\/\\\/schema.org\",\"@graph\":[{\"@type\":\"Article\",\"@id\":\"https:\\\/\\\/kosovatimes.info\\\/index.php\\\/2026\\\/04\\\/30\\\/vdes-nje-punetor-ne-vendin-e-punes-ne-meqe-te-gjakoves\\\/#article\",\"isPartOf\":{\"@id\":\"https:\\\/\\\/kosovatimes.info\\\/index.php\\\/2026\\\/04\\\/30\\\/vdes-nje-punetor-ne-vendin-e-punes-ne-meqe-te-gjakoves\\\/\"},\"author\":{\"name\":\"i l\",\"@id\":\"https:\\\/\\\/kosovatimes.info\\\/#\\\/schema\\\/person\\\/7586712b9c512fe68085de007378c915\"},\"headline\":\"Vdes nj\u00eb pun\u00ebtor n\u00eb vendin e pun\u00ebs n\u00eb Meq\u00eb t\u00eb Gjakov\u00ebs\",\"datePublished\":\"2026-04-30T15:13:00+00:00\",\"dateModified\":\"2026-04-30T18:00:02+00:00\",\"mainEntityOfPage\":{\"@id\":\"https:\\\/\\\/kosovatimes.info\\\/index.php\\\/2026\\\/04\\\/30\\\/vdes-nje-punetor-ne-vendin-e-punes-ne-meqe-te-gjakoves\\\/\"},\"wordCount\":257,\"commentCount\":0,\"image\":{\"@id\":\"https:\\\/\\\/kosovatimes.info\\\/index.php\\\/2026\\\/04\\\/30\\\/vdes-nje-punetor-ne-vendin-e-punes-ne-meqe-te-gjakoves\\\/#primaryimage\"},\"thumbnailUrl\":\"https:\\\/\\\/kosovatimes.info\\\/wp-content\\\/uploads\\\/2026\\\/04\\\/policia-1.jpeg\",\"articleSection\":[\"Kosov\u00eb\",\"Lajme\"],\"inLanguage\":\"en-US\",\"potentialAction\":[{\"@type\":\"CommentAction\",\"name\":\"Comment\",\"target\":[\"https:\\\/\\\/kosovatimes.info\\\/index.php\\\/2026\\\/04\\\/30\\\/vdes-nje-punetor-ne-vendin-e-punes-ne-meqe-te-gjakoves\\\/#respond\"]}]},{\"@type\":\"WebPage\",\"@id\":\"https:\\\/\\\/kosovatimes.info\\\/index.php\\\/2026\\\/04\\\/30\\\/vdes-nje-punetor-ne-vendin-e-punes-ne-meqe-te-gjakoves\\\/\",\"url\":\"https:\\\/\\\/kosovatimes.info\\\/index.php\\\/2026\\\/04\\\/30\\\/vdes-nje-punetor-ne-vendin-e-punes-ne-meqe-te-gjakoves\\\/\",\"name\":\"Vdes nj\u00eb pun\u00ebtor n\u00eb vendin e pun\u00ebs n\u00eb Meq\u00eb t\u00eb Gjakov\u00ebs - Kosova Times\",\"isPartOf\":{\"@id\":\"https:\\\/\\\/kosovatimes.info\\\/#website\"},\"primaryImageOfPage\":{\"@id\":\"https:\\\/\\\/kosovatimes.info\\\/index.php\\\/2026\\\/04\\\/30\\\/vdes-nje-punetor-ne-vendin-e-punes-ne-meqe-te-gjakoves\\\/#primaryimage\"},\"image\":{\"@id\":\"https:\\\/\\\/kosovatimes.info\\\/index.php\\\/2026\\\/04\\\/30\\\/vdes-nje-punetor-ne-vendin-e-punes-ne-meqe-te-gjakoves\\\/#primaryimage\"},\"thumbnailUrl\":\"https:\\\/\\\/kosovatimes.info\\\/wp-content\\\/uploads\\\/2026\\\/04\\\/policia-1.jpeg\",\"datePublished\":\"2026-04-30T15:13:00+00:00\",\"dateModified\":\"2026-04-30T18:00:02+00:00\",\"author\":{\"@id\":\"https:\\\/\\\/kosovatimes.info\\\/#\\\/schema\\\/person\\\/7586712b9c512fe68085de007378c915\"},\"breadcrumb\":{\"@id\":\"https:\\\/\\\/kosovatimes.info\\\/index.php\\\/2026\\\/04\\\/30\\\/vdes-nje-punetor-ne-vendin-e-punes-ne-meqe-te-gjakoves\\\/#breadcrumb\"},\"inLanguage\":\"en-US\",\"potentialAction\":[{\"@type\":\"ReadAction\",\"target\":[\"https:\\\/\\\/kosovatimes.info\\\/index.php\\\/2026\\\/04\\\/30\\\/vdes-nje-punetor-ne-vendin-e-punes-ne-meqe-te-gjakoves\\\/\"]}]},{\"@type\":\"ImageObject\",\"inLanguage\":\"en-US\",\"@id\":\"https:\\\/\\\/kosovatimes.info\\\/index.php\\\/2026\\\/04\\\/30\\\/vdes-nje-punetor-ne-vendin-e-punes-ne-meqe-te-gjakoves\\\/#primaryimage\",\"url\":\"https:\\\/\\\/kosovatimes.info\\\/wp-content\\\/uploads\\\/2026\\\/04\\\/policia-1.jpeg\",\"contentUrl\":\"https:\\\/\\\/kosovatimes.info\\\/wp-content\\\/uploads\\\/2026\\\/04\\\/policia-1.jpeg\",\"width\":300,\"height\":168},{\"@type\":\"BreadcrumbList\",\"@id\":\"https:\\\/\\\/kosovatimes.info\\\/index.php\\\/2026\\\/04\\\/30\\\/vdes-nje-punetor-ne-vendin-e-punes-ne-meqe-te-gjakoves\\\/#breadcrumb\",\"itemListElement\":[{\"@type\":\"ListItem\",\"position\":1,\"name\":\"Home\",\"item\":\"https:\\\/\\\/kosovatimes.info\\\/\"},{\"@type\":\"ListItem\",\"position\":2,\"name\":\"Vdes nj\u00eb pun\u00ebtor n\u00eb vendin e pun\u00ebs n\u00eb Meq\u00eb t\u00eb Gjakov\u00ebs\"}]},{\"@type\":\"WebSite\",\"@id\":\"https:\\\/\\\/kosovatimes.info\\\/#website\",\"url\":\"https:\\\/\\\/kosovatimes.info\\\/\",\"name\":\"Kosova Times\",\"description\":\"\",\"potentialAction\":[{\"@type\":\"SearchAction\",\"target\":{\"@type\":\"EntryPoint\",\"urlTemplate\":\"https:\\\/\\\/kosovatimes.info\\\/?s={search_term_string}\"},\"query-input\":{\"@type\":\"PropertyValueSpecification\",\"valueRequired\":true,\"valueName\":\"search_term_string\"}}],\"inLanguage\":\"en-US\"},{\"@type\":\"Person\",\"@id\":\"https:\\\/\\\/kosovatimes.info\\\/#\\\/schema\\\/person\\\/7586712b9c512fe68085de007378c915\",\"name\":\"i l\",\"image\":{\"@type\":\"ImageObject\",\"inLanguage\":\"en-US\",\"@id\":\"https:\\\/\\\/secure.gravatar.com\\\/avatar\\\/bad9296e02816160ae2e2435beda58222022298d5625d49fea74d18816fbb31d?s=96&d=mm&r=g\",\"url\":\"https:\\\/\\\/secure.gravatar.com\\\/avatar\\\/bad9296e02816160ae2e2435beda58222022298d5625d49fea74d18816fbb31d?s=96&d=mm&r=g\",\"contentUrl\":\"https:\\\/\\\/secure.gravatar.com\\\/avatar\\\/bad9296e02816160ae2e2435beda58222022298d5625d49fea74d18816fbb31d?s=96&d=mm&r=g\",\"caption\":\"i l\"},\"url\":\"https:\\\/\\\/kosovatimes.info\\\/index.php\\\/author\\\/iliri\\\/\"}]}<\/script>\n<!-- \/ Yoast SEO plugin. -->","yoast_head_json":{"title":"Vdes nj\u00eb pun\u00ebtor n\u00eb vendin e pun\u00ebs n\u00eb Meq\u00eb t\u00eb Gjakov\u00ebs - Kosova Times","robots":{"index":"index","follow":"follow","max-snippet":"max-snippet:-1","max-image-preview":"max-image-preview:large","max-video-preview":"max-video-preview:-1"},"canonical":"https:\/\/kosovatimes.info\/index.php\/2026\/04\/30\/vdes-nje-punetor-ne-vendin-e-punes-ne-meqe-te-gjakoves\/","og_locale":"en_US","og_type":"article","og_title":"Vdes nj\u00eb pun\u00ebtor n\u00eb vendin e pun\u00ebs n\u00eb Meq\u00eb t\u00eb Gjakov\u00ebs - Kosova Times","og_description":"Nj\u00eb person ka humbur jet\u00ebn n\u00eb vendin e tij t\u00eb pun\u00ebs si pasoj\u00eb e nj\u00eb aksidenti q\u00eb ka ndodhur sot n\u00eb fshatin Meq\u00eb t\u00eb Gjakov\u00ebs. Lajmi p\u00ebr RTKlive \u00ebsht\u00eb konfirmuar nga z\u00ebdh\u00ebn\u00ebsja e Policis\u00eb p\u00ebr rajonin e Gjakov\u00ebs, Vlera Krasniqi. \u201cSot, rreth or\u00ebs 09:55, kemi pranuar informat\u00ebn p\u00ebr nj\u00eb incident n\u00eb fshatin Meq\u00eb. Sipas hetimeve [&hellip;]","og_url":"https:\/\/kosovatimes.info\/index.php\/2026\/04\/30\/vdes-nje-punetor-ne-vendin-e-punes-ne-meqe-te-gjakoves\/","og_site_name":"Kosova Times","article_published_time":"2026-04-30T15:13:00+00:00","article_modified_time":"2026-04-30T18:00:02+00:00","og_image":[{"width":300,"height":168,"url":"https:\/\/kosovatimes.info\/wp-content\/uploads\/2026\/04\/policia-1.jpeg","type":"image\/jpeg"}],"author":"i l","twitter_card":"summary_large_image","twitter_misc":{"Written by":"i l","Est. reading time":"1 minute"},"schema":{"@context":"https:\/\/schema.org","@graph":[{"@type":"Article","@id":"https:\/\/kosovatimes.info\/index.php\/2026\/04\/30\/vdes-nje-punetor-ne-vendin-e-punes-ne-meqe-te-gjakoves\/#article","isPartOf":{"@id":"https:\/\/kosovatimes.info\/index.php\/2026\/04\/30\/vdes-nje-punetor-ne-vendin-e-punes-ne-meqe-te-gjakoves\/"},"author":{"name":"i l","@id":"https:\/\/kosovatimes.info\/#\/schema\/person\/7586712b9c512fe68085de007378c915"},"headline":"Vdes nj\u00eb pun\u00ebtor n\u00eb vendin e pun\u00ebs n\u00eb Meq\u00eb t\u00eb Gjakov\u00ebs","datePublished":"2026-04-30T15:13:00+00:00","dateModified":"2026-04-30T18:00:02+00:00","mainEntityOfPage":{"@id":"https:\/\/kosovatimes.info\/index.php\/2026\/04\/30\/vdes-nje-punetor-ne-vendin-e-punes-ne-meqe-te-gjakoves\/"},"wordCount":257,"commentCount":0,"image":{"@id":"https:\/\/kosovatimes.info\/index.php\/2026\/04\/30\/vdes-nje-punetor-ne-vendin-e-punes-ne-meqe-te-gjakoves\/#primaryimage"},"thumbnailUrl":"https:\/\/kosovatimes.info\/wp-content\/uploads\/2026\/04\/policia-1.jpeg","articleSection":["Kosov\u00eb","Lajme"],"inLanguage":"en-US","potentialAction":[{"@type":"CommentAction","name":"Comment","target":["https:\/\/kosovatimes.info\/index.php\/2026\/04\/30\/vdes-nje-punetor-ne-vendin-e-punes-ne-meqe-te-gjakoves\/#respond"]}]},{"@type":"WebPage","@id":"https:\/\/kosovatimes.info\/index.php\/2026\/04\/30\/vdes-nje-punetor-ne-vendin-e-punes-ne-meqe-te-gjakoves\/","url":"https:\/\/kosovatimes.info\/index.php\/2026\/04\/30\/vdes-nje-punetor-ne-vendin-e-punes-ne-meqe-te-gjakoves\/","name":"Vdes nj\u00eb pun\u00ebtor n\u00eb vendin e pun\u00ebs n\u00eb Meq\u00eb t\u00eb Gjakov\u00ebs - Kosova Times","isPartOf":{"@id":"https:\/\/kosovatimes.info\/#website"},"primaryImageOfPage":{"@id":"https:\/\/kosovatimes.info\/index.php\/2026\/04\/30\/vdes-nje-punetor-ne-vendin-e-punes-ne-meqe-te-gjakoves\/#primaryimage"},"image":{"@id":"https:\/\/kosovatimes.info\/index.php\/2026\/04\/30\/vdes-nje-punetor-ne-vendin-e-punes-ne-meqe-te-gjakoves\/#primaryimage"},"thumbnailUrl":"https:\/\/kosovatimes.info\/wp-content\/uploads\/2026\/04\/policia-1.jpeg","datePublished":"2026-04-30T15:13:00+00:00","dateModified":"2026-04-30T18:00:02+00:00","author":{"@id":"https:\/\/kosovatimes.info\/#\/schema\/person\/7586712b9c512fe68085de007378c915"},"breadcrumb":{"@id":"https:\/\/kosovatimes.info\/index.php\/2026\/04\/30\/vdes-nje-punetor-ne-vendin-e-punes-ne-meqe-te-gjakoves\/#breadcrumb"},"inLanguage":"en-US","potentialAction":[{"@type":"ReadAction","target":["https:\/\/kosovatimes.info\/index.php\/2026\/04\/30\/vdes-nje-punetor-ne-vendin-e-punes-ne-meqe-te-gjakoves\/"]}]},{"@type":"ImageObject","inLanguage":"en-US","@id":"https:\/\/kosovatimes.info\/index.php\/2026\/04\/30\/vdes-nje-punetor-ne-vendin-e-punes-ne-meqe-te-gjakoves\/#primaryimage","url":"https:\/\/kosovatimes.info\/wp-content\/uploads\/2026\/04\/policia-1.jpeg","contentUrl":"https:\/\/kosovatimes.info\/wp-content\/uploads\/2026\/04\/policia-1.jpeg","width":300,"height":168},{"@type":"BreadcrumbList","@id":"https:\/\/kosovatimes.info\/index.php\/2026\/04\/30\/vdes-nje-punetor-ne-vendin-e-punes-ne-meqe-te-gjakoves\/#breadcrumb","itemListElement":[{"@type":"ListItem","position":1,"name":"Home","item":"https:\/\/kosovatimes.info\/"},{"@type":"ListItem","position":2,"name":"Vdes nj\u00eb pun\u00ebtor n\u00eb vendin e pun\u00ebs n\u00eb Meq\u00eb t\u00eb Gjakov\u00ebs"}]},{"@type":"WebSite","@id":"https:\/\/kosovatimes.info\/#website","url":"https:\/\/kosovatimes.info\/","name":"Kosova Times","description":"","potentialAction":[{"@type":"SearchAction","target":{"@type":"EntryPoint","urlTemplate":"https:\/\/kosovatimes.info\/?s={search_term_string}"},"query-input":{"@type":"PropertyValueSpecification","valueRequired":true,"valueName":"search_term_string"}}],"inLanguage":"en-US"},{"@type":"Person","@id":"https:\/\/kosovatimes.info\/#\/schema\/person\/7586712b9c512fe68085de007378c915","name":"i l","image":{"@type":"ImageObject","inLanguage":"en-US","@id":"https:\/\/secure.gravatar.com\/avatar\/bad9296e02816160ae2e2435beda58222022298d5625d49fea74d18816fbb31d?s=96&d=mm&r=g","url":"https:\/\/secure.gravatar.com\/avatar\/bad9296e02816160ae2e2435beda58222022298d5625d49fea74d18816fbb31d?s=96&d=mm&r=g","contentUrl":"https:\/\/secure.gravatar.com\/avatar\/bad9296e02816160ae2e2435beda58222022298d5625d49fea74d18816fbb31d?s=96&d=mm&r=g","caption":"i l"},"url":"https:\/\/kosovatimes.info\/index.php\/author\/iliri\/"}]}},"_links":{"self":[{"href":"https:\/\/kosovatimes.info\/index.php\/wp-json\/wp\/v2\/posts\/12776","targetHints":{"allow":["GET"]}}],"collection":[{"href":"https:\/\/kosovatimes.info\/index.php\/wp-json\/wp\/v2\/posts"}],"about":[{"href":"https:\/\/kosovatimes.info\/index.php\/wp-json\/wp\/v2\/types\/post"}],"author":[{"embeddable":true,"href":"https:\/\/kosovatimes.info\/index.php\/wp-json\/wp\/v2\/users\/4"}],"replies":[{"embeddable":true,"href":"https:\/\/kosovatimes.info\/index.php\/wp-json\/wp\/v2\/comments?post=12776"}],"version-history":[{"count":1,"href":"https:\/\/kosovatimes.info\/index.php\/wp-json\/wp\/v2\/posts\/12776\/revisions"}],"predecessor-version":[{"id":12777,"href":"https:\/\/kosovatimes.info\/index.php\/wp-json\/wp\/v2\/posts\/12776\/revisions\/12777"}],"wp:featuredmedia":[{"embeddable":true,"href":"https:\/\/kosovatimes.info\/index.php\/wp-json\/wp\/v2\/media\/9502"}],"wp:attachment":[{"href":"https:\/\/kosovatimes.info\/index.php\/wp-json\/wp\/v2\/media?parent=12776"}],"wp:term":[{"taxonomy":"category","embeddable":true,"href":"https:\/\/kosovatimes.info\/index.php\/wp-json\/wp\/v2\/categories?post=12776"},{"taxonomy":"post_tag","embeddable":true,"href":"https:\/\/kosovatimes.info\/index.php\/wp-json\/wp\/v2\/tags?post=12776"}],"curies":[{"name":"wp","href":"https:\/\/api.w.org\/{rel}","templated":true}]}}