{"id":12790,"date":"2026-04-30T17:58:00","date_gmt":"2026-04-30T15:58:00","guid":{"rendered":"https:\/\/kosovatimes.info\/?p=12790"},"modified":"2026-04-30T20:06:09","modified_gmt":"2026-04-30T18:06:09","slug":"vdes-astrit-dushi-figure-e-njohur-e-mediave-ne-kosove","status":"publish","type":"post","link":"https:\/\/kosovatimes.info\/index.php\/2026\/04\/30\/vdes-astrit-dushi-figure-e-njohur-e-mediave-ne-kosove\/","title":{"rendered":"Vdes Astrit Dushi, figur\u00eb e njohur e mediave n\u00eb Kosov\u00eb"},"content":{"rendered":"\n<p><strong>Ka nd\u00ebrruar jet\u00eb n\u00eb mosh\u00ebn 55-vje\u00e7are Astrit (Agron) Dushi, i njohur p\u00ebr angazhimin e tij n\u00eb fush\u00ebn e mediave dhe pun\u00ebn n\u00eb disa radio n\u00eb Kosov\u00eb.<\/strong><\/p>\n\n\n\n<p>Lajmin p\u00ebr vdekjen e tij e kan\u00eb b\u00ebr\u00eb t\u00eb ditur familjar\u00ebt, t\u00eb cil\u00ebt kan\u00eb njoftuar edhe detajet rreth ceremonive mortore.<\/p>\n\n\n\n<p>Sipas njoftimit, varrimi i t\u00eb ndjerit do t\u00eb b\u00ebhet m\u00eb 1 maj 2026, n\u00eb or\u00ebn 12:00, n\u00eb varrezat e Arb\u00ebris\u00eb n\u00eb Prishtin\u00eb.<\/p>\n\n\n\n<p>Nd\u00ebrsa e pamja p\u00ebr Astrit Dushin do t\u00eb mbahet n\u00eb Hotel Grand, nga data 2 deri m\u00eb 4 maj 2026, \u00e7do dit\u00eb nga ora 10:00 deri n\u00eb 17:00.<\/p>\n\n\n\n<p>\u201cMe dhimbje t\u00eb thell\u00eb njoftojm\u00eb familjar\u00ebt, miqt\u00eb dhe dashamir\u00ebt se sot nd\u00ebrroi jet\u00eb m\u00eb i dashuri yn\u00eb, Astrit (Agron) Dushi. Varrimi i t\u00eb ndjerit b\u00ebhet m\u00eb dat\u00ebn 01.05.2026, n\u00eb or\u00ebn 12:00, n\u00eb varrezat n\u00eb Arb\u00ebri\/Prishtin\u00eb. E pamja mbahet n\u00eb Hotel Grand, 02.05.2026 \u2013 04.05.2026 (3 dit\u00eb) nga ora 10:00 deri 17:00\u201d, thuhet n\u00eb njoftimin e familjes.<\/p>\n\n\n\n<p>Gjat\u00eb karrier\u00ebs s\u00eb tij, Dushi ka kontribuar n\u00eb disa media, p\u00ebrfshir\u00eb Klan Kosova FM, Radio KFOR, Radio Prishtina dhe Radio Paper, duke l\u00ebn\u00eb gjurm\u00eb n\u00eb fush\u00ebn e radios n\u00eb vend.<\/p>\n","protected":false},"excerpt":{"rendered":"<p>Ka nd\u00ebrruar jet\u00eb n\u00eb mosh\u00ebn 55-vje\u00e7are Astrit (Agron) Dushi, i njohur p\u00ebr angazhimin e tij n\u00eb fush\u00ebn e mediave dhe pun\u00ebn n\u00eb disa radio n\u00eb Kosov\u00eb. Lajmin p\u00ebr vdekjen e tij e kan\u00eb b\u00ebr\u00eb t\u00eb ditur familjar\u00ebt, t\u00eb cil\u00ebt kan\u00eb njoftuar edhe detajet rreth ceremonive mortore. Sipas njoftimit, varrimi i t\u00eb ndjerit do t\u00eb b\u00ebhet [&hellip;]<\/p>\n","protected":false},"author":4,"featured_media":12791,"comment_status":"open","ping_status":"open","sticky":false,"template":"","format":"standard","meta":{"footnotes":""},"categories":[31,30],"tags":[],"class_list":{"0":"post-12790","1":"post","2":"type-post","3":"status-publish","4":"format-standard","5":"has-post-thumbnail","7":"category-kosove","8":"category-lajme"},"yoast_head":"<!-- This site is optimized with the Yoast SEO plugin v27.4 - https:\/\/yoast.com\/product\/yoast-seo-wordpress\/ -->\n<title>Vdes Astrit Dushi, figur\u00eb e njohur e mediave n\u00eb Kosov\u00eb - Kosova Times<\/title>\n<meta name=\"robots\" content=\"index, follow, max-snippet:-1, max-image-preview:large, max-video-preview:-1\" \/>\n<link rel=\"canonical\" href=\"https:\/\/kosovatimes.info\/index.php\/2026\/04\/30\/vdes-astrit-dushi-figure-e-njohur-e-mediave-ne-kosove\/\" \/>\n<meta property=\"og:locale\" content=\"en_US\" \/>\n<meta property=\"og:type\" content=\"article\" \/>\n<meta property=\"og:title\" content=\"Vdes Astrit Dushi, figur\u00eb e njohur e mediave n\u00eb Kosov\u00eb - Kosova Times\" \/>\n<meta property=\"og:description\" content=\"Ka nd\u00ebrruar jet\u00eb n\u00eb mosh\u00ebn 55-vje\u00e7are Astrit (Agron) Dushi, i njohur p\u00ebr angazhimin e tij n\u00eb fush\u00ebn e mediave dhe pun\u00ebn n\u00eb disa radio n\u00eb Kosov\u00eb. Lajmin p\u00ebr vdekjen e tij e kan\u00eb b\u00ebr\u00eb t\u00eb ditur familjar\u00ebt, t\u00eb cil\u00ebt kan\u00eb njoftuar edhe detajet rreth ceremonive mortore. Sipas njoftimit, varrimi i t\u00eb ndjerit do t\u00eb b\u00ebhet [&hellip;]\" \/>\n<meta property=\"og:url\" content=\"https:\/\/kosovatimes.info\/index.php\/2026\/04\/30\/vdes-astrit-dushi-figure-e-njohur-e-mediave-ne-kosove\/\" \/>\n<meta property=\"og:site_name\" content=\"Kosova Times\" \/>\n<meta property=\"article:published_time\" content=\"2026-04-30T15:58:00+00:00\" \/>\n<meta property=\"article:modified_time\" content=\"2026-04-30T18:06:09+00:00\" \/>\n<meta property=\"og:image\" content=\"https:\/\/kosovatimes.info\/wp-content\/uploads\/2026\/04\/Astrit.jpg\" \/>\n\t<meta property=\"og:image:width\" content=\"780\" \/>\n\t<meta property=\"og:image:height\" content=\"500\" \/>\n\t<meta property=\"og:image:type\" content=\"image\/jpeg\" \/>\n<meta name=\"author\" content=\"i l\" \/>\n<meta name=\"twitter:card\" content=\"summary_large_image\" \/>\n<meta name=\"twitter:label1\" content=\"Written by\" \/>\n\t<meta name=\"twitter:data1\" content=\"i l\" \/>\n\t<meta name=\"twitter:label2\" content=\"Est. reading time\" \/>\n\t<meta name=\"twitter:data2\" content=\"1 minute\" \/>\n<script type=\"application\/ld+json\" class=\"yoast-schema-graph\">{\"@context\":\"https:\\\/\\\/schema.org\",\"@graph\":[{\"@type\":\"Article\",\"@id\":\"https:\\\/\\\/kosovatimes.info\\\/index.php\\\/2026\\\/04\\\/30\\\/vdes-astrit-dushi-figure-e-njohur-e-mediave-ne-kosove\\\/#article\",\"isPartOf\":{\"@id\":\"https:\\\/\\\/kosovatimes.info\\\/index.php\\\/2026\\\/04\\\/30\\\/vdes-astrit-dushi-figure-e-njohur-e-mediave-ne-kosove\\\/\"},\"author\":{\"name\":\"i l\",\"@id\":\"https:\\\/\\\/kosovatimes.info\\\/#\\\/schema\\\/person\\\/7586712b9c512fe68085de007378c915\"},\"headline\":\"Vdes Astrit Dushi, figur\u00eb e njohur e mediave n\u00eb Kosov\u00eb\",\"datePublished\":\"2026-04-30T15:58:00+00:00\",\"dateModified\":\"2026-04-30T18:06:09+00:00\",\"mainEntityOfPage\":{\"@id\":\"https:\\\/\\\/kosovatimes.info\\\/index.php\\\/2026\\\/04\\\/30\\\/vdes-astrit-dushi-figure-e-njohur-e-mediave-ne-kosove\\\/\"},\"wordCount\":203,\"commentCount\":0,\"image\":{\"@id\":\"https:\\\/\\\/kosovatimes.info\\\/index.php\\\/2026\\\/04\\\/30\\\/vdes-astrit-dushi-figure-e-njohur-e-mediave-ne-kosove\\\/#primaryimage\"},\"thumbnailUrl\":\"https:\\\/\\\/kosovatimes.info\\\/wp-content\\\/uploads\\\/2026\\\/04\\\/Astrit.jpg\",\"articleSection\":[\"Kosov\u00eb\",\"Lajme\"],\"inLanguage\":\"en-US\",\"potentialAction\":[{\"@type\":\"CommentAction\",\"name\":\"Comment\",\"target\":[\"https:\\\/\\\/kosovatimes.info\\\/index.php\\\/2026\\\/04\\\/30\\\/vdes-astrit-dushi-figure-e-njohur-e-mediave-ne-kosove\\\/#respond\"]}]},{\"@type\":\"WebPage\",\"@id\":\"https:\\\/\\\/kosovatimes.info\\\/index.php\\\/2026\\\/04\\\/30\\\/vdes-astrit-dushi-figure-e-njohur-e-mediave-ne-kosove\\\/\",\"url\":\"https:\\\/\\\/kosovatimes.info\\\/index.php\\\/2026\\\/04\\\/30\\\/vdes-astrit-dushi-figure-e-njohur-e-mediave-ne-kosove\\\/\",\"name\":\"Vdes Astrit Dushi, figur\u00eb e njohur e mediave n\u00eb Kosov\u00eb - Kosova Times\",\"isPartOf\":{\"@id\":\"https:\\\/\\\/kosovatimes.info\\\/#website\"},\"primaryImageOfPage\":{\"@id\":\"https:\\\/\\\/kosovatimes.info\\\/index.php\\\/2026\\\/04\\\/30\\\/vdes-astrit-dushi-figure-e-njohur-e-mediave-ne-kosove\\\/#primaryimage\"},\"image\":{\"@id\":\"https:\\\/\\\/kosovatimes.info\\\/index.php\\\/2026\\\/04\\\/30\\\/vdes-astrit-dushi-figure-e-njohur-e-mediave-ne-kosove\\\/#primaryimage\"},\"thumbnailUrl\":\"https:\\\/\\\/kosovatimes.info\\\/wp-content\\\/uploads\\\/2026\\\/04\\\/Astrit.jpg\",\"datePublished\":\"2026-04-30T15:58:00+00:00\",\"dateModified\":\"2026-04-30T18:06:09+00:00\",\"author\":{\"@id\":\"https:\\\/\\\/kosovatimes.info\\\/#\\\/schema\\\/person\\\/7586712b9c512fe68085de007378c915\"},\"breadcrumb\":{\"@id\":\"https:\\\/\\\/kosovatimes.info\\\/index.php\\\/2026\\\/04\\\/30\\\/vdes-astrit-dushi-figure-e-njohur-e-mediave-ne-kosove\\\/#breadcrumb\"},\"inLanguage\":\"en-US\",\"potentialAction\":[{\"@type\":\"ReadAction\",\"target\":[\"https:\\\/\\\/kosovatimes.info\\\/index.php\\\/2026\\\/04\\\/30\\\/vdes-astrit-dushi-figure-e-njohur-e-mediave-ne-kosove\\\/\"]}]},{\"@type\":\"ImageObject\",\"inLanguage\":\"en-US\",\"@id\":\"https:\\\/\\\/kosovatimes.info\\\/index.php\\\/2026\\\/04\\\/30\\\/vdes-astrit-dushi-figure-e-njohur-e-mediave-ne-kosove\\\/#primaryimage\",\"url\":\"https:\\\/\\\/kosovatimes.info\\\/wp-content\\\/uploads\\\/2026\\\/04\\\/Astrit.jpg\",\"contentUrl\":\"https:\\\/\\\/kosovatimes.info\\\/wp-content\\\/uploads\\\/2026\\\/04\\\/Astrit.jpg\",\"width\":780,\"height\":500},{\"@type\":\"BreadcrumbList\",\"@id\":\"https:\\\/\\\/kosovatimes.info\\\/index.php\\\/2026\\\/04\\\/30\\\/vdes-astrit-dushi-figure-e-njohur-e-mediave-ne-kosove\\\/#breadcrumb\",\"itemListElement\":[{\"@type\":\"ListItem\",\"position\":1,\"name\":\"Home\",\"item\":\"https:\\\/\\\/kosovatimes.info\\\/\"},{\"@type\":\"ListItem\",\"position\":2,\"name\":\"Vdes Astrit Dushi, figur\u00eb e njohur e mediave n\u00eb Kosov\u00eb\"}]},{\"@type\":\"WebSite\",\"@id\":\"https:\\\/\\\/kosovatimes.info\\\/#website\",\"url\":\"https:\\\/\\\/kosovatimes.info\\\/\",\"name\":\"Kosova Times\",\"description\":\"\",\"potentialAction\":[{\"@type\":\"SearchAction\",\"target\":{\"@type\":\"EntryPoint\",\"urlTemplate\":\"https:\\\/\\\/kosovatimes.info\\\/?s={search_term_string}\"},\"query-input\":{\"@type\":\"PropertyValueSpecification\",\"valueRequired\":true,\"valueName\":\"search_term_string\"}}],\"inLanguage\":\"en-US\"},{\"@type\":\"Person\",\"@id\":\"https:\\\/\\\/kosovatimes.info\\\/#\\\/schema\\\/person\\\/7586712b9c512fe68085de007378c915\",\"name\":\"i l\",\"image\":{\"@type\":\"ImageObject\",\"inLanguage\":\"en-US\",\"@id\":\"https:\\\/\\\/secure.gravatar.com\\\/avatar\\\/bad9296e02816160ae2e2435beda58222022298d5625d49fea74d18816fbb31d?s=96&d=mm&r=g\",\"url\":\"https:\\\/\\\/secure.gravatar.com\\\/avatar\\\/bad9296e02816160ae2e2435beda58222022298d5625d49fea74d18816fbb31d?s=96&d=mm&r=g\",\"contentUrl\":\"https:\\\/\\\/secure.gravatar.com\\\/avatar\\\/bad9296e02816160ae2e2435beda58222022298d5625d49fea74d18816fbb31d?s=96&d=mm&r=g\",\"caption\":\"i l\"},\"url\":\"https:\\\/\\\/kosovatimes.info\\\/index.php\\\/author\\\/iliri\\\/\"}]}<\/script>\n<!-- \/ Yoast SEO plugin. -->","yoast_head_json":{"title":"Vdes Astrit Dushi, figur\u00eb e njohur e mediave n\u00eb Kosov\u00eb - Kosova Times","robots":{"index":"index","follow":"follow","max-snippet":"max-snippet:-1","max-image-preview":"max-image-preview:large","max-video-preview":"max-video-preview:-1"},"canonical":"https:\/\/kosovatimes.info\/index.php\/2026\/04\/30\/vdes-astrit-dushi-figure-e-njohur-e-mediave-ne-kosove\/","og_locale":"en_US","og_type":"article","og_title":"Vdes Astrit Dushi, figur\u00eb e njohur e mediave n\u00eb Kosov\u00eb - Kosova Times","og_description":"Ka nd\u00ebrruar jet\u00eb n\u00eb mosh\u00ebn 55-vje\u00e7are Astrit (Agron) Dushi, i njohur p\u00ebr angazhimin e tij n\u00eb fush\u00ebn e mediave dhe pun\u00ebn n\u00eb disa radio n\u00eb Kosov\u00eb. Lajmin p\u00ebr vdekjen e tij e kan\u00eb b\u00ebr\u00eb t\u00eb ditur familjar\u00ebt, t\u00eb cil\u00ebt kan\u00eb njoftuar edhe detajet rreth ceremonive mortore. Sipas njoftimit, varrimi i t\u00eb ndjerit do t\u00eb b\u00ebhet [&hellip;]","og_url":"https:\/\/kosovatimes.info\/index.php\/2026\/04\/30\/vdes-astrit-dushi-figure-e-njohur-e-mediave-ne-kosove\/","og_site_name":"Kosova Times","article_published_time":"2026-04-30T15:58:00+00:00","article_modified_time":"2026-04-30T18:06:09+00:00","og_image":[{"width":780,"height":500,"url":"https:\/\/kosovatimes.info\/wp-content\/uploads\/2026\/04\/Astrit.jpg","type":"image\/jpeg"}],"author":"i l","twitter_card":"summary_large_image","twitter_misc":{"Written by":"i l","Est. reading time":"1 minute"},"schema":{"@context":"https:\/\/schema.org","@graph":[{"@type":"Article","@id":"https:\/\/kosovatimes.info\/index.php\/2026\/04\/30\/vdes-astrit-dushi-figure-e-njohur-e-mediave-ne-kosove\/#article","isPartOf":{"@id":"https:\/\/kosovatimes.info\/index.php\/2026\/04\/30\/vdes-astrit-dushi-figure-e-njohur-e-mediave-ne-kosove\/"},"author":{"name":"i l","@id":"https:\/\/kosovatimes.info\/#\/schema\/person\/7586712b9c512fe68085de007378c915"},"headline":"Vdes Astrit Dushi, figur\u00eb e njohur e mediave n\u00eb Kosov\u00eb","datePublished":"2026-04-30T15:58:00+00:00","dateModified":"2026-04-30T18:06:09+00:00","mainEntityOfPage":{"@id":"https:\/\/kosovatimes.info\/index.php\/2026\/04\/30\/vdes-astrit-dushi-figure-e-njohur-e-mediave-ne-kosove\/"},"wordCount":203,"commentCount":0,"image":{"@id":"https:\/\/kosovatimes.info\/index.php\/2026\/04\/30\/vdes-astrit-dushi-figure-e-njohur-e-mediave-ne-kosove\/#primaryimage"},"thumbnailUrl":"https:\/\/kosovatimes.info\/wp-content\/uploads\/2026\/04\/Astrit.jpg","articleSection":["Kosov\u00eb","Lajme"],"inLanguage":"en-US","potentialAction":[{"@type":"CommentAction","name":"Comment","target":["https:\/\/kosovatimes.info\/index.php\/2026\/04\/30\/vdes-astrit-dushi-figure-e-njohur-e-mediave-ne-kosove\/#respond"]}]},{"@type":"WebPage","@id":"https:\/\/kosovatimes.info\/index.php\/2026\/04\/30\/vdes-astrit-dushi-figure-e-njohur-e-mediave-ne-kosove\/","url":"https:\/\/kosovatimes.info\/index.php\/2026\/04\/30\/vdes-astrit-dushi-figure-e-njohur-e-mediave-ne-kosove\/","name":"Vdes Astrit Dushi, figur\u00eb e njohur e mediave n\u00eb Kosov\u00eb - Kosova Times","isPartOf":{"@id":"https:\/\/kosovatimes.info\/#website"},"primaryImageOfPage":{"@id":"https:\/\/kosovatimes.info\/index.php\/2026\/04\/30\/vdes-astrit-dushi-figure-e-njohur-e-mediave-ne-kosove\/#primaryimage"},"image":{"@id":"https:\/\/kosovatimes.info\/index.php\/2026\/04\/30\/vdes-astrit-dushi-figure-e-njohur-e-mediave-ne-kosove\/#primaryimage"},"thumbnailUrl":"https:\/\/kosovatimes.info\/wp-content\/uploads\/2026\/04\/Astrit.jpg","datePublished":"2026-04-30T15:58:00+00:00","dateModified":"2026-04-30T18:06:09+00:00","author":{"@id":"https:\/\/kosovatimes.info\/#\/schema\/person\/7586712b9c512fe68085de007378c915"},"breadcrumb":{"@id":"https:\/\/kosovatimes.info\/index.php\/2026\/04\/30\/vdes-astrit-dushi-figure-e-njohur-e-mediave-ne-kosove\/#breadcrumb"},"inLanguage":"en-US","potentialAction":[{"@type":"ReadAction","target":["https:\/\/kosovatimes.info\/index.php\/2026\/04\/30\/vdes-astrit-dushi-figure-e-njohur-e-mediave-ne-kosove\/"]}]},{"@type":"ImageObject","inLanguage":"en-US","@id":"https:\/\/kosovatimes.info\/index.php\/2026\/04\/30\/vdes-astrit-dushi-figure-e-njohur-e-mediave-ne-kosove\/#primaryimage","url":"https:\/\/kosovatimes.info\/wp-content\/uploads\/2026\/04\/Astrit.jpg","contentUrl":"https:\/\/kosovatimes.info\/wp-content\/uploads\/2026\/04\/Astrit.jpg","width":780,"height":500},{"@type":"BreadcrumbList","@id":"https:\/\/kosovatimes.info\/index.php\/2026\/04\/30\/vdes-astrit-dushi-figure-e-njohur-e-mediave-ne-kosove\/#breadcrumb","itemListElement":[{"@type":"ListItem","position":1,"name":"Home","item":"https:\/\/kosovatimes.info\/"},{"@type":"ListItem","position":2,"name":"Vdes Astrit Dushi, figur\u00eb e njohur e mediave n\u00eb Kosov\u00eb"}]},{"@type":"WebSite","@id":"https:\/\/kosovatimes.info\/#website","url":"https:\/\/kosovatimes.info\/","name":"Kosova Times","description":"","potentialAction":[{"@type":"SearchAction","target":{"@type":"EntryPoint","urlTemplate":"https:\/\/kosovatimes.info\/?s={search_term_string}"},"query-input":{"@type":"PropertyValueSpecification","valueRequired":true,"valueName":"search_term_string"}}],"inLanguage":"en-US"},{"@type":"Person","@id":"https:\/\/kosovatimes.info\/#\/schema\/person\/7586712b9c512fe68085de007378c915","name":"i l","image":{"@type":"ImageObject","inLanguage":"en-US","@id":"https:\/\/secure.gravatar.com\/avatar\/bad9296e02816160ae2e2435beda58222022298d5625d49fea74d18816fbb31d?s=96&d=mm&r=g","url":"https:\/\/secure.gravatar.com\/avatar\/bad9296e02816160ae2e2435beda58222022298d5625d49fea74d18816fbb31d?s=96&d=mm&r=g","contentUrl":"https:\/\/secure.gravatar.com\/avatar\/bad9296e02816160ae2e2435beda58222022298d5625d49fea74d18816fbb31d?s=96&d=mm&r=g","caption":"i l"},"url":"https:\/\/kosovatimes.info\/index.php\/author\/iliri\/"}]}},"_links":{"self":[{"href":"https:\/\/kosovatimes.info\/index.php\/wp-json\/wp\/v2\/posts\/12790","targetHints":{"allow":["GET"]}}],"collection":[{"href":"https:\/\/kosovatimes.info\/index.php\/wp-json\/wp\/v2\/posts"}],"about":[{"href":"https:\/\/kosovatimes.info\/index.php\/wp-json\/wp\/v2\/types\/post"}],"author":[{"embeddable":true,"href":"https:\/\/kosovatimes.info\/index.php\/wp-json\/wp\/v2\/users\/4"}],"replies":[{"embeddable":true,"href":"https:\/\/kosovatimes.info\/index.php\/wp-json\/wp\/v2\/comments?post=12790"}],"version-history":[{"count":1,"href":"https:\/\/kosovatimes.info\/index.php\/wp-json\/wp\/v2\/posts\/12790\/revisions"}],"predecessor-version":[{"id":12792,"href":"https:\/\/kosovatimes.info\/index.php\/wp-json\/wp\/v2\/posts\/12790\/revisions\/12792"}],"wp:featuredmedia":[{"embeddable":true,"href":"https:\/\/kosovatimes.info\/index.php\/wp-json\/wp\/v2\/media\/12791"}],"wp:attachment":[{"href":"https:\/\/kosovatimes.info\/index.php\/wp-json\/wp\/v2\/media?parent=12790"}],"wp:term":[{"taxonomy":"category","embeddable":true,"href":"https:\/\/kosovatimes.info\/index.php\/wp-json\/wp\/v2\/categories?post=12790"},{"taxonomy":"post_tag","embeddable":true,"href":"https:\/\/kosovatimes.info\/index.php\/wp-json\/wp\/v2\/tags?post=12790"}],"curies":[{"name":"wp","href":"https:\/\/api.w.org\/{rel}","templated":true}]}}