{"id":12796,"date":"2026-04-30T18:19:00","date_gmt":"2026-04-30T16:19:00","guid":{"rendered":"https:\/\/kosovatimes.info\/?p=12796"},"modified":"2026-04-30T20:08:30","modified_gmt":"2026-04-30T18:08:30","slug":"griep-aktgjykimi-per-thacin-e-tjeret-trupi-gjykues-ne-fazen-e-kuvendimeve","status":"publish","type":"post","link":"https:\/\/kosovatimes.info\/index.php\/2026\/04\/30\/griep-aktgjykimi-per-thacin-e-tjeret-trupi-gjykues-ne-fazen-e-kuvendimeve\/","title":{"rendered":"Griep: Aktgjykimi p\u00ebr Tha\u00e7in e tjer\u00ebt, Trupi Gjykues n\u00eb faz\u00ebn e kuvendimeve"},"content":{"rendered":"\n<p><a target=\"_blank\" href=\"https:\/\/www.linkedin.com\/shareArticle?mini=true&amp;url=https%3A%2F%2Fwww.rtklive.com%2Fsq%2Fnews-single.php%3FID%3D723579\" rel=\"noreferrer noopener\"><\/a><\/p>\n\n\n\n<h2 class=\"wp-block-heading\"><strong>Z\u00ebdh\u00ebn\u00ebsja e Speciales, Angela Griep, n\u00eb informimin javor t\u00eb Dhomave t\u00eb Specializuara t\u00eb Kosov\u00ebs, sot ka b\u00ebr\u00eb me dije se n\u00eb rastin ndaj Hashim Tha\u00e7it, Kadri Veselit, Rexhep Selimit dhe Jakup Krasniqit, aktualisht, Trupi Gjykues n\u00eb k\u00ebt\u00eb \u00e7\u00ebshtje gjyq\u00ebsore \u00ebsht\u00eb n\u00eb faz\u00ebn e kuvendimeve.<\/strong><\/h2>\n\n\n\n<p><a href=\"https:\/\/www.scp-ks.org\/sites\/default\/files\/public\/30042026-Weekly%20Press%20Briefing-ALB.pdf\"><strong>\u201cAfati p\u00ebr nxjerrjen e aktgjykimit varet nga secila \u00e7\u00ebshtje. Rregullorja p\u00ebrcakton se Trupi Gjykues ka 90 dit\u00eb p\u00ebr t\u00eb arritur nj\u00eb verdikt, por mund t\u00eb shtyj\u00eb kuvendimet p\u00ebrtej 90 dit\u00ebve n\u00eb rast se, p\u00ebr shkak t\u00eb rrethanave, k\u00ebrkohet m\u00eb shum\u00eb koh\u00eb\u201d, tha ajo.<\/strong><\/a><img decoding=\"async\" alt=\"Angela Griep\" src=\"https:\/\/www.scp-ks.org\/sites\/default\/files\/public\/styles\/large\/public\/media\/image\/pba.jpg?itok=T5RCiqLE\"><\/p>\n\n\n\n<p>Sipas saj,&nbsp; data e sakt\u00eb e shpalljes s\u00eb verdiktit n\u00eb k\u00ebt\u00eb \u00e7\u00ebshtje nuk dihet ende por publiku do t\u00eb njoftohet kur gjykat\u00ebsit t\u00eb caktojn\u00eb dat\u00ebn.<\/p>\n\n\n\n<p>\u201cN\u00eb pajtim me Rregulloren e Procedur\u00ebs dhe t\u00eb Provave (rregulla 159), Trupi Gjykues nuk \u00ebsht\u00eb i detyruar t\u00eb \u201ck\u00ebrkoj\u00eb\u201d zgjatje t\u00eb afatit. Megjithat\u00eb, ai duhet t\u00eb paraqes\u00eb vendim t\u00eb arsyetuar p\u00ebr k\u00ebt\u00eb. Rregullorja nuk p\u00ebrcakton afat konkret p\u00ebr l\u00ebshimin e k\u00ebtij vendimi\u201d, tha ajo.<\/p>\n","protected":false},"excerpt":{"rendered":"<p>Z\u00ebdh\u00ebn\u00ebsja e Speciales, Angela Griep, n\u00eb informimin javor t\u00eb Dhomave t\u00eb Specializuara t\u00eb Kosov\u00ebs, sot ka b\u00ebr\u00eb me dije se n\u00eb rastin ndaj Hashim Tha\u00e7it, Kadri Veselit, Rexhep Selimit dhe Jakup Krasniqit, aktualisht, Trupi Gjykues n\u00eb k\u00ebt\u00eb \u00e7\u00ebshtje gjyq\u00ebsore \u00ebsht\u00eb n\u00eb faz\u00ebn e kuvendimeve. \u201cAfati p\u00ebr nxjerrjen e aktgjykimit varet nga secila \u00e7\u00ebshtje. Rregullorja p\u00ebrcakton [&hellip;]<\/p>\n","protected":false},"author":4,"featured_media":12797,"comment_status":"open","ping_status":"open","sticky":false,"template":"","format":"standard","meta":{"footnotes":""},"categories":[31,30],"tags":[],"class_list":{"0":"post-12796","1":"post","2":"type-post","3":"status-publish","4":"format-standard","5":"has-post-thumbnail","7":"category-kosove","8":"category-lajme"},"yoast_head":"<!-- This site is optimized with the Yoast SEO plugin v27.4 - https:\/\/yoast.com\/product\/yoast-seo-wordpress\/ -->\n<title>Griep: Aktgjykimi p\u00ebr Tha\u00e7in e tjer\u00ebt, Trupi Gjykues n\u00eb faz\u00ebn e kuvendimeve - Kosova Times<\/title>\n<meta name=\"robots\" content=\"index, follow, max-snippet:-1, max-image-preview:large, max-video-preview:-1\" \/>\n<link rel=\"canonical\" href=\"https:\/\/kosovatimes.info\/index.php\/2026\/04\/30\/griep-aktgjykimi-per-thacin-e-tjeret-trupi-gjykues-ne-fazen-e-kuvendimeve\/\" \/>\n<meta property=\"og:locale\" content=\"en_US\" \/>\n<meta property=\"og:type\" content=\"article\" \/>\n<meta property=\"og:title\" content=\"Griep: Aktgjykimi p\u00ebr Tha\u00e7in e tjer\u00ebt, Trupi Gjykues n\u00eb faz\u00ebn e kuvendimeve - Kosova Times\" \/>\n<meta property=\"og:description\" content=\"Z\u00ebdh\u00ebn\u00ebsja e Speciales, Angela Griep, n\u00eb informimin javor t\u00eb Dhomave t\u00eb Specializuara t\u00eb Kosov\u00ebs, sot ka b\u00ebr\u00eb me dije se n\u00eb rastin ndaj Hashim Tha\u00e7it, Kadri Veselit, Rexhep Selimit dhe Jakup Krasniqit, aktualisht, Trupi Gjykues n\u00eb k\u00ebt\u00eb \u00e7\u00ebshtje gjyq\u00ebsore \u00ebsht\u00eb n\u00eb faz\u00ebn e kuvendimeve. \u201cAfati p\u00ebr nxjerrjen e aktgjykimit varet nga secila \u00e7\u00ebshtje. Rregullorja p\u00ebrcakton [&hellip;]\" \/>\n<meta property=\"og:url\" content=\"https:\/\/kosovatimes.info\/index.php\/2026\/04\/30\/griep-aktgjykimi-per-thacin-e-tjeret-trupi-gjykues-ne-fazen-e-kuvendimeve\/\" \/>\n<meta property=\"og:site_name\" content=\"Kosova Times\" \/>\n<meta property=\"article:published_time\" content=\"2026-04-30T16:19:00+00:00\" \/>\n<meta property=\"article:modified_time\" content=\"2026-04-30T18:08:30+00:00\" \/>\n<meta property=\"og:image\" content=\"https:\/\/kosovatimes.info\/wp-content\/uploads\/2026\/04\/GRIEP.jpg\" \/>\n\t<meta property=\"og:image:width\" content=\"780\" \/>\n\t<meta property=\"og:image:height\" content=\"500\" \/>\n\t<meta property=\"og:image:type\" content=\"image\/jpeg\" \/>\n<meta name=\"author\" content=\"i l\" \/>\n<meta name=\"twitter:card\" content=\"summary_large_image\" \/>\n<meta name=\"twitter:label1\" content=\"Written by\" \/>\n\t<meta name=\"twitter:data1\" content=\"i l\" \/>\n\t<meta name=\"twitter:label2\" content=\"Est. reading time\" \/>\n\t<meta name=\"twitter:data2\" content=\"2 minutes\" \/>\n<script type=\"application\/ld+json\" class=\"yoast-schema-graph\">{\"@context\":\"https:\\\/\\\/schema.org\",\"@graph\":[{\"@type\":\"Article\",\"@id\":\"https:\\\/\\\/kosovatimes.info\\\/index.php\\\/2026\\\/04\\\/30\\\/griep-aktgjykimi-per-thacin-e-tjeret-trupi-gjykues-ne-fazen-e-kuvendimeve\\\/#article\",\"isPartOf\":{\"@id\":\"https:\\\/\\\/kosovatimes.info\\\/index.php\\\/2026\\\/04\\\/30\\\/griep-aktgjykimi-per-thacin-e-tjeret-trupi-gjykues-ne-fazen-e-kuvendimeve\\\/\"},\"author\":{\"name\":\"i l\",\"@id\":\"https:\\\/\\\/kosovatimes.info\\\/#\\\/schema\\\/person\\\/7586712b9c512fe68085de007378c915\"},\"headline\":\"Griep: Aktgjykimi p\u00ebr Tha\u00e7in e tjer\u00ebt, Trupi Gjykues n\u00eb faz\u00ebn e kuvendimeve\",\"datePublished\":\"2026-04-30T16:19:00+00:00\",\"dateModified\":\"2026-04-30T18:08:30+00:00\",\"mainEntityOfPage\":{\"@id\":\"https:\\\/\\\/kosovatimes.info\\\/index.php\\\/2026\\\/04\\\/30\\\/griep-aktgjykimi-per-thacin-e-tjeret-trupi-gjykues-ne-fazen-e-kuvendimeve\\\/\"},\"wordCount\":197,\"commentCount\":0,\"image\":{\"@id\":\"https:\\\/\\\/kosovatimes.info\\\/index.php\\\/2026\\\/04\\\/30\\\/griep-aktgjykimi-per-thacin-e-tjeret-trupi-gjykues-ne-fazen-e-kuvendimeve\\\/#primaryimage\"},\"thumbnailUrl\":\"https:\\\/\\\/kosovatimes.info\\\/wp-content\\\/uploads\\\/2026\\\/04\\\/GRIEP.jpg\",\"articleSection\":[\"Kosov\u00eb\",\"Lajme\"],\"inLanguage\":\"en-US\",\"potentialAction\":[{\"@type\":\"CommentAction\",\"name\":\"Comment\",\"target\":[\"https:\\\/\\\/kosovatimes.info\\\/index.php\\\/2026\\\/04\\\/30\\\/griep-aktgjykimi-per-thacin-e-tjeret-trupi-gjykues-ne-fazen-e-kuvendimeve\\\/#respond\"]}]},{\"@type\":\"WebPage\",\"@id\":\"https:\\\/\\\/kosovatimes.info\\\/index.php\\\/2026\\\/04\\\/30\\\/griep-aktgjykimi-per-thacin-e-tjeret-trupi-gjykues-ne-fazen-e-kuvendimeve\\\/\",\"url\":\"https:\\\/\\\/kosovatimes.info\\\/index.php\\\/2026\\\/04\\\/30\\\/griep-aktgjykimi-per-thacin-e-tjeret-trupi-gjykues-ne-fazen-e-kuvendimeve\\\/\",\"name\":\"Griep: Aktgjykimi p\u00ebr Tha\u00e7in e tjer\u00ebt, Trupi Gjykues n\u00eb faz\u00ebn e kuvendimeve - Kosova Times\",\"isPartOf\":{\"@id\":\"https:\\\/\\\/kosovatimes.info\\\/#website\"},\"primaryImageOfPage\":{\"@id\":\"https:\\\/\\\/kosovatimes.info\\\/index.php\\\/2026\\\/04\\\/30\\\/griep-aktgjykimi-per-thacin-e-tjeret-trupi-gjykues-ne-fazen-e-kuvendimeve\\\/#primaryimage\"},\"image\":{\"@id\":\"https:\\\/\\\/kosovatimes.info\\\/index.php\\\/2026\\\/04\\\/30\\\/griep-aktgjykimi-per-thacin-e-tjeret-trupi-gjykues-ne-fazen-e-kuvendimeve\\\/#primaryimage\"},\"thumbnailUrl\":\"https:\\\/\\\/kosovatimes.info\\\/wp-content\\\/uploads\\\/2026\\\/04\\\/GRIEP.jpg\",\"datePublished\":\"2026-04-30T16:19:00+00:00\",\"dateModified\":\"2026-04-30T18:08:30+00:00\",\"author\":{\"@id\":\"https:\\\/\\\/kosovatimes.info\\\/#\\\/schema\\\/person\\\/7586712b9c512fe68085de007378c915\"},\"breadcrumb\":{\"@id\":\"https:\\\/\\\/kosovatimes.info\\\/index.php\\\/2026\\\/04\\\/30\\\/griep-aktgjykimi-per-thacin-e-tjeret-trupi-gjykues-ne-fazen-e-kuvendimeve\\\/#breadcrumb\"},\"inLanguage\":\"en-US\",\"potentialAction\":[{\"@type\":\"ReadAction\",\"target\":[\"https:\\\/\\\/kosovatimes.info\\\/index.php\\\/2026\\\/04\\\/30\\\/griep-aktgjykimi-per-thacin-e-tjeret-trupi-gjykues-ne-fazen-e-kuvendimeve\\\/\"]}]},{\"@type\":\"ImageObject\",\"inLanguage\":\"en-US\",\"@id\":\"https:\\\/\\\/kosovatimes.info\\\/index.php\\\/2026\\\/04\\\/30\\\/griep-aktgjykimi-per-thacin-e-tjeret-trupi-gjykues-ne-fazen-e-kuvendimeve\\\/#primaryimage\",\"url\":\"https:\\\/\\\/kosovatimes.info\\\/wp-content\\\/uploads\\\/2026\\\/04\\\/GRIEP.jpg\",\"contentUrl\":\"https:\\\/\\\/kosovatimes.info\\\/wp-content\\\/uploads\\\/2026\\\/04\\\/GRIEP.jpg\",\"width\":780,\"height\":500},{\"@type\":\"BreadcrumbList\",\"@id\":\"https:\\\/\\\/kosovatimes.info\\\/index.php\\\/2026\\\/04\\\/30\\\/griep-aktgjykimi-per-thacin-e-tjeret-trupi-gjykues-ne-fazen-e-kuvendimeve\\\/#breadcrumb\",\"itemListElement\":[{\"@type\":\"ListItem\",\"position\":1,\"name\":\"Home\",\"item\":\"https:\\\/\\\/kosovatimes.info\\\/\"},{\"@type\":\"ListItem\",\"position\":2,\"name\":\"Griep: Aktgjykimi p\u00ebr Tha\u00e7in e tjer\u00ebt, Trupi Gjykues n\u00eb faz\u00ebn e kuvendimeve\"}]},{\"@type\":\"WebSite\",\"@id\":\"https:\\\/\\\/kosovatimes.info\\\/#website\",\"url\":\"https:\\\/\\\/kosovatimes.info\\\/\",\"name\":\"Kosova Times\",\"description\":\"\",\"potentialAction\":[{\"@type\":\"SearchAction\",\"target\":{\"@type\":\"EntryPoint\",\"urlTemplate\":\"https:\\\/\\\/kosovatimes.info\\\/?s={search_term_string}\"},\"query-input\":{\"@type\":\"PropertyValueSpecification\",\"valueRequired\":true,\"valueName\":\"search_term_string\"}}],\"inLanguage\":\"en-US\"},{\"@type\":\"Person\",\"@id\":\"https:\\\/\\\/kosovatimes.info\\\/#\\\/schema\\\/person\\\/7586712b9c512fe68085de007378c915\",\"name\":\"i l\",\"image\":{\"@type\":\"ImageObject\",\"inLanguage\":\"en-US\",\"@id\":\"https:\\\/\\\/secure.gravatar.com\\\/avatar\\\/bad9296e02816160ae2e2435beda58222022298d5625d49fea74d18816fbb31d?s=96&d=mm&r=g\",\"url\":\"https:\\\/\\\/secure.gravatar.com\\\/avatar\\\/bad9296e02816160ae2e2435beda58222022298d5625d49fea74d18816fbb31d?s=96&d=mm&r=g\",\"contentUrl\":\"https:\\\/\\\/secure.gravatar.com\\\/avatar\\\/bad9296e02816160ae2e2435beda58222022298d5625d49fea74d18816fbb31d?s=96&d=mm&r=g\",\"caption\":\"i l\"},\"url\":\"https:\\\/\\\/kosovatimes.info\\\/index.php\\\/author\\\/iliri\\\/\"}]}<\/script>\n<!-- \/ Yoast SEO plugin. -->","yoast_head_json":{"title":"Griep: Aktgjykimi p\u00ebr Tha\u00e7in e tjer\u00ebt, Trupi Gjykues n\u00eb faz\u00ebn e kuvendimeve - Kosova Times","robots":{"index":"index","follow":"follow","max-snippet":"max-snippet:-1","max-image-preview":"max-image-preview:large","max-video-preview":"max-video-preview:-1"},"canonical":"https:\/\/kosovatimes.info\/index.php\/2026\/04\/30\/griep-aktgjykimi-per-thacin-e-tjeret-trupi-gjykues-ne-fazen-e-kuvendimeve\/","og_locale":"en_US","og_type":"article","og_title":"Griep: Aktgjykimi p\u00ebr Tha\u00e7in e tjer\u00ebt, Trupi Gjykues n\u00eb faz\u00ebn e kuvendimeve - Kosova Times","og_description":"Z\u00ebdh\u00ebn\u00ebsja e Speciales, Angela Griep, n\u00eb informimin javor t\u00eb Dhomave t\u00eb Specializuara t\u00eb Kosov\u00ebs, sot ka b\u00ebr\u00eb me dije se n\u00eb rastin ndaj Hashim Tha\u00e7it, Kadri Veselit, Rexhep Selimit dhe Jakup Krasniqit, aktualisht, Trupi Gjykues n\u00eb k\u00ebt\u00eb \u00e7\u00ebshtje gjyq\u00ebsore \u00ebsht\u00eb n\u00eb faz\u00ebn e kuvendimeve. \u201cAfati p\u00ebr nxjerrjen e aktgjykimit varet nga secila \u00e7\u00ebshtje. Rregullorja p\u00ebrcakton [&hellip;]","og_url":"https:\/\/kosovatimes.info\/index.php\/2026\/04\/30\/griep-aktgjykimi-per-thacin-e-tjeret-trupi-gjykues-ne-fazen-e-kuvendimeve\/","og_site_name":"Kosova Times","article_published_time":"2026-04-30T16:19:00+00:00","article_modified_time":"2026-04-30T18:08:30+00:00","og_image":[{"width":780,"height":500,"url":"https:\/\/kosovatimes.info\/wp-content\/uploads\/2026\/04\/GRIEP.jpg","type":"image\/jpeg"}],"author":"i l","twitter_card":"summary_large_image","twitter_misc":{"Written by":"i l","Est. reading time":"2 minutes"},"schema":{"@context":"https:\/\/schema.org","@graph":[{"@type":"Article","@id":"https:\/\/kosovatimes.info\/index.php\/2026\/04\/30\/griep-aktgjykimi-per-thacin-e-tjeret-trupi-gjykues-ne-fazen-e-kuvendimeve\/#article","isPartOf":{"@id":"https:\/\/kosovatimes.info\/index.php\/2026\/04\/30\/griep-aktgjykimi-per-thacin-e-tjeret-trupi-gjykues-ne-fazen-e-kuvendimeve\/"},"author":{"name":"i l","@id":"https:\/\/kosovatimes.info\/#\/schema\/person\/7586712b9c512fe68085de007378c915"},"headline":"Griep: Aktgjykimi p\u00ebr Tha\u00e7in e tjer\u00ebt, Trupi Gjykues n\u00eb faz\u00ebn e kuvendimeve","datePublished":"2026-04-30T16:19:00+00:00","dateModified":"2026-04-30T18:08:30+00:00","mainEntityOfPage":{"@id":"https:\/\/kosovatimes.info\/index.php\/2026\/04\/30\/griep-aktgjykimi-per-thacin-e-tjeret-trupi-gjykues-ne-fazen-e-kuvendimeve\/"},"wordCount":197,"commentCount":0,"image":{"@id":"https:\/\/kosovatimes.info\/index.php\/2026\/04\/30\/griep-aktgjykimi-per-thacin-e-tjeret-trupi-gjykues-ne-fazen-e-kuvendimeve\/#primaryimage"},"thumbnailUrl":"https:\/\/kosovatimes.info\/wp-content\/uploads\/2026\/04\/GRIEP.jpg","articleSection":["Kosov\u00eb","Lajme"],"inLanguage":"en-US","potentialAction":[{"@type":"CommentAction","name":"Comment","target":["https:\/\/kosovatimes.info\/index.php\/2026\/04\/30\/griep-aktgjykimi-per-thacin-e-tjeret-trupi-gjykues-ne-fazen-e-kuvendimeve\/#respond"]}]},{"@type":"WebPage","@id":"https:\/\/kosovatimes.info\/index.php\/2026\/04\/30\/griep-aktgjykimi-per-thacin-e-tjeret-trupi-gjykues-ne-fazen-e-kuvendimeve\/","url":"https:\/\/kosovatimes.info\/index.php\/2026\/04\/30\/griep-aktgjykimi-per-thacin-e-tjeret-trupi-gjykues-ne-fazen-e-kuvendimeve\/","name":"Griep: Aktgjykimi p\u00ebr Tha\u00e7in e tjer\u00ebt, Trupi Gjykues n\u00eb faz\u00ebn e kuvendimeve - Kosova Times","isPartOf":{"@id":"https:\/\/kosovatimes.info\/#website"},"primaryImageOfPage":{"@id":"https:\/\/kosovatimes.info\/index.php\/2026\/04\/30\/griep-aktgjykimi-per-thacin-e-tjeret-trupi-gjykues-ne-fazen-e-kuvendimeve\/#primaryimage"},"image":{"@id":"https:\/\/kosovatimes.info\/index.php\/2026\/04\/30\/griep-aktgjykimi-per-thacin-e-tjeret-trupi-gjykues-ne-fazen-e-kuvendimeve\/#primaryimage"},"thumbnailUrl":"https:\/\/kosovatimes.info\/wp-content\/uploads\/2026\/04\/GRIEP.jpg","datePublished":"2026-04-30T16:19:00+00:00","dateModified":"2026-04-30T18:08:30+00:00","author":{"@id":"https:\/\/kosovatimes.info\/#\/schema\/person\/7586712b9c512fe68085de007378c915"},"breadcrumb":{"@id":"https:\/\/kosovatimes.info\/index.php\/2026\/04\/30\/griep-aktgjykimi-per-thacin-e-tjeret-trupi-gjykues-ne-fazen-e-kuvendimeve\/#breadcrumb"},"inLanguage":"en-US","potentialAction":[{"@type":"ReadAction","target":["https:\/\/kosovatimes.info\/index.php\/2026\/04\/30\/griep-aktgjykimi-per-thacin-e-tjeret-trupi-gjykues-ne-fazen-e-kuvendimeve\/"]}]},{"@type":"ImageObject","inLanguage":"en-US","@id":"https:\/\/kosovatimes.info\/index.php\/2026\/04\/30\/griep-aktgjykimi-per-thacin-e-tjeret-trupi-gjykues-ne-fazen-e-kuvendimeve\/#primaryimage","url":"https:\/\/kosovatimes.info\/wp-content\/uploads\/2026\/04\/GRIEP.jpg","contentUrl":"https:\/\/kosovatimes.info\/wp-content\/uploads\/2026\/04\/GRIEP.jpg","width":780,"height":500},{"@type":"BreadcrumbList","@id":"https:\/\/kosovatimes.info\/index.php\/2026\/04\/30\/griep-aktgjykimi-per-thacin-e-tjeret-trupi-gjykues-ne-fazen-e-kuvendimeve\/#breadcrumb","itemListElement":[{"@type":"ListItem","position":1,"name":"Home","item":"https:\/\/kosovatimes.info\/"},{"@type":"ListItem","position":2,"name":"Griep: Aktgjykimi p\u00ebr Tha\u00e7in e tjer\u00ebt, Trupi Gjykues n\u00eb faz\u00ebn e kuvendimeve"}]},{"@type":"WebSite","@id":"https:\/\/kosovatimes.info\/#website","url":"https:\/\/kosovatimes.info\/","name":"Kosova Times","description":"","potentialAction":[{"@type":"SearchAction","target":{"@type":"EntryPoint","urlTemplate":"https:\/\/kosovatimes.info\/?s={search_term_string}"},"query-input":{"@type":"PropertyValueSpecification","valueRequired":true,"valueName":"search_term_string"}}],"inLanguage":"en-US"},{"@type":"Person","@id":"https:\/\/kosovatimes.info\/#\/schema\/person\/7586712b9c512fe68085de007378c915","name":"i l","image":{"@type":"ImageObject","inLanguage":"en-US","@id":"https:\/\/secure.gravatar.com\/avatar\/bad9296e02816160ae2e2435beda58222022298d5625d49fea74d18816fbb31d?s=96&d=mm&r=g","url":"https:\/\/secure.gravatar.com\/avatar\/bad9296e02816160ae2e2435beda58222022298d5625d49fea74d18816fbb31d?s=96&d=mm&r=g","contentUrl":"https:\/\/secure.gravatar.com\/avatar\/bad9296e02816160ae2e2435beda58222022298d5625d49fea74d18816fbb31d?s=96&d=mm&r=g","caption":"i l"},"url":"https:\/\/kosovatimes.info\/index.php\/author\/iliri\/"}]}},"_links":{"self":[{"href":"https:\/\/kosovatimes.info\/index.php\/wp-json\/wp\/v2\/posts\/12796","targetHints":{"allow":["GET"]}}],"collection":[{"href":"https:\/\/kosovatimes.info\/index.php\/wp-json\/wp\/v2\/posts"}],"about":[{"href":"https:\/\/kosovatimes.info\/index.php\/wp-json\/wp\/v2\/types\/post"}],"author":[{"embeddable":true,"href":"https:\/\/kosovatimes.info\/index.php\/wp-json\/wp\/v2\/users\/4"}],"replies":[{"embeddable":true,"href":"https:\/\/kosovatimes.info\/index.php\/wp-json\/wp\/v2\/comments?post=12796"}],"version-history":[{"count":1,"href":"https:\/\/kosovatimes.info\/index.php\/wp-json\/wp\/v2\/posts\/12796\/revisions"}],"predecessor-version":[{"id":12798,"href":"https:\/\/kosovatimes.info\/index.php\/wp-json\/wp\/v2\/posts\/12796\/revisions\/12798"}],"wp:featuredmedia":[{"embeddable":true,"href":"https:\/\/kosovatimes.info\/index.php\/wp-json\/wp\/v2\/media\/12797"}],"wp:attachment":[{"href":"https:\/\/kosovatimes.info\/index.php\/wp-json\/wp\/v2\/media?parent=12796"}],"wp:term":[{"taxonomy":"category","embeddable":true,"href":"https:\/\/kosovatimes.info\/index.php\/wp-json\/wp\/v2\/categories?post=12796"},{"taxonomy":"post_tag","embeddable":true,"href":"https:\/\/kosovatimes.info\/index.php\/wp-json\/wp\/v2\/tags?post=12796"}],"curies":[{"name":"wp","href":"https:\/\/api.w.org\/{rel}","templated":true}]}}