{"id":12801,"date":"2026-04-30T20:54:00","date_gmt":"2026-04-30T18:54:00","guid":{"rendered":"https:\/\/kosovatimes.info\/?p=12801"},"modified":"2026-04-30T22:10:32","modified_gmt":"2026-04-30T20:10:32","slug":"hamza-pret-ne-takim-carafanon-theksohet-thellimi-i-aleances-kosove-shba","status":"publish","type":"post","link":"https:\/\/kosovatimes.info\/index.php\/2026\/04\/30\/hamza-pret-ne-takim-carafanon-theksohet-thellimi-i-aleances-kosove-shba\/","title":{"rendered":"Hamza pret n\u00eb takim Carafanon, theksohet thellimi i aleanc\u00ebs Kosov\u00eb\u2013SHBA"},"content":{"rendered":"\n<p><strong>Kryetari i Partis\u00eb Demokratike t\u00eb Kosov\u00ebs (PDK), Bedri Hamza, ka zhvilluar nj\u00eb takim pune n\u00eb Prishtin\u00eb me James Carafano, k\u00ebshilltar i lart\u00eb n\u00eb The Heritage Foundation dhe nj\u00eb nga ekspert\u00ebt m\u00eb t\u00eb njohur amerikan\u00eb n\u00eb fush\u00ebn e siguris\u00eb komb\u00ebtare dhe politik\u00ebs s\u00eb jashtme.<\/strong><\/p>\n\n\n\n<p>Hamza ka th\u00ebn\u00eb se ky \u00ebsht\u00eb takimi i dyt\u00eb mes tyre, pas atij t\u00eb zhvilluar vitin e kaluar n\u00eb Washington DC, duke theksuar r\u00ebnd\u00ebsin\u00eb e vazhdimit t\u00eb k\u00ebtij dialogu.<\/p>\n\n\n\n<p>&#8220;Nj\u00eb takim pune n\u00eb Prishtin\u00eb me James Carafano nga Washington DC. James \u00ebsht\u00eb K\u00ebshilltar i Lart\u00eb i Presidentit n\u00eb \u201cThe Heritage Foundation\u201d dhe E.W. Richardson Fellow. Me James po takohemi p\u00ebrs\u00ebri pas takimit q\u00eb pat\u00ebm vitin e kaluar n\u00eb Washington. Ai \u00ebsht\u00eb ekspert i njohur n\u00eb fush\u00ebn e siguris\u00eb komb\u00ebtare dhe politik\u00ebs s\u00eb jashtme, p\u00ebrfshir\u00eb sektorin e energjis\u00eb, si dhe nd\u00ebr z\u00ebrat m\u00eb me ndikim sot. U pajtuam q\u00eb ka ardhur koha q\u00eb Kosova dhe SHBA-ja t\u00eb bashk\u00ebpunojn\u00eb shum\u00eb m\u00eb ngusht\u00eb dhe n\u00eb m\u00ebnyr\u00eb m\u00eb t\u00eb strukturuar drejt nj\u00eb aleance q\u00eb nd\u00ebrtohet bazuar n\u00eb interesat e p\u00ebrbashk\u00ebta strategjike&#8221;, ka shkruar Hamza n\u00eb Facebook.<\/p>\n","protected":false},"excerpt":{"rendered":"<p>Kryetari i Partis\u00eb Demokratike t\u00eb Kosov\u00ebs (PDK), Bedri Hamza, ka zhvilluar nj\u00eb takim pune n\u00eb Prishtin\u00eb me James Carafano, k\u00ebshilltar i lart\u00eb n\u00eb The Heritage Foundation dhe nj\u00eb nga ekspert\u00ebt m\u00eb t\u00eb njohur amerikan\u00eb n\u00eb fush\u00ebn e siguris\u00eb komb\u00ebtare dhe politik\u00ebs s\u00eb jashtme. Hamza ka th\u00ebn\u00eb se ky \u00ebsht\u00eb takimi i dyt\u00eb mes tyre, pas [&hellip;]<\/p>\n","protected":false},"author":4,"featured_media":12802,"comment_status":"open","ping_status":"open","sticky":false,"template":"","format":"standard","meta":{"footnotes":""},"categories":[31,30],"tags":[],"class_list":{"0":"post-12801","1":"post","2":"type-post","3":"status-publish","4":"format-standard","5":"has-post-thumbnail","7":"category-kosove","8":"category-lajme"},"yoast_head":"<!-- This site is optimized with the Yoast SEO plugin v27.4 - https:\/\/yoast.com\/product\/yoast-seo-wordpress\/ -->\n<title>Hamza pret n\u00eb takim Carafanon, theksohet thellimi i aleanc\u00ebs Kosov\u00eb\u2013SHBA - Kosova Times<\/title>\n<meta name=\"robots\" content=\"index, follow, max-snippet:-1, max-image-preview:large, max-video-preview:-1\" \/>\n<link rel=\"canonical\" href=\"https:\/\/kosovatimes.info\/index.php\/2026\/04\/30\/hamza-pret-ne-takim-carafanon-theksohet-thellimi-i-aleances-kosove-shba\/\" \/>\n<meta property=\"og:locale\" content=\"en_US\" \/>\n<meta property=\"og:type\" content=\"article\" \/>\n<meta property=\"og:title\" content=\"Hamza pret n\u00eb takim Carafanon, theksohet thellimi i aleanc\u00ebs Kosov\u00eb\u2013SHBA - Kosova Times\" \/>\n<meta property=\"og:description\" content=\"Kryetari i Partis\u00eb Demokratike t\u00eb Kosov\u00ebs (PDK), Bedri Hamza, ka zhvilluar nj\u00eb takim pune n\u00eb Prishtin\u00eb me James Carafano, k\u00ebshilltar i lart\u00eb n\u00eb The Heritage Foundation dhe nj\u00eb nga ekspert\u00ebt m\u00eb t\u00eb njohur amerikan\u00eb n\u00eb fush\u00ebn e siguris\u00eb komb\u00ebtare dhe politik\u00ebs s\u00eb jashtme. Hamza ka th\u00ebn\u00eb se ky \u00ebsht\u00eb takimi i dyt\u00eb mes tyre, pas [&hellip;]\" \/>\n<meta property=\"og:url\" content=\"https:\/\/kosovatimes.info\/index.php\/2026\/04\/30\/hamza-pret-ne-takim-carafanon-theksohet-thellimi-i-aleances-kosove-shba\/\" \/>\n<meta property=\"og:site_name\" content=\"Kosova Times\" \/>\n<meta property=\"article:published_time\" content=\"2026-04-30T18:54:00+00:00\" \/>\n<meta property=\"article:modified_time\" content=\"2026-04-30T20:10:32+00:00\" \/>\n<meta property=\"og:image\" content=\"https:\/\/kosovatimes.info\/wp-content\/uploads\/2026\/04\/hamza-10.jpg\" \/>\n\t<meta property=\"og:image:width\" content=\"780\" \/>\n\t<meta property=\"og:image:height\" content=\"500\" \/>\n\t<meta property=\"og:image:type\" content=\"image\/jpeg\" \/>\n<meta name=\"author\" content=\"i l\" \/>\n<meta name=\"twitter:card\" content=\"summary_large_image\" \/>\n<meta name=\"twitter:label1\" content=\"Written by\" \/>\n\t<meta name=\"twitter:data1\" content=\"i l\" \/>\n\t<meta name=\"twitter:label2\" content=\"Est. reading time\" \/>\n\t<meta name=\"twitter:data2\" content=\"1 minute\" \/>\n<script type=\"application\/ld+json\" class=\"yoast-schema-graph\">{\"@context\":\"https:\\\/\\\/schema.org\",\"@graph\":[{\"@type\":\"Article\",\"@id\":\"https:\\\/\\\/kosovatimes.info\\\/index.php\\\/2026\\\/04\\\/30\\\/hamza-pret-ne-takim-carafanon-theksohet-thellimi-i-aleances-kosove-shba\\\/#article\",\"isPartOf\":{\"@id\":\"https:\\\/\\\/kosovatimes.info\\\/index.php\\\/2026\\\/04\\\/30\\\/hamza-pret-ne-takim-carafanon-theksohet-thellimi-i-aleances-kosove-shba\\\/\"},\"author\":{\"name\":\"i l\",\"@id\":\"https:\\\/\\\/kosovatimes.info\\\/#\\\/schema\\\/person\\\/7586712b9c512fe68085de007378c915\"},\"headline\":\"Hamza pret n\u00eb takim Carafanon, theksohet thellimi i aleanc\u00ebs Kosov\u00eb\u2013SHBA\",\"datePublished\":\"2026-04-30T18:54:00+00:00\",\"dateModified\":\"2026-04-30T20:10:32+00:00\",\"mainEntityOfPage\":{\"@id\":\"https:\\\/\\\/kosovatimes.info\\\/index.php\\\/2026\\\/04\\\/30\\\/hamza-pret-ne-takim-carafanon-theksohet-thellimi-i-aleances-kosove-shba\\\/\"},\"wordCount\":213,\"commentCount\":0,\"image\":{\"@id\":\"https:\\\/\\\/kosovatimes.info\\\/index.php\\\/2026\\\/04\\\/30\\\/hamza-pret-ne-takim-carafanon-theksohet-thellimi-i-aleances-kosove-shba\\\/#primaryimage\"},\"thumbnailUrl\":\"https:\\\/\\\/kosovatimes.info\\\/wp-content\\\/uploads\\\/2026\\\/04\\\/hamza-10.jpg\",\"articleSection\":[\"Kosov\u00eb\",\"Lajme\"],\"inLanguage\":\"en-US\",\"potentialAction\":[{\"@type\":\"CommentAction\",\"name\":\"Comment\",\"target\":[\"https:\\\/\\\/kosovatimes.info\\\/index.php\\\/2026\\\/04\\\/30\\\/hamza-pret-ne-takim-carafanon-theksohet-thellimi-i-aleances-kosove-shba\\\/#respond\"]}]},{\"@type\":\"WebPage\",\"@id\":\"https:\\\/\\\/kosovatimes.info\\\/index.php\\\/2026\\\/04\\\/30\\\/hamza-pret-ne-takim-carafanon-theksohet-thellimi-i-aleances-kosove-shba\\\/\",\"url\":\"https:\\\/\\\/kosovatimes.info\\\/index.php\\\/2026\\\/04\\\/30\\\/hamza-pret-ne-takim-carafanon-theksohet-thellimi-i-aleances-kosove-shba\\\/\",\"name\":\"Hamza pret n\u00eb takim Carafanon, theksohet thellimi i aleanc\u00ebs Kosov\u00eb\u2013SHBA - Kosova Times\",\"isPartOf\":{\"@id\":\"https:\\\/\\\/kosovatimes.info\\\/#website\"},\"primaryImageOfPage\":{\"@id\":\"https:\\\/\\\/kosovatimes.info\\\/index.php\\\/2026\\\/04\\\/30\\\/hamza-pret-ne-takim-carafanon-theksohet-thellimi-i-aleances-kosove-shba\\\/#primaryimage\"},\"image\":{\"@id\":\"https:\\\/\\\/kosovatimes.info\\\/index.php\\\/2026\\\/04\\\/30\\\/hamza-pret-ne-takim-carafanon-theksohet-thellimi-i-aleances-kosove-shba\\\/#primaryimage\"},\"thumbnailUrl\":\"https:\\\/\\\/kosovatimes.info\\\/wp-content\\\/uploads\\\/2026\\\/04\\\/hamza-10.jpg\",\"datePublished\":\"2026-04-30T18:54:00+00:00\",\"dateModified\":\"2026-04-30T20:10:32+00:00\",\"author\":{\"@id\":\"https:\\\/\\\/kosovatimes.info\\\/#\\\/schema\\\/person\\\/7586712b9c512fe68085de007378c915\"},\"breadcrumb\":{\"@id\":\"https:\\\/\\\/kosovatimes.info\\\/index.php\\\/2026\\\/04\\\/30\\\/hamza-pret-ne-takim-carafanon-theksohet-thellimi-i-aleances-kosove-shba\\\/#breadcrumb\"},\"inLanguage\":\"en-US\",\"potentialAction\":[{\"@type\":\"ReadAction\",\"target\":[\"https:\\\/\\\/kosovatimes.info\\\/index.php\\\/2026\\\/04\\\/30\\\/hamza-pret-ne-takim-carafanon-theksohet-thellimi-i-aleances-kosove-shba\\\/\"]}]},{\"@type\":\"ImageObject\",\"inLanguage\":\"en-US\",\"@id\":\"https:\\\/\\\/kosovatimes.info\\\/index.php\\\/2026\\\/04\\\/30\\\/hamza-pret-ne-takim-carafanon-theksohet-thellimi-i-aleances-kosove-shba\\\/#primaryimage\",\"url\":\"https:\\\/\\\/kosovatimes.info\\\/wp-content\\\/uploads\\\/2026\\\/04\\\/hamza-10.jpg\",\"contentUrl\":\"https:\\\/\\\/kosovatimes.info\\\/wp-content\\\/uploads\\\/2026\\\/04\\\/hamza-10.jpg\",\"width\":780,\"height\":500},{\"@type\":\"BreadcrumbList\",\"@id\":\"https:\\\/\\\/kosovatimes.info\\\/index.php\\\/2026\\\/04\\\/30\\\/hamza-pret-ne-takim-carafanon-theksohet-thellimi-i-aleances-kosove-shba\\\/#breadcrumb\",\"itemListElement\":[{\"@type\":\"ListItem\",\"position\":1,\"name\":\"Home\",\"item\":\"https:\\\/\\\/kosovatimes.info\\\/\"},{\"@type\":\"ListItem\",\"position\":2,\"name\":\"Hamza pret n\u00eb takim Carafanon, theksohet thellimi i aleanc\u00ebs Kosov\u00eb\u2013SHBA\"}]},{\"@type\":\"WebSite\",\"@id\":\"https:\\\/\\\/kosovatimes.info\\\/#website\",\"url\":\"https:\\\/\\\/kosovatimes.info\\\/\",\"name\":\"Kosova Times\",\"description\":\"\",\"potentialAction\":[{\"@type\":\"SearchAction\",\"target\":{\"@type\":\"EntryPoint\",\"urlTemplate\":\"https:\\\/\\\/kosovatimes.info\\\/?s={search_term_string}\"},\"query-input\":{\"@type\":\"PropertyValueSpecification\",\"valueRequired\":true,\"valueName\":\"search_term_string\"}}],\"inLanguage\":\"en-US\"},{\"@type\":\"Person\",\"@id\":\"https:\\\/\\\/kosovatimes.info\\\/#\\\/schema\\\/person\\\/7586712b9c512fe68085de007378c915\",\"name\":\"i l\",\"image\":{\"@type\":\"ImageObject\",\"inLanguage\":\"en-US\",\"@id\":\"https:\\\/\\\/secure.gravatar.com\\\/avatar\\\/bad9296e02816160ae2e2435beda58222022298d5625d49fea74d18816fbb31d?s=96&d=mm&r=g\",\"url\":\"https:\\\/\\\/secure.gravatar.com\\\/avatar\\\/bad9296e02816160ae2e2435beda58222022298d5625d49fea74d18816fbb31d?s=96&d=mm&r=g\",\"contentUrl\":\"https:\\\/\\\/secure.gravatar.com\\\/avatar\\\/bad9296e02816160ae2e2435beda58222022298d5625d49fea74d18816fbb31d?s=96&d=mm&r=g\",\"caption\":\"i l\"},\"url\":\"https:\\\/\\\/kosovatimes.info\\\/index.php\\\/author\\\/iliri\\\/\"}]}<\/script>\n<!-- \/ Yoast SEO plugin. -->","yoast_head_json":{"title":"Hamza pret n\u00eb takim Carafanon, theksohet thellimi i aleanc\u00ebs Kosov\u00eb\u2013SHBA - Kosova Times","robots":{"index":"index","follow":"follow","max-snippet":"max-snippet:-1","max-image-preview":"max-image-preview:large","max-video-preview":"max-video-preview:-1"},"canonical":"https:\/\/kosovatimes.info\/index.php\/2026\/04\/30\/hamza-pret-ne-takim-carafanon-theksohet-thellimi-i-aleances-kosove-shba\/","og_locale":"en_US","og_type":"article","og_title":"Hamza pret n\u00eb takim Carafanon, theksohet thellimi i aleanc\u00ebs Kosov\u00eb\u2013SHBA - Kosova Times","og_description":"Kryetari i Partis\u00eb Demokratike t\u00eb Kosov\u00ebs (PDK), Bedri Hamza, ka zhvilluar nj\u00eb takim pune n\u00eb Prishtin\u00eb me James Carafano, k\u00ebshilltar i lart\u00eb n\u00eb The Heritage Foundation dhe nj\u00eb nga ekspert\u00ebt m\u00eb t\u00eb njohur amerikan\u00eb n\u00eb fush\u00ebn e siguris\u00eb komb\u00ebtare dhe politik\u00ebs s\u00eb jashtme. Hamza ka th\u00ebn\u00eb se ky \u00ebsht\u00eb takimi i dyt\u00eb mes tyre, pas [&hellip;]","og_url":"https:\/\/kosovatimes.info\/index.php\/2026\/04\/30\/hamza-pret-ne-takim-carafanon-theksohet-thellimi-i-aleances-kosove-shba\/","og_site_name":"Kosova Times","article_published_time":"2026-04-30T18:54:00+00:00","article_modified_time":"2026-04-30T20:10:32+00:00","og_image":[{"width":780,"height":500,"url":"https:\/\/kosovatimes.info\/wp-content\/uploads\/2026\/04\/hamza-10.jpg","type":"image\/jpeg"}],"author":"i l","twitter_card":"summary_large_image","twitter_misc":{"Written by":"i l","Est. reading time":"1 minute"},"schema":{"@context":"https:\/\/schema.org","@graph":[{"@type":"Article","@id":"https:\/\/kosovatimes.info\/index.php\/2026\/04\/30\/hamza-pret-ne-takim-carafanon-theksohet-thellimi-i-aleances-kosove-shba\/#article","isPartOf":{"@id":"https:\/\/kosovatimes.info\/index.php\/2026\/04\/30\/hamza-pret-ne-takim-carafanon-theksohet-thellimi-i-aleances-kosove-shba\/"},"author":{"name":"i l","@id":"https:\/\/kosovatimes.info\/#\/schema\/person\/7586712b9c512fe68085de007378c915"},"headline":"Hamza pret n\u00eb takim Carafanon, theksohet thellimi i aleanc\u00ebs Kosov\u00eb\u2013SHBA","datePublished":"2026-04-30T18:54:00+00:00","dateModified":"2026-04-30T20:10:32+00:00","mainEntityOfPage":{"@id":"https:\/\/kosovatimes.info\/index.php\/2026\/04\/30\/hamza-pret-ne-takim-carafanon-theksohet-thellimi-i-aleances-kosove-shba\/"},"wordCount":213,"commentCount":0,"image":{"@id":"https:\/\/kosovatimes.info\/index.php\/2026\/04\/30\/hamza-pret-ne-takim-carafanon-theksohet-thellimi-i-aleances-kosove-shba\/#primaryimage"},"thumbnailUrl":"https:\/\/kosovatimes.info\/wp-content\/uploads\/2026\/04\/hamza-10.jpg","articleSection":["Kosov\u00eb","Lajme"],"inLanguage":"en-US","potentialAction":[{"@type":"CommentAction","name":"Comment","target":["https:\/\/kosovatimes.info\/index.php\/2026\/04\/30\/hamza-pret-ne-takim-carafanon-theksohet-thellimi-i-aleances-kosove-shba\/#respond"]}]},{"@type":"WebPage","@id":"https:\/\/kosovatimes.info\/index.php\/2026\/04\/30\/hamza-pret-ne-takim-carafanon-theksohet-thellimi-i-aleances-kosove-shba\/","url":"https:\/\/kosovatimes.info\/index.php\/2026\/04\/30\/hamza-pret-ne-takim-carafanon-theksohet-thellimi-i-aleances-kosove-shba\/","name":"Hamza pret n\u00eb takim Carafanon, theksohet thellimi i aleanc\u00ebs Kosov\u00eb\u2013SHBA - Kosova Times","isPartOf":{"@id":"https:\/\/kosovatimes.info\/#website"},"primaryImageOfPage":{"@id":"https:\/\/kosovatimes.info\/index.php\/2026\/04\/30\/hamza-pret-ne-takim-carafanon-theksohet-thellimi-i-aleances-kosove-shba\/#primaryimage"},"image":{"@id":"https:\/\/kosovatimes.info\/index.php\/2026\/04\/30\/hamza-pret-ne-takim-carafanon-theksohet-thellimi-i-aleances-kosove-shba\/#primaryimage"},"thumbnailUrl":"https:\/\/kosovatimes.info\/wp-content\/uploads\/2026\/04\/hamza-10.jpg","datePublished":"2026-04-30T18:54:00+00:00","dateModified":"2026-04-30T20:10:32+00:00","author":{"@id":"https:\/\/kosovatimes.info\/#\/schema\/person\/7586712b9c512fe68085de007378c915"},"breadcrumb":{"@id":"https:\/\/kosovatimes.info\/index.php\/2026\/04\/30\/hamza-pret-ne-takim-carafanon-theksohet-thellimi-i-aleances-kosove-shba\/#breadcrumb"},"inLanguage":"en-US","potentialAction":[{"@type":"ReadAction","target":["https:\/\/kosovatimes.info\/index.php\/2026\/04\/30\/hamza-pret-ne-takim-carafanon-theksohet-thellimi-i-aleances-kosove-shba\/"]}]},{"@type":"ImageObject","inLanguage":"en-US","@id":"https:\/\/kosovatimes.info\/index.php\/2026\/04\/30\/hamza-pret-ne-takim-carafanon-theksohet-thellimi-i-aleances-kosove-shba\/#primaryimage","url":"https:\/\/kosovatimes.info\/wp-content\/uploads\/2026\/04\/hamza-10.jpg","contentUrl":"https:\/\/kosovatimes.info\/wp-content\/uploads\/2026\/04\/hamza-10.jpg","width":780,"height":500},{"@type":"BreadcrumbList","@id":"https:\/\/kosovatimes.info\/index.php\/2026\/04\/30\/hamza-pret-ne-takim-carafanon-theksohet-thellimi-i-aleances-kosove-shba\/#breadcrumb","itemListElement":[{"@type":"ListItem","position":1,"name":"Home","item":"https:\/\/kosovatimes.info\/"},{"@type":"ListItem","position":2,"name":"Hamza pret n\u00eb takim Carafanon, theksohet thellimi i aleanc\u00ebs Kosov\u00eb\u2013SHBA"}]},{"@type":"WebSite","@id":"https:\/\/kosovatimes.info\/#website","url":"https:\/\/kosovatimes.info\/","name":"Kosova Times","description":"","potentialAction":[{"@type":"SearchAction","target":{"@type":"EntryPoint","urlTemplate":"https:\/\/kosovatimes.info\/?s={search_term_string}"},"query-input":{"@type":"PropertyValueSpecification","valueRequired":true,"valueName":"search_term_string"}}],"inLanguage":"en-US"},{"@type":"Person","@id":"https:\/\/kosovatimes.info\/#\/schema\/person\/7586712b9c512fe68085de007378c915","name":"i l","image":{"@type":"ImageObject","inLanguage":"en-US","@id":"https:\/\/secure.gravatar.com\/avatar\/bad9296e02816160ae2e2435beda58222022298d5625d49fea74d18816fbb31d?s=96&d=mm&r=g","url":"https:\/\/secure.gravatar.com\/avatar\/bad9296e02816160ae2e2435beda58222022298d5625d49fea74d18816fbb31d?s=96&d=mm&r=g","contentUrl":"https:\/\/secure.gravatar.com\/avatar\/bad9296e02816160ae2e2435beda58222022298d5625d49fea74d18816fbb31d?s=96&d=mm&r=g","caption":"i l"},"url":"https:\/\/kosovatimes.info\/index.php\/author\/iliri\/"}]}},"_links":{"self":[{"href":"https:\/\/kosovatimes.info\/index.php\/wp-json\/wp\/v2\/posts\/12801","targetHints":{"allow":["GET"]}}],"collection":[{"href":"https:\/\/kosovatimes.info\/index.php\/wp-json\/wp\/v2\/posts"}],"about":[{"href":"https:\/\/kosovatimes.info\/index.php\/wp-json\/wp\/v2\/types\/post"}],"author":[{"embeddable":true,"href":"https:\/\/kosovatimes.info\/index.php\/wp-json\/wp\/v2\/users\/4"}],"replies":[{"embeddable":true,"href":"https:\/\/kosovatimes.info\/index.php\/wp-json\/wp\/v2\/comments?post=12801"}],"version-history":[{"count":1,"href":"https:\/\/kosovatimes.info\/index.php\/wp-json\/wp\/v2\/posts\/12801\/revisions"}],"predecessor-version":[{"id":12803,"href":"https:\/\/kosovatimes.info\/index.php\/wp-json\/wp\/v2\/posts\/12801\/revisions\/12803"}],"wp:featuredmedia":[{"embeddable":true,"href":"https:\/\/kosovatimes.info\/index.php\/wp-json\/wp\/v2\/media\/12802"}],"wp:attachment":[{"href":"https:\/\/kosovatimes.info\/index.php\/wp-json\/wp\/v2\/media?parent=12801"}],"wp:term":[{"taxonomy":"category","embeddable":true,"href":"https:\/\/kosovatimes.info\/index.php\/wp-json\/wp\/v2\/categories?post=12801"},{"taxonomy":"post_tag","embeddable":true,"href":"https:\/\/kosovatimes.info\/index.php\/wp-json\/wp\/v2\/tags?post=12801"}],"curies":[{"name":"wp","href":"https:\/\/api.w.org\/{rel}","templated":true}]}}