{"id":12810,"date":"2026-04-30T20:10:00","date_gmt":"2026-04-30T18:10:00","guid":{"rendered":"https:\/\/kosovatimes.info\/?p=12810"},"modified":"2026-04-30T22:15:47","modified_gmt":"2026-04-30T20:15:47","slug":"spahoviq-serbia-ka-kryer-krime-lufte-ndersa-autoret-glorifikohen","status":"publish","type":"post","link":"https:\/\/kosovatimes.info\/index.php\/2026\/04\/30\/spahoviq-serbia-ka-kryer-krime-lufte-ndersa-autoret-glorifikohen\/","title":{"rendered":"Spahoviq: Serbia ka kryer krime lufte, nd\u00ebrsa autor\u00ebt glorifikohen"},"content":{"rendered":"\n<p><strong>Nj\u00eb raport i Fondit p\u00ebr t\u00eb Drejt\u00ebn Humanitare evidenton vonesa, num\u00ebr t\u00eb ul\u00ebt aktakuzash dhe munges\u00eb rezultatesh konkrete n\u00eb gjykimet p\u00ebr krime lufte t\u00eb kryera n\u00eb Kosov\u00eb gjat\u00eb vitit 1999. Avokati Sead Spahoviq, thot\u00eb se Serbia ka kryer krime lufte nd\u00ebrsa autor\u00ebt glorifikohen dhe priten si heronj.<\/strong><\/p>\n\n\n\n<p>Drejt\u00ebsia p\u00ebr krimet e luft\u00ebs n\u00eb Serbi vazhdon t\u00eb p\u00ebrballet me vonesa dhe munges\u00eb rezultatesh konkrete gjat\u00eb vitit 2025, sipas Fondit p\u00ebr t\u00eb Drejt\u00ebn Humanitare. Raporti vler\u00ebson se numri i aktakuzave mbetet i kufizuar, nd\u00ebrsa shtyrjet e shpeshta vazhdojn\u00eb t\u00eb karakterizojn\u00eb proceset gjyq\u00ebsore. Procedurat zhvillohen kryesisht ndaj personave t\u00eb paarritsh\u00ebm p\u00ebr drejt\u00ebsin\u00eb, nd\u00ebrkoh\u00eb q\u00eb mungojn\u00eb rastet q\u00eb trajtojn\u00eb p\u00ebrgjegj\u00ebsin\u00eb e niveleve m\u00eb t\u00eb larta komanduese. Ngadal\u00ebsia e proceseve dhe mungesa e rezultateve reflektohen edhe n\u00eb rastet q\u00eb lidhen me krimet e luft\u00ebs n\u00eb Kosov\u00eb, ku p\u00ebrparimi mbetet i kufizuar.<\/p>\n\n\n\n<p>Jovana Kollariq, studiuese n\u00eb Fondin p\u00ebr t\u00eb Drejt\u00ebn Humanitare, thekson \u201cp\u00ebr rastin e \u00c7yshk\u00ebs nuk kemi ende nj\u00eb vendim p\u00ebrfundimtar, edhe pas gati 16 vitesh\u201d.<\/p>\n\n\n\n<p>\u201cN\u00eb t\u00eb nj\u00ebjt\u00ebn koh\u00eb, po shohim gjithnj\u00eb e m\u00eb shum\u00eb ngritje aktakuzash ndaj shqiptar\u00ebve p\u00ebr krime ndaj serb\u00ebve, por ndaj personave q\u00eb nuk jan\u00eb t\u00eb arritsh\u00ebm p\u00ebr drejt\u00ebsin\u00eb. Po ngrihen aktakuza ndaj individ\u00ebve p\u00ebr t\u00eb cil\u00ebt \u00ebsht\u00eb pothuajse e sigurt se nuk do t\u00eb arrestohen\u201d, thot\u00eb Kollariq.<\/p>\n\n\n\n<p>Sipas saj, gjat\u00eb vitit 2025 n\u00eb Kosov\u00eb jan\u00eb ngritur aktakuza ndaj 50 serb\u00ebve p\u00ebr krime ndaj shqiptar\u00ebve, trupat e t\u00eb cil\u00ebve jan\u00eb gjetur n\u00eb Batajnic\u00eb, duke n\u00ebnvizuar hendekun n\u00eb ndjekjen penale mes Beogradit dhe Prishtin\u00ebs. Raporti evidenton edhe kontekstin shoq\u00ebror n\u00eb t\u00eb cilin zhvillohen k\u00ebto procese. Sipas avokatit Sead Spahoviq gjykimet zhvillohen n\u00eb nj\u00eb atmosfer\u00eb mohimi dhe relativizimi, ku politika dhe mediat minojn\u00eb faktet gjyq\u00ebsore dhe margjinalizojn\u00eb viktimat.<\/p>\n\n\n\n<p>Ai deklaron se \u201cSerbia ka kryer krime t\u00eb caktuara dhe nuk mund t\u00eb pritet nga i nj\u00ebjti sistem q\u00eb tani t\u00eb p\u00ebrfshihet seriozisht n\u00eb ndjekjen e tyre. K\u00ebto krime fshihen, nd\u00ebrsa autor\u00ebt glorifikohen dhe priten si heronj. Si pushteti, ashtu edhe opozita dhe madje edhe student\u00ebt, e shmangin k\u00ebt\u00eb tem\u00eb. Shoq\u00ebria mbetet e bllokuar kur b\u00ebhet fjal\u00eb p\u00ebr p\u00ebrballjen me krimet e luft\u00ebs \u201cnga Srebrenica te Kosova\u201d.<\/p>\n\n\n\n<p>Fondi p\u00ebr t\u00eb Drejt\u00ebn Humanitare thekson gjithashtu munges\u00ebn e transparenc\u00ebs dhe kapacitetet e kufizuara institucionale, faktor\u00eb q\u00eb zgjasin proceset dhe ulin besimin e viktimave n\u00eb drejt\u00ebsi. N\u00eb k\u00ebt\u00eb kontekst, drejt\u00ebsia p\u00ebr krimet e luft\u00ebs n\u00eb Serbi mbetet e ngadalt\u00eb dhe selektive, pa p\u00ebrparim t\u00eb duksh\u00ebm n\u00eb nivel sistemor.<\/p>\n","protected":false},"excerpt":{"rendered":"<p>Nj\u00eb raport i Fondit p\u00ebr t\u00eb Drejt\u00ebn Humanitare evidenton vonesa, num\u00ebr t\u00eb ul\u00ebt aktakuzash dhe munges\u00eb rezultatesh konkrete n\u00eb gjykimet p\u00ebr krime lufte t\u00eb kryera n\u00eb Kosov\u00eb gjat\u00eb vitit 1999. Avokati Sead Spahoviq, thot\u00eb se Serbia ka kryer krime lufte nd\u00ebrsa autor\u00ebt glorifikohen dhe priten si heronj. Drejt\u00ebsia p\u00ebr krimet e luft\u00ebs n\u00eb Serbi vazhdon [&hellip;]<\/p>\n","protected":false},"author":4,"featured_media":12811,"comment_status":"open","ping_status":"open","sticky":false,"template":"","format":"standard","meta":{"footnotes":""},"categories":[31,30],"tags":[],"class_list":{"0":"post-12810","1":"post","2":"type-post","3":"status-publish","4":"format-standard","5":"has-post-thumbnail","7":"category-kosove","8":"category-lajme"},"yoast_head":"<!-- This site is optimized with the Yoast SEO plugin v27.4 - https:\/\/yoast.com\/product\/yoast-seo-wordpress\/ -->\n<title>Spahoviq: Serbia ka kryer krime lufte, nd\u00ebrsa autor\u00ebt glorifikohen - Kosova Times<\/title>\n<meta name=\"robots\" content=\"index, follow, max-snippet:-1, max-image-preview:large, max-video-preview:-1\" \/>\n<link rel=\"canonical\" href=\"https:\/\/kosovatimes.info\/index.php\/2026\/04\/30\/spahoviq-serbia-ka-kryer-krime-lufte-ndersa-autoret-glorifikohen\/\" \/>\n<meta property=\"og:locale\" content=\"en_US\" \/>\n<meta property=\"og:type\" content=\"article\" \/>\n<meta property=\"og:title\" content=\"Spahoviq: Serbia ka kryer krime lufte, nd\u00ebrsa autor\u00ebt glorifikohen - Kosova Times\" \/>\n<meta property=\"og:description\" content=\"Nj\u00eb raport i Fondit p\u00ebr t\u00eb Drejt\u00ebn Humanitare evidenton vonesa, num\u00ebr t\u00eb ul\u00ebt aktakuzash dhe munges\u00eb rezultatesh konkrete n\u00eb gjykimet p\u00ebr krime lufte t\u00eb kryera n\u00eb Kosov\u00eb gjat\u00eb vitit 1999. Avokati Sead Spahoviq, thot\u00eb se Serbia ka kryer krime lufte nd\u00ebrsa autor\u00ebt glorifikohen dhe priten si heronj. Drejt\u00ebsia p\u00ebr krimet e luft\u00ebs n\u00eb Serbi vazhdon [&hellip;]\" \/>\n<meta property=\"og:url\" content=\"https:\/\/kosovatimes.info\/index.php\/2026\/04\/30\/spahoviq-serbia-ka-kryer-krime-lufte-ndersa-autoret-glorifikohen\/\" \/>\n<meta property=\"og:site_name\" content=\"Kosova Times\" \/>\n<meta property=\"article:published_time\" content=\"2026-04-30T18:10:00+00:00\" \/>\n<meta property=\"article:modified_time\" content=\"2026-04-30T20:15:47+00:00\" \/>\n<meta property=\"og:image\" content=\"https:\/\/kosovatimes.info\/wp-content\/uploads\/2026\/04\/Spahviq.jpg\" \/>\n\t<meta property=\"og:image:width\" content=\"780\" \/>\n\t<meta property=\"og:image:height\" content=\"500\" \/>\n\t<meta property=\"og:image:type\" content=\"image\/jpeg\" \/>\n<meta name=\"author\" content=\"i l\" \/>\n<meta name=\"twitter:card\" content=\"summary_large_image\" \/>\n<meta name=\"twitter:label1\" content=\"Written by\" \/>\n\t<meta name=\"twitter:data1\" content=\"i l\" \/>\n\t<meta name=\"twitter:label2\" content=\"Est. reading time\" \/>\n\t<meta name=\"twitter:data2\" content=\"2 minutes\" \/>\n<script type=\"application\/ld+json\" class=\"yoast-schema-graph\">{\"@context\":\"https:\\\/\\\/schema.org\",\"@graph\":[{\"@type\":\"Article\",\"@id\":\"https:\\\/\\\/kosovatimes.info\\\/index.php\\\/2026\\\/04\\\/30\\\/spahoviq-serbia-ka-kryer-krime-lufte-ndersa-autoret-glorifikohen\\\/#article\",\"isPartOf\":{\"@id\":\"https:\\\/\\\/kosovatimes.info\\\/index.php\\\/2026\\\/04\\\/30\\\/spahoviq-serbia-ka-kryer-krime-lufte-ndersa-autoret-glorifikohen\\\/\"},\"author\":{\"name\":\"i l\",\"@id\":\"https:\\\/\\\/kosovatimes.info\\\/#\\\/schema\\\/person\\\/7586712b9c512fe68085de007378c915\"},\"headline\":\"Spahoviq: Serbia ka kryer krime lufte, nd\u00ebrsa autor\u00ebt glorifikohen\",\"datePublished\":\"2026-04-30T18:10:00+00:00\",\"dateModified\":\"2026-04-30T20:15:47+00:00\",\"mainEntityOfPage\":{\"@id\":\"https:\\\/\\\/kosovatimes.info\\\/index.php\\\/2026\\\/04\\\/30\\\/spahoviq-serbia-ka-kryer-krime-lufte-ndersa-autoret-glorifikohen\\\/\"},\"wordCount\":470,\"commentCount\":0,\"image\":{\"@id\":\"https:\\\/\\\/kosovatimes.info\\\/index.php\\\/2026\\\/04\\\/30\\\/spahoviq-serbia-ka-kryer-krime-lufte-ndersa-autoret-glorifikohen\\\/#primaryimage\"},\"thumbnailUrl\":\"https:\\\/\\\/kosovatimes.info\\\/wp-content\\\/uploads\\\/2026\\\/04\\\/Spahviq.jpg\",\"articleSection\":[\"Kosov\u00eb\",\"Lajme\"],\"inLanguage\":\"en-US\",\"potentialAction\":[{\"@type\":\"CommentAction\",\"name\":\"Comment\",\"target\":[\"https:\\\/\\\/kosovatimes.info\\\/index.php\\\/2026\\\/04\\\/30\\\/spahoviq-serbia-ka-kryer-krime-lufte-ndersa-autoret-glorifikohen\\\/#respond\"]}]},{\"@type\":\"WebPage\",\"@id\":\"https:\\\/\\\/kosovatimes.info\\\/index.php\\\/2026\\\/04\\\/30\\\/spahoviq-serbia-ka-kryer-krime-lufte-ndersa-autoret-glorifikohen\\\/\",\"url\":\"https:\\\/\\\/kosovatimes.info\\\/index.php\\\/2026\\\/04\\\/30\\\/spahoviq-serbia-ka-kryer-krime-lufte-ndersa-autoret-glorifikohen\\\/\",\"name\":\"Spahoviq: Serbia ka kryer krime lufte, nd\u00ebrsa autor\u00ebt glorifikohen - Kosova Times\",\"isPartOf\":{\"@id\":\"https:\\\/\\\/kosovatimes.info\\\/#website\"},\"primaryImageOfPage\":{\"@id\":\"https:\\\/\\\/kosovatimes.info\\\/index.php\\\/2026\\\/04\\\/30\\\/spahoviq-serbia-ka-kryer-krime-lufte-ndersa-autoret-glorifikohen\\\/#primaryimage\"},\"image\":{\"@id\":\"https:\\\/\\\/kosovatimes.info\\\/index.php\\\/2026\\\/04\\\/30\\\/spahoviq-serbia-ka-kryer-krime-lufte-ndersa-autoret-glorifikohen\\\/#primaryimage\"},\"thumbnailUrl\":\"https:\\\/\\\/kosovatimes.info\\\/wp-content\\\/uploads\\\/2026\\\/04\\\/Spahviq.jpg\",\"datePublished\":\"2026-04-30T18:10:00+00:00\",\"dateModified\":\"2026-04-30T20:15:47+00:00\",\"author\":{\"@id\":\"https:\\\/\\\/kosovatimes.info\\\/#\\\/schema\\\/person\\\/7586712b9c512fe68085de007378c915\"},\"breadcrumb\":{\"@id\":\"https:\\\/\\\/kosovatimes.info\\\/index.php\\\/2026\\\/04\\\/30\\\/spahoviq-serbia-ka-kryer-krime-lufte-ndersa-autoret-glorifikohen\\\/#breadcrumb\"},\"inLanguage\":\"en-US\",\"potentialAction\":[{\"@type\":\"ReadAction\",\"target\":[\"https:\\\/\\\/kosovatimes.info\\\/index.php\\\/2026\\\/04\\\/30\\\/spahoviq-serbia-ka-kryer-krime-lufte-ndersa-autoret-glorifikohen\\\/\"]}]},{\"@type\":\"ImageObject\",\"inLanguage\":\"en-US\",\"@id\":\"https:\\\/\\\/kosovatimes.info\\\/index.php\\\/2026\\\/04\\\/30\\\/spahoviq-serbia-ka-kryer-krime-lufte-ndersa-autoret-glorifikohen\\\/#primaryimage\",\"url\":\"https:\\\/\\\/kosovatimes.info\\\/wp-content\\\/uploads\\\/2026\\\/04\\\/Spahviq.jpg\",\"contentUrl\":\"https:\\\/\\\/kosovatimes.info\\\/wp-content\\\/uploads\\\/2026\\\/04\\\/Spahviq.jpg\",\"width\":780,\"height\":500},{\"@type\":\"BreadcrumbList\",\"@id\":\"https:\\\/\\\/kosovatimes.info\\\/index.php\\\/2026\\\/04\\\/30\\\/spahoviq-serbia-ka-kryer-krime-lufte-ndersa-autoret-glorifikohen\\\/#breadcrumb\",\"itemListElement\":[{\"@type\":\"ListItem\",\"position\":1,\"name\":\"Home\",\"item\":\"https:\\\/\\\/kosovatimes.info\\\/\"},{\"@type\":\"ListItem\",\"position\":2,\"name\":\"Spahoviq: Serbia ka kryer krime lufte, nd\u00ebrsa autor\u00ebt glorifikohen\"}]},{\"@type\":\"WebSite\",\"@id\":\"https:\\\/\\\/kosovatimes.info\\\/#website\",\"url\":\"https:\\\/\\\/kosovatimes.info\\\/\",\"name\":\"Kosova Times\",\"description\":\"\",\"potentialAction\":[{\"@type\":\"SearchAction\",\"target\":{\"@type\":\"EntryPoint\",\"urlTemplate\":\"https:\\\/\\\/kosovatimes.info\\\/?s={search_term_string}\"},\"query-input\":{\"@type\":\"PropertyValueSpecification\",\"valueRequired\":true,\"valueName\":\"search_term_string\"}}],\"inLanguage\":\"en-US\"},{\"@type\":\"Person\",\"@id\":\"https:\\\/\\\/kosovatimes.info\\\/#\\\/schema\\\/person\\\/7586712b9c512fe68085de007378c915\",\"name\":\"i l\",\"image\":{\"@type\":\"ImageObject\",\"inLanguage\":\"en-US\",\"@id\":\"https:\\\/\\\/secure.gravatar.com\\\/avatar\\\/bad9296e02816160ae2e2435beda58222022298d5625d49fea74d18816fbb31d?s=96&d=mm&r=g\",\"url\":\"https:\\\/\\\/secure.gravatar.com\\\/avatar\\\/bad9296e02816160ae2e2435beda58222022298d5625d49fea74d18816fbb31d?s=96&d=mm&r=g\",\"contentUrl\":\"https:\\\/\\\/secure.gravatar.com\\\/avatar\\\/bad9296e02816160ae2e2435beda58222022298d5625d49fea74d18816fbb31d?s=96&d=mm&r=g\",\"caption\":\"i l\"},\"url\":\"https:\\\/\\\/kosovatimes.info\\\/index.php\\\/author\\\/iliri\\\/\"}]}<\/script>\n<!-- \/ Yoast SEO plugin. -->","yoast_head_json":{"title":"Spahoviq: Serbia ka kryer krime lufte, nd\u00ebrsa autor\u00ebt glorifikohen - Kosova Times","robots":{"index":"index","follow":"follow","max-snippet":"max-snippet:-1","max-image-preview":"max-image-preview:large","max-video-preview":"max-video-preview:-1"},"canonical":"https:\/\/kosovatimes.info\/index.php\/2026\/04\/30\/spahoviq-serbia-ka-kryer-krime-lufte-ndersa-autoret-glorifikohen\/","og_locale":"en_US","og_type":"article","og_title":"Spahoviq: Serbia ka kryer krime lufte, nd\u00ebrsa autor\u00ebt glorifikohen - Kosova Times","og_description":"Nj\u00eb raport i Fondit p\u00ebr t\u00eb Drejt\u00ebn Humanitare evidenton vonesa, num\u00ebr t\u00eb ul\u00ebt aktakuzash dhe munges\u00eb rezultatesh konkrete n\u00eb gjykimet p\u00ebr krime lufte t\u00eb kryera n\u00eb Kosov\u00eb gjat\u00eb vitit 1999. Avokati Sead Spahoviq, thot\u00eb se Serbia ka kryer krime lufte nd\u00ebrsa autor\u00ebt glorifikohen dhe priten si heronj. Drejt\u00ebsia p\u00ebr krimet e luft\u00ebs n\u00eb Serbi vazhdon [&hellip;]","og_url":"https:\/\/kosovatimes.info\/index.php\/2026\/04\/30\/spahoviq-serbia-ka-kryer-krime-lufte-ndersa-autoret-glorifikohen\/","og_site_name":"Kosova Times","article_published_time":"2026-04-30T18:10:00+00:00","article_modified_time":"2026-04-30T20:15:47+00:00","og_image":[{"width":780,"height":500,"url":"https:\/\/kosovatimes.info\/wp-content\/uploads\/2026\/04\/Spahviq.jpg","type":"image\/jpeg"}],"author":"i l","twitter_card":"summary_large_image","twitter_misc":{"Written by":"i l","Est. reading time":"2 minutes"},"schema":{"@context":"https:\/\/schema.org","@graph":[{"@type":"Article","@id":"https:\/\/kosovatimes.info\/index.php\/2026\/04\/30\/spahoviq-serbia-ka-kryer-krime-lufte-ndersa-autoret-glorifikohen\/#article","isPartOf":{"@id":"https:\/\/kosovatimes.info\/index.php\/2026\/04\/30\/spahoviq-serbia-ka-kryer-krime-lufte-ndersa-autoret-glorifikohen\/"},"author":{"name":"i l","@id":"https:\/\/kosovatimes.info\/#\/schema\/person\/7586712b9c512fe68085de007378c915"},"headline":"Spahoviq: Serbia ka kryer krime lufte, nd\u00ebrsa autor\u00ebt glorifikohen","datePublished":"2026-04-30T18:10:00+00:00","dateModified":"2026-04-30T20:15:47+00:00","mainEntityOfPage":{"@id":"https:\/\/kosovatimes.info\/index.php\/2026\/04\/30\/spahoviq-serbia-ka-kryer-krime-lufte-ndersa-autoret-glorifikohen\/"},"wordCount":470,"commentCount":0,"image":{"@id":"https:\/\/kosovatimes.info\/index.php\/2026\/04\/30\/spahoviq-serbia-ka-kryer-krime-lufte-ndersa-autoret-glorifikohen\/#primaryimage"},"thumbnailUrl":"https:\/\/kosovatimes.info\/wp-content\/uploads\/2026\/04\/Spahviq.jpg","articleSection":["Kosov\u00eb","Lajme"],"inLanguage":"en-US","potentialAction":[{"@type":"CommentAction","name":"Comment","target":["https:\/\/kosovatimes.info\/index.php\/2026\/04\/30\/spahoviq-serbia-ka-kryer-krime-lufte-ndersa-autoret-glorifikohen\/#respond"]}]},{"@type":"WebPage","@id":"https:\/\/kosovatimes.info\/index.php\/2026\/04\/30\/spahoviq-serbia-ka-kryer-krime-lufte-ndersa-autoret-glorifikohen\/","url":"https:\/\/kosovatimes.info\/index.php\/2026\/04\/30\/spahoviq-serbia-ka-kryer-krime-lufte-ndersa-autoret-glorifikohen\/","name":"Spahoviq: Serbia ka kryer krime lufte, nd\u00ebrsa autor\u00ebt glorifikohen - Kosova Times","isPartOf":{"@id":"https:\/\/kosovatimes.info\/#website"},"primaryImageOfPage":{"@id":"https:\/\/kosovatimes.info\/index.php\/2026\/04\/30\/spahoviq-serbia-ka-kryer-krime-lufte-ndersa-autoret-glorifikohen\/#primaryimage"},"image":{"@id":"https:\/\/kosovatimes.info\/index.php\/2026\/04\/30\/spahoviq-serbia-ka-kryer-krime-lufte-ndersa-autoret-glorifikohen\/#primaryimage"},"thumbnailUrl":"https:\/\/kosovatimes.info\/wp-content\/uploads\/2026\/04\/Spahviq.jpg","datePublished":"2026-04-30T18:10:00+00:00","dateModified":"2026-04-30T20:15:47+00:00","author":{"@id":"https:\/\/kosovatimes.info\/#\/schema\/person\/7586712b9c512fe68085de007378c915"},"breadcrumb":{"@id":"https:\/\/kosovatimes.info\/index.php\/2026\/04\/30\/spahoviq-serbia-ka-kryer-krime-lufte-ndersa-autoret-glorifikohen\/#breadcrumb"},"inLanguage":"en-US","potentialAction":[{"@type":"ReadAction","target":["https:\/\/kosovatimes.info\/index.php\/2026\/04\/30\/spahoviq-serbia-ka-kryer-krime-lufte-ndersa-autoret-glorifikohen\/"]}]},{"@type":"ImageObject","inLanguage":"en-US","@id":"https:\/\/kosovatimes.info\/index.php\/2026\/04\/30\/spahoviq-serbia-ka-kryer-krime-lufte-ndersa-autoret-glorifikohen\/#primaryimage","url":"https:\/\/kosovatimes.info\/wp-content\/uploads\/2026\/04\/Spahviq.jpg","contentUrl":"https:\/\/kosovatimes.info\/wp-content\/uploads\/2026\/04\/Spahviq.jpg","width":780,"height":500},{"@type":"BreadcrumbList","@id":"https:\/\/kosovatimes.info\/index.php\/2026\/04\/30\/spahoviq-serbia-ka-kryer-krime-lufte-ndersa-autoret-glorifikohen\/#breadcrumb","itemListElement":[{"@type":"ListItem","position":1,"name":"Home","item":"https:\/\/kosovatimes.info\/"},{"@type":"ListItem","position":2,"name":"Spahoviq: Serbia ka kryer krime lufte, nd\u00ebrsa autor\u00ebt glorifikohen"}]},{"@type":"WebSite","@id":"https:\/\/kosovatimes.info\/#website","url":"https:\/\/kosovatimes.info\/","name":"Kosova Times","description":"","potentialAction":[{"@type":"SearchAction","target":{"@type":"EntryPoint","urlTemplate":"https:\/\/kosovatimes.info\/?s={search_term_string}"},"query-input":{"@type":"PropertyValueSpecification","valueRequired":true,"valueName":"search_term_string"}}],"inLanguage":"en-US"},{"@type":"Person","@id":"https:\/\/kosovatimes.info\/#\/schema\/person\/7586712b9c512fe68085de007378c915","name":"i l","image":{"@type":"ImageObject","inLanguage":"en-US","@id":"https:\/\/secure.gravatar.com\/avatar\/bad9296e02816160ae2e2435beda58222022298d5625d49fea74d18816fbb31d?s=96&d=mm&r=g","url":"https:\/\/secure.gravatar.com\/avatar\/bad9296e02816160ae2e2435beda58222022298d5625d49fea74d18816fbb31d?s=96&d=mm&r=g","contentUrl":"https:\/\/secure.gravatar.com\/avatar\/bad9296e02816160ae2e2435beda58222022298d5625d49fea74d18816fbb31d?s=96&d=mm&r=g","caption":"i l"},"url":"https:\/\/kosovatimes.info\/index.php\/author\/iliri\/"}]}},"_links":{"self":[{"href":"https:\/\/kosovatimes.info\/index.php\/wp-json\/wp\/v2\/posts\/12810","targetHints":{"allow":["GET"]}}],"collection":[{"href":"https:\/\/kosovatimes.info\/index.php\/wp-json\/wp\/v2\/posts"}],"about":[{"href":"https:\/\/kosovatimes.info\/index.php\/wp-json\/wp\/v2\/types\/post"}],"author":[{"embeddable":true,"href":"https:\/\/kosovatimes.info\/index.php\/wp-json\/wp\/v2\/users\/4"}],"replies":[{"embeddable":true,"href":"https:\/\/kosovatimes.info\/index.php\/wp-json\/wp\/v2\/comments?post=12810"}],"version-history":[{"count":1,"href":"https:\/\/kosovatimes.info\/index.php\/wp-json\/wp\/v2\/posts\/12810\/revisions"}],"predecessor-version":[{"id":12812,"href":"https:\/\/kosovatimes.info\/index.php\/wp-json\/wp\/v2\/posts\/12810\/revisions\/12812"}],"wp:featuredmedia":[{"embeddable":true,"href":"https:\/\/kosovatimes.info\/index.php\/wp-json\/wp\/v2\/media\/12811"}],"wp:attachment":[{"href":"https:\/\/kosovatimes.info\/index.php\/wp-json\/wp\/v2\/media?parent=12810"}],"wp:term":[{"taxonomy":"category","embeddable":true,"href":"https:\/\/kosovatimes.info\/index.php\/wp-json\/wp\/v2\/categories?post=12810"},{"taxonomy":"post_tag","embeddable":true,"href":"https:\/\/kosovatimes.info\/index.php\/wp-json\/wp\/v2\/tags?post=12810"}],"curies":[{"name":"wp","href":"https:\/\/api.w.org\/{rel}","templated":true}]}}