{"id":12813,"date":"2026-04-30T20:49:00","date_gmt":"2026-04-30T18:49:00","guid":{"rendered":"https:\/\/kosovatimes.info\/?p=12813"},"modified":"2026-04-30T22:16:58","modified_gmt":"2026-04-30T20:16:58","slug":"gramos-hashani-zgjidhet-kryeshef-ekzekutiv-i-kek-ut","status":"publish","type":"post","link":"https:\/\/kosovatimes.info\/index.php\/2026\/04\/30\/gramos-hashani-zgjidhet-kryeshef-ekzekutiv-i-kek-ut\/","title":{"rendered":"Gramos Hashani zgjidhet kryeshef ekzekutiv i KEK-ut"},"content":{"rendered":"\n<p><strong>Bordi i Drejtor\u00ebve t\u00eb Korporat\u00ebs Energjetike t\u00eb Kosov\u00ebs, ka njoftuar se ka p\u00ebrzgjedhur Gramos Hashanin p\u00ebr pozit\u00ebn e kryeshefit Ekzekutiv t\u00eb KEK-ut.<\/strong><\/p>\n\n\n\n<p>&#8220;Procesi i p\u00ebrzgjedhjes \u00ebsht\u00eb zhvilluar n\u00eb p\u00ebrputhje t\u00eb plot\u00eb me Ligjin p\u00ebr Nd\u00ebrmarrjet Publike dhe ka p\u00ebrfshir\u00eb vler\u00ebsimin dhe intervistimin e t\u00eb gjith\u00eb kandidat\u00ebve q\u00eb kan\u00eb p\u00ebrmbushur kriteret e p\u00ebrcaktuara n\u00eb konkursin publik&#8221;, thuhet n\u00eb njoftim.<\/p>\n\n\n\n<p>Tutje thuhet se Hashani \u00ebsht\u00eb i diplomuar n\u00eb Fakultetin Ekonomik n\u00eb Universitetin e Prishtin\u00ebs \u201cHasan Prishtina\u201d, nd\u00ebrsa studimet master i ka p\u00ebrfunduar n\u00eb Universitetin e Incarnate Word n\u00eb San Antonio, Texas, SHBA. Ai \u00ebsht\u00eb Kontabilist i \u00c7ertifikuar dhe Auditor i Brendsh\u00ebm i \u00c7ertifikuar nga Shoqata e Kontabilist\u00ebve t\u00eb \u00c7ertifikuar dhe Auditor\u00ebve t\u00eb Kosov\u00ebs (SCAAK), si dhe an\u00ebtar i Shoqat\u00ebs s\u00eb Kontabilist\u00ebve t\u00eb \u00c7ertifikuar (ACCA), Lond\u00ebr, Mbret\u00ebria e Bashkuar.<\/p>\n\n\n\n<p>&#8220;Hashani posedon ekspertiz\u00eb t\u00eb theksuar n\u00eb menaxhimin strategjik financiar, qeverisjen korporative, investimet n\u00eb tranzicionin energjetik dhe zbatimin e standardeve nd\u00ebrkomb\u00ebtare t\u00eb kontabilitetit (IFRS dhe US GAAP). P\u00ebrvoja e tij profesionale p\u00ebrfshin sektorin e energjis\u00eb dhe at\u00eb financiar, si n\u00eb Shtetet e Bashkuara t\u00eb Amerik\u00ebs ashtu edhe n\u00eb Kosov\u00eb, ku ka ushtruar pozita t\u00eb larta n\u00eb kompani nd\u00ebrkomb\u00ebtare dhe vendase&#8221;.<\/p>\n\n\n\n<p>&#8220;Bordi i Drejtor\u00ebve i KEK sh.a. i uron z. Gramos Hashani suksese n\u00eb detyr\u00ebn e re, duke shprehur besimin e plot\u00eb se, n\u00ebn udh\u00ebheqjen e tij, Korporata do t\u00eb vazhdoj\u00eb t\u00eb forcoj\u00eb performanc\u00ebn dhe t\u00eb avancoj\u00eb zhvillimin e saj strategjik n\u00eb interes t\u00eb Republik\u00ebs s\u00eb Kosov\u00ebs dhe qytetar\u00ebve t\u00eb saj&#8221;, thuhet tutje n\u00eb njoftim.<\/p>\n","protected":false},"excerpt":{"rendered":"<p>Bordi i Drejtor\u00ebve t\u00eb Korporat\u00ebs Energjetike t\u00eb Kosov\u00ebs, ka njoftuar se ka p\u00ebrzgjedhur Gramos Hashanin p\u00ebr pozit\u00ebn e kryeshefit Ekzekutiv t\u00eb KEK-ut. &#8220;Procesi i p\u00ebrzgjedhjes \u00ebsht\u00eb zhvilluar n\u00eb p\u00ebrputhje t\u00eb plot\u00eb me Ligjin p\u00ebr Nd\u00ebrmarrjet Publike dhe ka p\u00ebrfshir\u00eb vler\u00ebsimin dhe intervistimin e t\u00eb gjith\u00eb kandidat\u00ebve q\u00eb kan\u00eb p\u00ebrmbushur kriteret e p\u00ebrcaktuara n\u00eb konkursin publik&#8221;, [&hellip;]<\/p>\n","protected":false},"author":4,"featured_media":12814,"comment_status":"open","ping_status":"open","sticky":false,"template":"","format":"standard","meta":{"footnotes":""},"categories":[31,30],"tags":[],"class_list":{"0":"post-12813","1":"post","2":"type-post","3":"status-publish","4":"format-standard","5":"has-post-thumbnail","7":"category-kosove","8":"category-lajme"},"yoast_head":"<!-- This site is optimized with the Yoast SEO plugin v27.4 - https:\/\/yoast.com\/product\/yoast-seo-wordpress\/ -->\n<title>Gramos Hashani zgjidhet kryeshef ekzekutiv i KEK-ut - Kosova Times<\/title>\n<meta name=\"robots\" content=\"index, follow, max-snippet:-1, max-image-preview:large, max-video-preview:-1\" \/>\n<link rel=\"canonical\" href=\"https:\/\/kosovatimes.info\/index.php\/2026\/04\/30\/gramos-hashani-zgjidhet-kryeshef-ekzekutiv-i-kek-ut\/\" \/>\n<meta property=\"og:locale\" content=\"en_US\" \/>\n<meta property=\"og:type\" content=\"article\" \/>\n<meta property=\"og:title\" content=\"Gramos Hashani zgjidhet kryeshef ekzekutiv i KEK-ut - Kosova Times\" \/>\n<meta property=\"og:description\" content=\"Bordi i Drejtor\u00ebve t\u00eb Korporat\u00ebs Energjetike t\u00eb Kosov\u00ebs, ka njoftuar se ka p\u00ebrzgjedhur Gramos Hashanin p\u00ebr pozit\u00ebn e kryeshefit Ekzekutiv t\u00eb KEK-ut. &#8220;Procesi i p\u00ebrzgjedhjes \u00ebsht\u00eb zhvilluar n\u00eb p\u00ebrputhje t\u00eb plot\u00eb me Ligjin p\u00ebr Nd\u00ebrmarrjet Publike dhe ka p\u00ebrfshir\u00eb vler\u00ebsimin dhe intervistimin e t\u00eb gjith\u00eb kandidat\u00ebve q\u00eb kan\u00eb p\u00ebrmbushur kriteret e p\u00ebrcaktuara n\u00eb konkursin publik&#8221;, [&hellip;]\" \/>\n<meta property=\"og:url\" content=\"https:\/\/kosovatimes.info\/index.php\/2026\/04\/30\/gramos-hashani-zgjidhet-kryeshef-ekzekutiv-i-kek-ut\/\" \/>\n<meta property=\"og:site_name\" content=\"Kosova Times\" \/>\n<meta property=\"article:published_time\" content=\"2026-04-30T18:49:00+00:00\" \/>\n<meta property=\"article:modified_time\" content=\"2026-04-30T20:16:58+00:00\" \/>\n<meta property=\"og:image\" content=\"https:\/\/kosovatimes.info\/wp-content\/uploads\/2026\/04\/Hashani.jpg\" \/>\n\t<meta property=\"og:image:width\" content=\"780\" \/>\n\t<meta property=\"og:image:height\" content=\"500\" \/>\n\t<meta property=\"og:image:type\" content=\"image\/jpeg\" \/>\n<meta name=\"author\" content=\"i l\" \/>\n<meta name=\"twitter:card\" content=\"summary_large_image\" \/>\n<meta name=\"twitter:label1\" content=\"Written by\" \/>\n\t<meta name=\"twitter:data1\" content=\"i l\" \/>\n\t<meta name=\"twitter:label2\" content=\"Est. reading time\" \/>\n\t<meta name=\"twitter:data2\" content=\"2 minutes\" \/>\n<script type=\"application\/ld+json\" class=\"yoast-schema-graph\">{\"@context\":\"https:\\\/\\\/schema.org\",\"@graph\":[{\"@type\":\"Article\",\"@id\":\"https:\\\/\\\/kosovatimes.info\\\/index.php\\\/2026\\\/04\\\/30\\\/gramos-hashani-zgjidhet-kryeshef-ekzekutiv-i-kek-ut\\\/#article\",\"isPartOf\":{\"@id\":\"https:\\\/\\\/kosovatimes.info\\\/index.php\\\/2026\\\/04\\\/30\\\/gramos-hashani-zgjidhet-kryeshef-ekzekutiv-i-kek-ut\\\/\"},\"author\":{\"name\":\"i l\",\"@id\":\"https:\\\/\\\/kosovatimes.info\\\/#\\\/schema\\\/person\\\/7586712b9c512fe68085de007378c915\"},\"headline\":\"Gramos Hashani zgjidhet kryeshef ekzekutiv i KEK-ut\",\"datePublished\":\"2026-04-30T18:49:00+00:00\",\"dateModified\":\"2026-04-30T20:16:58+00:00\",\"mainEntityOfPage\":{\"@id\":\"https:\\\/\\\/kosovatimes.info\\\/index.php\\\/2026\\\/04\\\/30\\\/gramos-hashani-zgjidhet-kryeshef-ekzekutiv-i-kek-ut\\\/\"},\"wordCount\":289,\"commentCount\":0,\"image\":{\"@id\":\"https:\\\/\\\/kosovatimes.info\\\/index.php\\\/2026\\\/04\\\/30\\\/gramos-hashani-zgjidhet-kryeshef-ekzekutiv-i-kek-ut\\\/#primaryimage\"},\"thumbnailUrl\":\"https:\\\/\\\/kosovatimes.info\\\/wp-content\\\/uploads\\\/2026\\\/04\\\/Hashani.jpg\",\"articleSection\":[\"Kosov\u00eb\",\"Lajme\"],\"inLanguage\":\"en-US\",\"potentialAction\":[{\"@type\":\"CommentAction\",\"name\":\"Comment\",\"target\":[\"https:\\\/\\\/kosovatimes.info\\\/index.php\\\/2026\\\/04\\\/30\\\/gramos-hashani-zgjidhet-kryeshef-ekzekutiv-i-kek-ut\\\/#respond\"]}]},{\"@type\":\"WebPage\",\"@id\":\"https:\\\/\\\/kosovatimes.info\\\/index.php\\\/2026\\\/04\\\/30\\\/gramos-hashani-zgjidhet-kryeshef-ekzekutiv-i-kek-ut\\\/\",\"url\":\"https:\\\/\\\/kosovatimes.info\\\/index.php\\\/2026\\\/04\\\/30\\\/gramos-hashani-zgjidhet-kryeshef-ekzekutiv-i-kek-ut\\\/\",\"name\":\"Gramos Hashani zgjidhet kryeshef ekzekutiv i KEK-ut - Kosova Times\",\"isPartOf\":{\"@id\":\"https:\\\/\\\/kosovatimes.info\\\/#website\"},\"primaryImageOfPage\":{\"@id\":\"https:\\\/\\\/kosovatimes.info\\\/index.php\\\/2026\\\/04\\\/30\\\/gramos-hashani-zgjidhet-kryeshef-ekzekutiv-i-kek-ut\\\/#primaryimage\"},\"image\":{\"@id\":\"https:\\\/\\\/kosovatimes.info\\\/index.php\\\/2026\\\/04\\\/30\\\/gramos-hashani-zgjidhet-kryeshef-ekzekutiv-i-kek-ut\\\/#primaryimage\"},\"thumbnailUrl\":\"https:\\\/\\\/kosovatimes.info\\\/wp-content\\\/uploads\\\/2026\\\/04\\\/Hashani.jpg\",\"datePublished\":\"2026-04-30T18:49:00+00:00\",\"dateModified\":\"2026-04-30T20:16:58+00:00\",\"author\":{\"@id\":\"https:\\\/\\\/kosovatimes.info\\\/#\\\/schema\\\/person\\\/7586712b9c512fe68085de007378c915\"},\"breadcrumb\":{\"@id\":\"https:\\\/\\\/kosovatimes.info\\\/index.php\\\/2026\\\/04\\\/30\\\/gramos-hashani-zgjidhet-kryeshef-ekzekutiv-i-kek-ut\\\/#breadcrumb\"},\"inLanguage\":\"en-US\",\"potentialAction\":[{\"@type\":\"ReadAction\",\"target\":[\"https:\\\/\\\/kosovatimes.info\\\/index.php\\\/2026\\\/04\\\/30\\\/gramos-hashani-zgjidhet-kryeshef-ekzekutiv-i-kek-ut\\\/\"]}]},{\"@type\":\"ImageObject\",\"inLanguage\":\"en-US\",\"@id\":\"https:\\\/\\\/kosovatimes.info\\\/index.php\\\/2026\\\/04\\\/30\\\/gramos-hashani-zgjidhet-kryeshef-ekzekutiv-i-kek-ut\\\/#primaryimage\",\"url\":\"https:\\\/\\\/kosovatimes.info\\\/wp-content\\\/uploads\\\/2026\\\/04\\\/Hashani.jpg\",\"contentUrl\":\"https:\\\/\\\/kosovatimes.info\\\/wp-content\\\/uploads\\\/2026\\\/04\\\/Hashani.jpg\",\"width\":780,\"height\":500},{\"@type\":\"BreadcrumbList\",\"@id\":\"https:\\\/\\\/kosovatimes.info\\\/index.php\\\/2026\\\/04\\\/30\\\/gramos-hashani-zgjidhet-kryeshef-ekzekutiv-i-kek-ut\\\/#breadcrumb\",\"itemListElement\":[{\"@type\":\"ListItem\",\"position\":1,\"name\":\"Home\",\"item\":\"https:\\\/\\\/kosovatimes.info\\\/\"},{\"@type\":\"ListItem\",\"position\":2,\"name\":\"Gramos Hashani zgjidhet kryeshef ekzekutiv i KEK-ut\"}]},{\"@type\":\"WebSite\",\"@id\":\"https:\\\/\\\/kosovatimes.info\\\/#website\",\"url\":\"https:\\\/\\\/kosovatimes.info\\\/\",\"name\":\"Kosova Times\",\"description\":\"\",\"potentialAction\":[{\"@type\":\"SearchAction\",\"target\":{\"@type\":\"EntryPoint\",\"urlTemplate\":\"https:\\\/\\\/kosovatimes.info\\\/?s={search_term_string}\"},\"query-input\":{\"@type\":\"PropertyValueSpecification\",\"valueRequired\":true,\"valueName\":\"search_term_string\"}}],\"inLanguage\":\"en-US\"},{\"@type\":\"Person\",\"@id\":\"https:\\\/\\\/kosovatimes.info\\\/#\\\/schema\\\/person\\\/7586712b9c512fe68085de007378c915\",\"name\":\"i l\",\"image\":{\"@type\":\"ImageObject\",\"inLanguage\":\"en-US\",\"@id\":\"https:\\\/\\\/secure.gravatar.com\\\/avatar\\\/bad9296e02816160ae2e2435beda58222022298d5625d49fea74d18816fbb31d?s=96&d=mm&r=g\",\"url\":\"https:\\\/\\\/secure.gravatar.com\\\/avatar\\\/bad9296e02816160ae2e2435beda58222022298d5625d49fea74d18816fbb31d?s=96&d=mm&r=g\",\"contentUrl\":\"https:\\\/\\\/secure.gravatar.com\\\/avatar\\\/bad9296e02816160ae2e2435beda58222022298d5625d49fea74d18816fbb31d?s=96&d=mm&r=g\",\"caption\":\"i l\"},\"url\":\"https:\\\/\\\/kosovatimes.info\\\/index.php\\\/author\\\/iliri\\\/\"}]}<\/script>\n<!-- \/ Yoast SEO plugin. -->","yoast_head_json":{"title":"Gramos Hashani zgjidhet kryeshef ekzekutiv i KEK-ut - Kosova Times","robots":{"index":"index","follow":"follow","max-snippet":"max-snippet:-1","max-image-preview":"max-image-preview:large","max-video-preview":"max-video-preview:-1"},"canonical":"https:\/\/kosovatimes.info\/index.php\/2026\/04\/30\/gramos-hashani-zgjidhet-kryeshef-ekzekutiv-i-kek-ut\/","og_locale":"en_US","og_type":"article","og_title":"Gramos Hashani zgjidhet kryeshef ekzekutiv i KEK-ut - Kosova Times","og_description":"Bordi i Drejtor\u00ebve t\u00eb Korporat\u00ebs Energjetike t\u00eb Kosov\u00ebs, ka njoftuar se ka p\u00ebrzgjedhur Gramos Hashanin p\u00ebr pozit\u00ebn e kryeshefit Ekzekutiv t\u00eb KEK-ut. &#8220;Procesi i p\u00ebrzgjedhjes \u00ebsht\u00eb zhvilluar n\u00eb p\u00ebrputhje t\u00eb plot\u00eb me Ligjin p\u00ebr Nd\u00ebrmarrjet Publike dhe ka p\u00ebrfshir\u00eb vler\u00ebsimin dhe intervistimin e t\u00eb gjith\u00eb kandidat\u00ebve q\u00eb kan\u00eb p\u00ebrmbushur kriteret e p\u00ebrcaktuara n\u00eb konkursin publik&#8221;, [&hellip;]","og_url":"https:\/\/kosovatimes.info\/index.php\/2026\/04\/30\/gramos-hashani-zgjidhet-kryeshef-ekzekutiv-i-kek-ut\/","og_site_name":"Kosova Times","article_published_time":"2026-04-30T18:49:00+00:00","article_modified_time":"2026-04-30T20:16:58+00:00","og_image":[{"width":780,"height":500,"url":"https:\/\/kosovatimes.info\/wp-content\/uploads\/2026\/04\/Hashani.jpg","type":"image\/jpeg"}],"author":"i l","twitter_card":"summary_large_image","twitter_misc":{"Written by":"i l","Est. reading time":"2 minutes"},"schema":{"@context":"https:\/\/schema.org","@graph":[{"@type":"Article","@id":"https:\/\/kosovatimes.info\/index.php\/2026\/04\/30\/gramos-hashani-zgjidhet-kryeshef-ekzekutiv-i-kek-ut\/#article","isPartOf":{"@id":"https:\/\/kosovatimes.info\/index.php\/2026\/04\/30\/gramos-hashani-zgjidhet-kryeshef-ekzekutiv-i-kek-ut\/"},"author":{"name":"i l","@id":"https:\/\/kosovatimes.info\/#\/schema\/person\/7586712b9c512fe68085de007378c915"},"headline":"Gramos Hashani zgjidhet kryeshef ekzekutiv i KEK-ut","datePublished":"2026-04-30T18:49:00+00:00","dateModified":"2026-04-30T20:16:58+00:00","mainEntityOfPage":{"@id":"https:\/\/kosovatimes.info\/index.php\/2026\/04\/30\/gramos-hashani-zgjidhet-kryeshef-ekzekutiv-i-kek-ut\/"},"wordCount":289,"commentCount":0,"image":{"@id":"https:\/\/kosovatimes.info\/index.php\/2026\/04\/30\/gramos-hashani-zgjidhet-kryeshef-ekzekutiv-i-kek-ut\/#primaryimage"},"thumbnailUrl":"https:\/\/kosovatimes.info\/wp-content\/uploads\/2026\/04\/Hashani.jpg","articleSection":["Kosov\u00eb","Lajme"],"inLanguage":"en-US","potentialAction":[{"@type":"CommentAction","name":"Comment","target":["https:\/\/kosovatimes.info\/index.php\/2026\/04\/30\/gramos-hashani-zgjidhet-kryeshef-ekzekutiv-i-kek-ut\/#respond"]}]},{"@type":"WebPage","@id":"https:\/\/kosovatimes.info\/index.php\/2026\/04\/30\/gramos-hashani-zgjidhet-kryeshef-ekzekutiv-i-kek-ut\/","url":"https:\/\/kosovatimes.info\/index.php\/2026\/04\/30\/gramos-hashani-zgjidhet-kryeshef-ekzekutiv-i-kek-ut\/","name":"Gramos Hashani zgjidhet kryeshef ekzekutiv i KEK-ut - Kosova Times","isPartOf":{"@id":"https:\/\/kosovatimes.info\/#website"},"primaryImageOfPage":{"@id":"https:\/\/kosovatimes.info\/index.php\/2026\/04\/30\/gramos-hashani-zgjidhet-kryeshef-ekzekutiv-i-kek-ut\/#primaryimage"},"image":{"@id":"https:\/\/kosovatimes.info\/index.php\/2026\/04\/30\/gramos-hashani-zgjidhet-kryeshef-ekzekutiv-i-kek-ut\/#primaryimage"},"thumbnailUrl":"https:\/\/kosovatimes.info\/wp-content\/uploads\/2026\/04\/Hashani.jpg","datePublished":"2026-04-30T18:49:00+00:00","dateModified":"2026-04-30T20:16:58+00:00","author":{"@id":"https:\/\/kosovatimes.info\/#\/schema\/person\/7586712b9c512fe68085de007378c915"},"breadcrumb":{"@id":"https:\/\/kosovatimes.info\/index.php\/2026\/04\/30\/gramos-hashani-zgjidhet-kryeshef-ekzekutiv-i-kek-ut\/#breadcrumb"},"inLanguage":"en-US","potentialAction":[{"@type":"ReadAction","target":["https:\/\/kosovatimes.info\/index.php\/2026\/04\/30\/gramos-hashani-zgjidhet-kryeshef-ekzekutiv-i-kek-ut\/"]}]},{"@type":"ImageObject","inLanguage":"en-US","@id":"https:\/\/kosovatimes.info\/index.php\/2026\/04\/30\/gramos-hashani-zgjidhet-kryeshef-ekzekutiv-i-kek-ut\/#primaryimage","url":"https:\/\/kosovatimes.info\/wp-content\/uploads\/2026\/04\/Hashani.jpg","contentUrl":"https:\/\/kosovatimes.info\/wp-content\/uploads\/2026\/04\/Hashani.jpg","width":780,"height":500},{"@type":"BreadcrumbList","@id":"https:\/\/kosovatimes.info\/index.php\/2026\/04\/30\/gramos-hashani-zgjidhet-kryeshef-ekzekutiv-i-kek-ut\/#breadcrumb","itemListElement":[{"@type":"ListItem","position":1,"name":"Home","item":"https:\/\/kosovatimes.info\/"},{"@type":"ListItem","position":2,"name":"Gramos Hashani zgjidhet kryeshef ekzekutiv i KEK-ut"}]},{"@type":"WebSite","@id":"https:\/\/kosovatimes.info\/#website","url":"https:\/\/kosovatimes.info\/","name":"Kosova Times","description":"","potentialAction":[{"@type":"SearchAction","target":{"@type":"EntryPoint","urlTemplate":"https:\/\/kosovatimes.info\/?s={search_term_string}"},"query-input":{"@type":"PropertyValueSpecification","valueRequired":true,"valueName":"search_term_string"}}],"inLanguage":"en-US"},{"@type":"Person","@id":"https:\/\/kosovatimes.info\/#\/schema\/person\/7586712b9c512fe68085de007378c915","name":"i l","image":{"@type":"ImageObject","inLanguage":"en-US","@id":"https:\/\/secure.gravatar.com\/avatar\/bad9296e02816160ae2e2435beda58222022298d5625d49fea74d18816fbb31d?s=96&d=mm&r=g","url":"https:\/\/secure.gravatar.com\/avatar\/bad9296e02816160ae2e2435beda58222022298d5625d49fea74d18816fbb31d?s=96&d=mm&r=g","contentUrl":"https:\/\/secure.gravatar.com\/avatar\/bad9296e02816160ae2e2435beda58222022298d5625d49fea74d18816fbb31d?s=96&d=mm&r=g","caption":"i l"},"url":"https:\/\/kosovatimes.info\/index.php\/author\/iliri\/"}]}},"_links":{"self":[{"href":"https:\/\/kosovatimes.info\/index.php\/wp-json\/wp\/v2\/posts\/12813","targetHints":{"allow":["GET"]}}],"collection":[{"href":"https:\/\/kosovatimes.info\/index.php\/wp-json\/wp\/v2\/posts"}],"about":[{"href":"https:\/\/kosovatimes.info\/index.php\/wp-json\/wp\/v2\/types\/post"}],"author":[{"embeddable":true,"href":"https:\/\/kosovatimes.info\/index.php\/wp-json\/wp\/v2\/users\/4"}],"replies":[{"embeddable":true,"href":"https:\/\/kosovatimes.info\/index.php\/wp-json\/wp\/v2\/comments?post=12813"}],"version-history":[{"count":1,"href":"https:\/\/kosovatimes.info\/index.php\/wp-json\/wp\/v2\/posts\/12813\/revisions"}],"predecessor-version":[{"id":12815,"href":"https:\/\/kosovatimes.info\/index.php\/wp-json\/wp\/v2\/posts\/12813\/revisions\/12815"}],"wp:featuredmedia":[{"embeddable":true,"href":"https:\/\/kosovatimes.info\/index.php\/wp-json\/wp\/v2\/media\/12814"}],"wp:attachment":[{"href":"https:\/\/kosovatimes.info\/index.php\/wp-json\/wp\/v2\/media?parent=12813"}],"wp:term":[{"taxonomy":"category","embeddable":true,"href":"https:\/\/kosovatimes.info\/index.php\/wp-json\/wp\/v2\/categories?post=12813"},{"taxonomy":"post_tag","embeddable":true,"href":"https:\/\/kosovatimes.info\/index.php\/wp-json\/wp\/v2\/tags?post=12813"}],"curies":[{"name":"wp","href":"https:\/\/api.w.org\/{rel}","templated":true}]}}