{"id":12820,"date":"2026-04-30T21:15:00","date_gmt":"2026-04-30T19:15:00","guid":{"rendered":"https:\/\/kosovatimes.info\/?p=12820"},"modified":"2026-04-30T22:21:07","modified_gmt":"2026-04-30T20:21:07","slug":"rezolute-ne-kongresin-amerikan-per-mbeshtetjen-e-kosoves-drejt-nato-s","status":"publish","type":"post","link":"https:\/\/kosovatimes.info\/index.php\/2026\/04\/30\/rezolute-ne-kongresin-amerikan-per-mbeshtetjen-e-kosoves-drejt-nato-s\/","title":{"rendered":"Rezolut\u00eb n\u00eb Kongresin amerikan p\u00ebr mb\u00ebshtetjen e Kosov\u00ebs drejt NATO-s"},"content":{"rendered":"\n<p><strong>Kongresmeni Keith Self, s\u00eb bashku me kongresmen\u00ebt Ritchie Torres dhe Mike Lawler, kan\u00eb paraqitur n\u00eb Dhom\u00ebn e P\u00ebrfaq\u00ebsuesve nj\u00eb rezolut\u00eb q\u00eb shpreh mb\u00ebshtetje t\u00eb fuqishme p\u00ebr integrimin e Kosov\u00ebs n\u00eb Organizat\u00ebn e Traktatit t\u00eb Atlantikut t\u00eb Veriut (NATO).<\/strong><\/p>\n\n\n\n<p>Kjo, sipas&nbsp;<a href=\"https:\/\/keithself.house.gov\/media\/press-releases\/congressman-keith-self-introduces-resolution-supporting-integration-kosovo?fbclid=IwY2xjawRgeV5leHRuA2FlbQIxMABicmlkETF3ZVVUTjJmeEZwQ3dnWFFwc3J0YwZhcHBfaWQQMjIyMDM5MTc4ODIwMDg5MgABHtN5wjPlxJZ8RoVtqZI2fYe_ux8YmPt9emmllyHJOBXPuj6m9NRSDqCO2IkT_aem_PZDMeqrBBkGlzCath-dpYA\">njoftimit&nbsp;<\/a>t\u00eb publikuar n\u00eb faqen zyrtare t\u00eb kongresmenit<a href=\"https:\/\/keithself.house.gov\/media\/press-releases\/congressman-keith-self-introduces-resolution-supporting-integration-kosovo?fbclid=IwY2xjawRgeV5leHRuA2FlbQIxMABicmlkETF3ZVVUTjJmeEZwQ3dnWFFwc3J0YwZhcHBfaWQQMjIyMDM5MTc4ODIwMDg5MgABHtN5wjPlxJZ8RoVtqZI2fYe_ux8YmPt9emmllyHJOBXPuj6m9NRSDqCO2IkT_aem_PZDMeqrBBkGlzCath-dpYA\">&nbsp;Keith Self<\/a>, synon t\u00eb theksoj\u00eb r\u00ebnd\u00ebsin\u00eb strategjike t\u00eb k\u00ebtij procesi.<\/p>\n\n\n\n<p>N\u00eb&nbsp;<a href=\"https:\/\/keithself.house.gov\/media\/press-releases\/congressman-keith-self-introduces-resolution-supporting-integration-kosovo?fbclid=IwY2xjawRgeV5leHRuA2FlbQIxMABicmlkETF3ZVVUTjJmeEZwQ3dnWFFwc3J0YwZhcHBfaWQQMjIyMDM5MTc4ODIwMDg5MgABHtN5wjPlxJZ8RoVtqZI2fYe_ux8YmPt9emmllyHJOBXPuj6m9NRSDqCO2IkT_aem_PZDMeqrBBkGlzCath-dpYA\">rezolut\u00eb<\/a>&nbsp;thuhet se qeverisja demokratike e Kosov\u00ebs, kontrolli civil mbi forcat e siguris\u00eb dhe bashk\u00ebjetesa multietnike paraqesin nj\u00eb rast t\u00eb fort\u00eb p\u00ebr an\u00ebtar\u00ebsim n\u00eb NATO. Po ashtu, theksohet se, sipas njoftimit, n\u00eb kushtet kur aktor\u00eb armiq\u00ebsor\u00eb vazhdojn\u00eb t\u00eb destabilizojn\u00eb rajonin, an\u00ebtar\u00ebsimi i Kosov\u00ebs n\u00eb aleanc\u00eb do t\u00eb sh\u00ebrbente si kund\u00ebrpesh\u00eb p\u00ebr t\u00eb dekurajuar k\u00ebto veprime dhe p\u00ebr t\u00eb parandaluar p\u00ebrshkall\u00ebzime t\u00eb reja n\u00eb Ballkan.<\/p>\n\n\n\n<p>Kosova e ka shpallur pavar\u00ebsin\u00eb n\u00eb vitin 2008 dhe \u00ebsht\u00eb njohur nga mbi 100 shtete, p\u00ebrfshir\u00eb Shtetet e Bashkuara dhe shumic\u00ebn e vendeve t\u00eb NATO-s. Megjithat\u00eb, sipas t\u00eb nj\u00ebjtit njoftim t\u00eb publikuar n\u00eb faqen e kongresmenit&nbsp;<a href=\"https:\/\/keithself.house.gov\/media\/press-releases\/congressman-keith-self-introduces-resolution-supporting-integration-kosovo?fbclid=IwY2xjawRgeV5leHRuA2FlbQIxMABicmlkETF3ZVVUTjJmeEZwQ3dnWFFwc3J0YwZhcHBfaWQQMjIyMDM5MTc4ODIwMDg5MgABHtN5wjPlxJZ8RoVtqZI2fYe_ux8YmPt9emmllyHJOBXPuj6m9NRSDqCO2IkT_aem_PZDMeqrBBkGlzCath-dpYA\">Keith Self<\/a>, mungesa e njohjes unanime brenda Aleanc\u00ebs mbetet penges\u00eb p\u00ebr avancimin e Kosov\u00ebs drejt an\u00ebtar\u00ebsimit.<\/p>\n\n\n\n<p>N\u00eb&nbsp;<a href=\"https:\/\/keithself.house.gov\/media\/press-releases\/congressman-keith-self-introduces-resolution-supporting-integration-kosovo?fbclid=IwY2xjawRgeV5leHRuA2FlbQIxMABicmlkETF3ZVVUTjJmeEZwQ3dnWFFwc3J0YwZhcHBfaWQQMjIyMDM5MTc4ODIwMDg5MgABHtN5wjPlxJZ8RoVtqZI2fYe_ux8YmPt9emmllyHJOBXPuj6m9NRSDqCO2IkT_aem_PZDMeqrBBkGlzCath-dpYA\">dokument<\/a>&nbsp;theksohet se kat\u00ebr vende an\u00ebtare t\u00eb NATO-s\u2014Greqia, Rumania, Sllovakia dhe Spanja\u2014nuk e kan\u00eb njohur ende Kosov\u00ebn. Duke qen\u00eb se NATO funksionon me konsensus, kjo situat\u00eb paraqet penges\u00eb p\u00ebr p\u00ebrfshirjen e Kosov\u00ebs n\u00eb mekanizmat e an\u00ebtar\u00ebsimit, p\u00ebrfshir\u00eb Partneritetin p\u00ebr Paqe dhe Planin e Veprimit p\u00ebr An\u00ebtar\u00ebsim.<\/p>\n\n\n\n<p><a href=\"https:\/\/keithself.house.gov\/media\/press-releases\/congressman-keith-self-introduces-resolution-supporting-integration-kosovo?fbclid=IwY2xjawRgeV5leHRuA2FlbQIxMABicmlkETF3ZVVUTjJmeEZwQ3dnWFFwc3J0YwZhcHBfaWQQMjIyMDM5MTc4ODIwMDg5MgABHtN5wjPlxJZ8RoVtqZI2fYe_ux8YmPt9emmllyHJOBXPuj6m9NRSDqCO2IkT_aem_PZDMeqrBBkGlzCath-dpYA\">Rezoluta&nbsp;<\/a>u b\u00ebn thirrje k\u00ebtyre vendeve q\u00eb t\u00eb rishikojn\u00eb q\u00ebndrimet e tyre, duke theksuar se njohja m\u00eb e gjer\u00eb e Kosov\u00ebs \u00ebsht\u00eb e domosdoshme p\u00ebr avancimin e saj drejt NATO-s dhe p\u00ebr mbylljen e nj\u00eb boshll\u00ebku strategjik n\u00eb Evrop\u00ebn Juglindore.<\/p>\n\n\n\n<p>N\u00eb&nbsp;<a href=\"https:\/\/keithself.house.gov\/media\/press-releases\/congressman-keith-self-introduces-resolution-supporting-integration-kosovo?fbclid=IwY2xjawRgeV5leHRuA2FlbQIxMABicmlkETF3ZVVUTjJmeEZwQ3dnWFFwc3J0YwZhcHBfaWQQMjIyMDM5MTc4ODIwMDg5MgABHtN5wjPlxJZ8RoVtqZI2fYe_ux8YmPt9emmllyHJOBXPuj6m9NRSDqCO2IkT_aem_PZDMeqrBBkGlzCath-dpYA\">njoftimin<\/a>&nbsp;e publikuar n\u00eb faqen e kongresmenit&nbsp;<a href=\"https:\/\/keithself.house.gov\/media\/press-releases\/congressman-keith-self-introduces-resolution-supporting-integration-kosovo?fbclid=IwY2xjawRgeV5leHRuA2FlbQIxMABicmlkETF3ZVVUTjJmeEZwQ3dnWFFwc3J0YwZhcHBfaWQQMjIyMDM5MTc4ODIwMDg5MgABHtN5wjPlxJZ8RoVtqZI2fYe_ux8YmPt9emmllyHJOBXPuj6m9NRSDqCO2IkT_aem_PZDMeqrBBkGlzCath-dpYA\">Keith Self,<\/a>&nbsp;ai citohet t\u00eb ket\u00eb deklaruar se \u201cKosova ka d\u00ebshmuar p\u00ebrkushtim ndaj stabilitetit rajonal dhe p\u00ebrafrimit me vendet e NATO-s, por p\u00ebrparimi i saj po pengohet nga mungesa e njohjes nga disa aleat\u00eb\u201d. Po ashtu, ai shton se \u201cShtimi i Kosov\u00ebs n\u00eb aleanc\u00eb \u00ebsht\u00eb i r\u00ebnd\u00ebsish\u00ebm p\u00ebr p\u00ebrballimin e ndikimit t\u00eb kund\u00ebrshtar\u00ebve n\u00eb Evrop\u00eb\u201d.<\/p>\n\n\n\n<p>N\u00eb t\u00eb nj\u00ebjtin&nbsp;<a href=\"https:\/\/keithself.house.gov\/media\/press-releases\/congressman-keith-self-introduces-resolution-supporting-integration-kosovo?fbclid=IwY2xjawRgeV5leHRuA2FlbQIxMABicmlkETF3ZVVUTjJmeEZwQ3dnWFFwc3J0YwZhcHBfaWQQMjIyMDM5MTc4ODIwMDg5MgABHtN5wjPlxJZ8RoVtqZI2fYe_ux8YmPt9emmllyHJOBXPuj6m9NRSDqCO2IkT_aem_PZDMeqrBBkGlzCath-dpYA\">njoftim&nbsp;<\/a>theksohet se integrimi i Kosov\u00ebs n\u00eb NATO \u00ebsht\u00eb i r\u00ebnd\u00ebsish\u00ebm p\u00ebr interesat e siguris\u00eb s\u00eb Shteteve t\u00eb Bashkuara n\u00eb Evrop\u00ebn Juglindore.<\/p>\n","protected":false},"excerpt":{"rendered":"<p>Kongresmeni Keith Self, s\u00eb bashku me kongresmen\u00ebt Ritchie Torres dhe Mike Lawler, kan\u00eb paraqitur n\u00eb Dhom\u00ebn e P\u00ebrfaq\u00ebsuesve nj\u00eb rezolut\u00eb q\u00eb shpreh mb\u00ebshtetje t\u00eb fuqishme p\u00ebr integrimin e Kosov\u00ebs n\u00eb Organizat\u00ebn e Traktatit t\u00eb Atlantikut t\u00eb Veriut (NATO). Kjo, sipas&nbsp;njoftimit&nbsp;t\u00eb publikuar n\u00eb faqen zyrtare t\u00eb kongresmenit&nbsp;Keith Self, synon t\u00eb theksoj\u00eb r\u00ebnd\u00ebsin\u00eb strategjike t\u00eb k\u00ebtij procesi. [&hellip;]<\/p>\n","protected":false},"author":4,"featured_media":12821,"comment_status":"open","ping_status":"open","sticky":true,"template":"","format":"standard","meta":{"footnotes":""},"categories":[31,30],"tags":[],"class_list":{"0":"post-12820","1":"post","2":"type-post","3":"status-publish","4":"format-standard","5":"has-post-thumbnail","7":"category-kosove","8":"category-lajme"},"yoast_head":"<!-- This site is optimized with the Yoast SEO plugin v27.4 - https:\/\/yoast.com\/product\/yoast-seo-wordpress\/ -->\n<title>Rezolut\u00eb n\u00eb Kongresin amerikan p\u00ebr mb\u00ebshtetjen e Kosov\u00ebs drejt NATO-s - Kosova Times<\/title>\n<meta name=\"robots\" content=\"index, follow, max-snippet:-1, max-image-preview:large, max-video-preview:-1\" \/>\n<link rel=\"canonical\" href=\"https:\/\/kosovatimes.info\/index.php\/2026\/04\/30\/rezolute-ne-kongresin-amerikan-per-mbeshtetjen-e-kosoves-drejt-nato-s\/\" \/>\n<meta property=\"og:locale\" content=\"en_US\" \/>\n<meta property=\"og:type\" content=\"article\" \/>\n<meta property=\"og:title\" content=\"Rezolut\u00eb n\u00eb Kongresin amerikan p\u00ebr mb\u00ebshtetjen e Kosov\u00ebs drejt NATO-s - Kosova Times\" \/>\n<meta property=\"og:description\" content=\"Kongresmeni Keith Self, s\u00eb bashku me kongresmen\u00ebt Ritchie Torres dhe Mike Lawler, kan\u00eb paraqitur n\u00eb Dhom\u00ebn e P\u00ebrfaq\u00ebsuesve nj\u00eb rezolut\u00eb q\u00eb shpreh mb\u00ebshtetje t\u00eb fuqishme p\u00ebr integrimin e Kosov\u00ebs n\u00eb Organizat\u00ebn e Traktatit t\u00eb Atlantikut t\u00eb Veriut (NATO). Kjo, sipas&nbsp;njoftimit&nbsp;t\u00eb publikuar n\u00eb faqen zyrtare t\u00eb kongresmenit&nbsp;Keith Self, synon t\u00eb theksoj\u00eb r\u00ebnd\u00ebsin\u00eb strategjike t\u00eb k\u00ebtij procesi. [&hellip;]\" \/>\n<meta property=\"og:url\" content=\"https:\/\/kosovatimes.info\/index.php\/2026\/04\/30\/rezolute-ne-kongresin-amerikan-per-mbeshtetjen-e-kosoves-drejt-nato-s\/\" \/>\n<meta property=\"og:site_name\" content=\"Kosova Times\" \/>\n<meta property=\"article:published_time\" content=\"2026-04-30T19:15:00+00:00\" \/>\n<meta property=\"article:modified_time\" content=\"2026-04-30T20:21:07+00:00\" \/>\n<meta property=\"og:image\" content=\"https:\/\/kosovatimes.info\/wp-content\/uploads\/2026\/04\/Keith-Self.jpg\" \/>\n\t<meta property=\"og:image:width\" content=\"780\" \/>\n\t<meta property=\"og:image:height\" content=\"500\" \/>\n\t<meta property=\"og:image:type\" content=\"image\/jpeg\" \/>\n<meta name=\"author\" content=\"i l\" \/>\n<meta name=\"twitter:card\" content=\"summary_large_image\" \/>\n<meta name=\"twitter:label1\" content=\"Written by\" \/>\n\t<meta name=\"twitter:data1\" content=\"i l\" \/>\n\t<meta name=\"twitter:label2\" content=\"Est. reading time\" \/>\n\t<meta name=\"twitter:data2\" content=\"2 minutes\" \/>\n<script type=\"application\/ld+json\" class=\"yoast-schema-graph\">{\"@context\":\"https:\\\/\\\/schema.org\",\"@graph\":[{\"@type\":\"Article\",\"@id\":\"https:\\\/\\\/kosovatimes.info\\\/index.php\\\/2026\\\/04\\\/30\\\/rezolute-ne-kongresin-amerikan-per-mbeshtetjen-e-kosoves-drejt-nato-s\\\/#article\",\"isPartOf\":{\"@id\":\"https:\\\/\\\/kosovatimes.info\\\/index.php\\\/2026\\\/04\\\/30\\\/rezolute-ne-kongresin-amerikan-per-mbeshtetjen-e-kosoves-drejt-nato-s\\\/\"},\"author\":{\"name\":\"i l\",\"@id\":\"https:\\\/\\\/kosovatimes.info\\\/#\\\/schema\\\/person\\\/7586712b9c512fe68085de007378c915\"},\"headline\":\"Rezolut\u00eb n\u00eb Kongresin amerikan p\u00ebr mb\u00ebshtetjen e Kosov\u00ebs drejt NATO-s\",\"datePublished\":\"2026-04-30T19:15:00+00:00\",\"dateModified\":\"2026-04-30T20:21:07+00:00\",\"mainEntityOfPage\":{\"@id\":\"https:\\\/\\\/kosovatimes.info\\\/index.php\\\/2026\\\/04\\\/30\\\/rezolute-ne-kongresin-amerikan-per-mbeshtetjen-e-kosoves-drejt-nato-s\\\/\"},\"wordCount\":454,\"commentCount\":0,\"image\":{\"@id\":\"https:\\\/\\\/kosovatimes.info\\\/index.php\\\/2026\\\/04\\\/30\\\/rezolute-ne-kongresin-amerikan-per-mbeshtetjen-e-kosoves-drejt-nato-s\\\/#primaryimage\"},\"thumbnailUrl\":\"https:\\\/\\\/kosovatimes.info\\\/wp-content\\\/uploads\\\/2026\\\/04\\\/Keith-Self.jpg\",\"articleSection\":[\"Kosov\u00eb\",\"Lajme\"],\"inLanguage\":\"en-US\",\"potentialAction\":[{\"@type\":\"CommentAction\",\"name\":\"Comment\",\"target\":[\"https:\\\/\\\/kosovatimes.info\\\/index.php\\\/2026\\\/04\\\/30\\\/rezolute-ne-kongresin-amerikan-per-mbeshtetjen-e-kosoves-drejt-nato-s\\\/#respond\"]}]},{\"@type\":\"WebPage\",\"@id\":\"https:\\\/\\\/kosovatimes.info\\\/index.php\\\/2026\\\/04\\\/30\\\/rezolute-ne-kongresin-amerikan-per-mbeshtetjen-e-kosoves-drejt-nato-s\\\/\",\"url\":\"https:\\\/\\\/kosovatimes.info\\\/index.php\\\/2026\\\/04\\\/30\\\/rezolute-ne-kongresin-amerikan-per-mbeshtetjen-e-kosoves-drejt-nato-s\\\/\",\"name\":\"Rezolut\u00eb n\u00eb Kongresin amerikan p\u00ebr mb\u00ebshtetjen e Kosov\u00ebs drejt NATO-s - Kosova Times\",\"isPartOf\":{\"@id\":\"https:\\\/\\\/kosovatimes.info\\\/#website\"},\"primaryImageOfPage\":{\"@id\":\"https:\\\/\\\/kosovatimes.info\\\/index.php\\\/2026\\\/04\\\/30\\\/rezolute-ne-kongresin-amerikan-per-mbeshtetjen-e-kosoves-drejt-nato-s\\\/#primaryimage\"},\"image\":{\"@id\":\"https:\\\/\\\/kosovatimes.info\\\/index.php\\\/2026\\\/04\\\/30\\\/rezolute-ne-kongresin-amerikan-per-mbeshtetjen-e-kosoves-drejt-nato-s\\\/#primaryimage\"},\"thumbnailUrl\":\"https:\\\/\\\/kosovatimes.info\\\/wp-content\\\/uploads\\\/2026\\\/04\\\/Keith-Self.jpg\",\"datePublished\":\"2026-04-30T19:15:00+00:00\",\"dateModified\":\"2026-04-30T20:21:07+00:00\",\"author\":{\"@id\":\"https:\\\/\\\/kosovatimes.info\\\/#\\\/schema\\\/person\\\/7586712b9c512fe68085de007378c915\"},\"breadcrumb\":{\"@id\":\"https:\\\/\\\/kosovatimes.info\\\/index.php\\\/2026\\\/04\\\/30\\\/rezolute-ne-kongresin-amerikan-per-mbeshtetjen-e-kosoves-drejt-nato-s\\\/#breadcrumb\"},\"inLanguage\":\"en-US\",\"potentialAction\":[{\"@type\":\"ReadAction\",\"target\":[\"https:\\\/\\\/kosovatimes.info\\\/index.php\\\/2026\\\/04\\\/30\\\/rezolute-ne-kongresin-amerikan-per-mbeshtetjen-e-kosoves-drejt-nato-s\\\/\"]}]},{\"@type\":\"ImageObject\",\"inLanguage\":\"en-US\",\"@id\":\"https:\\\/\\\/kosovatimes.info\\\/index.php\\\/2026\\\/04\\\/30\\\/rezolute-ne-kongresin-amerikan-per-mbeshtetjen-e-kosoves-drejt-nato-s\\\/#primaryimage\",\"url\":\"https:\\\/\\\/kosovatimes.info\\\/wp-content\\\/uploads\\\/2026\\\/04\\\/Keith-Self.jpg\",\"contentUrl\":\"https:\\\/\\\/kosovatimes.info\\\/wp-content\\\/uploads\\\/2026\\\/04\\\/Keith-Self.jpg\",\"width\":780,\"height\":500},{\"@type\":\"BreadcrumbList\",\"@id\":\"https:\\\/\\\/kosovatimes.info\\\/index.php\\\/2026\\\/04\\\/30\\\/rezolute-ne-kongresin-amerikan-per-mbeshtetjen-e-kosoves-drejt-nato-s\\\/#breadcrumb\",\"itemListElement\":[{\"@type\":\"ListItem\",\"position\":1,\"name\":\"Home\",\"item\":\"https:\\\/\\\/kosovatimes.info\\\/\"},{\"@type\":\"ListItem\",\"position\":2,\"name\":\"Rezolut\u00eb n\u00eb Kongresin amerikan p\u00ebr mb\u00ebshtetjen e Kosov\u00ebs drejt NATO-s\"}]},{\"@type\":\"WebSite\",\"@id\":\"https:\\\/\\\/kosovatimes.info\\\/#website\",\"url\":\"https:\\\/\\\/kosovatimes.info\\\/\",\"name\":\"Kosova Times\",\"description\":\"\",\"potentialAction\":[{\"@type\":\"SearchAction\",\"target\":{\"@type\":\"EntryPoint\",\"urlTemplate\":\"https:\\\/\\\/kosovatimes.info\\\/?s={search_term_string}\"},\"query-input\":{\"@type\":\"PropertyValueSpecification\",\"valueRequired\":true,\"valueName\":\"search_term_string\"}}],\"inLanguage\":\"en-US\"},{\"@type\":\"Person\",\"@id\":\"https:\\\/\\\/kosovatimes.info\\\/#\\\/schema\\\/person\\\/7586712b9c512fe68085de007378c915\",\"name\":\"i l\",\"image\":{\"@type\":\"ImageObject\",\"inLanguage\":\"en-US\",\"@id\":\"https:\\\/\\\/secure.gravatar.com\\\/avatar\\\/bad9296e02816160ae2e2435beda58222022298d5625d49fea74d18816fbb31d?s=96&d=mm&r=g\",\"url\":\"https:\\\/\\\/secure.gravatar.com\\\/avatar\\\/bad9296e02816160ae2e2435beda58222022298d5625d49fea74d18816fbb31d?s=96&d=mm&r=g\",\"contentUrl\":\"https:\\\/\\\/secure.gravatar.com\\\/avatar\\\/bad9296e02816160ae2e2435beda58222022298d5625d49fea74d18816fbb31d?s=96&d=mm&r=g\",\"caption\":\"i l\"},\"url\":\"https:\\\/\\\/kosovatimes.info\\\/index.php\\\/author\\\/iliri\\\/\"}]}<\/script>\n<!-- \/ Yoast SEO plugin. -->","yoast_head_json":{"title":"Rezolut\u00eb n\u00eb Kongresin amerikan p\u00ebr mb\u00ebshtetjen e Kosov\u00ebs drejt NATO-s - Kosova Times","robots":{"index":"index","follow":"follow","max-snippet":"max-snippet:-1","max-image-preview":"max-image-preview:large","max-video-preview":"max-video-preview:-1"},"canonical":"https:\/\/kosovatimes.info\/index.php\/2026\/04\/30\/rezolute-ne-kongresin-amerikan-per-mbeshtetjen-e-kosoves-drejt-nato-s\/","og_locale":"en_US","og_type":"article","og_title":"Rezolut\u00eb n\u00eb Kongresin amerikan p\u00ebr mb\u00ebshtetjen e Kosov\u00ebs drejt NATO-s - Kosova Times","og_description":"Kongresmeni Keith Self, s\u00eb bashku me kongresmen\u00ebt Ritchie Torres dhe Mike Lawler, kan\u00eb paraqitur n\u00eb Dhom\u00ebn e P\u00ebrfaq\u00ebsuesve nj\u00eb rezolut\u00eb q\u00eb shpreh mb\u00ebshtetje t\u00eb fuqishme p\u00ebr integrimin e Kosov\u00ebs n\u00eb Organizat\u00ebn e Traktatit t\u00eb Atlantikut t\u00eb Veriut (NATO). Kjo, sipas&nbsp;njoftimit&nbsp;t\u00eb publikuar n\u00eb faqen zyrtare t\u00eb kongresmenit&nbsp;Keith Self, synon t\u00eb theksoj\u00eb r\u00ebnd\u00ebsin\u00eb strategjike t\u00eb k\u00ebtij procesi. [&hellip;]","og_url":"https:\/\/kosovatimes.info\/index.php\/2026\/04\/30\/rezolute-ne-kongresin-amerikan-per-mbeshtetjen-e-kosoves-drejt-nato-s\/","og_site_name":"Kosova Times","article_published_time":"2026-04-30T19:15:00+00:00","article_modified_time":"2026-04-30T20:21:07+00:00","og_image":[{"width":780,"height":500,"url":"https:\/\/kosovatimes.info\/wp-content\/uploads\/2026\/04\/Keith-Self.jpg","type":"image\/jpeg"}],"author":"i l","twitter_card":"summary_large_image","twitter_misc":{"Written by":"i l","Est. reading time":"2 minutes"},"schema":{"@context":"https:\/\/schema.org","@graph":[{"@type":"Article","@id":"https:\/\/kosovatimes.info\/index.php\/2026\/04\/30\/rezolute-ne-kongresin-amerikan-per-mbeshtetjen-e-kosoves-drejt-nato-s\/#article","isPartOf":{"@id":"https:\/\/kosovatimes.info\/index.php\/2026\/04\/30\/rezolute-ne-kongresin-amerikan-per-mbeshtetjen-e-kosoves-drejt-nato-s\/"},"author":{"name":"i l","@id":"https:\/\/kosovatimes.info\/#\/schema\/person\/7586712b9c512fe68085de007378c915"},"headline":"Rezolut\u00eb n\u00eb Kongresin amerikan p\u00ebr mb\u00ebshtetjen e Kosov\u00ebs drejt NATO-s","datePublished":"2026-04-30T19:15:00+00:00","dateModified":"2026-04-30T20:21:07+00:00","mainEntityOfPage":{"@id":"https:\/\/kosovatimes.info\/index.php\/2026\/04\/30\/rezolute-ne-kongresin-amerikan-per-mbeshtetjen-e-kosoves-drejt-nato-s\/"},"wordCount":454,"commentCount":0,"image":{"@id":"https:\/\/kosovatimes.info\/index.php\/2026\/04\/30\/rezolute-ne-kongresin-amerikan-per-mbeshtetjen-e-kosoves-drejt-nato-s\/#primaryimage"},"thumbnailUrl":"https:\/\/kosovatimes.info\/wp-content\/uploads\/2026\/04\/Keith-Self.jpg","articleSection":["Kosov\u00eb","Lajme"],"inLanguage":"en-US","potentialAction":[{"@type":"CommentAction","name":"Comment","target":["https:\/\/kosovatimes.info\/index.php\/2026\/04\/30\/rezolute-ne-kongresin-amerikan-per-mbeshtetjen-e-kosoves-drejt-nato-s\/#respond"]}]},{"@type":"WebPage","@id":"https:\/\/kosovatimes.info\/index.php\/2026\/04\/30\/rezolute-ne-kongresin-amerikan-per-mbeshtetjen-e-kosoves-drejt-nato-s\/","url":"https:\/\/kosovatimes.info\/index.php\/2026\/04\/30\/rezolute-ne-kongresin-amerikan-per-mbeshtetjen-e-kosoves-drejt-nato-s\/","name":"Rezolut\u00eb n\u00eb Kongresin amerikan p\u00ebr mb\u00ebshtetjen e Kosov\u00ebs drejt NATO-s - Kosova Times","isPartOf":{"@id":"https:\/\/kosovatimes.info\/#website"},"primaryImageOfPage":{"@id":"https:\/\/kosovatimes.info\/index.php\/2026\/04\/30\/rezolute-ne-kongresin-amerikan-per-mbeshtetjen-e-kosoves-drejt-nato-s\/#primaryimage"},"image":{"@id":"https:\/\/kosovatimes.info\/index.php\/2026\/04\/30\/rezolute-ne-kongresin-amerikan-per-mbeshtetjen-e-kosoves-drejt-nato-s\/#primaryimage"},"thumbnailUrl":"https:\/\/kosovatimes.info\/wp-content\/uploads\/2026\/04\/Keith-Self.jpg","datePublished":"2026-04-30T19:15:00+00:00","dateModified":"2026-04-30T20:21:07+00:00","author":{"@id":"https:\/\/kosovatimes.info\/#\/schema\/person\/7586712b9c512fe68085de007378c915"},"breadcrumb":{"@id":"https:\/\/kosovatimes.info\/index.php\/2026\/04\/30\/rezolute-ne-kongresin-amerikan-per-mbeshtetjen-e-kosoves-drejt-nato-s\/#breadcrumb"},"inLanguage":"en-US","potentialAction":[{"@type":"ReadAction","target":["https:\/\/kosovatimes.info\/index.php\/2026\/04\/30\/rezolute-ne-kongresin-amerikan-per-mbeshtetjen-e-kosoves-drejt-nato-s\/"]}]},{"@type":"ImageObject","inLanguage":"en-US","@id":"https:\/\/kosovatimes.info\/index.php\/2026\/04\/30\/rezolute-ne-kongresin-amerikan-per-mbeshtetjen-e-kosoves-drejt-nato-s\/#primaryimage","url":"https:\/\/kosovatimes.info\/wp-content\/uploads\/2026\/04\/Keith-Self.jpg","contentUrl":"https:\/\/kosovatimes.info\/wp-content\/uploads\/2026\/04\/Keith-Self.jpg","width":780,"height":500},{"@type":"BreadcrumbList","@id":"https:\/\/kosovatimes.info\/index.php\/2026\/04\/30\/rezolute-ne-kongresin-amerikan-per-mbeshtetjen-e-kosoves-drejt-nato-s\/#breadcrumb","itemListElement":[{"@type":"ListItem","position":1,"name":"Home","item":"https:\/\/kosovatimes.info\/"},{"@type":"ListItem","position":2,"name":"Rezolut\u00eb n\u00eb Kongresin amerikan p\u00ebr mb\u00ebshtetjen e Kosov\u00ebs drejt NATO-s"}]},{"@type":"WebSite","@id":"https:\/\/kosovatimes.info\/#website","url":"https:\/\/kosovatimes.info\/","name":"Kosova Times","description":"","potentialAction":[{"@type":"SearchAction","target":{"@type":"EntryPoint","urlTemplate":"https:\/\/kosovatimes.info\/?s={search_term_string}"},"query-input":{"@type":"PropertyValueSpecification","valueRequired":true,"valueName":"search_term_string"}}],"inLanguage":"en-US"},{"@type":"Person","@id":"https:\/\/kosovatimes.info\/#\/schema\/person\/7586712b9c512fe68085de007378c915","name":"i l","image":{"@type":"ImageObject","inLanguage":"en-US","@id":"https:\/\/secure.gravatar.com\/avatar\/bad9296e02816160ae2e2435beda58222022298d5625d49fea74d18816fbb31d?s=96&d=mm&r=g","url":"https:\/\/secure.gravatar.com\/avatar\/bad9296e02816160ae2e2435beda58222022298d5625d49fea74d18816fbb31d?s=96&d=mm&r=g","contentUrl":"https:\/\/secure.gravatar.com\/avatar\/bad9296e02816160ae2e2435beda58222022298d5625d49fea74d18816fbb31d?s=96&d=mm&r=g","caption":"i l"},"url":"https:\/\/kosovatimes.info\/index.php\/author\/iliri\/"}]}},"_links":{"self":[{"href":"https:\/\/kosovatimes.info\/index.php\/wp-json\/wp\/v2\/posts\/12820","targetHints":{"allow":["GET"]}}],"collection":[{"href":"https:\/\/kosovatimes.info\/index.php\/wp-json\/wp\/v2\/posts"}],"about":[{"href":"https:\/\/kosovatimes.info\/index.php\/wp-json\/wp\/v2\/types\/post"}],"author":[{"embeddable":true,"href":"https:\/\/kosovatimes.info\/index.php\/wp-json\/wp\/v2\/users\/4"}],"replies":[{"embeddable":true,"href":"https:\/\/kosovatimes.info\/index.php\/wp-json\/wp\/v2\/comments?post=12820"}],"version-history":[{"count":1,"href":"https:\/\/kosovatimes.info\/index.php\/wp-json\/wp\/v2\/posts\/12820\/revisions"}],"predecessor-version":[{"id":12822,"href":"https:\/\/kosovatimes.info\/index.php\/wp-json\/wp\/v2\/posts\/12820\/revisions\/12822"}],"wp:featuredmedia":[{"embeddable":true,"href":"https:\/\/kosovatimes.info\/index.php\/wp-json\/wp\/v2\/media\/12821"}],"wp:attachment":[{"href":"https:\/\/kosovatimes.info\/index.php\/wp-json\/wp\/v2\/media?parent=12820"}],"wp:term":[{"taxonomy":"category","embeddable":true,"href":"https:\/\/kosovatimes.info\/index.php\/wp-json\/wp\/v2\/categories?post=12820"},{"taxonomy":"post_tag","embeddable":true,"href":"https:\/\/kosovatimes.info\/index.php\/wp-json\/wp\/v2\/tags?post=12820"}],"curies":[{"name":"wp","href":"https:\/\/api.w.org\/{rel}","templated":true}]}}