{"id":12823,"date":"2026-04-30T22:26:30","date_gmt":"2026-04-30T20:26:30","guid":{"rendered":"https:\/\/kosovatimes.info\/?p=12823"},"modified":"2026-04-30T22:26:34","modified_gmt":"2026-04-30T20:26:34","slug":"video-me-ze-te-larte-ne-kongres-shikoni-se-si-reagoi-shefi-i-mbrojtjes-i-shba-se","status":"publish","type":"post","link":"https:\/\/kosovatimes.info\/index.php\/2026\/04\/30\/video-me-ze-te-larte-ne-kongres-shikoni-se-si-reagoi-shefi-i-mbrojtjes-i-shba-se\/","title":{"rendered":"VIDEO Me z\u00eb t\u00eb lart\u00eb n\u00eb Kongres&#8230;\u00a0Shikoni se si reagoi shefi i mbrojtjes i SHBA-s\u00eb"},"content":{"rendered":"\n<p>Sekretari i Mbrojtjes i SHBA-s\u00eb,&nbsp;<strong>Pete Hegseth,<\/strong>&nbsp;u paraqit para Kongresit t\u00eb SHBA-s\u00eb p\u00ebr seanc\u00ebn e tij t\u00eb par\u00eb publike d\u00ebgjimore n\u00eb lidhje me luft\u00ebn kund\u00ebr Iranit, ku iu desh t&#8217;u p\u00ebrgjigjej pyetjeve t\u00eb shumta nga p\u00ebrfaq\u00ebsuesit n\u00eb lidhje me arsyet, kostot dhe objektivat e konfliktit.<\/p>\n\n\n\n<p>Gjat\u00eb seanc\u00ebs d\u00ebgjimore, Pentagoni vler\u00ebsoi publikisht p\u00ebr her\u00eb t\u00eb par\u00eb se lufta ka kushtuar rreth 25 miliard\u00eb dollar\u00eb deri m\u00eb tani, duke p\u00ebrfshir\u00eb koston e arm\u00ebve, operacioneve ushtarake dhe vendosjen e forcave. Shifra ka nxitur debat t\u00eb m\u00ebtejsh\u00ebm rreth asaj se sa m\u00eb shum\u00eb para do t\u00eb nevojiten dhe sa shum\u00eb do ta r\u00ebndoj\u00eb konflikti buxhetin e SHBA-s\u00eb n\u00eb planin afatgjat\u00eb.<\/p>\n\n\n\n<p>Demokrat\u00ebt e kan\u00eb kritikuar administrat\u00ebn p\u00ebr at\u00eb q\u00eb e quajn\u00eb munges\u00eb t\u00eb nj\u00eb strategjie dhe plani t\u00eb qart\u00eb daljeje nga lufta. Nga ana tjet\u00ebr, Hegseth mbrojti nd\u00ebrhyrjen ushtarake, duke theksuar se q\u00ebllimi \u00ebsht\u00eb t\u00eb parandalohet Irani nga zhvillimi i arm\u00ebve b\u00ebrthamore dhe se veprimi i SHBA-s\u00eb \u00ebsht\u00eb i nevojsh\u00ebm p\u00ebr sigurin\u00eb e aleat\u00ebve n\u00eb rajon.<\/p>\n\n\n\n<p>Seanca d\u00ebgjimore u sh\u00ebnua nga nj\u00eb atmosfer\u00eb e tensionuar dhe n\u00eb nj\u00eb moment nj\u00ebri nga t\u00eb pranishmit e quajti Hegsethin kriminel lufte.&#8221;Je kriminel lufte dhe duhet t\u00eb arrestohesh! Ajo q\u00eb po b\u00ebn \u00ebsht\u00eb e neveritshme! Populli amerikan nuk do t\u00eb shkoj\u00eb n\u00eb k\u00ebt\u00eb luft\u00eb&#8221;, b\u00ebrtiti ai.<\/p>\n\n\n\n<p>Hegsethi b\u00ebri sikur nuk u prek nga k\u00ebto fjal\u00eb dhe piu me qet\u00ebsi nj\u00eb gll\u00ebnjk\u00eb nga kafeja e tij.<\/p>\n\n\n\n<p>Shikoni videon:<\/p>\n\n\n\n<figure class=\"wp-block-embed is-type-rich is-provider-twitter wp-block-embed-twitter\"><div class=\"wp-block-embed__wrapper\">\n<blockquote class=\"twitter-tweet\" data-width=\"550\" data-dnt=\"true\"><p lang=\"en\" dir=\"ltr\">\u26d4\ufe0fBreaking News\u203c\ufe0f<br><br>\u26d4\ufe0fChaos erupts as a protestor interrupts Pete Hegseth\u2019s testimony at the Senate Armed Services Committee as he asks them to approve the Pentagon&#39;s $1.5 TRILLION request, which includes $200 BILLION for Iran war funds.<br><br>&quot;YOU&#39;RE A WAR CRIMINAL. YOU SHOULD BE\u2026 <a href=\"https:\/\/t.co\/M9zYoJBfx5\">pic.twitter.com\/M9zYoJBfx5<\/a><\/p>&mdash; Dr.Sam Youssef Ph.D.,Ph.D.,DPT. (@drhossamsamy65) <a href=\"https:\/\/twitter.com\/drhossamsamy65\/status\/2049892276831179012?ref_src=twsrc%5Etfw\">April 30, 2026<\/a><\/blockquote><script async src=\"https:\/\/platform.twitter.com\/widgets.js\" charset=\"utf-8\"><\/script>\n<\/div><\/figure>\n","protected":false},"excerpt":{"rendered":"<p>Sekretari i Mbrojtjes i SHBA-s\u00eb,&nbsp;Pete Hegseth,&nbsp;u paraqit para Kongresit t\u00eb SHBA-s\u00eb p\u00ebr seanc\u00ebn e tij t\u00eb par\u00eb publike d\u00ebgjimore n\u00eb lidhje me luft\u00ebn kund\u00ebr Iranit, ku iu desh t&#8217;u p\u00ebrgjigjej pyetjeve t\u00eb shumta nga p\u00ebrfaq\u00ebsuesit n\u00eb lidhje me arsyet, kostot dhe objektivat e konfliktit. Gjat\u00eb seanc\u00ebs d\u00ebgjimore, Pentagoni vler\u00ebsoi publikisht p\u00ebr her\u00eb t\u00eb par\u00eb se [&hellip;]<\/p>\n","protected":false},"author":4,"featured_media":12824,"comment_status":"open","ping_status":"open","sticky":false,"template":"","format":"standard","meta":{"footnotes":""},"categories":[33,30],"tags":[],"class_list":{"0":"post-12823","1":"post","2":"type-post","3":"status-publish","4":"format-standard","5":"has-post-thumbnail","7":"category-bote","8":"category-lajme"},"yoast_head":"<!-- This site is optimized with the Yoast SEO plugin v27.4 - https:\/\/yoast.com\/product\/yoast-seo-wordpress\/ -->\n<title>VIDEO Me z\u00eb t\u00eb lart\u00eb n\u00eb Kongres...\u00a0Shikoni se si reagoi shefi i mbrojtjes i SHBA-s\u00eb - Kosova Times<\/title>\n<meta name=\"robots\" content=\"index, follow, max-snippet:-1, max-image-preview:large, max-video-preview:-1\" \/>\n<link rel=\"canonical\" href=\"https:\/\/kosovatimes.info\/index.php\/2026\/04\/30\/video-me-ze-te-larte-ne-kongres-shikoni-se-si-reagoi-shefi-i-mbrojtjes-i-shba-se\/\" \/>\n<meta property=\"og:locale\" content=\"en_US\" \/>\n<meta property=\"og:type\" content=\"article\" \/>\n<meta property=\"og:title\" content=\"VIDEO Me z\u00eb t\u00eb lart\u00eb n\u00eb Kongres...\u00a0Shikoni se si reagoi shefi i mbrojtjes i SHBA-s\u00eb - Kosova Times\" \/>\n<meta property=\"og:description\" content=\"Sekretari i Mbrojtjes i SHBA-s\u00eb,&nbsp;Pete Hegseth,&nbsp;u paraqit para Kongresit t\u00eb SHBA-s\u00eb p\u00ebr seanc\u00ebn e tij t\u00eb par\u00eb publike d\u00ebgjimore n\u00eb lidhje me luft\u00ebn kund\u00ebr Iranit, ku iu desh t&#8217;u p\u00ebrgjigjej pyetjeve t\u00eb shumta nga p\u00ebrfaq\u00ebsuesit n\u00eb lidhje me arsyet, kostot dhe objektivat e konfliktit. Gjat\u00eb seanc\u00ebs d\u00ebgjimore, Pentagoni vler\u00ebsoi publikisht p\u00ebr her\u00eb t\u00eb par\u00eb se [&hellip;]\" \/>\n<meta property=\"og:url\" content=\"https:\/\/kosovatimes.info\/index.php\/2026\/04\/30\/video-me-ze-te-larte-ne-kongres-shikoni-se-si-reagoi-shefi-i-mbrojtjes-i-shba-se\/\" \/>\n<meta property=\"og:site_name\" content=\"Kosova Times\" \/>\n<meta property=\"article:published_time\" content=\"2026-04-30T20:26:30+00:00\" \/>\n<meta property=\"article:modified_time\" content=\"2026-04-30T20:26:34+00:00\" \/>\n<meta property=\"og:image\" content=\"https:\/\/kosovatimes.info\/wp-content\/uploads\/2026\/04\/Pete-Hegseth.jpg\" \/>\n\t<meta property=\"og:image:width\" content=\"1280\" \/>\n\t<meta property=\"og:image:height\" content=\"670\" \/>\n\t<meta property=\"og:image:type\" content=\"image\/jpeg\" \/>\n<meta name=\"author\" content=\"i l\" \/>\n<meta name=\"twitter:card\" content=\"summary_large_image\" \/>\n<meta name=\"twitter:label1\" content=\"Written by\" \/>\n\t<meta name=\"twitter:data1\" content=\"i l\" \/>\n\t<meta name=\"twitter:label2\" content=\"Est. reading time\" \/>\n\t<meta name=\"twitter:data2\" content=\"2 minutes\" \/>\n<script type=\"application\/ld+json\" class=\"yoast-schema-graph\">{\"@context\":\"https:\\\/\\\/schema.org\",\"@graph\":[{\"@type\":\"Article\",\"@id\":\"https:\\\/\\\/kosovatimes.info\\\/index.php\\\/2026\\\/04\\\/30\\\/video-me-ze-te-larte-ne-kongres-shikoni-se-si-reagoi-shefi-i-mbrojtjes-i-shba-se\\\/#article\",\"isPartOf\":{\"@id\":\"https:\\\/\\\/kosovatimes.info\\\/index.php\\\/2026\\\/04\\\/30\\\/video-me-ze-te-larte-ne-kongres-shikoni-se-si-reagoi-shefi-i-mbrojtjes-i-shba-se\\\/\"},\"author\":{\"name\":\"i l\",\"@id\":\"https:\\\/\\\/kosovatimes.info\\\/#\\\/schema\\\/person\\\/7586712b9c512fe68085de007378c915\"},\"headline\":\"VIDEO Me z\u00eb t\u00eb lart\u00eb n\u00eb Kongres&#8230;\u00a0Shikoni se si reagoi shefi i mbrojtjes i SHBA-s\u00eb\",\"datePublished\":\"2026-04-30T20:26:30+00:00\",\"dateModified\":\"2026-04-30T20:26:34+00:00\",\"mainEntityOfPage\":{\"@id\":\"https:\\\/\\\/kosovatimes.info\\\/index.php\\\/2026\\\/04\\\/30\\\/video-me-ze-te-larte-ne-kongres-shikoni-se-si-reagoi-shefi-i-mbrojtjes-i-shba-se\\\/\"},\"wordCount\":327,\"commentCount\":0,\"image\":{\"@id\":\"https:\\\/\\\/kosovatimes.info\\\/index.php\\\/2026\\\/04\\\/30\\\/video-me-ze-te-larte-ne-kongres-shikoni-se-si-reagoi-shefi-i-mbrojtjes-i-shba-se\\\/#primaryimage\"},\"thumbnailUrl\":\"https:\\\/\\\/kosovatimes.info\\\/wp-content\\\/uploads\\\/2026\\\/04\\\/Pete-Hegseth.jpg\",\"articleSection\":[\"Bot\u00eb\",\"Lajme\"],\"inLanguage\":\"en-US\",\"potentialAction\":[{\"@type\":\"CommentAction\",\"name\":\"Comment\",\"target\":[\"https:\\\/\\\/kosovatimes.info\\\/index.php\\\/2026\\\/04\\\/30\\\/video-me-ze-te-larte-ne-kongres-shikoni-se-si-reagoi-shefi-i-mbrojtjes-i-shba-se\\\/#respond\"]}]},{\"@type\":\"WebPage\",\"@id\":\"https:\\\/\\\/kosovatimes.info\\\/index.php\\\/2026\\\/04\\\/30\\\/video-me-ze-te-larte-ne-kongres-shikoni-se-si-reagoi-shefi-i-mbrojtjes-i-shba-se\\\/\",\"url\":\"https:\\\/\\\/kosovatimes.info\\\/index.php\\\/2026\\\/04\\\/30\\\/video-me-ze-te-larte-ne-kongres-shikoni-se-si-reagoi-shefi-i-mbrojtjes-i-shba-se\\\/\",\"name\":\"VIDEO Me z\u00eb t\u00eb lart\u00eb n\u00eb Kongres...\u00a0Shikoni se si reagoi shefi i mbrojtjes i SHBA-s\u00eb - Kosova Times\",\"isPartOf\":{\"@id\":\"https:\\\/\\\/kosovatimes.info\\\/#website\"},\"primaryImageOfPage\":{\"@id\":\"https:\\\/\\\/kosovatimes.info\\\/index.php\\\/2026\\\/04\\\/30\\\/video-me-ze-te-larte-ne-kongres-shikoni-se-si-reagoi-shefi-i-mbrojtjes-i-shba-se\\\/#primaryimage\"},\"image\":{\"@id\":\"https:\\\/\\\/kosovatimes.info\\\/index.php\\\/2026\\\/04\\\/30\\\/video-me-ze-te-larte-ne-kongres-shikoni-se-si-reagoi-shefi-i-mbrojtjes-i-shba-se\\\/#primaryimage\"},\"thumbnailUrl\":\"https:\\\/\\\/kosovatimes.info\\\/wp-content\\\/uploads\\\/2026\\\/04\\\/Pete-Hegseth.jpg\",\"datePublished\":\"2026-04-30T20:26:30+00:00\",\"dateModified\":\"2026-04-30T20:26:34+00:00\",\"author\":{\"@id\":\"https:\\\/\\\/kosovatimes.info\\\/#\\\/schema\\\/person\\\/7586712b9c512fe68085de007378c915\"},\"breadcrumb\":{\"@id\":\"https:\\\/\\\/kosovatimes.info\\\/index.php\\\/2026\\\/04\\\/30\\\/video-me-ze-te-larte-ne-kongres-shikoni-se-si-reagoi-shefi-i-mbrojtjes-i-shba-se\\\/#breadcrumb\"},\"inLanguage\":\"en-US\",\"potentialAction\":[{\"@type\":\"ReadAction\",\"target\":[\"https:\\\/\\\/kosovatimes.info\\\/index.php\\\/2026\\\/04\\\/30\\\/video-me-ze-te-larte-ne-kongres-shikoni-se-si-reagoi-shefi-i-mbrojtjes-i-shba-se\\\/\"]}]},{\"@type\":\"ImageObject\",\"inLanguage\":\"en-US\",\"@id\":\"https:\\\/\\\/kosovatimes.info\\\/index.php\\\/2026\\\/04\\\/30\\\/video-me-ze-te-larte-ne-kongres-shikoni-se-si-reagoi-shefi-i-mbrojtjes-i-shba-se\\\/#primaryimage\",\"url\":\"https:\\\/\\\/kosovatimes.info\\\/wp-content\\\/uploads\\\/2026\\\/04\\\/Pete-Hegseth.jpg\",\"contentUrl\":\"https:\\\/\\\/kosovatimes.info\\\/wp-content\\\/uploads\\\/2026\\\/04\\\/Pete-Hegseth.jpg\",\"width\":1280,\"height\":670},{\"@type\":\"BreadcrumbList\",\"@id\":\"https:\\\/\\\/kosovatimes.info\\\/index.php\\\/2026\\\/04\\\/30\\\/video-me-ze-te-larte-ne-kongres-shikoni-se-si-reagoi-shefi-i-mbrojtjes-i-shba-se\\\/#breadcrumb\",\"itemListElement\":[{\"@type\":\"ListItem\",\"position\":1,\"name\":\"Home\",\"item\":\"https:\\\/\\\/kosovatimes.info\\\/\"},{\"@type\":\"ListItem\",\"position\":2,\"name\":\"VIDEO Me z\u00eb t\u00eb lart\u00eb n\u00eb Kongres&#8230;\u00a0Shikoni se si reagoi shefi i mbrojtjes i SHBA-s\u00eb\"}]},{\"@type\":\"WebSite\",\"@id\":\"https:\\\/\\\/kosovatimes.info\\\/#website\",\"url\":\"https:\\\/\\\/kosovatimes.info\\\/\",\"name\":\"Kosova Times\",\"description\":\"\",\"potentialAction\":[{\"@type\":\"SearchAction\",\"target\":{\"@type\":\"EntryPoint\",\"urlTemplate\":\"https:\\\/\\\/kosovatimes.info\\\/?s={search_term_string}\"},\"query-input\":{\"@type\":\"PropertyValueSpecification\",\"valueRequired\":true,\"valueName\":\"search_term_string\"}}],\"inLanguage\":\"en-US\"},{\"@type\":\"Person\",\"@id\":\"https:\\\/\\\/kosovatimes.info\\\/#\\\/schema\\\/person\\\/7586712b9c512fe68085de007378c915\",\"name\":\"i l\",\"image\":{\"@type\":\"ImageObject\",\"inLanguage\":\"en-US\",\"@id\":\"https:\\\/\\\/secure.gravatar.com\\\/avatar\\\/bad9296e02816160ae2e2435beda58222022298d5625d49fea74d18816fbb31d?s=96&d=mm&r=g\",\"url\":\"https:\\\/\\\/secure.gravatar.com\\\/avatar\\\/bad9296e02816160ae2e2435beda58222022298d5625d49fea74d18816fbb31d?s=96&d=mm&r=g\",\"contentUrl\":\"https:\\\/\\\/secure.gravatar.com\\\/avatar\\\/bad9296e02816160ae2e2435beda58222022298d5625d49fea74d18816fbb31d?s=96&d=mm&r=g\",\"caption\":\"i l\"},\"url\":\"https:\\\/\\\/kosovatimes.info\\\/index.php\\\/author\\\/iliri\\\/\"}]}<\/script>\n<!-- \/ Yoast SEO plugin. -->","yoast_head_json":{"title":"VIDEO Me z\u00eb t\u00eb lart\u00eb n\u00eb Kongres...\u00a0Shikoni se si reagoi shefi i mbrojtjes i SHBA-s\u00eb - Kosova Times","robots":{"index":"index","follow":"follow","max-snippet":"max-snippet:-1","max-image-preview":"max-image-preview:large","max-video-preview":"max-video-preview:-1"},"canonical":"https:\/\/kosovatimes.info\/index.php\/2026\/04\/30\/video-me-ze-te-larte-ne-kongres-shikoni-se-si-reagoi-shefi-i-mbrojtjes-i-shba-se\/","og_locale":"en_US","og_type":"article","og_title":"VIDEO Me z\u00eb t\u00eb lart\u00eb n\u00eb Kongres...\u00a0Shikoni se si reagoi shefi i mbrojtjes i SHBA-s\u00eb - Kosova Times","og_description":"Sekretari i Mbrojtjes i SHBA-s\u00eb,&nbsp;Pete Hegseth,&nbsp;u paraqit para Kongresit t\u00eb SHBA-s\u00eb p\u00ebr seanc\u00ebn e tij t\u00eb par\u00eb publike d\u00ebgjimore n\u00eb lidhje me luft\u00ebn kund\u00ebr Iranit, ku iu desh t&#8217;u p\u00ebrgjigjej pyetjeve t\u00eb shumta nga p\u00ebrfaq\u00ebsuesit n\u00eb lidhje me arsyet, kostot dhe objektivat e konfliktit. Gjat\u00eb seanc\u00ebs d\u00ebgjimore, Pentagoni vler\u00ebsoi publikisht p\u00ebr her\u00eb t\u00eb par\u00eb se [&hellip;]","og_url":"https:\/\/kosovatimes.info\/index.php\/2026\/04\/30\/video-me-ze-te-larte-ne-kongres-shikoni-se-si-reagoi-shefi-i-mbrojtjes-i-shba-se\/","og_site_name":"Kosova Times","article_published_time":"2026-04-30T20:26:30+00:00","article_modified_time":"2026-04-30T20:26:34+00:00","og_image":[{"width":1280,"height":670,"url":"https:\/\/kosovatimes.info\/wp-content\/uploads\/2026\/04\/Pete-Hegseth.jpg","type":"image\/jpeg"}],"author":"i l","twitter_card":"summary_large_image","twitter_misc":{"Written by":"i l","Est. reading time":"2 minutes"},"schema":{"@context":"https:\/\/schema.org","@graph":[{"@type":"Article","@id":"https:\/\/kosovatimes.info\/index.php\/2026\/04\/30\/video-me-ze-te-larte-ne-kongres-shikoni-se-si-reagoi-shefi-i-mbrojtjes-i-shba-se\/#article","isPartOf":{"@id":"https:\/\/kosovatimes.info\/index.php\/2026\/04\/30\/video-me-ze-te-larte-ne-kongres-shikoni-se-si-reagoi-shefi-i-mbrojtjes-i-shba-se\/"},"author":{"name":"i l","@id":"https:\/\/kosovatimes.info\/#\/schema\/person\/7586712b9c512fe68085de007378c915"},"headline":"VIDEO Me z\u00eb t\u00eb lart\u00eb n\u00eb Kongres&#8230;\u00a0Shikoni se si reagoi shefi i mbrojtjes i SHBA-s\u00eb","datePublished":"2026-04-30T20:26:30+00:00","dateModified":"2026-04-30T20:26:34+00:00","mainEntityOfPage":{"@id":"https:\/\/kosovatimes.info\/index.php\/2026\/04\/30\/video-me-ze-te-larte-ne-kongres-shikoni-se-si-reagoi-shefi-i-mbrojtjes-i-shba-se\/"},"wordCount":327,"commentCount":0,"image":{"@id":"https:\/\/kosovatimes.info\/index.php\/2026\/04\/30\/video-me-ze-te-larte-ne-kongres-shikoni-se-si-reagoi-shefi-i-mbrojtjes-i-shba-se\/#primaryimage"},"thumbnailUrl":"https:\/\/kosovatimes.info\/wp-content\/uploads\/2026\/04\/Pete-Hegseth.jpg","articleSection":["Bot\u00eb","Lajme"],"inLanguage":"en-US","potentialAction":[{"@type":"CommentAction","name":"Comment","target":["https:\/\/kosovatimes.info\/index.php\/2026\/04\/30\/video-me-ze-te-larte-ne-kongres-shikoni-se-si-reagoi-shefi-i-mbrojtjes-i-shba-se\/#respond"]}]},{"@type":"WebPage","@id":"https:\/\/kosovatimes.info\/index.php\/2026\/04\/30\/video-me-ze-te-larte-ne-kongres-shikoni-se-si-reagoi-shefi-i-mbrojtjes-i-shba-se\/","url":"https:\/\/kosovatimes.info\/index.php\/2026\/04\/30\/video-me-ze-te-larte-ne-kongres-shikoni-se-si-reagoi-shefi-i-mbrojtjes-i-shba-se\/","name":"VIDEO Me z\u00eb t\u00eb lart\u00eb n\u00eb Kongres...\u00a0Shikoni se si reagoi shefi i mbrojtjes i SHBA-s\u00eb - Kosova Times","isPartOf":{"@id":"https:\/\/kosovatimes.info\/#website"},"primaryImageOfPage":{"@id":"https:\/\/kosovatimes.info\/index.php\/2026\/04\/30\/video-me-ze-te-larte-ne-kongres-shikoni-se-si-reagoi-shefi-i-mbrojtjes-i-shba-se\/#primaryimage"},"image":{"@id":"https:\/\/kosovatimes.info\/index.php\/2026\/04\/30\/video-me-ze-te-larte-ne-kongres-shikoni-se-si-reagoi-shefi-i-mbrojtjes-i-shba-se\/#primaryimage"},"thumbnailUrl":"https:\/\/kosovatimes.info\/wp-content\/uploads\/2026\/04\/Pete-Hegseth.jpg","datePublished":"2026-04-30T20:26:30+00:00","dateModified":"2026-04-30T20:26:34+00:00","author":{"@id":"https:\/\/kosovatimes.info\/#\/schema\/person\/7586712b9c512fe68085de007378c915"},"breadcrumb":{"@id":"https:\/\/kosovatimes.info\/index.php\/2026\/04\/30\/video-me-ze-te-larte-ne-kongres-shikoni-se-si-reagoi-shefi-i-mbrojtjes-i-shba-se\/#breadcrumb"},"inLanguage":"en-US","potentialAction":[{"@type":"ReadAction","target":["https:\/\/kosovatimes.info\/index.php\/2026\/04\/30\/video-me-ze-te-larte-ne-kongres-shikoni-se-si-reagoi-shefi-i-mbrojtjes-i-shba-se\/"]}]},{"@type":"ImageObject","inLanguage":"en-US","@id":"https:\/\/kosovatimes.info\/index.php\/2026\/04\/30\/video-me-ze-te-larte-ne-kongres-shikoni-se-si-reagoi-shefi-i-mbrojtjes-i-shba-se\/#primaryimage","url":"https:\/\/kosovatimes.info\/wp-content\/uploads\/2026\/04\/Pete-Hegseth.jpg","contentUrl":"https:\/\/kosovatimes.info\/wp-content\/uploads\/2026\/04\/Pete-Hegseth.jpg","width":1280,"height":670},{"@type":"BreadcrumbList","@id":"https:\/\/kosovatimes.info\/index.php\/2026\/04\/30\/video-me-ze-te-larte-ne-kongres-shikoni-se-si-reagoi-shefi-i-mbrojtjes-i-shba-se\/#breadcrumb","itemListElement":[{"@type":"ListItem","position":1,"name":"Home","item":"https:\/\/kosovatimes.info\/"},{"@type":"ListItem","position":2,"name":"VIDEO Me z\u00eb t\u00eb lart\u00eb n\u00eb Kongres&#8230;\u00a0Shikoni se si reagoi shefi i mbrojtjes i SHBA-s\u00eb"}]},{"@type":"WebSite","@id":"https:\/\/kosovatimes.info\/#website","url":"https:\/\/kosovatimes.info\/","name":"Kosova Times","description":"","potentialAction":[{"@type":"SearchAction","target":{"@type":"EntryPoint","urlTemplate":"https:\/\/kosovatimes.info\/?s={search_term_string}"},"query-input":{"@type":"PropertyValueSpecification","valueRequired":true,"valueName":"search_term_string"}}],"inLanguage":"en-US"},{"@type":"Person","@id":"https:\/\/kosovatimes.info\/#\/schema\/person\/7586712b9c512fe68085de007378c915","name":"i l","image":{"@type":"ImageObject","inLanguage":"en-US","@id":"https:\/\/secure.gravatar.com\/avatar\/bad9296e02816160ae2e2435beda58222022298d5625d49fea74d18816fbb31d?s=96&d=mm&r=g","url":"https:\/\/secure.gravatar.com\/avatar\/bad9296e02816160ae2e2435beda58222022298d5625d49fea74d18816fbb31d?s=96&d=mm&r=g","contentUrl":"https:\/\/secure.gravatar.com\/avatar\/bad9296e02816160ae2e2435beda58222022298d5625d49fea74d18816fbb31d?s=96&d=mm&r=g","caption":"i l"},"url":"https:\/\/kosovatimes.info\/index.php\/author\/iliri\/"}]}},"_links":{"self":[{"href":"https:\/\/kosovatimes.info\/index.php\/wp-json\/wp\/v2\/posts\/12823","targetHints":{"allow":["GET"]}}],"collection":[{"href":"https:\/\/kosovatimes.info\/index.php\/wp-json\/wp\/v2\/posts"}],"about":[{"href":"https:\/\/kosovatimes.info\/index.php\/wp-json\/wp\/v2\/types\/post"}],"author":[{"embeddable":true,"href":"https:\/\/kosovatimes.info\/index.php\/wp-json\/wp\/v2\/users\/4"}],"replies":[{"embeddable":true,"href":"https:\/\/kosovatimes.info\/index.php\/wp-json\/wp\/v2\/comments?post=12823"}],"version-history":[{"count":1,"href":"https:\/\/kosovatimes.info\/index.php\/wp-json\/wp\/v2\/posts\/12823\/revisions"}],"predecessor-version":[{"id":12825,"href":"https:\/\/kosovatimes.info\/index.php\/wp-json\/wp\/v2\/posts\/12823\/revisions\/12825"}],"wp:featuredmedia":[{"embeddable":true,"href":"https:\/\/kosovatimes.info\/index.php\/wp-json\/wp\/v2\/media\/12824"}],"wp:attachment":[{"href":"https:\/\/kosovatimes.info\/index.php\/wp-json\/wp\/v2\/media?parent=12823"}],"wp:term":[{"taxonomy":"category","embeddable":true,"href":"https:\/\/kosovatimes.info\/index.php\/wp-json\/wp\/v2\/categories?post=12823"},{"taxonomy":"post_tag","embeddable":true,"href":"https:\/\/kosovatimes.info\/index.php\/wp-json\/wp\/v2\/tags?post=12823"}],"curies":[{"name":"wp","href":"https:\/\/api.w.org\/{rel}","templated":true}]}}