{"id":12841,"date":"2026-04-30T22:51:31","date_gmt":"2026-04-30T20:51:31","guid":{"rendered":"https:\/\/kosovatimes.info\/?p=12841"},"modified":"2026-04-30T22:51:33","modified_gmt":"2026-04-30T20:51:33","slug":"juria-e-bienales-se-venedikut-dha-doreheqjen-per-shkak-te-ruseve-dhe-izraeliteve","status":"publish","type":"post","link":"https:\/\/kosovatimes.info\/index.php\/2026\/04\/30\/juria-e-bienales-se-venedikut-dha-doreheqjen-per-shkak-te-ruseve-dhe-izraeliteve\/","title":{"rendered":"Juria e Bienales s\u00eb Venedikut dha dor\u00ebheqjen p\u00ebr shkak t\u00eb rus\u00ebve dhe izraelit\u00ebve"},"content":{"rendered":"\n<p>E GJITH\u00cb juria e Ekspozit\u00ebs Nd\u00ebrkomb\u00ebtare t\u00eb Artit t\u00eb Bienales s\u00eb Venedikut ka dh\u00ebn\u00eb dor\u00ebheqjen, than\u00eb organizator\u00ebt.<\/p>\n\n\n\n<p>Organizator\u00ebt nuk e kan\u00eb njoftuar zyrtarisht arsyen e k\u00ebtij veprimi, i cili e p\u00ebrshkall\u00ebzoi n\u00eb m\u00ebnyr\u00eb dramatike mosmarr\u00ebveshjen n\u00eb nj\u00eb nga ngjarjet m\u00eb prestigjioze t\u00eb artit bashk\u00ebkohor n\u00eb bot\u00eb dhe e futi at\u00eb n\u00eb trazira vet\u00ebm disa dit\u00eb para hapjes s\u00eb tij m\u00eb 9 maj.<\/p>\n\n\n\n<p>Juria prej pes\u00eb an\u00ebtar\u00ebsh, e udh\u00ebhequr nga kuratorja braziliane Solange Farkas, njoftoi jav\u00ebn e kaluar se &#8220;nga respekti p\u00ebr t\u00eb drejtat e njeriut&#8221;, ata nuk do t\u00eb shqyrtonin vepra nga vendet, udh\u00ebheq\u00ebsit e t\u00eb cilave po p\u00ebrballen me akuza n\u00eb Gjykat\u00ebn Nd\u00ebrkomb\u00ebtare Penale.<\/p>\n\n\n\n<p>Dy vendet e vetme n\u00eb fjal\u00eb ishin Rusia dhe Izraeli. Gjykata l\u00ebshoi \u200b\u200burdh\u00ebr-arreste p\u00ebr Presidentin rus Vladimir Putin n\u00eb lidhje me luft\u00ebn n\u00eb Ukrain\u00eb dhe kryeministrin izraelit Benjamin Netanyahu p\u00ebr luft\u00ebn n\u00eb Gaza.<\/p>\n\n\n\n<h3 class=\"wp-block-heading\">BE k\u00ebrc\u00ebnon t\u00eb nd\u00ebrpres\u00eb ose pezulloj\u00eb mb\u00ebshtetjen<\/h3>\n\n\n\n<p>Vendimi p\u00ebr t\u00eb ndaluar hyrjen e t\u00eb dy kombeve u prit me kritika t\u00eb gjera n\u00eb disa qarqe, dhe nj\u00eb artist izraelit q\u00eb p\u00ebrfaq\u00ebsonte Venedikun, skulptori Bela Simion Fainaru, akuzoi jurin\u00eb p\u00ebr diskriminim racor dhe k\u00ebrc\u00ebnoi me veprime ligjore.<\/p>\n\n\n\n<p>Eventi ka qen\u00eb n\u00eb qend\u00ebr t\u00eb nj\u00eb stuhie politike dhe mediatike q\u00eb nga fillimi i marsit, kur organizator\u00ebt njoftuan se do ta lejonin Rusin\u00eb t\u00eb rikthehej n\u00eb ekspozit\u00eb p\u00ebr her\u00eb t\u00eb par\u00eb q\u00eb nga pushtimi rus i Ukrain\u00ebs n\u00eb vitin 2022. Qeveria italiane e ka kritikuar ashp\u00ebr vendimin, nd\u00ebrsa Komisioni Evropian ka th\u00ebn\u00eb se do ta ul\u00eb ose pezulloj\u00eb grantin prej 2 milion\u00eb eurosh n\u00ebse pavijoni rus rihapet k\u00ebt\u00eb vit.<\/p>\n\n\n\n<p>Drejtori i Bienales, Pietrangelo Buttafuoco, nuk iu n\u00ebnshtrua presionit, duke theksuar se festivali \u00ebsht\u00eb &#8220;nj\u00eb hap\u00ebsir\u00eb \u200b\u200bbashk\u00ebjetese p\u00ebr t\u00eb gjith\u00eb planetin&#8221; pa censur\u00eb.<\/p>\n\n\n\n<h3 class=\"wp-block-heading\">Organizator\u00ebt: P\u00ebr her\u00eb t\u00eb par\u00eb, do t&#8217;u lejojm\u00eb shikuesve t\u00eb votojn\u00eb<\/h3>\n\n\n\n<p>Duke shtuar presionin, ministria e kultur\u00ebs d\u00ebrgoi inspektor\u00eb n\u00eb Venecia t\u00eb m\u00ebrkur\u00ebn p\u00ebr t\u00eb mbledhur informacion se si u ripranua Rusia, duke k\u00ebrkuar p\u00ebr ndonj\u00eb gabim burokratik q\u00eb mund t\u00eb p\u00ebrdoret p\u00ebr t\u00eb mohuar ftes\u00ebn.<\/p>\n\n\n\n<p>Organizator\u00ebt nuk e kritikuan jurin\u00eb p\u00ebr bojkotimin e artist\u00ebve rus\u00eb dhe izraelit\u00eb, duke th\u00ebn\u00eb se trupi, i cili p\u00ebrfshinte edhe Zoe Butt, Elvira Dyangani Ose, Marta Kuzma dhe Giovanna Zapperi, veproi me &#8220;autonomi dhe pavar\u00ebsi t\u00eb plot\u00eb&#8221;.<\/p>\n\n\n\n<p>Megjithat\u00eb, organizator\u00ebt njoftuan gjithashtu se do t&#8217;u lejojn\u00eb vizitor\u00ebve t\u00eb votojn\u00eb p\u00ebr her\u00eb t\u00eb par\u00eb, p\u00ebrfshir\u00eb p\u00ebr Rusin\u00eb dhe Izraelin, dhe se do ta zhvendosin ceremonin\u00eb e ndarjes s\u00eb \u00e7mimeve n\u00eb fund t\u00eb evenimentit n\u00eb n\u00ebntor, n\u00eb vend t\u00eb jav\u00ebs tjet\u00ebr. Ende nuk \u00ebsht\u00eb e qart\u00eb se kush do t&#8217;i zgjedh\u00eb fituesit e \u00e7mimeve kryesore Luani i Art\u00eb dhe Luani i Argjendt\u00eb, as n\u00ebse veprat nga Izraeli dhe Rusia do t\u00eb jen\u00eb n\u00eb gar\u00eb apo jo.<\/p>\n","protected":false},"excerpt":{"rendered":"<p>E GJITH\u00cb juria e Ekspozit\u00ebs Nd\u00ebrkomb\u00ebtare t\u00eb Artit t\u00eb Bienales s\u00eb Venedikut ka dh\u00ebn\u00eb dor\u00ebheqjen, than\u00eb organizator\u00ebt. Organizator\u00ebt nuk e kan\u00eb njoftuar zyrtarisht arsyen e k\u00ebtij veprimi, i cili e p\u00ebrshkall\u00ebzoi n\u00eb m\u00ebnyr\u00eb dramatike mosmarr\u00ebveshjen n\u00eb nj\u00eb nga ngjarjet m\u00eb prestigjioze t\u00eb artit bashk\u00ebkohor n\u00eb bot\u00eb dhe e futi at\u00eb n\u00eb trazira vet\u00ebm disa dit\u00eb [&hellip;]<\/p>\n","protected":false},"author":4,"featured_media":12842,"comment_status":"open","ping_status":"open","sticky":false,"template":"","format":"standard","meta":{"footnotes":""},"categories":[41],"tags":[],"class_list":{"0":"post-12841","1":"post","2":"type-post","3":"status-publish","4":"format-standard","5":"has-post-thumbnail","7":"category-kulture"},"yoast_head":"<!-- This site is optimized with the Yoast SEO plugin v27.4 - https:\/\/yoast.com\/product\/yoast-seo-wordpress\/ -->\n<title>Juria e Bienales s\u00eb Venedikut dha dor\u00ebheqjen p\u00ebr shkak t\u00eb rus\u00ebve dhe izraelit\u00ebve - Kosova Times<\/title>\n<meta name=\"robots\" content=\"index, follow, max-snippet:-1, max-image-preview:large, max-video-preview:-1\" \/>\n<link rel=\"canonical\" href=\"https:\/\/kosovatimes.info\/index.php\/2026\/04\/30\/juria-e-bienales-se-venedikut-dha-doreheqjen-per-shkak-te-ruseve-dhe-izraeliteve\/\" \/>\n<meta property=\"og:locale\" content=\"en_US\" \/>\n<meta property=\"og:type\" content=\"article\" \/>\n<meta property=\"og:title\" content=\"Juria e Bienales s\u00eb Venedikut dha dor\u00ebheqjen p\u00ebr shkak t\u00eb rus\u00ebve dhe izraelit\u00ebve - Kosova Times\" \/>\n<meta property=\"og:description\" content=\"E GJITH\u00cb juria e Ekspozit\u00ebs Nd\u00ebrkomb\u00ebtare t\u00eb Artit t\u00eb Bienales s\u00eb Venedikut ka dh\u00ebn\u00eb dor\u00ebheqjen, than\u00eb organizator\u00ebt. Organizator\u00ebt nuk e kan\u00eb njoftuar zyrtarisht arsyen e k\u00ebtij veprimi, i cili e p\u00ebrshkall\u00ebzoi n\u00eb m\u00ebnyr\u00eb dramatike mosmarr\u00ebveshjen n\u00eb nj\u00eb nga ngjarjet m\u00eb prestigjioze t\u00eb artit bashk\u00ebkohor n\u00eb bot\u00eb dhe e futi at\u00eb n\u00eb trazira vet\u00ebm disa dit\u00eb [&hellip;]\" \/>\n<meta property=\"og:url\" content=\"https:\/\/kosovatimes.info\/index.php\/2026\/04\/30\/juria-e-bienales-se-venedikut-dha-doreheqjen-per-shkak-te-ruseve-dhe-izraeliteve\/\" \/>\n<meta property=\"og:site_name\" content=\"Kosova Times\" \/>\n<meta property=\"article:published_time\" content=\"2026-04-30T20:51:31+00:00\" \/>\n<meta property=\"article:modified_time\" content=\"2026-04-30T20:51:33+00:00\" \/>\n<meta property=\"og:image\" content=\"https:\/\/kosovatimes.info\/wp-content\/uploads\/2026\/04\/bienale.webp\" \/>\n\t<meta property=\"og:image:width\" content=\"765\" \/>\n\t<meta property=\"og:image:height\" content=\"510\" \/>\n\t<meta property=\"og:image:type\" content=\"image\/webp\" \/>\n<meta name=\"author\" content=\"i l\" \/>\n<meta name=\"twitter:card\" content=\"summary_large_image\" \/>\n<meta name=\"twitter:label1\" content=\"Written by\" \/>\n\t<meta name=\"twitter:data1\" content=\"i l\" \/>\n\t<meta name=\"twitter:label2\" content=\"Est. reading time\" \/>\n\t<meta name=\"twitter:data2\" content=\"3 minutes\" \/>\n<script type=\"application\/ld+json\" class=\"yoast-schema-graph\">{\"@context\":\"https:\\\/\\\/schema.org\",\"@graph\":[{\"@type\":\"Article\",\"@id\":\"https:\\\/\\\/kosovatimes.info\\\/index.php\\\/2026\\\/04\\\/30\\\/juria-e-bienales-se-venedikut-dha-doreheqjen-per-shkak-te-ruseve-dhe-izraeliteve\\\/#article\",\"isPartOf\":{\"@id\":\"https:\\\/\\\/kosovatimes.info\\\/index.php\\\/2026\\\/04\\\/30\\\/juria-e-bienales-se-venedikut-dha-doreheqjen-per-shkak-te-ruseve-dhe-izraeliteve\\\/\"},\"author\":{\"name\":\"i l\",\"@id\":\"https:\\\/\\\/kosovatimes.info\\\/#\\\/schema\\\/person\\\/7586712b9c512fe68085de007378c915\"},\"headline\":\"Juria e Bienales s\u00eb Venedikut dha dor\u00ebheqjen p\u00ebr shkak t\u00eb rus\u00ebve dhe izraelit\u00ebve\",\"datePublished\":\"2026-04-30T20:51:31+00:00\",\"dateModified\":\"2026-04-30T20:51:33+00:00\",\"mainEntityOfPage\":{\"@id\":\"https:\\\/\\\/kosovatimes.info\\\/index.php\\\/2026\\\/04\\\/30\\\/juria-e-bienales-se-venedikut-dha-doreheqjen-per-shkak-te-ruseve-dhe-izraeliteve\\\/\"},\"wordCount\":534,\"commentCount\":0,\"image\":{\"@id\":\"https:\\\/\\\/kosovatimes.info\\\/index.php\\\/2026\\\/04\\\/30\\\/juria-e-bienales-se-venedikut-dha-doreheqjen-per-shkak-te-ruseve-dhe-izraeliteve\\\/#primaryimage\"},\"thumbnailUrl\":\"https:\\\/\\\/kosovatimes.info\\\/wp-content\\\/uploads\\\/2026\\\/04\\\/bienale.webp\",\"articleSection\":[\"Kultur\u00eb\"],\"inLanguage\":\"en-US\",\"potentialAction\":[{\"@type\":\"CommentAction\",\"name\":\"Comment\",\"target\":[\"https:\\\/\\\/kosovatimes.info\\\/index.php\\\/2026\\\/04\\\/30\\\/juria-e-bienales-se-venedikut-dha-doreheqjen-per-shkak-te-ruseve-dhe-izraeliteve\\\/#respond\"]}]},{\"@type\":\"WebPage\",\"@id\":\"https:\\\/\\\/kosovatimes.info\\\/index.php\\\/2026\\\/04\\\/30\\\/juria-e-bienales-se-venedikut-dha-doreheqjen-per-shkak-te-ruseve-dhe-izraeliteve\\\/\",\"url\":\"https:\\\/\\\/kosovatimes.info\\\/index.php\\\/2026\\\/04\\\/30\\\/juria-e-bienales-se-venedikut-dha-doreheqjen-per-shkak-te-ruseve-dhe-izraeliteve\\\/\",\"name\":\"Juria e Bienales s\u00eb Venedikut dha dor\u00ebheqjen p\u00ebr shkak t\u00eb rus\u00ebve dhe izraelit\u00ebve - Kosova Times\",\"isPartOf\":{\"@id\":\"https:\\\/\\\/kosovatimes.info\\\/#website\"},\"primaryImageOfPage\":{\"@id\":\"https:\\\/\\\/kosovatimes.info\\\/index.php\\\/2026\\\/04\\\/30\\\/juria-e-bienales-se-venedikut-dha-doreheqjen-per-shkak-te-ruseve-dhe-izraeliteve\\\/#primaryimage\"},\"image\":{\"@id\":\"https:\\\/\\\/kosovatimes.info\\\/index.php\\\/2026\\\/04\\\/30\\\/juria-e-bienales-se-venedikut-dha-doreheqjen-per-shkak-te-ruseve-dhe-izraeliteve\\\/#primaryimage\"},\"thumbnailUrl\":\"https:\\\/\\\/kosovatimes.info\\\/wp-content\\\/uploads\\\/2026\\\/04\\\/bienale.webp\",\"datePublished\":\"2026-04-30T20:51:31+00:00\",\"dateModified\":\"2026-04-30T20:51:33+00:00\",\"author\":{\"@id\":\"https:\\\/\\\/kosovatimes.info\\\/#\\\/schema\\\/person\\\/7586712b9c512fe68085de007378c915\"},\"breadcrumb\":{\"@id\":\"https:\\\/\\\/kosovatimes.info\\\/index.php\\\/2026\\\/04\\\/30\\\/juria-e-bienales-se-venedikut-dha-doreheqjen-per-shkak-te-ruseve-dhe-izraeliteve\\\/#breadcrumb\"},\"inLanguage\":\"en-US\",\"potentialAction\":[{\"@type\":\"ReadAction\",\"target\":[\"https:\\\/\\\/kosovatimes.info\\\/index.php\\\/2026\\\/04\\\/30\\\/juria-e-bienales-se-venedikut-dha-doreheqjen-per-shkak-te-ruseve-dhe-izraeliteve\\\/\"]}]},{\"@type\":\"ImageObject\",\"inLanguage\":\"en-US\",\"@id\":\"https:\\\/\\\/kosovatimes.info\\\/index.php\\\/2026\\\/04\\\/30\\\/juria-e-bienales-se-venedikut-dha-doreheqjen-per-shkak-te-ruseve-dhe-izraeliteve\\\/#primaryimage\",\"url\":\"https:\\\/\\\/kosovatimes.info\\\/wp-content\\\/uploads\\\/2026\\\/04\\\/bienale.webp\",\"contentUrl\":\"https:\\\/\\\/kosovatimes.info\\\/wp-content\\\/uploads\\\/2026\\\/04\\\/bienale.webp\",\"width\":765,\"height\":510},{\"@type\":\"BreadcrumbList\",\"@id\":\"https:\\\/\\\/kosovatimes.info\\\/index.php\\\/2026\\\/04\\\/30\\\/juria-e-bienales-se-venedikut-dha-doreheqjen-per-shkak-te-ruseve-dhe-izraeliteve\\\/#breadcrumb\",\"itemListElement\":[{\"@type\":\"ListItem\",\"position\":1,\"name\":\"Home\",\"item\":\"https:\\\/\\\/kosovatimes.info\\\/\"},{\"@type\":\"ListItem\",\"position\":2,\"name\":\"Juria e Bienales s\u00eb Venedikut dha dor\u00ebheqjen p\u00ebr shkak t\u00eb rus\u00ebve dhe izraelit\u00ebve\"}]},{\"@type\":\"WebSite\",\"@id\":\"https:\\\/\\\/kosovatimes.info\\\/#website\",\"url\":\"https:\\\/\\\/kosovatimes.info\\\/\",\"name\":\"Kosova Times\",\"description\":\"\",\"potentialAction\":[{\"@type\":\"SearchAction\",\"target\":{\"@type\":\"EntryPoint\",\"urlTemplate\":\"https:\\\/\\\/kosovatimes.info\\\/?s={search_term_string}\"},\"query-input\":{\"@type\":\"PropertyValueSpecification\",\"valueRequired\":true,\"valueName\":\"search_term_string\"}}],\"inLanguage\":\"en-US\"},{\"@type\":\"Person\",\"@id\":\"https:\\\/\\\/kosovatimes.info\\\/#\\\/schema\\\/person\\\/7586712b9c512fe68085de007378c915\",\"name\":\"i l\",\"image\":{\"@type\":\"ImageObject\",\"inLanguage\":\"en-US\",\"@id\":\"https:\\\/\\\/secure.gravatar.com\\\/avatar\\\/bad9296e02816160ae2e2435beda58222022298d5625d49fea74d18816fbb31d?s=96&d=mm&r=g\",\"url\":\"https:\\\/\\\/secure.gravatar.com\\\/avatar\\\/bad9296e02816160ae2e2435beda58222022298d5625d49fea74d18816fbb31d?s=96&d=mm&r=g\",\"contentUrl\":\"https:\\\/\\\/secure.gravatar.com\\\/avatar\\\/bad9296e02816160ae2e2435beda58222022298d5625d49fea74d18816fbb31d?s=96&d=mm&r=g\",\"caption\":\"i l\"},\"url\":\"https:\\\/\\\/kosovatimes.info\\\/index.php\\\/author\\\/iliri\\\/\"}]}<\/script>\n<!-- \/ Yoast SEO plugin. -->","yoast_head_json":{"title":"Juria e Bienales s\u00eb Venedikut dha dor\u00ebheqjen p\u00ebr shkak t\u00eb rus\u00ebve dhe izraelit\u00ebve - Kosova Times","robots":{"index":"index","follow":"follow","max-snippet":"max-snippet:-1","max-image-preview":"max-image-preview:large","max-video-preview":"max-video-preview:-1"},"canonical":"https:\/\/kosovatimes.info\/index.php\/2026\/04\/30\/juria-e-bienales-se-venedikut-dha-doreheqjen-per-shkak-te-ruseve-dhe-izraeliteve\/","og_locale":"en_US","og_type":"article","og_title":"Juria e Bienales s\u00eb Venedikut dha dor\u00ebheqjen p\u00ebr shkak t\u00eb rus\u00ebve dhe izraelit\u00ebve - Kosova Times","og_description":"E GJITH\u00cb juria e Ekspozit\u00ebs Nd\u00ebrkomb\u00ebtare t\u00eb Artit t\u00eb Bienales s\u00eb Venedikut ka dh\u00ebn\u00eb dor\u00ebheqjen, than\u00eb organizator\u00ebt. Organizator\u00ebt nuk e kan\u00eb njoftuar zyrtarisht arsyen e k\u00ebtij veprimi, i cili e p\u00ebrshkall\u00ebzoi n\u00eb m\u00ebnyr\u00eb dramatike mosmarr\u00ebveshjen n\u00eb nj\u00eb nga ngjarjet m\u00eb prestigjioze t\u00eb artit bashk\u00ebkohor n\u00eb bot\u00eb dhe e futi at\u00eb n\u00eb trazira vet\u00ebm disa dit\u00eb [&hellip;]","og_url":"https:\/\/kosovatimes.info\/index.php\/2026\/04\/30\/juria-e-bienales-se-venedikut-dha-doreheqjen-per-shkak-te-ruseve-dhe-izraeliteve\/","og_site_name":"Kosova Times","article_published_time":"2026-04-30T20:51:31+00:00","article_modified_time":"2026-04-30T20:51:33+00:00","og_image":[{"width":765,"height":510,"url":"https:\/\/kosovatimes.info\/wp-content\/uploads\/2026\/04\/bienale.webp","type":"image\/webp"}],"author":"i l","twitter_card":"summary_large_image","twitter_misc":{"Written by":"i l","Est. reading time":"3 minutes"},"schema":{"@context":"https:\/\/schema.org","@graph":[{"@type":"Article","@id":"https:\/\/kosovatimes.info\/index.php\/2026\/04\/30\/juria-e-bienales-se-venedikut-dha-doreheqjen-per-shkak-te-ruseve-dhe-izraeliteve\/#article","isPartOf":{"@id":"https:\/\/kosovatimes.info\/index.php\/2026\/04\/30\/juria-e-bienales-se-venedikut-dha-doreheqjen-per-shkak-te-ruseve-dhe-izraeliteve\/"},"author":{"name":"i l","@id":"https:\/\/kosovatimes.info\/#\/schema\/person\/7586712b9c512fe68085de007378c915"},"headline":"Juria e Bienales s\u00eb Venedikut dha dor\u00ebheqjen p\u00ebr shkak t\u00eb rus\u00ebve dhe izraelit\u00ebve","datePublished":"2026-04-30T20:51:31+00:00","dateModified":"2026-04-30T20:51:33+00:00","mainEntityOfPage":{"@id":"https:\/\/kosovatimes.info\/index.php\/2026\/04\/30\/juria-e-bienales-se-venedikut-dha-doreheqjen-per-shkak-te-ruseve-dhe-izraeliteve\/"},"wordCount":534,"commentCount":0,"image":{"@id":"https:\/\/kosovatimes.info\/index.php\/2026\/04\/30\/juria-e-bienales-se-venedikut-dha-doreheqjen-per-shkak-te-ruseve-dhe-izraeliteve\/#primaryimage"},"thumbnailUrl":"https:\/\/kosovatimes.info\/wp-content\/uploads\/2026\/04\/bienale.webp","articleSection":["Kultur\u00eb"],"inLanguage":"en-US","potentialAction":[{"@type":"CommentAction","name":"Comment","target":["https:\/\/kosovatimes.info\/index.php\/2026\/04\/30\/juria-e-bienales-se-venedikut-dha-doreheqjen-per-shkak-te-ruseve-dhe-izraeliteve\/#respond"]}]},{"@type":"WebPage","@id":"https:\/\/kosovatimes.info\/index.php\/2026\/04\/30\/juria-e-bienales-se-venedikut-dha-doreheqjen-per-shkak-te-ruseve-dhe-izraeliteve\/","url":"https:\/\/kosovatimes.info\/index.php\/2026\/04\/30\/juria-e-bienales-se-venedikut-dha-doreheqjen-per-shkak-te-ruseve-dhe-izraeliteve\/","name":"Juria e Bienales s\u00eb Venedikut dha dor\u00ebheqjen p\u00ebr shkak t\u00eb rus\u00ebve dhe izraelit\u00ebve - Kosova Times","isPartOf":{"@id":"https:\/\/kosovatimes.info\/#website"},"primaryImageOfPage":{"@id":"https:\/\/kosovatimes.info\/index.php\/2026\/04\/30\/juria-e-bienales-se-venedikut-dha-doreheqjen-per-shkak-te-ruseve-dhe-izraeliteve\/#primaryimage"},"image":{"@id":"https:\/\/kosovatimes.info\/index.php\/2026\/04\/30\/juria-e-bienales-se-venedikut-dha-doreheqjen-per-shkak-te-ruseve-dhe-izraeliteve\/#primaryimage"},"thumbnailUrl":"https:\/\/kosovatimes.info\/wp-content\/uploads\/2026\/04\/bienale.webp","datePublished":"2026-04-30T20:51:31+00:00","dateModified":"2026-04-30T20:51:33+00:00","author":{"@id":"https:\/\/kosovatimes.info\/#\/schema\/person\/7586712b9c512fe68085de007378c915"},"breadcrumb":{"@id":"https:\/\/kosovatimes.info\/index.php\/2026\/04\/30\/juria-e-bienales-se-venedikut-dha-doreheqjen-per-shkak-te-ruseve-dhe-izraeliteve\/#breadcrumb"},"inLanguage":"en-US","potentialAction":[{"@type":"ReadAction","target":["https:\/\/kosovatimes.info\/index.php\/2026\/04\/30\/juria-e-bienales-se-venedikut-dha-doreheqjen-per-shkak-te-ruseve-dhe-izraeliteve\/"]}]},{"@type":"ImageObject","inLanguage":"en-US","@id":"https:\/\/kosovatimes.info\/index.php\/2026\/04\/30\/juria-e-bienales-se-venedikut-dha-doreheqjen-per-shkak-te-ruseve-dhe-izraeliteve\/#primaryimage","url":"https:\/\/kosovatimes.info\/wp-content\/uploads\/2026\/04\/bienale.webp","contentUrl":"https:\/\/kosovatimes.info\/wp-content\/uploads\/2026\/04\/bienale.webp","width":765,"height":510},{"@type":"BreadcrumbList","@id":"https:\/\/kosovatimes.info\/index.php\/2026\/04\/30\/juria-e-bienales-se-venedikut-dha-doreheqjen-per-shkak-te-ruseve-dhe-izraeliteve\/#breadcrumb","itemListElement":[{"@type":"ListItem","position":1,"name":"Home","item":"https:\/\/kosovatimes.info\/"},{"@type":"ListItem","position":2,"name":"Juria e Bienales s\u00eb Venedikut dha dor\u00ebheqjen p\u00ebr shkak t\u00eb rus\u00ebve dhe izraelit\u00ebve"}]},{"@type":"WebSite","@id":"https:\/\/kosovatimes.info\/#website","url":"https:\/\/kosovatimes.info\/","name":"Kosova Times","description":"","potentialAction":[{"@type":"SearchAction","target":{"@type":"EntryPoint","urlTemplate":"https:\/\/kosovatimes.info\/?s={search_term_string}"},"query-input":{"@type":"PropertyValueSpecification","valueRequired":true,"valueName":"search_term_string"}}],"inLanguage":"en-US"},{"@type":"Person","@id":"https:\/\/kosovatimes.info\/#\/schema\/person\/7586712b9c512fe68085de007378c915","name":"i l","image":{"@type":"ImageObject","inLanguage":"en-US","@id":"https:\/\/secure.gravatar.com\/avatar\/bad9296e02816160ae2e2435beda58222022298d5625d49fea74d18816fbb31d?s=96&d=mm&r=g","url":"https:\/\/secure.gravatar.com\/avatar\/bad9296e02816160ae2e2435beda58222022298d5625d49fea74d18816fbb31d?s=96&d=mm&r=g","contentUrl":"https:\/\/secure.gravatar.com\/avatar\/bad9296e02816160ae2e2435beda58222022298d5625d49fea74d18816fbb31d?s=96&d=mm&r=g","caption":"i l"},"url":"https:\/\/kosovatimes.info\/index.php\/author\/iliri\/"}]}},"_links":{"self":[{"href":"https:\/\/kosovatimes.info\/index.php\/wp-json\/wp\/v2\/posts\/12841","targetHints":{"allow":["GET"]}}],"collection":[{"href":"https:\/\/kosovatimes.info\/index.php\/wp-json\/wp\/v2\/posts"}],"about":[{"href":"https:\/\/kosovatimes.info\/index.php\/wp-json\/wp\/v2\/types\/post"}],"author":[{"embeddable":true,"href":"https:\/\/kosovatimes.info\/index.php\/wp-json\/wp\/v2\/users\/4"}],"replies":[{"embeddable":true,"href":"https:\/\/kosovatimes.info\/index.php\/wp-json\/wp\/v2\/comments?post=12841"}],"version-history":[{"count":1,"href":"https:\/\/kosovatimes.info\/index.php\/wp-json\/wp\/v2\/posts\/12841\/revisions"}],"predecessor-version":[{"id":12843,"href":"https:\/\/kosovatimes.info\/index.php\/wp-json\/wp\/v2\/posts\/12841\/revisions\/12843"}],"wp:featuredmedia":[{"embeddable":true,"href":"https:\/\/kosovatimes.info\/index.php\/wp-json\/wp\/v2\/media\/12842"}],"wp:attachment":[{"href":"https:\/\/kosovatimes.info\/index.php\/wp-json\/wp\/v2\/media?parent=12841"}],"wp:term":[{"taxonomy":"category","embeddable":true,"href":"https:\/\/kosovatimes.info\/index.php\/wp-json\/wp\/v2\/categories?post=12841"},{"taxonomy":"post_tag","embeddable":true,"href":"https:\/\/kosovatimes.info\/index.php\/wp-json\/wp\/v2\/tags?post=12841"}],"curies":[{"name":"wp","href":"https:\/\/api.w.org\/{rel}","templated":true}]}}