{"id":12844,"date":"2026-04-30T22:55:30","date_gmt":"2026-04-30T20:55:30","guid":{"rendered":"https:\/\/kosovatimes.info\/?p=12844"},"modified":"2026-04-30T22:55:33","modified_gmt":"2026-04-30T20:55:33","slug":"bashkimi-evropian-ka-pezulluar-fondet-per-serbine","status":"publish","type":"post","link":"https:\/\/kosovatimes.info\/index.php\/2026\/04\/30\/bashkimi-evropian-ka-pezulluar-fondet-per-serbine\/","title":{"rendered":"Bashkimi Evropian ka pezulluar fondet p\u00ebr Serbin\u00eb"},"content":{"rendered":"\n<p>Bashkimi Evropian ka pezulluar t\u00eb gjitha pagesat e planit t\u00eb zhvillimit p\u00ebr Serbin\u00eb p\u00ebr shkak t\u00eb nj\u00eb t\u00eb mete n\u00eb sistemin gjyq\u00ebsor t\u00eb vendit. Kjo u njoftua nga Komisionerja e Zgjerimit t\u00eb BE-s\u00eb, Marta Koss, n\u00eb nj\u00eb konferenc\u00eb n\u00eb Fribourg. &#8220;Derisa kjo t\u00eb korrigjohet, vendi nuk do t\u00eb jet\u00eb n\u00eb gjendje t\u00eb marr\u00eb mb\u00ebshtetje financiare nga BE-ja&#8221;, theksoi ajo (cituar nga&nbsp;&nbsp;<a href=\"https:\/\/lat.rtrs.tv\/vijesti\/vijest.php?id=644086\">RTRS<\/a>&nbsp;). Koss shtoi se vendi nuk mund t\u00eb &#8220;ia dal\u00eb mban\u00eb&#8221; kur \u00ebsht\u00eb n\u00eb prag t\u00eb an\u00ebtar\u00ebsimit n\u00eb BE.&nbsp;<\/p>\n\n\n\n<p>M\u00eb her\u00ebt, m\u00eb 10 prill, Politico&nbsp;<a href=\"https:\/\/ru.themoscowtimes.com\/2026\/04\/10\/serbiyu-mogut-lishit-finansirovaniya-es-na-15-mlrd-evro-iz-za-svyazei-s-moskvoi-a192347\">raportoi<\/a>&nbsp;se Bashkimi Evropian mund ta privoj\u00eb Serbin\u00eb nga deri n\u00eb 1.5 miliard\u00eb euro fonde p\u00ebr shkak t\u00eb pengimit t\u00eb proceseve demokratike dhe lidhjeve t\u00eb ngushta me Mosk\u00ebn. &#8220;Shqet\u00ebsimet tona p\u00ebr at\u00eb q\u00eb po ndodh n\u00eb Serbi po rriten &#8211; nga ligjet q\u00eb d\u00ebmtojn\u00eb pavar\u00ebsin\u00eb e gjyq\u00ebsorit deri te shtypja e protestuesve dhe nd\u00ebrhyrja n\u00eb median e pavarur&#8221;, deklaroi Koss n\u00eb at\u00eb koh\u00eb.<\/p>\n\n\n\n<p>Serbia nuk \u00ebsht\u00eb an\u00ebtare e BE-s\u00eb, por ka qen\u00eb duke negociuar an\u00ebtar\u00ebsimin q\u00eb nga viti 2014 dhe \u00ebsht\u00eb e kualifikuar p\u00ebr grante p\u00ebr reforma ligjore. Q\u00eb nga shp\u00ebrthimi i luft\u00ebs n\u00eb Ukrain\u00eb, Vu\u00e7i\u00e7 \u00ebsht\u00eb p\u00ebrpjekur t\u00eb balancoj\u00eb angazhimin e tij ndaj integrimit evropian (duke marr\u00eb fonde nga Brukseli) me ruajtjen e lidhjeve t\u00eb ngushta me Rusin\u00eb, ndaj s\u00eb cil\u00ebs ende nuk ka vendosur sanksione. Sipas burimeve t\u00eb Politico-s, n\u00eb jav\u00ebt e fundit, jan\u00eb b\u00ebr\u00eb p\u00ebrpjekje brenda Komisionit Evropian p\u00ebr t\u00eb pezulluar fondet p\u00ebr Beogradin.<\/p>\n\n\n\n<p>P\u00ebr m\u00eb tep\u00ebr, mes pak\u00ebnaq\u00ebsis\u00eb s\u00eb Evrop\u00ebs me Beogradin, m\u00eb 27 prill,&nbsp;<a href=\"https:\/\/ru.themoscowtimes.com\/2026\/04\/27\/vozglavivshii-rossiiskie-zavodi-danone-plemyannik-kadirova-poluchil-grazhdanstvo-serbii-a193830\">u njoftua<\/a>&nbsp;se Serbia i kishte l\u00ebshuar nj\u00eb pasaport\u00eb Yakub Zakriev, nipit t\u00eb udh\u00ebheq\u00ebsit \u00e7e\u00e7en Ramzan Kadyrov. Dokumenti u mor sipas nj\u00eb procedure t\u00eb ve\u00e7ant\u00eb q\u00eb zbatohet p\u00ebr figura t\u00eb shquara n\u00eb biznes, shkenc\u00eb, sport ose art (nuk k\u00ebrkohet q\u00ebndrimi n\u00eb vend dhe heqja dor\u00eb nga shtet\u00ebsia tjet\u00ebr). Meritat specifike p\u00ebr t\u00eb cilat i af\u00ebrmi i Kadyrovit mori k\u00ebt\u00eb nder jan\u00eb t\u00eb paqarta. Megjithat\u00eb, t\u00eb nes\u00ebrmen &#8211; pas nj\u00eb trazire mediatike &#8211; qeveria serbe&nbsp;<a href=\"https:\/\/ru.themoscowtimes.com\/2026\/04\/28\/ugroza-natsionalnoi-bezopasnosti-serbiya-lishila-plemyannika-kadirova-grazhdanstva-cherez-5-dnei-posle-vidachi-a194003\">ia revokoi<\/a>&nbsp;shtet\u00ebsin\u00eb Zakriev, duke deklaruar se ai &#8220;mund t\u00eb konsiderohej nj\u00eb k\u00ebrc\u00ebnim potencial p\u00ebr sigurin\u00eb komb\u00ebtare&#8221;.<\/p>\n\n\n\n<p>Nga viti 2021 deri n\u00eb vitin 2024, BE-ja i ka ndar\u00eb Serbis\u00eb m\u00eb shum\u00eb se 586 milion\u00eb euro n\u00eb grante. Q\u00eb nga viti 2000, vendi ka marr\u00eb mbi 7 miliard\u00eb euro n\u00eb fonde dhe investime nga Evropa, sipas qeveris\u00eb serbe.&nbsp;<\/p>\n","protected":false},"excerpt":{"rendered":"<p>Bashkimi Evropian ka pezulluar t\u00eb gjitha pagesat e planit t\u00eb zhvillimit p\u00ebr Serbin\u00eb p\u00ebr shkak t\u00eb nj\u00eb t\u00eb mete n\u00eb sistemin gjyq\u00ebsor t\u00eb vendit. Kjo u njoftua nga Komisionerja e Zgjerimit t\u00eb BE-s\u00eb, Marta Koss, n\u00eb nj\u00eb konferenc\u00eb n\u00eb Fribourg. &#8220;Derisa kjo t\u00eb korrigjohet, vendi nuk do t\u00eb jet\u00eb n\u00eb gjendje t\u00eb marr\u00eb mb\u00ebshtetje financiare [&hellip;]<\/p>\n","protected":false},"author":4,"featured_media":12845,"comment_status":"open","ping_status":"open","sticky":false,"template":"","format":"standard","meta":{"footnotes":""},"categories":[30,32],"tags":[],"class_list":{"0":"post-12844","1":"post","2":"type-post","3":"status-publish","4":"format-standard","5":"has-post-thumbnail","7":"category-lajme","8":"category-rajon"},"yoast_head":"<!-- This site is optimized with the Yoast SEO plugin v27.4 - https:\/\/yoast.com\/product\/yoast-seo-wordpress\/ -->\n<title>Bashkimi Evropian ka pezulluar fondet p\u00ebr Serbin\u00eb - Kosova Times<\/title>\n<meta name=\"robots\" content=\"index, follow, max-snippet:-1, max-image-preview:large, max-video-preview:-1\" \/>\n<link rel=\"canonical\" href=\"https:\/\/kosovatimes.info\/index.php\/2026\/04\/30\/bashkimi-evropian-ka-pezulluar-fondet-per-serbine\/\" \/>\n<meta property=\"og:locale\" content=\"en_US\" \/>\n<meta property=\"og:type\" content=\"article\" \/>\n<meta property=\"og:title\" content=\"Bashkimi Evropian ka pezulluar fondet p\u00ebr Serbin\u00eb - Kosova Times\" \/>\n<meta property=\"og:description\" content=\"Bashkimi Evropian ka pezulluar t\u00eb gjitha pagesat e planit t\u00eb zhvillimit p\u00ebr Serbin\u00eb p\u00ebr shkak t\u00eb nj\u00eb t\u00eb mete n\u00eb sistemin gjyq\u00ebsor t\u00eb vendit. Kjo u njoftua nga Komisionerja e Zgjerimit t\u00eb BE-s\u00eb, Marta Koss, n\u00eb nj\u00eb konferenc\u00eb n\u00eb Fribourg. &#8220;Derisa kjo t\u00eb korrigjohet, vendi nuk do t\u00eb jet\u00eb n\u00eb gjendje t\u00eb marr\u00eb mb\u00ebshtetje financiare [&hellip;]\" \/>\n<meta property=\"og:url\" content=\"https:\/\/kosovatimes.info\/index.php\/2026\/04\/30\/bashkimi-evropian-ka-pezulluar-fondet-per-serbine\/\" \/>\n<meta property=\"og:site_name\" content=\"Kosova Times\" \/>\n<meta property=\"article:published_time\" content=\"2026-04-30T20:55:30+00:00\" \/>\n<meta property=\"article:modified_time\" content=\"2026-04-30T20:55:33+00:00\" \/>\n<meta property=\"og:image\" content=\"https:\/\/kosovatimes.info\/wp-content\/uploads\/2026\/04\/BEograd-1.jpg\" \/>\n\t<meta property=\"og:image:width\" content=\"1360\" \/>\n\t<meta property=\"og:image:height\" content=\"765\" \/>\n\t<meta property=\"og:image:type\" content=\"image\/jpeg\" \/>\n<meta name=\"author\" content=\"i l\" \/>\n<meta name=\"twitter:card\" content=\"summary_large_image\" \/>\n<meta name=\"twitter:label1\" content=\"Written by\" \/>\n\t<meta name=\"twitter:data1\" content=\"i l\" \/>\n\t<meta name=\"twitter:label2\" content=\"Est. reading time\" \/>\n\t<meta name=\"twitter:data2\" content=\"2 minutes\" \/>\n<script type=\"application\/ld+json\" class=\"yoast-schema-graph\">{\"@context\":\"https:\\\/\\\/schema.org\",\"@graph\":[{\"@type\":\"Article\",\"@id\":\"https:\\\/\\\/kosovatimes.info\\\/index.php\\\/2026\\\/04\\\/30\\\/bashkimi-evropian-ka-pezulluar-fondet-per-serbine\\\/#article\",\"isPartOf\":{\"@id\":\"https:\\\/\\\/kosovatimes.info\\\/index.php\\\/2026\\\/04\\\/30\\\/bashkimi-evropian-ka-pezulluar-fondet-per-serbine\\\/\"},\"author\":{\"name\":\"i l\",\"@id\":\"https:\\\/\\\/kosovatimes.info\\\/#\\\/schema\\\/person\\\/7586712b9c512fe68085de007378c915\"},\"headline\":\"Bashkimi Evropian ka pezulluar fondet p\u00ebr Serbin\u00eb\",\"datePublished\":\"2026-04-30T20:55:30+00:00\",\"dateModified\":\"2026-04-30T20:55:33+00:00\",\"mainEntityOfPage\":{\"@id\":\"https:\\\/\\\/kosovatimes.info\\\/index.php\\\/2026\\\/04\\\/30\\\/bashkimi-evropian-ka-pezulluar-fondet-per-serbine\\\/\"},\"wordCount\":440,\"commentCount\":0,\"image\":{\"@id\":\"https:\\\/\\\/kosovatimes.info\\\/index.php\\\/2026\\\/04\\\/30\\\/bashkimi-evropian-ka-pezulluar-fondet-per-serbine\\\/#primaryimage\"},\"thumbnailUrl\":\"https:\\\/\\\/kosovatimes.info\\\/wp-content\\\/uploads\\\/2026\\\/04\\\/BEograd-1.jpg\",\"articleSection\":[\"Lajme\",\"Rajon\"],\"inLanguage\":\"en-US\",\"potentialAction\":[{\"@type\":\"CommentAction\",\"name\":\"Comment\",\"target\":[\"https:\\\/\\\/kosovatimes.info\\\/index.php\\\/2026\\\/04\\\/30\\\/bashkimi-evropian-ka-pezulluar-fondet-per-serbine\\\/#respond\"]}]},{\"@type\":\"WebPage\",\"@id\":\"https:\\\/\\\/kosovatimes.info\\\/index.php\\\/2026\\\/04\\\/30\\\/bashkimi-evropian-ka-pezulluar-fondet-per-serbine\\\/\",\"url\":\"https:\\\/\\\/kosovatimes.info\\\/index.php\\\/2026\\\/04\\\/30\\\/bashkimi-evropian-ka-pezulluar-fondet-per-serbine\\\/\",\"name\":\"Bashkimi Evropian ka pezulluar fondet p\u00ebr Serbin\u00eb - Kosova Times\",\"isPartOf\":{\"@id\":\"https:\\\/\\\/kosovatimes.info\\\/#website\"},\"primaryImageOfPage\":{\"@id\":\"https:\\\/\\\/kosovatimes.info\\\/index.php\\\/2026\\\/04\\\/30\\\/bashkimi-evropian-ka-pezulluar-fondet-per-serbine\\\/#primaryimage\"},\"image\":{\"@id\":\"https:\\\/\\\/kosovatimes.info\\\/index.php\\\/2026\\\/04\\\/30\\\/bashkimi-evropian-ka-pezulluar-fondet-per-serbine\\\/#primaryimage\"},\"thumbnailUrl\":\"https:\\\/\\\/kosovatimes.info\\\/wp-content\\\/uploads\\\/2026\\\/04\\\/BEograd-1.jpg\",\"datePublished\":\"2026-04-30T20:55:30+00:00\",\"dateModified\":\"2026-04-30T20:55:33+00:00\",\"author\":{\"@id\":\"https:\\\/\\\/kosovatimes.info\\\/#\\\/schema\\\/person\\\/7586712b9c512fe68085de007378c915\"},\"breadcrumb\":{\"@id\":\"https:\\\/\\\/kosovatimes.info\\\/index.php\\\/2026\\\/04\\\/30\\\/bashkimi-evropian-ka-pezulluar-fondet-per-serbine\\\/#breadcrumb\"},\"inLanguage\":\"en-US\",\"potentialAction\":[{\"@type\":\"ReadAction\",\"target\":[\"https:\\\/\\\/kosovatimes.info\\\/index.php\\\/2026\\\/04\\\/30\\\/bashkimi-evropian-ka-pezulluar-fondet-per-serbine\\\/\"]}]},{\"@type\":\"ImageObject\",\"inLanguage\":\"en-US\",\"@id\":\"https:\\\/\\\/kosovatimes.info\\\/index.php\\\/2026\\\/04\\\/30\\\/bashkimi-evropian-ka-pezulluar-fondet-per-serbine\\\/#primaryimage\",\"url\":\"https:\\\/\\\/kosovatimes.info\\\/wp-content\\\/uploads\\\/2026\\\/04\\\/BEograd-1.jpg\",\"contentUrl\":\"https:\\\/\\\/kosovatimes.info\\\/wp-content\\\/uploads\\\/2026\\\/04\\\/BEograd-1.jpg\",\"width\":1360,\"height\":765},{\"@type\":\"BreadcrumbList\",\"@id\":\"https:\\\/\\\/kosovatimes.info\\\/index.php\\\/2026\\\/04\\\/30\\\/bashkimi-evropian-ka-pezulluar-fondet-per-serbine\\\/#breadcrumb\",\"itemListElement\":[{\"@type\":\"ListItem\",\"position\":1,\"name\":\"Home\",\"item\":\"https:\\\/\\\/kosovatimes.info\\\/\"},{\"@type\":\"ListItem\",\"position\":2,\"name\":\"Bashkimi Evropian ka pezulluar fondet p\u00ebr Serbin\u00eb\"}]},{\"@type\":\"WebSite\",\"@id\":\"https:\\\/\\\/kosovatimes.info\\\/#website\",\"url\":\"https:\\\/\\\/kosovatimes.info\\\/\",\"name\":\"Kosova Times\",\"description\":\"\",\"potentialAction\":[{\"@type\":\"SearchAction\",\"target\":{\"@type\":\"EntryPoint\",\"urlTemplate\":\"https:\\\/\\\/kosovatimes.info\\\/?s={search_term_string}\"},\"query-input\":{\"@type\":\"PropertyValueSpecification\",\"valueRequired\":true,\"valueName\":\"search_term_string\"}}],\"inLanguage\":\"en-US\"},{\"@type\":\"Person\",\"@id\":\"https:\\\/\\\/kosovatimes.info\\\/#\\\/schema\\\/person\\\/7586712b9c512fe68085de007378c915\",\"name\":\"i l\",\"image\":{\"@type\":\"ImageObject\",\"inLanguage\":\"en-US\",\"@id\":\"https:\\\/\\\/secure.gravatar.com\\\/avatar\\\/bad9296e02816160ae2e2435beda58222022298d5625d49fea74d18816fbb31d?s=96&d=mm&r=g\",\"url\":\"https:\\\/\\\/secure.gravatar.com\\\/avatar\\\/bad9296e02816160ae2e2435beda58222022298d5625d49fea74d18816fbb31d?s=96&d=mm&r=g\",\"contentUrl\":\"https:\\\/\\\/secure.gravatar.com\\\/avatar\\\/bad9296e02816160ae2e2435beda58222022298d5625d49fea74d18816fbb31d?s=96&d=mm&r=g\",\"caption\":\"i l\"},\"url\":\"https:\\\/\\\/kosovatimes.info\\\/index.php\\\/author\\\/iliri\\\/\"}]}<\/script>\n<!-- \/ Yoast SEO plugin. -->","yoast_head_json":{"title":"Bashkimi Evropian ka pezulluar fondet p\u00ebr Serbin\u00eb - Kosova Times","robots":{"index":"index","follow":"follow","max-snippet":"max-snippet:-1","max-image-preview":"max-image-preview:large","max-video-preview":"max-video-preview:-1"},"canonical":"https:\/\/kosovatimes.info\/index.php\/2026\/04\/30\/bashkimi-evropian-ka-pezulluar-fondet-per-serbine\/","og_locale":"en_US","og_type":"article","og_title":"Bashkimi Evropian ka pezulluar fondet p\u00ebr Serbin\u00eb - Kosova Times","og_description":"Bashkimi Evropian ka pezulluar t\u00eb gjitha pagesat e planit t\u00eb zhvillimit p\u00ebr Serbin\u00eb p\u00ebr shkak t\u00eb nj\u00eb t\u00eb mete n\u00eb sistemin gjyq\u00ebsor t\u00eb vendit. Kjo u njoftua nga Komisionerja e Zgjerimit t\u00eb BE-s\u00eb, Marta Koss, n\u00eb nj\u00eb konferenc\u00eb n\u00eb Fribourg. &#8220;Derisa kjo t\u00eb korrigjohet, vendi nuk do t\u00eb jet\u00eb n\u00eb gjendje t\u00eb marr\u00eb mb\u00ebshtetje financiare [&hellip;]","og_url":"https:\/\/kosovatimes.info\/index.php\/2026\/04\/30\/bashkimi-evropian-ka-pezulluar-fondet-per-serbine\/","og_site_name":"Kosova Times","article_published_time":"2026-04-30T20:55:30+00:00","article_modified_time":"2026-04-30T20:55:33+00:00","og_image":[{"width":1360,"height":765,"url":"https:\/\/kosovatimes.info\/wp-content\/uploads\/2026\/04\/BEograd-1.jpg","type":"image\/jpeg"}],"author":"i l","twitter_card":"summary_large_image","twitter_misc":{"Written by":"i l","Est. reading time":"2 minutes"},"schema":{"@context":"https:\/\/schema.org","@graph":[{"@type":"Article","@id":"https:\/\/kosovatimes.info\/index.php\/2026\/04\/30\/bashkimi-evropian-ka-pezulluar-fondet-per-serbine\/#article","isPartOf":{"@id":"https:\/\/kosovatimes.info\/index.php\/2026\/04\/30\/bashkimi-evropian-ka-pezulluar-fondet-per-serbine\/"},"author":{"name":"i l","@id":"https:\/\/kosovatimes.info\/#\/schema\/person\/7586712b9c512fe68085de007378c915"},"headline":"Bashkimi Evropian ka pezulluar fondet p\u00ebr Serbin\u00eb","datePublished":"2026-04-30T20:55:30+00:00","dateModified":"2026-04-30T20:55:33+00:00","mainEntityOfPage":{"@id":"https:\/\/kosovatimes.info\/index.php\/2026\/04\/30\/bashkimi-evropian-ka-pezulluar-fondet-per-serbine\/"},"wordCount":440,"commentCount":0,"image":{"@id":"https:\/\/kosovatimes.info\/index.php\/2026\/04\/30\/bashkimi-evropian-ka-pezulluar-fondet-per-serbine\/#primaryimage"},"thumbnailUrl":"https:\/\/kosovatimes.info\/wp-content\/uploads\/2026\/04\/BEograd-1.jpg","articleSection":["Lajme","Rajon"],"inLanguage":"en-US","potentialAction":[{"@type":"CommentAction","name":"Comment","target":["https:\/\/kosovatimes.info\/index.php\/2026\/04\/30\/bashkimi-evropian-ka-pezulluar-fondet-per-serbine\/#respond"]}]},{"@type":"WebPage","@id":"https:\/\/kosovatimes.info\/index.php\/2026\/04\/30\/bashkimi-evropian-ka-pezulluar-fondet-per-serbine\/","url":"https:\/\/kosovatimes.info\/index.php\/2026\/04\/30\/bashkimi-evropian-ka-pezulluar-fondet-per-serbine\/","name":"Bashkimi Evropian ka pezulluar fondet p\u00ebr Serbin\u00eb - Kosova Times","isPartOf":{"@id":"https:\/\/kosovatimes.info\/#website"},"primaryImageOfPage":{"@id":"https:\/\/kosovatimes.info\/index.php\/2026\/04\/30\/bashkimi-evropian-ka-pezulluar-fondet-per-serbine\/#primaryimage"},"image":{"@id":"https:\/\/kosovatimes.info\/index.php\/2026\/04\/30\/bashkimi-evropian-ka-pezulluar-fondet-per-serbine\/#primaryimage"},"thumbnailUrl":"https:\/\/kosovatimes.info\/wp-content\/uploads\/2026\/04\/BEograd-1.jpg","datePublished":"2026-04-30T20:55:30+00:00","dateModified":"2026-04-30T20:55:33+00:00","author":{"@id":"https:\/\/kosovatimes.info\/#\/schema\/person\/7586712b9c512fe68085de007378c915"},"breadcrumb":{"@id":"https:\/\/kosovatimes.info\/index.php\/2026\/04\/30\/bashkimi-evropian-ka-pezulluar-fondet-per-serbine\/#breadcrumb"},"inLanguage":"en-US","potentialAction":[{"@type":"ReadAction","target":["https:\/\/kosovatimes.info\/index.php\/2026\/04\/30\/bashkimi-evropian-ka-pezulluar-fondet-per-serbine\/"]}]},{"@type":"ImageObject","inLanguage":"en-US","@id":"https:\/\/kosovatimes.info\/index.php\/2026\/04\/30\/bashkimi-evropian-ka-pezulluar-fondet-per-serbine\/#primaryimage","url":"https:\/\/kosovatimes.info\/wp-content\/uploads\/2026\/04\/BEograd-1.jpg","contentUrl":"https:\/\/kosovatimes.info\/wp-content\/uploads\/2026\/04\/BEograd-1.jpg","width":1360,"height":765},{"@type":"BreadcrumbList","@id":"https:\/\/kosovatimes.info\/index.php\/2026\/04\/30\/bashkimi-evropian-ka-pezulluar-fondet-per-serbine\/#breadcrumb","itemListElement":[{"@type":"ListItem","position":1,"name":"Home","item":"https:\/\/kosovatimes.info\/"},{"@type":"ListItem","position":2,"name":"Bashkimi Evropian ka pezulluar fondet p\u00ebr Serbin\u00eb"}]},{"@type":"WebSite","@id":"https:\/\/kosovatimes.info\/#website","url":"https:\/\/kosovatimes.info\/","name":"Kosova Times","description":"","potentialAction":[{"@type":"SearchAction","target":{"@type":"EntryPoint","urlTemplate":"https:\/\/kosovatimes.info\/?s={search_term_string}"},"query-input":{"@type":"PropertyValueSpecification","valueRequired":true,"valueName":"search_term_string"}}],"inLanguage":"en-US"},{"@type":"Person","@id":"https:\/\/kosovatimes.info\/#\/schema\/person\/7586712b9c512fe68085de007378c915","name":"i l","image":{"@type":"ImageObject","inLanguage":"en-US","@id":"https:\/\/secure.gravatar.com\/avatar\/bad9296e02816160ae2e2435beda58222022298d5625d49fea74d18816fbb31d?s=96&d=mm&r=g","url":"https:\/\/secure.gravatar.com\/avatar\/bad9296e02816160ae2e2435beda58222022298d5625d49fea74d18816fbb31d?s=96&d=mm&r=g","contentUrl":"https:\/\/secure.gravatar.com\/avatar\/bad9296e02816160ae2e2435beda58222022298d5625d49fea74d18816fbb31d?s=96&d=mm&r=g","caption":"i l"},"url":"https:\/\/kosovatimes.info\/index.php\/author\/iliri\/"}]}},"_links":{"self":[{"href":"https:\/\/kosovatimes.info\/index.php\/wp-json\/wp\/v2\/posts\/12844","targetHints":{"allow":["GET"]}}],"collection":[{"href":"https:\/\/kosovatimes.info\/index.php\/wp-json\/wp\/v2\/posts"}],"about":[{"href":"https:\/\/kosovatimes.info\/index.php\/wp-json\/wp\/v2\/types\/post"}],"author":[{"embeddable":true,"href":"https:\/\/kosovatimes.info\/index.php\/wp-json\/wp\/v2\/users\/4"}],"replies":[{"embeddable":true,"href":"https:\/\/kosovatimes.info\/index.php\/wp-json\/wp\/v2\/comments?post=12844"}],"version-history":[{"count":1,"href":"https:\/\/kosovatimes.info\/index.php\/wp-json\/wp\/v2\/posts\/12844\/revisions"}],"predecessor-version":[{"id":12846,"href":"https:\/\/kosovatimes.info\/index.php\/wp-json\/wp\/v2\/posts\/12844\/revisions\/12846"}],"wp:featuredmedia":[{"embeddable":true,"href":"https:\/\/kosovatimes.info\/index.php\/wp-json\/wp\/v2\/media\/12845"}],"wp:attachment":[{"href":"https:\/\/kosovatimes.info\/index.php\/wp-json\/wp\/v2\/media?parent=12844"}],"wp:term":[{"taxonomy":"category","embeddable":true,"href":"https:\/\/kosovatimes.info\/index.php\/wp-json\/wp\/v2\/categories?post=12844"},{"taxonomy":"post_tag","embeddable":true,"href":"https:\/\/kosovatimes.info\/index.php\/wp-json\/wp\/v2\/tags?post=12844"}],"curies":[{"name":"wp","href":"https:\/\/api.w.org\/{rel}","templated":true}]}}