{"id":12847,"date":"2026-04-30T23:03:34","date_gmt":"2026-04-30T21:03:34","guid":{"rendered":"https:\/\/kosovatimes.info\/?p=12847"},"modified":"2026-04-30T23:04:27","modified_gmt":"2026-04-30T21:04:27","slug":"nje-vend-i-shenjte-nuk-eshte-kurre-bosh-ose-kercenimi-turk-per-rusine","status":"publish","type":"post","link":"https:\/\/kosovatimes.info\/index.php\/2026\/04\/30\/nje-vend-i-shenjte-nuk-eshte-kurre-bosh-ose-kercenimi-turk-per-rusine\/","title":{"rendered":"Nj\u00eb vend i shenjt\u00eb nuk \u00ebsht\u00eb kurr\u00eb bosh, ose &#8220;k\u00ebrc\u00ebnimi&#8221; turk p\u00ebr Rusin\u00eb"},"content":{"rendered":"\n<p>&#8220;K\u00ebrc\u00ebnimi kinez&#8221; ka qen\u00eb prej koh\u00ebsh nj\u00eb fjal\u00eb e urt\u00eb n\u00eb Rusi. N\u00eb fakt, \u00e7\u00ebshtja e b\u00ebrjes s\u00eb Mosk\u00ebs partnere e vog\u00ebl e Pekinit \u00ebsht\u00eb zgjidhur prej koh\u00ebsh.<br>Por Kina nuk \u00ebsht\u00eb fqinji i vet\u00ebm i Rusis\u00eb, interesat e s\u00eb cil\u00ebs duhet t&#8217;i marr\u00eb plot\u00ebsisht n\u00eb konsiderat\u00eb.<\/p>\n\n\n\n<p>Roli n\u00eb rritje i Kin\u00ebs dhe r\u00ebnia p\u00ebrkat\u00ebse e ndikimit t\u00eb Rusis\u00eb n\u00eb hap\u00ebsir\u00ebn post-sovjetike kan\u00eb qen\u00eb objekt diskutimesh t\u00eb shumta n\u00eb median ruse p\u00ebr dekada t\u00eb t\u00ebra. K\u00ebrc\u00ebnimi q\u00eb paraqet Kina ka nj\u00eb histori pothuajse aq t\u00eb gjat\u00eb, n\u00ebse jo aq &#8220;heroike&#8221;, sa k\u00ebrc\u00ebnimi q\u00eb paraqet NATO.<\/p>\n\n\n\n<p>Por k\u00ebrc\u00ebnimet nuk jan\u00eb kurr\u00eb me t\u00eb shumta dhe &#8211; ve\u00e7an\u00ebrisht q\u00eb nga fillimi i faz\u00ebs s\u00eb plot\u00eb t\u00eb luft\u00ebs ruso-ukrainase &#8211; n\u00eb Rusi flitet gjithnj\u00eb e m\u00eb shum\u00eb p\u00ebr nj\u00eb k\u00ebrc\u00ebnim tjet\u00ebr &#8220;turk&#8221;, ose, m\u00eb gjer\u00ebsisht, p\u00ebr &#8220;k\u00ebrc\u00ebnimin turk&#8221;. Ky i fundit \u00ebsht\u00eb ve\u00e7an\u00ebrisht i r\u00ebnd\u00ebsish\u00ebm pasi nuk ka t\u00eb b\u00ebj\u00eb vet\u00ebm me Turqin\u00eb, por edhe me shtetet e Azis\u00eb Qendrore dhe Kaukazit Jugor &#8211; dy rajone thelb\u00ebsore ku r\u00ebnd\u00ebsia gjeopolitike e Rusis\u00eb po bie me shpejt\u00ebsi, megjithat\u00eb asnj\u00eb nga strateg\u00ebt rus\u00eb nuk \u00ebsht\u00eb i gatsh\u00ebm t\u00eb nxjerr\u00eb p\u00ebrfundimet e duhura &#8211; ose nuk ka frik\u00eb t&#8217;ua p\u00ebrcjell\u00eb ato epror\u00ebve t\u00eb tyre. Kjo r\u00ebnie e rolit t\u00eb Rusis\u00eb \u00ebsht\u00eb v\u00ebrtet tektonike n\u00eb natyr\u00eb dhe d\u00ebshmon p\u00ebr humbjen e efektivitetit t\u00eb instrumenteve tradicionale t\u00eb ndikimit q\u00eb Kremlini ka p\u00ebrdorur n\u00eb rajonet fqinje. Edhe m\u00eb keq, humbja e ndikimit t\u00eb Mosk\u00ebs \u00ebsht\u00eb kryesisht p\u00ebr shkak t\u00eb z\u00ebvend\u00ebsimit sistematik t\u00eb k\u00ebtyre instrumenteve t\u00eb ndikimit nga vendet n\u00eb rajon. Jo pa ndihm\u00ebn e Turqis\u00eb, sigurisht.<\/p>\n\n\n\n<h3 class=\"wp-block-heading\">Tranziti n\u00eb r\u00ebnie<\/h3>\n\n\n\n<p>Fqinj\u00ebt e Rusis\u00eb, p\u00ebr ta th\u00ebn\u00eb but\u00eb, kan\u00eb pushuar s\u00eb prioritizuari pjes\u00ebmarrjen e Rusis\u00eb n\u00eb projektet e tyre t\u00eb infrastruktur\u00ebs dhe strategjit\u00eb ekonomike. Ngjarjet e fundit p\u00ebrfshijn\u00eb vendimin e an\u00ebtar\u00ebve t\u00eb Organizat\u00ebs s\u00eb Shteteve Turke n\u00eb takimet e tyre n\u00eb Baku p\u00ebr t\u00eb zhvilluar Rrug\u00ebn Nd\u00ebrkomb\u00ebtare t\u00eb Transportit Trans-Kaspik, ose Korridorin e Mes\u00ebm.<\/p>\n\n\n\n<p>\u00c7\u00ebshtja nuk \u00ebsht\u00eb vet\u00ebm se ridrejtimi i flukseve t\u00eb mallrave q\u00eb aktualisht kalojn\u00eb n\u00ebp\u00ebr Rusi do t&#8217;i kushtoj\u00eb miliarda dollar\u00eb humbje buxhetit rus, i cili ka nevoj\u00eb p\u00ebr \u00e7do dollar. Ky vendim minon ndikimin e Rusis\u00eb mbi tregtin\u00eb dhe logjistik\u00ebn &#8211; nj\u00eb nga mjetet m\u00eb t\u00eb gjithanshme t\u00eb Mosk\u00ebs n\u00eb rajon. Rusia do t\u00eb pushoj\u00eb s\u00eb qeni vendi kryesor i tranzitit p\u00ebr mallrat midis Azis\u00eb dhe Evrop\u00ebs, duke mos sh\u00ebrbyer m\u00eb si nj\u00eb &#8220;rrug\u00eb m\u00ebndafshi&#8221;, p\u00ebr t\u00eb p\u00ebrdorur shprehjen e Peter Frankopan.<\/p>\n\n\n\n<p>Zhvendosja e flukseve t\u00eb mallrave drejt Evrop\u00ebs, Kazakistanit dhe Azerbajxhanit po e privon Mosk\u00ebn nga ish-monopoli i saj (pothuajse) i tranzitit, gj\u00eb q\u00eb, nga ana tjet\u00ebr, do t\u00eb thot\u00eb se infrastruktura e saj e transportit rrezikon t\u00eb b\u00ebhet nj\u00eb element periferik i logjistik\u00ebs globale. Kjo p\u00ebrfshin gjithashtu bashk\u00ebpunimin e Kazakistanit me Azerbajxhanin n\u00eb transportin e energjis\u00eb p\u00ebrmes Detit Kaspik, gj\u00eb q\u00eb i privon Rusis\u00eb mund\u00ebsin\u00eb p\u00ebr t\u00eb p\u00ebrdorur tubacionet e naft\u00ebs si nj\u00eb mjet ndikimi n\u00eb rajon, si ekonomikisht ashtu edhe politikisht.<\/p>\n\n\n\n<p>\u00cbsht\u00eb e r\u00ebnd\u00ebsishme t\u00eb theksohet se zhvillimi i Korridorit t\u00eb Mes\u00ebm l\u00eb pas jo vet\u00ebm Rusin\u00eb, por edhe Iranin. Megjithat\u00eb, ishte Kremlini ai q\u00eb, gjat\u00eb gjith\u00eb k\u00ebtyre viteve, e konsideroi hap\u00ebsir\u00ebn post-sovjetike, p\u00ebrfshir\u00eb Azin\u00eb Qendrore dhe Kaukazin Jugor, si feudin\u00eb e tij t\u00eb padiskutueshme. Vendimet e regjistruara zyrtarisht n\u00eb Baku d\u00ebshmojn\u00eb p\u00ebr d\u00ebshtimin p\u00ebrfundimtar t\u00eb politik\u00ebs s\u00eb fuqis\u00eb s\u00eb but\u00eb t\u00eb Rusis\u00eb.<\/p>\n\n\n\n<h3 class=\"wp-block-heading\">Jo ruse, por turke<\/h3>\n\n\n\n<p>K\u00ebto procese nuk po ndodhin nga askund. Nj\u00eb z\u00ebvend\u00ebsim i q\u00ebllimsh\u00ebm dhe sistematik i lidhjeve dhe projekteve t\u00eb p\u00ebrqendruara te Rusia \u00ebsht\u00eb duke u zhvilluar. Projektet e p\u00ebrbashk\u00ebta ekonomike dhe dixhitale t\u00eb Organizat\u00ebs s\u00eb Shteteve Turke tregojn\u00eb se vendet e Azis\u00eb Qendrore po krijojn\u00eb q\u00ebllimisht nj\u00eb sistem bashk\u00ebveprimi pa u mb\u00ebshtetur n\u00eb mekanizmat rus\u00eb t\u00eb integrimit, nd\u00ebrsa EAEU po b\u00ebhet nj\u00eb struktur\u00eb formale q\u00eb nuk p\u00ebrmbush interesat reale t\u00eb rajonit.<\/p>\n\n\n\n<p>Askush nuk po flet me z\u00eb t\u00eb lart\u00eb p\u00ebr ndarjen nga Rusia. Formalisht, an\u00ebtar\u00ebt e Organizat\u00ebs s\u00eb Shteteve Turke thjesht po kalojn\u00eb n\u00eb standardet nd\u00ebrkomb\u00ebtare dhe dixhitale t\u00eb logjistik\u00ebs. Megjithat\u00eb, \u00ebsht\u00eb e qart\u00eb p\u00ebr t\u00eb gjith\u00eb se kjo e b\u00ebn infrastruktur\u00ebn hekurudhore dhe rrugore ruse t\u00eb papajtueshme me sistemin e ri rajonal.<\/p>\n\n\n\n<p>E nj\u00ebjta gj\u00eb vlen edhe p\u00ebr ndryshimin e prioriteteve arsimore dhe profesionale n\u00eb Kazakistan, Uzbekistan dhe vende t\u00eb tjera n\u00eb rajon &#8211; n\u00eb favor t\u00eb drejtimit turk. Askush nuk po thot\u00eb se k\u00ebto veprime synojn\u00eb t\u00eb zvog\u00eblojn\u00eb m\u00eb tej rolin e Rusis\u00eb, por n\u00eb realitet, ato&nbsp;&nbsp;n\u00ebnkuptojn\u00eb nj\u00eb humbje graduale t\u00eb personelit t\u00eb lidhur me tregun rus. Udh\u00ebheq\u00ebsit e rinj t\u00eb rajonit po integrohen n\u00eb hap\u00ebsir\u00ebn turke dhe jan\u00eb gjithnj\u00eb e m\u00eb pak t\u00eb prirur drejt standardeve ruse.<\/p>\n\n\n\n<p>Udh\u00ebheq\u00ebsit e rinj t\u00eb rajonit do t\u00eb jen\u00eb gjithashtu gjithnj\u00eb e m\u00eb pak t\u00eb prirur t\u00eb mb\u00ebshteten n\u00eb kapitalin rus. Vendet e Azis\u00eb Qendrore dhe Kaukazit Jugor po e z\u00ebvend\u00ebsojn\u00eb gradualisht at\u00eb me instrumentet e ofruara nga Fondi Turk i Investimeve.<\/p>\n\n\n\n<h3 class=\"wp-block-heading\">NATO nga Lindja<\/h3>\n\n\n\n<p>S\u00eb bashku me zhvendosjen ekonomike, financiare dhe logjistike t\u00eb Mosk\u00ebs nga rajoni, kjo po ndodh edhe n\u00eb sektorin e mbrojtjes. Ashtu si n\u00eb fushat e p\u00ebrshkruara m\u00eb sip\u00ebr, askush nuk po flet me z\u00eb t\u00eb lart\u00eb p\u00ebr k\u00ebt\u00eb, por t\u00eb gjith\u00eb e kuptojn\u00eb se \u00e7far\u00eb po ndodh. Formalisht, ky \u00ebsht\u00eb nj\u00eb kalim n\u00eb standardet ushtarake turke, dhe p\u00ebr k\u00ebt\u00eb arsye t\u00eb NATO-s. De facto, ky \u00ebsht\u00eb formimi i nj\u00eb sistemi t\u00eb ri sigurie n\u00eb rajon me nj\u00eb pol t\u00eb ri. CSTO, tashm\u00eb e patestuar nga konflikti armeno-azerbajxhanas, po dob\u00ebsohet plot\u00ebsisht, madje edhe p\u00ebr an\u00ebtar\u00ebt e saj.&nbsp;<\/p>\n\n\n\n<p>Rritja e koordinimit midis vendeve t\u00eb Azis\u00eb Qendrore, Kaukazit Jugor dhe Turqis\u00eb do t\u00eb thot\u00eb q\u00eb Rusia nuk \u00ebsht\u00eb m\u00eb qendra e tyre e gravitetit, duke humbur t\u00eb drejt\u00ebn e saj p\u00ebr t\u00eb folur n\u00eb \u00e7\u00ebshtjet e tarifave, siguris\u00eb dhe logjistik\u00ebs. Udh\u00ebheq\u00ebsit rajonal\u00eb nuk e shohin m\u00eb Mosk\u00ebn si garantuese t\u00eb stabilitetit, por mb\u00ebshteten n\u00eb nj\u00eb aleanc\u00eb turke t\u00eb vet\u00ebmjaftueshme.<\/p>\n\n\n\n<p>A mund t\u00eb ngrej\u00eb Moska pretendime kund\u00ebr k\u00ebtyre vendeve?<\/p>\n\n\n\n<p>N\u00eb fakt, jo. Ajo nisi nj\u00eb luft\u00eb rraskapit\u00ebse kund\u00ebr Ukrain\u00ebs &#8211; dhe po e paguan \u00e7mimin me degradimin e ekonomis\u00eb s\u00eb vet. Rusia nuk \u00ebsht\u00eb as gati t\u00eb investoj\u00eb n\u00eb Azin\u00eb Qendrore dhe Kaukazin Jugor &#8211; prioritetet e politik\u00ebs buxhetore ruse tani jan\u00eb t\u00eb njohura mir\u00eb. Sigurisht, Moska po p\u00ebrpiqet me d\u00ebshp\u00ebrim t\u00eb ruaj\u00eb ndikimin n\u00eb rajon dhe po u ofron bonuse vendeve t\u00eb saj: p\u00ebr shembull, Taxhikistanit do t&#8217;i falet borxhi prej 25 miliard\u00eb rublash, dhe Kirgistanit 240 milion\u00eb dollar\u00eb. Por kjo nuk mund t\u00eb krahasohet me ofertat e m\u00ebparshme t\u00eb Rusis\u00eb dhe nuk kompenson &#8220;toksicitetin&#8221; aktual t\u00eb nd\u00ebrveprimit me Rusin\u00eb &#8211; kryesisht p\u00ebr shkak t\u00eb presionit t\u00eb sanksioneve. Ndalimi i BE-s\u00eb p\u00ebr eksportin e makinerive CNC n\u00eb Kirgistan \u00ebsht\u00eb shenja e par\u00eb e problemeve t\u00eb ardhshme q\u00eb vendet e Azis\u00eb Qendrore dhe Kaukazit Jugor mund t\u00eb presin si nga Evropa, ashtu edhe nga Shtetet e Bashkuara.<\/p>\n\n\n\n<h3 class=\"wp-block-heading\">Le t\u00eb mos harrojm\u00eb Kin\u00ebn<\/h3>\n\n\n\n<p>Shk\u00ebputja e k\u00ebtyre vendeve nga Moska \u00ebsht\u00eb edhe m\u00eb efektive sepse p\u00ebrfituesit e saj n\u00eb rajon jan\u00eb dy shtete t\u00eb tjera me t\u00eb cilat Rusia aktualisht nuk mund dhe nuk d\u00ebshiron t\u00eb prish\u00eb marr\u00ebdh\u00ebniet: Turqia dhe Kina. Kjo shk\u00ebputje ka nj\u00eb interes t\u00eb qart\u00eb rajonal dhe justifikim formal, si dhe nj\u00eb referenc\u00eb ndaj t\u00eb p\u00ebrbashk\u00ebt\u00ebs historike &#8211; nj\u00eb trop i njohur p\u00ebr vet\u00eb Kremlinin. Prandaj, ashtu si &#8220;k\u00ebrc\u00ebnimi kinez&#8221;, &#8220;k\u00ebrc\u00ebnimi turk&#8221; po shkakton trazira n\u00eb blogosfer\u00ebn Z dhe n\u00eb Telegramin (jo plot\u00ebsisht) t\u00eb bllokuar, por nuk p\u00ebrshkall\u00ebzohet n\u00eb p\u00ebrshkall\u00ebzime diplomatike.<\/p>\n\n\n\n<p>Deri n\u00eb fund t\u00eb faz\u00ebs aktive t\u00eb luft\u00ebs ruso-ukrainase, kjo gjendje ka shum\u00eb t\u00eb ngjar\u00eb t\u00eb mbetet e pandryshuar. Ashtu si edhe statusi i Mosk\u00ebs si arbit\u00ebr dhe hegjemon n\u00eb Azin\u00eb Qendrore dhe Kaukazin Jugor.<\/p>\n\n\n\n<h3 class=\"wp-block-heading\">Aleksand\u00ebr Shulga &#8211; Doktor i Shkencave Sociologjike, Drejtor i Institutit t\u00eb Konfliktologjis\u00eb dhe Analiz\u00ebs s\u00eb Rusis\u00eb<\/h3>\n","protected":false},"excerpt":{"rendered":"<p>&#8220;K\u00ebrc\u00ebnimi kinez&#8221; ka qen\u00eb prej koh\u00ebsh nj\u00eb fjal\u00eb e urt\u00eb n\u00eb Rusi. N\u00eb fakt, \u00e7\u00ebshtja e b\u00ebrjes s\u00eb Mosk\u00ebs partnere e vog\u00ebl e Pekinit \u00ebsht\u00eb zgjidhur prej koh\u00ebsh.Por Kina nuk \u00ebsht\u00eb fqinji i vet\u00ebm i Rusis\u00eb, interesat e s\u00eb cil\u00ebs duhet t&#8217;i marr\u00eb plot\u00ebsisht n\u00eb konsiderat\u00eb. Roli n\u00eb rritje i Kin\u00ebs dhe r\u00ebnia p\u00ebrkat\u00ebse e [&hellip;]<\/p>\n","protected":false},"author":4,"featured_media":12848,"comment_status":"open","ping_status":"open","sticky":false,"template":"","format":"standard","meta":{"footnotes":""},"categories":[36],"tags":[],"class_list":{"0":"post-12847","1":"post","2":"type-post","3":"status-publish","4":"format-standard","5":"has-post-thumbnail","7":"category-analize"},"yoast_head":"<!-- This site is optimized with the Yoast SEO plugin v27.4 - https:\/\/yoast.com\/product\/yoast-seo-wordpress\/ -->\n<title>Nj\u00eb vend i shenjt\u00eb nuk \u00ebsht\u00eb kurr\u00eb bosh, ose &quot;k\u00ebrc\u00ebnimi&quot; turk p\u00ebr Rusin\u00eb - Kosova Times<\/title>\n<meta name=\"robots\" content=\"index, follow, max-snippet:-1, max-image-preview:large, max-video-preview:-1\" \/>\n<link rel=\"canonical\" href=\"https:\/\/kosovatimes.info\/index.php\/2026\/04\/30\/nje-vend-i-shenjte-nuk-eshte-kurre-bosh-ose-kercenimi-turk-per-rusine\/\" \/>\n<meta property=\"og:locale\" content=\"en_US\" \/>\n<meta property=\"og:type\" content=\"article\" \/>\n<meta property=\"og:title\" content=\"Nj\u00eb vend i shenjt\u00eb nuk \u00ebsht\u00eb kurr\u00eb bosh, ose &quot;k\u00ebrc\u00ebnimi&quot; turk p\u00ebr Rusin\u00eb - Kosova Times\" \/>\n<meta property=\"og:description\" content=\"&#8220;K\u00ebrc\u00ebnimi kinez&#8221; ka qen\u00eb prej koh\u00ebsh nj\u00eb fjal\u00eb e urt\u00eb n\u00eb Rusi. N\u00eb fakt, \u00e7\u00ebshtja e b\u00ebrjes s\u00eb Mosk\u00ebs partnere e vog\u00ebl e Pekinit \u00ebsht\u00eb zgjidhur prej koh\u00ebsh.Por Kina nuk \u00ebsht\u00eb fqinji i vet\u00ebm i Rusis\u00eb, interesat e s\u00eb cil\u00ebs duhet t&#8217;i marr\u00eb plot\u00ebsisht n\u00eb konsiderat\u00eb. Roli n\u00eb rritje i Kin\u00ebs dhe r\u00ebnia p\u00ebrkat\u00ebse e [&hellip;]\" \/>\n<meta property=\"og:url\" content=\"https:\/\/kosovatimes.info\/index.php\/2026\/04\/30\/nje-vend-i-shenjte-nuk-eshte-kurre-bosh-ose-kercenimi-turk-per-rusine\/\" \/>\n<meta property=\"og:site_name\" content=\"Kosova Times\" \/>\n<meta property=\"article:published_time\" content=\"2026-04-30T21:03:34+00:00\" \/>\n<meta property=\"article:modified_time\" content=\"2026-04-30T21:04:27+00:00\" \/>\n<meta property=\"og:image\" content=\"https:\/\/kosovatimes.info\/wp-content\/uploads\/2026\/04\/Porti-Ataturk.jpg\" \/>\n\t<meta property=\"og:image:width\" content=\"1360\" \/>\n\t<meta property=\"og:image:height\" content=\"765\" \/>\n\t<meta property=\"og:image:type\" content=\"image\/jpeg\" \/>\n<meta name=\"author\" content=\"i l\" \/>\n<meta name=\"twitter:card\" content=\"summary_large_image\" \/>\n<meta name=\"twitter:label1\" content=\"Written by\" \/>\n\t<meta name=\"twitter:data1\" content=\"i l\" \/>\n\t<meta name=\"twitter:label2\" content=\"Est. reading time\" \/>\n\t<meta name=\"twitter:data2\" content=\"6 minutes\" \/>\n<script type=\"application\/ld+json\" class=\"yoast-schema-graph\">{\"@context\":\"https:\\\/\\\/schema.org\",\"@graph\":[{\"@type\":\"Article\",\"@id\":\"https:\\\/\\\/kosovatimes.info\\\/index.php\\\/2026\\\/04\\\/30\\\/nje-vend-i-shenjte-nuk-eshte-kurre-bosh-ose-kercenimi-turk-per-rusine\\\/#article\",\"isPartOf\":{\"@id\":\"https:\\\/\\\/kosovatimes.info\\\/index.php\\\/2026\\\/04\\\/30\\\/nje-vend-i-shenjte-nuk-eshte-kurre-bosh-ose-kercenimi-turk-per-rusine\\\/\"},\"author\":{\"name\":\"i l\",\"@id\":\"https:\\\/\\\/kosovatimes.info\\\/#\\\/schema\\\/person\\\/7586712b9c512fe68085de007378c915\"},\"headline\":\"Nj\u00eb vend i shenjt\u00eb nuk \u00ebsht\u00eb kurr\u00eb bosh, ose &#8220;k\u00ebrc\u00ebnimi&#8221; turk p\u00ebr Rusin\u00eb\",\"datePublished\":\"2026-04-30T21:03:34+00:00\",\"dateModified\":\"2026-04-30T21:04:27+00:00\",\"mainEntityOfPage\":{\"@id\":\"https:\\\/\\\/kosovatimes.info\\\/index.php\\\/2026\\\/04\\\/30\\\/nje-vend-i-shenjte-nuk-eshte-kurre-bosh-ose-kercenimi-turk-per-rusine\\\/\"},\"wordCount\":1484,\"commentCount\":0,\"image\":{\"@id\":\"https:\\\/\\\/kosovatimes.info\\\/index.php\\\/2026\\\/04\\\/30\\\/nje-vend-i-shenjte-nuk-eshte-kurre-bosh-ose-kercenimi-turk-per-rusine\\\/#primaryimage\"},\"thumbnailUrl\":\"https:\\\/\\\/kosovatimes.info\\\/wp-content\\\/uploads\\\/2026\\\/04\\\/Porti-Ataturk.jpg\",\"articleSection\":[\"Analiz\u00eb\"],\"inLanguage\":\"en-US\",\"potentialAction\":[{\"@type\":\"CommentAction\",\"name\":\"Comment\",\"target\":[\"https:\\\/\\\/kosovatimes.info\\\/index.php\\\/2026\\\/04\\\/30\\\/nje-vend-i-shenjte-nuk-eshte-kurre-bosh-ose-kercenimi-turk-per-rusine\\\/#respond\"]}]},{\"@type\":\"WebPage\",\"@id\":\"https:\\\/\\\/kosovatimes.info\\\/index.php\\\/2026\\\/04\\\/30\\\/nje-vend-i-shenjte-nuk-eshte-kurre-bosh-ose-kercenimi-turk-per-rusine\\\/\",\"url\":\"https:\\\/\\\/kosovatimes.info\\\/index.php\\\/2026\\\/04\\\/30\\\/nje-vend-i-shenjte-nuk-eshte-kurre-bosh-ose-kercenimi-turk-per-rusine\\\/\",\"name\":\"Nj\u00eb vend i shenjt\u00eb nuk \u00ebsht\u00eb kurr\u00eb bosh, ose \\\"k\u00ebrc\u00ebnimi\\\" turk p\u00ebr Rusin\u00eb - Kosova Times\",\"isPartOf\":{\"@id\":\"https:\\\/\\\/kosovatimes.info\\\/#website\"},\"primaryImageOfPage\":{\"@id\":\"https:\\\/\\\/kosovatimes.info\\\/index.php\\\/2026\\\/04\\\/30\\\/nje-vend-i-shenjte-nuk-eshte-kurre-bosh-ose-kercenimi-turk-per-rusine\\\/#primaryimage\"},\"image\":{\"@id\":\"https:\\\/\\\/kosovatimes.info\\\/index.php\\\/2026\\\/04\\\/30\\\/nje-vend-i-shenjte-nuk-eshte-kurre-bosh-ose-kercenimi-turk-per-rusine\\\/#primaryimage\"},\"thumbnailUrl\":\"https:\\\/\\\/kosovatimes.info\\\/wp-content\\\/uploads\\\/2026\\\/04\\\/Porti-Ataturk.jpg\",\"datePublished\":\"2026-04-30T21:03:34+00:00\",\"dateModified\":\"2026-04-30T21:04:27+00:00\",\"author\":{\"@id\":\"https:\\\/\\\/kosovatimes.info\\\/#\\\/schema\\\/person\\\/7586712b9c512fe68085de007378c915\"},\"breadcrumb\":{\"@id\":\"https:\\\/\\\/kosovatimes.info\\\/index.php\\\/2026\\\/04\\\/30\\\/nje-vend-i-shenjte-nuk-eshte-kurre-bosh-ose-kercenimi-turk-per-rusine\\\/#breadcrumb\"},\"inLanguage\":\"en-US\",\"potentialAction\":[{\"@type\":\"ReadAction\",\"target\":[\"https:\\\/\\\/kosovatimes.info\\\/index.php\\\/2026\\\/04\\\/30\\\/nje-vend-i-shenjte-nuk-eshte-kurre-bosh-ose-kercenimi-turk-per-rusine\\\/\"]}]},{\"@type\":\"ImageObject\",\"inLanguage\":\"en-US\",\"@id\":\"https:\\\/\\\/kosovatimes.info\\\/index.php\\\/2026\\\/04\\\/30\\\/nje-vend-i-shenjte-nuk-eshte-kurre-bosh-ose-kercenimi-turk-per-rusine\\\/#primaryimage\",\"url\":\"https:\\\/\\\/kosovatimes.info\\\/wp-content\\\/uploads\\\/2026\\\/04\\\/Porti-Ataturk.jpg\",\"contentUrl\":\"https:\\\/\\\/kosovatimes.info\\\/wp-content\\\/uploads\\\/2026\\\/04\\\/Porti-Ataturk.jpg\",\"width\":1360,\"height\":765},{\"@type\":\"BreadcrumbList\",\"@id\":\"https:\\\/\\\/kosovatimes.info\\\/index.php\\\/2026\\\/04\\\/30\\\/nje-vend-i-shenjte-nuk-eshte-kurre-bosh-ose-kercenimi-turk-per-rusine\\\/#breadcrumb\",\"itemListElement\":[{\"@type\":\"ListItem\",\"position\":1,\"name\":\"Home\",\"item\":\"https:\\\/\\\/kosovatimes.info\\\/\"},{\"@type\":\"ListItem\",\"position\":2,\"name\":\"Nj\u00eb vend i shenjt\u00eb nuk \u00ebsht\u00eb kurr\u00eb bosh, ose &#8220;k\u00ebrc\u00ebnimi&#8221; turk p\u00ebr Rusin\u00eb\"}]},{\"@type\":\"WebSite\",\"@id\":\"https:\\\/\\\/kosovatimes.info\\\/#website\",\"url\":\"https:\\\/\\\/kosovatimes.info\\\/\",\"name\":\"Kosova Times\",\"description\":\"\",\"potentialAction\":[{\"@type\":\"SearchAction\",\"target\":{\"@type\":\"EntryPoint\",\"urlTemplate\":\"https:\\\/\\\/kosovatimes.info\\\/?s={search_term_string}\"},\"query-input\":{\"@type\":\"PropertyValueSpecification\",\"valueRequired\":true,\"valueName\":\"search_term_string\"}}],\"inLanguage\":\"en-US\"},{\"@type\":\"Person\",\"@id\":\"https:\\\/\\\/kosovatimes.info\\\/#\\\/schema\\\/person\\\/7586712b9c512fe68085de007378c915\",\"name\":\"i l\",\"image\":{\"@type\":\"ImageObject\",\"inLanguage\":\"en-US\",\"@id\":\"https:\\\/\\\/secure.gravatar.com\\\/avatar\\\/bad9296e02816160ae2e2435beda58222022298d5625d49fea74d18816fbb31d?s=96&d=mm&r=g\",\"url\":\"https:\\\/\\\/secure.gravatar.com\\\/avatar\\\/bad9296e02816160ae2e2435beda58222022298d5625d49fea74d18816fbb31d?s=96&d=mm&r=g\",\"contentUrl\":\"https:\\\/\\\/secure.gravatar.com\\\/avatar\\\/bad9296e02816160ae2e2435beda58222022298d5625d49fea74d18816fbb31d?s=96&d=mm&r=g\",\"caption\":\"i l\"},\"url\":\"https:\\\/\\\/kosovatimes.info\\\/index.php\\\/author\\\/iliri\\\/\"}]}<\/script>\n<!-- \/ Yoast SEO plugin. -->","yoast_head_json":{"title":"Nj\u00eb vend i shenjt\u00eb nuk \u00ebsht\u00eb kurr\u00eb bosh, ose \"k\u00ebrc\u00ebnimi\" turk p\u00ebr Rusin\u00eb - Kosova Times","robots":{"index":"index","follow":"follow","max-snippet":"max-snippet:-1","max-image-preview":"max-image-preview:large","max-video-preview":"max-video-preview:-1"},"canonical":"https:\/\/kosovatimes.info\/index.php\/2026\/04\/30\/nje-vend-i-shenjte-nuk-eshte-kurre-bosh-ose-kercenimi-turk-per-rusine\/","og_locale":"en_US","og_type":"article","og_title":"Nj\u00eb vend i shenjt\u00eb nuk \u00ebsht\u00eb kurr\u00eb bosh, ose \"k\u00ebrc\u00ebnimi\" turk p\u00ebr Rusin\u00eb - Kosova Times","og_description":"&#8220;K\u00ebrc\u00ebnimi kinez&#8221; ka qen\u00eb prej koh\u00ebsh nj\u00eb fjal\u00eb e urt\u00eb n\u00eb Rusi. N\u00eb fakt, \u00e7\u00ebshtja e b\u00ebrjes s\u00eb Mosk\u00ebs partnere e vog\u00ebl e Pekinit \u00ebsht\u00eb zgjidhur prej koh\u00ebsh.Por Kina nuk \u00ebsht\u00eb fqinji i vet\u00ebm i Rusis\u00eb, interesat e s\u00eb cil\u00ebs duhet t&#8217;i marr\u00eb plot\u00ebsisht n\u00eb konsiderat\u00eb. Roli n\u00eb rritje i Kin\u00ebs dhe r\u00ebnia p\u00ebrkat\u00ebse e [&hellip;]","og_url":"https:\/\/kosovatimes.info\/index.php\/2026\/04\/30\/nje-vend-i-shenjte-nuk-eshte-kurre-bosh-ose-kercenimi-turk-per-rusine\/","og_site_name":"Kosova Times","article_published_time":"2026-04-30T21:03:34+00:00","article_modified_time":"2026-04-30T21:04:27+00:00","og_image":[{"width":1360,"height":765,"url":"https:\/\/kosovatimes.info\/wp-content\/uploads\/2026\/04\/Porti-Ataturk.jpg","type":"image\/jpeg"}],"author":"i l","twitter_card":"summary_large_image","twitter_misc":{"Written by":"i l","Est. reading time":"6 minutes"},"schema":{"@context":"https:\/\/schema.org","@graph":[{"@type":"Article","@id":"https:\/\/kosovatimes.info\/index.php\/2026\/04\/30\/nje-vend-i-shenjte-nuk-eshte-kurre-bosh-ose-kercenimi-turk-per-rusine\/#article","isPartOf":{"@id":"https:\/\/kosovatimes.info\/index.php\/2026\/04\/30\/nje-vend-i-shenjte-nuk-eshte-kurre-bosh-ose-kercenimi-turk-per-rusine\/"},"author":{"name":"i l","@id":"https:\/\/kosovatimes.info\/#\/schema\/person\/7586712b9c512fe68085de007378c915"},"headline":"Nj\u00eb vend i shenjt\u00eb nuk \u00ebsht\u00eb kurr\u00eb bosh, ose &#8220;k\u00ebrc\u00ebnimi&#8221; turk p\u00ebr Rusin\u00eb","datePublished":"2026-04-30T21:03:34+00:00","dateModified":"2026-04-30T21:04:27+00:00","mainEntityOfPage":{"@id":"https:\/\/kosovatimes.info\/index.php\/2026\/04\/30\/nje-vend-i-shenjte-nuk-eshte-kurre-bosh-ose-kercenimi-turk-per-rusine\/"},"wordCount":1484,"commentCount":0,"image":{"@id":"https:\/\/kosovatimes.info\/index.php\/2026\/04\/30\/nje-vend-i-shenjte-nuk-eshte-kurre-bosh-ose-kercenimi-turk-per-rusine\/#primaryimage"},"thumbnailUrl":"https:\/\/kosovatimes.info\/wp-content\/uploads\/2026\/04\/Porti-Ataturk.jpg","articleSection":["Analiz\u00eb"],"inLanguage":"en-US","potentialAction":[{"@type":"CommentAction","name":"Comment","target":["https:\/\/kosovatimes.info\/index.php\/2026\/04\/30\/nje-vend-i-shenjte-nuk-eshte-kurre-bosh-ose-kercenimi-turk-per-rusine\/#respond"]}]},{"@type":"WebPage","@id":"https:\/\/kosovatimes.info\/index.php\/2026\/04\/30\/nje-vend-i-shenjte-nuk-eshte-kurre-bosh-ose-kercenimi-turk-per-rusine\/","url":"https:\/\/kosovatimes.info\/index.php\/2026\/04\/30\/nje-vend-i-shenjte-nuk-eshte-kurre-bosh-ose-kercenimi-turk-per-rusine\/","name":"Nj\u00eb vend i shenjt\u00eb nuk \u00ebsht\u00eb kurr\u00eb bosh, ose \"k\u00ebrc\u00ebnimi\" turk p\u00ebr Rusin\u00eb - Kosova Times","isPartOf":{"@id":"https:\/\/kosovatimes.info\/#website"},"primaryImageOfPage":{"@id":"https:\/\/kosovatimes.info\/index.php\/2026\/04\/30\/nje-vend-i-shenjte-nuk-eshte-kurre-bosh-ose-kercenimi-turk-per-rusine\/#primaryimage"},"image":{"@id":"https:\/\/kosovatimes.info\/index.php\/2026\/04\/30\/nje-vend-i-shenjte-nuk-eshte-kurre-bosh-ose-kercenimi-turk-per-rusine\/#primaryimage"},"thumbnailUrl":"https:\/\/kosovatimes.info\/wp-content\/uploads\/2026\/04\/Porti-Ataturk.jpg","datePublished":"2026-04-30T21:03:34+00:00","dateModified":"2026-04-30T21:04:27+00:00","author":{"@id":"https:\/\/kosovatimes.info\/#\/schema\/person\/7586712b9c512fe68085de007378c915"},"breadcrumb":{"@id":"https:\/\/kosovatimes.info\/index.php\/2026\/04\/30\/nje-vend-i-shenjte-nuk-eshte-kurre-bosh-ose-kercenimi-turk-per-rusine\/#breadcrumb"},"inLanguage":"en-US","potentialAction":[{"@type":"ReadAction","target":["https:\/\/kosovatimes.info\/index.php\/2026\/04\/30\/nje-vend-i-shenjte-nuk-eshte-kurre-bosh-ose-kercenimi-turk-per-rusine\/"]}]},{"@type":"ImageObject","inLanguage":"en-US","@id":"https:\/\/kosovatimes.info\/index.php\/2026\/04\/30\/nje-vend-i-shenjte-nuk-eshte-kurre-bosh-ose-kercenimi-turk-per-rusine\/#primaryimage","url":"https:\/\/kosovatimes.info\/wp-content\/uploads\/2026\/04\/Porti-Ataturk.jpg","contentUrl":"https:\/\/kosovatimes.info\/wp-content\/uploads\/2026\/04\/Porti-Ataturk.jpg","width":1360,"height":765},{"@type":"BreadcrumbList","@id":"https:\/\/kosovatimes.info\/index.php\/2026\/04\/30\/nje-vend-i-shenjte-nuk-eshte-kurre-bosh-ose-kercenimi-turk-per-rusine\/#breadcrumb","itemListElement":[{"@type":"ListItem","position":1,"name":"Home","item":"https:\/\/kosovatimes.info\/"},{"@type":"ListItem","position":2,"name":"Nj\u00eb vend i shenjt\u00eb nuk \u00ebsht\u00eb kurr\u00eb bosh, ose &#8220;k\u00ebrc\u00ebnimi&#8221; turk p\u00ebr Rusin\u00eb"}]},{"@type":"WebSite","@id":"https:\/\/kosovatimes.info\/#website","url":"https:\/\/kosovatimes.info\/","name":"Kosova Times","description":"","potentialAction":[{"@type":"SearchAction","target":{"@type":"EntryPoint","urlTemplate":"https:\/\/kosovatimes.info\/?s={search_term_string}"},"query-input":{"@type":"PropertyValueSpecification","valueRequired":true,"valueName":"search_term_string"}}],"inLanguage":"en-US"},{"@type":"Person","@id":"https:\/\/kosovatimes.info\/#\/schema\/person\/7586712b9c512fe68085de007378c915","name":"i l","image":{"@type":"ImageObject","inLanguage":"en-US","@id":"https:\/\/secure.gravatar.com\/avatar\/bad9296e02816160ae2e2435beda58222022298d5625d49fea74d18816fbb31d?s=96&d=mm&r=g","url":"https:\/\/secure.gravatar.com\/avatar\/bad9296e02816160ae2e2435beda58222022298d5625d49fea74d18816fbb31d?s=96&d=mm&r=g","contentUrl":"https:\/\/secure.gravatar.com\/avatar\/bad9296e02816160ae2e2435beda58222022298d5625d49fea74d18816fbb31d?s=96&d=mm&r=g","caption":"i l"},"url":"https:\/\/kosovatimes.info\/index.php\/author\/iliri\/"}]}},"_links":{"self":[{"href":"https:\/\/kosovatimes.info\/index.php\/wp-json\/wp\/v2\/posts\/12847","targetHints":{"allow":["GET"]}}],"collection":[{"href":"https:\/\/kosovatimes.info\/index.php\/wp-json\/wp\/v2\/posts"}],"about":[{"href":"https:\/\/kosovatimes.info\/index.php\/wp-json\/wp\/v2\/types\/post"}],"author":[{"embeddable":true,"href":"https:\/\/kosovatimes.info\/index.php\/wp-json\/wp\/v2\/users\/4"}],"replies":[{"embeddable":true,"href":"https:\/\/kosovatimes.info\/index.php\/wp-json\/wp\/v2\/comments?post=12847"}],"version-history":[{"count":2,"href":"https:\/\/kosovatimes.info\/index.php\/wp-json\/wp\/v2\/posts\/12847\/revisions"}],"predecessor-version":[{"id":12850,"href":"https:\/\/kosovatimes.info\/index.php\/wp-json\/wp\/v2\/posts\/12847\/revisions\/12850"}],"wp:featuredmedia":[{"embeddable":true,"href":"https:\/\/kosovatimes.info\/index.php\/wp-json\/wp\/v2\/media\/12848"}],"wp:attachment":[{"href":"https:\/\/kosovatimes.info\/index.php\/wp-json\/wp\/v2\/media?parent=12847"}],"wp:term":[{"taxonomy":"category","embeddable":true,"href":"https:\/\/kosovatimes.info\/index.php\/wp-json\/wp\/v2\/categories?post=12847"},{"taxonomy":"post_tag","embeddable":true,"href":"https:\/\/kosovatimes.info\/index.php\/wp-json\/wp\/v2\/tags?post=12847"}],"curies":[{"name":"wp","href":"https:\/\/api.w.org\/{rel}","templated":true}]}}