{"id":12853,"date":"2026-05-01T07:37:00","date_gmt":"2026-05-01T05:37:00","guid":{"rendered":"https:\/\/kosovatimes.info\/?p=12853"},"modified":"2026-05-01T08:39:17","modified_gmt":"2026-05-01T06:39:17","slug":"parashikimi-i-motit-per-1-maj","status":"publish","type":"post","link":"https:\/\/kosovatimes.info\/index.php\/2026\/05\/01\/parashikimi-i-motit-per-1-maj\/","title":{"rendered":"Parashikimi i motit p\u00ebr 1 Maj\u00a0"},"content":{"rendered":"\n<p><strong>Instituti Hidrometeorologjik i Kosov\u00ebs (IHMK) ka njoftuar se t\u00eb premten, m\u00eb 1 Maj 2026, n\u00eb Kosov\u00eb pritet t\u00eb mbaj\u00eb mot kryesisht me diell n\u00eb or\u00ebt e m\u00ebngjesit, por me temperatura t\u00eb ul\u00ebta dhe mund\u00ebsi p\u00ebr ngrica lokale.<\/strong><\/p>\n\n\n\n<p>Sipas IHMK-s\u00eb, gjat\u00eb dit\u00ebs do t\u00eb ket\u00eb vran\u00ebsira t\u00eb pjesshme, nd\u00ebrsa temperaturat minimale do t\u00eb l\u00ebvizin nga 0 deri n\u00eb 3 grad\u00eb Celsius, kurse maksimalet nga 11 deri n\u00eb 13 grad\u00eb Celsius.<\/p>\n\n\n\n<p>Era do t\u00eb fryj\u00eb nga veriper\u00ebndimi me shpejt\u00ebsi 1 deri n\u00eb 4 metra p\u00ebr sekond\u00eb.<\/p>\n\n\n\n<p>IHMK ka b\u00ebr\u00eb t\u00eb ditur se gjat\u00eb jav\u00ebs q\u00eb lam\u00eb pas, mbi territorin e Kosov\u00ebs ka dominuar nj\u00eb regjim atmosferik relativisht i paq\u00ebndruesh\u00ebm, si pasoj\u00eb e dep\u00ebrtimit t\u00eb masave ajrore m\u00eb t\u00eb fresk\u00ebta nga veriu dhe verilindja e kontinentit.<\/p>\n\n\n\n<p>Nga aspekti agrometeorologjik, instituti paralajm\u00ebron se temperaturat minimale t\u00eb ul\u00ebta, q\u00eb n\u00eb disa zona mund t\u00eb zbresin deri n\u00eb 0\u00b0C, paraqesin rrezik p\u00ebr ngrica t\u00eb vonshme, t\u00eb cilat mund t\u00eb ndikojn\u00eb n\u00eb kulturat bujq\u00ebsore.<\/p>\n","protected":false},"excerpt":{"rendered":"<p>Instituti Hidrometeorologjik i Kosov\u00ebs (IHMK) ka njoftuar se t\u00eb premten, m\u00eb 1 Maj 2026, n\u00eb Kosov\u00eb pritet t\u00eb mbaj\u00eb mot kryesisht me diell n\u00eb or\u00ebt e m\u00ebngjesit, por me temperatura t\u00eb ul\u00ebta dhe mund\u00ebsi p\u00ebr ngrica lokale. Sipas IHMK-s\u00eb, gjat\u00eb dit\u00ebs do t\u00eb ket\u00eb vran\u00ebsira t\u00eb pjesshme, nd\u00ebrsa temperaturat minimale do t\u00eb l\u00ebvizin nga 0 [&hellip;]<\/p>\n","protected":false},"author":4,"featured_media":8804,"comment_status":"open","ping_status":"open","sticky":false,"template":"","format":"standard","meta":{"footnotes":""},"categories":[31,30],"tags":[],"class_list":{"0":"post-12853","1":"post","2":"type-post","3":"status-publish","4":"format-standard","5":"has-post-thumbnail","7":"category-kosove","8":"category-lajme"},"yoast_head":"<!-- This site is optimized with the Yoast SEO plugin v27.4 - https:\/\/yoast.com\/product\/yoast-seo-wordpress\/ -->\n<title>Parashikimi i motit p\u00ebr 1 Maj\u00a0 - Kosova Times<\/title>\n<meta name=\"robots\" content=\"index, follow, max-snippet:-1, max-image-preview:large, max-video-preview:-1\" \/>\n<link rel=\"canonical\" href=\"https:\/\/kosovatimes.info\/index.php\/2026\/05\/01\/parashikimi-i-motit-per-1-maj\/\" \/>\n<meta property=\"og:locale\" content=\"en_US\" \/>\n<meta property=\"og:type\" content=\"article\" \/>\n<meta property=\"og:title\" content=\"Parashikimi i motit p\u00ebr 1 Maj\u00a0 - Kosova Times\" \/>\n<meta property=\"og:description\" content=\"Instituti Hidrometeorologjik i Kosov\u00ebs (IHMK) ka njoftuar se t\u00eb premten, m\u00eb 1 Maj 2026, n\u00eb Kosov\u00eb pritet t\u00eb mbaj\u00eb mot kryesisht me diell n\u00eb or\u00ebt e m\u00ebngjesit, por me temperatura t\u00eb ul\u00ebta dhe mund\u00ebsi p\u00ebr ngrica lokale. Sipas IHMK-s\u00eb, gjat\u00eb dit\u00ebs do t\u00eb ket\u00eb vran\u00ebsira t\u00eb pjesshme, nd\u00ebrsa temperaturat minimale do t\u00eb l\u00ebvizin nga 0 [&hellip;]\" \/>\n<meta property=\"og:url\" content=\"https:\/\/kosovatimes.info\/index.php\/2026\/05\/01\/parashikimi-i-motit-per-1-maj\/\" \/>\n<meta property=\"og:site_name\" content=\"Kosova Times\" \/>\n<meta property=\"article:published_time\" content=\"2026-05-01T05:37:00+00:00\" \/>\n<meta property=\"article:modified_time\" content=\"2026-05-01T06:39:17+00:00\" \/>\n<meta property=\"og:image\" content=\"https:\/\/kosovatimes.info\/wp-content\/uploads\/2026\/04\/moti-4.jpg\" \/>\n\t<meta property=\"og:image:width\" content=\"780\" \/>\n\t<meta property=\"og:image:height\" content=\"500\" \/>\n\t<meta property=\"og:image:type\" content=\"image\/jpeg\" \/>\n<meta name=\"author\" content=\"i l\" \/>\n<meta name=\"twitter:card\" content=\"summary_large_image\" \/>\n<meta name=\"twitter:label1\" content=\"Written by\" \/>\n\t<meta name=\"twitter:data1\" content=\"i l\" \/>\n\t<meta name=\"twitter:label2\" content=\"Est. reading time\" \/>\n\t<meta name=\"twitter:data2\" content=\"1 minute\" \/>\n<script type=\"application\/ld+json\" class=\"yoast-schema-graph\">{\"@context\":\"https:\\\/\\\/schema.org\",\"@graph\":[{\"@type\":\"Article\",\"@id\":\"https:\\\/\\\/kosovatimes.info\\\/index.php\\\/2026\\\/05\\\/01\\\/parashikimi-i-motit-per-1-maj\\\/#article\",\"isPartOf\":{\"@id\":\"https:\\\/\\\/kosovatimes.info\\\/index.php\\\/2026\\\/05\\\/01\\\/parashikimi-i-motit-per-1-maj\\\/\"},\"author\":{\"name\":\"i l\",\"@id\":\"https:\\\/\\\/kosovatimes.info\\\/#\\\/schema\\\/person\\\/7586712b9c512fe68085de007378c915\"},\"headline\":\"Parashikimi i motit p\u00ebr 1 Maj\u00a0\",\"datePublished\":\"2026-05-01T05:37:00+00:00\",\"dateModified\":\"2026-05-01T06:39:17+00:00\",\"mainEntityOfPage\":{\"@id\":\"https:\\\/\\\/kosovatimes.info\\\/index.php\\\/2026\\\/05\\\/01\\\/parashikimi-i-motit-per-1-maj\\\/\"},\"wordCount\":179,\"commentCount\":0,\"image\":{\"@id\":\"https:\\\/\\\/kosovatimes.info\\\/index.php\\\/2026\\\/05\\\/01\\\/parashikimi-i-motit-per-1-maj\\\/#primaryimage\"},\"thumbnailUrl\":\"https:\\\/\\\/kosovatimes.info\\\/wp-content\\\/uploads\\\/2026\\\/04\\\/moti-4.jpg\",\"articleSection\":[\"Kosov\u00eb\",\"Lajme\"],\"inLanguage\":\"en-US\",\"potentialAction\":[{\"@type\":\"CommentAction\",\"name\":\"Comment\",\"target\":[\"https:\\\/\\\/kosovatimes.info\\\/index.php\\\/2026\\\/05\\\/01\\\/parashikimi-i-motit-per-1-maj\\\/#respond\"]}]},{\"@type\":\"WebPage\",\"@id\":\"https:\\\/\\\/kosovatimes.info\\\/index.php\\\/2026\\\/05\\\/01\\\/parashikimi-i-motit-per-1-maj\\\/\",\"url\":\"https:\\\/\\\/kosovatimes.info\\\/index.php\\\/2026\\\/05\\\/01\\\/parashikimi-i-motit-per-1-maj\\\/\",\"name\":\"Parashikimi i motit p\u00ebr 1 Maj\u00a0 - Kosova Times\",\"isPartOf\":{\"@id\":\"https:\\\/\\\/kosovatimes.info\\\/#website\"},\"primaryImageOfPage\":{\"@id\":\"https:\\\/\\\/kosovatimes.info\\\/index.php\\\/2026\\\/05\\\/01\\\/parashikimi-i-motit-per-1-maj\\\/#primaryimage\"},\"image\":{\"@id\":\"https:\\\/\\\/kosovatimes.info\\\/index.php\\\/2026\\\/05\\\/01\\\/parashikimi-i-motit-per-1-maj\\\/#primaryimage\"},\"thumbnailUrl\":\"https:\\\/\\\/kosovatimes.info\\\/wp-content\\\/uploads\\\/2026\\\/04\\\/moti-4.jpg\",\"datePublished\":\"2026-05-01T05:37:00+00:00\",\"dateModified\":\"2026-05-01T06:39:17+00:00\",\"author\":{\"@id\":\"https:\\\/\\\/kosovatimes.info\\\/#\\\/schema\\\/person\\\/7586712b9c512fe68085de007378c915\"},\"breadcrumb\":{\"@id\":\"https:\\\/\\\/kosovatimes.info\\\/index.php\\\/2026\\\/05\\\/01\\\/parashikimi-i-motit-per-1-maj\\\/#breadcrumb\"},\"inLanguage\":\"en-US\",\"potentialAction\":[{\"@type\":\"ReadAction\",\"target\":[\"https:\\\/\\\/kosovatimes.info\\\/index.php\\\/2026\\\/05\\\/01\\\/parashikimi-i-motit-per-1-maj\\\/\"]}]},{\"@type\":\"ImageObject\",\"inLanguage\":\"en-US\",\"@id\":\"https:\\\/\\\/kosovatimes.info\\\/index.php\\\/2026\\\/05\\\/01\\\/parashikimi-i-motit-per-1-maj\\\/#primaryimage\",\"url\":\"https:\\\/\\\/kosovatimes.info\\\/wp-content\\\/uploads\\\/2026\\\/04\\\/moti-4.jpg\",\"contentUrl\":\"https:\\\/\\\/kosovatimes.info\\\/wp-content\\\/uploads\\\/2026\\\/04\\\/moti-4.jpg\",\"width\":780,\"height\":500},{\"@type\":\"BreadcrumbList\",\"@id\":\"https:\\\/\\\/kosovatimes.info\\\/index.php\\\/2026\\\/05\\\/01\\\/parashikimi-i-motit-per-1-maj\\\/#breadcrumb\",\"itemListElement\":[{\"@type\":\"ListItem\",\"position\":1,\"name\":\"Home\",\"item\":\"https:\\\/\\\/kosovatimes.info\\\/\"},{\"@type\":\"ListItem\",\"position\":2,\"name\":\"Parashikimi i motit p\u00ebr 1 Maj\u00a0\"}]},{\"@type\":\"WebSite\",\"@id\":\"https:\\\/\\\/kosovatimes.info\\\/#website\",\"url\":\"https:\\\/\\\/kosovatimes.info\\\/\",\"name\":\"Kosova Times\",\"description\":\"\",\"potentialAction\":[{\"@type\":\"SearchAction\",\"target\":{\"@type\":\"EntryPoint\",\"urlTemplate\":\"https:\\\/\\\/kosovatimes.info\\\/?s={search_term_string}\"},\"query-input\":{\"@type\":\"PropertyValueSpecification\",\"valueRequired\":true,\"valueName\":\"search_term_string\"}}],\"inLanguage\":\"en-US\"},{\"@type\":\"Person\",\"@id\":\"https:\\\/\\\/kosovatimes.info\\\/#\\\/schema\\\/person\\\/7586712b9c512fe68085de007378c915\",\"name\":\"i l\",\"image\":{\"@type\":\"ImageObject\",\"inLanguage\":\"en-US\",\"@id\":\"https:\\\/\\\/secure.gravatar.com\\\/avatar\\\/bad9296e02816160ae2e2435beda58222022298d5625d49fea74d18816fbb31d?s=96&d=mm&r=g\",\"url\":\"https:\\\/\\\/secure.gravatar.com\\\/avatar\\\/bad9296e02816160ae2e2435beda58222022298d5625d49fea74d18816fbb31d?s=96&d=mm&r=g\",\"contentUrl\":\"https:\\\/\\\/secure.gravatar.com\\\/avatar\\\/bad9296e02816160ae2e2435beda58222022298d5625d49fea74d18816fbb31d?s=96&d=mm&r=g\",\"caption\":\"i l\"},\"url\":\"https:\\\/\\\/kosovatimes.info\\\/index.php\\\/author\\\/iliri\\\/\"}]}<\/script>\n<!-- \/ Yoast SEO plugin. -->","yoast_head_json":{"title":"Parashikimi i motit p\u00ebr 1 Maj\u00a0 - Kosova Times","robots":{"index":"index","follow":"follow","max-snippet":"max-snippet:-1","max-image-preview":"max-image-preview:large","max-video-preview":"max-video-preview:-1"},"canonical":"https:\/\/kosovatimes.info\/index.php\/2026\/05\/01\/parashikimi-i-motit-per-1-maj\/","og_locale":"en_US","og_type":"article","og_title":"Parashikimi i motit p\u00ebr 1 Maj\u00a0 - Kosova Times","og_description":"Instituti Hidrometeorologjik i Kosov\u00ebs (IHMK) ka njoftuar se t\u00eb premten, m\u00eb 1 Maj 2026, n\u00eb Kosov\u00eb pritet t\u00eb mbaj\u00eb mot kryesisht me diell n\u00eb or\u00ebt e m\u00ebngjesit, por me temperatura t\u00eb ul\u00ebta dhe mund\u00ebsi p\u00ebr ngrica lokale. Sipas IHMK-s\u00eb, gjat\u00eb dit\u00ebs do t\u00eb ket\u00eb vran\u00ebsira t\u00eb pjesshme, nd\u00ebrsa temperaturat minimale do t\u00eb l\u00ebvizin nga 0 [&hellip;]","og_url":"https:\/\/kosovatimes.info\/index.php\/2026\/05\/01\/parashikimi-i-motit-per-1-maj\/","og_site_name":"Kosova Times","article_published_time":"2026-05-01T05:37:00+00:00","article_modified_time":"2026-05-01T06:39:17+00:00","og_image":[{"width":780,"height":500,"url":"https:\/\/kosovatimes.info\/wp-content\/uploads\/2026\/04\/moti-4.jpg","type":"image\/jpeg"}],"author":"i l","twitter_card":"summary_large_image","twitter_misc":{"Written by":"i l","Est. reading time":"1 minute"},"schema":{"@context":"https:\/\/schema.org","@graph":[{"@type":"Article","@id":"https:\/\/kosovatimes.info\/index.php\/2026\/05\/01\/parashikimi-i-motit-per-1-maj\/#article","isPartOf":{"@id":"https:\/\/kosovatimes.info\/index.php\/2026\/05\/01\/parashikimi-i-motit-per-1-maj\/"},"author":{"name":"i l","@id":"https:\/\/kosovatimes.info\/#\/schema\/person\/7586712b9c512fe68085de007378c915"},"headline":"Parashikimi i motit p\u00ebr 1 Maj\u00a0","datePublished":"2026-05-01T05:37:00+00:00","dateModified":"2026-05-01T06:39:17+00:00","mainEntityOfPage":{"@id":"https:\/\/kosovatimes.info\/index.php\/2026\/05\/01\/parashikimi-i-motit-per-1-maj\/"},"wordCount":179,"commentCount":0,"image":{"@id":"https:\/\/kosovatimes.info\/index.php\/2026\/05\/01\/parashikimi-i-motit-per-1-maj\/#primaryimage"},"thumbnailUrl":"https:\/\/kosovatimes.info\/wp-content\/uploads\/2026\/04\/moti-4.jpg","articleSection":["Kosov\u00eb","Lajme"],"inLanguage":"en-US","potentialAction":[{"@type":"CommentAction","name":"Comment","target":["https:\/\/kosovatimes.info\/index.php\/2026\/05\/01\/parashikimi-i-motit-per-1-maj\/#respond"]}]},{"@type":"WebPage","@id":"https:\/\/kosovatimes.info\/index.php\/2026\/05\/01\/parashikimi-i-motit-per-1-maj\/","url":"https:\/\/kosovatimes.info\/index.php\/2026\/05\/01\/parashikimi-i-motit-per-1-maj\/","name":"Parashikimi i motit p\u00ebr 1 Maj\u00a0 - Kosova Times","isPartOf":{"@id":"https:\/\/kosovatimes.info\/#website"},"primaryImageOfPage":{"@id":"https:\/\/kosovatimes.info\/index.php\/2026\/05\/01\/parashikimi-i-motit-per-1-maj\/#primaryimage"},"image":{"@id":"https:\/\/kosovatimes.info\/index.php\/2026\/05\/01\/parashikimi-i-motit-per-1-maj\/#primaryimage"},"thumbnailUrl":"https:\/\/kosovatimes.info\/wp-content\/uploads\/2026\/04\/moti-4.jpg","datePublished":"2026-05-01T05:37:00+00:00","dateModified":"2026-05-01T06:39:17+00:00","author":{"@id":"https:\/\/kosovatimes.info\/#\/schema\/person\/7586712b9c512fe68085de007378c915"},"breadcrumb":{"@id":"https:\/\/kosovatimes.info\/index.php\/2026\/05\/01\/parashikimi-i-motit-per-1-maj\/#breadcrumb"},"inLanguage":"en-US","potentialAction":[{"@type":"ReadAction","target":["https:\/\/kosovatimes.info\/index.php\/2026\/05\/01\/parashikimi-i-motit-per-1-maj\/"]}]},{"@type":"ImageObject","inLanguage":"en-US","@id":"https:\/\/kosovatimes.info\/index.php\/2026\/05\/01\/parashikimi-i-motit-per-1-maj\/#primaryimage","url":"https:\/\/kosovatimes.info\/wp-content\/uploads\/2026\/04\/moti-4.jpg","contentUrl":"https:\/\/kosovatimes.info\/wp-content\/uploads\/2026\/04\/moti-4.jpg","width":780,"height":500},{"@type":"BreadcrumbList","@id":"https:\/\/kosovatimes.info\/index.php\/2026\/05\/01\/parashikimi-i-motit-per-1-maj\/#breadcrumb","itemListElement":[{"@type":"ListItem","position":1,"name":"Home","item":"https:\/\/kosovatimes.info\/"},{"@type":"ListItem","position":2,"name":"Parashikimi i motit p\u00ebr 1 Maj\u00a0"}]},{"@type":"WebSite","@id":"https:\/\/kosovatimes.info\/#website","url":"https:\/\/kosovatimes.info\/","name":"Kosova Times","description":"","potentialAction":[{"@type":"SearchAction","target":{"@type":"EntryPoint","urlTemplate":"https:\/\/kosovatimes.info\/?s={search_term_string}"},"query-input":{"@type":"PropertyValueSpecification","valueRequired":true,"valueName":"search_term_string"}}],"inLanguage":"en-US"},{"@type":"Person","@id":"https:\/\/kosovatimes.info\/#\/schema\/person\/7586712b9c512fe68085de007378c915","name":"i l","image":{"@type":"ImageObject","inLanguage":"en-US","@id":"https:\/\/secure.gravatar.com\/avatar\/bad9296e02816160ae2e2435beda58222022298d5625d49fea74d18816fbb31d?s=96&d=mm&r=g","url":"https:\/\/secure.gravatar.com\/avatar\/bad9296e02816160ae2e2435beda58222022298d5625d49fea74d18816fbb31d?s=96&d=mm&r=g","contentUrl":"https:\/\/secure.gravatar.com\/avatar\/bad9296e02816160ae2e2435beda58222022298d5625d49fea74d18816fbb31d?s=96&d=mm&r=g","caption":"i l"},"url":"https:\/\/kosovatimes.info\/index.php\/author\/iliri\/"}]}},"_links":{"self":[{"href":"https:\/\/kosovatimes.info\/index.php\/wp-json\/wp\/v2\/posts\/12853","targetHints":{"allow":["GET"]}}],"collection":[{"href":"https:\/\/kosovatimes.info\/index.php\/wp-json\/wp\/v2\/posts"}],"about":[{"href":"https:\/\/kosovatimes.info\/index.php\/wp-json\/wp\/v2\/types\/post"}],"author":[{"embeddable":true,"href":"https:\/\/kosovatimes.info\/index.php\/wp-json\/wp\/v2\/users\/4"}],"replies":[{"embeddable":true,"href":"https:\/\/kosovatimes.info\/index.php\/wp-json\/wp\/v2\/comments?post=12853"}],"version-history":[{"count":1,"href":"https:\/\/kosovatimes.info\/index.php\/wp-json\/wp\/v2\/posts\/12853\/revisions"}],"predecessor-version":[{"id":12854,"href":"https:\/\/kosovatimes.info\/index.php\/wp-json\/wp\/v2\/posts\/12853\/revisions\/12854"}],"wp:featuredmedia":[{"embeddable":true,"href":"https:\/\/kosovatimes.info\/index.php\/wp-json\/wp\/v2\/media\/8804"}],"wp:attachment":[{"href":"https:\/\/kosovatimes.info\/index.php\/wp-json\/wp\/v2\/media?parent=12853"}],"wp:term":[{"taxonomy":"category","embeddable":true,"href":"https:\/\/kosovatimes.info\/index.php\/wp-json\/wp\/v2\/categories?post=12853"},{"taxonomy":"post_tag","embeddable":true,"href":"https:\/\/kosovatimes.info\/index.php\/wp-json\/wp\/v2\/tags?post=12853"}],"curies":[{"name":"wp","href":"https:\/\/api.w.org\/{rel}","templated":true}]}}