{"id":12855,"date":"2026-05-01T07:59:00","date_gmt":"2026-05-01T05:59:00","guid":{"rendered":"https:\/\/kosovatimes.info\/?p=12855"},"modified":"2026-05-01T08:41:37","modified_gmt":"2026-05-01T06:41:37","slug":"hykolli-me-rastin-e-1-majit-punetori-kerkon-drejtesi-jo-arsyetime","status":"publish","type":"post","link":"https:\/\/kosovatimes.info\/index.php\/2026\/05\/01\/hykolli-me-rastin-e-1-majit-punetori-kerkon-drejtesi-jo-arsyetime\/","title":{"rendered":"Hykolli me rastin e 1 Majit: Pun\u00ebtori k\u00ebrkon drejt\u00ebsi, jo arsyetime"},"content":{"rendered":"\n<p><a target=\"_blank\" href=\"https:\/\/www.linkedin.com\/shareArticle?mini=true&amp;url=https%3A%2F%2Fwww.rtklive.com%2Fsq%2Fnews-single.php%3FID%3D723609\" rel=\"noreferrer noopener\"><\/a><\/p>\n\n\n\n<h2 class=\"wp-block-heading\"><\/h2>\n\n\n\n<p><strong>Me rastin e Dit\u00ebs Bot\u00ebrore t\u00eb Pun\u00ebtorit, kryetari i Bashkimit t\u00eb Sindikatave t\u00eb Pavarura t\u00eb Kosov\u00ebs (BSPK), Atdhe Hykolli, ka theksuar se 1 Maji nuk \u00ebsht\u00eb vet\u00ebm nj\u00eb dat\u00eb simbolike, por nj\u00eb thirrje p\u00ebr drejt\u00ebsi dhe veprim konkret.<\/strong><\/p>\n\n\n\n<p>Ai ka deklaruar se z\u00ebri i pun\u00ebtorit nuk mund t\u00eb zbutet me fjal\u00eb, sepse pun\u00ebtori sot k\u00ebrkon drejt\u00ebsi.<\/p>\n\n\n\n<p>\u201c1 Maji nuk \u00ebsht\u00eb vet\u00ebm dit\u00eb q\u00eb sh\u00ebnohet, por \u00ebsht\u00eb dit\u00eb q\u00eb k\u00ebrkon p\u00ebrgjigje. \u00cbsht\u00eb kujtes\u00eb se dinjiteti n\u00eb pun\u00eb nuk jepet, por fitohet dhe mbrohet \u00e7do dit\u00eb. Sot, z\u00ebri i pun\u00ebtorit nuk mund t\u00eb zbutet me fjal\u00eb t\u00eb mira. Ai k\u00ebrkon drejt\u00ebsi. Pun\u00ebtori n\u00eb Kosov\u00eb punon shum\u00eb e jeton pak\u201d, ka th\u00ebn\u00eb ai.<\/p>\n\n\n\n<p>Sipas Hykollit, \u00e7mimet rriten pa ndal\u00eb, nd\u00ebrsa paga mbetet prapa dhe puna nuk po e mban jet\u00ebn. Ai thekson se kjo nuk \u00ebsht\u00eb vet\u00ebm gjendje, por padrejt\u00ebsi q\u00eb k\u00ebrkon korrigjim.<\/p>\n\n\n\n<p>\u201cK\u00ebt\u00eb e them qart\u00eb dhe pa asnj\u00eb m\u00ebdyshje: kjo situat\u00eb nuk mund t\u00eb normalizohet. Nuk mund t\u00eb pranohet q\u00eb djersa t\u00eb mos kthehet n\u00eb mir\u00ebqenie. Nuk mund t\u00eb pranohet q\u00eb puna t\u00eb mos jap\u00eb siguri. Kjo \u00ebsht\u00eb vij\u00eb q\u00eb nuk duhet t\u00eb kalohet m\u00eb\u201d, ka deklaruar Hykolli.<\/p>\n\n\n\n<p>Prandaj, thirrja e sindikatave p\u00ebr vendimmarr\u00ebsit, sipas tij, nuk \u00ebsht\u00eb formale, por \u00ebsht\u00eb k\u00ebrkes\u00eb e drejt\u00eb dhe e menj\u00ebhershme q\u00eb t\u00eb vendosin ekuilib\u00ebr mes \u00e7mimeve dhe pagave, ta p\u00ebrmbyllin Marr\u00ebveshjen e P\u00ebrgjithshme Kolektive dhe ta funksionalizojn\u00eb pa vones\u00eb K\u00ebshillin Ekonomiko-Social.<\/p>\n\n\n\n<p>\u201cSepse pa k\u00ebto, drejt\u00ebsia n\u00eb pun\u00eb mbetet fjal\u00eb, jo realitet. BSPK-ja do t\u00eb jet\u00eb z\u00eb q\u00eb nuk t\u00ebrhiqet dhe k\u00ebrkes\u00eb q\u00eb nuk zbehet, sepse p\u00ebrfaq\u00ebsimi i pun\u00ebtorit nuk \u00ebsht\u00eb rol, por p\u00ebrgjegj\u00ebsi\u201d, ka th\u00ebn\u00eb ai.<\/p>\n\n\n\n<p>Duke i uruar t\u00eb gjith\u00eb pun\u00ebtor\u00ebt p\u00ebr 1 Majin, Hykolli ka theksuar se puna e tyre duhet t\u00eb njihet, t\u00eb vler\u00ebsohet dhe t\u00eb shp\u00ebrblehet drejt.<\/p>\n\n\n\n<p>\u201cSepse vet\u00ebm kur puna e mban jet\u00ebn, at\u00ebher\u00eb kjo dit\u00eb nuk \u00ebsht\u00eb vet\u00ebm fest\u00eb, por d\u00ebshmi e drejt\u00ebsis\u00eb s\u00eb arritur\u201d, ka p\u00ebrfunduar kryetari i BSPK-s\u00eb.<\/p>\n","protected":false},"excerpt":{"rendered":"<p>Me rastin e Dit\u00ebs Bot\u00ebrore t\u00eb Pun\u00ebtorit, kryetari i Bashkimit t\u00eb Sindikatave t\u00eb Pavarura t\u00eb Kosov\u00ebs (BSPK), Atdhe Hykolli, ka theksuar se 1 Maji nuk \u00ebsht\u00eb vet\u00ebm nj\u00eb dat\u00eb simbolike, por nj\u00eb thirrje p\u00ebr drejt\u00ebsi dhe veprim konkret. Ai ka deklaruar se z\u00ebri i pun\u00ebtorit nuk mund t\u00eb zbutet me fjal\u00eb, sepse pun\u00ebtori sot k\u00ebrkon [&hellip;]<\/p>\n","protected":false},"author":4,"featured_media":12856,"comment_status":"open","ping_status":"open","sticky":false,"template":"","format":"standard","meta":{"footnotes":""},"categories":[31,30],"tags":[],"class_list":{"0":"post-12855","1":"post","2":"type-post","3":"status-publish","4":"format-standard","5":"has-post-thumbnail","7":"category-kosove","8":"category-lajme"},"yoast_head":"<!-- This site is optimized with the Yoast SEO plugin v27.4 - https:\/\/yoast.com\/product\/yoast-seo-wordpress\/ -->\n<title>Hykolli me rastin e 1 Majit: Pun\u00ebtori k\u00ebrkon drejt\u00ebsi, jo arsyetime - Kosova Times<\/title>\n<meta name=\"robots\" content=\"index, follow, max-snippet:-1, max-image-preview:large, max-video-preview:-1\" \/>\n<link rel=\"canonical\" href=\"https:\/\/kosovatimes.info\/index.php\/2026\/05\/01\/hykolli-me-rastin-e-1-majit-punetori-kerkon-drejtesi-jo-arsyetime\/\" \/>\n<meta property=\"og:locale\" content=\"en_US\" \/>\n<meta property=\"og:type\" content=\"article\" \/>\n<meta property=\"og:title\" content=\"Hykolli me rastin e 1 Majit: Pun\u00ebtori k\u00ebrkon drejt\u00ebsi, jo arsyetime - Kosova Times\" \/>\n<meta property=\"og:description\" content=\"Me rastin e Dit\u00ebs Bot\u00ebrore t\u00eb Pun\u00ebtorit, kryetari i Bashkimit t\u00eb Sindikatave t\u00eb Pavarura t\u00eb Kosov\u00ebs (BSPK), Atdhe Hykolli, ka theksuar se 1 Maji nuk \u00ebsht\u00eb vet\u00ebm nj\u00eb dat\u00eb simbolike, por nj\u00eb thirrje p\u00ebr drejt\u00ebsi dhe veprim konkret. Ai ka deklaruar se z\u00ebri i pun\u00ebtorit nuk mund t\u00eb zbutet me fjal\u00eb, sepse pun\u00ebtori sot k\u00ebrkon [&hellip;]\" \/>\n<meta property=\"og:url\" content=\"https:\/\/kosovatimes.info\/index.php\/2026\/05\/01\/hykolli-me-rastin-e-1-majit-punetori-kerkon-drejtesi-jo-arsyetime\/\" \/>\n<meta property=\"og:site_name\" content=\"Kosova Times\" \/>\n<meta property=\"article:published_time\" content=\"2026-05-01T05:59:00+00:00\" \/>\n<meta property=\"article:modified_time\" content=\"2026-05-01T06:41:37+00:00\" \/>\n<meta property=\"og:image\" content=\"https:\/\/kosovatimes.info\/wp-content\/uploads\/2026\/05\/hykolli.jpg\" \/>\n\t<meta property=\"og:image:width\" content=\"780\" \/>\n\t<meta property=\"og:image:height\" content=\"500\" \/>\n\t<meta property=\"og:image:type\" content=\"image\/jpeg\" \/>\n<meta name=\"author\" content=\"i l\" \/>\n<meta name=\"twitter:card\" content=\"summary_large_image\" \/>\n<meta name=\"twitter:label1\" content=\"Written by\" \/>\n\t<meta name=\"twitter:data1\" content=\"i l\" \/>\n\t<meta name=\"twitter:label2\" content=\"Est. reading time\" \/>\n\t<meta name=\"twitter:data2\" content=\"2 minutes\" \/>\n<script type=\"application\/ld+json\" class=\"yoast-schema-graph\">{\"@context\":\"https:\\\/\\\/schema.org\",\"@graph\":[{\"@type\":\"Article\",\"@id\":\"https:\\\/\\\/kosovatimes.info\\\/index.php\\\/2026\\\/05\\\/01\\\/hykolli-me-rastin-e-1-majit-punetori-kerkon-drejtesi-jo-arsyetime\\\/#article\",\"isPartOf\":{\"@id\":\"https:\\\/\\\/kosovatimes.info\\\/index.php\\\/2026\\\/05\\\/01\\\/hykolli-me-rastin-e-1-majit-punetori-kerkon-drejtesi-jo-arsyetime\\\/\"},\"author\":{\"name\":\"i l\",\"@id\":\"https:\\\/\\\/kosovatimes.info\\\/#\\\/schema\\\/person\\\/7586712b9c512fe68085de007378c915\"},\"headline\":\"Hykolli me rastin e 1 Majit: Pun\u00ebtori k\u00ebrkon drejt\u00ebsi, jo arsyetime\",\"datePublished\":\"2026-05-01T05:59:00+00:00\",\"dateModified\":\"2026-05-01T06:41:37+00:00\",\"mainEntityOfPage\":{\"@id\":\"https:\\\/\\\/kosovatimes.info\\\/index.php\\\/2026\\\/05\\\/01\\\/hykolli-me-rastin-e-1-majit-punetori-kerkon-drejtesi-jo-arsyetime\\\/\"},\"wordCount\":383,\"commentCount\":0,\"image\":{\"@id\":\"https:\\\/\\\/kosovatimes.info\\\/index.php\\\/2026\\\/05\\\/01\\\/hykolli-me-rastin-e-1-majit-punetori-kerkon-drejtesi-jo-arsyetime\\\/#primaryimage\"},\"thumbnailUrl\":\"https:\\\/\\\/kosovatimes.info\\\/wp-content\\\/uploads\\\/2026\\\/05\\\/hykolli.jpg\",\"articleSection\":[\"Kosov\u00eb\",\"Lajme\"],\"inLanguage\":\"en-US\",\"potentialAction\":[{\"@type\":\"CommentAction\",\"name\":\"Comment\",\"target\":[\"https:\\\/\\\/kosovatimes.info\\\/index.php\\\/2026\\\/05\\\/01\\\/hykolli-me-rastin-e-1-majit-punetori-kerkon-drejtesi-jo-arsyetime\\\/#respond\"]}]},{\"@type\":\"WebPage\",\"@id\":\"https:\\\/\\\/kosovatimes.info\\\/index.php\\\/2026\\\/05\\\/01\\\/hykolli-me-rastin-e-1-majit-punetori-kerkon-drejtesi-jo-arsyetime\\\/\",\"url\":\"https:\\\/\\\/kosovatimes.info\\\/index.php\\\/2026\\\/05\\\/01\\\/hykolli-me-rastin-e-1-majit-punetori-kerkon-drejtesi-jo-arsyetime\\\/\",\"name\":\"Hykolli me rastin e 1 Majit: Pun\u00ebtori k\u00ebrkon drejt\u00ebsi, jo arsyetime - Kosova Times\",\"isPartOf\":{\"@id\":\"https:\\\/\\\/kosovatimes.info\\\/#website\"},\"primaryImageOfPage\":{\"@id\":\"https:\\\/\\\/kosovatimes.info\\\/index.php\\\/2026\\\/05\\\/01\\\/hykolli-me-rastin-e-1-majit-punetori-kerkon-drejtesi-jo-arsyetime\\\/#primaryimage\"},\"image\":{\"@id\":\"https:\\\/\\\/kosovatimes.info\\\/index.php\\\/2026\\\/05\\\/01\\\/hykolli-me-rastin-e-1-majit-punetori-kerkon-drejtesi-jo-arsyetime\\\/#primaryimage\"},\"thumbnailUrl\":\"https:\\\/\\\/kosovatimes.info\\\/wp-content\\\/uploads\\\/2026\\\/05\\\/hykolli.jpg\",\"datePublished\":\"2026-05-01T05:59:00+00:00\",\"dateModified\":\"2026-05-01T06:41:37+00:00\",\"author\":{\"@id\":\"https:\\\/\\\/kosovatimes.info\\\/#\\\/schema\\\/person\\\/7586712b9c512fe68085de007378c915\"},\"breadcrumb\":{\"@id\":\"https:\\\/\\\/kosovatimes.info\\\/index.php\\\/2026\\\/05\\\/01\\\/hykolli-me-rastin-e-1-majit-punetori-kerkon-drejtesi-jo-arsyetime\\\/#breadcrumb\"},\"inLanguage\":\"en-US\",\"potentialAction\":[{\"@type\":\"ReadAction\",\"target\":[\"https:\\\/\\\/kosovatimes.info\\\/index.php\\\/2026\\\/05\\\/01\\\/hykolli-me-rastin-e-1-majit-punetori-kerkon-drejtesi-jo-arsyetime\\\/\"]}]},{\"@type\":\"ImageObject\",\"inLanguage\":\"en-US\",\"@id\":\"https:\\\/\\\/kosovatimes.info\\\/index.php\\\/2026\\\/05\\\/01\\\/hykolli-me-rastin-e-1-majit-punetori-kerkon-drejtesi-jo-arsyetime\\\/#primaryimage\",\"url\":\"https:\\\/\\\/kosovatimes.info\\\/wp-content\\\/uploads\\\/2026\\\/05\\\/hykolli.jpg\",\"contentUrl\":\"https:\\\/\\\/kosovatimes.info\\\/wp-content\\\/uploads\\\/2026\\\/05\\\/hykolli.jpg\",\"width\":780,\"height\":500},{\"@type\":\"BreadcrumbList\",\"@id\":\"https:\\\/\\\/kosovatimes.info\\\/index.php\\\/2026\\\/05\\\/01\\\/hykolli-me-rastin-e-1-majit-punetori-kerkon-drejtesi-jo-arsyetime\\\/#breadcrumb\",\"itemListElement\":[{\"@type\":\"ListItem\",\"position\":1,\"name\":\"Home\",\"item\":\"https:\\\/\\\/kosovatimes.info\\\/\"},{\"@type\":\"ListItem\",\"position\":2,\"name\":\"Hykolli me rastin e 1 Majit: Pun\u00ebtori k\u00ebrkon drejt\u00ebsi, jo arsyetime\"}]},{\"@type\":\"WebSite\",\"@id\":\"https:\\\/\\\/kosovatimes.info\\\/#website\",\"url\":\"https:\\\/\\\/kosovatimes.info\\\/\",\"name\":\"Kosova Times\",\"description\":\"\",\"potentialAction\":[{\"@type\":\"SearchAction\",\"target\":{\"@type\":\"EntryPoint\",\"urlTemplate\":\"https:\\\/\\\/kosovatimes.info\\\/?s={search_term_string}\"},\"query-input\":{\"@type\":\"PropertyValueSpecification\",\"valueRequired\":true,\"valueName\":\"search_term_string\"}}],\"inLanguage\":\"en-US\"},{\"@type\":\"Person\",\"@id\":\"https:\\\/\\\/kosovatimes.info\\\/#\\\/schema\\\/person\\\/7586712b9c512fe68085de007378c915\",\"name\":\"i l\",\"image\":{\"@type\":\"ImageObject\",\"inLanguage\":\"en-US\",\"@id\":\"https:\\\/\\\/secure.gravatar.com\\\/avatar\\\/bad9296e02816160ae2e2435beda58222022298d5625d49fea74d18816fbb31d?s=96&d=mm&r=g\",\"url\":\"https:\\\/\\\/secure.gravatar.com\\\/avatar\\\/bad9296e02816160ae2e2435beda58222022298d5625d49fea74d18816fbb31d?s=96&d=mm&r=g\",\"contentUrl\":\"https:\\\/\\\/secure.gravatar.com\\\/avatar\\\/bad9296e02816160ae2e2435beda58222022298d5625d49fea74d18816fbb31d?s=96&d=mm&r=g\",\"caption\":\"i l\"},\"url\":\"https:\\\/\\\/kosovatimes.info\\\/index.php\\\/author\\\/iliri\\\/\"}]}<\/script>\n<!-- \/ Yoast SEO plugin. -->","yoast_head_json":{"title":"Hykolli me rastin e 1 Majit: Pun\u00ebtori k\u00ebrkon drejt\u00ebsi, jo arsyetime - Kosova Times","robots":{"index":"index","follow":"follow","max-snippet":"max-snippet:-1","max-image-preview":"max-image-preview:large","max-video-preview":"max-video-preview:-1"},"canonical":"https:\/\/kosovatimes.info\/index.php\/2026\/05\/01\/hykolli-me-rastin-e-1-majit-punetori-kerkon-drejtesi-jo-arsyetime\/","og_locale":"en_US","og_type":"article","og_title":"Hykolli me rastin e 1 Majit: Pun\u00ebtori k\u00ebrkon drejt\u00ebsi, jo arsyetime - Kosova Times","og_description":"Me rastin e Dit\u00ebs Bot\u00ebrore t\u00eb Pun\u00ebtorit, kryetari i Bashkimit t\u00eb Sindikatave t\u00eb Pavarura t\u00eb Kosov\u00ebs (BSPK), Atdhe Hykolli, ka theksuar se 1 Maji nuk \u00ebsht\u00eb vet\u00ebm nj\u00eb dat\u00eb simbolike, por nj\u00eb thirrje p\u00ebr drejt\u00ebsi dhe veprim konkret. Ai ka deklaruar se z\u00ebri i pun\u00ebtorit nuk mund t\u00eb zbutet me fjal\u00eb, sepse pun\u00ebtori sot k\u00ebrkon [&hellip;]","og_url":"https:\/\/kosovatimes.info\/index.php\/2026\/05\/01\/hykolli-me-rastin-e-1-majit-punetori-kerkon-drejtesi-jo-arsyetime\/","og_site_name":"Kosova Times","article_published_time":"2026-05-01T05:59:00+00:00","article_modified_time":"2026-05-01T06:41:37+00:00","og_image":[{"width":780,"height":500,"url":"https:\/\/kosovatimes.info\/wp-content\/uploads\/2026\/05\/hykolli.jpg","type":"image\/jpeg"}],"author":"i l","twitter_card":"summary_large_image","twitter_misc":{"Written by":"i l","Est. reading time":"2 minutes"},"schema":{"@context":"https:\/\/schema.org","@graph":[{"@type":"Article","@id":"https:\/\/kosovatimes.info\/index.php\/2026\/05\/01\/hykolli-me-rastin-e-1-majit-punetori-kerkon-drejtesi-jo-arsyetime\/#article","isPartOf":{"@id":"https:\/\/kosovatimes.info\/index.php\/2026\/05\/01\/hykolli-me-rastin-e-1-majit-punetori-kerkon-drejtesi-jo-arsyetime\/"},"author":{"name":"i l","@id":"https:\/\/kosovatimes.info\/#\/schema\/person\/7586712b9c512fe68085de007378c915"},"headline":"Hykolli me rastin e 1 Majit: Pun\u00ebtori k\u00ebrkon drejt\u00ebsi, jo arsyetime","datePublished":"2026-05-01T05:59:00+00:00","dateModified":"2026-05-01T06:41:37+00:00","mainEntityOfPage":{"@id":"https:\/\/kosovatimes.info\/index.php\/2026\/05\/01\/hykolli-me-rastin-e-1-majit-punetori-kerkon-drejtesi-jo-arsyetime\/"},"wordCount":383,"commentCount":0,"image":{"@id":"https:\/\/kosovatimes.info\/index.php\/2026\/05\/01\/hykolli-me-rastin-e-1-majit-punetori-kerkon-drejtesi-jo-arsyetime\/#primaryimage"},"thumbnailUrl":"https:\/\/kosovatimes.info\/wp-content\/uploads\/2026\/05\/hykolli.jpg","articleSection":["Kosov\u00eb","Lajme"],"inLanguage":"en-US","potentialAction":[{"@type":"CommentAction","name":"Comment","target":["https:\/\/kosovatimes.info\/index.php\/2026\/05\/01\/hykolli-me-rastin-e-1-majit-punetori-kerkon-drejtesi-jo-arsyetime\/#respond"]}]},{"@type":"WebPage","@id":"https:\/\/kosovatimes.info\/index.php\/2026\/05\/01\/hykolli-me-rastin-e-1-majit-punetori-kerkon-drejtesi-jo-arsyetime\/","url":"https:\/\/kosovatimes.info\/index.php\/2026\/05\/01\/hykolli-me-rastin-e-1-majit-punetori-kerkon-drejtesi-jo-arsyetime\/","name":"Hykolli me rastin e 1 Majit: Pun\u00ebtori k\u00ebrkon drejt\u00ebsi, jo arsyetime - Kosova Times","isPartOf":{"@id":"https:\/\/kosovatimes.info\/#website"},"primaryImageOfPage":{"@id":"https:\/\/kosovatimes.info\/index.php\/2026\/05\/01\/hykolli-me-rastin-e-1-majit-punetori-kerkon-drejtesi-jo-arsyetime\/#primaryimage"},"image":{"@id":"https:\/\/kosovatimes.info\/index.php\/2026\/05\/01\/hykolli-me-rastin-e-1-majit-punetori-kerkon-drejtesi-jo-arsyetime\/#primaryimage"},"thumbnailUrl":"https:\/\/kosovatimes.info\/wp-content\/uploads\/2026\/05\/hykolli.jpg","datePublished":"2026-05-01T05:59:00+00:00","dateModified":"2026-05-01T06:41:37+00:00","author":{"@id":"https:\/\/kosovatimes.info\/#\/schema\/person\/7586712b9c512fe68085de007378c915"},"breadcrumb":{"@id":"https:\/\/kosovatimes.info\/index.php\/2026\/05\/01\/hykolli-me-rastin-e-1-majit-punetori-kerkon-drejtesi-jo-arsyetime\/#breadcrumb"},"inLanguage":"en-US","potentialAction":[{"@type":"ReadAction","target":["https:\/\/kosovatimes.info\/index.php\/2026\/05\/01\/hykolli-me-rastin-e-1-majit-punetori-kerkon-drejtesi-jo-arsyetime\/"]}]},{"@type":"ImageObject","inLanguage":"en-US","@id":"https:\/\/kosovatimes.info\/index.php\/2026\/05\/01\/hykolli-me-rastin-e-1-majit-punetori-kerkon-drejtesi-jo-arsyetime\/#primaryimage","url":"https:\/\/kosovatimes.info\/wp-content\/uploads\/2026\/05\/hykolli.jpg","contentUrl":"https:\/\/kosovatimes.info\/wp-content\/uploads\/2026\/05\/hykolli.jpg","width":780,"height":500},{"@type":"BreadcrumbList","@id":"https:\/\/kosovatimes.info\/index.php\/2026\/05\/01\/hykolli-me-rastin-e-1-majit-punetori-kerkon-drejtesi-jo-arsyetime\/#breadcrumb","itemListElement":[{"@type":"ListItem","position":1,"name":"Home","item":"https:\/\/kosovatimes.info\/"},{"@type":"ListItem","position":2,"name":"Hykolli me rastin e 1 Majit: Pun\u00ebtori k\u00ebrkon drejt\u00ebsi, jo arsyetime"}]},{"@type":"WebSite","@id":"https:\/\/kosovatimes.info\/#website","url":"https:\/\/kosovatimes.info\/","name":"Kosova Times","description":"","potentialAction":[{"@type":"SearchAction","target":{"@type":"EntryPoint","urlTemplate":"https:\/\/kosovatimes.info\/?s={search_term_string}"},"query-input":{"@type":"PropertyValueSpecification","valueRequired":true,"valueName":"search_term_string"}}],"inLanguage":"en-US"},{"@type":"Person","@id":"https:\/\/kosovatimes.info\/#\/schema\/person\/7586712b9c512fe68085de007378c915","name":"i l","image":{"@type":"ImageObject","inLanguage":"en-US","@id":"https:\/\/secure.gravatar.com\/avatar\/bad9296e02816160ae2e2435beda58222022298d5625d49fea74d18816fbb31d?s=96&d=mm&r=g","url":"https:\/\/secure.gravatar.com\/avatar\/bad9296e02816160ae2e2435beda58222022298d5625d49fea74d18816fbb31d?s=96&d=mm&r=g","contentUrl":"https:\/\/secure.gravatar.com\/avatar\/bad9296e02816160ae2e2435beda58222022298d5625d49fea74d18816fbb31d?s=96&d=mm&r=g","caption":"i l"},"url":"https:\/\/kosovatimes.info\/index.php\/author\/iliri\/"}]}},"_links":{"self":[{"href":"https:\/\/kosovatimes.info\/index.php\/wp-json\/wp\/v2\/posts\/12855","targetHints":{"allow":["GET"]}}],"collection":[{"href":"https:\/\/kosovatimes.info\/index.php\/wp-json\/wp\/v2\/posts"}],"about":[{"href":"https:\/\/kosovatimes.info\/index.php\/wp-json\/wp\/v2\/types\/post"}],"author":[{"embeddable":true,"href":"https:\/\/kosovatimes.info\/index.php\/wp-json\/wp\/v2\/users\/4"}],"replies":[{"embeddable":true,"href":"https:\/\/kosovatimes.info\/index.php\/wp-json\/wp\/v2\/comments?post=12855"}],"version-history":[{"count":1,"href":"https:\/\/kosovatimes.info\/index.php\/wp-json\/wp\/v2\/posts\/12855\/revisions"}],"predecessor-version":[{"id":12857,"href":"https:\/\/kosovatimes.info\/index.php\/wp-json\/wp\/v2\/posts\/12855\/revisions\/12857"}],"wp:featuredmedia":[{"embeddable":true,"href":"https:\/\/kosovatimes.info\/index.php\/wp-json\/wp\/v2\/media\/12856"}],"wp:attachment":[{"href":"https:\/\/kosovatimes.info\/index.php\/wp-json\/wp\/v2\/media?parent=12855"}],"wp:term":[{"taxonomy":"category","embeddable":true,"href":"https:\/\/kosovatimes.info\/index.php\/wp-json\/wp\/v2\/categories?post=12855"},{"taxonomy":"post_tag","embeddable":true,"href":"https:\/\/kosovatimes.info\/index.php\/wp-json\/wp\/v2\/tags?post=12855"}],"curies":[{"name":"wp","href":"https:\/\/api.w.org\/{rel}","templated":true}]}}