{"id":12863,"date":"2026-05-01T07:30:00","date_gmt":"2026-05-01T05:30:00","guid":{"rendered":"https:\/\/kosovatimes.info\/?p=12863"},"modified":"2026-05-01T08:51:58","modified_gmt":"2026-05-01T06:51:58","slug":"moti-ne-shqiperi-i-kthjellet-me-vranesira-te-dendura-ne-zonat-malore","status":"publish","type":"post","link":"https:\/\/kosovatimes.info\/index.php\/2026\/05\/01\/moti-ne-shqiperi-i-kthjellet-me-vranesira-te-dendura-ne-zonat-malore\/","title":{"rendered":"Moti n\u00eb Shqip\u00ebri  i kthjell\u00ebt me vran\u00ebsira t\u00eb dendura n\u00eb zonat malore"},"content":{"rendered":"\n<p>Sh\u00ebrbimi Meteorologjik Ushtarak b\u00ebri t\u00eb ditur se dit\u00ebn e premte vendi yn\u00eb do t\u00eb ndikohet nga kushte atmosferike t\u00eb paq\u00ebndrueshme.<\/p>\n\n\n\n<p>Moti parashikohet i kthjell\u00ebt n\u00eb nj\u00eb pjes\u00eb t\u00eb madhe t\u00eb territorit por nuk do t\u00eb mungojn\u00eb edhe alternimet e vran\u00ebsirave t\u00eb pakta deri mesatare por kalimtare. N\u00eb relievet malore n\u00eb lindje dhe jug, kryesisht n\u00eb mesdit\u00eb deri pasdite vran\u00ebsirat hera-her\u00ebs deri t\u00eb dendura.<\/p>\n\n\n\n<p>Reshjet e shiut priten me intensitet t\u00eb ul\u00ebt dhe lokalisht shtr\u00ebngata t\u00eb izoluara afatshkurtra n\u00eb male n\u00eb jug-jugper\u00ebndim t\u00eb vendit kryesisht n\u00eb or\u00ebt e mesdit\u00ebs deri ato t\u00eb pasdites.<\/p>\n\n\n\n<p>Era do t\u00eb fryj\u00eb me drejtim verilindje \u2013 veri me shpejt\u00ebsi mesatare 9 m\/s, n\u00eb lugina dhe bregdet, era hera-her\u00ebs pritet t\u00eb arrij\u00eb deri 19 m\/s, Val\u00ebzim n\u00eb det i forc\u00ebs 3-4 ball\u00eb.\/ATSH<\/p>\n\n\n\n<p>Temperaturat parashikohen:<\/p>\n\n\n\n<figure class=\"wp-block-table\"><table class=\"has-fixed-layout\"><tbody><tr><td>QYTETET<\/td><td>Temperaturat<\/td><td>Siglat<\/td><\/tr><tr><td>Shkod\u00ebr<\/td><td>7\/16<\/td><td>Diell re<\/td><\/tr><tr><td>Kuk\u00ebs<\/td><td>3\/13<\/td><td>Diell re<\/td><\/tr><tr><td>Lezh\u00eb<\/td><td>6\/16<\/td><td>Diell re<\/td><\/tr><tr><td>Dib\u00ebr<\/td><td>1\/11<\/td><td>Diell re<\/td><\/tr><tr><td>Durr\u00ebs<\/td><td>8\/21<\/td><td>Diell re<\/td><\/tr><tr><td>Tiran\u00eb<\/td><td>10\/21<\/td><td>Diell re<\/td><\/tr><tr><td>Elbasan<\/td><td>7\/20<\/td><td>Diell re<\/td><\/tr><tr><td>Berat<\/td><td>6\/20<\/td><td>Diell re<\/td><\/tr><tr><td>Vlor\u00eb<\/td><td>11\/21<\/td><td>Diell re<\/td><\/tr><tr><td>Kor\u00e7\u00eb<\/td><td>4\/8<\/td><td>Diell re<\/td><\/tr><tr><td>Gjirokast\u00ebr<\/td><td>5\/16<\/td><td>Diell re shi<\/td><\/tr><tr><td>Sarand\u00eb<\/td><td>10\/16<\/td><td>Diell re shi<\/td><\/tr><\/tbody><\/table><\/figure>\n","protected":false},"excerpt":{"rendered":"<p>Sh\u00ebrbimi Meteorologjik Ushtarak b\u00ebri t\u00eb ditur se dit\u00ebn e premte vendi yn\u00eb do t\u00eb ndikohet nga kushte atmosferike t\u00eb paq\u00ebndrueshme. Moti parashikohet i kthjell\u00ebt n\u00eb nj\u00eb pjes\u00eb t\u00eb madhe t\u00eb territorit por nuk do t\u00eb mungojn\u00eb edhe alternimet e vran\u00ebsirave t\u00eb pakta deri mesatare por kalimtare. N\u00eb relievet malore n\u00eb lindje dhe jug, kryesisht n\u00eb [&hellip;]<\/p>\n","protected":false},"author":4,"featured_media":12864,"comment_status":"open","ping_status":"open","sticky":false,"template":"","format":"standard","meta":{"footnotes":""},"categories":[30,32],"tags":[],"class_list":{"0":"post-12863","1":"post","2":"type-post","3":"status-publish","4":"format-standard","5":"has-post-thumbnail","7":"category-lajme","8":"category-rajon"},"yoast_head":"<!-- This site is optimized with the Yoast SEO plugin v27.4 - https:\/\/yoast.com\/product\/yoast-seo-wordpress\/ -->\n<title>Moti n\u00eb Shqip\u00ebri i kthjell\u00ebt me vran\u00ebsira t\u00eb dendura n\u00eb zonat malore - Kosova Times<\/title>\n<meta name=\"robots\" content=\"index, follow, max-snippet:-1, max-image-preview:large, max-video-preview:-1\" \/>\n<link rel=\"canonical\" href=\"https:\/\/kosovatimes.info\/index.php\/2026\/05\/01\/moti-ne-shqiperi-i-kthjellet-me-vranesira-te-dendura-ne-zonat-malore\/\" \/>\n<meta property=\"og:locale\" content=\"en_US\" \/>\n<meta property=\"og:type\" content=\"article\" \/>\n<meta property=\"og:title\" content=\"Moti n\u00eb Shqip\u00ebri i kthjell\u00ebt me vran\u00ebsira t\u00eb dendura n\u00eb zonat malore - Kosova Times\" \/>\n<meta property=\"og:description\" content=\"Sh\u00ebrbimi Meteorologjik Ushtarak b\u00ebri t\u00eb ditur se dit\u00ebn e premte vendi yn\u00eb do t\u00eb ndikohet nga kushte atmosferike t\u00eb paq\u00ebndrueshme. Moti parashikohet i kthjell\u00ebt n\u00eb nj\u00eb pjes\u00eb t\u00eb madhe t\u00eb territorit por nuk do t\u00eb mungojn\u00eb edhe alternimet e vran\u00ebsirave t\u00eb pakta deri mesatare por kalimtare. N\u00eb relievet malore n\u00eb lindje dhe jug, kryesisht n\u00eb [&hellip;]\" \/>\n<meta property=\"og:url\" content=\"https:\/\/kosovatimes.info\/index.php\/2026\/05\/01\/moti-ne-shqiperi-i-kthjellet-me-vranesira-te-dendura-ne-zonat-malore\/\" \/>\n<meta property=\"og:site_name\" content=\"Kosova Times\" \/>\n<meta property=\"article:published_time\" content=\"2026-05-01T05:30:00+00:00\" \/>\n<meta property=\"article:modified_time\" content=\"2026-05-01T06:51:58+00:00\" \/>\n<meta property=\"og:image\" content=\"https:\/\/kosovatimes.info\/wp-content\/uploads\/2026\/05\/Moti.jpg\" \/>\n\t<meta property=\"og:image:width\" content=\"696\" \/>\n\t<meta property=\"og:image:height\" content=\"522\" \/>\n\t<meta property=\"og:image:type\" content=\"image\/jpeg\" \/>\n<meta name=\"author\" content=\"i l\" \/>\n<meta name=\"twitter:card\" content=\"summary_large_image\" \/>\n<meta name=\"twitter:label1\" content=\"Written by\" \/>\n\t<meta name=\"twitter:data1\" content=\"i l\" \/>\n\t<meta name=\"twitter:label2\" content=\"Est. reading time\" \/>\n\t<meta name=\"twitter:data2\" content=\"1 minute\" \/>\n<script type=\"application\/ld+json\" class=\"yoast-schema-graph\">{\"@context\":\"https:\\\/\\\/schema.org\",\"@graph\":[{\"@type\":\"Article\",\"@id\":\"https:\\\/\\\/kosovatimes.info\\\/index.php\\\/2026\\\/05\\\/01\\\/moti-ne-shqiperi-i-kthjellet-me-vranesira-te-dendura-ne-zonat-malore\\\/#article\",\"isPartOf\":{\"@id\":\"https:\\\/\\\/kosovatimes.info\\\/index.php\\\/2026\\\/05\\\/01\\\/moti-ne-shqiperi-i-kthjellet-me-vranesira-te-dendura-ne-zonat-malore\\\/\"},\"author\":{\"name\":\"i l\",\"@id\":\"https:\\\/\\\/kosovatimes.info\\\/#\\\/schema\\\/person\\\/7586712b9c512fe68085de007378c915\"},\"headline\":\"Moti n\u00eb Shqip\u00ebri i kthjell\u00ebt me vran\u00ebsira t\u00eb dendura n\u00eb zonat malore\",\"datePublished\":\"2026-05-01T05:30:00+00:00\",\"dateModified\":\"2026-05-01T06:51:58+00:00\",\"mainEntityOfPage\":{\"@id\":\"https:\\\/\\\/kosovatimes.info\\\/index.php\\\/2026\\\/05\\\/01\\\/moti-ne-shqiperi-i-kthjellet-me-vranesira-te-dendura-ne-zonat-malore\\\/\"},\"wordCount\":205,\"commentCount\":0,\"image\":{\"@id\":\"https:\\\/\\\/kosovatimes.info\\\/index.php\\\/2026\\\/05\\\/01\\\/moti-ne-shqiperi-i-kthjellet-me-vranesira-te-dendura-ne-zonat-malore\\\/#primaryimage\"},\"thumbnailUrl\":\"https:\\\/\\\/kosovatimes.info\\\/wp-content\\\/uploads\\\/2026\\\/05\\\/Moti.jpg\",\"articleSection\":[\"Lajme\",\"Rajon\"],\"inLanguage\":\"en-US\",\"potentialAction\":[{\"@type\":\"CommentAction\",\"name\":\"Comment\",\"target\":[\"https:\\\/\\\/kosovatimes.info\\\/index.php\\\/2026\\\/05\\\/01\\\/moti-ne-shqiperi-i-kthjellet-me-vranesira-te-dendura-ne-zonat-malore\\\/#respond\"]}]},{\"@type\":\"WebPage\",\"@id\":\"https:\\\/\\\/kosovatimes.info\\\/index.php\\\/2026\\\/05\\\/01\\\/moti-ne-shqiperi-i-kthjellet-me-vranesira-te-dendura-ne-zonat-malore\\\/\",\"url\":\"https:\\\/\\\/kosovatimes.info\\\/index.php\\\/2026\\\/05\\\/01\\\/moti-ne-shqiperi-i-kthjellet-me-vranesira-te-dendura-ne-zonat-malore\\\/\",\"name\":\"Moti n\u00eb Shqip\u00ebri i kthjell\u00ebt me vran\u00ebsira t\u00eb dendura n\u00eb zonat malore - Kosova Times\",\"isPartOf\":{\"@id\":\"https:\\\/\\\/kosovatimes.info\\\/#website\"},\"primaryImageOfPage\":{\"@id\":\"https:\\\/\\\/kosovatimes.info\\\/index.php\\\/2026\\\/05\\\/01\\\/moti-ne-shqiperi-i-kthjellet-me-vranesira-te-dendura-ne-zonat-malore\\\/#primaryimage\"},\"image\":{\"@id\":\"https:\\\/\\\/kosovatimes.info\\\/index.php\\\/2026\\\/05\\\/01\\\/moti-ne-shqiperi-i-kthjellet-me-vranesira-te-dendura-ne-zonat-malore\\\/#primaryimage\"},\"thumbnailUrl\":\"https:\\\/\\\/kosovatimes.info\\\/wp-content\\\/uploads\\\/2026\\\/05\\\/Moti.jpg\",\"datePublished\":\"2026-05-01T05:30:00+00:00\",\"dateModified\":\"2026-05-01T06:51:58+00:00\",\"author\":{\"@id\":\"https:\\\/\\\/kosovatimes.info\\\/#\\\/schema\\\/person\\\/7586712b9c512fe68085de007378c915\"},\"breadcrumb\":{\"@id\":\"https:\\\/\\\/kosovatimes.info\\\/index.php\\\/2026\\\/05\\\/01\\\/moti-ne-shqiperi-i-kthjellet-me-vranesira-te-dendura-ne-zonat-malore\\\/#breadcrumb\"},\"inLanguage\":\"en-US\",\"potentialAction\":[{\"@type\":\"ReadAction\",\"target\":[\"https:\\\/\\\/kosovatimes.info\\\/index.php\\\/2026\\\/05\\\/01\\\/moti-ne-shqiperi-i-kthjellet-me-vranesira-te-dendura-ne-zonat-malore\\\/\"]}]},{\"@type\":\"ImageObject\",\"inLanguage\":\"en-US\",\"@id\":\"https:\\\/\\\/kosovatimes.info\\\/index.php\\\/2026\\\/05\\\/01\\\/moti-ne-shqiperi-i-kthjellet-me-vranesira-te-dendura-ne-zonat-malore\\\/#primaryimage\",\"url\":\"https:\\\/\\\/kosovatimes.info\\\/wp-content\\\/uploads\\\/2026\\\/05\\\/Moti.jpg\",\"contentUrl\":\"https:\\\/\\\/kosovatimes.info\\\/wp-content\\\/uploads\\\/2026\\\/05\\\/Moti.jpg\",\"width\":696,\"height\":522},{\"@type\":\"BreadcrumbList\",\"@id\":\"https:\\\/\\\/kosovatimes.info\\\/index.php\\\/2026\\\/05\\\/01\\\/moti-ne-shqiperi-i-kthjellet-me-vranesira-te-dendura-ne-zonat-malore\\\/#breadcrumb\",\"itemListElement\":[{\"@type\":\"ListItem\",\"position\":1,\"name\":\"Home\",\"item\":\"https:\\\/\\\/kosovatimes.info\\\/\"},{\"@type\":\"ListItem\",\"position\":2,\"name\":\"Moti n\u00eb Shqip\u00ebri i kthjell\u00ebt me vran\u00ebsira t\u00eb dendura n\u00eb zonat malore\"}]},{\"@type\":\"WebSite\",\"@id\":\"https:\\\/\\\/kosovatimes.info\\\/#website\",\"url\":\"https:\\\/\\\/kosovatimes.info\\\/\",\"name\":\"Kosova Times\",\"description\":\"\",\"potentialAction\":[{\"@type\":\"SearchAction\",\"target\":{\"@type\":\"EntryPoint\",\"urlTemplate\":\"https:\\\/\\\/kosovatimes.info\\\/?s={search_term_string}\"},\"query-input\":{\"@type\":\"PropertyValueSpecification\",\"valueRequired\":true,\"valueName\":\"search_term_string\"}}],\"inLanguage\":\"en-US\"},{\"@type\":\"Person\",\"@id\":\"https:\\\/\\\/kosovatimes.info\\\/#\\\/schema\\\/person\\\/7586712b9c512fe68085de007378c915\",\"name\":\"i l\",\"image\":{\"@type\":\"ImageObject\",\"inLanguage\":\"en-US\",\"@id\":\"https:\\\/\\\/secure.gravatar.com\\\/avatar\\\/bad9296e02816160ae2e2435beda58222022298d5625d49fea74d18816fbb31d?s=96&d=mm&r=g\",\"url\":\"https:\\\/\\\/secure.gravatar.com\\\/avatar\\\/bad9296e02816160ae2e2435beda58222022298d5625d49fea74d18816fbb31d?s=96&d=mm&r=g\",\"contentUrl\":\"https:\\\/\\\/secure.gravatar.com\\\/avatar\\\/bad9296e02816160ae2e2435beda58222022298d5625d49fea74d18816fbb31d?s=96&d=mm&r=g\",\"caption\":\"i l\"},\"url\":\"https:\\\/\\\/kosovatimes.info\\\/index.php\\\/author\\\/iliri\\\/\"}]}<\/script>\n<!-- \/ Yoast SEO plugin. -->","yoast_head_json":{"title":"Moti n\u00eb Shqip\u00ebri i kthjell\u00ebt me vran\u00ebsira t\u00eb dendura n\u00eb zonat malore - Kosova Times","robots":{"index":"index","follow":"follow","max-snippet":"max-snippet:-1","max-image-preview":"max-image-preview:large","max-video-preview":"max-video-preview:-1"},"canonical":"https:\/\/kosovatimes.info\/index.php\/2026\/05\/01\/moti-ne-shqiperi-i-kthjellet-me-vranesira-te-dendura-ne-zonat-malore\/","og_locale":"en_US","og_type":"article","og_title":"Moti n\u00eb Shqip\u00ebri i kthjell\u00ebt me vran\u00ebsira t\u00eb dendura n\u00eb zonat malore - Kosova Times","og_description":"Sh\u00ebrbimi Meteorologjik Ushtarak b\u00ebri t\u00eb ditur se dit\u00ebn e premte vendi yn\u00eb do t\u00eb ndikohet nga kushte atmosferike t\u00eb paq\u00ebndrueshme. Moti parashikohet i kthjell\u00ebt n\u00eb nj\u00eb pjes\u00eb t\u00eb madhe t\u00eb territorit por nuk do t\u00eb mungojn\u00eb edhe alternimet e vran\u00ebsirave t\u00eb pakta deri mesatare por kalimtare. N\u00eb relievet malore n\u00eb lindje dhe jug, kryesisht n\u00eb [&hellip;]","og_url":"https:\/\/kosovatimes.info\/index.php\/2026\/05\/01\/moti-ne-shqiperi-i-kthjellet-me-vranesira-te-dendura-ne-zonat-malore\/","og_site_name":"Kosova Times","article_published_time":"2026-05-01T05:30:00+00:00","article_modified_time":"2026-05-01T06:51:58+00:00","og_image":[{"width":696,"height":522,"url":"https:\/\/kosovatimes.info\/wp-content\/uploads\/2026\/05\/Moti.jpg","type":"image\/jpeg"}],"author":"i l","twitter_card":"summary_large_image","twitter_misc":{"Written by":"i l","Est. reading time":"1 minute"},"schema":{"@context":"https:\/\/schema.org","@graph":[{"@type":"Article","@id":"https:\/\/kosovatimes.info\/index.php\/2026\/05\/01\/moti-ne-shqiperi-i-kthjellet-me-vranesira-te-dendura-ne-zonat-malore\/#article","isPartOf":{"@id":"https:\/\/kosovatimes.info\/index.php\/2026\/05\/01\/moti-ne-shqiperi-i-kthjellet-me-vranesira-te-dendura-ne-zonat-malore\/"},"author":{"name":"i l","@id":"https:\/\/kosovatimes.info\/#\/schema\/person\/7586712b9c512fe68085de007378c915"},"headline":"Moti n\u00eb Shqip\u00ebri i kthjell\u00ebt me vran\u00ebsira t\u00eb dendura n\u00eb zonat malore","datePublished":"2026-05-01T05:30:00+00:00","dateModified":"2026-05-01T06:51:58+00:00","mainEntityOfPage":{"@id":"https:\/\/kosovatimes.info\/index.php\/2026\/05\/01\/moti-ne-shqiperi-i-kthjellet-me-vranesira-te-dendura-ne-zonat-malore\/"},"wordCount":205,"commentCount":0,"image":{"@id":"https:\/\/kosovatimes.info\/index.php\/2026\/05\/01\/moti-ne-shqiperi-i-kthjellet-me-vranesira-te-dendura-ne-zonat-malore\/#primaryimage"},"thumbnailUrl":"https:\/\/kosovatimes.info\/wp-content\/uploads\/2026\/05\/Moti.jpg","articleSection":["Lajme","Rajon"],"inLanguage":"en-US","potentialAction":[{"@type":"CommentAction","name":"Comment","target":["https:\/\/kosovatimes.info\/index.php\/2026\/05\/01\/moti-ne-shqiperi-i-kthjellet-me-vranesira-te-dendura-ne-zonat-malore\/#respond"]}]},{"@type":"WebPage","@id":"https:\/\/kosovatimes.info\/index.php\/2026\/05\/01\/moti-ne-shqiperi-i-kthjellet-me-vranesira-te-dendura-ne-zonat-malore\/","url":"https:\/\/kosovatimes.info\/index.php\/2026\/05\/01\/moti-ne-shqiperi-i-kthjellet-me-vranesira-te-dendura-ne-zonat-malore\/","name":"Moti n\u00eb Shqip\u00ebri i kthjell\u00ebt me vran\u00ebsira t\u00eb dendura n\u00eb zonat malore - Kosova Times","isPartOf":{"@id":"https:\/\/kosovatimes.info\/#website"},"primaryImageOfPage":{"@id":"https:\/\/kosovatimes.info\/index.php\/2026\/05\/01\/moti-ne-shqiperi-i-kthjellet-me-vranesira-te-dendura-ne-zonat-malore\/#primaryimage"},"image":{"@id":"https:\/\/kosovatimes.info\/index.php\/2026\/05\/01\/moti-ne-shqiperi-i-kthjellet-me-vranesira-te-dendura-ne-zonat-malore\/#primaryimage"},"thumbnailUrl":"https:\/\/kosovatimes.info\/wp-content\/uploads\/2026\/05\/Moti.jpg","datePublished":"2026-05-01T05:30:00+00:00","dateModified":"2026-05-01T06:51:58+00:00","author":{"@id":"https:\/\/kosovatimes.info\/#\/schema\/person\/7586712b9c512fe68085de007378c915"},"breadcrumb":{"@id":"https:\/\/kosovatimes.info\/index.php\/2026\/05\/01\/moti-ne-shqiperi-i-kthjellet-me-vranesira-te-dendura-ne-zonat-malore\/#breadcrumb"},"inLanguage":"en-US","potentialAction":[{"@type":"ReadAction","target":["https:\/\/kosovatimes.info\/index.php\/2026\/05\/01\/moti-ne-shqiperi-i-kthjellet-me-vranesira-te-dendura-ne-zonat-malore\/"]}]},{"@type":"ImageObject","inLanguage":"en-US","@id":"https:\/\/kosovatimes.info\/index.php\/2026\/05\/01\/moti-ne-shqiperi-i-kthjellet-me-vranesira-te-dendura-ne-zonat-malore\/#primaryimage","url":"https:\/\/kosovatimes.info\/wp-content\/uploads\/2026\/05\/Moti.jpg","contentUrl":"https:\/\/kosovatimes.info\/wp-content\/uploads\/2026\/05\/Moti.jpg","width":696,"height":522},{"@type":"BreadcrumbList","@id":"https:\/\/kosovatimes.info\/index.php\/2026\/05\/01\/moti-ne-shqiperi-i-kthjellet-me-vranesira-te-dendura-ne-zonat-malore\/#breadcrumb","itemListElement":[{"@type":"ListItem","position":1,"name":"Home","item":"https:\/\/kosovatimes.info\/"},{"@type":"ListItem","position":2,"name":"Moti n\u00eb Shqip\u00ebri i kthjell\u00ebt me vran\u00ebsira t\u00eb dendura n\u00eb zonat malore"}]},{"@type":"WebSite","@id":"https:\/\/kosovatimes.info\/#website","url":"https:\/\/kosovatimes.info\/","name":"Kosova Times","description":"","potentialAction":[{"@type":"SearchAction","target":{"@type":"EntryPoint","urlTemplate":"https:\/\/kosovatimes.info\/?s={search_term_string}"},"query-input":{"@type":"PropertyValueSpecification","valueRequired":true,"valueName":"search_term_string"}}],"inLanguage":"en-US"},{"@type":"Person","@id":"https:\/\/kosovatimes.info\/#\/schema\/person\/7586712b9c512fe68085de007378c915","name":"i l","image":{"@type":"ImageObject","inLanguage":"en-US","@id":"https:\/\/secure.gravatar.com\/avatar\/bad9296e02816160ae2e2435beda58222022298d5625d49fea74d18816fbb31d?s=96&d=mm&r=g","url":"https:\/\/secure.gravatar.com\/avatar\/bad9296e02816160ae2e2435beda58222022298d5625d49fea74d18816fbb31d?s=96&d=mm&r=g","contentUrl":"https:\/\/secure.gravatar.com\/avatar\/bad9296e02816160ae2e2435beda58222022298d5625d49fea74d18816fbb31d?s=96&d=mm&r=g","caption":"i l"},"url":"https:\/\/kosovatimes.info\/index.php\/author\/iliri\/"}]}},"_links":{"self":[{"href":"https:\/\/kosovatimes.info\/index.php\/wp-json\/wp\/v2\/posts\/12863","targetHints":{"allow":["GET"]}}],"collection":[{"href":"https:\/\/kosovatimes.info\/index.php\/wp-json\/wp\/v2\/posts"}],"about":[{"href":"https:\/\/kosovatimes.info\/index.php\/wp-json\/wp\/v2\/types\/post"}],"author":[{"embeddable":true,"href":"https:\/\/kosovatimes.info\/index.php\/wp-json\/wp\/v2\/users\/4"}],"replies":[{"embeddable":true,"href":"https:\/\/kosovatimes.info\/index.php\/wp-json\/wp\/v2\/comments?post=12863"}],"version-history":[{"count":1,"href":"https:\/\/kosovatimes.info\/index.php\/wp-json\/wp\/v2\/posts\/12863\/revisions"}],"predecessor-version":[{"id":12865,"href":"https:\/\/kosovatimes.info\/index.php\/wp-json\/wp\/v2\/posts\/12863\/revisions\/12865"}],"wp:featuredmedia":[{"embeddable":true,"href":"https:\/\/kosovatimes.info\/index.php\/wp-json\/wp\/v2\/media\/12864"}],"wp:attachment":[{"href":"https:\/\/kosovatimes.info\/index.php\/wp-json\/wp\/v2\/media?parent=12863"}],"wp:term":[{"taxonomy":"category","embeddable":true,"href":"https:\/\/kosovatimes.info\/index.php\/wp-json\/wp\/v2\/categories?post=12863"},{"taxonomy":"post_tag","embeddable":true,"href":"https:\/\/kosovatimes.info\/index.php\/wp-json\/wp\/v2\/tags?post=12863"}],"curies":[{"name":"wp","href":"https:\/\/api.w.org\/{rel}","templated":true}]}}