{"id":12866,"date":"2026-05-01T08:55:31","date_gmt":"2026-05-01T06:55:31","guid":{"rendered":"https:\/\/kosovatimes.info\/?p=12866"},"modified":"2026-05-01T08:55:34","modified_gmt":"2026-05-01T06:55:34","slug":"dush-i-ftohte-nga-brukseli-magjari-uli-rampen-per-ukrainen-ai-perseriti-pothuajse-te-gjitha-kushtet-e-orbanit","status":"publish","type":"post","link":"https:\/\/kosovatimes.info\/index.php\/2026\/05\/01\/dush-i-ftohte-nga-brukseli-magjari-uli-rampen-per-ukrainen-ai-perseriti-pothuajse-te-gjitha-kushtet-e-orbanit\/","title":{"rendered":"Dush i ftoht\u00eb nga Brukseli, Magjari &#8220;uli ramp\u00ebn&#8221; p\u00ebr Ukrain\u00ebn: ai p\u00ebrs\u00ebriti pothuajse t\u00eb gjitha kushtet e Orbanit"},"content":{"rendered":"\n<p>Kryeministri i sapozgjedhur hungarez&nbsp;<strong>Peter Magyar<\/strong>&nbsp;d\u00ebshiron q\u00eb Ukraina t\u00eb zgjeroj\u00eb m\u00eb tej t\u00eb drejtat e pakic\u00ebs hungareze p\u00ebrpara se t\u00eb mb\u00ebshtes\u00eb hapjen zyrtare t\u00eb negociatave p\u00ebr an\u00ebtar\u00ebsimin e vendit n\u00eb Bashkimin Evropian, sipas burimeve t\u00eb njohura me situat\u00ebn.<\/p>\n\n\n\n<p>Kjo \u00e7\u00ebshtje u ngrit t\u00eb m\u00ebrkur\u00ebn n\u00eb Bruksel n\u00eb nj\u00eb takim midis hungarez\u00ebve dhe Presidentit t\u00eb K\u00ebshillit Evropian,\u00a0<strong>Antonio Costa<\/strong>\u00a0, shkruan\u00a0<a href=\"https:\/\/www.bloomberg.com\/news\/articles\/2026-04-30\/magyar-wants-help-for-ukraine-s-hungarians-before-backing-eu-bid?embedded-checkout=true\" target=\"_blank\" rel=\"noreferrer noopener\">Bloomberg<\/a>\u00a0. Konkretisht, BE po p\u00ebrpiqet t\u00eb bind\u00eb kryeministrin e ardhsh\u00ebm hungarez q\u00eb t\u00eb heq\u00eb dor\u00eb nga politika e qeveris\u00eb n\u00eb largim, e cila bllokoi fillimin formal t\u00eb negociatave me Ukrain\u00ebn. Bisedimet u zhvilluan me dyer t\u00eb mbyllura, k\u00ebshtu q\u00eb burimet fol\u00ebn n\u00eb kushte anonimiteti.<\/p>\n\n\n\n<figure class=\"wp-block-image\"><a class=\"se__anchor image-popup-vertical-fit open-gallery--photoswipe-embed photoswipe-event\" href=\"https:\/\/media.jutarnji.hr\/images\/slike\/2026\/04\/30\/38825111.jpg\"><img decoding=\"async\" src=\"https:\/\/media.jutarnji.hr\/images\/slike\/2026\/04\/30\/38825111.jpg?1777614546\" alt=\"imazh\"\/><\/a><\/figure>\n\n\n\n<p>Magjari paraqiti kushte q\u00eb p\u00ebrs\u00ebrisin kryesisht 11 k\u00ebrkesat q\u00eb ish-kryeministri&nbsp;<strong>Viktor Orban<\/strong>&nbsp;i paraqiti Kievit n\u00eb vitin 2024. K\u00ebto k\u00ebrkesa lidhen kryesisht me mbrojtjen e t\u00eb drejtave t\u00eb pakic\u00ebs hungareze n\u00eb Ukrain\u00eb, duke p\u00ebrfshir\u00eb aksesin m\u00eb t\u00eb gjer\u00eb n\u00eb arsim n\u00eb gjuh\u00ebn hungareze dhe forcimin e t\u00eb drejtave kulturore dhe administrative.<\/p>\n\n\n\n<p>Edhe pse ai e p\u00ebrshkroi takimin me Cost\u00ebn si &#8220;t\u00eb dobish\u00ebm dhe konstruktiv&#8221;, burimet than\u00eb se atmosfera ishte disi m\u00eb e rezervuar sesa m\u00eb her\u00ebt gjat\u00eb dit\u00ebs, kur hungarez\u00ebt u takuan me Presidenten e Komisionit Evropian\u00a0<strong>Ursula von der Leyen<\/strong>\u00a0. Gjat\u00eb bisedimeve me Cost\u00ebn u trajtuan edhe \u00e7\u00ebshtje t\u00eb tjera t\u00eb r\u00ebnd\u00ebsishme, t\u00eb tilla si buxheti evropian, konkurrueshm\u00ebria dhe takimi joformal i udh\u00ebheq\u00ebsve t\u00eb BE-s\u00eb i mbajtur jav\u00ebn e kaluar n\u00eb Qipro.Zhg\u00ebnjim p\u00ebr Kievin dhe Brukselin<\/p>\n\n\n\n<p>Partia Tisza e Hungaris\u00eb nuk komentoi menj\u00ebher\u00eb mbi akuzat, nd\u00ebrsa z\u00ebdh\u00ebn\u00ebsi i Costin refuzoi t\u00eb komentoj\u00eb.<\/p>\n\n\n\n<figure class=\"wp-block-image\"><a class=\"se__anchor image-popup-vertical-fit open-gallery--photoswipe-embed photoswipe-event\" href=\"https:\/\/media.jutarnji.hr\/images\/slike\/2026\/04\/30\/38824611.jpg\"><img decoding=\"async\" src=\"https:\/\/media.jutarnji.hr\/images\/slike\/2026\/04\/30\/38824611.jpg?1777614546\" alt=\"imazh\"\/><\/a><\/figure>\n\n\n\n<p>Q\u00ebndrimi m\u00eb i ashp\u00ebr i Hungaris\u00eb mund t\u00eb zhg\u00ebnjej\u00eb si Kievin ashtu edhe Brukselin. Shum\u00eb prisnin q\u00eb largimi i Orbanit t\u00eb hiqte nj\u00eb penges\u00eb ky\u00e7e dhe t\u00eb p\u00ebrshpejtonte rrug\u00ebn e Ukrain\u00ebs drejt an\u00ebtar\u00ebsimit n\u00eb BE, ve\u00e7an\u00ebrisht n\u00eb faz\u00ebn e hapjes zyrtare t\u00eb negociatave n\u00eb fushat ku Ukraina tashm\u00eb i ka p\u00ebrmbushur kriteret e nevojshme. Orbani e ka bllokuar k\u00ebt\u00eb proces p\u00ebr vite me radh\u00eb, duke argumentuar se t\u00eb drejtat e diaspor\u00ebs hungareze n\u00eb Ukrain\u00eb nuk mbrohen mjaftuesh\u00ebm. Autoritetet ukrainase, nga ana tjet\u00ebr, pretendojn\u00eb se k\u00ebto t\u00eb drejta jan\u00eb t\u00eb garantuara dhe se jan\u00eb t\u00eb gatshme t&#8217;i p\u00ebrmir\u00ebsojn\u00eb m\u00eb tej ato.Magjari njoftoi m\u00eb par\u00eb k\u00ebt\u00eb jav\u00eb se planifikon t\u00eb takohet me Presidentin ukrainas\u00a0<br><strong>Volodymyr Zelensky<\/strong>\u00a0n\u00eb qershor p\u00ebr t\u00eb diskutuar drejtp\u00ebrdrejt \u00e7\u00ebshtjen. Ai p\u00ebrmendi p\u00ebrmir\u00ebsimin e situat\u00ebs s\u00eb pakic\u00ebs hungareze n\u00eb rajonin Zakarpattia t\u00eb Ukrain\u00ebs per\u00ebndimore dhe &#8220;mb\u00ebshtetjen e aft\u00ebsis\u00eb s\u00eb tyre p\u00ebr t\u00eb q\u00ebndruar n\u00eb atdheun e tyre&#8221; si nj\u00eb q\u00ebllim kryesor.<\/p>\n\n\n\n<p>\u201c\u00cbsht\u00eb koha q\u00eb Ukraina t\u00eb heq\u00eb kufizimet q\u00eb kan\u00eb qen\u00eb n\u00eb fuqi p\u00ebr m\u00eb shum\u00eb se nj\u00eb dekad\u00eb\u201d, shkroi Magyar n\u00eb platform\u00ebn X. Ai shtoi se hungarez\u00ebt etnik\u00eb duhet \u201ct\u00eb rivendosin t\u00eb gjitha t\u00eb drejtat e tyre kulturore, gjuh\u00ebsore, administrative dhe t\u00eb arsimit t\u00eb lart\u00eb n\u00eb m\u00ebnyr\u00eb q\u00eb t\u00eb b\u00ebhen p\u00ebrs\u00ebri qytetar\u00eb t\u00eb barabart\u00eb dhe t\u00eb respektuar t\u00eb Ukrain\u00ebs\u201d.<\/p>\n\n\n\n<h3 class=\"wp-block-heading\">&#8216;K\u00ebta jan\u00eb qytetar\u00ebt tan\u00eb&#8217;<\/h3>\n\n\n\n<p>Nga ana tjet\u00ebr, Zelensky u p\u00ebrpoq t\u00eb qet\u00ebsonte tonin, duke th\u00ebn\u00eb se ishte gati t\u00eb takohej me hungarez\u00ebt, qoft\u00eb n\u00eb m\u00ebnyr\u00eb bilaterale ose n\u00eb ndonj\u00eb format tjet\u00ebr. &#8220;Po punojm\u00eb p\u00ebr t\u00eb gjitha \u00e7\u00ebshtjet q\u00eb kan\u00eb t\u00eb b\u00ebjn\u00eb me pakic\u00ebn ton\u00eb hungareze. Ata jan\u00eb qytetar\u00ebt tan\u00eb si t\u00eb gjith\u00eb t\u00eb tjer\u00ebt&#8221;, tha ai n\u00eb nj\u00eb intervist\u00eb telefonike. &#8220;Ndoshta jo gjith\u00e7ka \u00ebsht\u00eb zgjidhur, por, sinqerisht, nuk ka ndonj\u00eb problem t\u00eb v\u00ebrtet\u00eb k\u00ebtu.&#8221;<\/p>\n\n\n\n<figure class=\"wp-block-image\"><a class=\"se__anchor image-popup-vertical-fit open-gallery--photoswipe-embed photoswipe-event\" href=\"https:\/\/media.jutarnji.hr\/images\/slike\/2026\/04\/30\/38825115.jpg\"><img decoding=\"async\" src=\"https:\/\/media.jutarnji.hr\/images\/slike\/2026\/04\/30\/38825115.jpg?1777614546\" alt=\"imazh\"\/><\/a><\/figure>\n\n\n\n<p>Edhe pse hungarez\u00ebt jan\u00eb zotuar t\u00eb forcojn\u00eb sundimin e ligjit dhe ta sjellin Hungarin\u00eb p\u00ebrs\u00ebri m\u00eb pran\u00eb institucioneve evropiane, ai ndan pik\u00ebpamjen e Orbanit se Budapesti ka nj\u00eb p\u00ebrgjegj\u00ebsi t\u00eb ve\u00e7ant\u00eb ndaj hungarez\u00ebve etnik\u00eb n\u00eb vendet fqinje. Kjo qasje ka shkaktuar tashm\u00eb disa tensione, p\u00ebr shembull me Sllovakin\u00eb.Gjat\u00eb q\u00ebndrimit t\u00eb tij n\u00eb Bruksel, Magyar u p\u00ebrpoq gjithashtu t\u00eb ngrinte \u00e7\u00ebshtjen e zhbllokimit t\u00eb rreth 10 miliard\u00eb eurove n\u00eb fondet evropiane t\u00eb rim\u00ebk\u00ebmbjes, t\u00eb cilat jan\u00eb ngrir\u00eb n\u00eb Hungari p\u00ebr shkak t\u00eb shqet\u00ebsimeve t\u00eb hershme n\u00eb lidhje me sundimin e ligjit dhe korrupsionin gjat\u00eb 16 viteve t\u00eb Orbanit n\u00eb pushtet. Budapesti tani \u00ebsht\u00eb n\u00ebn presion pasi fondet nga programi pas pandemis\u00eb skadojn\u00eb n\u00eb fund t\u00eb gushtit n\u00ebse nuk p\u00ebrdoren.<\/p>\n\n\n\n<p>Nd\u00ebrkoh\u00eb, Costa dhe shumica e shteteve an\u00ebtare t\u00eb BE-s\u00eb duan t\u00eb p\u00ebrshpejtojn\u00eb procesin e zgjerimit dhe t\u00eb nisin hapa konkret\u00eb drejt an\u00ebtar\u00ebsimit t\u00eb Ukrain\u00ebs n\u00eb BE n\u00eb jav\u00ebt e ardhshme. N\u00eb nj\u00eb takim t\u00eb koh\u00ebve t\u00eb fundit n\u00eb Qipro, udh\u00ebheq\u00ebsit evropian\u00eb sinjalizuan se kushtet fillestare p\u00ebr hapjen e faz\u00ebs s\u00eb par\u00eb t\u00eb negociatave t\u00eb pranimit jan\u00eb p\u00ebrmbushur tashm\u00eb, por \u00e7\u00ebshtja e mb\u00ebshtetjes politike nga t\u00eb gjitha shtetet an\u00ebtare mbetet e hapur.<\/p>\n","protected":false},"excerpt":{"rendered":"<p>Kryeministri i sapozgjedhur hungarez&nbsp;Peter Magyar&nbsp;d\u00ebshiron q\u00eb Ukraina t\u00eb zgjeroj\u00eb m\u00eb tej t\u00eb drejtat e pakic\u00ebs hungareze p\u00ebrpara se t\u00eb mb\u00ebshtes\u00eb hapjen zyrtare t\u00eb negociatave p\u00ebr an\u00ebtar\u00ebsimin e vendit n\u00eb Bashkimin Evropian, sipas burimeve t\u00eb njohura me situat\u00ebn. Kjo \u00e7\u00ebshtje u ngrit t\u00eb m\u00ebrkur\u00ebn n\u00eb Bruksel n\u00eb nj\u00eb takim midis hungarez\u00ebve dhe Presidentit t\u00eb K\u00ebshillit Evropian,\u00a0Antonio [&hellip;]<\/p>\n","protected":false},"author":4,"featured_media":12867,"comment_status":"open","ping_status":"open","sticky":false,"template":"","format":"standard","meta":{"footnotes":""},"categories":[33,30],"tags":[],"class_list":{"0":"post-12866","1":"post","2":"type-post","3":"status-publish","4":"format-standard","5":"has-post-thumbnail","7":"category-bote","8":"category-lajme"},"yoast_head":"<!-- This site is optimized with the Yoast SEO plugin v27.4 - https:\/\/yoast.com\/product\/yoast-seo-wordpress\/ -->\n<title>Dush i ftoht\u00eb nga Brukseli, Magjari &quot;uli ramp\u00ebn&quot; p\u00ebr Ukrain\u00ebn: ai p\u00ebrs\u00ebriti pothuajse t\u00eb gjitha kushtet e Orbanit - Kosova Times<\/title>\n<meta name=\"robots\" content=\"index, follow, max-snippet:-1, max-image-preview:large, max-video-preview:-1\" \/>\n<link rel=\"canonical\" href=\"https:\/\/kosovatimes.info\/index.php\/2026\/05\/01\/dush-i-ftohte-nga-brukseli-magjari-uli-rampen-per-ukrainen-ai-perseriti-pothuajse-te-gjitha-kushtet-e-orbanit\/\" \/>\n<meta property=\"og:locale\" content=\"en_US\" \/>\n<meta property=\"og:type\" content=\"article\" \/>\n<meta property=\"og:title\" content=\"Dush i ftoht\u00eb nga Brukseli, Magjari &quot;uli ramp\u00ebn&quot; p\u00ebr Ukrain\u00ebn: ai p\u00ebrs\u00ebriti pothuajse t\u00eb gjitha kushtet e Orbanit - Kosova Times\" \/>\n<meta property=\"og:description\" content=\"Kryeministri i sapozgjedhur hungarez&nbsp;Peter Magyar&nbsp;d\u00ebshiron q\u00eb Ukraina t\u00eb zgjeroj\u00eb m\u00eb tej t\u00eb drejtat e pakic\u00ebs hungareze p\u00ebrpara se t\u00eb mb\u00ebshtes\u00eb hapjen zyrtare t\u00eb negociatave p\u00ebr an\u00ebtar\u00ebsimin e vendit n\u00eb Bashkimin Evropian, sipas burimeve t\u00eb njohura me situat\u00ebn. Kjo \u00e7\u00ebshtje u ngrit t\u00eb m\u00ebrkur\u00ebn n\u00eb Bruksel n\u00eb nj\u00eb takim midis hungarez\u00ebve dhe Presidentit t\u00eb K\u00ebshillit Evropian,\u00a0Antonio [&hellip;]\" \/>\n<meta property=\"og:url\" content=\"https:\/\/kosovatimes.info\/index.php\/2026\/05\/01\/dush-i-ftohte-nga-brukseli-magjari-uli-rampen-per-ukrainen-ai-perseriti-pothuajse-te-gjitha-kushtet-e-orbanit\/\" \/>\n<meta property=\"og:site_name\" content=\"Kosova Times\" \/>\n<meta property=\"article:published_time\" content=\"2026-05-01T06:55:31+00:00\" \/>\n<meta property=\"article:modified_time\" content=\"2026-05-01T06:55:34+00:00\" \/>\n<meta property=\"og:image\" content=\"https:\/\/kosovatimes.info\/wp-content\/uploads\/2026\/05\/Magyar.jpg\" \/>\n\t<meta property=\"og:image:width\" content=\"1280\" \/>\n\t<meta property=\"og:image:height\" content=\"670\" \/>\n\t<meta property=\"og:image:type\" content=\"image\/jpeg\" \/>\n<meta name=\"author\" content=\"i l\" \/>\n<meta name=\"twitter:card\" content=\"summary_large_image\" \/>\n<meta name=\"twitter:label1\" content=\"Written by\" \/>\n\t<meta name=\"twitter:data1\" content=\"i l\" \/>\n\t<meta name=\"twitter:label2\" content=\"Est. reading time\" \/>\n\t<meta name=\"twitter:data2\" content=\"4 minutes\" \/>\n<script type=\"application\/ld+json\" class=\"yoast-schema-graph\">{\"@context\":\"https:\\\/\\\/schema.org\",\"@graph\":[{\"@type\":\"Article\",\"@id\":\"https:\\\/\\\/kosovatimes.info\\\/index.php\\\/2026\\\/05\\\/01\\\/dush-i-ftohte-nga-brukseli-magjari-uli-rampen-per-ukrainen-ai-perseriti-pothuajse-te-gjitha-kushtet-e-orbanit\\\/#article\",\"isPartOf\":{\"@id\":\"https:\\\/\\\/kosovatimes.info\\\/index.php\\\/2026\\\/05\\\/01\\\/dush-i-ftohte-nga-brukseli-magjari-uli-rampen-per-ukrainen-ai-perseriti-pothuajse-te-gjitha-kushtet-e-orbanit\\\/\"},\"author\":{\"name\":\"i l\",\"@id\":\"https:\\\/\\\/kosovatimes.info\\\/#\\\/schema\\\/person\\\/7586712b9c512fe68085de007378c915\"},\"headline\":\"Dush i ftoht\u00eb nga Brukseli, Magjari &#8220;uli ramp\u00ebn&#8221; p\u00ebr Ukrain\u00ebn: ai p\u00ebrs\u00ebriti pothuajse t\u00eb gjitha kushtet e Orbanit\",\"datePublished\":\"2026-05-01T06:55:31+00:00\",\"dateModified\":\"2026-05-01T06:55:34+00:00\",\"mainEntityOfPage\":{\"@id\":\"https:\\\/\\\/kosovatimes.info\\\/index.php\\\/2026\\\/05\\\/01\\\/dush-i-ftohte-nga-brukseli-magjari-uli-rampen-per-ukrainen-ai-perseriti-pothuajse-te-gjitha-kushtet-e-orbanit\\\/\"},\"wordCount\":888,\"commentCount\":0,\"image\":{\"@id\":\"https:\\\/\\\/kosovatimes.info\\\/index.php\\\/2026\\\/05\\\/01\\\/dush-i-ftohte-nga-brukseli-magjari-uli-rampen-per-ukrainen-ai-perseriti-pothuajse-te-gjitha-kushtet-e-orbanit\\\/#primaryimage\"},\"thumbnailUrl\":\"https:\\\/\\\/kosovatimes.info\\\/wp-content\\\/uploads\\\/2026\\\/05\\\/Magyar.jpg\",\"articleSection\":[\"Bot\u00eb\",\"Lajme\"],\"inLanguage\":\"en-US\",\"potentialAction\":[{\"@type\":\"CommentAction\",\"name\":\"Comment\",\"target\":[\"https:\\\/\\\/kosovatimes.info\\\/index.php\\\/2026\\\/05\\\/01\\\/dush-i-ftohte-nga-brukseli-magjari-uli-rampen-per-ukrainen-ai-perseriti-pothuajse-te-gjitha-kushtet-e-orbanit\\\/#respond\"]}]},{\"@type\":\"WebPage\",\"@id\":\"https:\\\/\\\/kosovatimes.info\\\/index.php\\\/2026\\\/05\\\/01\\\/dush-i-ftohte-nga-brukseli-magjari-uli-rampen-per-ukrainen-ai-perseriti-pothuajse-te-gjitha-kushtet-e-orbanit\\\/\",\"url\":\"https:\\\/\\\/kosovatimes.info\\\/index.php\\\/2026\\\/05\\\/01\\\/dush-i-ftohte-nga-brukseli-magjari-uli-rampen-per-ukrainen-ai-perseriti-pothuajse-te-gjitha-kushtet-e-orbanit\\\/\",\"name\":\"Dush i ftoht\u00eb nga Brukseli, Magjari \\\"uli ramp\u00ebn\\\" p\u00ebr Ukrain\u00ebn: ai p\u00ebrs\u00ebriti pothuajse t\u00eb gjitha kushtet e Orbanit - Kosova Times\",\"isPartOf\":{\"@id\":\"https:\\\/\\\/kosovatimes.info\\\/#website\"},\"primaryImageOfPage\":{\"@id\":\"https:\\\/\\\/kosovatimes.info\\\/index.php\\\/2026\\\/05\\\/01\\\/dush-i-ftohte-nga-brukseli-magjari-uli-rampen-per-ukrainen-ai-perseriti-pothuajse-te-gjitha-kushtet-e-orbanit\\\/#primaryimage\"},\"image\":{\"@id\":\"https:\\\/\\\/kosovatimes.info\\\/index.php\\\/2026\\\/05\\\/01\\\/dush-i-ftohte-nga-brukseli-magjari-uli-rampen-per-ukrainen-ai-perseriti-pothuajse-te-gjitha-kushtet-e-orbanit\\\/#primaryimage\"},\"thumbnailUrl\":\"https:\\\/\\\/kosovatimes.info\\\/wp-content\\\/uploads\\\/2026\\\/05\\\/Magyar.jpg\",\"datePublished\":\"2026-05-01T06:55:31+00:00\",\"dateModified\":\"2026-05-01T06:55:34+00:00\",\"author\":{\"@id\":\"https:\\\/\\\/kosovatimes.info\\\/#\\\/schema\\\/person\\\/7586712b9c512fe68085de007378c915\"},\"breadcrumb\":{\"@id\":\"https:\\\/\\\/kosovatimes.info\\\/index.php\\\/2026\\\/05\\\/01\\\/dush-i-ftohte-nga-brukseli-magjari-uli-rampen-per-ukrainen-ai-perseriti-pothuajse-te-gjitha-kushtet-e-orbanit\\\/#breadcrumb\"},\"inLanguage\":\"en-US\",\"potentialAction\":[{\"@type\":\"ReadAction\",\"target\":[\"https:\\\/\\\/kosovatimes.info\\\/index.php\\\/2026\\\/05\\\/01\\\/dush-i-ftohte-nga-brukseli-magjari-uli-rampen-per-ukrainen-ai-perseriti-pothuajse-te-gjitha-kushtet-e-orbanit\\\/\"]}]},{\"@type\":\"ImageObject\",\"inLanguage\":\"en-US\",\"@id\":\"https:\\\/\\\/kosovatimes.info\\\/index.php\\\/2026\\\/05\\\/01\\\/dush-i-ftohte-nga-brukseli-magjari-uli-rampen-per-ukrainen-ai-perseriti-pothuajse-te-gjitha-kushtet-e-orbanit\\\/#primaryimage\",\"url\":\"https:\\\/\\\/kosovatimes.info\\\/wp-content\\\/uploads\\\/2026\\\/05\\\/Magyar.jpg\",\"contentUrl\":\"https:\\\/\\\/kosovatimes.info\\\/wp-content\\\/uploads\\\/2026\\\/05\\\/Magyar.jpg\",\"width\":1280,\"height\":670},{\"@type\":\"BreadcrumbList\",\"@id\":\"https:\\\/\\\/kosovatimes.info\\\/index.php\\\/2026\\\/05\\\/01\\\/dush-i-ftohte-nga-brukseli-magjari-uli-rampen-per-ukrainen-ai-perseriti-pothuajse-te-gjitha-kushtet-e-orbanit\\\/#breadcrumb\",\"itemListElement\":[{\"@type\":\"ListItem\",\"position\":1,\"name\":\"Home\",\"item\":\"https:\\\/\\\/kosovatimes.info\\\/\"},{\"@type\":\"ListItem\",\"position\":2,\"name\":\"Dush i ftoht\u00eb nga Brukseli, Magjari &#8220;uli ramp\u00ebn&#8221; p\u00ebr Ukrain\u00ebn: ai p\u00ebrs\u00ebriti pothuajse t\u00eb gjitha kushtet e Orbanit\"}]},{\"@type\":\"WebSite\",\"@id\":\"https:\\\/\\\/kosovatimes.info\\\/#website\",\"url\":\"https:\\\/\\\/kosovatimes.info\\\/\",\"name\":\"Kosova Times\",\"description\":\"\",\"potentialAction\":[{\"@type\":\"SearchAction\",\"target\":{\"@type\":\"EntryPoint\",\"urlTemplate\":\"https:\\\/\\\/kosovatimes.info\\\/?s={search_term_string}\"},\"query-input\":{\"@type\":\"PropertyValueSpecification\",\"valueRequired\":true,\"valueName\":\"search_term_string\"}}],\"inLanguage\":\"en-US\"},{\"@type\":\"Person\",\"@id\":\"https:\\\/\\\/kosovatimes.info\\\/#\\\/schema\\\/person\\\/7586712b9c512fe68085de007378c915\",\"name\":\"i l\",\"image\":{\"@type\":\"ImageObject\",\"inLanguage\":\"en-US\",\"@id\":\"https:\\\/\\\/secure.gravatar.com\\\/avatar\\\/bad9296e02816160ae2e2435beda58222022298d5625d49fea74d18816fbb31d?s=96&d=mm&r=g\",\"url\":\"https:\\\/\\\/secure.gravatar.com\\\/avatar\\\/bad9296e02816160ae2e2435beda58222022298d5625d49fea74d18816fbb31d?s=96&d=mm&r=g\",\"contentUrl\":\"https:\\\/\\\/secure.gravatar.com\\\/avatar\\\/bad9296e02816160ae2e2435beda58222022298d5625d49fea74d18816fbb31d?s=96&d=mm&r=g\",\"caption\":\"i l\"},\"url\":\"https:\\\/\\\/kosovatimes.info\\\/index.php\\\/author\\\/iliri\\\/\"}]}<\/script>\n<!-- \/ Yoast SEO plugin. -->","yoast_head_json":{"title":"Dush i ftoht\u00eb nga Brukseli, Magjari \"uli ramp\u00ebn\" p\u00ebr Ukrain\u00ebn: ai p\u00ebrs\u00ebriti pothuajse t\u00eb gjitha kushtet e Orbanit - Kosova Times","robots":{"index":"index","follow":"follow","max-snippet":"max-snippet:-1","max-image-preview":"max-image-preview:large","max-video-preview":"max-video-preview:-1"},"canonical":"https:\/\/kosovatimes.info\/index.php\/2026\/05\/01\/dush-i-ftohte-nga-brukseli-magjari-uli-rampen-per-ukrainen-ai-perseriti-pothuajse-te-gjitha-kushtet-e-orbanit\/","og_locale":"en_US","og_type":"article","og_title":"Dush i ftoht\u00eb nga Brukseli, Magjari \"uli ramp\u00ebn\" p\u00ebr Ukrain\u00ebn: ai p\u00ebrs\u00ebriti pothuajse t\u00eb gjitha kushtet e Orbanit - Kosova Times","og_description":"Kryeministri i sapozgjedhur hungarez&nbsp;Peter Magyar&nbsp;d\u00ebshiron q\u00eb Ukraina t\u00eb zgjeroj\u00eb m\u00eb tej t\u00eb drejtat e pakic\u00ebs hungareze p\u00ebrpara se t\u00eb mb\u00ebshtes\u00eb hapjen zyrtare t\u00eb negociatave p\u00ebr an\u00ebtar\u00ebsimin e vendit n\u00eb Bashkimin Evropian, sipas burimeve t\u00eb njohura me situat\u00ebn. Kjo \u00e7\u00ebshtje u ngrit t\u00eb m\u00ebrkur\u00ebn n\u00eb Bruksel n\u00eb nj\u00eb takim midis hungarez\u00ebve dhe Presidentit t\u00eb K\u00ebshillit Evropian,\u00a0Antonio [&hellip;]","og_url":"https:\/\/kosovatimes.info\/index.php\/2026\/05\/01\/dush-i-ftohte-nga-brukseli-magjari-uli-rampen-per-ukrainen-ai-perseriti-pothuajse-te-gjitha-kushtet-e-orbanit\/","og_site_name":"Kosova Times","article_published_time":"2026-05-01T06:55:31+00:00","article_modified_time":"2026-05-01T06:55:34+00:00","og_image":[{"width":1280,"height":670,"url":"https:\/\/kosovatimes.info\/wp-content\/uploads\/2026\/05\/Magyar.jpg","type":"image\/jpeg"}],"author":"i l","twitter_card":"summary_large_image","twitter_misc":{"Written by":"i l","Est. reading time":"4 minutes"},"schema":{"@context":"https:\/\/schema.org","@graph":[{"@type":"Article","@id":"https:\/\/kosovatimes.info\/index.php\/2026\/05\/01\/dush-i-ftohte-nga-brukseli-magjari-uli-rampen-per-ukrainen-ai-perseriti-pothuajse-te-gjitha-kushtet-e-orbanit\/#article","isPartOf":{"@id":"https:\/\/kosovatimes.info\/index.php\/2026\/05\/01\/dush-i-ftohte-nga-brukseli-magjari-uli-rampen-per-ukrainen-ai-perseriti-pothuajse-te-gjitha-kushtet-e-orbanit\/"},"author":{"name":"i l","@id":"https:\/\/kosovatimes.info\/#\/schema\/person\/7586712b9c512fe68085de007378c915"},"headline":"Dush i ftoht\u00eb nga Brukseli, Magjari &#8220;uli ramp\u00ebn&#8221; p\u00ebr Ukrain\u00ebn: ai p\u00ebrs\u00ebriti pothuajse t\u00eb gjitha kushtet e Orbanit","datePublished":"2026-05-01T06:55:31+00:00","dateModified":"2026-05-01T06:55:34+00:00","mainEntityOfPage":{"@id":"https:\/\/kosovatimes.info\/index.php\/2026\/05\/01\/dush-i-ftohte-nga-brukseli-magjari-uli-rampen-per-ukrainen-ai-perseriti-pothuajse-te-gjitha-kushtet-e-orbanit\/"},"wordCount":888,"commentCount":0,"image":{"@id":"https:\/\/kosovatimes.info\/index.php\/2026\/05\/01\/dush-i-ftohte-nga-brukseli-magjari-uli-rampen-per-ukrainen-ai-perseriti-pothuajse-te-gjitha-kushtet-e-orbanit\/#primaryimage"},"thumbnailUrl":"https:\/\/kosovatimes.info\/wp-content\/uploads\/2026\/05\/Magyar.jpg","articleSection":["Bot\u00eb","Lajme"],"inLanguage":"en-US","potentialAction":[{"@type":"CommentAction","name":"Comment","target":["https:\/\/kosovatimes.info\/index.php\/2026\/05\/01\/dush-i-ftohte-nga-brukseli-magjari-uli-rampen-per-ukrainen-ai-perseriti-pothuajse-te-gjitha-kushtet-e-orbanit\/#respond"]}]},{"@type":"WebPage","@id":"https:\/\/kosovatimes.info\/index.php\/2026\/05\/01\/dush-i-ftohte-nga-brukseli-magjari-uli-rampen-per-ukrainen-ai-perseriti-pothuajse-te-gjitha-kushtet-e-orbanit\/","url":"https:\/\/kosovatimes.info\/index.php\/2026\/05\/01\/dush-i-ftohte-nga-brukseli-magjari-uli-rampen-per-ukrainen-ai-perseriti-pothuajse-te-gjitha-kushtet-e-orbanit\/","name":"Dush i ftoht\u00eb nga Brukseli, Magjari \"uli ramp\u00ebn\" p\u00ebr Ukrain\u00ebn: ai p\u00ebrs\u00ebriti pothuajse t\u00eb gjitha kushtet e Orbanit - Kosova Times","isPartOf":{"@id":"https:\/\/kosovatimes.info\/#website"},"primaryImageOfPage":{"@id":"https:\/\/kosovatimes.info\/index.php\/2026\/05\/01\/dush-i-ftohte-nga-brukseli-magjari-uli-rampen-per-ukrainen-ai-perseriti-pothuajse-te-gjitha-kushtet-e-orbanit\/#primaryimage"},"image":{"@id":"https:\/\/kosovatimes.info\/index.php\/2026\/05\/01\/dush-i-ftohte-nga-brukseli-magjari-uli-rampen-per-ukrainen-ai-perseriti-pothuajse-te-gjitha-kushtet-e-orbanit\/#primaryimage"},"thumbnailUrl":"https:\/\/kosovatimes.info\/wp-content\/uploads\/2026\/05\/Magyar.jpg","datePublished":"2026-05-01T06:55:31+00:00","dateModified":"2026-05-01T06:55:34+00:00","author":{"@id":"https:\/\/kosovatimes.info\/#\/schema\/person\/7586712b9c512fe68085de007378c915"},"breadcrumb":{"@id":"https:\/\/kosovatimes.info\/index.php\/2026\/05\/01\/dush-i-ftohte-nga-brukseli-magjari-uli-rampen-per-ukrainen-ai-perseriti-pothuajse-te-gjitha-kushtet-e-orbanit\/#breadcrumb"},"inLanguage":"en-US","potentialAction":[{"@type":"ReadAction","target":["https:\/\/kosovatimes.info\/index.php\/2026\/05\/01\/dush-i-ftohte-nga-brukseli-magjari-uli-rampen-per-ukrainen-ai-perseriti-pothuajse-te-gjitha-kushtet-e-orbanit\/"]}]},{"@type":"ImageObject","inLanguage":"en-US","@id":"https:\/\/kosovatimes.info\/index.php\/2026\/05\/01\/dush-i-ftohte-nga-brukseli-magjari-uli-rampen-per-ukrainen-ai-perseriti-pothuajse-te-gjitha-kushtet-e-orbanit\/#primaryimage","url":"https:\/\/kosovatimes.info\/wp-content\/uploads\/2026\/05\/Magyar.jpg","contentUrl":"https:\/\/kosovatimes.info\/wp-content\/uploads\/2026\/05\/Magyar.jpg","width":1280,"height":670},{"@type":"BreadcrumbList","@id":"https:\/\/kosovatimes.info\/index.php\/2026\/05\/01\/dush-i-ftohte-nga-brukseli-magjari-uli-rampen-per-ukrainen-ai-perseriti-pothuajse-te-gjitha-kushtet-e-orbanit\/#breadcrumb","itemListElement":[{"@type":"ListItem","position":1,"name":"Home","item":"https:\/\/kosovatimes.info\/"},{"@type":"ListItem","position":2,"name":"Dush i ftoht\u00eb nga Brukseli, Magjari &#8220;uli ramp\u00ebn&#8221; p\u00ebr Ukrain\u00ebn: ai p\u00ebrs\u00ebriti pothuajse t\u00eb gjitha kushtet e Orbanit"}]},{"@type":"WebSite","@id":"https:\/\/kosovatimes.info\/#website","url":"https:\/\/kosovatimes.info\/","name":"Kosova Times","description":"","potentialAction":[{"@type":"SearchAction","target":{"@type":"EntryPoint","urlTemplate":"https:\/\/kosovatimes.info\/?s={search_term_string}"},"query-input":{"@type":"PropertyValueSpecification","valueRequired":true,"valueName":"search_term_string"}}],"inLanguage":"en-US"},{"@type":"Person","@id":"https:\/\/kosovatimes.info\/#\/schema\/person\/7586712b9c512fe68085de007378c915","name":"i l","image":{"@type":"ImageObject","inLanguage":"en-US","@id":"https:\/\/secure.gravatar.com\/avatar\/bad9296e02816160ae2e2435beda58222022298d5625d49fea74d18816fbb31d?s=96&d=mm&r=g","url":"https:\/\/secure.gravatar.com\/avatar\/bad9296e02816160ae2e2435beda58222022298d5625d49fea74d18816fbb31d?s=96&d=mm&r=g","contentUrl":"https:\/\/secure.gravatar.com\/avatar\/bad9296e02816160ae2e2435beda58222022298d5625d49fea74d18816fbb31d?s=96&d=mm&r=g","caption":"i l"},"url":"https:\/\/kosovatimes.info\/index.php\/author\/iliri\/"}]}},"_links":{"self":[{"href":"https:\/\/kosovatimes.info\/index.php\/wp-json\/wp\/v2\/posts\/12866","targetHints":{"allow":["GET"]}}],"collection":[{"href":"https:\/\/kosovatimes.info\/index.php\/wp-json\/wp\/v2\/posts"}],"about":[{"href":"https:\/\/kosovatimes.info\/index.php\/wp-json\/wp\/v2\/types\/post"}],"author":[{"embeddable":true,"href":"https:\/\/kosovatimes.info\/index.php\/wp-json\/wp\/v2\/users\/4"}],"replies":[{"embeddable":true,"href":"https:\/\/kosovatimes.info\/index.php\/wp-json\/wp\/v2\/comments?post=12866"}],"version-history":[{"count":1,"href":"https:\/\/kosovatimes.info\/index.php\/wp-json\/wp\/v2\/posts\/12866\/revisions"}],"predecessor-version":[{"id":12868,"href":"https:\/\/kosovatimes.info\/index.php\/wp-json\/wp\/v2\/posts\/12866\/revisions\/12868"}],"wp:featuredmedia":[{"embeddable":true,"href":"https:\/\/kosovatimes.info\/index.php\/wp-json\/wp\/v2\/media\/12867"}],"wp:attachment":[{"href":"https:\/\/kosovatimes.info\/index.php\/wp-json\/wp\/v2\/media?parent=12866"}],"wp:term":[{"taxonomy":"category","embeddable":true,"href":"https:\/\/kosovatimes.info\/index.php\/wp-json\/wp\/v2\/categories?post=12866"},{"taxonomy":"post_tag","embeddable":true,"href":"https:\/\/kosovatimes.info\/index.php\/wp-json\/wp\/v2\/tags?post=12866"}],"curies":[{"name":"wp","href":"https:\/\/api.w.org\/{rel}","templated":true}]}}