{"id":12875,"date":"2026-05-01T09:01:53","date_gmt":"2026-05-01T07:01:53","guid":{"rendered":"https:\/\/kosovatimes.info\/?p=12875"},"modified":"2026-05-01T09:01:56","modified_gmt":"2026-05-01T07:01:56","slug":"video-pamje-te-reja-nga-atentati-ndaj-trump-thyen-masat-e-sigurise-ne-kater-sekonda","status":"publish","type":"post","link":"https:\/\/kosovatimes.info\/index.php\/2026\/05\/01\/video-pamje-te-reja-nga-atentati-ndaj-trump-thyen-masat-e-sigurise-ne-kater-sekonda\/","title":{"rendered":"VIDEO\u00a0Pamje t\u00eb reja nga atentati ndaj Trump. Thyen masat e siguris\u00eb n\u00eb kat\u00ebr sekonda"},"content":{"rendered":"\n<p>Nj\u00eb burr\u00eb i armatosur theu nj\u00eb pik\u00eb kontrolli sigurie n\u00eb vet\u00ebm kat\u00ebr sekonda, nd\u00ebrsa Presidenti Donald Trump merrte pjes\u00eb n\u00eb nj\u00eb dark\u00eb t\u00eb korrespondent\u00ebve t\u00eb Sht\u00ebpis\u00eb s\u00eb Bardh\u00eb, zbulojn\u00eb pamjet e reja t\u00eb publikuara nga prokuror\u00ebt.<\/p>\n\n\n\n<p>Videoja e kamerave t\u00eb siguris\u00eb tregon nj\u00eb roje sigurie q\u00eb hap zjarr ndaj nj\u00eb personi t\u00eb armatosur q\u00eb po vrapon pas tij. Pamjet nuk tregojn\u00eb momentin kur personi i armatosur u arrestua t\u00eb shtun\u00ebn n\u00eb hotelin Washington Hilton.<\/p>\n\n\n\n<figure class=\"wp-block-embed is-type-rich is-provider-twitter wp-block-embed-twitter\"><div class=\"wp-block-embed__wrapper\">\n<blockquote class=\"twitter-tweet\" data-width=\"550\" data-dnt=\"true\"><p lang=\"en\" dir=\"ltr\">\ud83d\udea8<a href=\"https:\/\/twitter.com\/hashtag\/BREAKING?src=hash&amp;ref_src=twsrc%5Etfw\">#BREAKING<\/a>: Newly released footage shows 31-year-old Cole Allen of California walking around The Washington Hilton in washington DC then soon opening fire on a U.S. Secret Service officer during an attempted attack targeting President Donald Trump and others at the White House\u2026 <a href=\"https:\/\/t.co\/ytHWUPlRxT\">pic.twitter.com\/ytHWUPlRxT<\/a><\/p>&mdash; R A W S A L E R T S (@rawsalerts) <a href=\"https:\/\/twitter.com\/rawsalerts\/status\/2049981309133656248?ref_src=twsrc%5Etfw\">April 30, 2026<\/a><\/blockquote><script async src=\"https:\/\/platform.twitter.com\/widgets.js\" charset=\"utf-8\"><\/script>\n<\/div><\/figure>\n\n\n\n<p><a href=\"https:\/\/www.index.hr\/vijesti\/clanak\/ovo-je-cole-tomas-allen-nagradjivani-ucitelj-koji-je-zapucao-na-trumpovoj-veceri\/2785790.aspx\" target=\"_blank\" rel=\"noreferrer noopener\">Cole Tomas Allen, 31 vje\u00e7,<\/a>&nbsp;\u00ebsht\u00eb akuzuar p\u00ebr tentativ\u00eb vrasjeje t\u00eb Presidentit Trump n\u00eb nj\u00eb dark\u00eb t\u00eb Shoqat\u00ebs s\u00eb Korrespondent\u00ebve t\u00eb Sht\u00ebpis\u00eb s\u00eb Bardh\u00eb. Ai ende nuk \u00ebsht\u00eb vet\u00ebdeklaruar fajtor.<\/p>\n\n\n\n<p>Departamenti i Drejt\u00ebsis\u00eb i SHBA-s\u00eb thot\u00eb se videoja tregon gjithashtu Allenin duke \u201cv\u00ebzhguar zon\u00ebn\u201d n\u00eb hotel nj\u00eb dit\u00eb para dark\u00ebs, kur dyshohet se \u00ebsht\u00eb regjistruar si mysafir. Sipas prokuror\u00ebve, ai \u00ebsht\u00eb par\u00eb duke ecur n\u00eb korridorin e Washington Hilton p\u00ebrpara eventit dhe duke hyr\u00eb shkurtimisht n\u00eb palestr\u00ebn e hotelit.<\/p>\n\n\n\n<p>Sipas aktakuz\u00ebs, i pandehuri mbante me vete nj\u00eb pistolet\u00eb gjysm\u00ebautomatike, nj\u00eb pushk\u00eb gjahu dhe tre thika nd\u00ebrsa vraponte n\u00ebp\u00ebr tarrac\u00eb, nj\u00eb kat mbi sall\u00ebn ku po mbahej eventi prestigjioz p\u00ebr shtyp. Trump, z\u00ebvend\u00ebspresidenti JD Vance, an\u00ebtar\u00eb t\u00eb kabinetit dhe zyrtar\u00eb t\u00eb tjer\u00eb t\u00eb Sht\u00ebpis\u00eb s\u00eb Bardh\u00eb u evakuuan shpejt nga vendi i ngjarjes pasi u d\u00ebgjuan t\u00eb sht\u00ebna me arm\u00eb zjarri.<\/p>\n\n\n\n<h3 class=\"wp-block-heading\">\u00c7far\u00eb zbulojn\u00eb pamjet e reja?<\/h3>\n\n\n\n<p>Pamjet e reja, t\u00eb postuara n\u00eb platform\u00ebn X nga Prokurorja e SHBA-s\u00eb p\u00ebr Uashingtonin, D.C. Jeanine Pirro t\u00eb enjten, jan\u00eb nj\u00eb version me cil\u00ebsi m\u00eb t\u00eb lart\u00eb i nj\u00eb klipi q\u00eb Trump ndau n\u00eb mediat sociale pas incidentit. Videoja e fundit tregon gati nj\u00eb duzin\u00eb agjent\u00ebsh sigurie t\u00eb mbledhur rreth nj\u00eb pike kontrolli sigurie n\u00eb hotel.<\/p>\n\n\n\n<p>N\u00eb nj\u00eb moment, nj\u00eb burr\u00eb me nj\u00eb pallto t\u00eb gjat\u00eb t\u00eb err\u00ebt ec\u00ebn n\u00ebp\u00ebr nj\u00eb korridor dhe zhduket p\u00ebrmes nj\u00eb dere. Pak \u00e7aste m\u00eb von\u00eb, personi i armatosur shfaqet p\u00ebrs\u00ebri pa pallton e tij dhe kalon n\u00ebp\u00ebr nj\u00eb detektor metalesh me t\u00eb dyja duart n\u00eb arm\u00ebn e tij. Sipas nj\u00eb deklarate me betim t\u00eb paraqitur nga prokuror\u00ebt, ai po fshihte nj\u00eb pushk\u00eb gjahu 12-kalib\u00ebrshe n\u00eb pallton e tij.<\/p>\n\n\n\n<h3 class=\"wp-block-heading\">Polemika rreth t\u00eb sht\u00ebnave<\/h3>\n\n\n\n<p>Videoja duket se tregon nj\u00eb oficer q\u00eb q\u00ebllon me arm\u00eb drejt t\u00eb dyshuarit. Prokuror\u00ebt than\u00eb se nj\u00eb agjent u q\u00ebllua, por jo personi i armatosur. &#8220;Oficeri u q\u00ebllua me jelekun balistik, por nuk u plagos r\u00ebnd\u00eb&#8221;, tha nj\u00eb z\u00ebdh\u00ebn\u00ebs i Sh\u00ebrbimit Sekret p\u00ebr BBC t\u00eb enjten.<\/p>\n\n\n\n<p>Ekspert\u00ebt e balistik\u00ebs po hetojn\u00eb n\u00ebse agjenti i Sh\u00ebrbimit Sekret \u00ebsht\u00eb goditur nga nj\u00eb plumb i q\u00eblluar nga i dyshuari apo \u00ebsht\u00eb q\u00eblluar n\u00eb shk\u00ebmbim zjarri. Jeanine Pirro shkroi n\u00eb nj\u00eb postim n\u00eb Xu t\u00eb enjten: &#8220;Nuk ka prova q\u00eb t\u00eb sht\u00ebnat ishin rezultat i zjarrit miq\u00ebsor&#8221;.<\/p>\n\n\n\n<p>Por memorandumi n\u00eb t\u00eb cilin prokuror\u00ebt i k\u00ebrkuan nj\u00eb gjyqtari t\u00eb m\u00ebrkur\u00ebn q\u00eb ta linte Allen n\u00eb paraburgim deri n\u00eb gjyq nuk p\u00ebrmendte asnj\u00eb rast t\u00eb goditjes s\u00eb ndonj\u00eb oficeri. Aty thuhej se, nd\u00ebrsa i dyshuari vraponte n\u00ebp\u00ebr pik\u00ebn e kontrollit, nj\u00eb agjent i Sh\u00ebrbimit Sekret &#8220;v\u00ebzhgoi t\u00eb pandehurin duke q\u00eblluar me nj\u00eb pushk\u00eb n\u00eb drejtim t\u00eb shkall\u00ebve q\u00eb t\u00eb \u00e7onin n\u00eb auditor&#8221;. Deklaratat e m\u00ebparshme n\u00eb dokumentet e akuz\u00ebs than\u00eb se nj\u00eb oficer u godit n\u00eb jelekun antiplumb nga nj\u00eb e sht\u00ebn\u00eb e vetme e q\u00eblluar nga i dyshuari. Avokat\u00ebt e Allen kund\u00ebrshtuan pretendimet e prokuror\u00ebve se klienti i tyre hapi zjarr.<\/p>\n\n\n\n<h3 class=\"wp-block-heading\">Deklarat\u00eb nga Drejtori i Sh\u00ebrbimit Sekret<\/h3>\n\n\n\n<p>T\u00eb enjten, drejtori i Sh\u00ebrbimit Sekret t\u00eb SHBA-s\u00eb, Sean Curran, i tha Fox News se i dyshuari q\u00eblloi agjentin e Sh\u00ebrbimit Sekret &#8220;nga af\u00ebr&#8221;.<\/p>\n\n\n\n<p>&#8220;Nga t\u00eb gjitha provat q\u00eb kam par\u00eb, i dyshuari q\u00eblloi me pushk\u00eb gjahu drejt oficerit ton\u00eb nga af\u00ebr,&#8221; tha Curran. &#8220;Oficeri yn\u00eb iu p\u00ebrgjigj heroikisht zjarrit. Edhe pse u q\u00ebllua n\u00eb gjoks me pushk\u00eb gjahu nga af\u00ebr, ai arriti t\u00eb q\u00ebllonte pes\u00eb her\u00eb.&#8221;<\/p>\n\n\n\n<p>&#8220;Me sa duket, i dyshuari, nd\u00ebrsa oficeri po q\u00ebllonte drejt tij, goditi nj\u00eb nga kutit\u00eb tona t\u00eb magnetometrit me gju dhe filloi t\u00eb binte n\u00eb tok\u00eb. N\u00eb at\u00eb moment, oficer\u00ebt dhe agjent\u00ebt arrit\u00ebn ta n\u00ebnshtronin dhe ta rr\u00ebzonin&#8221;, shtoi Curran.<\/p>\n\n\n\n<p>Allen p\u00ebrballet me akuza t\u00eb tjera, duke p\u00ebrfshir\u00eb transportin nd\u00ebrshtet\u00ebror t\u00eb nj\u00eb arme zjarri p\u00ebr t\u00eb kryer nj\u00eb krim t\u00eb r\u00ebnd\u00eb dhe p\u00ebrdorimin e nj\u00eb arme zjarri n\u00eb nj\u00eb krim t\u00eb dhunsh\u00ebm. T\u00eb dyja veprat penale mbartin nj\u00eb d\u00ebnim maksimal prej 10 vitesh burg.<\/p>\n","protected":false},"excerpt":{"rendered":"<p>Nj\u00eb burr\u00eb i armatosur theu nj\u00eb pik\u00eb kontrolli sigurie n\u00eb vet\u00ebm kat\u00ebr sekonda, nd\u00ebrsa Presidenti Donald Trump merrte pjes\u00eb n\u00eb nj\u00eb dark\u00eb t\u00eb korrespondent\u00ebve t\u00eb Sht\u00ebpis\u00eb s\u00eb Bardh\u00eb, zbulojn\u00eb pamjet e reja t\u00eb publikuara nga prokuror\u00ebt. Videoja e kamerave t\u00eb siguris\u00eb tregon nj\u00eb roje sigurie q\u00eb hap zjarr ndaj nj\u00eb personi t\u00eb armatosur q\u00eb po [&hellip;]<\/p>\n","protected":false},"author":4,"featured_media":12876,"comment_status":"open","ping_status":"open","sticky":false,"template":"","format":"standard","meta":{"footnotes":""},"categories":[33,30],"tags":[],"class_list":{"0":"post-12875","1":"post","2":"type-post","3":"status-publish","4":"format-standard","5":"has-post-thumbnail","7":"category-bote","8":"category-lajme"},"yoast_head":"<!-- This site is optimized with the Yoast SEO plugin v27.4 - https:\/\/yoast.com\/product\/yoast-seo-wordpress\/ -->\n<title>VIDEO\u00a0Pamje t\u00eb reja nga atentati ndaj Trump. Thyen masat e siguris\u00eb n\u00eb kat\u00ebr sekonda - Kosova Times<\/title>\n<meta name=\"robots\" content=\"index, follow, max-snippet:-1, max-image-preview:large, max-video-preview:-1\" \/>\n<link rel=\"canonical\" href=\"https:\/\/kosovatimes.info\/index.php\/2026\/05\/01\/video-pamje-te-reja-nga-atentati-ndaj-trump-thyen-masat-e-sigurise-ne-kater-sekonda\/\" \/>\n<meta property=\"og:locale\" content=\"en_US\" \/>\n<meta property=\"og:type\" content=\"article\" \/>\n<meta property=\"og:title\" content=\"VIDEO\u00a0Pamje t\u00eb reja nga atentati ndaj Trump. Thyen masat e siguris\u00eb n\u00eb kat\u00ebr sekonda - Kosova Times\" \/>\n<meta property=\"og:description\" content=\"Nj\u00eb burr\u00eb i armatosur theu nj\u00eb pik\u00eb kontrolli sigurie n\u00eb vet\u00ebm kat\u00ebr sekonda, nd\u00ebrsa Presidenti Donald Trump merrte pjes\u00eb n\u00eb nj\u00eb dark\u00eb t\u00eb korrespondent\u00ebve t\u00eb Sht\u00ebpis\u00eb s\u00eb Bardh\u00eb, zbulojn\u00eb pamjet e reja t\u00eb publikuara nga prokuror\u00ebt. Videoja e kamerave t\u00eb siguris\u00eb tregon nj\u00eb roje sigurie q\u00eb hap zjarr ndaj nj\u00eb personi t\u00eb armatosur q\u00eb po [&hellip;]\" \/>\n<meta property=\"og:url\" content=\"https:\/\/kosovatimes.info\/index.php\/2026\/05\/01\/video-pamje-te-reja-nga-atentati-ndaj-trump-thyen-masat-e-sigurise-ne-kater-sekonda\/\" \/>\n<meta property=\"og:site_name\" content=\"Kosova Times\" \/>\n<meta property=\"article:published_time\" content=\"2026-05-01T07:01:53+00:00\" \/>\n<meta property=\"article:modified_time\" content=\"2026-05-01T07:01:56+00:00\" \/>\n<meta property=\"og:image\" content=\"https:\/\/kosovatimes.info\/wp-content\/uploads\/2026\/05\/atentatori.webp\" \/>\n\t<meta property=\"og:image:width\" content=\"765\" \/>\n\t<meta property=\"og:image:height\" content=\"427\" \/>\n\t<meta property=\"og:image:type\" content=\"image\/webp\" \/>\n<meta name=\"author\" content=\"i l\" \/>\n<meta name=\"twitter:card\" content=\"summary_large_image\" \/>\n<meta name=\"twitter:label1\" content=\"Written by\" \/>\n\t<meta name=\"twitter:data1\" content=\"i l\" \/>\n\t<meta name=\"twitter:label2\" content=\"Est. reading time\" \/>\n\t<meta name=\"twitter:data2\" content=\"1 minute\" \/>\n<script type=\"application\/ld+json\" class=\"yoast-schema-graph\">{\"@context\":\"https:\\\/\\\/schema.org\",\"@graph\":[{\"@type\":\"Article\",\"@id\":\"https:\\\/\\\/kosovatimes.info\\\/index.php\\\/2026\\\/05\\\/01\\\/video-pamje-te-reja-nga-atentati-ndaj-trump-thyen-masat-e-sigurise-ne-kater-sekonda\\\/#article\",\"isPartOf\":{\"@id\":\"https:\\\/\\\/kosovatimes.info\\\/index.php\\\/2026\\\/05\\\/01\\\/video-pamje-te-reja-nga-atentati-ndaj-trump-thyen-masat-e-sigurise-ne-kater-sekonda\\\/\"},\"author\":{\"name\":\"i l\",\"@id\":\"https:\\\/\\\/kosovatimes.info\\\/#\\\/schema\\\/person\\\/7586712b9c512fe68085de007378c915\"},\"headline\":\"VIDEO\u00a0Pamje t\u00eb reja nga atentati ndaj Trump. Thyen masat e siguris\u00eb n\u00eb kat\u00ebr sekonda\",\"datePublished\":\"2026-05-01T07:01:53+00:00\",\"dateModified\":\"2026-05-01T07:01:56+00:00\",\"mainEntityOfPage\":{\"@id\":\"https:\\\/\\\/kosovatimes.info\\\/index.php\\\/2026\\\/05\\\/01\\\/video-pamje-te-reja-nga-atentati-ndaj-trump-thyen-masat-e-sigurise-ne-kater-sekonda\\\/\"},\"wordCount\":872,\"commentCount\":0,\"image\":{\"@id\":\"https:\\\/\\\/kosovatimes.info\\\/index.php\\\/2026\\\/05\\\/01\\\/video-pamje-te-reja-nga-atentati-ndaj-trump-thyen-masat-e-sigurise-ne-kater-sekonda\\\/#primaryimage\"},\"thumbnailUrl\":\"https:\\\/\\\/kosovatimes.info\\\/wp-content\\\/uploads\\\/2026\\\/05\\\/atentatori.webp\",\"articleSection\":[\"Bot\u00eb\",\"Lajme\"],\"inLanguage\":\"en-US\",\"potentialAction\":[{\"@type\":\"CommentAction\",\"name\":\"Comment\",\"target\":[\"https:\\\/\\\/kosovatimes.info\\\/index.php\\\/2026\\\/05\\\/01\\\/video-pamje-te-reja-nga-atentati-ndaj-trump-thyen-masat-e-sigurise-ne-kater-sekonda\\\/#respond\"]}]},{\"@type\":\"WebPage\",\"@id\":\"https:\\\/\\\/kosovatimes.info\\\/index.php\\\/2026\\\/05\\\/01\\\/video-pamje-te-reja-nga-atentati-ndaj-trump-thyen-masat-e-sigurise-ne-kater-sekonda\\\/\",\"url\":\"https:\\\/\\\/kosovatimes.info\\\/index.php\\\/2026\\\/05\\\/01\\\/video-pamje-te-reja-nga-atentati-ndaj-trump-thyen-masat-e-sigurise-ne-kater-sekonda\\\/\",\"name\":\"VIDEO\u00a0Pamje t\u00eb reja nga atentati ndaj Trump. Thyen masat e siguris\u00eb n\u00eb kat\u00ebr sekonda - Kosova Times\",\"isPartOf\":{\"@id\":\"https:\\\/\\\/kosovatimes.info\\\/#website\"},\"primaryImageOfPage\":{\"@id\":\"https:\\\/\\\/kosovatimes.info\\\/index.php\\\/2026\\\/05\\\/01\\\/video-pamje-te-reja-nga-atentati-ndaj-trump-thyen-masat-e-sigurise-ne-kater-sekonda\\\/#primaryimage\"},\"image\":{\"@id\":\"https:\\\/\\\/kosovatimes.info\\\/index.php\\\/2026\\\/05\\\/01\\\/video-pamje-te-reja-nga-atentati-ndaj-trump-thyen-masat-e-sigurise-ne-kater-sekonda\\\/#primaryimage\"},\"thumbnailUrl\":\"https:\\\/\\\/kosovatimes.info\\\/wp-content\\\/uploads\\\/2026\\\/05\\\/atentatori.webp\",\"datePublished\":\"2026-05-01T07:01:53+00:00\",\"dateModified\":\"2026-05-01T07:01:56+00:00\",\"author\":{\"@id\":\"https:\\\/\\\/kosovatimes.info\\\/#\\\/schema\\\/person\\\/7586712b9c512fe68085de007378c915\"},\"breadcrumb\":{\"@id\":\"https:\\\/\\\/kosovatimes.info\\\/index.php\\\/2026\\\/05\\\/01\\\/video-pamje-te-reja-nga-atentati-ndaj-trump-thyen-masat-e-sigurise-ne-kater-sekonda\\\/#breadcrumb\"},\"inLanguage\":\"en-US\",\"potentialAction\":[{\"@type\":\"ReadAction\",\"target\":[\"https:\\\/\\\/kosovatimes.info\\\/index.php\\\/2026\\\/05\\\/01\\\/video-pamje-te-reja-nga-atentati-ndaj-trump-thyen-masat-e-sigurise-ne-kater-sekonda\\\/\"]}]},{\"@type\":\"ImageObject\",\"inLanguage\":\"en-US\",\"@id\":\"https:\\\/\\\/kosovatimes.info\\\/index.php\\\/2026\\\/05\\\/01\\\/video-pamje-te-reja-nga-atentati-ndaj-trump-thyen-masat-e-sigurise-ne-kater-sekonda\\\/#primaryimage\",\"url\":\"https:\\\/\\\/kosovatimes.info\\\/wp-content\\\/uploads\\\/2026\\\/05\\\/atentatori.webp\",\"contentUrl\":\"https:\\\/\\\/kosovatimes.info\\\/wp-content\\\/uploads\\\/2026\\\/05\\\/atentatori.webp\",\"width\":765,\"height\":427},{\"@type\":\"BreadcrumbList\",\"@id\":\"https:\\\/\\\/kosovatimes.info\\\/index.php\\\/2026\\\/05\\\/01\\\/video-pamje-te-reja-nga-atentati-ndaj-trump-thyen-masat-e-sigurise-ne-kater-sekonda\\\/#breadcrumb\",\"itemListElement\":[{\"@type\":\"ListItem\",\"position\":1,\"name\":\"Home\",\"item\":\"https:\\\/\\\/kosovatimes.info\\\/\"},{\"@type\":\"ListItem\",\"position\":2,\"name\":\"VIDEO\u00a0Pamje t\u00eb reja nga atentati ndaj Trump. Thyen masat e siguris\u00eb n\u00eb kat\u00ebr sekonda\"}]},{\"@type\":\"WebSite\",\"@id\":\"https:\\\/\\\/kosovatimes.info\\\/#website\",\"url\":\"https:\\\/\\\/kosovatimes.info\\\/\",\"name\":\"Kosova Times\",\"description\":\"\",\"potentialAction\":[{\"@type\":\"SearchAction\",\"target\":{\"@type\":\"EntryPoint\",\"urlTemplate\":\"https:\\\/\\\/kosovatimes.info\\\/?s={search_term_string}\"},\"query-input\":{\"@type\":\"PropertyValueSpecification\",\"valueRequired\":true,\"valueName\":\"search_term_string\"}}],\"inLanguage\":\"en-US\"},{\"@type\":\"Person\",\"@id\":\"https:\\\/\\\/kosovatimes.info\\\/#\\\/schema\\\/person\\\/7586712b9c512fe68085de007378c915\",\"name\":\"i l\",\"image\":{\"@type\":\"ImageObject\",\"inLanguage\":\"en-US\",\"@id\":\"https:\\\/\\\/secure.gravatar.com\\\/avatar\\\/bad9296e02816160ae2e2435beda58222022298d5625d49fea74d18816fbb31d?s=96&d=mm&r=g\",\"url\":\"https:\\\/\\\/secure.gravatar.com\\\/avatar\\\/bad9296e02816160ae2e2435beda58222022298d5625d49fea74d18816fbb31d?s=96&d=mm&r=g\",\"contentUrl\":\"https:\\\/\\\/secure.gravatar.com\\\/avatar\\\/bad9296e02816160ae2e2435beda58222022298d5625d49fea74d18816fbb31d?s=96&d=mm&r=g\",\"caption\":\"i l\"},\"url\":\"https:\\\/\\\/kosovatimes.info\\\/index.php\\\/author\\\/iliri\\\/\"}]}<\/script>\n<!-- \/ Yoast SEO plugin. -->","yoast_head_json":{"title":"VIDEO\u00a0Pamje t\u00eb reja nga atentati ndaj Trump. Thyen masat e siguris\u00eb n\u00eb kat\u00ebr sekonda - Kosova Times","robots":{"index":"index","follow":"follow","max-snippet":"max-snippet:-1","max-image-preview":"max-image-preview:large","max-video-preview":"max-video-preview:-1"},"canonical":"https:\/\/kosovatimes.info\/index.php\/2026\/05\/01\/video-pamje-te-reja-nga-atentati-ndaj-trump-thyen-masat-e-sigurise-ne-kater-sekonda\/","og_locale":"en_US","og_type":"article","og_title":"VIDEO\u00a0Pamje t\u00eb reja nga atentati ndaj Trump. Thyen masat e siguris\u00eb n\u00eb kat\u00ebr sekonda - Kosova Times","og_description":"Nj\u00eb burr\u00eb i armatosur theu nj\u00eb pik\u00eb kontrolli sigurie n\u00eb vet\u00ebm kat\u00ebr sekonda, nd\u00ebrsa Presidenti Donald Trump merrte pjes\u00eb n\u00eb nj\u00eb dark\u00eb t\u00eb korrespondent\u00ebve t\u00eb Sht\u00ebpis\u00eb s\u00eb Bardh\u00eb, zbulojn\u00eb pamjet e reja t\u00eb publikuara nga prokuror\u00ebt. Videoja e kamerave t\u00eb siguris\u00eb tregon nj\u00eb roje sigurie q\u00eb hap zjarr ndaj nj\u00eb personi t\u00eb armatosur q\u00eb po [&hellip;]","og_url":"https:\/\/kosovatimes.info\/index.php\/2026\/05\/01\/video-pamje-te-reja-nga-atentati-ndaj-trump-thyen-masat-e-sigurise-ne-kater-sekonda\/","og_site_name":"Kosova Times","article_published_time":"2026-05-01T07:01:53+00:00","article_modified_time":"2026-05-01T07:01:56+00:00","og_image":[{"width":765,"height":427,"url":"https:\/\/kosovatimes.info\/wp-content\/uploads\/2026\/05\/atentatori.webp","type":"image\/webp"}],"author":"i l","twitter_card":"summary_large_image","twitter_misc":{"Written by":"i l","Est. reading time":"1 minute"},"schema":{"@context":"https:\/\/schema.org","@graph":[{"@type":"Article","@id":"https:\/\/kosovatimes.info\/index.php\/2026\/05\/01\/video-pamje-te-reja-nga-atentati-ndaj-trump-thyen-masat-e-sigurise-ne-kater-sekonda\/#article","isPartOf":{"@id":"https:\/\/kosovatimes.info\/index.php\/2026\/05\/01\/video-pamje-te-reja-nga-atentati-ndaj-trump-thyen-masat-e-sigurise-ne-kater-sekonda\/"},"author":{"name":"i l","@id":"https:\/\/kosovatimes.info\/#\/schema\/person\/7586712b9c512fe68085de007378c915"},"headline":"VIDEO\u00a0Pamje t\u00eb reja nga atentati ndaj Trump. Thyen masat e siguris\u00eb n\u00eb kat\u00ebr sekonda","datePublished":"2026-05-01T07:01:53+00:00","dateModified":"2026-05-01T07:01:56+00:00","mainEntityOfPage":{"@id":"https:\/\/kosovatimes.info\/index.php\/2026\/05\/01\/video-pamje-te-reja-nga-atentati-ndaj-trump-thyen-masat-e-sigurise-ne-kater-sekonda\/"},"wordCount":872,"commentCount":0,"image":{"@id":"https:\/\/kosovatimes.info\/index.php\/2026\/05\/01\/video-pamje-te-reja-nga-atentati-ndaj-trump-thyen-masat-e-sigurise-ne-kater-sekonda\/#primaryimage"},"thumbnailUrl":"https:\/\/kosovatimes.info\/wp-content\/uploads\/2026\/05\/atentatori.webp","articleSection":["Bot\u00eb","Lajme"],"inLanguage":"en-US","potentialAction":[{"@type":"CommentAction","name":"Comment","target":["https:\/\/kosovatimes.info\/index.php\/2026\/05\/01\/video-pamje-te-reja-nga-atentati-ndaj-trump-thyen-masat-e-sigurise-ne-kater-sekonda\/#respond"]}]},{"@type":"WebPage","@id":"https:\/\/kosovatimes.info\/index.php\/2026\/05\/01\/video-pamje-te-reja-nga-atentati-ndaj-trump-thyen-masat-e-sigurise-ne-kater-sekonda\/","url":"https:\/\/kosovatimes.info\/index.php\/2026\/05\/01\/video-pamje-te-reja-nga-atentati-ndaj-trump-thyen-masat-e-sigurise-ne-kater-sekonda\/","name":"VIDEO\u00a0Pamje t\u00eb reja nga atentati ndaj Trump. Thyen masat e siguris\u00eb n\u00eb kat\u00ebr sekonda - Kosova Times","isPartOf":{"@id":"https:\/\/kosovatimes.info\/#website"},"primaryImageOfPage":{"@id":"https:\/\/kosovatimes.info\/index.php\/2026\/05\/01\/video-pamje-te-reja-nga-atentati-ndaj-trump-thyen-masat-e-sigurise-ne-kater-sekonda\/#primaryimage"},"image":{"@id":"https:\/\/kosovatimes.info\/index.php\/2026\/05\/01\/video-pamje-te-reja-nga-atentati-ndaj-trump-thyen-masat-e-sigurise-ne-kater-sekonda\/#primaryimage"},"thumbnailUrl":"https:\/\/kosovatimes.info\/wp-content\/uploads\/2026\/05\/atentatori.webp","datePublished":"2026-05-01T07:01:53+00:00","dateModified":"2026-05-01T07:01:56+00:00","author":{"@id":"https:\/\/kosovatimes.info\/#\/schema\/person\/7586712b9c512fe68085de007378c915"},"breadcrumb":{"@id":"https:\/\/kosovatimes.info\/index.php\/2026\/05\/01\/video-pamje-te-reja-nga-atentati-ndaj-trump-thyen-masat-e-sigurise-ne-kater-sekonda\/#breadcrumb"},"inLanguage":"en-US","potentialAction":[{"@type":"ReadAction","target":["https:\/\/kosovatimes.info\/index.php\/2026\/05\/01\/video-pamje-te-reja-nga-atentati-ndaj-trump-thyen-masat-e-sigurise-ne-kater-sekonda\/"]}]},{"@type":"ImageObject","inLanguage":"en-US","@id":"https:\/\/kosovatimes.info\/index.php\/2026\/05\/01\/video-pamje-te-reja-nga-atentati-ndaj-trump-thyen-masat-e-sigurise-ne-kater-sekonda\/#primaryimage","url":"https:\/\/kosovatimes.info\/wp-content\/uploads\/2026\/05\/atentatori.webp","contentUrl":"https:\/\/kosovatimes.info\/wp-content\/uploads\/2026\/05\/atentatori.webp","width":765,"height":427},{"@type":"BreadcrumbList","@id":"https:\/\/kosovatimes.info\/index.php\/2026\/05\/01\/video-pamje-te-reja-nga-atentati-ndaj-trump-thyen-masat-e-sigurise-ne-kater-sekonda\/#breadcrumb","itemListElement":[{"@type":"ListItem","position":1,"name":"Home","item":"https:\/\/kosovatimes.info\/"},{"@type":"ListItem","position":2,"name":"VIDEO\u00a0Pamje t\u00eb reja nga atentati ndaj Trump. Thyen masat e siguris\u00eb n\u00eb kat\u00ebr sekonda"}]},{"@type":"WebSite","@id":"https:\/\/kosovatimes.info\/#website","url":"https:\/\/kosovatimes.info\/","name":"Kosova Times","description":"","potentialAction":[{"@type":"SearchAction","target":{"@type":"EntryPoint","urlTemplate":"https:\/\/kosovatimes.info\/?s={search_term_string}"},"query-input":{"@type":"PropertyValueSpecification","valueRequired":true,"valueName":"search_term_string"}}],"inLanguage":"en-US"},{"@type":"Person","@id":"https:\/\/kosovatimes.info\/#\/schema\/person\/7586712b9c512fe68085de007378c915","name":"i l","image":{"@type":"ImageObject","inLanguage":"en-US","@id":"https:\/\/secure.gravatar.com\/avatar\/bad9296e02816160ae2e2435beda58222022298d5625d49fea74d18816fbb31d?s=96&d=mm&r=g","url":"https:\/\/secure.gravatar.com\/avatar\/bad9296e02816160ae2e2435beda58222022298d5625d49fea74d18816fbb31d?s=96&d=mm&r=g","contentUrl":"https:\/\/secure.gravatar.com\/avatar\/bad9296e02816160ae2e2435beda58222022298d5625d49fea74d18816fbb31d?s=96&d=mm&r=g","caption":"i l"},"url":"https:\/\/kosovatimes.info\/index.php\/author\/iliri\/"}]}},"_links":{"self":[{"href":"https:\/\/kosovatimes.info\/index.php\/wp-json\/wp\/v2\/posts\/12875","targetHints":{"allow":["GET"]}}],"collection":[{"href":"https:\/\/kosovatimes.info\/index.php\/wp-json\/wp\/v2\/posts"}],"about":[{"href":"https:\/\/kosovatimes.info\/index.php\/wp-json\/wp\/v2\/types\/post"}],"author":[{"embeddable":true,"href":"https:\/\/kosovatimes.info\/index.php\/wp-json\/wp\/v2\/users\/4"}],"replies":[{"embeddable":true,"href":"https:\/\/kosovatimes.info\/index.php\/wp-json\/wp\/v2\/comments?post=12875"}],"version-history":[{"count":1,"href":"https:\/\/kosovatimes.info\/index.php\/wp-json\/wp\/v2\/posts\/12875\/revisions"}],"predecessor-version":[{"id":12877,"href":"https:\/\/kosovatimes.info\/index.php\/wp-json\/wp\/v2\/posts\/12875\/revisions\/12877"}],"wp:featuredmedia":[{"embeddable":true,"href":"https:\/\/kosovatimes.info\/index.php\/wp-json\/wp\/v2\/media\/12876"}],"wp:attachment":[{"href":"https:\/\/kosovatimes.info\/index.php\/wp-json\/wp\/v2\/media?parent=12875"}],"wp:term":[{"taxonomy":"category","embeddable":true,"href":"https:\/\/kosovatimes.info\/index.php\/wp-json\/wp\/v2\/categories?post=12875"},{"taxonomy":"post_tag","embeddable":true,"href":"https:\/\/kosovatimes.info\/index.php\/wp-json\/wp\/v2\/tags?post=12875"}],"curies":[{"name":"wp","href":"https:\/\/api.w.org\/{rel}","templated":true}]}}