{"id":12887,"date":"2026-05-01T09:11:16","date_gmt":"2026-05-01T07:11:16","guid":{"rendered":"https:\/\/kosovatimes.info\/?p=12887"},"modified":"2026-05-01T09:11:18","modified_gmt":"2026-05-01T07:11:18","slug":"medvedev-ringjall-kercenimet-e-apokalipsit-berthamor","status":"publish","type":"post","link":"https:\/\/kosovatimes.info\/index.php\/2026\/05\/01\/medvedev-ringjall-kercenimet-e-apokalipsit-berthamor\/","title":{"rendered":"Medvedev ringjall k\u00ebrc\u00ebnimet e apokalipsit b\u00ebrthamor"},"content":{"rendered":"\n<p>Ish-presidenti rus dhe z\u00ebvend\u00ebskryetari aktual i K\u00ebshillit t\u00eb Siguris\u00eb s\u00eb Rusis\u00eb, Dmitry Medvedev, tha t\u00eb enjten se nj\u00eb apokalips b\u00ebrthamor \u00ebsht\u00eb \u201crealistikisht i mundur\u201d, duke ringjallur retorik\u00ebn b\u00ebrthamore t\u00eb Kremlinit mes luft\u00ebs s\u00eb vazhdueshme t\u00eb Mosk\u00ebs kund\u00ebr Ukrain\u00ebs.<\/p>\n\n\n\n<p>\u00abShpesh m\u00eb qortojn\u00eb p\u00ebr p\u00ebrdorimin e retorik\u00ebs s\u00eb ashp\u00ebr dhe p\u00ebr t\u00eb folur p\u00ebr apokalipsin b\u00ebrthamor, por p\u00ebr fat t\u00eb keq \u00ebsht\u00eb realisht e mundur\u00bb, tha Medvedev gjat\u00eb maraton\u00ebs federale arsimore t\u00eb Rusis\u00eb, \u00abZnanie\u00bb,&nbsp;<a href=\"https:\/\/www.interfax.ru\/russia\/1086948\">sipas Interfax<\/a>&nbsp;.<\/p>\n\n\n\n<p>Medvedev tha se skenar\u00eb t\u00eb till\u00eb nuk mund t\u00eb p\u00ebrjashtohen dhe argumentoi se Rusia duhet t\u00eb mbetet e p\u00ebrgatitur p\u00ebr to.&#8221;Pik\u00ebrisht p\u00ebr k\u00ebt\u00eb arsye vendi yn\u00eb ka nj\u00eb treshe forcash b\u00ebrthamore strategjike dhe ato mbahen n\u00eb gjendje t\u00eb duhur&#8221;, tha ai.K\u00ebto komente jan\u00eb t\u00eb fundit n\u00eb nj\u00eb seri paralajm\u00ebrimesh b\u00ebrthamore t\u00eb l\u00ebshuara nga Medvedev q\u00eb kur Rusia nisi pushtimin e plot\u00eb t\u00eb Ukrain\u00ebs n\u00eb vitin 2022. Ai ka akuzuar vazhdimisht vendet per\u00ebndimore p\u00ebr p\u00ebrshkall\u00ebzimin e rrezikut t\u00eb konfrontimit t\u00eb drejtp\u00ebrdrejt\u00eb duke furnizuar me arm\u00eb Kievin.<\/p>\n\n\n\n<p>Medvedev, i cili sh\u00ebrbeu si president i Rusis\u00eb nga viti 2008 deri n\u00eb vitin 2012, \u00ebsht\u00eb b\u00ebr\u00eb nj\u00eb nga mb\u00ebshtet\u00ebsit m\u00eb t\u00eb z\u00ebsh\u00ebm t\u00eb linj\u00ebs s\u00eb ashp\u00ebr t\u00eb Kremlinit gjat\u00eb luft\u00ebs, duke l\u00ebshuar shpesh k\u00ebrc\u00ebnime kund\u00ebr Ukrain\u00ebs dhe an\u00ebtar\u00ebve t\u00eb NATO-s n\u00eb mediat sociale dhe n\u00eb paraqitjet publike.<\/p>\n\n\n\n<p>Komentet e tij t\u00eb fundit vijn\u00eb nd\u00ebrsa Moska vazhdon t\u00eb sinjalizoj\u00eb konfrontim me Per\u00ebndimin, nd\u00ebrsa nj\u00ebkoh\u00ebsisht diskuton marr\u00ebveshje t\u00eb mundshme arm\u00ebpushimi.Ish-ambasadori i SHBA-s\u00eb n\u00eb Ukrain\u00eb, Steven Pifer, i tha m\u00eb par\u00eb gazet\u00ebs Kyiv Post se retorika e Medvedevit nuk duhet t\u00eb shihet si politik\u00eb autoritare e Kremlinit, duke tallur k\u00ebrc\u00ebnimet e p\u00ebrs\u00ebritura b\u00ebrthamore t\u00eb ish-presidentit rus.<\/p>\n\n\n\n<p>\u201cIsh-Presidenti Medvedev thot\u00eb shum\u00eb gj\u00ebra q\u00eb, sinqerisht, jan\u00eb n\u00eb kufijt\u00eb e \u00e7menduris\u00eb ose thjesht t\u00eb \u00e7menduris\u00eb s\u00eb plot\u00eb\u201d, tha Pifer.<\/p>\n\n\n\n<p>Pifer tha gjithashtu se Moska p\u00ebrdor shpesh k\u00ebrc\u00ebnimet b\u00ebrthamore si nj\u00eb taktik\u00eb frik\u00ebsimi q\u00eb synon dob\u00ebsimin e mb\u00ebshtetjes per\u00ebndimore dhe evropiane p\u00ebr Ukrain\u00ebn.<\/p>\n","protected":false},"excerpt":{"rendered":"<p>Ish-presidenti rus dhe z\u00ebvend\u00ebskryetari aktual i K\u00ebshillit t\u00eb Siguris\u00eb s\u00eb Rusis\u00eb, Dmitry Medvedev, tha t\u00eb enjten se nj\u00eb apokalips b\u00ebrthamor \u00ebsht\u00eb \u201crealistikisht i mundur\u201d, duke ringjallur retorik\u00ebn b\u00ebrthamore t\u00eb Kremlinit mes luft\u00ebs s\u00eb vazhdueshme t\u00eb Mosk\u00ebs kund\u00ebr Ukrain\u00ebs. \u00abShpesh m\u00eb qortojn\u00eb p\u00ebr p\u00ebrdorimin e retorik\u00ebs s\u00eb ashp\u00ebr dhe p\u00ebr t\u00eb folur p\u00ebr apokalipsin b\u00ebrthamor, por [&hellip;]<\/p>\n","protected":false},"author":4,"featured_media":12888,"comment_status":"open","ping_status":"open","sticky":false,"template":"","format":"standard","meta":{"footnotes":""},"categories":[33,30],"tags":[],"class_list":{"0":"post-12887","1":"post","2":"type-post","3":"status-publish","4":"format-standard","5":"has-post-thumbnail","7":"category-bote","8":"category-lajme"},"yoast_head":"<!-- This site is optimized with the Yoast SEO plugin v27.4 - https:\/\/yoast.com\/product\/yoast-seo-wordpress\/ -->\n<title>Medvedev ringjall k\u00ebrc\u00ebnimet e apokalipsit b\u00ebrthamor - Kosova Times<\/title>\n<meta name=\"robots\" content=\"index, follow, max-snippet:-1, max-image-preview:large, max-video-preview:-1\" \/>\n<link rel=\"canonical\" href=\"https:\/\/kosovatimes.info\/index.php\/2026\/05\/01\/medvedev-ringjall-kercenimet-e-apokalipsit-berthamor\/\" \/>\n<meta property=\"og:locale\" content=\"en_US\" \/>\n<meta property=\"og:type\" content=\"article\" \/>\n<meta property=\"og:title\" content=\"Medvedev ringjall k\u00ebrc\u00ebnimet e apokalipsit b\u00ebrthamor - Kosova Times\" \/>\n<meta property=\"og:description\" content=\"Ish-presidenti rus dhe z\u00ebvend\u00ebskryetari aktual i K\u00ebshillit t\u00eb Siguris\u00eb s\u00eb Rusis\u00eb, Dmitry Medvedev, tha t\u00eb enjten se nj\u00eb apokalips b\u00ebrthamor \u00ebsht\u00eb \u201crealistikisht i mundur\u201d, duke ringjallur retorik\u00ebn b\u00ebrthamore t\u00eb Kremlinit mes luft\u00ebs s\u00eb vazhdueshme t\u00eb Mosk\u00ebs kund\u00ebr Ukrain\u00ebs. \u00abShpesh m\u00eb qortojn\u00eb p\u00ebr p\u00ebrdorimin e retorik\u00ebs s\u00eb ashp\u00ebr dhe p\u00ebr t\u00eb folur p\u00ebr apokalipsin b\u00ebrthamor, por [&hellip;]\" \/>\n<meta property=\"og:url\" content=\"https:\/\/kosovatimes.info\/index.php\/2026\/05\/01\/medvedev-ringjall-kercenimet-e-apokalipsit-berthamor\/\" \/>\n<meta property=\"og:site_name\" content=\"Kosova Times\" \/>\n<meta property=\"article:published_time\" content=\"2026-05-01T07:11:16+00:00\" \/>\n<meta property=\"article:modified_time\" content=\"2026-05-01T07:11:18+00:00\" \/>\n<meta property=\"og:image\" content=\"https:\/\/kosovatimes.info\/wp-content\/uploads\/2026\/05\/Medvedev.webp\" \/>\n\t<meta property=\"og:image:width\" content=\"2560\" \/>\n\t<meta property=\"og:image:height\" content=\"1820\" \/>\n\t<meta property=\"og:image:type\" content=\"image\/webp\" \/>\n<meta name=\"author\" content=\"i l\" \/>\n<meta name=\"twitter:card\" content=\"summary_large_image\" \/>\n<meta name=\"twitter:label1\" content=\"Written by\" \/>\n\t<meta name=\"twitter:data1\" content=\"i l\" \/>\n\t<meta name=\"twitter:label2\" content=\"Est. reading time\" \/>\n\t<meta name=\"twitter:data2\" content=\"2 minutes\" \/>\n<script type=\"application\/ld+json\" class=\"yoast-schema-graph\">{\"@context\":\"https:\\\/\\\/schema.org\",\"@graph\":[{\"@type\":\"Article\",\"@id\":\"https:\\\/\\\/kosovatimes.info\\\/index.php\\\/2026\\\/05\\\/01\\\/medvedev-ringjall-kercenimet-e-apokalipsit-berthamor\\\/#article\",\"isPartOf\":{\"@id\":\"https:\\\/\\\/kosovatimes.info\\\/index.php\\\/2026\\\/05\\\/01\\\/medvedev-ringjall-kercenimet-e-apokalipsit-berthamor\\\/\"},\"author\":{\"name\":\"i l\",\"@id\":\"https:\\\/\\\/kosovatimes.info\\\/#\\\/schema\\\/person\\\/7586712b9c512fe68085de007378c915\"},\"headline\":\"Medvedev ringjall k\u00ebrc\u00ebnimet e apokalipsit b\u00ebrthamor\",\"datePublished\":\"2026-05-01T07:11:16+00:00\",\"dateModified\":\"2026-05-01T07:11:18+00:00\",\"mainEntityOfPage\":{\"@id\":\"https:\\\/\\\/kosovatimes.info\\\/index.php\\\/2026\\\/05\\\/01\\\/medvedev-ringjall-kercenimet-e-apokalipsit-berthamor\\\/\"},\"wordCount\":393,\"commentCount\":0,\"image\":{\"@id\":\"https:\\\/\\\/kosovatimes.info\\\/index.php\\\/2026\\\/05\\\/01\\\/medvedev-ringjall-kercenimet-e-apokalipsit-berthamor\\\/#primaryimage\"},\"thumbnailUrl\":\"https:\\\/\\\/kosovatimes.info\\\/wp-content\\\/uploads\\\/2026\\\/05\\\/Medvedev.webp\",\"articleSection\":[\"Bot\u00eb\",\"Lajme\"],\"inLanguage\":\"en-US\",\"potentialAction\":[{\"@type\":\"CommentAction\",\"name\":\"Comment\",\"target\":[\"https:\\\/\\\/kosovatimes.info\\\/index.php\\\/2026\\\/05\\\/01\\\/medvedev-ringjall-kercenimet-e-apokalipsit-berthamor\\\/#respond\"]}]},{\"@type\":\"WebPage\",\"@id\":\"https:\\\/\\\/kosovatimes.info\\\/index.php\\\/2026\\\/05\\\/01\\\/medvedev-ringjall-kercenimet-e-apokalipsit-berthamor\\\/\",\"url\":\"https:\\\/\\\/kosovatimes.info\\\/index.php\\\/2026\\\/05\\\/01\\\/medvedev-ringjall-kercenimet-e-apokalipsit-berthamor\\\/\",\"name\":\"Medvedev ringjall k\u00ebrc\u00ebnimet e apokalipsit b\u00ebrthamor - Kosova Times\",\"isPartOf\":{\"@id\":\"https:\\\/\\\/kosovatimes.info\\\/#website\"},\"primaryImageOfPage\":{\"@id\":\"https:\\\/\\\/kosovatimes.info\\\/index.php\\\/2026\\\/05\\\/01\\\/medvedev-ringjall-kercenimet-e-apokalipsit-berthamor\\\/#primaryimage\"},\"image\":{\"@id\":\"https:\\\/\\\/kosovatimes.info\\\/index.php\\\/2026\\\/05\\\/01\\\/medvedev-ringjall-kercenimet-e-apokalipsit-berthamor\\\/#primaryimage\"},\"thumbnailUrl\":\"https:\\\/\\\/kosovatimes.info\\\/wp-content\\\/uploads\\\/2026\\\/05\\\/Medvedev.webp\",\"datePublished\":\"2026-05-01T07:11:16+00:00\",\"dateModified\":\"2026-05-01T07:11:18+00:00\",\"author\":{\"@id\":\"https:\\\/\\\/kosovatimes.info\\\/#\\\/schema\\\/person\\\/7586712b9c512fe68085de007378c915\"},\"breadcrumb\":{\"@id\":\"https:\\\/\\\/kosovatimes.info\\\/index.php\\\/2026\\\/05\\\/01\\\/medvedev-ringjall-kercenimet-e-apokalipsit-berthamor\\\/#breadcrumb\"},\"inLanguage\":\"en-US\",\"potentialAction\":[{\"@type\":\"ReadAction\",\"target\":[\"https:\\\/\\\/kosovatimes.info\\\/index.php\\\/2026\\\/05\\\/01\\\/medvedev-ringjall-kercenimet-e-apokalipsit-berthamor\\\/\"]}]},{\"@type\":\"ImageObject\",\"inLanguage\":\"en-US\",\"@id\":\"https:\\\/\\\/kosovatimes.info\\\/index.php\\\/2026\\\/05\\\/01\\\/medvedev-ringjall-kercenimet-e-apokalipsit-berthamor\\\/#primaryimage\",\"url\":\"https:\\\/\\\/kosovatimes.info\\\/wp-content\\\/uploads\\\/2026\\\/05\\\/Medvedev.webp\",\"contentUrl\":\"https:\\\/\\\/kosovatimes.info\\\/wp-content\\\/uploads\\\/2026\\\/05\\\/Medvedev.webp\",\"width\":2560,\"height\":1820},{\"@type\":\"BreadcrumbList\",\"@id\":\"https:\\\/\\\/kosovatimes.info\\\/index.php\\\/2026\\\/05\\\/01\\\/medvedev-ringjall-kercenimet-e-apokalipsit-berthamor\\\/#breadcrumb\",\"itemListElement\":[{\"@type\":\"ListItem\",\"position\":1,\"name\":\"Home\",\"item\":\"https:\\\/\\\/kosovatimes.info\\\/\"},{\"@type\":\"ListItem\",\"position\":2,\"name\":\"Medvedev ringjall k\u00ebrc\u00ebnimet e apokalipsit b\u00ebrthamor\"}]},{\"@type\":\"WebSite\",\"@id\":\"https:\\\/\\\/kosovatimes.info\\\/#website\",\"url\":\"https:\\\/\\\/kosovatimes.info\\\/\",\"name\":\"Kosova Times\",\"description\":\"\",\"potentialAction\":[{\"@type\":\"SearchAction\",\"target\":{\"@type\":\"EntryPoint\",\"urlTemplate\":\"https:\\\/\\\/kosovatimes.info\\\/?s={search_term_string}\"},\"query-input\":{\"@type\":\"PropertyValueSpecification\",\"valueRequired\":true,\"valueName\":\"search_term_string\"}}],\"inLanguage\":\"en-US\"},{\"@type\":\"Person\",\"@id\":\"https:\\\/\\\/kosovatimes.info\\\/#\\\/schema\\\/person\\\/7586712b9c512fe68085de007378c915\",\"name\":\"i l\",\"image\":{\"@type\":\"ImageObject\",\"inLanguage\":\"en-US\",\"@id\":\"https:\\\/\\\/secure.gravatar.com\\\/avatar\\\/bad9296e02816160ae2e2435beda58222022298d5625d49fea74d18816fbb31d?s=96&d=mm&r=g\",\"url\":\"https:\\\/\\\/secure.gravatar.com\\\/avatar\\\/bad9296e02816160ae2e2435beda58222022298d5625d49fea74d18816fbb31d?s=96&d=mm&r=g\",\"contentUrl\":\"https:\\\/\\\/secure.gravatar.com\\\/avatar\\\/bad9296e02816160ae2e2435beda58222022298d5625d49fea74d18816fbb31d?s=96&d=mm&r=g\",\"caption\":\"i l\"},\"url\":\"https:\\\/\\\/kosovatimes.info\\\/index.php\\\/author\\\/iliri\\\/\"}]}<\/script>\n<!-- \/ Yoast SEO plugin. -->","yoast_head_json":{"title":"Medvedev ringjall k\u00ebrc\u00ebnimet e apokalipsit b\u00ebrthamor - Kosova Times","robots":{"index":"index","follow":"follow","max-snippet":"max-snippet:-1","max-image-preview":"max-image-preview:large","max-video-preview":"max-video-preview:-1"},"canonical":"https:\/\/kosovatimes.info\/index.php\/2026\/05\/01\/medvedev-ringjall-kercenimet-e-apokalipsit-berthamor\/","og_locale":"en_US","og_type":"article","og_title":"Medvedev ringjall k\u00ebrc\u00ebnimet e apokalipsit b\u00ebrthamor - Kosova Times","og_description":"Ish-presidenti rus dhe z\u00ebvend\u00ebskryetari aktual i K\u00ebshillit t\u00eb Siguris\u00eb s\u00eb Rusis\u00eb, Dmitry Medvedev, tha t\u00eb enjten se nj\u00eb apokalips b\u00ebrthamor \u00ebsht\u00eb \u201crealistikisht i mundur\u201d, duke ringjallur retorik\u00ebn b\u00ebrthamore t\u00eb Kremlinit mes luft\u00ebs s\u00eb vazhdueshme t\u00eb Mosk\u00ebs kund\u00ebr Ukrain\u00ebs. \u00abShpesh m\u00eb qortojn\u00eb p\u00ebr p\u00ebrdorimin e retorik\u00ebs s\u00eb ashp\u00ebr dhe p\u00ebr t\u00eb folur p\u00ebr apokalipsin b\u00ebrthamor, por [&hellip;]","og_url":"https:\/\/kosovatimes.info\/index.php\/2026\/05\/01\/medvedev-ringjall-kercenimet-e-apokalipsit-berthamor\/","og_site_name":"Kosova Times","article_published_time":"2026-05-01T07:11:16+00:00","article_modified_time":"2026-05-01T07:11:18+00:00","og_image":[{"width":2560,"height":1820,"url":"https:\/\/kosovatimes.info\/wp-content\/uploads\/2026\/05\/Medvedev.webp","type":"image\/webp"}],"author":"i l","twitter_card":"summary_large_image","twitter_misc":{"Written by":"i l","Est. reading time":"2 minutes"},"schema":{"@context":"https:\/\/schema.org","@graph":[{"@type":"Article","@id":"https:\/\/kosovatimes.info\/index.php\/2026\/05\/01\/medvedev-ringjall-kercenimet-e-apokalipsit-berthamor\/#article","isPartOf":{"@id":"https:\/\/kosovatimes.info\/index.php\/2026\/05\/01\/medvedev-ringjall-kercenimet-e-apokalipsit-berthamor\/"},"author":{"name":"i l","@id":"https:\/\/kosovatimes.info\/#\/schema\/person\/7586712b9c512fe68085de007378c915"},"headline":"Medvedev ringjall k\u00ebrc\u00ebnimet e apokalipsit b\u00ebrthamor","datePublished":"2026-05-01T07:11:16+00:00","dateModified":"2026-05-01T07:11:18+00:00","mainEntityOfPage":{"@id":"https:\/\/kosovatimes.info\/index.php\/2026\/05\/01\/medvedev-ringjall-kercenimet-e-apokalipsit-berthamor\/"},"wordCount":393,"commentCount":0,"image":{"@id":"https:\/\/kosovatimes.info\/index.php\/2026\/05\/01\/medvedev-ringjall-kercenimet-e-apokalipsit-berthamor\/#primaryimage"},"thumbnailUrl":"https:\/\/kosovatimes.info\/wp-content\/uploads\/2026\/05\/Medvedev.webp","articleSection":["Bot\u00eb","Lajme"],"inLanguage":"en-US","potentialAction":[{"@type":"CommentAction","name":"Comment","target":["https:\/\/kosovatimes.info\/index.php\/2026\/05\/01\/medvedev-ringjall-kercenimet-e-apokalipsit-berthamor\/#respond"]}]},{"@type":"WebPage","@id":"https:\/\/kosovatimes.info\/index.php\/2026\/05\/01\/medvedev-ringjall-kercenimet-e-apokalipsit-berthamor\/","url":"https:\/\/kosovatimes.info\/index.php\/2026\/05\/01\/medvedev-ringjall-kercenimet-e-apokalipsit-berthamor\/","name":"Medvedev ringjall k\u00ebrc\u00ebnimet e apokalipsit b\u00ebrthamor - Kosova Times","isPartOf":{"@id":"https:\/\/kosovatimes.info\/#website"},"primaryImageOfPage":{"@id":"https:\/\/kosovatimes.info\/index.php\/2026\/05\/01\/medvedev-ringjall-kercenimet-e-apokalipsit-berthamor\/#primaryimage"},"image":{"@id":"https:\/\/kosovatimes.info\/index.php\/2026\/05\/01\/medvedev-ringjall-kercenimet-e-apokalipsit-berthamor\/#primaryimage"},"thumbnailUrl":"https:\/\/kosovatimes.info\/wp-content\/uploads\/2026\/05\/Medvedev.webp","datePublished":"2026-05-01T07:11:16+00:00","dateModified":"2026-05-01T07:11:18+00:00","author":{"@id":"https:\/\/kosovatimes.info\/#\/schema\/person\/7586712b9c512fe68085de007378c915"},"breadcrumb":{"@id":"https:\/\/kosovatimes.info\/index.php\/2026\/05\/01\/medvedev-ringjall-kercenimet-e-apokalipsit-berthamor\/#breadcrumb"},"inLanguage":"en-US","potentialAction":[{"@type":"ReadAction","target":["https:\/\/kosovatimes.info\/index.php\/2026\/05\/01\/medvedev-ringjall-kercenimet-e-apokalipsit-berthamor\/"]}]},{"@type":"ImageObject","inLanguage":"en-US","@id":"https:\/\/kosovatimes.info\/index.php\/2026\/05\/01\/medvedev-ringjall-kercenimet-e-apokalipsit-berthamor\/#primaryimage","url":"https:\/\/kosovatimes.info\/wp-content\/uploads\/2026\/05\/Medvedev.webp","contentUrl":"https:\/\/kosovatimes.info\/wp-content\/uploads\/2026\/05\/Medvedev.webp","width":2560,"height":1820},{"@type":"BreadcrumbList","@id":"https:\/\/kosovatimes.info\/index.php\/2026\/05\/01\/medvedev-ringjall-kercenimet-e-apokalipsit-berthamor\/#breadcrumb","itemListElement":[{"@type":"ListItem","position":1,"name":"Home","item":"https:\/\/kosovatimes.info\/"},{"@type":"ListItem","position":2,"name":"Medvedev ringjall k\u00ebrc\u00ebnimet e apokalipsit b\u00ebrthamor"}]},{"@type":"WebSite","@id":"https:\/\/kosovatimes.info\/#website","url":"https:\/\/kosovatimes.info\/","name":"Kosova Times","description":"","potentialAction":[{"@type":"SearchAction","target":{"@type":"EntryPoint","urlTemplate":"https:\/\/kosovatimes.info\/?s={search_term_string}"},"query-input":{"@type":"PropertyValueSpecification","valueRequired":true,"valueName":"search_term_string"}}],"inLanguage":"en-US"},{"@type":"Person","@id":"https:\/\/kosovatimes.info\/#\/schema\/person\/7586712b9c512fe68085de007378c915","name":"i l","image":{"@type":"ImageObject","inLanguage":"en-US","@id":"https:\/\/secure.gravatar.com\/avatar\/bad9296e02816160ae2e2435beda58222022298d5625d49fea74d18816fbb31d?s=96&d=mm&r=g","url":"https:\/\/secure.gravatar.com\/avatar\/bad9296e02816160ae2e2435beda58222022298d5625d49fea74d18816fbb31d?s=96&d=mm&r=g","contentUrl":"https:\/\/secure.gravatar.com\/avatar\/bad9296e02816160ae2e2435beda58222022298d5625d49fea74d18816fbb31d?s=96&d=mm&r=g","caption":"i l"},"url":"https:\/\/kosovatimes.info\/index.php\/author\/iliri\/"}]}},"_links":{"self":[{"href":"https:\/\/kosovatimes.info\/index.php\/wp-json\/wp\/v2\/posts\/12887","targetHints":{"allow":["GET"]}}],"collection":[{"href":"https:\/\/kosovatimes.info\/index.php\/wp-json\/wp\/v2\/posts"}],"about":[{"href":"https:\/\/kosovatimes.info\/index.php\/wp-json\/wp\/v2\/types\/post"}],"author":[{"embeddable":true,"href":"https:\/\/kosovatimes.info\/index.php\/wp-json\/wp\/v2\/users\/4"}],"replies":[{"embeddable":true,"href":"https:\/\/kosovatimes.info\/index.php\/wp-json\/wp\/v2\/comments?post=12887"}],"version-history":[{"count":1,"href":"https:\/\/kosovatimes.info\/index.php\/wp-json\/wp\/v2\/posts\/12887\/revisions"}],"predecessor-version":[{"id":12889,"href":"https:\/\/kosovatimes.info\/index.php\/wp-json\/wp\/v2\/posts\/12887\/revisions\/12889"}],"wp:featuredmedia":[{"embeddable":true,"href":"https:\/\/kosovatimes.info\/index.php\/wp-json\/wp\/v2\/media\/12888"}],"wp:attachment":[{"href":"https:\/\/kosovatimes.info\/index.php\/wp-json\/wp\/v2\/media?parent=12887"}],"wp:term":[{"taxonomy":"category","embeddable":true,"href":"https:\/\/kosovatimes.info\/index.php\/wp-json\/wp\/v2\/categories?post=12887"},{"taxonomy":"post_tag","embeddable":true,"href":"https:\/\/kosovatimes.info\/index.php\/wp-json\/wp\/v2\/tags?post=12887"}],"curies":[{"name":"wp","href":"https:\/\/api.w.org\/{rel}","templated":true}]}}