{"id":12901,"date":"2026-05-01T10:47:04","date_gmt":"2026-05-01T08:47:04","guid":{"rendered":"https:\/\/kosovatimes.info\/?p=12901"},"modified":"2026-05-01T10:47:07","modified_gmt":"2026-05-01T08:47:07","slug":"ft-kerkesat-e-kievit-per-te-pershpejtuar-pranimin-ne-be-e-irritojne-evropen","status":"publish","type":"post","link":"https:\/\/kosovatimes.info\/index.php\/2026\/05\/01\/ft-kerkesat-e-kievit-per-te-pershpejtuar-pranimin-ne-be-e-irritojne-evropen\/","title":{"rendered":"FT: K\u00ebrkesat e Kievit p\u00ebr t\u00eb p\u00ebrshpejtuar pranimin n\u00eb BE e irritojn\u00eb Evrop\u00ebn"},"content":{"rendered":"\n<p>Autoritetet ukrainase po k\u00ebrkojn\u00eb n\u00eb m\u00ebnyr\u00eb aktive nj\u00eb an\u00ebtar\u00ebsim t\u00eb p\u00ebrshpejtuar n\u00eb Bashkimin Evropian, gj\u00eb q\u00eb po i acaron partner\u00ebt e tyre evropian\u00eb, raporton Financial Times (FT), duke cituar burime.<\/p>\n\n\n\n<p>Sipas botimit, zyrtar\u00ebt ukrainas n\u00eb negociata me SHBA-n\u00eb dhe BE-n\u00eb po k\u00ebmb\u00ebngulin n\u00eb miratimin e shpejt\u00eb t\u00eb integrimit dhe po kritikojn\u00eb Komisionin Evropian p\u00ebr qasjen e tij ndaj zgjerimit t\u00eb BE-s\u00eb. Kievi pohon se BE-ja \u00ebsht\u00eb po aq e interesuar p\u00ebr Ukrain\u00ebn sa \u00ebsht\u00eb Ukraina p\u00ebr an\u00ebtar\u00ebsimin.<\/p>\n\n\n\n<p>Diplomat\u00ebt evropian\u00eb, nga ana e tyre, v\u00ebn\u00eb n\u00eb dukje se nj\u00eb retorik\u00eb e till\u00eb i nd\u00ebrlikon negociatat dhe injoron procedurat ekzistuese. &#8220;An\u00ebtar\u00ebsimi nuk \u00ebsht\u00eb nj\u00eb dhurat\u00eb. Ndoshta ka ndonj\u00eb keqkuptim n\u00eb lidhje me k\u00ebt\u00eb n\u00eb Kiev&#8221;,&nbsp;<a href=\"https:\/\/www.ft.com\/content\/4641fc30-6fc9-43d4-bc84-7ea0521a79b1?syn-25a6b1a6=1\" target=\"_blank\" rel=\"noreferrer noopener\">i tha<\/a>&nbsp;FT nj\u00eb burim i FT.<\/p>\n\n\n\n<p>Sipas FT, Presidenti ukrainas Volodymyr Zelenskyy u dha udh\u00ebzime diplomat\u00ebve q\u00eb t\u00eb mos diskutojn\u00eb formate alternative p\u00ebr afrimin me BE-n\u00eb dhe t\u00eb k\u00ebmb\u00ebngulin ekskluzivisht n\u00eb an\u00ebtar\u00ebsimin e plot\u00eb.v<\/p>\n","protected":false},"excerpt":{"rendered":"<p>Autoritetet ukrainase po k\u00ebrkojn\u00eb n\u00eb m\u00ebnyr\u00eb aktive nj\u00eb an\u00ebtar\u00ebsim t\u00eb p\u00ebrshpejtuar n\u00eb Bashkimin Evropian, gj\u00eb q\u00eb po i acaron partner\u00ebt e tyre evropian\u00eb, raporton Financial Times (FT), duke cituar burime. Sipas botimit, zyrtar\u00ebt ukrainas n\u00eb negociata me SHBA-n\u00eb dhe BE-n\u00eb po k\u00ebmb\u00ebngulin n\u00eb miratimin e shpejt\u00eb t\u00eb integrimit dhe po kritikojn\u00eb Komisionin Evropian p\u00ebr qasjen [&hellip;]<\/p>\n","protected":false},"author":4,"featured_media":12902,"comment_status":"open","ping_status":"open","sticky":false,"template":"","format":"standard","meta":{"footnotes":""},"categories":[33,30],"tags":[],"class_list":{"0":"post-12901","1":"post","2":"type-post","3":"status-publish","4":"format-standard","5":"has-post-thumbnail","7":"category-bote","8":"category-lajme"},"yoast_head":"<!-- This site is optimized with the Yoast SEO plugin v27.4 - https:\/\/yoast.com\/product\/yoast-seo-wordpress\/ -->\n<title>FT: K\u00ebrkesat e Kievit p\u00ebr t\u00eb p\u00ebrshpejtuar pranimin n\u00eb BE e irritojn\u00eb Evrop\u00ebn - Kosova Times<\/title>\n<meta name=\"robots\" content=\"index, follow, max-snippet:-1, max-image-preview:large, max-video-preview:-1\" \/>\n<link rel=\"canonical\" href=\"https:\/\/kosovatimes.info\/index.php\/2026\/05\/01\/ft-kerkesat-e-kievit-per-te-pershpejtuar-pranimin-ne-be-e-irritojne-evropen\/\" \/>\n<meta property=\"og:locale\" content=\"en_US\" \/>\n<meta property=\"og:type\" content=\"article\" \/>\n<meta property=\"og:title\" content=\"FT: K\u00ebrkesat e Kievit p\u00ebr t\u00eb p\u00ebrshpejtuar pranimin n\u00eb BE e irritojn\u00eb Evrop\u00ebn - Kosova Times\" \/>\n<meta property=\"og:description\" content=\"Autoritetet ukrainase po k\u00ebrkojn\u00eb n\u00eb m\u00ebnyr\u00eb aktive nj\u00eb an\u00ebtar\u00ebsim t\u00eb p\u00ebrshpejtuar n\u00eb Bashkimin Evropian, gj\u00eb q\u00eb po i acaron partner\u00ebt e tyre evropian\u00eb, raporton Financial Times (FT), duke cituar burime. Sipas botimit, zyrtar\u00ebt ukrainas n\u00eb negociata me SHBA-n\u00eb dhe BE-n\u00eb po k\u00ebmb\u00ebngulin n\u00eb miratimin e shpejt\u00eb t\u00eb integrimit dhe po kritikojn\u00eb Komisionin Evropian p\u00ebr qasjen [&hellip;]\" \/>\n<meta property=\"og:url\" content=\"https:\/\/kosovatimes.info\/index.php\/2026\/05\/01\/ft-kerkesat-e-kievit-per-te-pershpejtuar-pranimin-ne-be-e-irritojne-evropen\/\" \/>\n<meta property=\"og:site_name\" content=\"Kosova Times\" \/>\n<meta property=\"article:published_time\" content=\"2026-05-01T08:47:04+00:00\" \/>\n<meta property=\"article:modified_time\" content=\"2026-05-01T08:47:07+00:00\" \/>\n<meta name=\"author\" content=\"i l\" \/>\n<meta name=\"twitter:card\" content=\"summary_large_image\" \/>\n<meta name=\"twitter:label1\" content=\"Written by\" \/>\n\t<meta name=\"twitter:data1\" content=\"i l\" \/>\n\t<meta name=\"twitter:label2\" content=\"Est. reading time\" \/>\n\t<meta name=\"twitter:data2\" content=\"1 minute\" \/>\n<script type=\"application\/ld+json\" class=\"yoast-schema-graph\">{\"@context\":\"https:\\\/\\\/schema.org\",\"@graph\":[{\"@type\":\"Article\",\"@id\":\"https:\\\/\\\/kosovatimes.info\\\/index.php\\\/2026\\\/05\\\/01\\\/ft-kerkesat-e-kievit-per-te-pershpejtuar-pranimin-ne-be-e-irritojne-evropen\\\/#article\",\"isPartOf\":{\"@id\":\"https:\\\/\\\/kosovatimes.info\\\/index.php\\\/2026\\\/05\\\/01\\\/ft-kerkesat-e-kievit-per-te-pershpejtuar-pranimin-ne-be-e-irritojne-evropen\\\/\"},\"author\":{\"name\":\"i l\",\"@id\":\"https:\\\/\\\/kosovatimes.info\\\/#\\\/schema\\\/person\\\/7586712b9c512fe68085de007378c915\"},\"headline\":\"FT: K\u00ebrkesat e Kievit p\u00ebr t\u00eb p\u00ebrshpejtuar pranimin n\u00eb BE e irritojn\u00eb Evrop\u00ebn\",\"datePublished\":\"2026-05-01T08:47:04+00:00\",\"dateModified\":\"2026-05-01T08:47:07+00:00\",\"mainEntityOfPage\":{\"@id\":\"https:\\\/\\\/kosovatimes.info\\\/index.php\\\/2026\\\/05\\\/01\\\/ft-kerkesat-e-kievit-per-te-pershpejtuar-pranimin-ne-be-e-irritojne-evropen\\\/\"},\"wordCount\":196,\"commentCount\":0,\"image\":{\"@id\":\"https:\\\/\\\/kosovatimes.info\\\/index.php\\\/2026\\\/05\\\/01\\\/ft-kerkesat-e-kievit-per-te-pershpejtuar-pranimin-ne-be-e-irritojne-evropen\\\/#primaryimage\"},\"thumbnailUrl\":\"https:\\\/\\\/kosovatimes.info\\\/wp-content\\\/uploads\\\/2026\\\/05\\\/BE-Ukrin.avif\",\"articleSection\":[\"Bot\u00eb\",\"Lajme\"],\"inLanguage\":\"en-US\",\"potentialAction\":[{\"@type\":\"CommentAction\",\"name\":\"Comment\",\"target\":[\"https:\\\/\\\/kosovatimes.info\\\/index.php\\\/2026\\\/05\\\/01\\\/ft-kerkesat-e-kievit-per-te-pershpejtuar-pranimin-ne-be-e-irritojne-evropen\\\/#respond\"]}]},{\"@type\":\"WebPage\",\"@id\":\"https:\\\/\\\/kosovatimes.info\\\/index.php\\\/2026\\\/05\\\/01\\\/ft-kerkesat-e-kievit-per-te-pershpejtuar-pranimin-ne-be-e-irritojne-evropen\\\/\",\"url\":\"https:\\\/\\\/kosovatimes.info\\\/index.php\\\/2026\\\/05\\\/01\\\/ft-kerkesat-e-kievit-per-te-pershpejtuar-pranimin-ne-be-e-irritojne-evropen\\\/\",\"name\":\"FT: K\u00ebrkesat e Kievit p\u00ebr t\u00eb p\u00ebrshpejtuar pranimin n\u00eb BE e irritojn\u00eb Evrop\u00ebn - Kosova Times\",\"isPartOf\":{\"@id\":\"https:\\\/\\\/kosovatimes.info\\\/#website\"},\"primaryImageOfPage\":{\"@id\":\"https:\\\/\\\/kosovatimes.info\\\/index.php\\\/2026\\\/05\\\/01\\\/ft-kerkesat-e-kievit-per-te-pershpejtuar-pranimin-ne-be-e-irritojne-evropen\\\/#primaryimage\"},\"image\":{\"@id\":\"https:\\\/\\\/kosovatimes.info\\\/index.php\\\/2026\\\/05\\\/01\\\/ft-kerkesat-e-kievit-per-te-pershpejtuar-pranimin-ne-be-e-irritojne-evropen\\\/#primaryimage\"},\"thumbnailUrl\":\"https:\\\/\\\/kosovatimes.info\\\/wp-content\\\/uploads\\\/2026\\\/05\\\/BE-Ukrin.avif\",\"datePublished\":\"2026-05-01T08:47:04+00:00\",\"dateModified\":\"2026-05-01T08:47:07+00:00\",\"author\":{\"@id\":\"https:\\\/\\\/kosovatimes.info\\\/#\\\/schema\\\/person\\\/7586712b9c512fe68085de007378c915\"},\"breadcrumb\":{\"@id\":\"https:\\\/\\\/kosovatimes.info\\\/index.php\\\/2026\\\/05\\\/01\\\/ft-kerkesat-e-kievit-per-te-pershpejtuar-pranimin-ne-be-e-irritojne-evropen\\\/#breadcrumb\"},\"inLanguage\":\"en-US\",\"potentialAction\":[{\"@type\":\"ReadAction\",\"target\":[\"https:\\\/\\\/kosovatimes.info\\\/index.php\\\/2026\\\/05\\\/01\\\/ft-kerkesat-e-kievit-per-te-pershpejtuar-pranimin-ne-be-e-irritojne-evropen\\\/\"]}]},{\"@type\":\"ImageObject\",\"inLanguage\":\"en-US\",\"@id\":\"https:\\\/\\\/kosovatimes.info\\\/index.php\\\/2026\\\/05\\\/01\\\/ft-kerkesat-e-kievit-per-te-pershpejtuar-pranimin-ne-be-e-irritojne-evropen\\\/#primaryimage\",\"url\":\"https:\\\/\\\/kosovatimes.info\\\/wp-content\\\/uploads\\\/2026\\\/05\\\/BE-Ukrin.avif\",\"contentUrl\":\"https:\\\/\\\/kosovatimes.info\\\/wp-content\\\/uploads\\\/2026\\\/05\\\/BE-Ukrin.avif\",\"width\":1023,\"height\":575},{\"@type\":\"BreadcrumbList\",\"@id\":\"https:\\\/\\\/kosovatimes.info\\\/index.php\\\/2026\\\/05\\\/01\\\/ft-kerkesat-e-kievit-per-te-pershpejtuar-pranimin-ne-be-e-irritojne-evropen\\\/#breadcrumb\",\"itemListElement\":[{\"@type\":\"ListItem\",\"position\":1,\"name\":\"Home\",\"item\":\"https:\\\/\\\/kosovatimes.info\\\/\"},{\"@type\":\"ListItem\",\"position\":2,\"name\":\"FT: K\u00ebrkesat e Kievit p\u00ebr t\u00eb p\u00ebrshpejtuar pranimin n\u00eb BE e irritojn\u00eb Evrop\u00ebn\"}]},{\"@type\":\"WebSite\",\"@id\":\"https:\\\/\\\/kosovatimes.info\\\/#website\",\"url\":\"https:\\\/\\\/kosovatimes.info\\\/\",\"name\":\"Kosova Times\",\"description\":\"\",\"potentialAction\":[{\"@type\":\"SearchAction\",\"target\":{\"@type\":\"EntryPoint\",\"urlTemplate\":\"https:\\\/\\\/kosovatimes.info\\\/?s={search_term_string}\"},\"query-input\":{\"@type\":\"PropertyValueSpecification\",\"valueRequired\":true,\"valueName\":\"search_term_string\"}}],\"inLanguage\":\"en-US\"},{\"@type\":\"Person\",\"@id\":\"https:\\\/\\\/kosovatimes.info\\\/#\\\/schema\\\/person\\\/7586712b9c512fe68085de007378c915\",\"name\":\"i l\",\"image\":{\"@type\":\"ImageObject\",\"inLanguage\":\"en-US\",\"@id\":\"https:\\\/\\\/secure.gravatar.com\\\/avatar\\\/bad9296e02816160ae2e2435beda58222022298d5625d49fea74d18816fbb31d?s=96&d=mm&r=g\",\"url\":\"https:\\\/\\\/secure.gravatar.com\\\/avatar\\\/bad9296e02816160ae2e2435beda58222022298d5625d49fea74d18816fbb31d?s=96&d=mm&r=g\",\"contentUrl\":\"https:\\\/\\\/secure.gravatar.com\\\/avatar\\\/bad9296e02816160ae2e2435beda58222022298d5625d49fea74d18816fbb31d?s=96&d=mm&r=g\",\"caption\":\"i l\"},\"url\":\"https:\\\/\\\/kosovatimes.info\\\/index.php\\\/author\\\/iliri\\\/\"}]}<\/script>\n<!-- \/ Yoast SEO plugin. -->","yoast_head_json":{"title":"FT: K\u00ebrkesat e Kievit p\u00ebr t\u00eb p\u00ebrshpejtuar pranimin n\u00eb BE e irritojn\u00eb Evrop\u00ebn - Kosova Times","robots":{"index":"index","follow":"follow","max-snippet":"max-snippet:-1","max-image-preview":"max-image-preview:large","max-video-preview":"max-video-preview:-1"},"canonical":"https:\/\/kosovatimes.info\/index.php\/2026\/05\/01\/ft-kerkesat-e-kievit-per-te-pershpejtuar-pranimin-ne-be-e-irritojne-evropen\/","og_locale":"en_US","og_type":"article","og_title":"FT: K\u00ebrkesat e Kievit p\u00ebr t\u00eb p\u00ebrshpejtuar pranimin n\u00eb BE e irritojn\u00eb Evrop\u00ebn - Kosova Times","og_description":"Autoritetet ukrainase po k\u00ebrkojn\u00eb n\u00eb m\u00ebnyr\u00eb aktive nj\u00eb an\u00ebtar\u00ebsim t\u00eb p\u00ebrshpejtuar n\u00eb Bashkimin Evropian, gj\u00eb q\u00eb po i acaron partner\u00ebt e tyre evropian\u00eb, raporton Financial Times (FT), duke cituar burime. Sipas botimit, zyrtar\u00ebt ukrainas n\u00eb negociata me SHBA-n\u00eb dhe BE-n\u00eb po k\u00ebmb\u00ebngulin n\u00eb miratimin e shpejt\u00eb t\u00eb integrimit dhe po kritikojn\u00eb Komisionin Evropian p\u00ebr qasjen [&hellip;]","og_url":"https:\/\/kosovatimes.info\/index.php\/2026\/05\/01\/ft-kerkesat-e-kievit-per-te-pershpejtuar-pranimin-ne-be-e-irritojne-evropen\/","og_site_name":"Kosova Times","article_published_time":"2026-05-01T08:47:04+00:00","article_modified_time":"2026-05-01T08:47:07+00:00","author":"i l","twitter_card":"summary_large_image","twitter_misc":{"Written by":"i l","Est. reading time":"1 minute"},"schema":{"@context":"https:\/\/schema.org","@graph":[{"@type":"Article","@id":"https:\/\/kosovatimes.info\/index.php\/2026\/05\/01\/ft-kerkesat-e-kievit-per-te-pershpejtuar-pranimin-ne-be-e-irritojne-evropen\/#article","isPartOf":{"@id":"https:\/\/kosovatimes.info\/index.php\/2026\/05\/01\/ft-kerkesat-e-kievit-per-te-pershpejtuar-pranimin-ne-be-e-irritojne-evropen\/"},"author":{"name":"i l","@id":"https:\/\/kosovatimes.info\/#\/schema\/person\/7586712b9c512fe68085de007378c915"},"headline":"FT: K\u00ebrkesat e Kievit p\u00ebr t\u00eb p\u00ebrshpejtuar pranimin n\u00eb BE e irritojn\u00eb Evrop\u00ebn","datePublished":"2026-05-01T08:47:04+00:00","dateModified":"2026-05-01T08:47:07+00:00","mainEntityOfPage":{"@id":"https:\/\/kosovatimes.info\/index.php\/2026\/05\/01\/ft-kerkesat-e-kievit-per-te-pershpejtuar-pranimin-ne-be-e-irritojne-evropen\/"},"wordCount":196,"commentCount":0,"image":{"@id":"https:\/\/kosovatimes.info\/index.php\/2026\/05\/01\/ft-kerkesat-e-kievit-per-te-pershpejtuar-pranimin-ne-be-e-irritojne-evropen\/#primaryimage"},"thumbnailUrl":"https:\/\/kosovatimes.info\/wp-content\/uploads\/2026\/05\/BE-Ukrin.avif","articleSection":["Bot\u00eb","Lajme"],"inLanguage":"en-US","potentialAction":[{"@type":"CommentAction","name":"Comment","target":["https:\/\/kosovatimes.info\/index.php\/2026\/05\/01\/ft-kerkesat-e-kievit-per-te-pershpejtuar-pranimin-ne-be-e-irritojne-evropen\/#respond"]}]},{"@type":"WebPage","@id":"https:\/\/kosovatimes.info\/index.php\/2026\/05\/01\/ft-kerkesat-e-kievit-per-te-pershpejtuar-pranimin-ne-be-e-irritojne-evropen\/","url":"https:\/\/kosovatimes.info\/index.php\/2026\/05\/01\/ft-kerkesat-e-kievit-per-te-pershpejtuar-pranimin-ne-be-e-irritojne-evropen\/","name":"FT: K\u00ebrkesat e Kievit p\u00ebr t\u00eb p\u00ebrshpejtuar pranimin n\u00eb BE e irritojn\u00eb Evrop\u00ebn - Kosova Times","isPartOf":{"@id":"https:\/\/kosovatimes.info\/#website"},"primaryImageOfPage":{"@id":"https:\/\/kosovatimes.info\/index.php\/2026\/05\/01\/ft-kerkesat-e-kievit-per-te-pershpejtuar-pranimin-ne-be-e-irritojne-evropen\/#primaryimage"},"image":{"@id":"https:\/\/kosovatimes.info\/index.php\/2026\/05\/01\/ft-kerkesat-e-kievit-per-te-pershpejtuar-pranimin-ne-be-e-irritojne-evropen\/#primaryimage"},"thumbnailUrl":"https:\/\/kosovatimes.info\/wp-content\/uploads\/2026\/05\/BE-Ukrin.avif","datePublished":"2026-05-01T08:47:04+00:00","dateModified":"2026-05-01T08:47:07+00:00","author":{"@id":"https:\/\/kosovatimes.info\/#\/schema\/person\/7586712b9c512fe68085de007378c915"},"breadcrumb":{"@id":"https:\/\/kosovatimes.info\/index.php\/2026\/05\/01\/ft-kerkesat-e-kievit-per-te-pershpejtuar-pranimin-ne-be-e-irritojne-evropen\/#breadcrumb"},"inLanguage":"en-US","potentialAction":[{"@type":"ReadAction","target":["https:\/\/kosovatimes.info\/index.php\/2026\/05\/01\/ft-kerkesat-e-kievit-per-te-pershpejtuar-pranimin-ne-be-e-irritojne-evropen\/"]}]},{"@type":"ImageObject","inLanguage":"en-US","@id":"https:\/\/kosovatimes.info\/index.php\/2026\/05\/01\/ft-kerkesat-e-kievit-per-te-pershpejtuar-pranimin-ne-be-e-irritojne-evropen\/#primaryimage","url":"https:\/\/kosovatimes.info\/wp-content\/uploads\/2026\/05\/BE-Ukrin.avif","contentUrl":"https:\/\/kosovatimes.info\/wp-content\/uploads\/2026\/05\/BE-Ukrin.avif","width":1023,"height":575},{"@type":"BreadcrumbList","@id":"https:\/\/kosovatimes.info\/index.php\/2026\/05\/01\/ft-kerkesat-e-kievit-per-te-pershpejtuar-pranimin-ne-be-e-irritojne-evropen\/#breadcrumb","itemListElement":[{"@type":"ListItem","position":1,"name":"Home","item":"https:\/\/kosovatimes.info\/"},{"@type":"ListItem","position":2,"name":"FT: K\u00ebrkesat e Kievit p\u00ebr t\u00eb p\u00ebrshpejtuar pranimin n\u00eb BE e irritojn\u00eb Evrop\u00ebn"}]},{"@type":"WebSite","@id":"https:\/\/kosovatimes.info\/#website","url":"https:\/\/kosovatimes.info\/","name":"Kosova Times","description":"","potentialAction":[{"@type":"SearchAction","target":{"@type":"EntryPoint","urlTemplate":"https:\/\/kosovatimes.info\/?s={search_term_string}"},"query-input":{"@type":"PropertyValueSpecification","valueRequired":true,"valueName":"search_term_string"}}],"inLanguage":"en-US"},{"@type":"Person","@id":"https:\/\/kosovatimes.info\/#\/schema\/person\/7586712b9c512fe68085de007378c915","name":"i l","image":{"@type":"ImageObject","inLanguage":"en-US","@id":"https:\/\/secure.gravatar.com\/avatar\/bad9296e02816160ae2e2435beda58222022298d5625d49fea74d18816fbb31d?s=96&d=mm&r=g","url":"https:\/\/secure.gravatar.com\/avatar\/bad9296e02816160ae2e2435beda58222022298d5625d49fea74d18816fbb31d?s=96&d=mm&r=g","contentUrl":"https:\/\/secure.gravatar.com\/avatar\/bad9296e02816160ae2e2435beda58222022298d5625d49fea74d18816fbb31d?s=96&d=mm&r=g","caption":"i l"},"url":"https:\/\/kosovatimes.info\/index.php\/author\/iliri\/"}]}},"_links":{"self":[{"href":"https:\/\/kosovatimes.info\/index.php\/wp-json\/wp\/v2\/posts\/12901","targetHints":{"allow":["GET"]}}],"collection":[{"href":"https:\/\/kosovatimes.info\/index.php\/wp-json\/wp\/v2\/posts"}],"about":[{"href":"https:\/\/kosovatimes.info\/index.php\/wp-json\/wp\/v2\/types\/post"}],"author":[{"embeddable":true,"href":"https:\/\/kosovatimes.info\/index.php\/wp-json\/wp\/v2\/users\/4"}],"replies":[{"embeddable":true,"href":"https:\/\/kosovatimes.info\/index.php\/wp-json\/wp\/v2\/comments?post=12901"}],"version-history":[{"count":1,"href":"https:\/\/kosovatimes.info\/index.php\/wp-json\/wp\/v2\/posts\/12901\/revisions"}],"predecessor-version":[{"id":12903,"href":"https:\/\/kosovatimes.info\/index.php\/wp-json\/wp\/v2\/posts\/12901\/revisions\/12903"}],"wp:featuredmedia":[{"embeddable":true,"href":"https:\/\/kosovatimes.info\/index.php\/wp-json\/wp\/v2\/media\/12902"}],"wp:attachment":[{"href":"https:\/\/kosovatimes.info\/index.php\/wp-json\/wp\/v2\/media?parent=12901"}],"wp:term":[{"taxonomy":"category","embeddable":true,"href":"https:\/\/kosovatimes.info\/index.php\/wp-json\/wp\/v2\/categories?post=12901"},{"taxonomy":"post_tag","embeddable":true,"href":"https:\/\/kosovatimes.info\/index.php\/wp-json\/wp\/v2\/tags?post=12901"}],"curies":[{"name":"wp","href":"https:\/\/api.w.org\/{rel}","templated":true}]}}