{"id":12907,"date":"2026-05-01T10:55:52","date_gmt":"2026-05-01T08:55:52","guid":{"rendered":"https:\/\/kosovatimes.info\/?p=12907"},"modified":"2026-05-01T10:55:55","modified_gmt":"2026-05-01T08:55:55","slug":"sulmohet-zevendesrektorit-i-universitetit-aristoteli-i-selanikut","status":"publish","type":"post","link":"https:\/\/kosovatimes.info\/index.php\/2026\/05\/01\/sulmohet-zevendesrektorit-i-universitetit-aristoteli-i-selanikut\/","title":{"rendered":"Sulmohet  Z\u00ebvend\u00ebsrektorit i Universitetit Aristoteli i Selanikut"},"content":{"rendered":"\n<p>Rektorati i Universitetit po denoncon nj\u00eb sulm ndaj Z\u00ebvend\u00ebsrektorit p\u00ebr Marr\u00ebdh\u00ebnie Nd\u00ebrkomb\u00ebtare, Ekstroversion, M\u00ebsim Gjat\u00eb Gjith\u00eb Jet\u00ebs dhe \u00c7\u00ebshtje Studentore t\u00eb Universitetit Aristoteli t\u00eb Selanikut, Profesor Iakovos Michaelides, nga nj\u00eb grup student\u00ebsh, duke deklaruar se ai\u00a0<br><strong>&#8220;u detyrua t\u00eb nd\u00ebrpres\u00eb nj\u00eb takim t\u00eb planifikuar me nj\u00eb delegacion nd\u00ebrkomb\u00ebtar nga Universiteti i Hong Kongut dhe u transferua urgjentisht n\u00eb Spitalin AHEPA<\/strong>\u00a0&#8221; .&#8221;Sulmi i sot\u00ebm kund\u00ebr Z\u00ebvend\u00ebsrektorit p\u00ebr Marr\u00ebdh\u00ebnie Nd\u00ebrkomb\u00ebtare, Komunikim me Publikun, M\u00ebsim Gjat\u00eb Gjith\u00eb Jet\u00ebs dhe \u00c7\u00ebshtjeve Studentore t\u00eb Universitetit Aristoteli, Profesor Iakovos Michaelides, brenda nd\u00ebrtes\u00ebs s\u00eb Administrat\u00ebs, p\u00ebrb\u00ebn nj\u00eb akt t\u00eb papranuesh\u00ebm dhe thell\u00ebsisht antidemokratik q\u00eb drejtohet drejtp\u00ebrdrejt kund\u00ebr funksionimit t\u00eb mir\u00eb t\u00eb Universitetit.&#8221;<\/p>\n\n\n\n<p>Agjitacioni nga nj\u00eb grup student\u00ebsh, t\u00eb mb\u00ebshtetur nga an\u00ebtar\u00eb t\u00eb fakultetit, q\u00eb synonte anulimin e nj\u00eb vendimi kolektiv unanim t\u00eb Senatit n\u00eb lidhje me Rregulloren e Qendrave Studentore, shkel \u00e7do koncept t\u00eb rendit institucional dhe procesit demokratik. Vendimet e Senatit jan\u00eb rezultat i procedurave ligjore, kolektive dhe transparente dhe nuk i n\u00ebnshtrohen shantazhit apo presionit.<\/p>\n\n\n\n<p>P\u00ebr shkak t\u00eb tensionit dhe agresionit, Z\u00ebvend\u00ebs Rektori u detyrua t\u00eb nd\u00ebrpres\u00eb nj\u00eb takim t\u00eb planifikuar me nj\u00eb delegacion nd\u00ebrkomb\u00ebtar nga Universiteti i Hong Kongut dhe u transferua me urgjenc\u00eb n\u00eb Spitalin AHEPA. P\u00ebr fat t\u00eb mir\u00eb, gjendja e tij sh\u00ebndet\u00ebsore \u00ebsht\u00eb e mir\u00eb.<\/p>\n\n\n\n<p>Fenomene t\u00eb tilla nuk kan\u00eb vend n\u00eb nj\u00eb universitet publik. Ato shprehin nj\u00eb pakic\u00eb t\u00eb vog\u00ebl q\u00eb p\u00ebrpiqet t\u00eb imponoj\u00eb vullnetin e saj p\u00ebrmes frik\u00ebsimit, fyerjes s\u00eb dinjitetit njer\u00ebzor, rrezikimit t\u00eb jet\u00ebs njer\u00ebzore dhe minimit t\u00eb liris\u00eb akademike dhe funksionimit institucional.<\/p>\n\n\n\n<p>Autoritetet e Rektorit deklarojn\u00eb qart\u00eb se do t\u00eb nd\u00ebrmarrin t\u00eb gjitha veprimet e nevojshme p\u00ebr t\u00eb mbrojtur student\u00ebt dhe stafin e Institucionit, duke siguruar funksionimin e tij t\u00eb qet\u00eb. Toleranca p\u00ebr sjellje t\u00eb tilla \u00ebsht\u00eb zero.<\/p>\n\n\n\n<p>&#8220;Universiteti Aristoteli duhet dhe do t\u00eb mbetet nj\u00eb vend i dijes, siguris\u00eb dhe respektit p\u00ebr institucionet. Jo nj\u00eb fush\u00eb dhune dhe imponimi arbitrar.&#8221;<\/p>\n","protected":false},"excerpt":{"rendered":"<p>Rektorati i Universitetit po denoncon nj\u00eb sulm ndaj Z\u00ebvend\u00ebsrektorit p\u00ebr Marr\u00ebdh\u00ebnie Nd\u00ebrkomb\u00ebtare, Ekstroversion, M\u00ebsim Gjat\u00eb Gjith\u00eb Jet\u00ebs dhe \u00c7\u00ebshtje Studentore t\u00eb Universitetit Aristoteli t\u00eb Selanikut, Profesor Iakovos Michaelides, nga nj\u00eb grup student\u00ebsh, duke deklaruar se ai\u00a0&#8220;u detyrua t\u00eb nd\u00ebrpres\u00eb nj\u00eb takim t\u00eb planifikuar me nj\u00eb delegacion nd\u00ebrkomb\u00ebtar nga Universiteti i Hong Kongut dhe u transferua [&hellip;]<\/p>\n","protected":false},"author":4,"featured_media":12908,"comment_status":"open","ping_status":"open","sticky":false,"template":"","format":"standard","meta":{"footnotes":""},"categories":[41,32],"tags":[],"class_list":{"0":"post-12907","1":"post","2":"type-post","3":"status-publish","4":"format-standard","5":"has-post-thumbnail","7":"category-kulture","8":"category-rajon"},"yoast_head":"<!-- This site is optimized with the Yoast SEO plugin v27.4 - https:\/\/yoast.com\/product\/yoast-seo-wordpress\/ -->\n<title>Sulmohet Z\u00ebvend\u00ebsrektorit i Universitetit Aristoteli i Selanikut - Kosova Times<\/title>\n<meta name=\"robots\" content=\"index, follow, max-snippet:-1, max-image-preview:large, max-video-preview:-1\" \/>\n<link rel=\"canonical\" href=\"https:\/\/kosovatimes.info\/index.php\/2026\/05\/01\/sulmohet-zevendesrektorit-i-universitetit-aristoteli-i-selanikut\/\" \/>\n<meta property=\"og:locale\" content=\"en_US\" \/>\n<meta property=\"og:type\" content=\"article\" \/>\n<meta property=\"og:title\" content=\"Sulmohet Z\u00ebvend\u00ebsrektorit i Universitetit Aristoteli i Selanikut - Kosova Times\" \/>\n<meta property=\"og:description\" content=\"Rektorati i Universitetit po denoncon nj\u00eb sulm ndaj Z\u00ebvend\u00ebsrektorit p\u00ebr Marr\u00ebdh\u00ebnie Nd\u00ebrkomb\u00ebtare, Ekstroversion, M\u00ebsim Gjat\u00eb Gjith\u00eb Jet\u00ebs dhe \u00c7\u00ebshtje Studentore t\u00eb Universitetit Aristoteli t\u00eb Selanikut, Profesor Iakovos Michaelides, nga nj\u00eb grup student\u00ebsh, duke deklaruar se ai\u00a0&#8220;u detyrua t\u00eb nd\u00ebrpres\u00eb nj\u00eb takim t\u00eb planifikuar me nj\u00eb delegacion nd\u00ebrkomb\u00ebtar nga Universiteti i Hong Kongut dhe u transferua [&hellip;]\" \/>\n<meta property=\"og:url\" content=\"https:\/\/kosovatimes.info\/index.php\/2026\/05\/01\/sulmohet-zevendesrektorit-i-universitetit-aristoteli-i-selanikut\/\" \/>\n<meta property=\"og:site_name\" content=\"Kosova Times\" \/>\n<meta property=\"article:published_time\" content=\"2026-05-01T08:55:52+00:00\" \/>\n<meta property=\"article:modified_time\" content=\"2026-05-01T08:55:55+00:00\" \/>\n<meta property=\"og:image\" content=\"https:\/\/kosovatimes.info\/wp-content\/uploads\/2026\/05\/Aristoteli.jpg\" \/>\n\t<meta property=\"og:image:width\" content=\"300\" \/>\n\t<meta property=\"og:image:height\" content=\"168\" \/>\n\t<meta property=\"og:image:type\" content=\"image\/jpeg\" \/>\n<meta name=\"author\" content=\"i l\" \/>\n<meta name=\"twitter:card\" content=\"summary_large_image\" \/>\n<meta name=\"twitter:label1\" content=\"Written by\" \/>\n\t<meta name=\"twitter:data1\" content=\"i l\" \/>\n\t<meta name=\"twitter:label2\" content=\"Est. reading time\" \/>\n\t<meta name=\"twitter:data2\" content=\"2 minutes\" \/>\n<script type=\"application\/ld+json\" class=\"yoast-schema-graph\">{\"@context\":\"https:\\\/\\\/schema.org\",\"@graph\":[{\"@type\":\"Article\",\"@id\":\"https:\\\/\\\/kosovatimes.info\\\/index.php\\\/2026\\\/05\\\/01\\\/sulmohet-zevendesrektorit-i-universitetit-aristoteli-i-selanikut\\\/#article\",\"isPartOf\":{\"@id\":\"https:\\\/\\\/kosovatimes.info\\\/index.php\\\/2026\\\/05\\\/01\\\/sulmohet-zevendesrektorit-i-universitetit-aristoteli-i-selanikut\\\/\"},\"author\":{\"name\":\"i l\",\"@id\":\"https:\\\/\\\/kosovatimes.info\\\/#\\\/schema\\\/person\\\/7586712b9c512fe68085de007378c915\"},\"headline\":\"Sulmohet Z\u00ebvend\u00ebsrektorit i Universitetit Aristoteli i Selanikut\",\"datePublished\":\"2026-05-01T08:55:52+00:00\",\"dateModified\":\"2026-05-01T08:55:55+00:00\",\"mainEntityOfPage\":{\"@id\":\"https:\\\/\\\/kosovatimes.info\\\/index.php\\\/2026\\\/05\\\/01\\\/sulmohet-zevendesrektorit-i-universitetit-aristoteli-i-selanikut\\\/\"},\"wordCount\":371,\"commentCount\":0,\"image\":{\"@id\":\"https:\\\/\\\/kosovatimes.info\\\/index.php\\\/2026\\\/05\\\/01\\\/sulmohet-zevendesrektorit-i-universitetit-aristoteli-i-selanikut\\\/#primaryimage\"},\"thumbnailUrl\":\"https:\\\/\\\/kosovatimes.info\\\/wp-content\\\/uploads\\\/2026\\\/05\\\/Aristoteli.jpg\",\"articleSection\":[\"Kultur\u00eb\",\"Rajon\"],\"inLanguage\":\"en-US\",\"potentialAction\":[{\"@type\":\"CommentAction\",\"name\":\"Comment\",\"target\":[\"https:\\\/\\\/kosovatimes.info\\\/index.php\\\/2026\\\/05\\\/01\\\/sulmohet-zevendesrektorit-i-universitetit-aristoteli-i-selanikut\\\/#respond\"]}]},{\"@type\":\"WebPage\",\"@id\":\"https:\\\/\\\/kosovatimes.info\\\/index.php\\\/2026\\\/05\\\/01\\\/sulmohet-zevendesrektorit-i-universitetit-aristoteli-i-selanikut\\\/\",\"url\":\"https:\\\/\\\/kosovatimes.info\\\/index.php\\\/2026\\\/05\\\/01\\\/sulmohet-zevendesrektorit-i-universitetit-aristoteli-i-selanikut\\\/\",\"name\":\"Sulmohet Z\u00ebvend\u00ebsrektorit i Universitetit Aristoteli i Selanikut - Kosova Times\",\"isPartOf\":{\"@id\":\"https:\\\/\\\/kosovatimes.info\\\/#website\"},\"primaryImageOfPage\":{\"@id\":\"https:\\\/\\\/kosovatimes.info\\\/index.php\\\/2026\\\/05\\\/01\\\/sulmohet-zevendesrektorit-i-universitetit-aristoteli-i-selanikut\\\/#primaryimage\"},\"image\":{\"@id\":\"https:\\\/\\\/kosovatimes.info\\\/index.php\\\/2026\\\/05\\\/01\\\/sulmohet-zevendesrektorit-i-universitetit-aristoteli-i-selanikut\\\/#primaryimage\"},\"thumbnailUrl\":\"https:\\\/\\\/kosovatimes.info\\\/wp-content\\\/uploads\\\/2026\\\/05\\\/Aristoteli.jpg\",\"datePublished\":\"2026-05-01T08:55:52+00:00\",\"dateModified\":\"2026-05-01T08:55:55+00:00\",\"author\":{\"@id\":\"https:\\\/\\\/kosovatimes.info\\\/#\\\/schema\\\/person\\\/7586712b9c512fe68085de007378c915\"},\"breadcrumb\":{\"@id\":\"https:\\\/\\\/kosovatimes.info\\\/index.php\\\/2026\\\/05\\\/01\\\/sulmohet-zevendesrektorit-i-universitetit-aristoteli-i-selanikut\\\/#breadcrumb\"},\"inLanguage\":\"en-US\",\"potentialAction\":[{\"@type\":\"ReadAction\",\"target\":[\"https:\\\/\\\/kosovatimes.info\\\/index.php\\\/2026\\\/05\\\/01\\\/sulmohet-zevendesrektorit-i-universitetit-aristoteli-i-selanikut\\\/\"]}]},{\"@type\":\"ImageObject\",\"inLanguage\":\"en-US\",\"@id\":\"https:\\\/\\\/kosovatimes.info\\\/index.php\\\/2026\\\/05\\\/01\\\/sulmohet-zevendesrektorit-i-universitetit-aristoteli-i-selanikut\\\/#primaryimage\",\"url\":\"https:\\\/\\\/kosovatimes.info\\\/wp-content\\\/uploads\\\/2026\\\/05\\\/Aristoteli.jpg\",\"contentUrl\":\"https:\\\/\\\/kosovatimes.info\\\/wp-content\\\/uploads\\\/2026\\\/05\\\/Aristoteli.jpg\",\"width\":300,\"height\":168},{\"@type\":\"BreadcrumbList\",\"@id\":\"https:\\\/\\\/kosovatimes.info\\\/index.php\\\/2026\\\/05\\\/01\\\/sulmohet-zevendesrektorit-i-universitetit-aristoteli-i-selanikut\\\/#breadcrumb\",\"itemListElement\":[{\"@type\":\"ListItem\",\"position\":1,\"name\":\"Home\",\"item\":\"https:\\\/\\\/kosovatimes.info\\\/\"},{\"@type\":\"ListItem\",\"position\":2,\"name\":\"Sulmohet Z\u00ebvend\u00ebsrektorit i Universitetit Aristoteli i Selanikut\"}]},{\"@type\":\"WebSite\",\"@id\":\"https:\\\/\\\/kosovatimes.info\\\/#website\",\"url\":\"https:\\\/\\\/kosovatimes.info\\\/\",\"name\":\"Kosova Times\",\"description\":\"\",\"potentialAction\":[{\"@type\":\"SearchAction\",\"target\":{\"@type\":\"EntryPoint\",\"urlTemplate\":\"https:\\\/\\\/kosovatimes.info\\\/?s={search_term_string}\"},\"query-input\":{\"@type\":\"PropertyValueSpecification\",\"valueRequired\":true,\"valueName\":\"search_term_string\"}}],\"inLanguage\":\"en-US\"},{\"@type\":\"Person\",\"@id\":\"https:\\\/\\\/kosovatimes.info\\\/#\\\/schema\\\/person\\\/7586712b9c512fe68085de007378c915\",\"name\":\"i l\",\"image\":{\"@type\":\"ImageObject\",\"inLanguage\":\"en-US\",\"@id\":\"https:\\\/\\\/secure.gravatar.com\\\/avatar\\\/bad9296e02816160ae2e2435beda58222022298d5625d49fea74d18816fbb31d?s=96&d=mm&r=g\",\"url\":\"https:\\\/\\\/secure.gravatar.com\\\/avatar\\\/bad9296e02816160ae2e2435beda58222022298d5625d49fea74d18816fbb31d?s=96&d=mm&r=g\",\"contentUrl\":\"https:\\\/\\\/secure.gravatar.com\\\/avatar\\\/bad9296e02816160ae2e2435beda58222022298d5625d49fea74d18816fbb31d?s=96&d=mm&r=g\",\"caption\":\"i l\"},\"url\":\"https:\\\/\\\/kosovatimes.info\\\/index.php\\\/author\\\/iliri\\\/\"}]}<\/script>\n<!-- \/ Yoast SEO plugin. -->","yoast_head_json":{"title":"Sulmohet Z\u00ebvend\u00ebsrektorit i Universitetit Aristoteli i Selanikut - Kosova Times","robots":{"index":"index","follow":"follow","max-snippet":"max-snippet:-1","max-image-preview":"max-image-preview:large","max-video-preview":"max-video-preview:-1"},"canonical":"https:\/\/kosovatimes.info\/index.php\/2026\/05\/01\/sulmohet-zevendesrektorit-i-universitetit-aristoteli-i-selanikut\/","og_locale":"en_US","og_type":"article","og_title":"Sulmohet Z\u00ebvend\u00ebsrektorit i Universitetit Aristoteli i Selanikut - Kosova Times","og_description":"Rektorati i Universitetit po denoncon nj\u00eb sulm ndaj Z\u00ebvend\u00ebsrektorit p\u00ebr Marr\u00ebdh\u00ebnie Nd\u00ebrkomb\u00ebtare, Ekstroversion, M\u00ebsim Gjat\u00eb Gjith\u00eb Jet\u00ebs dhe \u00c7\u00ebshtje Studentore t\u00eb Universitetit Aristoteli t\u00eb Selanikut, Profesor Iakovos Michaelides, nga nj\u00eb grup student\u00ebsh, duke deklaruar se ai\u00a0&#8220;u detyrua t\u00eb nd\u00ebrpres\u00eb nj\u00eb takim t\u00eb planifikuar me nj\u00eb delegacion nd\u00ebrkomb\u00ebtar nga Universiteti i Hong Kongut dhe u transferua [&hellip;]","og_url":"https:\/\/kosovatimes.info\/index.php\/2026\/05\/01\/sulmohet-zevendesrektorit-i-universitetit-aristoteli-i-selanikut\/","og_site_name":"Kosova Times","article_published_time":"2026-05-01T08:55:52+00:00","article_modified_time":"2026-05-01T08:55:55+00:00","og_image":[{"width":300,"height":168,"url":"https:\/\/kosovatimes.info\/wp-content\/uploads\/2026\/05\/Aristoteli.jpg","type":"image\/jpeg"}],"author":"i l","twitter_card":"summary_large_image","twitter_misc":{"Written by":"i l","Est. reading time":"2 minutes"},"schema":{"@context":"https:\/\/schema.org","@graph":[{"@type":"Article","@id":"https:\/\/kosovatimes.info\/index.php\/2026\/05\/01\/sulmohet-zevendesrektorit-i-universitetit-aristoteli-i-selanikut\/#article","isPartOf":{"@id":"https:\/\/kosovatimes.info\/index.php\/2026\/05\/01\/sulmohet-zevendesrektorit-i-universitetit-aristoteli-i-selanikut\/"},"author":{"name":"i l","@id":"https:\/\/kosovatimes.info\/#\/schema\/person\/7586712b9c512fe68085de007378c915"},"headline":"Sulmohet Z\u00ebvend\u00ebsrektorit i Universitetit Aristoteli i Selanikut","datePublished":"2026-05-01T08:55:52+00:00","dateModified":"2026-05-01T08:55:55+00:00","mainEntityOfPage":{"@id":"https:\/\/kosovatimes.info\/index.php\/2026\/05\/01\/sulmohet-zevendesrektorit-i-universitetit-aristoteli-i-selanikut\/"},"wordCount":371,"commentCount":0,"image":{"@id":"https:\/\/kosovatimes.info\/index.php\/2026\/05\/01\/sulmohet-zevendesrektorit-i-universitetit-aristoteli-i-selanikut\/#primaryimage"},"thumbnailUrl":"https:\/\/kosovatimes.info\/wp-content\/uploads\/2026\/05\/Aristoteli.jpg","articleSection":["Kultur\u00eb","Rajon"],"inLanguage":"en-US","potentialAction":[{"@type":"CommentAction","name":"Comment","target":["https:\/\/kosovatimes.info\/index.php\/2026\/05\/01\/sulmohet-zevendesrektorit-i-universitetit-aristoteli-i-selanikut\/#respond"]}]},{"@type":"WebPage","@id":"https:\/\/kosovatimes.info\/index.php\/2026\/05\/01\/sulmohet-zevendesrektorit-i-universitetit-aristoteli-i-selanikut\/","url":"https:\/\/kosovatimes.info\/index.php\/2026\/05\/01\/sulmohet-zevendesrektorit-i-universitetit-aristoteli-i-selanikut\/","name":"Sulmohet Z\u00ebvend\u00ebsrektorit i Universitetit Aristoteli i Selanikut - Kosova Times","isPartOf":{"@id":"https:\/\/kosovatimes.info\/#website"},"primaryImageOfPage":{"@id":"https:\/\/kosovatimes.info\/index.php\/2026\/05\/01\/sulmohet-zevendesrektorit-i-universitetit-aristoteli-i-selanikut\/#primaryimage"},"image":{"@id":"https:\/\/kosovatimes.info\/index.php\/2026\/05\/01\/sulmohet-zevendesrektorit-i-universitetit-aristoteli-i-selanikut\/#primaryimage"},"thumbnailUrl":"https:\/\/kosovatimes.info\/wp-content\/uploads\/2026\/05\/Aristoteli.jpg","datePublished":"2026-05-01T08:55:52+00:00","dateModified":"2026-05-01T08:55:55+00:00","author":{"@id":"https:\/\/kosovatimes.info\/#\/schema\/person\/7586712b9c512fe68085de007378c915"},"breadcrumb":{"@id":"https:\/\/kosovatimes.info\/index.php\/2026\/05\/01\/sulmohet-zevendesrektorit-i-universitetit-aristoteli-i-selanikut\/#breadcrumb"},"inLanguage":"en-US","potentialAction":[{"@type":"ReadAction","target":["https:\/\/kosovatimes.info\/index.php\/2026\/05\/01\/sulmohet-zevendesrektorit-i-universitetit-aristoteli-i-selanikut\/"]}]},{"@type":"ImageObject","inLanguage":"en-US","@id":"https:\/\/kosovatimes.info\/index.php\/2026\/05\/01\/sulmohet-zevendesrektorit-i-universitetit-aristoteli-i-selanikut\/#primaryimage","url":"https:\/\/kosovatimes.info\/wp-content\/uploads\/2026\/05\/Aristoteli.jpg","contentUrl":"https:\/\/kosovatimes.info\/wp-content\/uploads\/2026\/05\/Aristoteli.jpg","width":300,"height":168},{"@type":"BreadcrumbList","@id":"https:\/\/kosovatimes.info\/index.php\/2026\/05\/01\/sulmohet-zevendesrektorit-i-universitetit-aristoteli-i-selanikut\/#breadcrumb","itemListElement":[{"@type":"ListItem","position":1,"name":"Home","item":"https:\/\/kosovatimes.info\/"},{"@type":"ListItem","position":2,"name":"Sulmohet Z\u00ebvend\u00ebsrektorit i Universitetit Aristoteli i Selanikut"}]},{"@type":"WebSite","@id":"https:\/\/kosovatimes.info\/#website","url":"https:\/\/kosovatimes.info\/","name":"Kosova Times","description":"","potentialAction":[{"@type":"SearchAction","target":{"@type":"EntryPoint","urlTemplate":"https:\/\/kosovatimes.info\/?s={search_term_string}"},"query-input":{"@type":"PropertyValueSpecification","valueRequired":true,"valueName":"search_term_string"}}],"inLanguage":"en-US"},{"@type":"Person","@id":"https:\/\/kosovatimes.info\/#\/schema\/person\/7586712b9c512fe68085de007378c915","name":"i l","image":{"@type":"ImageObject","inLanguage":"en-US","@id":"https:\/\/secure.gravatar.com\/avatar\/bad9296e02816160ae2e2435beda58222022298d5625d49fea74d18816fbb31d?s=96&d=mm&r=g","url":"https:\/\/secure.gravatar.com\/avatar\/bad9296e02816160ae2e2435beda58222022298d5625d49fea74d18816fbb31d?s=96&d=mm&r=g","contentUrl":"https:\/\/secure.gravatar.com\/avatar\/bad9296e02816160ae2e2435beda58222022298d5625d49fea74d18816fbb31d?s=96&d=mm&r=g","caption":"i l"},"url":"https:\/\/kosovatimes.info\/index.php\/author\/iliri\/"}]}},"_links":{"self":[{"href":"https:\/\/kosovatimes.info\/index.php\/wp-json\/wp\/v2\/posts\/12907","targetHints":{"allow":["GET"]}}],"collection":[{"href":"https:\/\/kosovatimes.info\/index.php\/wp-json\/wp\/v2\/posts"}],"about":[{"href":"https:\/\/kosovatimes.info\/index.php\/wp-json\/wp\/v2\/types\/post"}],"author":[{"embeddable":true,"href":"https:\/\/kosovatimes.info\/index.php\/wp-json\/wp\/v2\/users\/4"}],"replies":[{"embeddable":true,"href":"https:\/\/kosovatimes.info\/index.php\/wp-json\/wp\/v2\/comments?post=12907"}],"version-history":[{"count":1,"href":"https:\/\/kosovatimes.info\/index.php\/wp-json\/wp\/v2\/posts\/12907\/revisions"}],"predecessor-version":[{"id":12909,"href":"https:\/\/kosovatimes.info\/index.php\/wp-json\/wp\/v2\/posts\/12907\/revisions\/12909"}],"wp:featuredmedia":[{"embeddable":true,"href":"https:\/\/kosovatimes.info\/index.php\/wp-json\/wp\/v2\/media\/12908"}],"wp:attachment":[{"href":"https:\/\/kosovatimes.info\/index.php\/wp-json\/wp\/v2\/media?parent=12907"}],"wp:term":[{"taxonomy":"category","embeddable":true,"href":"https:\/\/kosovatimes.info\/index.php\/wp-json\/wp\/v2\/categories?post=12907"},{"taxonomy":"post_tag","embeddable":true,"href":"https:\/\/kosovatimes.info\/index.php\/wp-json\/wp\/v2\/tags?post=12907"}],"curies":[{"name":"wp","href":"https:\/\/api.w.org\/{rel}","templated":true}]}}