{"id":12919,"date":"2026-05-01T11:05:52","date_gmt":"2026-05-01T09:05:52","guid":{"rendered":"https:\/\/kosovatimes.info\/?p=12919"},"modified":"2026-05-01T11:05:55","modified_gmt":"2026-05-01T09:05:55","slug":"opozita-qe-sbind-me-kriza-e-besimit-ne-nje-demokraci-te-lodhur","status":"publish","type":"post","link":"https:\/\/kosovatimes.info\/index.php\/2026\/05\/01\/opozita-qe-sbind-me-kriza-e-besimit-ne-nje-demokraci-te-lodhur\/","title":{"rendered":"Opozita q\u00eb s\u2019bind m\u00eb: kriza e besimit n\u00eb nj\u00eb demokraci t\u00eb lodhur"},"content":{"rendered":"\n<p><strong>Nga Zejdush Kastrati <\/strong><\/p>\n\n\n\n<p><\/p>\n\n\n\n<p>Me k\u00ebt\u00eb kast\u00eb aktuale t\u00eb lider\u00ebve opozitar\u00eb, t\u00eb mb\u00ebshtetur nga nj\u00eb aparat mediatik q\u00eb shpesh perceptohet si i nj\u00ebansh\u00ebm, besimi publik \u00ebsht\u00eb n\u00eb r\u00ebnie t\u00eb lir\u00eb. Edhe kur artikulohet ndonj\u00eb e v\u00ebrtet\u00eb, ajo humbet pesh\u00eb sepse burimi nuk konsiderohet i besuesh\u00ebm. N\u00eb k\u00ebt\u00eb klim\u00eb, \u00ebsht\u00eb iluzion t\u00eb pritet q\u00eb opozita t\u00eb ngjitet m\u00eb lart n\u00eb ranglist\u00eb krahasuar me zgjedhjet e kaluara \u2014 p\u00ebrfshir\u00eb edhe ato t\u00eb 7 qershorit. Kosova nuk vuan nga mungesa e problemeve, por nga mungesa e nj\u00eb opozite q\u00eb di t\u2019i p\u00ebrfaq\u00ebsoj\u00eb ato me serioz dhe integritet. Ajo q\u00eb shihet sot \u00ebsht\u00eb nj\u00eb p\u00ebrzierje e retorik\u00ebs s\u00eb ashp\u00ebr, protagonizmit bosh dhe p\u00ebr\u00e7arjes s\u00eb brendshme. N\u00eb vend t\u00eb nj\u00eb vizioni alternativ, kemi gara egoje; n\u00eb vend t\u00eb koordinimit, kemi fragmente q\u00eb punojn\u00eb kund\u00ebr nj\u00ebra-tjetr\u00ebs. Nj\u00eb opozit\u00eb e fort\u00eb k\u00ebrkon lidership q\u00eb frym\u00ebzon dhe bashkon, jo figura q\u00eb polarizojn\u00eb dhe konsumojn\u00eb energji n\u00eb konflikte t\u00eb brendshme. Por klanizimi dhe interesat e ngushta kan\u00eb krijuar nj\u00eb struktur\u00eb q\u00eb i sh\u00ebrben vetes, jo qytetarit. N\u00eb k\u00ebt\u00eb gjendje, opozita nuk \u00ebsht\u00eb vet\u00ebm e dob\u00ebt \u2014 \u00ebsht\u00eb e par\u00ebnd\u00ebsishme. Dhe kjo \u00ebsht\u00eb ndoshta kriza m\u00eb e madhe politike: jo kush qeveris, por fakti q\u00eb alternativa nuk bind ask\u00ebnd.<\/p>\n\n\n\n<h2 class=\"wp-block-heading\"><\/h2>\n","protected":false},"excerpt":{"rendered":"<p>Nga Zejdush Kastrati Me k\u00ebt\u00eb kast\u00eb aktuale t\u00eb lider\u00ebve opozitar\u00eb, t\u00eb mb\u00ebshtetur nga nj\u00eb aparat mediatik q\u00eb shpesh perceptohet si i nj\u00ebansh\u00ebm, besimi publik \u00ebsht\u00eb n\u00eb r\u00ebnie t\u00eb lir\u00eb. Edhe kur artikulohet ndonj\u00eb e v\u00ebrtet\u00eb, ajo humbet pesh\u00eb sepse burimi nuk konsiderohet i besuesh\u00ebm. N\u00eb k\u00ebt\u00eb klim\u00eb, \u00ebsht\u00eb iluzion t\u00eb pritet q\u00eb opozita t\u00eb ngjitet [&hellip;]<\/p>\n","protected":false},"author":4,"featured_media":1508,"comment_status":"open","ping_status":"open","sticky":false,"template":"","format":"standard","meta":{"footnotes":""},"categories":[35],"tags":[],"class_list":{"0":"post-12919","1":"post","2":"type-post","3":"status-publish","4":"format-standard","5":"has-post-thumbnail","7":"category-opinion"},"yoast_head":"<!-- This site is optimized with the Yoast SEO plugin v27.4 - https:\/\/yoast.com\/product\/yoast-seo-wordpress\/ -->\n<title>Opozita q\u00eb s\u2019bind m\u00eb: kriza e besimit n\u00eb nj\u00eb demokraci t\u00eb lodhur - Kosova Times<\/title>\n<meta name=\"robots\" content=\"index, follow, max-snippet:-1, max-image-preview:large, max-video-preview:-1\" \/>\n<link rel=\"canonical\" href=\"https:\/\/kosovatimes.info\/index.php\/2026\/05\/01\/opozita-qe-sbind-me-kriza-e-besimit-ne-nje-demokraci-te-lodhur\/\" \/>\n<meta property=\"og:locale\" content=\"en_US\" \/>\n<meta property=\"og:type\" content=\"article\" \/>\n<meta property=\"og:title\" content=\"Opozita q\u00eb s\u2019bind m\u00eb: kriza e besimit n\u00eb nj\u00eb demokraci t\u00eb lodhur - Kosova Times\" \/>\n<meta property=\"og:description\" content=\"Nga Zejdush Kastrati Me k\u00ebt\u00eb kast\u00eb aktuale t\u00eb lider\u00ebve opozitar\u00eb, t\u00eb mb\u00ebshtetur nga nj\u00eb aparat mediatik q\u00eb shpesh perceptohet si i nj\u00ebansh\u00ebm, besimi publik \u00ebsht\u00eb n\u00eb r\u00ebnie t\u00eb lir\u00eb. Edhe kur artikulohet ndonj\u00eb e v\u00ebrtet\u00eb, ajo humbet pesh\u00eb sepse burimi nuk konsiderohet i besuesh\u00ebm. N\u00eb k\u00ebt\u00eb klim\u00eb, \u00ebsht\u00eb iluzion t\u00eb pritet q\u00eb opozita t\u00eb ngjitet [&hellip;]\" \/>\n<meta property=\"og:url\" content=\"https:\/\/kosovatimes.info\/index.php\/2026\/05\/01\/opozita-qe-sbind-me-kriza-e-besimit-ne-nje-demokraci-te-lodhur\/\" \/>\n<meta property=\"og:site_name\" content=\"Kosova Times\" \/>\n<meta property=\"article:published_time\" content=\"2026-05-01T09:05:52+00:00\" \/>\n<meta property=\"article:modified_time\" content=\"2026-05-01T09:05:55+00:00\" \/>\n<meta property=\"og:image\" content=\"https:\/\/kosovatimes.info\/wp-content\/uploads\/2026\/02\/Zejdush.jpg\" \/>\n\t<meta property=\"og:image:width\" content=\"200\" \/>\n\t<meta property=\"og:image:height\" content=\"200\" \/>\n\t<meta property=\"og:image:type\" content=\"image\/jpeg\" \/>\n<meta name=\"author\" content=\"i l\" \/>\n<meta name=\"twitter:card\" content=\"summary_large_image\" \/>\n<meta name=\"twitter:label1\" content=\"Written by\" \/>\n\t<meta name=\"twitter:data1\" content=\"i l\" \/>\n\t<meta name=\"twitter:label2\" content=\"Est. reading time\" \/>\n\t<meta name=\"twitter:data2\" content=\"2 minutes\" \/>\n<script type=\"application\/ld+json\" class=\"yoast-schema-graph\">{\"@context\":\"https:\\\/\\\/schema.org\",\"@graph\":[{\"@type\":\"Article\",\"@id\":\"https:\\\/\\\/kosovatimes.info\\\/index.php\\\/2026\\\/05\\\/01\\\/opozita-qe-sbind-me-kriza-e-besimit-ne-nje-demokraci-te-lodhur\\\/#article\",\"isPartOf\":{\"@id\":\"https:\\\/\\\/kosovatimes.info\\\/index.php\\\/2026\\\/05\\\/01\\\/opozita-qe-sbind-me-kriza-e-besimit-ne-nje-demokraci-te-lodhur\\\/\"},\"author\":{\"name\":\"i l\",\"@id\":\"https:\\\/\\\/kosovatimes.info\\\/#\\\/schema\\\/person\\\/7586712b9c512fe68085de007378c915\"},\"headline\":\"Opozita q\u00eb s\u2019bind m\u00eb: kriza e besimit n\u00eb nj\u00eb demokraci t\u00eb lodhur\",\"datePublished\":\"2026-05-01T09:05:52+00:00\",\"dateModified\":\"2026-05-01T09:05:55+00:00\",\"mainEntityOfPage\":{\"@id\":\"https:\\\/\\\/kosovatimes.info\\\/index.php\\\/2026\\\/05\\\/01\\\/opozita-qe-sbind-me-kriza-e-besimit-ne-nje-demokraci-te-lodhur\\\/\"},\"wordCount\":238,\"commentCount\":0,\"image\":{\"@id\":\"https:\\\/\\\/kosovatimes.info\\\/index.php\\\/2026\\\/05\\\/01\\\/opozita-qe-sbind-me-kriza-e-besimit-ne-nje-demokraci-te-lodhur\\\/#primaryimage\"},\"thumbnailUrl\":\"https:\\\/\\\/kosovatimes.info\\\/wp-content\\\/uploads\\\/2026\\\/02\\\/Zejdush.jpg\",\"articleSection\":[\"Opinion\"],\"inLanguage\":\"en-US\",\"potentialAction\":[{\"@type\":\"CommentAction\",\"name\":\"Comment\",\"target\":[\"https:\\\/\\\/kosovatimes.info\\\/index.php\\\/2026\\\/05\\\/01\\\/opozita-qe-sbind-me-kriza-e-besimit-ne-nje-demokraci-te-lodhur\\\/#respond\"]}]},{\"@type\":\"WebPage\",\"@id\":\"https:\\\/\\\/kosovatimes.info\\\/index.php\\\/2026\\\/05\\\/01\\\/opozita-qe-sbind-me-kriza-e-besimit-ne-nje-demokraci-te-lodhur\\\/\",\"url\":\"https:\\\/\\\/kosovatimes.info\\\/index.php\\\/2026\\\/05\\\/01\\\/opozita-qe-sbind-me-kriza-e-besimit-ne-nje-demokraci-te-lodhur\\\/\",\"name\":\"Opozita q\u00eb s\u2019bind m\u00eb: kriza e besimit n\u00eb nj\u00eb demokraci t\u00eb lodhur - Kosova Times\",\"isPartOf\":{\"@id\":\"https:\\\/\\\/kosovatimes.info\\\/#website\"},\"primaryImageOfPage\":{\"@id\":\"https:\\\/\\\/kosovatimes.info\\\/index.php\\\/2026\\\/05\\\/01\\\/opozita-qe-sbind-me-kriza-e-besimit-ne-nje-demokraci-te-lodhur\\\/#primaryimage\"},\"image\":{\"@id\":\"https:\\\/\\\/kosovatimes.info\\\/index.php\\\/2026\\\/05\\\/01\\\/opozita-qe-sbind-me-kriza-e-besimit-ne-nje-demokraci-te-lodhur\\\/#primaryimage\"},\"thumbnailUrl\":\"https:\\\/\\\/kosovatimes.info\\\/wp-content\\\/uploads\\\/2026\\\/02\\\/Zejdush.jpg\",\"datePublished\":\"2026-05-01T09:05:52+00:00\",\"dateModified\":\"2026-05-01T09:05:55+00:00\",\"author\":{\"@id\":\"https:\\\/\\\/kosovatimes.info\\\/#\\\/schema\\\/person\\\/7586712b9c512fe68085de007378c915\"},\"breadcrumb\":{\"@id\":\"https:\\\/\\\/kosovatimes.info\\\/index.php\\\/2026\\\/05\\\/01\\\/opozita-qe-sbind-me-kriza-e-besimit-ne-nje-demokraci-te-lodhur\\\/#breadcrumb\"},\"inLanguage\":\"en-US\",\"potentialAction\":[{\"@type\":\"ReadAction\",\"target\":[\"https:\\\/\\\/kosovatimes.info\\\/index.php\\\/2026\\\/05\\\/01\\\/opozita-qe-sbind-me-kriza-e-besimit-ne-nje-demokraci-te-lodhur\\\/\"]}]},{\"@type\":\"ImageObject\",\"inLanguage\":\"en-US\",\"@id\":\"https:\\\/\\\/kosovatimes.info\\\/index.php\\\/2026\\\/05\\\/01\\\/opozita-qe-sbind-me-kriza-e-besimit-ne-nje-demokraci-te-lodhur\\\/#primaryimage\",\"url\":\"https:\\\/\\\/kosovatimes.info\\\/wp-content\\\/uploads\\\/2026\\\/02\\\/Zejdush.jpg\",\"contentUrl\":\"https:\\\/\\\/kosovatimes.info\\\/wp-content\\\/uploads\\\/2026\\\/02\\\/Zejdush.jpg\",\"width\":200,\"height\":200},{\"@type\":\"BreadcrumbList\",\"@id\":\"https:\\\/\\\/kosovatimes.info\\\/index.php\\\/2026\\\/05\\\/01\\\/opozita-qe-sbind-me-kriza-e-besimit-ne-nje-demokraci-te-lodhur\\\/#breadcrumb\",\"itemListElement\":[{\"@type\":\"ListItem\",\"position\":1,\"name\":\"Home\",\"item\":\"https:\\\/\\\/kosovatimes.info\\\/\"},{\"@type\":\"ListItem\",\"position\":2,\"name\":\"Opozita q\u00eb s\u2019bind m\u00eb: kriza e besimit n\u00eb nj\u00eb demokraci t\u00eb lodhur\"}]},{\"@type\":\"WebSite\",\"@id\":\"https:\\\/\\\/kosovatimes.info\\\/#website\",\"url\":\"https:\\\/\\\/kosovatimes.info\\\/\",\"name\":\"Kosova Times\",\"description\":\"\",\"potentialAction\":[{\"@type\":\"SearchAction\",\"target\":{\"@type\":\"EntryPoint\",\"urlTemplate\":\"https:\\\/\\\/kosovatimes.info\\\/?s={search_term_string}\"},\"query-input\":{\"@type\":\"PropertyValueSpecification\",\"valueRequired\":true,\"valueName\":\"search_term_string\"}}],\"inLanguage\":\"en-US\"},{\"@type\":\"Person\",\"@id\":\"https:\\\/\\\/kosovatimes.info\\\/#\\\/schema\\\/person\\\/7586712b9c512fe68085de007378c915\",\"name\":\"i l\",\"image\":{\"@type\":\"ImageObject\",\"inLanguage\":\"en-US\",\"@id\":\"https:\\\/\\\/secure.gravatar.com\\\/avatar\\\/bad9296e02816160ae2e2435beda58222022298d5625d49fea74d18816fbb31d?s=96&d=mm&r=g\",\"url\":\"https:\\\/\\\/secure.gravatar.com\\\/avatar\\\/bad9296e02816160ae2e2435beda58222022298d5625d49fea74d18816fbb31d?s=96&d=mm&r=g\",\"contentUrl\":\"https:\\\/\\\/secure.gravatar.com\\\/avatar\\\/bad9296e02816160ae2e2435beda58222022298d5625d49fea74d18816fbb31d?s=96&d=mm&r=g\",\"caption\":\"i l\"},\"url\":\"https:\\\/\\\/kosovatimes.info\\\/index.php\\\/author\\\/iliri\\\/\"}]}<\/script>\n<!-- \/ Yoast SEO plugin. -->","yoast_head_json":{"title":"Opozita q\u00eb s\u2019bind m\u00eb: kriza e besimit n\u00eb nj\u00eb demokraci t\u00eb lodhur - Kosova Times","robots":{"index":"index","follow":"follow","max-snippet":"max-snippet:-1","max-image-preview":"max-image-preview:large","max-video-preview":"max-video-preview:-1"},"canonical":"https:\/\/kosovatimes.info\/index.php\/2026\/05\/01\/opozita-qe-sbind-me-kriza-e-besimit-ne-nje-demokraci-te-lodhur\/","og_locale":"en_US","og_type":"article","og_title":"Opozita q\u00eb s\u2019bind m\u00eb: kriza e besimit n\u00eb nj\u00eb demokraci t\u00eb lodhur - Kosova Times","og_description":"Nga Zejdush Kastrati Me k\u00ebt\u00eb kast\u00eb aktuale t\u00eb lider\u00ebve opozitar\u00eb, t\u00eb mb\u00ebshtetur nga nj\u00eb aparat mediatik q\u00eb shpesh perceptohet si i nj\u00ebansh\u00ebm, besimi publik \u00ebsht\u00eb n\u00eb r\u00ebnie t\u00eb lir\u00eb. Edhe kur artikulohet ndonj\u00eb e v\u00ebrtet\u00eb, ajo humbet pesh\u00eb sepse burimi nuk konsiderohet i besuesh\u00ebm. N\u00eb k\u00ebt\u00eb klim\u00eb, \u00ebsht\u00eb iluzion t\u00eb pritet q\u00eb opozita t\u00eb ngjitet [&hellip;]","og_url":"https:\/\/kosovatimes.info\/index.php\/2026\/05\/01\/opozita-qe-sbind-me-kriza-e-besimit-ne-nje-demokraci-te-lodhur\/","og_site_name":"Kosova Times","article_published_time":"2026-05-01T09:05:52+00:00","article_modified_time":"2026-05-01T09:05:55+00:00","og_image":[{"width":200,"height":200,"url":"https:\/\/kosovatimes.info\/wp-content\/uploads\/2026\/02\/Zejdush.jpg","type":"image\/jpeg"}],"author":"i l","twitter_card":"summary_large_image","twitter_misc":{"Written by":"i l","Est. reading time":"2 minutes"},"schema":{"@context":"https:\/\/schema.org","@graph":[{"@type":"Article","@id":"https:\/\/kosovatimes.info\/index.php\/2026\/05\/01\/opozita-qe-sbind-me-kriza-e-besimit-ne-nje-demokraci-te-lodhur\/#article","isPartOf":{"@id":"https:\/\/kosovatimes.info\/index.php\/2026\/05\/01\/opozita-qe-sbind-me-kriza-e-besimit-ne-nje-demokraci-te-lodhur\/"},"author":{"name":"i l","@id":"https:\/\/kosovatimes.info\/#\/schema\/person\/7586712b9c512fe68085de007378c915"},"headline":"Opozita q\u00eb s\u2019bind m\u00eb: kriza e besimit n\u00eb nj\u00eb demokraci t\u00eb lodhur","datePublished":"2026-05-01T09:05:52+00:00","dateModified":"2026-05-01T09:05:55+00:00","mainEntityOfPage":{"@id":"https:\/\/kosovatimes.info\/index.php\/2026\/05\/01\/opozita-qe-sbind-me-kriza-e-besimit-ne-nje-demokraci-te-lodhur\/"},"wordCount":238,"commentCount":0,"image":{"@id":"https:\/\/kosovatimes.info\/index.php\/2026\/05\/01\/opozita-qe-sbind-me-kriza-e-besimit-ne-nje-demokraci-te-lodhur\/#primaryimage"},"thumbnailUrl":"https:\/\/kosovatimes.info\/wp-content\/uploads\/2026\/02\/Zejdush.jpg","articleSection":["Opinion"],"inLanguage":"en-US","potentialAction":[{"@type":"CommentAction","name":"Comment","target":["https:\/\/kosovatimes.info\/index.php\/2026\/05\/01\/opozita-qe-sbind-me-kriza-e-besimit-ne-nje-demokraci-te-lodhur\/#respond"]}]},{"@type":"WebPage","@id":"https:\/\/kosovatimes.info\/index.php\/2026\/05\/01\/opozita-qe-sbind-me-kriza-e-besimit-ne-nje-demokraci-te-lodhur\/","url":"https:\/\/kosovatimes.info\/index.php\/2026\/05\/01\/opozita-qe-sbind-me-kriza-e-besimit-ne-nje-demokraci-te-lodhur\/","name":"Opozita q\u00eb s\u2019bind m\u00eb: kriza e besimit n\u00eb nj\u00eb demokraci t\u00eb lodhur - Kosova Times","isPartOf":{"@id":"https:\/\/kosovatimes.info\/#website"},"primaryImageOfPage":{"@id":"https:\/\/kosovatimes.info\/index.php\/2026\/05\/01\/opozita-qe-sbind-me-kriza-e-besimit-ne-nje-demokraci-te-lodhur\/#primaryimage"},"image":{"@id":"https:\/\/kosovatimes.info\/index.php\/2026\/05\/01\/opozita-qe-sbind-me-kriza-e-besimit-ne-nje-demokraci-te-lodhur\/#primaryimage"},"thumbnailUrl":"https:\/\/kosovatimes.info\/wp-content\/uploads\/2026\/02\/Zejdush.jpg","datePublished":"2026-05-01T09:05:52+00:00","dateModified":"2026-05-01T09:05:55+00:00","author":{"@id":"https:\/\/kosovatimes.info\/#\/schema\/person\/7586712b9c512fe68085de007378c915"},"breadcrumb":{"@id":"https:\/\/kosovatimes.info\/index.php\/2026\/05\/01\/opozita-qe-sbind-me-kriza-e-besimit-ne-nje-demokraci-te-lodhur\/#breadcrumb"},"inLanguage":"en-US","potentialAction":[{"@type":"ReadAction","target":["https:\/\/kosovatimes.info\/index.php\/2026\/05\/01\/opozita-qe-sbind-me-kriza-e-besimit-ne-nje-demokraci-te-lodhur\/"]}]},{"@type":"ImageObject","inLanguage":"en-US","@id":"https:\/\/kosovatimes.info\/index.php\/2026\/05\/01\/opozita-qe-sbind-me-kriza-e-besimit-ne-nje-demokraci-te-lodhur\/#primaryimage","url":"https:\/\/kosovatimes.info\/wp-content\/uploads\/2026\/02\/Zejdush.jpg","contentUrl":"https:\/\/kosovatimes.info\/wp-content\/uploads\/2026\/02\/Zejdush.jpg","width":200,"height":200},{"@type":"BreadcrumbList","@id":"https:\/\/kosovatimes.info\/index.php\/2026\/05\/01\/opozita-qe-sbind-me-kriza-e-besimit-ne-nje-demokraci-te-lodhur\/#breadcrumb","itemListElement":[{"@type":"ListItem","position":1,"name":"Home","item":"https:\/\/kosovatimes.info\/"},{"@type":"ListItem","position":2,"name":"Opozita q\u00eb s\u2019bind m\u00eb: kriza e besimit n\u00eb nj\u00eb demokraci t\u00eb lodhur"}]},{"@type":"WebSite","@id":"https:\/\/kosovatimes.info\/#website","url":"https:\/\/kosovatimes.info\/","name":"Kosova Times","description":"","potentialAction":[{"@type":"SearchAction","target":{"@type":"EntryPoint","urlTemplate":"https:\/\/kosovatimes.info\/?s={search_term_string}"},"query-input":{"@type":"PropertyValueSpecification","valueRequired":true,"valueName":"search_term_string"}}],"inLanguage":"en-US"},{"@type":"Person","@id":"https:\/\/kosovatimes.info\/#\/schema\/person\/7586712b9c512fe68085de007378c915","name":"i l","image":{"@type":"ImageObject","inLanguage":"en-US","@id":"https:\/\/secure.gravatar.com\/avatar\/bad9296e02816160ae2e2435beda58222022298d5625d49fea74d18816fbb31d?s=96&d=mm&r=g","url":"https:\/\/secure.gravatar.com\/avatar\/bad9296e02816160ae2e2435beda58222022298d5625d49fea74d18816fbb31d?s=96&d=mm&r=g","contentUrl":"https:\/\/secure.gravatar.com\/avatar\/bad9296e02816160ae2e2435beda58222022298d5625d49fea74d18816fbb31d?s=96&d=mm&r=g","caption":"i l"},"url":"https:\/\/kosovatimes.info\/index.php\/author\/iliri\/"}]}},"_links":{"self":[{"href":"https:\/\/kosovatimes.info\/index.php\/wp-json\/wp\/v2\/posts\/12919","targetHints":{"allow":["GET"]}}],"collection":[{"href":"https:\/\/kosovatimes.info\/index.php\/wp-json\/wp\/v2\/posts"}],"about":[{"href":"https:\/\/kosovatimes.info\/index.php\/wp-json\/wp\/v2\/types\/post"}],"author":[{"embeddable":true,"href":"https:\/\/kosovatimes.info\/index.php\/wp-json\/wp\/v2\/users\/4"}],"replies":[{"embeddable":true,"href":"https:\/\/kosovatimes.info\/index.php\/wp-json\/wp\/v2\/comments?post=12919"}],"version-history":[{"count":1,"href":"https:\/\/kosovatimes.info\/index.php\/wp-json\/wp\/v2\/posts\/12919\/revisions"}],"predecessor-version":[{"id":12920,"href":"https:\/\/kosovatimes.info\/index.php\/wp-json\/wp\/v2\/posts\/12919\/revisions\/12920"}],"wp:featuredmedia":[{"embeddable":true,"href":"https:\/\/kosovatimes.info\/index.php\/wp-json\/wp\/v2\/media\/1508"}],"wp:attachment":[{"href":"https:\/\/kosovatimes.info\/index.php\/wp-json\/wp\/v2\/media?parent=12919"}],"wp:term":[{"taxonomy":"category","embeddable":true,"href":"https:\/\/kosovatimes.info\/index.php\/wp-json\/wp\/v2\/categories?post=12919"},{"taxonomy":"post_tag","embeddable":true,"href":"https:\/\/kosovatimes.info\/index.php\/wp-json\/wp\/v2\/tags?post=12919"}],"curies":[{"name":"wp","href":"https:\/\/api.w.org\/{rel}","templated":true}]}}