{"id":12921,"date":"2026-05-01T10:34:00","date_gmt":"2026-05-01T08:34:00","guid":{"rendered":"https:\/\/kosovatimes.info\/?p=12921"},"modified":"2026-05-01T11:17:18","modified_gmt":"2026-05-01T09:17:18","slug":"qeveria-amerikane-lufta-me-iranin-ka-perfunduar","status":"publish","type":"post","link":"https:\/\/kosovatimes.info\/index.php\/2026\/05\/01\/qeveria-amerikane-lufta-me-iranin-ka-perfunduar\/","title":{"rendered":"Qeveria amerikane: Lufta me Iranin ka p\u00ebrfunduar"},"content":{"rendered":"\n<h2 class=\"wp-block-heading\"><br>DW<\/h2>\n\n\n\n<p><strong>Qeveria amerikane thot\u00eb se lufta me Iranin ka p\u00ebrfunduar, duke shtuar edhe se arm\u00ebpushimi e nd\u00ebrpreu afatin 60-ditor q\u00eb k\u00ebrkonte miratimin e Kongresit p\u00ebr vazhdimin e operacionit ushtarak.<\/strong><\/p>\n\n\n\n<p>Me sa duket p\u00ebr t\u00eb shmangur nj\u00eb votim t\u00eb detyruesh\u00ebm me ligj n\u00eb Kongres, qeveria amerikane e konsideron luft\u00ebn me Iranin t\u00eb p\u00ebrfunduar. K\u00ebshtu u shpreh nj\u00eb p\u00ebrfaq\u00ebsues i qeveris\u00eb. Ligji &#8220;War Powers Resolution\u201d i vitit 1973 parashikon q\u00eb nj\u00eb operacion ushtarak duhet t\u00eb p\u00ebrfundoj\u00eb brenda 60 dit\u00ebsh; p\u00ebrndryshe, presidenti amerikan ka nevoj\u00eb p\u00ebr miratimin e Kongresit. Afati prej 60 dit\u00ebsh p\u00ebrfundonte k\u00ebt\u00eb t\u00eb premte me 1 maj 2026.<\/p>\n\n\n\n<p><strong>Afati \u00ebsht\u00eb nd\u00ebrprer\u00eb nga arm\u00ebpushimi<\/strong><\/p>\n\n\n\n<p>Megjithat\u00eb sipas p\u00ebrfaq\u00ebsuesit qeveria e SHBA-s\u00eb argumenton se num\u00ebrimi i afatit \u00ebsht\u00eb nd\u00ebrprer\u00eb nga arm\u00ebpushimi q\u00eb ka hyr\u00eb n\u00eb fuqi q\u00eb nga fillimi i prillit. &#8220;Q\u00eb nga e marta, 7 prill, nuk ka pasur shk\u00ebmbim zjarri midis forcave amerikane dhe Iranit\u201d, citohet ai nga mediat amerikane.<\/p>\n\n\n\n<p>Edhe ministri i Mbrojtjes, Pete Hegseth,&nbsp; iu referua arm\u00ebpushimit gjat\u00eb nj\u00eb seance d\u00ebgjimore n\u00eb Senat, kur u pyet p\u00ebr nevoj\u00ebn e votimit. Sipas deklarat\u00ebs s\u00eb tij qeveria mund ta vazhdoj\u00eb luft\u00ebn n\u00eb \u00e7do moment, pasi afati 60-ditor \u00ebsht\u00eb nd\u00ebrprer\u00eb prej arm\u00ebpushimit.<\/p>\n\n\n\n<p><strong>Irani k\u00ebrc\u00ebnon me sulme ndaj bazave amerikane<\/strong><\/p>\n\n\n\n<p>Nd\u00ebrkoh\u00eb, nj\u00eb p\u00ebrfaq\u00ebsues i lart\u00eb i Gard\u00ebs Revolucionare iraniane e ka k\u00ebrc\u00ebnuar SHBA-n\u00eb me sulme t\u00eb gjata dhe t\u00eb dhimbshme ndaj bazave ushtarake amerikane dhe anijeve luftarake n\u00eb rajon, n\u00eb rast sulmesh t\u00eb reja amerikane, edhe n\u00ebse ato do t\u00eb ishin t\u00eb kufizuara.<\/p>\n","protected":false},"excerpt":{"rendered":"<p>DW Qeveria amerikane thot\u00eb se lufta me Iranin ka p\u00ebrfunduar, duke shtuar edhe se arm\u00ebpushimi e nd\u00ebrpreu afatin 60-ditor q\u00eb k\u00ebrkonte miratimin e Kongresit p\u00ebr vazhdimin e operacionit ushtarak. Me sa duket p\u00ebr t\u00eb shmangur nj\u00eb votim t\u00eb detyruesh\u00ebm me ligj n\u00eb Kongres, qeveria amerikane e konsideron luft\u00ebn me Iranin t\u00eb p\u00ebrfunduar. K\u00ebshtu u shpreh [&hellip;]<\/p>\n","protected":false},"author":4,"featured_media":0,"comment_status":"open","ping_status":"open","sticky":false,"template":"","format":"standard","meta":{"footnotes":""},"categories":[33,30],"tags":[],"class_list":{"0":"post-12921","1":"post","2":"type-post","3":"status-publish","4":"format-standard","6":"category-bote","7":"category-lajme"},"yoast_head":"<!-- This site is optimized with the Yoast SEO plugin v27.4 - https:\/\/yoast.com\/product\/yoast-seo-wordpress\/ -->\n<title>Qeveria amerikane: Lufta me Iranin ka p\u00ebrfunduar - Kosova Times<\/title>\n<meta name=\"robots\" content=\"index, follow, max-snippet:-1, max-image-preview:large, max-video-preview:-1\" \/>\n<link rel=\"canonical\" href=\"https:\/\/kosovatimes.info\/index.php\/2026\/05\/01\/qeveria-amerikane-lufta-me-iranin-ka-perfunduar\/\" \/>\n<meta property=\"og:locale\" content=\"en_US\" \/>\n<meta property=\"og:type\" content=\"article\" \/>\n<meta property=\"og:title\" content=\"Qeveria amerikane: Lufta me Iranin ka p\u00ebrfunduar - Kosova Times\" \/>\n<meta property=\"og:description\" content=\"DW Qeveria amerikane thot\u00eb se lufta me Iranin ka p\u00ebrfunduar, duke shtuar edhe se arm\u00ebpushimi e nd\u00ebrpreu afatin 60-ditor q\u00eb k\u00ebrkonte miratimin e Kongresit p\u00ebr vazhdimin e operacionit ushtarak. Me sa duket p\u00ebr t\u00eb shmangur nj\u00eb votim t\u00eb detyruesh\u00ebm me ligj n\u00eb Kongres, qeveria amerikane e konsideron luft\u00ebn me Iranin t\u00eb p\u00ebrfunduar. K\u00ebshtu u shpreh [&hellip;]\" \/>\n<meta property=\"og:url\" content=\"https:\/\/kosovatimes.info\/index.php\/2026\/05\/01\/qeveria-amerikane-lufta-me-iranin-ka-perfunduar\/\" \/>\n<meta property=\"og:site_name\" content=\"Kosova Times\" \/>\n<meta property=\"article:published_time\" content=\"2026-05-01T08:34:00+00:00\" \/>\n<meta property=\"article:modified_time\" content=\"2026-05-01T09:17:18+00:00\" \/>\n<meta name=\"author\" content=\"i l\" \/>\n<meta name=\"twitter:card\" content=\"summary_large_image\" \/>\n<meta name=\"twitter:label1\" content=\"Written by\" \/>\n\t<meta name=\"twitter:data1\" content=\"i l\" \/>\n\t<meta name=\"twitter:label2\" content=\"Est. reading time\" \/>\n\t<meta name=\"twitter:data2\" content=\"2 minutes\" \/>\n<script type=\"application\/ld+json\" class=\"yoast-schema-graph\">{\"@context\":\"https:\\\/\\\/schema.org\",\"@graph\":[{\"@type\":\"Article\",\"@id\":\"https:\\\/\\\/kosovatimes.info\\\/index.php\\\/2026\\\/05\\\/01\\\/qeveria-amerikane-lufta-me-iranin-ka-perfunduar\\\/#article\",\"isPartOf\":{\"@id\":\"https:\\\/\\\/kosovatimes.info\\\/index.php\\\/2026\\\/05\\\/01\\\/qeveria-amerikane-lufta-me-iranin-ka-perfunduar\\\/\"},\"author\":{\"name\":\"i l\",\"@id\":\"https:\\\/\\\/kosovatimes.info\\\/#\\\/schema\\\/person\\\/7586712b9c512fe68085de007378c915\"},\"headline\":\"Qeveria amerikane: Lufta me Iranin ka p\u00ebrfunduar\",\"datePublished\":\"2026-05-01T08:34:00+00:00\",\"dateModified\":\"2026-05-01T09:17:18+00:00\",\"mainEntityOfPage\":{\"@id\":\"https:\\\/\\\/kosovatimes.info\\\/index.php\\\/2026\\\/05\\\/01\\\/qeveria-amerikane-lufta-me-iranin-ka-perfunduar\\\/\"},\"wordCount\":287,\"commentCount\":0,\"articleSection\":[\"Bot\u00eb\",\"Lajme\"],\"inLanguage\":\"en-US\",\"potentialAction\":[{\"@type\":\"CommentAction\",\"name\":\"Comment\",\"target\":[\"https:\\\/\\\/kosovatimes.info\\\/index.php\\\/2026\\\/05\\\/01\\\/qeveria-amerikane-lufta-me-iranin-ka-perfunduar\\\/#respond\"]}]},{\"@type\":\"WebPage\",\"@id\":\"https:\\\/\\\/kosovatimes.info\\\/index.php\\\/2026\\\/05\\\/01\\\/qeveria-amerikane-lufta-me-iranin-ka-perfunduar\\\/\",\"url\":\"https:\\\/\\\/kosovatimes.info\\\/index.php\\\/2026\\\/05\\\/01\\\/qeveria-amerikane-lufta-me-iranin-ka-perfunduar\\\/\",\"name\":\"Qeveria amerikane: Lufta me Iranin ka p\u00ebrfunduar - Kosova Times\",\"isPartOf\":{\"@id\":\"https:\\\/\\\/kosovatimes.info\\\/#website\"},\"datePublished\":\"2026-05-01T08:34:00+00:00\",\"dateModified\":\"2026-05-01T09:17:18+00:00\",\"author\":{\"@id\":\"https:\\\/\\\/kosovatimes.info\\\/#\\\/schema\\\/person\\\/7586712b9c512fe68085de007378c915\"},\"breadcrumb\":{\"@id\":\"https:\\\/\\\/kosovatimes.info\\\/index.php\\\/2026\\\/05\\\/01\\\/qeveria-amerikane-lufta-me-iranin-ka-perfunduar\\\/#breadcrumb\"},\"inLanguage\":\"en-US\",\"potentialAction\":[{\"@type\":\"ReadAction\",\"target\":[\"https:\\\/\\\/kosovatimes.info\\\/index.php\\\/2026\\\/05\\\/01\\\/qeveria-amerikane-lufta-me-iranin-ka-perfunduar\\\/\"]}]},{\"@type\":\"BreadcrumbList\",\"@id\":\"https:\\\/\\\/kosovatimes.info\\\/index.php\\\/2026\\\/05\\\/01\\\/qeveria-amerikane-lufta-me-iranin-ka-perfunduar\\\/#breadcrumb\",\"itemListElement\":[{\"@type\":\"ListItem\",\"position\":1,\"name\":\"Home\",\"item\":\"https:\\\/\\\/kosovatimes.info\\\/\"},{\"@type\":\"ListItem\",\"position\":2,\"name\":\"Qeveria amerikane: Lufta me Iranin ka p\u00ebrfunduar\"}]},{\"@type\":\"WebSite\",\"@id\":\"https:\\\/\\\/kosovatimes.info\\\/#website\",\"url\":\"https:\\\/\\\/kosovatimes.info\\\/\",\"name\":\"Kosova Times\",\"description\":\"\",\"potentialAction\":[{\"@type\":\"SearchAction\",\"target\":{\"@type\":\"EntryPoint\",\"urlTemplate\":\"https:\\\/\\\/kosovatimes.info\\\/?s={search_term_string}\"},\"query-input\":{\"@type\":\"PropertyValueSpecification\",\"valueRequired\":true,\"valueName\":\"search_term_string\"}}],\"inLanguage\":\"en-US\"},{\"@type\":\"Person\",\"@id\":\"https:\\\/\\\/kosovatimes.info\\\/#\\\/schema\\\/person\\\/7586712b9c512fe68085de007378c915\",\"name\":\"i l\",\"image\":{\"@type\":\"ImageObject\",\"inLanguage\":\"en-US\",\"@id\":\"https:\\\/\\\/secure.gravatar.com\\\/avatar\\\/bad9296e02816160ae2e2435beda58222022298d5625d49fea74d18816fbb31d?s=96&d=mm&r=g\",\"url\":\"https:\\\/\\\/secure.gravatar.com\\\/avatar\\\/bad9296e02816160ae2e2435beda58222022298d5625d49fea74d18816fbb31d?s=96&d=mm&r=g\",\"contentUrl\":\"https:\\\/\\\/secure.gravatar.com\\\/avatar\\\/bad9296e02816160ae2e2435beda58222022298d5625d49fea74d18816fbb31d?s=96&d=mm&r=g\",\"caption\":\"i l\"},\"url\":\"https:\\\/\\\/kosovatimes.info\\\/index.php\\\/author\\\/iliri\\\/\"}]}<\/script>\n<!-- \/ Yoast SEO plugin. -->","yoast_head_json":{"title":"Qeveria amerikane: Lufta me Iranin ka p\u00ebrfunduar - Kosova Times","robots":{"index":"index","follow":"follow","max-snippet":"max-snippet:-1","max-image-preview":"max-image-preview:large","max-video-preview":"max-video-preview:-1"},"canonical":"https:\/\/kosovatimes.info\/index.php\/2026\/05\/01\/qeveria-amerikane-lufta-me-iranin-ka-perfunduar\/","og_locale":"en_US","og_type":"article","og_title":"Qeveria amerikane: Lufta me Iranin ka p\u00ebrfunduar - Kosova Times","og_description":"DW Qeveria amerikane thot\u00eb se lufta me Iranin ka p\u00ebrfunduar, duke shtuar edhe se arm\u00ebpushimi e nd\u00ebrpreu afatin 60-ditor q\u00eb k\u00ebrkonte miratimin e Kongresit p\u00ebr vazhdimin e operacionit ushtarak. Me sa duket p\u00ebr t\u00eb shmangur nj\u00eb votim t\u00eb detyruesh\u00ebm me ligj n\u00eb Kongres, qeveria amerikane e konsideron luft\u00ebn me Iranin t\u00eb p\u00ebrfunduar. K\u00ebshtu u shpreh [&hellip;]","og_url":"https:\/\/kosovatimes.info\/index.php\/2026\/05\/01\/qeveria-amerikane-lufta-me-iranin-ka-perfunduar\/","og_site_name":"Kosova Times","article_published_time":"2026-05-01T08:34:00+00:00","article_modified_time":"2026-05-01T09:17:18+00:00","author":"i l","twitter_card":"summary_large_image","twitter_misc":{"Written by":"i l","Est. reading time":"2 minutes"},"schema":{"@context":"https:\/\/schema.org","@graph":[{"@type":"Article","@id":"https:\/\/kosovatimes.info\/index.php\/2026\/05\/01\/qeveria-amerikane-lufta-me-iranin-ka-perfunduar\/#article","isPartOf":{"@id":"https:\/\/kosovatimes.info\/index.php\/2026\/05\/01\/qeveria-amerikane-lufta-me-iranin-ka-perfunduar\/"},"author":{"name":"i l","@id":"https:\/\/kosovatimes.info\/#\/schema\/person\/7586712b9c512fe68085de007378c915"},"headline":"Qeveria amerikane: Lufta me Iranin ka p\u00ebrfunduar","datePublished":"2026-05-01T08:34:00+00:00","dateModified":"2026-05-01T09:17:18+00:00","mainEntityOfPage":{"@id":"https:\/\/kosovatimes.info\/index.php\/2026\/05\/01\/qeveria-amerikane-lufta-me-iranin-ka-perfunduar\/"},"wordCount":287,"commentCount":0,"articleSection":["Bot\u00eb","Lajme"],"inLanguage":"en-US","potentialAction":[{"@type":"CommentAction","name":"Comment","target":["https:\/\/kosovatimes.info\/index.php\/2026\/05\/01\/qeveria-amerikane-lufta-me-iranin-ka-perfunduar\/#respond"]}]},{"@type":"WebPage","@id":"https:\/\/kosovatimes.info\/index.php\/2026\/05\/01\/qeveria-amerikane-lufta-me-iranin-ka-perfunduar\/","url":"https:\/\/kosovatimes.info\/index.php\/2026\/05\/01\/qeveria-amerikane-lufta-me-iranin-ka-perfunduar\/","name":"Qeveria amerikane: Lufta me Iranin ka p\u00ebrfunduar - Kosova Times","isPartOf":{"@id":"https:\/\/kosovatimes.info\/#website"},"datePublished":"2026-05-01T08:34:00+00:00","dateModified":"2026-05-01T09:17:18+00:00","author":{"@id":"https:\/\/kosovatimes.info\/#\/schema\/person\/7586712b9c512fe68085de007378c915"},"breadcrumb":{"@id":"https:\/\/kosovatimes.info\/index.php\/2026\/05\/01\/qeveria-amerikane-lufta-me-iranin-ka-perfunduar\/#breadcrumb"},"inLanguage":"en-US","potentialAction":[{"@type":"ReadAction","target":["https:\/\/kosovatimes.info\/index.php\/2026\/05\/01\/qeveria-amerikane-lufta-me-iranin-ka-perfunduar\/"]}]},{"@type":"BreadcrumbList","@id":"https:\/\/kosovatimes.info\/index.php\/2026\/05\/01\/qeveria-amerikane-lufta-me-iranin-ka-perfunduar\/#breadcrumb","itemListElement":[{"@type":"ListItem","position":1,"name":"Home","item":"https:\/\/kosovatimes.info\/"},{"@type":"ListItem","position":2,"name":"Qeveria amerikane: Lufta me Iranin ka p\u00ebrfunduar"}]},{"@type":"WebSite","@id":"https:\/\/kosovatimes.info\/#website","url":"https:\/\/kosovatimes.info\/","name":"Kosova Times","description":"","potentialAction":[{"@type":"SearchAction","target":{"@type":"EntryPoint","urlTemplate":"https:\/\/kosovatimes.info\/?s={search_term_string}"},"query-input":{"@type":"PropertyValueSpecification","valueRequired":true,"valueName":"search_term_string"}}],"inLanguage":"en-US"},{"@type":"Person","@id":"https:\/\/kosovatimes.info\/#\/schema\/person\/7586712b9c512fe68085de007378c915","name":"i l","image":{"@type":"ImageObject","inLanguage":"en-US","@id":"https:\/\/secure.gravatar.com\/avatar\/bad9296e02816160ae2e2435beda58222022298d5625d49fea74d18816fbb31d?s=96&d=mm&r=g","url":"https:\/\/secure.gravatar.com\/avatar\/bad9296e02816160ae2e2435beda58222022298d5625d49fea74d18816fbb31d?s=96&d=mm&r=g","contentUrl":"https:\/\/secure.gravatar.com\/avatar\/bad9296e02816160ae2e2435beda58222022298d5625d49fea74d18816fbb31d?s=96&d=mm&r=g","caption":"i l"},"url":"https:\/\/kosovatimes.info\/index.php\/author\/iliri\/"}]}},"_links":{"self":[{"href":"https:\/\/kosovatimes.info\/index.php\/wp-json\/wp\/v2\/posts\/12921","targetHints":{"allow":["GET"]}}],"collection":[{"href":"https:\/\/kosovatimes.info\/index.php\/wp-json\/wp\/v2\/posts"}],"about":[{"href":"https:\/\/kosovatimes.info\/index.php\/wp-json\/wp\/v2\/types\/post"}],"author":[{"embeddable":true,"href":"https:\/\/kosovatimes.info\/index.php\/wp-json\/wp\/v2\/users\/4"}],"replies":[{"embeddable":true,"href":"https:\/\/kosovatimes.info\/index.php\/wp-json\/wp\/v2\/comments?post=12921"}],"version-history":[{"count":1,"href":"https:\/\/kosovatimes.info\/index.php\/wp-json\/wp\/v2\/posts\/12921\/revisions"}],"predecessor-version":[{"id":12922,"href":"https:\/\/kosovatimes.info\/index.php\/wp-json\/wp\/v2\/posts\/12921\/revisions\/12922"}],"wp:attachment":[{"href":"https:\/\/kosovatimes.info\/index.php\/wp-json\/wp\/v2\/media?parent=12921"}],"wp:term":[{"taxonomy":"category","embeddable":true,"href":"https:\/\/kosovatimes.info\/index.php\/wp-json\/wp\/v2\/categories?post=12921"},{"taxonomy":"post_tag","embeddable":true,"href":"https:\/\/kosovatimes.info\/index.php\/wp-json\/wp\/v2\/tags?post=12921"}],"curies":[{"name":"wp","href":"https:\/\/api.w.org\/{rel}","templated":true}]}}