{"id":12923,"date":"2026-05-01T11:19:00","date_gmt":"2026-05-01T09:19:00","guid":{"rendered":"https:\/\/kosovatimes.info\/?p=12923"},"modified":"2026-05-01T11:19:02","modified_gmt":"2026-05-01T09:19:02","slug":"kos-ne-kemi-ndaluar-te-gjitha-pagesat-nga-plani-i-rritjes-per-serbine-derisa-te-permiresojne-situaten-ne-gjyqesor","status":"publish","type":"post","link":"https:\/\/kosovatimes.info\/index.php\/2026\/05\/01\/kos-ne-kemi-ndaluar-te-gjitha-pagesat-nga-plani-i-rritjes-per-serbine-derisa-te-permiresojne-situaten-ne-gjyqesor\/","title":{"rendered":"Kos: Ne kemi ndaluar t\u00eb gjitha pagesat nga Plani i Rritjes p\u00ebr Serbin\u00eb, derisa t\u00eb p\u00ebrmir\u00ebsojn\u00eb situat\u00ebn n\u00eb gjyq\u00ebsor"},"content":{"rendered":"\n<p>\u201cP\u00ebr momentin, ne kemi ndaluar t\u00eb gjitha pagesat nga Plani i Rritjes sepse Serbia ka b\u00ebr\u00eb regres n\u00eb fush\u00ebn e drejt\u00ebsis\u00eb dhe derisa ta rregullojn\u00eb k\u00ebt\u00eb, nuk do t\u00eb jen\u00eb n\u00eb gjendje t\u00eb marrin mb\u00ebshtetje financiare nga BE-ja\u201d, tha dje n\u00eb Universitetin e Friborgut n\u00eb Zvic\u00ebr, Komisionerja Evropiane p\u00ebr Zgjerim, Marta Kos.Kos mbajti nj\u00eb leksion me tem\u00eb &#8220;Si e ndryshoi gjeopolitika zgjerimin e BE-s\u00eb&#8221; n\u00eb Universitetin e Friborgut. Duke iu p\u00ebrgjigjur pyetjeve nga audienca, ajo iu referua edhe situat\u00ebs n\u00eb Serbi, raporton&nbsp;<a href=\"https:\/\/savremenapolitika.com\/kos-dok-srbija-ne-popravi-situaciju-u-pravosudju-nece-dobiti-finansijsku-pomoc-eu\/\" target=\"_blank\" rel=\"noreferrer noopener\">savremenapolitika.com<\/a>&nbsp;.<\/p>\n\n\n\n<p>\u201cSerbia \u00ebsht\u00eb shum\u00eb e polarizuar sot. Ka qen\u00eb kandidate p\u00ebr an\u00ebtar\u00ebsim p\u00ebr m\u00eb shum\u00eb se dhjet\u00eb vjet dhe p\u00ebr fat t\u00eb keq po shohim nj\u00eb penges\u00eb, ve\u00e7an\u00ebrisht n\u00eb pjes\u00ebn q\u00eb lidhet me vlerat p\u00ebr t\u00eb cilat fola m\u00eb par\u00eb, sundimin e ligjit, demokracin\u00eb, lirin\u00eb e shprehjes dhe ve\u00e7an\u00ebrisht lirin\u00eb e medias. Serbia ka nj\u00eb t\u00eb ardhme n\u00eb Bashkimin Evropian, por kursi duhet t\u00eb ndryshoj\u00eb\u201d, tha Kos.&#8221;Ne kemi nj\u00eb rregull, p\u00ebrpara se t\u00eb b\u00ebhemi an\u00ebtar i BE-s\u00eb, p\u00ebrputhshm\u00ebria e shtetit me politik\u00ebn e jashtme dhe t\u00eb siguris\u00eb t\u00eb BE-s\u00eb duhet t\u00eb jet\u00eb 100 p\u00ebrqind. Kjo do t\u00eb thot\u00eb q\u00eb nuk mund t\u00eb ulesh n\u00eb dy karrige. N\u00eb nj\u00eb moment, Serbia do t\u00eb duhet t\u00eb vendos\u00eb se \u00e7far\u00eb \u00ebsht\u00eb m\u00eb e r\u00ebnd\u00ebsishme p\u00ebr zhvillimin e saj&#8221;, shtoi ajo.<\/p>\n\n\n\n<p>Kos vler\u00ebsoi se proceset e fundit n\u00eb Serbi treguan se &#8220;ka forca q\u00eb realisht nuk pajtohen me m\u00ebnyr\u00ebn se si qeveria dhe presidenti e qeverisin vendin&#8221;.<\/p>\n\n\n\n<p>\u201cEdhe nj\u00eb her\u00eb, ne jemi t\u00eb gatsh\u00ebm t\u00eb ndihmojm\u00eb, por Serbia do t\u00eb duhet t\u00eb veproj\u00eb\u201d, shtoi ajo.<\/p>\n\n\n\n<p>Miratimi i t\u00eb ashtuquajturave ligje Mrdi\u0107 n\u00eb janar 2026 \u00e7oi n\u00eb kritika t\u00eb ashpra nga Brukseli. N\u00eb raportin e jav\u00ebs s\u00eb kaluar, Komisioni i Venedikut&nbsp;<a href=\"https:\/\/savremenapolitika.com\/venecijanska-komisija-formulisala-niz-preporuka-za-otklanjanje-nedostataka-mrdicevih-zakona\/\"><strong>paraqiti<\/strong><\/a>&nbsp;nj\u00eb s\u00ebr\u00eb rekomandimesh n\u00eb baz\u00eb t\u00eb t\u00eb cilave k\u00ebto ligje duhet t\u00eb ndryshohen, nd\u00ebrsa Komisioni Evropian&nbsp;<a href=\"https:\/\/savremenapolitika.com\/evropska-komisija-srbija-u-potpunosti-da-sprovede-preporuke-venecijanske-komisije\/\"><strong>deklaroi<\/strong><\/a>&nbsp;se pret q\u00eb Serbia t&#8217;i zbatoj\u00eb k\u00ebto rekomandime sa m\u00eb shpejt t\u00eb jet\u00eb e mundur.<\/p>\n","protected":false},"excerpt":{"rendered":"<p>\u201cP\u00ebr momentin, ne kemi ndaluar t\u00eb gjitha pagesat nga Plani i Rritjes sepse Serbia ka b\u00ebr\u00eb regres n\u00eb fush\u00ebn e drejt\u00ebsis\u00eb dhe derisa ta rregullojn\u00eb k\u00ebt\u00eb, nuk do t\u00eb jen\u00eb n\u00eb gjendje t\u00eb marrin mb\u00ebshtetje financiare nga BE-ja\u201d, tha dje n\u00eb Universitetin e Friborgut n\u00eb Zvic\u00ebr, Komisionerja Evropiane p\u00ebr Zgjerim, Marta Kos.Kos mbajti nj\u00eb leksion [&hellip;]<\/p>\n","protected":false},"author":4,"featured_media":12924,"comment_status":"open","ping_status":"open","sticky":false,"template":"","format":"standard","meta":{"footnotes":""},"categories":[30,32],"tags":[],"class_list":{"0":"post-12923","1":"post","2":"type-post","3":"status-publish","4":"format-standard","5":"has-post-thumbnail","7":"category-lajme","8":"category-rajon"},"yoast_head":"<!-- This site is optimized with the Yoast SEO plugin v27.4 - https:\/\/yoast.com\/product\/yoast-seo-wordpress\/ -->\n<title>Kos: Ne kemi ndaluar t\u00eb gjitha pagesat nga Plani i Rritjes p\u00ebr Serbin\u00eb, derisa t\u00eb p\u00ebrmir\u00ebsojn\u00eb situat\u00ebn n\u00eb gjyq\u00ebsor - Kosova Times<\/title>\n<meta name=\"robots\" content=\"index, follow, max-snippet:-1, max-image-preview:large, max-video-preview:-1\" \/>\n<link rel=\"canonical\" href=\"https:\/\/kosovatimes.info\/index.php\/2026\/05\/01\/kos-ne-kemi-ndaluar-te-gjitha-pagesat-nga-plani-i-rritjes-per-serbine-derisa-te-permiresojne-situaten-ne-gjyqesor\/\" \/>\n<meta property=\"og:locale\" content=\"en_US\" \/>\n<meta property=\"og:type\" content=\"article\" \/>\n<meta property=\"og:title\" content=\"Kos: Ne kemi ndaluar t\u00eb gjitha pagesat nga Plani i Rritjes p\u00ebr Serbin\u00eb, derisa t\u00eb p\u00ebrmir\u00ebsojn\u00eb situat\u00ebn n\u00eb gjyq\u00ebsor - Kosova Times\" \/>\n<meta property=\"og:description\" content=\"\u201cP\u00ebr momentin, ne kemi ndaluar t\u00eb gjitha pagesat nga Plani i Rritjes sepse Serbia ka b\u00ebr\u00eb regres n\u00eb fush\u00ebn e drejt\u00ebsis\u00eb dhe derisa ta rregullojn\u00eb k\u00ebt\u00eb, nuk do t\u00eb jen\u00eb n\u00eb gjendje t\u00eb marrin mb\u00ebshtetje financiare nga BE-ja\u201d, tha dje n\u00eb Universitetin e Friborgut n\u00eb Zvic\u00ebr, Komisionerja Evropiane p\u00ebr Zgjerim, Marta Kos.Kos mbajti nj\u00eb leksion [&hellip;]\" \/>\n<meta property=\"og:url\" content=\"https:\/\/kosovatimes.info\/index.php\/2026\/05\/01\/kos-ne-kemi-ndaluar-te-gjitha-pagesat-nga-plani-i-rritjes-per-serbine-derisa-te-permiresojne-situaten-ne-gjyqesor\/\" \/>\n<meta property=\"og:site_name\" content=\"Kosova Times\" \/>\n<meta property=\"article:published_time\" content=\"2026-05-01T09:19:00+00:00\" \/>\n<meta property=\"article:modified_time\" content=\"2026-05-01T09:19:02+00:00\" \/>\n<meta name=\"author\" content=\"i l\" \/>\n<meta name=\"twitter:card\" content=\"summary_large_image\" \/>\n<meta name=\"twitter:label1\" content=\"Written by\" \/>\n\t<meta name=\"twitter:data1\" content=\"i l\" \/>\n\t<meta name=\"twitter:label2\" content=\"Est. reading time\" \/>\n\t<meta name=\"twitter:data2\" content=\"1 minute\" \/>\n<script type=\"application\/ld+json\" class=\"yoast-schema-graph\">{\"@context\":\"https:\\\/\\\/schema.org\",\"@graph\":[{\"@type\":\"Article\",\"@id\":\"https:\\\/\\\/kosovatimes.info\\\/index.php\\\/2026\\\/05\\\/01\\\/kos-ne-kemi-ndaluar-te-gjitha-pagesat-nga-plani-i-rritjes-per-serbine-derisa-te-permiresojne-situaten-ne-gjyqesor\\\/#article\",\"isPartOf\":{\"@id\":\"https:\\\/\\\/kosovatimes.info\\\/index.php\\\/2026\\\/05\\\/01\\\/kos-ne-kemi-ndaluar-te-gjitha-pagesat-nga-plani-i-rritjes-per-serbine-derisa-te-permiresojne-situaten-ne-gjyqesor\\\/\"},\"author\":{\"name\":\"i l\",\"@id\":\"https:\\\/\\\/kosovatimes.info\\\/#\\\/schema\\\/person\\\/7586712b9c512fe68085de007378c915\"},\"headline\":\"Kos: Ne kemi ndaluar t\u00eb gjitha pagesat nga Plani i Rritjes p\u00ebr Serbin\u00eb, derisa t\u00eb p\u00ebrmir\u00ebsojn\u00eb situat\u00ebn n\u00eb gjyq\u00ebsor\",\"datePublished\":\"2026-05-01T09:19:00+00:00\",\"dateModified\":\"2026-05-01T09:19:02+00:00\",\"mainEntityOfPage\":{\"@id\":\"https:\\\/\\\/kosovatimes.info\\\/index.php\\\/2026\\\/05\\\/01\\\/kos-ne-kemi-ndaluar-te-gjitha-pagesat-nga-plani-i-rritjes-per-serbine-derisa-te-permiresojne-situaten-ne-gjyqesor\\\/\"},\"wordCount\":383,\"commentCount\":0,\"image\":{\"@id\":\"https:\\\/\\\/kosovatimes.info\\\/index.php\\\/2026\\\/05\\\/01\\\/kos-ne-kemi-ndaluar-te-gjitha-pagesat-nga-plani-i-rritjes-per-serbine-derisa-te-permiresojne-situaten-ne-gjyqesor\\\/#primaryimage\"},\"thumbnailUrl\":\"https:\\\/\\\/kosovatimes.info\\\/wp-content\\\/uploads\\\/2026\\\/05\\\/Kos.avif\",\"articleSection\":[\"Lajme\",\"Rajon\"],\"inLanguage\":\"en-US\",\"potentialAction\":[{\"@type\":\"CommentAction\",\"name\":\"Comment\",\"target\":[\"https:\\\/\\\/kosovatimes.info\\\/index.php\\\/2026\\\/05\\\/01\\\/kos-ne-kemi-ndaluar-te-gjitha-pagesat-nga-plani-i-rritjes-per-serbine-derisa-te-permiresojne-situaten-ne-gjyqesor\\\/#respond\"]}]},{\"@type\":\"WebPage\",\"@id\":\"https:\\\/\\\/kosovatimes.info\\\/index.php\\\/2026\\\/05\\\/01\\\/kos-ne-kemi-ndaluar-te-gjitha-pagesat-nga-plani-i-rritjes-per-serbine-derisa-te-permiresojne-situaten-ne-gjyqesor\\\/\",\"url\":\"https:\\\/\\\/kosovatimes.info\\\/index.php\\\/2026\\\/05\\\/01\\\/kos-ne-kemi-ndaluar-te-gjitha-pagesat-nga-plani-i-rritjes-per-serbine-derisa-te-permiresojne-situaten-ne-gjyqesor\\\/\",\"name\":\"Kos: Ne kemi ndaluar t\u00eb gjitha pagesat nga Plani i Rritjes p\u00ebr Serbin\u00eb, derisa t\u00eb p\u00ebrmir\u00ebsojn\u00eb situat\u00ebn n\u00eb gjyq\u00ebsor - Kosova Times\",\"isPartOf\":{\"@id\":\"https:\\\/\\\/kosovatimes.info\\\/#website\"},\"primaryImageOfPage\":{\"@id\":\"https:\\\/\\\/kosovatimes.info\\\/index.php\\\/2026\\\/05\\\/01\\\/kos-ne-kemi-ndaluar-te-gjitha-pagesat-nga-plani-i-rritjes-per-serbine-derisa-te-permiresojne-situaten-ne-gjyqesor\\\/#primaryimage\"},\"image\":{\"@id\":\"https:\\\/\\\/kosovatimes.info\\\/index.php\\\/2026\\\/05\\\/01\\\/kos-ne-kemi-ndaluar-te-gjitha-pagesat-nga-plani-i-rritjes-per-serbine-derisa-te-permiresojne-situaten-ne-gjyqesor\\\/#primaryimage\"},\"thumbnailUrl\":\"https:\\\/\\\/kosovatimes.info\\\/wp-content\\\/uploads\\\/2026\\\/05\\\/Kos.avif\",\"datePublished\":\"2026-05-01T09:19:00+00:00\",\"dateModified\":\"2026-05-01T09:19:02+00:00\",\"author\":{\"@id\":\"https:\\\/\\\/kosovatimes.info\\\/#\\\/schema\\\/person\\\/7586712b9c512fe68085de007378c915\"},\"breadcrumb\":{\"@id\":\"https:\\\/\\\/kosovatimes.info\\\/index.php\\\/2026\\\/05\\\/01\\\/kos-ne-kemi-ndaluar-te-gjitha-pagesat-nga-plani-i-rritjes-per-serbine-derisa-te-permiresojne-situaten-ne-gjyqesor\\\/#breadcrumb\"},\"inLanguage\":\"en-US\",\"potentialAction\":[{\"@type\":\"ReadAction\",\"target\":[\"https:\\\/\\\/kosovatimes.info\\\/index.php\\\/2026\\\/05\\\/01\\\/kos-ne-kemi-ndaluar-te-gjitha-pagesat-nga-plani-i-rritjes-per-serbine-derisa-te-permiresojne-situaten-ne-gjyqesor\\\/\"]}]},{\"@type\":\"ImageObject\",\"inLanguage\":\"en-US\",\"@id\":\"https:\\\/\\\/kosovatimes.info\\\/index.php\\\/2026\\\/05\\\/01\\\/kos-ne-kemi-ndaluar-te-gjitha-pagesat-nga-plani-i-rritjes-per-serbine-derisa-te-permiresojne-situaten-ne-gjyqesor\\\/#primaryimage\",\"url\":\"https:\\\/\\\/kosovatimes.info\\\/wp-content\\\/uploads\\\/2026\\\/05\\\/Kos.avif\",\"contentUrl\":\"https:\\\/\\\/kosovatimes.info\\\/wp-content\\\/uploads\\\/2026\\\/05\\\/Kos.avif\",\"width\":1200,\"height\":805},{\"@type\":\"BreadcrumbList\",\"@id\":\"https:\\\/\\\/kosovatimes.info\\\/index.php\\\/2026\\\/05\\\/01\\\/kos-ne-kemi-ndaluar-te-gjitha-pagesat-nga-plani-i-rritjes-per-serbine-derisa-te-permiresojne-situaten-ne-gjyqesor\\\/#breadcrumb\",\"itemListElement\":[{\"@type\":\"ListItem\",\"position\":1,\"name\":\"Home\",\"item\":\"https:\\\/\\\/kosovatimes.info\\\/\"},{\"@type\":\"ListItem\",\"position\":2,\"name\":\"Kos: Ne kemi ndaluar t\u00eb gjitha pagesat nga Plani i Rritjes p\u00ebr Serbin\u00eb, derisa t\u00eb p\u00ebrmir\u00ebsojn\u00eb situat\u00ebn n\u00eb gjyq\u00ebsor\"}]},{\"@type\":\"WebSite\",\"@id\":\"https:\\\/\\\/kosovatimes.info\\\/#website\",\"url\":\"https:\\\/\\\/kosovatimes.info\\\/\",\"name\":\"Kosova Times\",\"description\":\"\",\"potentialAction\":[{\"@type\":\"SearchAction\",\"target\":{\"@type\":\"EntryPoint\",\"urlTemplate\":\"https:\\\/\\\/kosovatimes.info\\\/?s={search_term_string}\"},\"query-input\":{\"@type\":\"PropertyValueSpecification\",\"valueRequired\":true,\"valueName\":\"search_term_string\"}}],\"inLanguage\":\"en-US\"},{\"@type\":\"Person\",\"@id\":\"https:\\\/\\\/kosovatimes.info\\\/#\\\/schema\\\/person\\\/7586712b9c512fe68085de007378c915\",\"name\":\"i l\",\"image\":{\"@type\":\"ImageObject\",\"inLanguage\":\"en-US\",\"@id\":\"https:\\\/\\\/secure.gravatar.com\\\/avatar\\\/bad9296e02816160ae2e2435beda58222022298d5625d49fea74d18816fbb31d?s=96&d=mm&r=g\",\"url\":\"https:\\\/\\\/secure.gravatar.com\\\/avatar\\\/bad9296e02816160ae2e2435beda58222022298d5625d49fea74d18816fbb31d?s=96&d=mm&r=g\",\"contentUrl\":\"https:\\\/\\\/secure.gravatar.com\\\/avatar\\\/bad9296e02816160ae2e2435beda58222022298d5625d49fea74d18816fbb31d?s=96&d=mm&r=g\",\"caption\":\"i l\"},\"url\":\"https:\\\/\\\/kosovatimes.info\\\/index.php\\\/author\\\/iliri\\\/\"}]}<\/script>\n<!-- \/ Yoast SEO plugin. -->","yoast_head_json":{"title":"Kos: Ne kemi ndaluar t\u00eb gjitha pagesat nga Plani i Rritjes p\u00ebr Serbin\u00eb, derisa t\u00eb p\u00ebrmir\u00ebsojn\u00eb situat\u00ebn n\u00eb gjyq\u00ebsor - Kosova Times","robots":{"index":"index","follow":"follow","max-snippet":"max-snippet:-1","max-image-preview":"max-image-preview:large","max-video-preview":"max-video-preview:-1"},"canonical":"https:\/\/kosovatimes.info\/index.php\/2026\/05\/01\/kos-ne-kemi-ndaluar-te-gjitha-pagesat-nga-plani-i-rritjes-per-serbine-derisa-te-permiresojne-situaten-ne-gjyqesor\/","og_locale":"en_US","og_type":"article","og_title":"Kos: Ne kemi ndaluar t\u00eb gjitha pagesat nga Plani i Rritjes p\u00ebr Serbin\u00eb, derisa t\u00eb p\u00ebrmir\u00ebsojn\u00eb situat\u00ebn n\u00eb gjyq\u00ebsor - Kosova Times","og_description":"\u201cP\u00ebr momentin, ne kemi ndaluar t\u00eb gjitha pagesat nga Plani i Rritjes sepse Serbia ka b\u00ebr\u00eb regres n\u00eb fush\u00ebn e drejt\u00ebsis\u00eb dhe derisa ta rregullojn\u00eb k\u00ebt\u00eb, nuk do t\u00eb jen\u00eb n\u00eb gjendje t\u00eb marrin mb\u00ebshtetje financiare nga BE-ja\u201d, tha dje n\u00eb Universitetin e Friborgut n\u00eb Zvic\u00ebr, Komisionerja Evropiane p\u00ebr Zgjerim, Marta Kos.Kos mbajti nj\u00eb leksion [&hellip;]","og_url":"https:\/\/kosovatimes.info\/index.php\/2026\/05\/01\/kos-ne-kemi-ndaluar-te-gjitha-pagesat-nga-plani-i-rritjes-per-serbine-derisa-te-permiresojne-situaten-ne-gjyqesor\/","og_site_name":"Kosova Times","article_published_time":"2026-05-01T09:19:00+00:00","article_modified_time":"2026-05-01T09:19:02+00:00","author":"i l","twitter_card":"summary_large_image","twitter_misc":{"Written by":"i l","Est. reading time":"1 minute"},"schema":{"@context":"https:\/\/schema.org","@graph":[{"@type":"Article","@id":"https:\/\/kosovatimes.info\/index.php\/2026\/05\/01\/kos-ne-kemi-ndaluar-te-gjitha-pagesat-nga-plani-i-rritjes-per-serbine-derisa-te-permiresojne-situaten-ne-gjyqesor\/#article","isPartOf":{"@id":"https:\/\/kosovatimes.info\/index.php\/2026\/05\/01\/kos-ne-kemi-ndaluar-te-gjitha-pagesat-nga-plani-i-rritjes-per-serbine-derisa-te-permiresojne-situaten-ne-gjyqesor\/"},"author":{"name":"i l","@id":"https:\/\/kosovatimes.info\/#\/schema\/person\/7586712b9c512fe68085de007378c915"},"headline":"Kos: Ne kemi ndaluar t\u00eb gjitha pagesat nga Plani i Rritjes p\u00ebr Serbin\u00eb, derisa t\u00eb p\u00ebrmir\u00ebsojn\u00eb situat\u00ebn n\u00eb gjyq\u00ebsor","datePublished":"2026-05-01T09:19:00+00:00","dateModified":"2026-05-01T09:19:02+00:00","mainEntityOfPage":{"@id":"https:\/\/kosovatimes.info\/index.php\/2026\/05\/01\/kos-ne-kemi-ndaluar-te-gjitha-pagesat-nga-plani-i-rritjes-per-serbine-derisa-te-permiresojne-situaten-ne-gjyqesor\/"},"wordCount":383,"commentCount":0,"image":{"@id":"https:\/\/kosovatimes.info\/index.php\/2026\/05\/01\/kos-ne-kemi-ndaluar-te-gjitha-pagesat-nga-plani-i-rritjes-per-serbine-derisa-te-permiresojne-situaten-ne-gjyqesor\/#primaryimage"},"thumbnailUrl":"https:\/\/kosovatimes.info\/wp-content\/uploads\/2026\/05\/Kos.avif","articleSection":["Lajme","Rajon"],"inLanguage":"en-US","potentialAction":[{"@type":"CommentAction","name":"Comment","target":["https:\/\/kosovatimes.info\/index.php\/2026\/05\/01\/kos-ne-kemi-ndaluar-te-gjitha-pagesat-nga-plani-i-rritjes-per-serbine-derisa-te-permiresojne-situaten-ne-gjyqesor\/#respond"]}]},{"@type":"WebPage","@id":"https:\/\/kosovatimes.info\/index.php\/2026\/05\/01\/kos-ne-kemi-ndaluar-te-gjitha-pagesat-nga-plani-i-rritjes-per-serbine-derisa-te-permiresojne-situaten-ne-gjyqesor\/","url":"https:\/\/kosovatimes.info\/index.php\/2026\/05\/01\/kos-ne-kemi-ndaluar-te-gjitha-pagesat-nga-plani-i-rritjes-per-serbine-derisa-te-permiresojne-situaten-ne-gjyqesor\/","name":"Kos: Ne kemi ndaluar t\u00eb gjitha pagesat nga Plani i Rritjes p\u00ebr Serbin\u00eb, derisa t\u00eb p\u00ebrmir\u00ebsojn\u00eb situat\u00ebn n\u00eb gjyq\u00ebsor - Kosova Times","isPartOf":{"@id":"https:\/\/kosovatimes.info\/#website"},"primaryImageOfPage":{"@id":"https:\/\/kosovatimes.info\/index.php\/2026\/05\/01\/kos-ne-kemi-ndaluar-te-gjitha-pagesat-nga-plani-i-rritjes-per-serbine-derisa-te-permiresojne-situaten-ne-gjyqesor\/#primaryimage"},"image":{"@id":"https:\/\/kosovatimes.info\/index.php\/2026\/05\/01\/kos-ne-kemi-ndaluar-te-gjitha-pagesat-nga-plani-i-rritjes-per-serbine-derisa-te-permiresojne-situaten-ne-gjyqesor\/#primaryimage"},"thumbnailUrl":"https:\/\/kosovatimes.info\/wp-content\/uploads\/2026\/05\/Kos.avif","datePublished":"2026-05-01T09:19:00+00:00","dateModified":"2026-05-01T09:19:02+00:00","author":{"@id":"https:\/\/kosovatimes.info\/#\/schema\/person\/7586712b9c512fe68085de007378c915"},"breadcrumb":{"@id":"https:\/\/kosovatimes.info\/index.php\/2026\/05\/01\/kos-ne-kemi-ndaluar-te-gjitha-pagesat-nga-plani-i-rritjes-per-serbine-derisa-te-permiresojne-situaten-ne-gjyqesor\/#breadcrumb"},"inLanguage":"en-US","potentialAction":[{"@type":"ReadAction","target":["https:\/\/kosovatimes.info\/index.php\/2026\/05\/01\/kos-ne-kemi-ndaluar-te-gjitha-pagesat-nga-plani-i-rritjes-per-serbine-derisa-te-permiresojne-situaten-ne-gjyqesor\/"]}]},{"@type":"ImageObject","inLanguage":"en-US","@id":"https:\/\/kosovatimes.info\/index.php\/2026\/05\/01\/kos-ne-kemi-ndaluar-te-gjitha-pagesat-nga-plani-i-rritjes-per-serbine-derisa-te-permiresojne-situaten-ne-gjyqesor\/#primaryimage","url":"https:\/\/kosovatimes.info\/wp-content\/uploads\/2026\/05\/Kos.avif","contentUrl":"https:\/\/kosovatimes.info\/wp-content\/uploads\/2026\/05\/Kos.avif","width":1200,"height":805},{"@type":"BreadcrumbList","@id":"https:\/\/kosovatimes.info\/index.php\/2026\/05\/01\/kos-ne-kemi-ndaluar-te-gjitha-pagesat-nga-plani-i-rritjes-per-serbine-derisa-te-permiresojne-situaten-ne-gjyqesor\/#breadcrumb","itemListElement":[{"@type":"ListItem","position":1,"name":"Home","item":"https:\/\/kosovatimes.info\/"},{"@type":"ListItem","position":2,"name":"Kos: Ne kemi ndaluar t\u00eb gjitha pagesat nga Plani i Rritjes p\u00ebr Serbin\u00eb, derisa t\u00eb p\u00ebrmir\u00ebsojn\u00eb situat\u00ebn n\u00eb gjyq\u00ebsor"}]},{"@type":"WebSite","@id":"https:\/\/kosovatimes.info\/#website","url":"https:\/\/kosovatimes.info\/","name":"Kosova Times","description":"","potentialAction":[{"@type":"SearchAction","target":{"@type":"EntryPoint","urlTemplate":"https:\/\/kosovatimes.info\/?s={search_term_string}"},"query-input":{"@type":"PropertyValueSpecification","valueRequired":true,"valueName":"search_term_string"}}],"inLanguage":"en-US"},{"@type":"Person","@id":"https:\/\/kosovatimes.info\/#\/schema\/person\/7586712b9c512fe68085de007378c915","name":"i l","image":{"@type":"ImageObject","inLanguage":"en-US","@id":"https:\/\/secure.gravatar.com\/avatar\/bad9296e02816160ae2e2435beda58222022298d5625d49fea74d18816fbb31d?s=96&d=mm&r=g","url":"https:\/\/secure.gravatar.com\/avatar\/bad9296e02816160ae2e2435beda58222022298d5625d49fea74d18816fbb31d?s=96&d=mm&r=g","contentUrl":"https:\/\/secure.gravatar.com\/avatar\/bad9296e02816160ae2e2435beda58222022298d5625d49fea74d18816fbb31d?s=96&d=mm&r=g","caption":"i l"},"url":"https:\/\/kosovatimes.info\/index.php\/author\/iliri\/"}]}},"_links":{"self":[{"href":"https:\/\/kosovatimes.info\/index.php\/wp-json\/wp\/v2\/posts\/12923","targetHints":{"allow":["GET"]}}],"collection":[{"href":"https:\/\/kosovatimes.info\/index.php\/wp-json\/wp\/v2\/posts"}],"about":[{"href":"https:\/\/kosovatimes.info\/index.php\/wp-json\/wp\/v2\/types\/post"}],"author":[{"embeddable":true,"href":"https:\/\/kosovatimes.info\/index.php\/wp-json\/wp\/v2\/users\/4"}],"replies":[{"embeddable":true,"href":"https:\/\/kosovatimes.info\/index.php\/wp-json\/wp\/v2\/comments?post=12923"}],"version-history":[{"count":1,"href":"https:\/\/kosovatimes.info\/index.php\/wp-json\/wp\/v2\/posts\/12923\/revisions"}],"predecessor-version":[{"id":12925,"href":"https:\/\/kosovatimes.info\/index.php\/wp-json\/wp\/v2\/posts\/12923\/revisions\/12925"}],"wp:featuredmedia":[{"embeddable":true,"href":"https:\/\/kosovatimes.info\/index.php\/wp-json\/wp\/v2\/media\/12924"}],"wp:attachment":[{"href":"https:\/\/kosovatimes.info\/index.php\/wp-json\/wp\/v2\/media?parent=12923"}],"wp:term":[{"taxonomy":"category","embeddable":true,"href":"https:\/\/kosovatimes.info\/index.php\/wp-json\/wp\/v2\/categories?post=12923"},{"taxonomy":"post_tag","embeddable":true,"href":"https:\/\/kosovatimes.info\/index.php\/wp-json\/wp\/v2\/tags?post=12923"}],"curies":[{"name":"wp","href":"https:\/\/api.w.org\/{rel}","templated":true}]}}