{"id":12926,"date":"2026-05-01T11:22:28","date_gmt":"2026-05-01T09:22:28","guid":{"rendered":"https:\/\/kosovatimes.info\/?p=12926"},"modified":"2026-05-01T11:22:30","modified_gmt":"2026-05-01T09:22:30","slug":"sheshelj-pretendon-se-vuciq-eshte-rikthyer-plotesisht-ne-pozitat-patriotike","status":"publish","type":"post","link":"https:\/\/kosovatimes.info\/index.php\/2026\/05\/01\/sheshelj-pretendon-se-vuciq-eshte-rikthyer-plotesisht-ne-pozitat-patriotike\/","title":{"rendered":"Sheshelj pretendon se Vu\u00e7iq \u00ebsht\u00eb &#8220;rikthyer plot\u00ebsisht n\u00eb pozitat patriotike&#8221;"},"content":{"rendered":"\n<ul class=\"wp-block-list\">\n<li><a href=\"https:\/\/www.danas.rs\/vesti\/politika\/seselj-tvrdi-da-se-vucic-potpuno-vratio-na-patriotske-pozicije\/\"><\/a><\/li>\n\n\n\n<li><a href=\"https:\/\/www.danas.rs\/vesti\/politika\/seselj-tvrdi-da-se-vucic-potpuno-vratio-na-patriotske-pozicije\/\"><\/a><\/li>\n\n\n\n<li><a href=\"https:\/\/www.danas.rs\/vesti\/politika\/seselj-tvrdi-da-se-vucic-potpuno-vratio-na-patriotske-pozicije\/\"><\/a><\/li>\n\n\n\n<li><a href=\"whatsapp:\/\/send?text=https%3A%2F%2Fwww.danas.rs%2Fvesti%2Fpolitika%2Fseselj-tvrdi-da-se-vucic-potpuno-vratio-na-patriotske-pozicije%2F\"><\/a><\/li>\n\n\n\n<li><a href=\"viber:\/\/forward?text=https%3A%2F%2Fwww.danas.rs%2Fvesti%2Fpolitika%2Fseselj-tvrdi-da-se-vucic-potpuno-vratio-na-patriotske-pozicije%2F\"><\/a><\/li>\n<\/ul>\n\n\n\n<p>Vojislav \u0160e\u0161elj, kreu i Partis\u00eb Radikale Serbe, pohon se Aleksandar Vu\u00e7i\u00e7, Presidenti i Serbis\u00eb, \u00ebsht\u00eb \u201ckthyer plot\u00ebsisht n\u00eb pozicionet patriotike\u201d.Duke komentuar&nbsp;<a href=\"https:\/\/www.danas.rs\/tag\/konsultacije\/\"><strong>konsultimet<\/strong><\/a>&nbsp;e fundit midis p\u00ebrfaq\u00ebsuesve t\u00eb SRS dhe Vu\u00e7i\u00e7it, \u0160e\u0161elj tha se biseda ishte shum\u00eb miq\u00ebsore tani, ndryshe nga viti 2016 kur ishte shum\u00eb ftoht\u00eb,&nbsp;<strong>raportoi SRS&nbsp;<\/strong><a href=\"https:\/\/x.com\/srpski_radikali\/status\/2050113154697298085\" target=\"_blank\" rel=\"noreferrer noopener\"><strong>n\u00eb llogarin\u00eb e saj X.<\/strong><\/a><\/p>\n\n\n\n<p>\u201cPrandaj, Vu\u00e7i\u00e7 besonte se k\u00ebto marr\u00ebdh\u00ebnie (me Per\u00ebndimin) ishin t\u00eb tendosura, t\u00eb k\u00ebqija p\u00ebr shkakun tim. Dhe ai mendonte se mund ta b\u00ebnte m\u00eb mir\u00eb me mir\u00ebsin\u00eb e tij, me dinjitetin e tij, me marr\u00ebdh\u00ebnien e tij personale t\u00eb k\u00ebndshme. Dhe pastaj e kuptoi se ata po punonin kund\u00ebr Per\u00ebndimit dhe kund\u00ebr tij, kund\u00ebr partis\u00eb s\u00eb tij dhe kund\u00ebr t\u00eb gjith\u00eb Serbis\u00eb. Dhe at\u00ebher\u00eb q\u00ebndrimi i tij ndryshoi papritmas\u201d, tha \u0160e\u0161elj p\u00ebr TV Informer.<\/p>\n","protected":false},"excerpt":{"rendered":"<p>Vojislav \u0160e\u0161elj, kreu i Partis\u00eb Radikale Serbe, pohon se Aleksandar Vu\u00e7i\u00e7, Presidenti i Serbis\u00eb, \u00ebsht\u00eb \u201ckthyer plot\u00ebsisht n\u00eb pozicionet patriotike\u201d.Duke komentuar&nbsp;konsultimet&nbsp;e fundit midis p\u00ebrfaq\u00ebsuesve t\u00eb SRS dhe Vu\u00e7i\u00e7it, \u0160e\u0161elj tha se biseda ishte shum\u00eb miq\u00ebsore tani, ndryshe nga viti 2016 kur ishte shum\u00eb ftoht\u00eb,&nbsp;raportoi SRS&nbsp;n\u00eb llogarin\u00eb e saj X. \u201cPrandaj, Vu\u00e7i\u00e7 besonte se k\u00ebto marr\u00ebdh\u00ebnie [&hellip;]<\/p>\n","protected":false},"author":4,"featured_media":12927,"comment_status":"open","ping_status":"open","sticky":false,"template":"","format":"standard","meta":{"footnotes":""},"categories":[30,32],"tags":[],"class_list":{"0":"post-12926","1":"post","2":"type-post","3":"status-publish","4":"format-standard","5":"has-post-thumbnail","7":"category-lajme","8":"category-rajon"},"yoast_head":"<!-- This site is optimized with the Yoast SEO plugin v27.4 - https:\/\/yoast.com\/product\/yoast-seo-wordpress\/ -->\n<title>Sheshelj pretendon se Vu\u00e7iq \u00ebsht\u00eb &quot;rikthyer plot\u00ebsisht n\u00eb pozitat patriotike&quot; - Kosova Times<\/title>\n<meta name=\"robots\" content=\"index, follow, max-snippet:-1, max-image-preview:large, max-video-preview:-1\" \/>\n<link rel=\"canonical\" href=\"https:\/\/kosovatimes.info\/index.php\/2026\/05\/01\/sheshelj-pretendon-se-vuciq-eshte-rikthyer-plotesisht-ne-pozitat-patriotike\/\" \/>\n<meta property=\"og:locale\" content=\"en_US\" \/>\n<meta property=\"og:type\" content=\"article\" \/>\n<meta property=\"og:title\" content=\"Sheshelj pretendon se Vu\u00e7iq \u00ebsht\u00eb &quot;rikthyer plot\u00ebsisht n\u00eb pozitat patriotike&quot; - Kosova Times\" \/>\n<meta property=\"og:description\" content=\"Vojislav \u0160e\u0161elj, kreu i Partis\u00eb Radikale Serbe, pohon se Aleksandar Vu\u00e7i\u00e7, Presidenti i Serbis\u00eb, \u00ebsht\u00eb \u201ckthyer plot\u00ebsisht n\u00eb pozicionet patriotike\u201d.Duke komentuar&nbsp;konsultimet&nbsp;e fundit midis p\u00ebrfaq\u00ebsuesve t\u00eb SRS dhe Vu\u00e7i\u00e7it, \u0160e\u0161elj tha se biseda ishte shum\u00eb miq\u00ebsore tani, ndryshe nga viti 2016 kur ishte shum\u00eb ftoht\u00eb,&nbsp;raportoi SRS&nbsp;n\u00eb llogarin\u00eb e saj X. \u201cPrandaj, Vu\u00e7i\u00e7 besonte se k\u00ebto marr\u00ebdh\u00ebnie [&hellip;]\" \/>\n<meta property=\"og:url\" content=\"https:\/\/kosovatimes.info\/index.php\/2026\/05\/01\/sheshelj-pretendon-se-vuciq-eshte-rikthyer-plotesisht-ne-pozitat-patriotike\/\" \/>\n<meta property=\"og:site_name\" content=\"Kosova Times\" \/>\n<meta property=\"article:published_time\" content=\"2026-05-01T09:22:28+00:00\" \/>\n<meta property=\"article:modified_time\" content=\"2026-05-01T09:22:30+00:00\" \/>\n<meta property=\"og:image\" content=\"https:\/\/kosovatimes.info\/wp-content\/uploads\/2026\/05\/Sheshel.jpg\" \/>\n\t<meta property=\"og:image:width\" content=\"1000\" \/>\n\t<meta property=\"og:image:height\" content=\"560\" \/>\n\t<meta property=\"og:image:type\" content=\"image\/jpeg\" \/>\n<meta name=\"author\" content=\"i l\" \/>\n<meta name=\"twitter:card\" content=\"summary_large_image\" \/>\n<meta name=\"twitter:label1\" content=\"Written by\" \/>\n\t<meta name=\"twitter:data1\" content=\"i l\" \/>\n\t<meta name=\"twitter:label2\" content=\"Est. reading time\" \/>\n\t<meta name=\"twitter:data2\" content=\"1 minute\" \/>\n<script type=\"application\/ld+json\" class=\"yoast-schema-graph\">{\"@context\":\"https:\\\/\\\/schema.org\",\"@graph\":[{\"@type\":\"Article\",\"@id\":\"https:\\\/\\\/kosovatimes.info\\\/index.php\\\/2026\\\/05\\\/01\\\/sheshelj-pretendon-se-vuciq-eshte-rikthyer-plotesisht-ne-pozitat-patriotike\\\/#article\",\"isPartOf\":{\"@id\":\"https:\\\/\\\/kosovatimes.info\\\/index.php\\\/2026\\\/05\\\/01\\\/sheshelj-pretendon-se-vuciq-eshte-rikthyer-plotesisht-ne-pozitat-patriotike\\\/\"},\"author\":{\"name\":\"i l\",\"@id\":\"https:\\\/\\\/kosovatimes.info\\\/#\\\/schema\\\/person\\\/7586712b9c512fe68085de007378c915\"},\"headline\":\"Sheshelj pretendon se Vu\u00e7iq \u00ebsht\u00eb &#8220;rikthyer plot\u00ebsisht n\u00eb pozitat patriotike&#8221;\",\"datePublished\":\"2026-05-01T09:22:28+00:00\",\"dateModified\":\"2026-05-01T09:22:30+00:00\",\"mainEntityOfPage\":{\"@id\":\"https:\\\/\\\/kosovatimes.info\\\/index.php\\\/2026\\\/05\\\/01\\\/sheshelj-pretendon-se-vuciq-eshte-rikthyer-plotesisht-ne-pozitat-patriotike\\\/\"},\"wordCount\":173,\"commentCount\":0,\"image\":{\"@id\":\"https:\\\/\\\/kosovatimes.info\\\/index.php\\\/2026\\\/05\\\/01\\\/sheshelj-pretendon-se-vuciq-eshte-rikthyer-plotesisht-ne-pozitat-patriotike\\\/#primaryimage\"},\"thumbnailUrl\":\"https:\\\/\\\/kosovatimes.info\\\/wp-content\\\/uploads\\\/2026\\\/05\\\/Sheshel.jpg\",\"articleSection\":[\"Lajme\",\"Rajon\"],\"inLanguage\":\"en-US\",\"potentialAction\":[{\"@type\":\"CommentAction\",\"name\":\"Comment\",\"target\":[\"https:\\\/\\\/kosovatimes.info\\\/index.php\\\/2026\\\/05\\\/01\\\/sheshelj-pretendon-se-vuciq-eshte-rikthyer-plotesisht-ne-pozitat-patriotike\\\/#respond\"]}]},{\"@type\":\"WebPage\",\"@id\":\"https:\\\/\\\/kosovatimes.info\\\/index.php\\\/2026\\\/05\\\/01\\\/sheshelj-pretendon-se-vuciq-eshte-rikthyer-plotesisht-ne-pozitat-patriotike\\\/\",\"url\":\"https:\\\/\\\/kosovatimes.info\\\/index.php\\\/2026\\\/05\\\/01\\\/sheshelj-pretendon-se-vuciq-eshte-rikthyer-plotesisht-ne-pozitat-patriotike\\\/\",\"name\":\"Sheshelj pretendon se Vu\u00e7iq \u00ebsht\u00eb \\\"rikthyer plot\u00ebsisht n\u00eb pozitat patriotike\\\" - Kosova Times\",\"isPartOf\":{\"@id\":\"https:\\\/\\\/kosovatimes.info\\\/#website\"},\"primaryImageOfPage\":{\"@id\":\"https:\\\/\\\/kosovatimes.info\\\/index.php\\\/2026\\\/05\\\/01\\\/sheshelj-pretendon-se-vuciq-eshte-rikthyer-plotesisht-ne-pozitat-patriotike\\\/#primaryimage\"},\"image\":{\"@id\":\"https:\\\/\\\/kosovatimes.info\\\/index.php\\\/2026\\\/05\\\/01\\\/sheshelj-pretendon-se-vuciq-eshte-rikthyer-plotesisht-ne-pozitat-patriotike\\\/#primaryimage\"},\"thumbnailUrl\":\"https:\\\/\\\/kosovatimes.info\\\/wp-content\\\/uploads\\\/2026\\\/05\\\/Sheshel.jpg\",\"datePublished\":\"2026-05-01T09:22:28+00:00\",\"dateModified\":\"2026-05-01T09:22:30+00:00\",\"author\":{\"@id\":\"https:\\\/\\\/kosovatimes.info\\\/#\\\/schema\\\/person\\\/7586712b9c512fe68085de007378c915\"},\"breadcrumb\":{\"@id\":\"https:\\\/\\\/kosovatimes.info\\\/index.php\\\/2026\\\/05\\\/01\\\/sheshelj-pretendon-se-vuciq-eshte-rikthyer-plotesisht-ne-pozitat-patriotike\\\/#breadcrumb\"},\"inLanguage\":\"en-US\",\"potentialAction\":[{\"@type\":\"ReadAction\",\"target\":[\"https:\\\/\\\/kosovatimes.info\\\/index.php\\\/2026\\\/05\\\/01\\\/sheshelj-pretendon-se-vuciq-eshte-rikthyer-plotesisht-ne-pozitat-patriotike\\\/\"]}]},{\"@type\":\"ImageObject\",\"inLanguage\":\"en-US\",\"@id\":\"https:\\\/\\\/kosovatimes.info\\\/index.php\\\/2026\\\/05\\\/01\\\/sheshelj-pretendon-se-vuciq-eshte-rikthyer-plotesisht-ne-pozitat-patriotike\\\/#primaryimage\",\"url\":\"https:\\\/\\\/kosovatimes.info\\\/wp-content\\\/uploads\\\/2026\\\/05\\\/Sheshel.jpg\",\"contentUrl\":\"https:\\\/\\\/kosovatimes.info\\\/wp-content\\\/uploads\\\/2026\\\/05\\\/Sheshel.jpg\",\"width\":1000,\"height\":560},{\"@type\":\"BreadcrumbList\",\"@id\":\"https:\\\/\\\/kosovatimes.info\\\/index.php\\\/2026\\\/05\\\/01\\\/sheshelj-pretendon-se-vuciq-eshte-rikthyer-plotesisht-ne-pozitat-patriotike\\\/#breadcrumb\",\"itemListElement\":[{\"@type\":\"ListItem\",\"position\":1,\"name\":\"Home\",\"item\":\"https:\\\/\\\/kosovatimes.info\\\/\"},{\"@type\":\"ListItem\",\"position\":2,\"name\":\"Sheshelj pretendon se Vu\u00e7iq \u00ebsht\u00eb &#8220;rikthyer plot\u00ebsisht n\u00eb pozitat patriotike&#8221;\"}]},{\"@type\":\"WebSite\",\"@id\":\"https:\\\/\\\/kosovatimes.info\\\/#website\",\"url\":\"https:\\\/\\\/kosovatimes.info\\\/\",\"name\":\"Kosova Times\",\"description\":\"\",\"potentialAction\":[{\"@type\":\"SearchAction\",\"target\":{\"@type\":\"EntryPoint\",\"urlTemplate\":\"https:\\\/\\\/kosovatimes.info\\\/?s={search_term_string}\"},\"query-input\":{\"@type\":\"PropertyValueSpecification\",\"valueRequired\":true,\"valueName\":\"search_term_string\"}}],\"inLanguage\":\"en-US\"},{\"@type\":\"Person\",\"@id\":\"https:\\\/\\\/kosovatimes.info\\\/#\\\/schema\\\/person\\\/7586712b9c512fe68085de007378c915\",\"name\":\"i l\",\"image\":{\"@type\":\"ImageObject\",\"inLanguage\":\"en-US\",\"@id\":\"https:\\\/\\\/secure.gravatar.com\\\/avatar\\\/bad9296e02816160ae2e2435beda58222022298d5625d49fea74d18816fbb31d?s=96&d=mm&r=g\",\"url\":\"https:\\\/\\\/secure.gravatar.com\\\/avatar\\\/bad9296e02816160ae2e2435beda58222022298d5625d49fea74d18816fbb31d?s=96&d=mm&r=g\",\"contentUrl\":\"https:\\\/\\\/secure.gravatar.com\\\/avatar\\\/bad9296e02816160ae2e2435beda58222022298d5625d49fea74d18816fbb31d?s=96&d=mm&r=g\",\"caption\":\"i l\"},\"url\":\"https:\\\/\\\/kosovatimes.info\\\/index.php\\\/author\\\/iliri\\\/\"}]}<\/script>\n<!-- \/ Yoast SEO plugin. -->","yoast_head_json":{"title":"Sheshelj pretendon se Vu\u00e7iq \u00ebsht\u00eb \"rikthyer plot\u00ebsisht n\u00eb pozitat patriotike\" - Kosova Times","robots":{"index":"index","follow":"follow","max-snippet":"max-snippet:-1","max-image-preview":"max-image-preview:large","max-video-preview":"max-video-preview:-1"},"canonical":"https:\/\/kosovatimes.info\/index.php\/2026\/05\/01\/sheshelj-pretendon-se-vuciq-eshte-rikthyer-plotesisht-ne-pozitat-patriotike\/","og_locale":"en_US","og_type":"article","og_title":"Sheshelj pretendon se Vu\u00e7iq \u00ebsht\u00eb \"rikthyer plot\u00ebsisht n\u00eb pozitat patriotike\" - Kosova Times","og_description":"Vojislav \u0160e\u0161elj, kreu i Partis\u00eb Radikale Serbe, pohon se Aleksandar Vu\u00e7i\u00e7, Presidenti i Serbis\u00eb, \u00ebsht\u00eb \u201ckthyer plot\u00ebsisht n\u00eb pozicionet patriotike\u201d.Duke komentuar&nbsp;konsultimet&nbsp;e fundit midis p\u00ebrfaq\u00ebsuesve t\u00eb SRS dhe Vu\u00e7i\u00e7it, \u0160e\u0161elj tha se biseda ishte shum\u00eb miq\u00ebsore tani, ndryshe nga viti 2016 kur ishte shum\u00eb ftoht\u00eb,&nbsp;raportoi SRS&nbsp;n\u00eb llogarin\u00eb e saj X. \u201cPrandaj, Vu\u00e7i\u00e7 besonte se k\u00ebto marr\u00ebdh\u00ebnie [&hellip;]","og_url":"https:\/\/kosovatimes.info\/index.php\/2026\/05\/01\/sheshelj-pretendon-se-vuciq-eshte-rikthyer-plotesisht-ne-pozitat-patriotike\/","og_site_name":"Kosova Times","article_published_time":"2026-05-01T09:22:28+00:00","article_modified_time":"2026-05-01T09:22:30+00:00","og_image":[{"width":1000,"height":560,"url":"https:\/\/kosovatimes.info\/wp-content\/uploads\/2026\/05\/Sheshel.jpg","type":"image\/jpeg"}],"author":"i l","twitter_card":"summary_large_image","twitter_misc":{"Written by":"i l","Est. reading time":"1 minute"},"schema":{"@context":"https:\/\/schema.org","@graph":[{"@type":"Article","@id":"https:\/\/kosovatimes.info\/index.php\/2026\/05\/01\/sheshelj-pretendon-se-vuciq-eshte-rikthyer-plotesisht-ne-pozitat-patriotike\/#article","isPartOf":{"@id":"https:\/\/kosovatimes.info\/index.php\/2026\/05\/01\/sheshelj-pretendon-se-vuciq-eshte-rikthyer-plotesisht-ne-pozitat-patriotike\/"},"author":{"name":"i l","@id":"https:\/\/kosovatimes.info\/#\/schema\/person\/7586712b9c512fe68085de007378c915"},"headline":"Sheshelj pretendon se Vu\u00e7iq \u00ebsht\u00eb &#8220;rikthyer plot\u00ebsisht n\u00eb pozitat patriotike&#8221;","datePublished":"2026-05-01T09:22:28+00:00","dateModified":"2026-05-01T09:22:30+00:00","mainEntityOfPage":{"@id":"https:\/\/kosovatimes.info\/index.php\/2026\/05\/01\/sheshelj-pretendon-se-vuciq-eshte-rikthyer-plotesisht-ne-pozitat-patriotike\/"},"wordCount":173,"commentCount":0,"image":{"@id":"https:\/\/kosovatimes.info\/index.php\/2026\/05\/01\/sheshelj-pretendon-se-vuciq-eshte-rikthyer-plotesisht-ne-pozitat-patriotike\/#primaryimage"},"thumbnailUrl":"https:\/\/kosovatimes.info\/wp-content\/uploads\/2026\/05\/Sheshel.jpg","articleSection":["Lajme","Rajon"],"inLanguage":"en-US","potentialAction":[{"@type":"CommentAction","name":"Comment","target":["https:\/\/kosovatimes.info\/index.php\/2026\/05\/01\/sheshelj-pretendon-se-vuciq-eshte-rikthyer-plotesisht-ne-pozitat-patriotike\/#respond"]}]},{"@type":"WebPage","@id":"https:\/\/kosovatimes.info\/index.php\/2026\/05\/01\/sheshelj-pretendon-se-vuciq-eshte-rikthyer-plotesisht-ne-pozitat-patriotike\/","url":"https:\/\/kosovatimes.info\/index.php\/2026\/05\/01\/sheshelj-pretendon-se-vuciq-eshte-rikthyer-plotesisht-ne-pozitat-patriotike\/","name":"Sheshelj pretendon se Vu\u00e7iq \u00ebsht\u00eb \"rikthyer plot\u00ebsisht n\u00eb pozitat patriotike\" - Kosova Times","isPartOf":{"@id":"https:\/\/kosovatimes.info\/#website"},"primaryImageOfPage":{"@id":"https:\/\/kosovatimes.info\/index.php\/2026\/05\/01\/sheshelj-pretendon-se-vuciq-eshte-rikthyer-plotesisht-ne-pozitat-patriotike\/#primaryimage"},"image":{"@id":"https:\/\/kosovatimes.info\/index.php\/2026\/05\/01\/sheshelj-pretendon-se-vuciq-eshte-rikthyer-plotesisht-ne-pozitat-patriotike\/#primaryimage"},"thumbnailUrl":"https:\/\/kosovatimes.info\/wp-content\/uploads\/2026\/05\/Sheshel.jpg","datePublished":"2026-05-01T09:22:28+00:00","dateModified":"2026-05-01T09:22:30+00:00","author":{"@id":"https:\/\/kosovatimes.info\/#\/schema\/person\/7586712b9c512fe68085de007378c915"},"breadcrumb":{"@id":"https:\/\/kosovatimes.info\/index.php\/2026\/05\/01\/sheshelj-pretendon-se-vuciq-eshte-rikthyer-plotesisht-ne-pozitat-patriotike\/#breadcrumb"},"inLanguage":"en-US","potentialAction":[{"@type":"ReadAction","target":["https:\/\/kosovatimes.info\/index.php\/2026\/05\/01\/sheshelj-pretendon-se-vuciq-eshte-rikthyer-plotesisht-ne-pozitat-patriotike\/"]}]},{"@type":"ImageObject","inLanguage":"en-US","@id":"https:\/\/kosovatimes.info\/index.php\/2026\/05\/01\/sheshelj-pretendon-se-vuciq-eshte-rikthyer-plotesisht-ne-pozitat-patriotike\/#primaryimage","url":"https:\/\/kosovatimes.info\/wp-content\/uploads\/2026\/05\/Sheshel.jpg","contentUrl":"https:\/\/kosovatimes.info\/wp-content\/uploads\/2026\/05\/Sheshel.jpg","width":1000,"height":560},{"@type":"BreadcrumbList","@id":"https:\/\/kosovatimes.info\/index.php\/2026\/05\/01\/sheshelj-pretendon-se-vuciq-eshte-rikthyer-plotesisht-ne-pozitat-patriotike\/#breadcrumb","itemListElement":[{"@type":"ListItem","position":1,"name":"Home","item":"https:\/\/kosovatimes.info\/"},{"@type":"ListItem","position":2,"name":"Sheshelj pretendon se Vu\u00e7iq \u00ebsht\u00eb &#8220;rikthyer plot\u00ebsisht n\u00eb pozitat patriotike&#8221;"}]},{"@type":"WebSite","@id":"https:\/\/kosovatimes.info\/#website","url":"https:\/\/kosovatimes.info\/","name":"Kosova Times","description":"","potentialAction":[{"@type":"SearchAction","target":{"@type":"EntryPoint","urlTemplate":"https:\/\/kosovatimes.info\/?s={search_term_string}"},"query-input":{"@type":"PropertyValueSpecification","valueRequired":true,"valueName":"search_term_string"}}],"inLanguage":"en-US"},{"@type":"Person","@id":"https:\/\/kosovatimes.info\/#\/schema\/person\/7586712b9c512fe68085de007378c915","name":"i l","image":{"@type":"ImageObject","inLanguage":"en-US","@id":"https:\/\/secure.gravatar.com\/avatar\/bad9296e02816160ae2e2435beda58222022298d5625d49fea74d18816fbb31d?s=96&d=mm&r=g","url":"https:\/\/secure.gravatar.com\/avatar\/bad9296e02816160ae2e2435beda58222022298d5625d49fea74d18816fbb31d?s=96&d=mm&r=g","contentUrl":"https:\/\/secure.gravatar.com\/avatar\/bad9296e02816160ae2e2435beda58222022298d5625d49fea74d18816fbb31d?s=96&d=mm&r=g","caption":"i l"},"url":"https:\/\/kosovatimes.info\/index.php\/author\/iliri\/"}]}},"_links":{"self":[{"href":"https:\/\/kosovatimes.info\/index.php\/wp-json\/wp\/v2\/posts\/12926","targetHints":{"allow":["GET"]}}],"collection":[{"href":"https:\/\/kosovatimes.info\/index.php\/wp-json\/wp\/v2\/posts"}],"about":[{"href":"https:\/\/kosovatimes.info\/index.php\/wp-json\/wp\/v2\/types\/post"}],"author":[{"embeddable":true,"href":"https:\/\/kosovatimes.info\/index.php\/wp-json\/wp\/v2\/users\/4"}],"replies":[{"embeddable":true,"href":"https:\/\/kosovatimes.info\/index.php\/wp-json\/wp\/v2\/comments?post=12926"}],"version-history":[{"count":1,"href":"https:\/\/kosovatimes.info\/index.php\/wp-json\/wp\/v2\/posts\/12926\/revisions"}],"predecessor-version":[{"id":12928,"href":"https:\/\/kosovatimes.info\/index.php\/wp-json\/wp\/v2\/posts\/12926\/revisions\/12928"}],"wp:featuredmedia":[{"embeddable":true,"href":"https:\/\/kosovatimes.info\/index.php\/wp-json\/wp\/v2\/media\/12927"}],"wp:attachment":[{"href":"https:\/\/kosovatimes.info\/index.php\/wp-json\/wp\/v2\/media?parent=12926"}],"wp:term":[{"taxonomy":"category","embeddable":true,"href":"https:\/\/kosovatimes.info\/index.php\/wp-json\/wp\/v2\/categories?post=12926"},{"taxonomy":"post_tag","embeddable":true,"href":"https:\/\/kosovatimes.info\/index.php\/wp-json\/wp\/v2\/tags?post=12926"}],"curies":[{"name":"wp","href":"https:\/\/api.w.org\/{rel}","templated":true}]}}