{"id":12934,"date":"2026-05-01T10:52:00","date_gmt":"2026-05-01T08:52:00","guid":{"rendered":"https:\/\/kosovatimes.info\/?p=12934"},"modified":"2026-05-01T13:36:40","modified_gmt":"2026-05-01T11:36:40","slug":"haxhiu-mirenjohje-kongresit-amerikan-per-rezoluten-pro-kosoves-ne-nato","status":"publish","type":"post","link":"https:\/\/kosovatimes.info\/index.php\/2026\/05\/01\/haxhiu-mirenjohje-kongresit-amerikan-per-rezoluten-pro-kosoves-ne-nato\/","title":{"rendered":"Haxhiu: Mir\u00ebnjohje Kongresit amerikan p\u00ebr rezolut\u00ebn pro Kosov\u00ebs n\u00eb NATO"},"content":{"rendered":"\n<p><strong>Ushtruesja e Detyr\u00ebs s\u00eb Presidentes s\u00eb Republik\u00ebs s\u00eb Kosov\u00ebs, Albulena Haxhiu, ka mir\u00ebpritur prezantimin e nj\u00eb rezolute n\u00eb Kongresin e Shteteve t\u00eb Bashkuara t\u00eb Amerik\u00ebs, e cila mb\u00ebshtet an\u00ebtar\u00ebsimin e Kosov\u00ebs n\u00eb NATO.<\/strong><\/p>\n\n\n\n<p>N\u00eb reagimin e saj, ajo ka theksuar r\u00ebnd\u00ebsin\u00eb e k\u00ebsaj nisme dhe ka shprehur mir\u00ebnjohje p\u00ebr kongresist\u00ebt Keith Self, Ritchie Torres dhe Mike Lawler p\u00ebr, si\u00e7 u shpreh ajo, lidershipin dhe mb\u00ebshtetjen e vazhdueshme ndaj Kosov\u00ebs n\u00eb rrug\u00ebn e saj euroatlantike.<\/p>\n\n\n\n<p>\u201cMir\u00ebnjohje p\u00ebr P\u00ebrfaq\u00ebsuesit Keith Self, Ritchie Torres dhe Mike Lawler p\u00ebr lidershipin e tyre dhe p\u00ebr mb\u00ebshtetjen e vazhdueshme q\u00eb Kosova ta z\u00ebr\u00eb vendin q\u00eb i takon n\u00eb familjen euroatlantike\u201d, ka deklaruar Haxhiu.<\/p>\n\n\n\n<p>Kujtojm\u00eb se n\u00eb Dhom\u00ebn e P\u00ebrfaq\u00ebsuesve t\u00eb SHBA-s\u00eb \u00ebsht\u00eb paraqitur nj\u00eb rezolut\u00eb nga kongresmen\u00ebt Keith Self, Ritchie Torres dhe Mike Lawler q\u00eb mb\u00ebshtet fuqish\u00ebm an\u00ebtar\u00ebsimin e Kosov\u00ebs n\u00eb NATO. Dokumenti vler\u00ebson sistemin demokratik dhe stabilitetin e Kosov\u00ebs, duke theksuar r\u00ebnd\u00ebsin\u00eb e saj strategjike n\u00eb rajon.<\/p>\n\n\n\n<p>N\u00eb rezolut\u00eb thuhet se an\u00ebtar\u00ebsimi i Kosov\u00ebs do t\u00eb ndihmonte n\u00eb forcimin e siguris\u00eb n\u00eb Evrop\u00ebn Juglindore dhe n\u00eb frenimin e ndikimeve destabilizuese. Po ashtu, theksohet se mungesa e njohjes nga disa vende an\u00ebtare t\u00eb NATO-s mbetet penges\u00eb p\u00ebr procesin e integrimit t\u00eb saj.<\/p>\n\n\n\n<p>\u201cKosova ka d\u00ebshmuar p\u00ebrkushtim ndaj stabilitetit rajonal dhe p\u00ebrafrimit me vendet e NATO-s, por p\u00ebrparimi i saj po pengohet nga mungesa e njohjes nga disa aleat\u00eb. Shtimi i Kosov\u00ebs n\u00eb aleanc\u00eb \u00ebsht\u00eb i r\u00ebnd\u00ebsish\u00ebm p\u00ebr p\u00ebrballimin e ndikimit t\u00eb kund\u00ebrshtar\u00ebve n\u00eb Evrop\u00eb\u201d, ka deklaruar kongresmenit Keith Self.<\/p>\n\n\n\n<p><a href=\"https:\/\/www.facebook.com\/plugins\/post.php?href=https%3A%2F%2Fwww.facebook.com%2FRKSPresidenca%2Fposts%2Fpfbid0258pW6vLvaNahFqtSV5unTDKV6k3G3XunFga25gHKyZPKk3tCTToj29deWRz17vrwl&amp;show_text=true&amp;width=500\">https:\/\/www.facebook.com\/plugins\/post.php?href=https%3A%2F%2Fwww.facebook.com%2FRKSPresidenca%2Fposts%2Fpfbid0258pW6vLvaNahFqtSV5unTDKV6k3G3XunFga25gHKyZPKk3tCTToj29deWRz17vrwl&amp;show_text=true&amp;width=500<\/a><\/p>\n","protected":false},"excerpt":{"rendered":"<p>Ushtruesja e Detyr\u00ebs s\u00eb Presidentes s\u00eb Republik\u00ebs s\u00eb Kosov\u00ebs, Albulena Haxhiu, ka mir\u00ebpritur prezantimin e nj\u00eb rezolute n\u00eb Kongresin e Shteteve t\u00eb Bashkuara t\u00eb Amerik\u00ebs, e cila mb\u00ebshtet an\u00ebtar\u00ebsimin e Kosov\u00ebs n\u00eb NATO. N\u00eb reagimin e saj, ajo ka theksuar r\u00ebnd\u00ebsin\u00eb e k\u00ebsaj nisme dhe ka shprehur mir\u00ebnjohje p\u00ebr kongresist\u00ebt Keith Self, Ritchie Torres dhe [&hellip;]<\/p>\n","protected":false},"author":4,"featured_media":12935,"comment_status":"open","ping_status":"open","sticky":true,"template":"","format":"standard","meta":{"footnotes":""},"categories":[31,30],"tags":[],"class_list":{"0":"post-12934","1":"post","2":"type-post","3":"status-publish","4":"format-standard","5":"has-post-thumbnail","7":"category-kosove","8":"category-lajme"},"yoast_head":"<!-- This site is optimized with the Yoast SEO plugin v27.4 - https:\/\/yoast.com\/product\/yoast-seo-wordpress\/ -->\n<title>Haxhiu: Mir\u00ebnjohje Kongresit amerikan p\u00ebr rezolut\u00ebn pro Kosov\u00ebs n\u00eb NATO - Kosova Times<\/title>\n<meta name=\"robots\" content=\"index, follow, max-snippet:-1, max-image-preview:large, max-video-preview:-1\" \/>\n<link rel=\"canonical\" href=\"https:\/\/kosovatimes.info\/index.php\/2026\/05\/01\/haxhiu-mirenjohje-kongresit-amerikan-per-rezoluten-pro-kosoves-ne-nato\/\" \/>\n<meta property=\"og:locale\" content=\"en_US\" \/>\n<meta property=\"og:type\" content=\"article\" \/>\n<meta property=\"og:title\" content=\"Haxhiu: Mir\u00ebnjohje Kongresit amerikan p\u00ebr rezolut\u00ebn pro Kosov\u00ebs n\u00eb NATO - Kosova Times\" \/>\n<meta property=\"og:description\" content=\"Ushtruesja e Detyr\u00ebs s\u00eb Presidentes s\u00eb Republik\u00ebs s\u00eb Kosov\u00ebs, Albulena Haxhiu, ka mir\u00ebpritur prezantimin e nj\u00eb rezolute n\u00eb Kongresin e Shteteve t\u00eb Bashkuara t\u00eb Amerik\u00ebs, e cila mb\u00ebshtet an\u00ebtar\u00ebsimin e Kosov\u00ebs n\u00eb NATO. N\u00eb reagimin e saj, ajo ka theksuar r\u00ebnd\u00ebsin\u00eb e k\u00ebsaj nisme dhe ka shprehur mir\u00ebnjohje p\u00ebr kongresist\u00ebt Keith Self, Ritchie Torres dhe [&hellip;]\" \/>\n<meta property=\"og:url\" content=\"https:\/\/kosovatimes.info\/index.php\/2026\/05\/01\/haxhiu-mirenjohje-kongresit-amerikan-per-rezoluten-pro-kosoves-ne-nato\/\" \/>\n<meta property=\"og:site_name\" content=\"Kosova Times\" \/>\n<meta property=\"article:published_time\" content=\"2026-05-01T08:52:00+00:00\" \/>\n<meta property=\"article:modified_time\" content=\"2026-05-01T11:36:40+00:00\" \/>\n<meta property=\"og:image\" content=\"https:\/\/kosovatimes.info\/wp-content\/uploads\/2026\/05\/HAxhiu.jpg\" \/>\n\t<meta property=\"og:image:width\" content=\"780\" \/>\n\t<meta property=\"og:image:height\" content=\"500\" \/>\n\t<meta property=\"og:image:type\" content=\"image\/jpeg\" \/>\n<meta name=\"author\" content=\"i l\" \/>\n<meta name=\"twitter:card\" content=\"summary_large_image\" \/>\n<meta name=\"twitter:label1\" content=\"Written by\" \/>\n\t<meta name=\"twitter:data1\" content=\"i l\" \/>\n\t<meta name=\"twitter:label2\" content=\"Est. reading time\" \/>\n\t<meta name=\"twitter:data2\" content=\"2 minutes\" \/>\n<script type=\"application\/ld+json\" class=\"yoast-schema-graph\">{\"@context\":\"https:\\\/\\\/schema.org\",\"@graph\":[{\"@type\":\"Article\",\"@id\":\"https:\\\/\\\/kosovatimes.info\\\/index.php\\\/2026\\\/05\\\/01\\\/haxhiu-mirenjohje-kongresit-amerikan-per-rezoluten-pro-kosoves-ne-nato\\\/#article\",\"isPartOf\":{\"@id\":\"https:\\\/\\\/kosovatimes.info\\\/index.php\\\/2026\\\/05\\\/01\\\/haxhiu-mirenjohje-kongresit-amerikan-per-rezoluten-pro-kosoves-ne-nato\\\/\"},\"author\":{\"name\":\"i l\",\"@id\":\"https:\\\/\\\/kosovatimes.info\\\/#\\\/schema\\\/person\\\/7586712b9c512fe68085de007378c915\"},\"headline\":\"Haxhiu: Mir\u00ebnjohje Kongresit amerikan p\u00ebr rezolut\u00ebn pro Kosov\u00ebs n\u00eb NATO\",\"datePublished\":\"2026-05-01T08:52:00+00:00\",\"dateModified\":\"2026-05-01T11:36:40+00:00\",\"mainEntityOfPage\":{\"@id\":\"https:\\\/\\\/kosovatimes.info\\\/index.php\\\/2026\\\/05\\\/01\\\/haxhiu-mirenjohje-kongresit-amerikan-per-rezoluten-pro-kosoves-ne-nato\\\/\"},\"wordCount\":348,\"commentCount\":0,\"image\":{\"@id\":\"https:\\\/\\\/kosovatimes.info\\\/index.php\\\/2026\\\/05\\\/01\\\/haxhiu-mirenjohje-kongresit-amerikan-per-rezoluten-pro-kosoves-ne-nato\\\/#primaryimage\"},\"thumbnailUrl\":\"https:\\\/\\\/kosovatimes.info\\\/wp-content\\\/uploads\\\/2026\\\/05\\\/HAxhiu.jpg\",\"articleSection\":[\"Kosov\u00eb\",\"Lajme\"],\"inLanguage\":\"en-US\",\"potentialAction\":[{\"@type\":\"CommentAction\",\"name\":\"Comment\",\"target\":[\"https:\\\/\\\/kosovatimes.info\\\/index.php\\\/2026\\\/05\\\/01\\\/haxhiu-mirenjohje-kongresit-amerikan-per-rezoluten-pro-kosoves-ne-nato\\\/#respond\"]}]},{\"@type\":\"WebPage\",\"@id\":\"https:\\\/\\\/kosovatimes.info\\\/index.php\\\/2026\\\/05\\\/01\\\/haxhiu-mirenjohje-kongresit-amerikan-per-rezoluten-pro-kosoves-ne-nato\\\/\",\"url\":\"https:\\\/\\\/kosovatimes.info\\\/index.php\\\/2026\\\/05\\\/01\\\/haxhiu-mirenjohje-kongresit-amerikan-per-rezoluten-pro-kosoves-ne-nato\\\/\",\"name\":\"Haxhiu: Mir\u00ebnjohje Kongresit amerikan p\u00ebr rezolut\u00ebn pro Kosov\u00ebs n\u00eb NATO - Kosova Times\",\"isPartOf\":{\"@id\":\"https:\\\/\\\/kosovatimes.info\\\/#website\"},\"primaryImageOfPage\":{\"@id\":\"https:\\\/\\\/kosovatimes.info\\\/index.php\\\/2026\\\/05\\\/01\\\/haxhiu-mirenjohje-kongresit-amerikan-per-rezoluten-pro-kosoves-ne-nato\\\/#primaryimage\"},\"image\":{\"@id\":\"https:\\\/\\\/kosovatimes.info\\\/index.php\\\/2026\\\/05\\\/01\\\/haxhiu-mirenjohje-kongresit-amerikan-per-rezoluten-pro-kosoves-ne-nato\\\/#primaryimage\"},\"thumbnailUrl\":\"https:\\\/\\\/kosovatimes.info\\\/wp-content\\\/uploads\\\/2026\\\/05\\\/HAxhiu.jpg\",\"datePublished\":\"2026-05-01T08:52:00+00:00\",\"dateModified\":\"2026-05-01T11:36:40+00:00\",\"author\":{\"@id\":\"https:\\\/\\\/kosovatimes.info\\\/#\\\/schema\\\/person\\\/7586712b9c512fe68085de007378c915\"},\"breadcrumb\":{\"@id\":\"https:\\\/\\\/kosovatimes.info\\\/index.php\\\/2026\\\/05\\\/01\\\/haxhiu-mirenjohje-kongresit-amerikan-per-rezoluten-pro-kosoves-ne-nato\\\/#breadcrumb\"},\"inLanguage\":\"en-US\",\"potentialAction\":[{\"@type\":\"ReadAction\",\"target\":[\"https:\\\/\\\/kosovatimes.info\\\/index.php\\\/2026\\\/05\\\/01\\\/haxhiu-mirenjohje-kongresit-amerikan-per-rezoluten-pro-kosoves-ne-nato\\\/\"]}]},{\"@type\":\"ImageObject\",\"inLanguage\":\"en-US\",\"@id\":\"https:\\\/\\\/kosovatimes.info\\\/index.php\\\/2026\\\/05\\\/01\\\/haxhiu-mirenjohje-kongresit-amerikan-per-rezoluten-pro-kosoves-ne-nato\\\/#primaryimage\",\"url\":\"https:\\\/\\\/kosovatimes.info\\\/wp-content\\\/uploads\\\/2026\\\/05\\\/HAxhiu.jpg\",\"contentUrl\":\"https:\\\/\\\/kosovatimes.info\\\/wp-content\\\/uploads\\\/2026\\\/05\\\/HAxhiu.jpg\",\"width\":780,\"height\":500},{\"@type\":\"BreadcrumbList\",\"@id\":\"https:\\\/\\\/kosovatimes.info\\\/index.php\\\/2026\\\/05\\\/01\\\/haxhiu-mirenjohje-kongresit-amerikan-per-rezoluten-pro-kosoves-ne-nato\\\/#breadcrumb\",\"itemListElement\":[{\"@type\":\"ListItem\",\"position\":1,\"name\":\"Home\",\"item\":\"https:\\\/\\\/kosovatimes.info\\\/\"},{\"@type\":\"ListItem\",\"position\":2,\"name\":\"Haxhiu: Mir\u00ebnjohje Kongresit amerikan p\u00ebr rezolut\u00ebn pro Kosov\u00ebs n\u00eb NATO\"}]},{\"@type\":\"WebSite\",\"@id\":\"https:\\\/\\\/kosovatimes.info\\\/#website\",\"url\":\"https:\\\/\\\/kosovatimes.info\\\/\",\"name\":\"Kosova Times\",\"description\":\"\",\"potentialAction\":[{\"@type\":\"SearchAction\",\"target\":{\"@type\":\"EntryPoint\",\"urlTemplate\":\"https:\\\/\\\/kosovatimes.info\\\/?s={search_term_string}\"},\"query-input\":{\"@type\":\"PropertyValueSpecification\",\"valueRequired\":true,\"valueName\":\"search_term_string\"}}],\"inLanguage\":\"en-US\"},{\"@type\":\"Person\",\"@id\":\"https:\\\/\\\/kosovatimes.info\\\/#\\\/schema\\\/person\\\/7586712b9c512fe68085de007378c915\",\"name\":\"i l\",\"image\":{\"@type\":\"ImageObject\",\"inLanguage\":\"en-US\",\"@id\":\"https:\\\/\\\/secure.gravatar.com\\\/avatar\\\/bad9296e02816160ae2e2435beda58222022298d5625d49fea74d18816fbb31d?s=96&d=mm&r=g\",\"url\":\"https:\\\/\\\/secure.gravatar.com\\\/avatar\\\/bad9296e02816160ae2e2435beda58222022298d5625d49fea74d18816fbb31d?s=96&d=mm&r=g\",\"contentUrl\":\"https:\\\/\\\/secure.gravatar.com\\\/avatar\\\/bad9296e02816160ae2e2435beda58222022298d5625d49fea74d18816fbb31d?s=96&d=mm&r=g\",\"caption\":\"i l\"},\"url\":\"https:\\\/\\\/kosovatimes.info\\\/index.php\\\/author\\\/iliri\\\/\"}]}<\/script>\n<!-- \/ Yoast SEO plugin. -->","yoast_head_json":{"title":"Haxhiu: Mir\u00ebnjohje Kongresit amerikan p\u00ebr rezolut\u00ebn pro Kosov\u00ebs n\u00eb NATO - Kosova Times","robots":{"index":"index","follow":"follow","max-snippet":"max-snippet:-1","max-image-preview":"max-image-preview:large","max-video-preview":"max-video-preview:-1"},"canonical":"https:\/\/kosovatimes.info\/index.php\/2026\/05\/01\/haxhiu-mirenjohje-kongresit-amerikan-per-rezoluten-pro-kosoves-ne-nato\/","og_locale":"en_US","og_type":"article","og_title":"Haxhiu: Mir\u00ebnjohje Kongresit amerikan p\u00ebr rezolut\u00ebn pro Kosov\u00ebs n\u00eb NATO - Kosova Times","og_description":"Ushtruesja e Detyr\u00ebs s\u00eb Presidentes s\u00eb Republik\u00ebs s\u00eb Kosov\u00ebs, Albulena Haxhiu, ka mir\u00ebpritur prezantimin e nj\u00eb rezolute n\u00eb Kongresin e Shteteve t\u00eb Bashkuara t\u00eb Amerik\u00ebs, e cila mb\u00ebshtet an\u00ebtar\u00ebsimin e Kosov\u00ebs n\u00eb NATO. N\u00eb reagimin e saj, ajo ka theksuar r\u00ebnd\u00ebsin\u00eb e k\u00ebsaj nisme dhe ka shprehur mir\u00ebnjohje p\u00ebr kongresist\u00ebt Keith Self, Ritchie Torres dhe [&hellip;]","og_url":"https:\/\/kosovatimes.info\/index.php\/2026\/05\/01\/haxhiu-mirenjohje-kongresit-amerikan-per-rezoluten-pro-kosoves-ne-nato\/","og_site_name":"Kosova Times","article_published_time":"2026-05-01T08:52:00+00:00","article_modified_time":"2026-05-01T11:36:40+00:00","og_image":[{"width":780,"height":500,"url":"https:\/\/kosovatimes.info\/wp-content\/uploads\/2026\/05\/HAxhiu.jpg","type":"image\/jpeg"}],"author":"i l","twitter_card":"summary_large_image","twitter_misc":{"Written by":"i l","Est. reading time":"2 minutes"},"schema":{"@context":"https:\/\/schema.org","@graph":[{"@type":"Article","@id":"https:\/\/kosovatimes.info\/index.php\/2026\/05\/01\/haxhiu-mirenjohje-kongresit-amerikan-per-rezoluten-pro-kosoves-ne-nato\/#article","isPartOf":{"@id":"https:\/\/kosovatimes.info\/index.php\/2026\/05\/01\/haxhiu-mirenjohje-kongresit-amerikan-per-rezoluten-pro-kosoves-ne-nato\/"},"author":{"name":"i l","@id":"https:\/\/kosovatimes.info\/#\/schema\/person\/7586712b9c512fe68085de007378c915"},"headline":"Haxhiu: Mir\u00ebnjohje Kongresit amerikan p\u00ebr rezolut\u00ebn pro Kosov\u00ebs n\u00eb NATO","datePublished":"2026-05-01T08:52:00+00:00","dateModified":"2026-05-01T11:36:40+00:00","mainEntityOfPage":{"@id":"https:\/\/kosovatimes.info\/index.php\/2026\/05\/01\/haxhiu-mirenjohje-kongresit-amerikan-per-rezoluten-pro-kosoves-ne-nato\/"},"wordCount":348,"commentCount":0,"image":{"@id":"https:\/\/kosovatimes.info\/index.php\/2026\/05\/01\/haxhiu-mirenjohje-kongresit-amerikan-per-rezoluten-pro-kosoves-ne-nato\/#primaryimage"},"thumbnailUrl":"https:\/\/kosovatimes.info\/wp-content\/uploads\/2026\/05\/HAxhiu.jpg","articleSection":["Kosov\u00eb","Lajme"],"inLanguage":"en-US","potentialAction":[{"@type":"CommentAction","name":"Comment","target":["https:\/\/kosovatimes.info\/index.php\/2026\/05\/01\/haxhiu-mirenjohje-kongresit-amerikan-per-rezoluten-pro-kosoves-ne-nato\/#respond"]}]},{"@type":"WebPage","@id":"https:\/\/kosovatimes.info\/index.php\/2026\/05\/01\/haxhiu-mirenjohje-kongresit-amerikan-per-rezoluten-pro-kosoves-ne-nato\/","url":"https:\/\/kosovatimes.info\/index.php\/2026\/05\/01\/haxhiu-mirenjohje-kongresit-amerikan-per-rezoluten-pro-kosoves-ne-nato\/","name":"Haxhiu: Mir\u00ebnjohje Kongresit amerikan p\u00ebr rezolut\u00ebn pro Kosov\u00ebs n\u00eb NATO - Kosova Times","isPartOf":{"@id":"https:\/\/kosovatimes.info\/#website"},"primaryImageOfPage":{"@id":"https:\/\/kosovatimes.info\/index.php\/2026\/05\/01\/haxhiu-mirenjohje-kongresit-amerikan-per-rezoluten-pro-kosoves-ne-nato\/#primaryimage"},"image":{"@id":"https:\/\/kosovatimes.info\/index.php\/2026\/05\/01\/haxhiu-mirenjohje-kongresit-amerikan-per-rezoluten-pro-kosoves-ne-nato\/#primaryimage"},"thumbnailUrl":"https:\/\/kosovatimes.info\/wp-content\/uploads\/2026\/05\/HAxhiu.jpg","datePublished":"2026-05-01T08:52:00+00:00","dateModified":"2026-05-01T11:36:40+00:00","author":{"@id":"https:\/\/kosovatimes.info\/#\/schema\/person\/7586712b9c512fe68085de007378c915"},"breadcrumb":{"@id":"https:\/\/kosovatimes.info\/index.php\/2026\/05\/01\/haxhiu-mirenjohje-kongresit-amerikan-per-rezoluten-pro-kosoves-ne-nato\/#breadcrumb"},"inLanguage":"en-US","potentialAction":[{"@type":"ReadAction","target":["https:\/\/kosovatimes.info\/index.php\/2026\/05\/01\/haxhiu-mirenjohje-kongresit-amerikan-per-rezoluten-pro-kosoves-ne-nato\/"]}]},{"@type":"ImageObject","inLanguage":"en-US","@id":"https:\/\/kosovatimes.info\/index.php\/2026\/05\/01\/haxhiu-mirenjohje-kongresit-amerikan-per-rezoluten-pro-kosoves-ne-nato\/#primaryimage","url":"https:\/\/kosovatimes.info\/wp-content\/uploads\/2026\/05\/HAxhiu.jpg","contentUrl":"https:\/\/kosovatimes.info\/wp-content\/uploads\/2026\/05\/HAxhiu.jpg","width":780,"height":500},{"@type":"BreadcrumbList","@id":"https:\/\/kosovatimes.info\/index.php\/2026\/05\/01\/haxhiu-mirenjohje-kongresit-amerikan-per-rezoluten-pro-kosoves-ne-nato\/#breadcrumb","itemListElement":[{"@type":"ListItem","position":1,"name":"Home","item":"https:\/\/kosovatimes.info\/"},{"@type":"ListItem","position":2,"name":"Haxhiu: Mir\u00ebnjohje Kongresit amerikan p\u00ebr rezolut\u00ebn pro Kosov\u00ebs n\u00eb NATO"}]},{"@type":"WebSite","@id":"https:\/\/kosovatimes.info\/#website","url":"https:\/\/kosovatimes.info\/","name":"Kosova Times","description":"","potentialAction":[{"@type":"SearchAction","target":{"@type":"EntryPoint","urlTemplate":"https:\/\/kosovatimes.info\/?s={search_term_string}"},"query-input":{"@type":"PropertyValueSpecification","valueRequired":true,"valueName":"search_term_string"}}],"inLanguage":"en-US"},{"@type":"Person","@id":"https:\/\/kosovatimes.info\/#\/schema\/person\/7586712b9c512fe68085de007378c915","name":"i l","image":{"@type":"ImageObject","inLanguage":"en-US","@id":"https:\/\/secure.gravatar.com\/avatar\/bad9296e02816160ae2e2435beda58222022298d5625d49fea74d18816fbb31d?s=96&d=mm&r=g","url":"https:\/\/secure.gravatar.com\/avatar\/bad9296e02816160ae2e2435beda58222022298d5625d49fea74d18816fbb31d?s=96&d=mm&r=g","contentUrl":"https:\/\/secure.gravatar.com\/avatar\/bad9296e02816160ae2e2435beda58222022298d5625d49fea74d18816fbb31d?s=96&d=mm&r=g","caption":"i l"},"url":"https:\/\/kosovatimes.info\/index.php\/author\/iliri\/"}]}},"_links":{"self":[{"href":"https:\/\/kosovatimes.info\/index.php\/wp-json\/wp\/v2\/posts\/12934","targetHints":{"allow":["GET"]}}],"collection":[{"href":"https:\/\/kosovatimes.info\/index.php\/wp-json\/wp\/v2\/posts"}],"about":[{"href":"https:\/\/kosovatimes.info\/index.php\/wp-json\/wp\/v2\/types\/post"}],"author":[{"embeddable":true,"href":"https:\/\/kosovatimes.info\/index.php\/wp-json\/wp\/v2\/users\/4"}],"replies":[{"embeddable":true,"href":"https:\/\/kosovatimes.info\/index.php\/wp-json\/wp\/v2\/comments?post=12934"}],"version-history":[{"count":1,"href":"https:\/\/kosovatimes.info\/index.php\/wp-json\/wp\/v2\/posts\/12934\/revisions"}],"predecessor-version":[{"id":12936,"href":"https:\/\/kosovatimes.info\/index.php\/wp-json\/wp\/v2\/posts\/12934\/revisions\/12936"}],"wp:featuredmedia":[{"embeddable":true,"href":"https:\/\/kosovatimes.info\/index.php\/wp-json\/wp\/v2\/media\/12935"}],"wp:attachment":[{"href":"https:\/\/kosovatimes.info\/index.php\/wp-json\/wp\/v2\/media?parent=12934"}],"wp:term":[{"taxonomy":"category","embeddable":true,"href":"https:\/\/kosovatimes.info\/index.php\/wp-json\/wp\/v2\/categories?post=12934"},{"taxonomy":"post_tag","embeddable":true,"href":"https:\/\/kosovatimes.info\/index.php\/wp-json\/wp\/v2\/tags?post=12934"}],"curies":[{"name":"wp","href":"https:\/\/api.w.org\/{rel}","templated":true}]}}