{"id":12940,"date":"2026-05-01T11:47:50","date_gmt":"2026-05-01T09:47:50","guid":{"rendered":"https:\/\/kosovatimes.info\/?p=12940"},"modified":"2026-05-01T11:47:54","modified_gmt":"2026-05-01T09:47:54","slug":"emirates-e-con-luksin-ne-nje-nivel-tjeter-hapi-tjeter-jane-banjot-private-ne-bord","status":"publish","type":"post","link":"https:\/\/kosovatimes.info\/index.php\/2026\/05\/01\/emirates-e-con-luksin-ne-nje-nivel-tjeter-hapi-tjeter-jane-banjot-private-ne-bord\/","title":{"rendered":"Emirates e \u00e7on luksin n\u00eb nj\u00eb nivel tjet\u00ebr, hapi tjet\u00ebr jan\u00eb banjot private n\u00eb bord"},"content":{"rendered":"\n<h3 class=\"wp-block-heading\"><em>Emirates po shqyrton hapin tjet\u00ebr n\u00eb p\u00ebrmir\u00ebsimin e p\u00ebrvoj\u00ebs s\u00eb pasagjer\u00ebve, duke futur banjo private brenda suitave t\u00eb klasit t\u00eb par\u00eb. Si\u00e7 u njoftua nga Presidenti Tim Clark, q\u00ebllimi \u00ebsht\u00eb q\u00eb luksi n\u00eb bord t\u00eb afrohet m\u00eb tej me standardet e hoteleve m\u00eb t\u00eb mira, gj\u00eb q\u00eb do t&#8217;u ofronte pasagjer\u00ebve nj\u00eb nivel edhe m\u00eb t\u00eb lart\u00eb privat\u00ebsie dhe rehatie gjat\u00eb fluturimit.<\/em><\/h3>\n\n\n\n<p>Aktualisht, pasagjer\u00ebt e klasit t\u00eb par\u00eb n\u00eb Airbus A380 kan\u00eb tashm\u00eb qasje n\u00eb dushe, nj\u00eb sall\u00eb pritjeje dhe bar ekskluziv, si dhe artikuj tualeti t\u00eb nivelit t\u00eb lart\u00eb. Nga ana tjet\u00ebr, n\u00eb Boeing 777, fokusi \u00ebsht\u00eb te privat\u00ebsia, me kabina t\u00eb mbyllura q\u00eb funksionojn\u00eb si dhoma t\u00eb vogla hoteli, por pa mund\u00ebsin\u00eb e dushit.<\/p>\n\n\n\n<p><a href=\"https:\/\/www.instagram.com\/reels\/C8CqLNVRQOX\">https:\/\/www.instagram.com\/reels\/C8CqLNVRQOX<\/a><\/p>\n\n\n\n<p>Nd\u00ebrsa ideja e nj\u00eb banjoje private p\u00ebr \u00e7do pasagjer nuk \u00ebsht\u00eb ende nj\u00eb standard i industris\u00eb, disa linja ajrore e kan\u00eb b\u00ebr\u00eb tashm\u00eb k\u00ebt\u00eb hap. N\u00eb vitin 2014, Etihad Airways prezantoi \u201cRezidenc\u00eb\u201d luksoze n\u00eb Airbus A380 t\u00eb saj, e cila p\u00ebrfshin nj\u00eb dhom\u00eb ndenjeje dhe nj\u00eb dhom\u00eb gjumi, si dhe nj\u00eb banjo private. Singapore Airlines po zhvillon gjithashtu nj\u00eb koncept t\u00eb ngjash\u00ebm, ku \u00ebsht\u00eb e mundur t\u00eb kombinohen disa suita n\u00eb nj\u00eb hap\u00ebsir\u00eb \u200b\u200bt\u00eb vetme.<\/p>\n\n\n\n<p>Megjithat\u00eb, inovacioni nuk ndalet vet\u00ebm te \u00e7mimet m\u00eb t\u00eb shtrenjta. Air New Zealand ka prezantuar\u00a0krevate marinari \u00a0p\u00ebr fluturime ultra t\u00eb gjata, nd\u00ebrsa United Airlines po zhvillon nj\u00eb koncept &#8220;Relaxing Row&#8221;, i cili u lejon pasagjer\u00ebve t\u00eb klasit ekonomik t\u00eb shnd\u00ebrrojn\u00eb vendet e tyre n\u00eb nj\u00eb lloj shtrati p\u00ebr rehati t\u00eb shtuar.<\/p>\n\n\n\n<p>T\u00eb gjitha k\u00ebto ndryshime tregojn\u00eb nj\u00eb trend t\u00eb qart\u00eb: kufijt\u00eb midis p\u00ebrvojave t\u00eb linj\u00ebs ajrore dhe hoteleve po b\u00ebhen m\u00eb t\u00eb holl\u00eb dhe pasagjer\u00ebt, pavar\u00ebsisht nga klasi, po marrin gjithnj\u00eb e m\u00eb shum\u00eb mund\u00ebsi p\u00ebr nj\u00eb udh\u00ebtim m\u00eb t\u00eb rehatsh\u00ebm dhe t\u00eb personalizuar.<\/p>\n","protected":false},"excerpt":{"rendered":"<p>Emirates po shqyrton hapin tjet\u00ebr n\u00eb p\u00ebrmir\u00ebsimin e p\u00ebrvoj\u00ebs s\u00eb pasagjer\u00ebve, duke futur banjo private brenda suitave t\u00eb klasit t\u00eb par\u00eb. Si\u00e7 u njoftua nga Presidenti Tim Clark, q\u00ebllimi \u00ebsht\u00eb q\u00eb luksi n\u00eb bord t\u00eb afrohet m\u00eb tej me standardet e hoteleve m\u00eb t\u00eb mira, gj\u00eb q\u00eb do t&#8217;u ofronte pasagjer\u00ebve nj\u00eb nivel edhe m\u00eb [&hellip;]<\/p>\n","protected":false},"author":4,"featured_media":12941,"comment_status":"open","ping_status":"open","sticky":false,"template":"","format":"standard","meta":{"footnotes":""},"categories":[43],"tags":[],"class_list":{"0":"post-12940","1":"post","2":"type-post","3":"status-publish","4":"format-standard","5":"has-post-thumbnail","7":"category-turizem"},"yoast_head":"<!-- This site is optimized with the Yoast SEO plugin v27.4 - https:\/\/yoast.com\/product\/yoast-seo-wordpress\/ -->\n<title>Emirates e \u00e7on luksin n\u00eb nj\u00eb nivel tjet\u00ebr, hapi tjet\u00ebr jan\u00eb banjot private n\u00eb bord - Kosova Times<\/title>\n<meta name=\"robots\" content=\"index, follow, max-snippet:-1, max-image-preview:large, max-video-preview:-1\" \/>\n<link rel=\"canonical\" href=\"https:\/\/kosovatimes.info\/index.php\/2026\/05\/01\/emirates-e-con-luksin-ne-nje-nivel-tjeter-hapi-tjeter-jane-banjot-private-ne-bord\/\" \/>\n<meta property=\"og:locale\" content=\"en_US\" \/>\n<meta property=\"og:type\" content=\"article\" \/>\n<meta property=\"og:title\" content=\"Emirates e \u00e7on luksin n\u00eb nj\u00eb nivel tjet\u00ebr, hapi tjet\u00ebr jan\u00eb banjot private n\u00eb bord - Kosova Times\" \/>\n<meta property=\"og:description\" content=\"Emirates po shqyrton hapin tjet\u00ebr n\u00eb p\u00ebrmir\u00ebsimin e p\u00ebrvoj\u00ebs s\u00eb pasagjer\u00ebve, duke futur banjo private brenda suitave t\u00eb klasit t\u00eb par\u00eb. Si\u00e7 u njoftua nga Presidenti Tim Clark, q\u00ebllimi \u00ebsht\u00eb q\u00eb luksi n\u00eb bord t\u00eb afrohet m\u00eb tej me standardet e hoteleve m\u00eb t\u00eb mira, gj\u00eb q\u00eb do t&#8217;u ofronte pasagjer\u00ebve nj\u00eb nivel edhe m\u00eb [&hellip;]\" \/>\n<meta property=\"og:url\" content=\"https:\/\/kosovatimes.info\/index.php\/2026\/05\/01\/emirates-e-con-luksin-ne-nje-nivel-tjeter-hapi-tjeter-jane-banjot-private-ne-bord\/\" \/>\n<meta property=\"og:site_name\" content=\"Kosova Times\" \/>\n<meta property=\"article:published_time\" content=\"2026-05-01T09:47:50+00:00\" \/>\n<meta property=\"article:modified_time\" content=\"2026-05-01T09:47:54+00:00\" \/>\n<meta property=\"og:image\" content=\"https:\/\/kosovatimes.info\/wp-content\/uploads\/2026\/05\/Emirate.jpg\" \/>\n\t<meta property=\"og:image:width\" content=\"1200\" \/>\n\t<meta property=\"og:image:height\" content=\"800\" \/>\n\t<meta property=\"og:image:type\" content=\"image\/jpeg\" \/>\n<meta name=\"author\" content=\"i l\" \/>\n<meta name=\"twitter:card\" content=\"summary_large_image\" \/>\n<meta name=\"twitter:label1\" content=\"Written by\" \/>\n\t<meta name=\"twitter:data1\" content=\"i l\" \/>\n\t<meta name=\"twitter:label2\" content=\"Est. reading time\" \/>\n\t<meta name=\"twitter:data2\" content=\"2 minutes\" \/>\n<script type=\"application\/ld+json\" class=\"yoast-schema-graph\">{\"@context\":\"https:\\\/\\\/schema.org\",\"@graph\":[{\"@type\":\"Article\",\"@id\":\"https:\\\/\\\/kosovatimes.info\\\/index.php\\\/2026\\\/05\\\/01\\\/emirates-e-con-luksin-ne-nje-nivel-tjeter-hapi-tjeter-jane-banjot-private-ne-bord\\\/#article\",\"isPartOf\":{\"@id\":\"https:\\\/\\\/kosovatimes.info\\\/index.php\\\/2026\\\/05\\\/01\\\/emirates-e-con-luksin-ne-nje-nivel-tjeter-hapi-tjeter-jane-banjot-private-ne-bord\\\/\"},\"author\":{\"name\":\"i l\",\"@id\":\"https:\\\/\\\/kosovatimes.info\\\/#\\\/schema\\\/person\\\/7586712b9c512fe68085de007378c915\"},\"headline\":\"Emirates e \u00e7on luksin n\u00eb nj\u00eb nivel tjet\u00ebr, hapi tjet\u00ebr jan\u00eb banjot private n\u00eb bord\",\"datePublished\":\"2026-05-01T09:47:50+00:00\",\"dateModified\":\"2026-05-01T09:47:54+00:00\",\"mainEntityOfPage\":{\"@id\":\"https:\\\/\\\/kosovatimes.info\\\/index.php\\\/2026\\\/05\\\/01\\\/emirates-e-con-luksin-ne-nje-nivel-tjeter-hapi-tjeter-jane-banjot-private-ne-bord\\\/\"},\"wordCount\":345,\"commentCount\":0,\"image\":{\"@id\":\"https:\\\/\\\/kosovatimes.info\\\/index.php\\\/2026\\\/05\\\/01\\\/emirates-e-con-luksin-ne-nje-nivel-tjeter-hapi-tjeter-jane-banjot-private-ne-bord\\\/#primaryimage\"},\"thumbnailUrl\":\"https:\\\/\\\/kosovatimes.info\\\/wp-content\\\/uploads\\\/2026\\\/05\\\/Emirate.jpg\",\"articleSection\":[\"Turiz\u00ebm\"],\"inLanguage\":\"en-US\",\"potentialAction\":[{\"@type\":\"CommentAction\",\"name\":\"Comment\",\"target\":[\"https:\\\/\\\/kosovatimes.info\\\/index.php\\\/2026\\\/05\\\/01\\\/emirates-e-con-luksin-ne-nje-nivel-tjeter-hapi-tjeter-jane-banjot-private-ne-bord\\\/#respond\"]}]},{\"@type\":\"WebPage\",\"@id\":\"https:\\\/\\\/kosovatimes.info\\\/index.php\\\/2026\\\/05\\\/01\\\/emirates-e-con-luksin-ne-nje-nivel-tjeter-hapi-tjeter-jane-banjot-private-ne-bord\\\/\",\"url\":\"https:\\\/\\\/kosovatimes.info\\\/index.php\\\/2026\\\/05\\\/01\\\/emirates-e-con-luksin-ne-nje-nivel-tjeter-hapi-tjeter-jane-banjot-private-ne-bord\\\/\",\"name\":\"Emirates e \u00e7on luksin n\u00eb nj\u00eb nivel tjet\u00ebr, hapi tjet\u00ebr jan\u00eb banjot private n\u00eb bord - Kosova Times\",\"isPartOf\":{\"@id\":\"https:\\\/\\\/kosovatimes.info\\\/#website\"},\"primaryImageOfPage\":{\"@id\":\"https:\\\/\\\/kosovatimes.info\\\/index.php\\\/2026\\\/05\\\/01\\\/emirates-e-con-luksin-ne-nje-nivel-tjeter-hapi-tjeter-jane-banjot-private-ne-bord\\\/#primaryimage\"},\"image\":{\"@id\":\"https:\\\/\\\/kosovatimes.info\\\/index.php\\\/2026\\\/05\\\/01\\\/emirates-e-con-luksin-ne-nje-nivel-tjeter-hapi-tjeter-jane-banjot-private-ne-bord\\\/#primaryimage\"},\"thumbnailUrl\":\"https:\\\/\\\/kosovatimes.info\\\/wp-content\\\/uploads\\\/2026\\\/05\\\/Emirate.jpg\",\"datePublished\":\"2026-05-01T09:47:50+00:00\",\"dateModified\":\"2026-05-01T09:47:54+00:00\",\"author\":{\"@id\":\"https:\\\/\\\/kosovatimes.info\\\/#\\\/schema\\\/person\\\/7586712b9c512fe68085de007378c915\"},\"breadcrumb\":{\"@id\":\"https:\\\/\\\/kosovatimes.info\\\/index.php\\\/2026\\\/05\\\/01\\\/emirates-e-con-luksin-ne-nje-nivel-tjeter-hapi-tjeter-jane-banjot-private-ne-bord\\\/#breadcrumb\"},\"inLanguage\":\"en-US\",\"potentialAction\":[{\"@type\":\"ReadAction\",\"target\":[\"https:\\\/\\\/kosovatimes.info\\\/index.php\\\/2026\\\/05\\\/01\\\/emirates-e-con-luksin-ne-nje-nivel-tjeter-hapi-tjeter-jane-banjot-private-ne-bord\\\/\"]}]},{\"@type\":\"ImageObject\",\"inLanguage\":\"en-US\",\"@id\":\"https:\\\/\\\/kosovatimes.info\\\/index.php\\\/2026\\\/05\\\/01\\\/emirates-e-con-luksin-ne-nje-nivel-tjeter-hapi-tjeter-jane-banjot-private-ne-bord\\\/#primaryimage\",\"url\":\"https:\\\/\\\/kosovatimes.info\\\/wp-content\\\/uploads\\\/2026\\\/05\\\/Emirate.jpg\",\"contentUrl\":\"https:\\\/\\\/kosovatimes.info\\\/wp-content\\\/uploads\\\/2026\\\/05\\\/Emirate.jpg\",\"width\":1200,\"height\":800},{\"@type\":\"BreadcrumbList\",\"@id\":\"https:\\\/\\\/kosovatimes.info\\\/index.php\\\/2026\\\/05\\\/01\\\/emirates-e-con-luksin-ne-nje-nivel-tjeter-hapi-tjeter-jane-banjot-private-ne-bord\\\/#breadcrumb\",\"itemListElement\":[{\"@type\":\"ListItem\",\"position\":1,\"name\":\"Home\",\"item\":\"https:\\\/\\\/kosovatimes.info\\\/\"},{\"@type\":\"ListItem\",\"position\":2,\"name\":\"Emirates e \u00e7on luksin n\u00eb nj\u00eb nivel tjet\u00ebr, hapi tjet\u00ebr jan\u00eb banjot private n\u00eb bord\"}]},{\"@type\":\"WebSite\",\"@id\":\"https:\\\/\\\/kosovatimes.info\\\/#website\",\"url\":\"https:\\\/\\\/kosovatimes.info\\\/\",\"name\":\"Kosova Times\",\"description\":\"\",\"potentialAction\":[{\"@type\":\"SearchAction\",\"target\":{\"@type\":\"EntryPoint\",\"urlTemplate\":\"https:\\\/\\\/kosovatimes.info\\\/?s={search_term_string}\"},\"query-input\":{\"@type\":\"PropertyValueSpecification\",\"valueRequired\":true,\"valueName\":\"search_term_string\"}}],\"inLanguage\":\"en-US\"},{\"@type\":\"Person\",\"@id\":\"https:\\\/\\\/kosovatimes.info\\\/#\\\/schema\\\/person\\\/7586712b9c512fe68085de007378c915\",\"name\":\"i l\",\"image\":{\"@type\":\"ImageObject\",\"inLanguage\":\"en-US\",\"@id\":\"https:\\\/\\\/secure.gravatar.com\\\/avatar\\\/bad9296e02816160ae2e2435beda58222022298d5625d49fea74d18816fbb31d?s=96&d=mm&r=g\",\"url\":\"https:\\\/\\\/secure.gravatar.com\\\/avatar\\\/bad9296e02816160ae2e2435beda58222022298d5625d49fea74d18816fbb31d?s=96&d=mm&r=g\",\"contentUrl\":\"https:\\\/\\\/secure.gravatar.com\\\/avatar\\\/bad9296e02816160ae2e2435beda58222022298d5625d49fea74d18816fbb31d?s=96&d=mm&r=g\",\"caption\":\"i l\"},\"url\":\"https:\\\/\\\/kosovatimes.info\\\/index.php\\\/author\\\/iliri\\\/\"}]}<\/script>\n<!-- \/ Yoast SEO plugin. -->","yoast_head_json":{"title":"Emirates e \u00e7on luksin n\u00eb nj\u00eb nivel tjet\u00ebr, hapi tjet\u00ebr jan\u00eb banjot private n\u00eb bord - Kosova Times","robots":{"index":"index","follow":"follow","max-snippet":"max-snippet:-1","max-image-preview":"max-image-preview:large","max-video-preview":"max-video-preview:-1"},"canonical":"https:\/\/kosovatimes.info\/index.php\/2026\/05\/01\/emirates-e-con-luksin-ne-nje-nivel-tjeter-hapi-tjeter-jane-banjot-private-ne-bord\/","og_locale":"en_US","og_type":"article","og_title":"Emirates e \u00e7on luksin n\u00eb nj\u00eb nivel tjet\u00ebr, hapi tjet\u00ebr jan\u00eb banjot private n\u00eb bord - Kosova Times","og_description":"Emirates po shqyrton hapin tjet\u00ebr n\u00eb p\u00ebrmir\u00ebsimin e p\u00ebrvoj\u00ebs s\u00eb pasagjer\u00ebve, duke futur banjo private brenda suitave t\u00eb klasit t\u00eb par\u00eb. Si\u00e7 u njoftua nga Presidenti Tim Clark, q\u00ebllimi \u00ebsht\u00eb q\u00eb luksi n\u00eb bord t\u00eb afrohet m\u00eb tej me standardet e hoteleve m\u00eb t\u00eb mira, gj\u00eb q\u00eb do t&#8217;u ofronte pasagjer\u00ebve nj\u00eb nivel edhe m\u00eb [&hellip;]","og_url":"https:\/\/kosovatimes.info\/index.php\/2026\/05\/01\/emirates-e-con-luksin-ne-nje-nivel-tjeter-hapi-tjeter-jane-banjot-private-ne-bord\/","og_site_name":"Kosova Times","article_published_time":"2026-05-01T09:47:50+00:00","article_modified_time":"2026-05-01T09:47:54+00:00","og_image":[{"width":1200,"height":800,"url":"https:\/\/kosovatimes.info\/wp-content\/uploads\/2026\/05\/Emirate.jpg","type":"image\/jpeg"}],"author":"i l","twitter_card":"summary_large_image","twitter_misc":{"Written by":"i l","Est. reading time":"2 minutes"},"schema":{"@context":"https:\/\/schema.org","@graph":[{"@type":"Article","@id":"https:\/\/kosovatimes.info\/index.php\/2026\/05\/01\/emirates-e-con-luksin-ne-nje-nivel-tjeter-hapi-tjeter-jane-banjot-private-ne-bord\/#article","isPartOf":{"@id":"https:\/\/kosovatimes.info\/index.php\/2026\/05\/01\/emirates-e-con-luksin-ne-nje-nivel-tjeter-hapi-tjeter-jane-banjot-private-ne-bord\/"},"author":{"name":"i l","@id":"https:\/\/kosovatimes.info\/#\/schema\/person\/7586712b9c512fe68085de007378c915"},"headline":"Emirates e \u00e7on luksin n\u00eb nj\u00eb nivel tjet\u00ebr, hapi tjet\u00ebr jan\u00eb banjot private n\u00eb bord","datePublished":"2026-05-01T09:47:50+00:00","dateModified":"2026-05-01T09:47:54+00:00","mainEntityOfPage":{"@id":"https:\/\/kosovatimes.info\/index.php\/2026\/05\/01\/emirates-e-con-luksin-ne-nje-nivel-tjeter-hapi-tjeter-jane-banjot-private-ne-bord\/"},"wordCount":345,"commentCount":0,"image":{"@id":"https:\/\/kosovatimes.info\/index.php\/2026\/05\/01\/emirates-e-con-luksin-ne-nje-nivel-tjeter-hapi-tjeter-jane-banjot-private-ne-bord\/#primaryimage"},"thumbnailUrl":"https:\/\/kosovatimes.info\/wp-content\/uploads\/2026\/05\/Emirate.jpg","articleSection":["Turiz\u00ebm"],"inLanguage":"en-US","potentialAction":[{"@type":"CommentAction","name":"Comment","target":["https:\/\/kosovatimes.info\/index.php\/2026\/05\/01\/emirates-e-con-luksin-ne-nje-nivel-tjeter-hapi-tjeter-jane-banjot-private-ne-bord\/#respond"]}]},{"@type":"WebPage","@id":"https:\/\/kosovatimes.info\/index.php\/2026\/05\/01\/emirates-e-con-luksin-ne-nje-nivel-tjeter-hapi-tjeter-jane-banjot-private-ne-bord\/","url":"https:\/\/kosovatimes.info\/index.php\/2026\/05\/01\/emirates-e-con-luksin-ne-nje-nivel-tjeter-hapi-tjeter-jane-banjot-private-ne-bord\/","name":"Emirates e \u00e7on luksin n\u00eb nj\u00eb nivel tjet\u00ebr, hapi tjet\u00ebr jan\u00eb banjot private n\u00eb bord - Kosova Times","isPartOf":{"@id":"https:\/\/kosovatimes.info\/#website"},"primaryImageOfPage":{"@id":"https:\/\/kosovatimes.info\/index.php\/2026\/05\/01\/emirates-e-con-luksin-ne-nje-nivel-tjeter-hapi-tjeter-jane-banjot-private-ne-bord\/#primaryimage"},"image":{"@id":"https:\/\/kosovatimes.info\/index.php\/2026\/05\/01\/emirates-e-con-luksin-ne-nje-nivel-tjeter-hapi-tjeter-jane-banjot-private-ne-bord\/#primaryimage"},"thumbnailUrl":"https:\/\/kosovatimes.info\/wp-content\/uploads\/2026\/05\/Emirate.jpg","datePublished":"2026-05-01T09:47:50+00:00","dateModified":"2026-05-01T09:47:54+00:00","author":{"@id":"https:\/\/kosovatimes.info\/#\/schema\/person\/7586712b9c512fe68085de007378c915"},"breadcrumb":{"@id":"https:\/\/kosovatimes.info\/index.php\/2026\/05\/01\/emirates-e-con-luksin-ne-nje-nivel-tjeter-hapi-tjeter-jane-banjot-private-ne-bord\/#breadcrumb"},"inLanguage":"en-US","potentialAction":[{"@type":"ReadAction","target":["https:\/\/kosovatimes.info\/index.php\/2026\/05\/01\/emirates-e-con-luksin-ne-nje-nivel-tjeter-hapi-tjeter-jane-banjot-private-ne-bord\/"]}]},{"@type":"ImageObject","inLanguage":"en-US","@id":"https:\/\/kosovatimes.info\/index.php\/2026\/05\/01\/emirates-e-con-luksin-ne-nje-nivel-tjeter-hapi-tjeter-jane-banjot-private-ne-bord\/#primaryimage","url":"https:\/\/kosovatimes.info\/wp-content\/uploads\/2026\/05\/Emirate.jpg","contentUrl":"https:\/\/kosovatimes.info\/wp-content\/uploads\/2026\/05\/Emirate.jpg","width":1200,"height":800},{"@type":"BreadcrumbList","@id":"https:\/\/kosovatimes.info\/index.php\/2026\/05\/01\/emirates-e-con-luksin-ne-nje-nivel-tjeter-hapi-tjeter-jane-banjot-private-ne-bord\/#breadcrumb","itemListElement":[{"@type":"ListItem","position":1,"name":"Home","item":"https:\/\/kosovatimes.info\/"},{"@type":"ListItem","position":2,"name":"Emirates e \u00e7on luksin n\u00eb nj\u00eb nivel tjet\u00ebr, hapi tjet\u00ebr jan\u00eb banjot private n\u00eb bord"}]},{"@type":"WebSite","@id":"https:\/\/kosovatimes.info\/#website","url":"https:\/\/kosovatimes.info\/","name":"Kosova Times","description":"","potentialAction":[{"@type":"SearchAction","target":{"@type":"EntryPoint","urlTemplate":"https:\/\/kosovatimes.info\/?s={search_term_string}"},"query-input":{"@type":"PropertyValueSpecification","valueRequired":true,"valueName":"search_term_string"}}],"inLanguage":"en-US"},{"@type":"Person","@id":"https:\/\/kosovatimes.info\/#\/schema\/person\/7586712b9c512fe68085de007378c915","name":"i l","image":{"@type":"ImageObject","inLanguage":"en-US","@id":"https:\/\/secure.gravatar.com\/avatar\/bad9296e02816160ae2e2435beda58222022298d5625d49fea74d18816fbb31d?s=96&d=mm&r=g","url":"https:\/\/secure.gravatar.com\/avatar\/bad9296e02816160ae2e2435beda58222022298d5625d49fea74d18816fbb31d?s=96&d=mm&r=g","contentUrl":"https:\/\/secure.gravatar.com\/avatar\/bad9296e02816160ae2e2435beda58222022298d5625d49fea74d18816fbb31d?s=96&d=mm&r=g","caption":"i l"},"url":"https:\/\/kosovatimes.info\/index.php\/author\/iliri\/"}]}},"_links":{"self":[{"href":"https:\/\/kosovatimes.info\/index.php\/wp-json\/wp\/v2\/posts\/12940","targetHints":{"allow":["GET"]}}],"collection":[{"href":"https:\/\/kosovatimes.info\/index.php\/wp-json\/wp\/v2\/posts"}],"about":[{"href":"https:\/\/kosovatimes.info\/index.php\/wp-json\/wp\/v2\/types\/post"}],"author":[{"embeddable":true,"href":"https:\/\/kosovatimes.info\/index.php\/wp-json\/wp\/v2\/users\/4"}],"replies":[{"embeddable":true,"href":"https:\/\/kosovatimes.info\/index.php\/wp-json\/wp\/v2\/comments?post=12940"}],"version-history":[{"count":1,"href":"https:\/\/kosovatimes.info\/index.php\/wp-json\/wp\/v2\/posts\/12940\/revisions"}],"predecessor-version":[{"id":12942,"href":"https:\/\/kosovatimes.info\/index.php\/wp-json\/wp\/v2\/posts\/12940\/revisions\/12942"}],"wp:featuredmedia":[{"embeddable":true,"href":"https:\/\/kosovatimes.info\/index.php\/wp-json\/wp\/v2\/media\/12941"}],"wp:attachment":[{"href":"https:\/\/kosovatimes.info\/index.php\/wp-json\/wp\/v2\/media?parent=12940"}],"wp:term":[{"taxonomy":"category","embeddable":true,"href":"https:\/\/kosovatimes.info\/index.php\/wp-json\/wp\/v2\/categories?post=12940"},{"taxonomy":"post_tag","embeddable":true,"href":"https:\/\/kosovatimes.info\/index.php\/wp-json\/wp\/v2\/tags?post=12940"}],"curies":[{"name":"wp","href":"https:\/\/api.w.org\/{rel}","templated":true}]}}