{"id":12943,"date":"2026-05-01T11:51:18","date_gmt":"2026-05-01T09:51:18","guid":{"rendered":"https:\/\/kosovatimes.info\/?p=12943"},"modified":"2026-05-01T11:51:21","modified_gmt":"2026-05-01T09:51:21","slug":"shpirti-mesdhetar-ne-zvicer-monte-karlo-ne-liqen","status":"publish","type":"post","link":"https:\/\/kosovatimes.info\/index.php\/2026\/05\/01\/shpirti-mesdhetar-ne-zvicer-monte-karlo-ne-liqen\/","title":{"rendered":"Shpirti mesdhetar n\u00eb Zvic\u00ebr \u2013 Monte Karlo n\u00eb liqen"},"content":{"rendered":"\n<h3 class=\"wp-block-heading\"><em>Lugano \u00ebsht\u00eb ai cep i ve\u00e7ant\u00eb n\u00eb jug t\u00eb Zvicr\u00ebs ku preciziteti i p\u00ebrsosur takohet me sharmin e v\u00ebrtet\u00eb mesdhetar, k\u00ebshtu q\u00eb nuk \u00ebsht\u00eb \u00e7udi q\u00eb quhet &#8220;Monte Karlo i Liqeneve&#8221;. Sapo t\u00eb hyni n\u00eb kantonin e Ticinos, do t\u00eb ndjeni nj\u00eb ndryshim drastik. N\u00eb vend t\u00eb gjermanishtes, d\u00ebgjoni italisht, ritmi i jet\u00ebs \u00ebsht\u00eb m\u00eb i ngadalt\u00eb dhe dielli e klima e but\u00eb ju b\u00ebjn\u00eb t\u00eb ndiheni m\u00eb shum\u00eb sikur jeni n\u00eb bregdet sesa n\u00eb Alpe.<\/em><\/h3>\n\n\n\n<p>Lugano ndodhet p\u00ebrgjat\u00eb brigjeve t\u00eb liqenit me t\u00eb nj\u00ebjtin em\u00ebr, ku malet zbresin pjerr\u00ebsisht n\u00eb uj\u00eb, duke krijuar nj\u00eb peizazh mbres\u00ebl\u00ebn\u00ebs q\u00eb t\u00eb kujton Italin\u00eb veriore. P\u00ebr shkak t\u00eb k\u00ebsaj ngjashm\u00ebrie, Lugano shpesh krahasohet me Liqenin e Komos, por me nj\u00eb ndryshim ky\u00e7. Nuk ka turma t\u00eb m\u00ebdha dhe presion t\u00eb theksuar turistik. Lugano ofron nj\u00eb estetik\u00eb dhe atmosfer\u00eb t\u00eb ngjashme, por n\u00eb nj\u00eb mjedis m\u00eb t\u00eb qet\u00eb, m\u00eb t\u00eb organizuar dhe m\u00eb t\u00eb arritsh\u00ebm. Kjo e b\u00ebn at\u00eb nj\u00eb alternativ\u00eb ideale p\u00ebr udh\u00ebtar\u00ebt q\u00eb k\u00ebrkojn\u00eb eleganc\u00eb pa turma.<\/p>\n\n\n\n<p><a href=\"https:\/\/www.instagram.com\/p\/DVdWiqwDBMa\/embed\/?cr=1&amp;v=14&amp;wp=540&amp;rd=https%3A%2F%2Ftumagazin.rs&amp;rp=%2F2026%2F04%2F30%2Fmediteranski-duh-u-svajcarskoj-monte-karlo-na-jezeru%2F#%7B%22ci%22%3A0%2C%22os%22%3A329%2C%22ls%22%3A38.5%2C%22le%22%3A38.5%7D\">https:\/\/www.instagram.com\/p\/DVdWiqwDBMa\/embed\/?cr=1&amp;v=14&amp;wp=540&amp;rd=https%3A%2F%2Ftumagazin.rs&amp;rp=%2F2026%2F04%2F30%2Fmediteranski-duh-u-svajcarskoj-monte-karlo-na-jezeru%2F#%7B%22ci%22%3A0%2C%22os%22%3A329%2C%22ls%22%3A38.5%2C%22le%22%3A38.5%7D<\/a><\/p>\n\n\n\n<p>Sh\u00ebtitjet p\u00ebrgjat\u00eb bregut t\u00eb liqenit zbulojn\u00eb parqe t\u00eb peizazhuara, palma dhe vila luksoze, nd\u00ebrsa qendra e qytetit shk\u00eblqen me luks diskret. Rruga historike Via Nassa \u00ebsht\u00eb zemra e jet\u00ebs shoq\u00ebrore. K\u00ebtu mund t\u00eb gjeni butik\u00eb, kafene dhe restorante t\u00eb shumta q\u00eb ndjekin nj\u00eb standard t\u00eb lart\u00eb sh\u00ebrbimi, por pa formalitet t\u00eb tep\u00ebrt. \u00cbsht\u00eb ky ekuilib\u00ebr midis sofistikimit dhe relaksimit q\u00eb e b\u00ebn Luganon t\u00ebrheq\u00ebs si p\u00ebr turist\u00ebt ashtu edhe p\u00ebr vizitor\u00ebt e biznesit.<\/p>\n\n\n\n<p>P\u00ebr ata q\u00eb k\u00ebrkojn\u00eb nj\u00eb q\u00ebndrim m\u00eb aktiv, natyra \u00ebsht\u00eb leht\u00ebsisht e arritshme. Nj\u00eb udh\u00ebtim me vark\u00eb n\u00eb liqen ofron nj\u00eb perspektiv\u00eb t\u00eb ndryshme t\u00eb qytetit, nd\u00ebrsa nj\u00eb funikular ju \u00e7on n\u00eb maj\u00eb t\u00eb Monte San Salvatore, nga ku mund t\u00eb shijoni pamje panoramike t\u00eb liqenit dhe luginave p\u00ebrreth. Kjo aksesueshm\u00ebri e leht\u00ebsive natyrore, e kombinuar me rehatin\u00eb urbane, thekson m\u00eb tej diversitetin e destinacionit.<\/p>\n\n\n\n<p>Lugano arrin k\u00ebshtu t\u00eb kombinoj\u00eb m\u00eb t\u00eb mir\u00ebn e t\u00eb dy bot\u00ebve, organizimin dhe cil\u00ebsin\u00eb e Zvicr\u00ebs me ngroht\u00ebsin\u00eb dhe stilin e Mesdheut. Si nj\u00eb alternativ\u00eb m\u00eb e qet\u00eb dhe m\u00eb e sofistikuar ndaj destinacioneve si Liqeni i Komos, \u00ebsht\u00eb zgjedhja p\u00ebr udh\u00ebtar\u00ebt q\u00eb duan nj\u00eb p\u00ebrvoj\u00eb autentike pa b\u00ebr\u00eb kompromis me bukurin\u00eb, rehatin\u00eb dhe atmosfer\u00ebn.<\/p>\n\n\n\n<figure class=\"wp-block-embed is-type-video is-provider-youtube wp-block-embed-youtube wp-embed-aspect-16-9 wp-has-aspect-ratio\"><div class=\"wp-block-embed__wrapper\">\n<div class=\"youtube-embed\" data-video_id=\"2iDf3DELQL8\"><iframe loading=\"lazy\" title=\"Lugano \ud83c\udde8\ud83c\udded Switzerland at its best! 4K Travel Video\" width=\"696\" height=\"392\" src=\"https:\/\/www.youtube.com\/embed\/2iDf3DELQL8?feature=oembed&#038;enablejsapi=1\" frameborder=\"0\" allow=\"accelerometer; autoplay; clipboard-write; encrypted-media; gyroscope; picture-in-picture; web-share\" referrerpolicy=\"strict-origin-when-cross-origin\" allowfullscreen><\/iframe><\/div>\n<\/div><\/figure>\n","protected":false},"excerpt":{"rendered":"<p>Lugano \u00ebsht\u00eb ai cep i ve\u00e7ant\u00eb n\u00eb jug t\u00eb Zvicr\u00ebs ku preciziteti i p\u00ebrsosur takohet me sharmin e v\u00ebrtet\u00eb mesdhetar, k\u00ebshtu q\u00eb nuk \u00ebsht\u00eb \u00e7udi q\u00eb quhet &#8220;Monte Karlo i Liqeneve&#8221;. Sapo t\u00eb hyni n\u00eb kantonin e Ticinos, do t\u00eb ndjeni nj\u00eb ndryshim drastik. N\u00eb vend t\u00eb gjermanishtes, d\u00ebgjoni italisht, ritmi i jet\u00ebs \u00ebsht\u00eb m\u00eb [&hellip;]<\/p>\n","protected":false},"author":4,"featured_media":12944,"comment_status":"open","ping_status":"open","sticky":false,"template":"","format":"standard","meta":{"footnotes":""},"categories":[43],"tags":[],"class_list":{"0":"post-12943","1":"post","2":"type-post","3":"status-publish","4":"format-standard","5":"has-post-thumbnail","7":"category-turizem"},"yoast_head":"<!-- This site is optimized with the Yoast SEO plugin v27.4 - https:\/\/yoast.com\/product\/yoast-seo-wordpress\/ -->\n<title>Shpirti mesdhetar n\u00eb Zvic\u00ebr \u2013 Monte Karlo n\u00eb liqen - Kosova Times<\/title>\n<meta name=\"robots\" content=\"index, follow, max-snippet:-1, max-image-preview:large, max-video-preview:-1\" \/>\n<link rel=\"canonical\" href=\"https:\/\/kosovatimes.info\/index.php\/2026\/05\/01\/shpirti-mesdhetar-ne-zvicer-monte-karlo-ne-liqen\/\" \/>\n<meta property=\"og:locale\" content=\"en_US\" \/>\n<meta property=\"og:type\" content=\"article\" \/>\n<meta property=\"og:title\" content=\"Shpirti mesdhetar n\u00eb Zvic\u00ebr \u2013 Monte Karlo n\u00eb liqen - Kosova Times\" \/>\n<meta property=\"og:description\" content=\"Lugano \u00ebsht\u00eb ai cep i ve\u00e7ant\u00eb n\u00eb jug t\u00eb Zvicr\u00ebs ku preciziteti i p\u00ebrsosur takohet me sharmin e v\u00ebrtet\u00eb mesdhetar, k\u00ebshtu q\u00eb nuk \u00ebsht\u00eb \u00e7udi q\u00eb quhet &#8220;Monte Karlo i Liqeneve&#8221;. Sapo t\u00eb hyni n\u00eb kantonin e Ticinos, do t\u00eb ndjeni nj\u00eb ndryshim drastik. N\u00eb vend t\u00eb gjermanishtes, d\u00ebgjoni italisht, ritmi i jet\u00ebs \u00ebsht\u00eb m\u00eb [&hellip;]\" \/>\n<meta property=\"og:url\" content=\"https:\/\/kosovatimes.info\/index.php\/2026\/05\/01\/shpirti-mesdhetar-ne-zvicer-monte-karlo-ne-liqen\/\" \/>\n<meta property=\"og:site_name\" content=\"Kosova Times\" \/>\n<meta property=\"article:published_time\" content=\"2026-05-01T09:51:18+00:00\" \/>\n<meta property=\"article:modified_time\" content=\"2026-05-01T09:51:21+00:00\" \/>\n<meta property=\"og:image\" content=\"https:\/\/kosovatimes.info\/wp-content\/uploads\/2026\/05\/Lugano.jpg\" \/>\n\t<meta property=\"og:image:width\" content=\"1200\" \/>\n\t<meta property=\"og:image:height\" content=\"802\" \/>\n\t<meta property=\"og:image:type\" content=\"image\/jpeg\" \/>\n<meta name=\"author\" content=\"i l\" \/>\n<meta name=\"twitter:card\" content=\"summary_large_image\" \/>\n<meta name=\"twitter:label1\" content=\"Written by\" \/>\n\t<meta name=\"twitter:data1\" content=\"i l\" \/>\n\t<meta name=\"twitter:label2\" content=\"Est. reading time\" \/>\n\t<meta name=\"twitter:data2\" content=\"2 minutes\" \/>\n<script type=\"application\/ld+json\" class=\"yoast-schema-graph\">{\"@context\":\"https:\\\/\\\/schema.org\",\"@graph\":[{\"@type\":\"Article\",\"@id\":\"https:\\\/\\\/kosovatimes.info\\\/index.php\\\/2026\\\/05\\\/01\\\/shpirti-mesdhetar-ne-zvicer-monte-karlo-ne-liqen\\\/#article\",\"isPartOf\":{\"@id\":\"https:\\\/\\\/kosovatimes.info\\\/index.php\\\/2026\\\/05\\\/01\\\/shpirti-mesdhetar-ne-zvicer-monte-karlo-ne-liqen\\\/\"},\"author\":{\"name\":\"i l\",\"@id\":\"https:\\\/\\\/kosovatimes.info\\\/#\\\/schema\\\/person\\\/7586712b9c512fe68085de007378c915\"},\"headline\":\"Shpirti mesdhetar n\u00eb Zvic\u00ebr \u2013 Monte Karlo n\u00eb liqen\",\"datePublished\":\"2026-05-01T09:51:18+00:00\",\"dateModified\":\"2026-05-01T09:51:21+00:00\",\"mainEntityOfPage\":{\"@id\":\"https:\\\/\\\/kosovatimes.info\\\/index.php\\\/2026\\\/05\\\/01\\\/shpirti-mesdhetar-ne-zvicer-monte-karlo-ne-liqen\\\/\"},\"wordCount\":478,\"commentCount\":0,\"image\":{\"@id\":\"https:\\\/\\\/kosovatimes.info\\\/index.php\\\/2026\\\/05\\\/01\\\/shpirti-mesdhetar-ne-zvicer-monte-karlo-ne-liqen\\\/#primaryimage\"},\"thumbnailUrl\":\"https:\\\/\\\/kosovatimes.info\\\/wp-content\\\/uploads\\\/2026\\\/05\\\/Lugano.jpg\",\"articleSection\":[\"Turiz\u00ebm\"],\"inLanguage\":\"en-US\",\"potentialAction\":[{\"@type\":\"CommentAction\",\"name\":\"Comment\",\"target\":[\"https:\\\/\\\/kosovatimes.info\\\/index.php\\\/2026\\\/05\\\/01\\\/shpirti-mesdhetar-ne-zvicer-monte-karlo-ne-liqen\\\/#respond\"]}]},{\"@type\":\"WebPage\",\"@id\":\"https:\\\/\\\/kosovatimes.info\\\/index.php\\\/2026\\\/05\\\/01\\\/shpirti-mesdhetar-ne-zvicer-monte-karlo-ne-liqen\\\/\",\"url\":\"https:\\\/\\\/kosovatimes.info\\\/index.php\\\/2026\\\/05\\\/01\\\/shpirti-mesdhetar-ne-zvicer-monte-karlo-ne-liqen\\\/\",\"name\":\"Shpirti mesdhetar n\u00eb Zvic\u00ebr \u2013 Monte Karlo n\u00eb liqen - Kosova Times\",\"isPartOf\":{\"@id\":\"https:\\\/\\\/kosovatimes.info\\\/#website\"},\"primaryImageOfPage\":{\"@id\":\"https:\\\/\\\/kosovatimes.info\\\/index.php\\\/2026\\\/05\\\/01\\\/shpirti-mesdhetar-ne-zvicer-monte-karlo-ne-liqen\\\/#primaryimage\"},\"image\":{\"@id\":\"https:\\\/\\\/kosovatimes.info\\\/index.php\\\/2026\\\/05\\\/01\\\/shpirti-mesdhetar-ne-zvicer-monte-karlo-ne-liqen\\\/#primaryimage\"},\"thumbnailUrl\":\"https:\\\/\\\/kosovatimes.info\\\/wp-content\\\/uploads\\\/2026\\\/05\\\/Lugano.jpg\",\"datePublished\":\"2026-05-01T09:51:18+00:00\",\"dateModified\":\"2026-05-01T09:51:21+00:00\",\"author\":{\"@id\":\"https:\\\/\\\/kosovatimes.info\\\/#\\\/schema\\\/person\\\/7586712b9c512fe68085de007378c915\"},\"breadcrumb\":{\"@id\":\"https:\\\/\\\/kosovatimes.info\\\/index.php\\\/2026\\\/05\\\/01\\\/shpirti-mesdhetar-ne-zvicer-monte-karlo-ne-liqen\\\/#breadcrumb\"},\"inLanguage\":\"en-US\",\"potentialAction\":[{\"@type\":\"ReadAction\",\"target\":[\"https:\\\/\\\/kosovatimes.info\\\/index.php\\\/2026\\\/05\\\/01\\\/shpirti-mesdhetar-ne-zvicer-monte-karlo-ne-liqen\\\/\"]}]},{\"@type\":\"ImageObject\",\"inLanguage\":\"en-US\",\"@id\":\"https:\\\/\\\/kosovatimes.info\\\/index.php\\\/2026\\\/05\\\/01\\\/shpirti-mesdhetar-ne-zvicer-monte-karlo-ne-liqen\\\/#primaryimage\",\"url\":\"https:\\\/\\\/kosovatimes.info\\\/wp-content\\\/uploads\\\/2026\\\/05\\\/Lugano.jpg\",\"contentUrl\":\"https:\\\/\\\/kosovatimes.info\\\/wp-content\\\/uploads\\\/2026\\\/05\\\/Lugano.jpg\",\"width\":1200,\"height\":802},{\"@type\":\"BreadcrumbList\",\"@id\":\"https:\\\/\\\/kosovatimes.info\\\/index.php\\\/2026\\\/05\\\/01\\\/shpirti-mesdhetar-ne-zvicer-monte-karlo-ne-liqen\\\/#breadcrumb\",\"itemListElement\":[{\"@type\":\"ListItem\",\"position\":1,\"name\":\"Home\",\"item\":\"https:\\\/\\\/kosovatimes.info\\\/\"},{\"@type\":\"ListItem\",\"position\":2,\"name\":\"Shpirti mesdhetar n\u00eb Zvic\u00ebr \u2013 Monte Karlo n\u00eb liqen\"}]},{\"@type\":\"WebSite\",\"@id\":\"https:\\\/\\\/kosovatimes.info\\\/#website\",\"url\":\"https:\\\/\\\/kosovatimes.info\\\/\",\"name\":\"Kosova Times\",\"description\":\"\",\"potentialAction\":[{\"@type\":\"SearchAction\",\"target\":{\"@type\":\"EntryPoint\",\"urlTemplate\":\"https:\\\/\\\/kosovatimes.info\\\/?s={search_term_string}\"},\"query-input\":{\"@type\":\"PropertyValueSpecification\",\"valueRequired\":true,\"valueName\":\"search_term_string\"}}],\"inLanguage\":\"en-US\"},{\"@type\":\"Person\",\"@id\":\"https:\\\/\\\/kosovatimes.info\\\/#\\\/schema\\\/person\\\/7586712b9c512fe68085de007378c915\",\"name\":\"i l\",\"image\":{\"@type\":\"ImageObject\",\"inLanguage\":\"en-US\",\"@id\":\"https:\\\/\\\/secure.gravatar.com\\\/avatar\\\/bad9296e02816160ae2e2435beda58222022298d5625d49fea74d18816fbb31d?s=96&d=mm&r=g\",\"url\":\"https:\\\/\\\/secure.gravatar.com\\\/avatar\\\/bad9296e02816160ae2e2435beda58222022298d5625d49fea74d18816fbb31d?s=96&d=mm&r=g\",\"contentUrl\":\"https:\\\/\\\/secure.gravatar.com\\\/avatar\\\/bad9296e02816160ae2e2435beda58222022298d5625d49fea74d18816fbb31d?s=96&d=mm&r=g\",\"caption\":\"i l\"},\"url\":\"https:\\\/\\\/kosovatimes.info\\\/index.php\\\/author\\\/iliri\\\/\"}]}<\/script>\n<!-- \/ Yoast SEO plugin. -->","yoast_head_json":{"title":"Shpirti mesdhetar n\u00eb Zvic\u00ebr \u2013 Monte Karlo n\u00eb liqen - Kosova Times","robots":{"index":"index","follow":"follow","max-snippet":"max-snippet:-1","max-image-preview":"max-image-preview:large","max-video-preview":"max-video-preview:-1"},"canonical":"https:\/\/kosovatimes.info\/index.php\/2026\/05\/01\/shpirti-mesdhetar-ne-zvicer-monte-karlo-ne-liqen\/","og_locale":"en_US","og_type":"article","og_title":"Shpirti mesdhetar n\u00eb Zvic\u00ebr \u2013 Monte Karlo n\u00eb liqen - Kosova Times","og_description":"Lugano \u00ebsht\u00eb ai cep i ve\u00e7ant\u00eb n\u00eb jug t\u00eb Zvicr\u00ebs ku preciziteti i p\u00ebrsosur takohet me sharmin e v\u00ebrtet\u00eb mesdhetar, k\u00ebshtu q\u00eb nuk \u00ebsht\u00eb \u00e7udi q\u00eb quhet &#8220;Monte Karlo i Liqeneve&#8221;. Sapo t\u00eb hyni n\u00eb kantonin e Ticinos, do t\u00eb ndjeni nj\u00eb ndryshim drastik. N\u00eb vend t\u00eb gjermanishtes, d\u00ebgjoni italisht, ritmi i jet\u00ebs \u00ebsht\u00eb m\u00eb [&hellip;]","og_url":"https:\/\/kosovatimes.info\/index.php\/2026\/05\/01\/shpirti-mesdhetar-ne-zvicer-monte-karlo-ne-liqen\/","og_site_name":"Kosova Times","article_published_time":"2026-05-01T09:51:18+00:00","article_modified_time":"2026-05-01T09:51:21+00:00","og_image":[{"width":1200,"height":802,"url":"https:\/\/kosovatimes.info\/wp-content\/uploads\/2026\/05\/Lugano.jpg","type":"image\/jpeg"}],"author":"i l","twitter_card":"summary_large_image","twitter_misc":{"Written by":"i l","Est. reading time":"2 minutes"},"schema":{"@context":"https:\/\/schema.org","@graph":[{"@type":"Article","@id":"https:\/\/kosovatimes.info\/index.php\/2026\/05\/01\/shpirti-mesdhetar-ne-zvicer-monte-karlo-ne-liqen\/#article","isPartOf":{"@id":"https:\/\/kosovatimes.info\/index.php\/2026\/05\/01\/shpirti-mesdhetar-ne-zvicer-monte-karlo-ne-liqen\/"},"author":{"name":"i l","@id":"https:\/\/kosovatimes.info\/#\/schema\/person\/7586712b9c512fe68085de007378c915"},"headline":"Shpirti mesdhetar n\u00eb Zvic\u00ebr \u2013 Monte Karlo n\u00eb liqen","datePublished":"2026-05-01T09:51:18+00:00","dateModified":"2026-05-01T09:51:21+00:00","mainEntityOfPage":{"@id":"https:\/\/kosovatimes.info\/index.php\/2026\/05\/01\/shpirti-mesdhetar-ne-zvicer-monte-karlo-ne-liqen\/"},"wordCount":478,"commentCount":0,"image":{"@id":"https:\/\/kosovatimes.info\/index.php\/2026\/05\/01\/shpirti-mesdhetar-ne-zvicer-monte-karlo-ne-liqen\/#primaryimage"},"thumbnailUrl":"https:\/\/kosovatimes.info\/wp-content\/uploads\/2026\/05\/Lugano.jpg","articleSection":["Turiz\u00ebm"],"inLanguage":"en-US","potentialAction":[{"@type":"CommentAction","name":"Comment","target":["https:\/\/kosovatimes.info\/index.php\/2026\/05\/01\/shpirti-mesdhetar-ne-zvicer-monte-karlo-ne-liqen\/#respond"]}]},{"@type":"WebPage","@id":"https:\/\/kosovatimes.info\/index.php\/2026\/05\/01\/shpirti-mesdhetar-ne-zvicer-monte-karlo-ne-liqen\/","url":"https:\/\/kosovatimes.info\/index.php\/2026\/05\/01\/shpirti-mesdhetar-ne-zvicer-monte-karlo-ne-liqen\/","name":"Shpirti mesdhetar n\u00eb Zvic\u00ebr \u2013 Monte Karlo n\u00eb liqen - Kosova Times","isPartOf":{"@id":"https:\/\/kosovatimes.info\/#website"},"primaryImageOfPage":{"@id":"https:\/\/kosovatimes.info\/index.php\/2026\/05\/01\/shpirti-mesdhetar-ne-zvicer-monte-karlo-ne-liqen\/#primaryimage"},"image":{"@id":"https:\/\/kosovatimes.info\/index.php\/2026\/05\/01\/shpirti-mesdhetar-ne-zvicer-monte-karlo-ne-liqen\/#primaryimage"},"thumbnailUrl":"https:\/\/kosovatimes.info\/wp-content\/uploads\/2026\/05\/Lugano.jpg","datePublished":"2026-05-01T09:51:18+00:00","dateModified":"2026-05-01T09:51:21+00:00","author":{"@id":"https:\/\/kosovatimes.info\/#\/schema\/person\/7586712b9c512fe68085de007378c915"},"breadcrumb":{"@id":"https:\/\/kosovatimes.info\/index.php\/2026\/05\/01\/shpirti-mesdhetar-ne-zvicer-monte-karlo-ne-liqen\/#breadcrumb"},"inLanguage":"en-US","potentialAction":[{"@type":"ReadAction","target":["https:\/\/kosovatimes.info\/index.php\/2026\/05\/01\/shpirti-mesdhetar-ne-zvicer-monte-karlo-ne-liqen\/"]}]},{"@type":"ImageObject","inLanguage":"en-US","@id":"https:\/\/kosovatimes.info\/index.php\/2026\/05\/01\/shpirti-mesdhetar-ne-zvicer-monte-karlo-ne-liqen\/#primaryimage","url":"https:\/\/kosovatimes.info\/wp-content\/uploads\/2026\/05\/Lugano.jpg","contentUrl":"https:\/\/kosovatimes.info\/wp-content\/uploads\/2026\/05\/Lugano.jpg","width":1200,"height":802},{"@type":"BreadcrumbList","@id":"https:\/\/kosovatimes.info\/index.php\/2026\/05\/01\/shpirti-mesdhetar-ne-zvicer-monte-karlo-ne-liqen\/#breadcrumb","itemListElement":[{"@type":"ListItem","position":1,"name":"Home","item":"https:\/\/kosovatimes.info\/"},{"@type":"ListItem","position":2,"name":"Shpirti mesdhetar n\u00eb Zvic\u00ebr \u2013 Monte Karlo n\u00eb liqen"}]},{"@type":"WebSite","@id":"https:\/\/kosovatimes.info\/#website","url":"https:\/\/kosovatimes.info\/","name":"Kosova Times","description":"","potentialAction":[{"@type":"SearchAction","target":{"@type":"EntryPoint","urlTemplate":"https:\/\/kosovatimes.info\/?s={search_term_string}"},"query-input":{"@type":"PropertyValueSpecification","valueRequired":true,"valueName":"search_term_string"}}],"inLanguage":"en-US"},{"@type":"Person","@id":"https:\/\/kosovatimes.info\/#\/schema\/person\/7586712b9c512fe68085de007378c915","name":"i l","image":{"@type":"ImageObject","inLanguage":"en-US","@id":"https:\/\/secure.gravatar.com\/avatar\/bad9296e02816160ae2e2435beda58222022298d5625d49fea74d18816fbb31d?s=96&d=mm&r=g","url":"https:\/\/secure.gravatar.com\/avatar\/bad9296e02816160ae2e2435beda58222022298d5625d49fea74d18816fbb31d?s=96&d=mm&r=g","contentUrl":"https:\/\/secure.gravatar.com\/avatar\/bad9296e02816160ae2e2435beda58222022298d5625d49fea74d18816fbb31d?s=96&d=mm&r=g","caption":"i l"},"url":"https:\/\/kosovatimes.info\/index.php\/author\/iliri\/"}]}},"_links":{"self":[{"href":"https:\/\/kosovatimes.info\/index.php\/wp-json\/wp\/v2\/posts\/12943","targetHints":{"allow":["GET"]}}],"collection":[{"href":"https:\/\/kosovatimes.info\/index.php\/wp-json\/wp\/v2\/posts"}],"about":[{"href":"https:\/\/kosovatimes.info\/index.php\/wp-json\/wp\/v2\/types\/post"}],"author":[{"embeddable":true,"href":"https:\/\/kosovatimes.info\/index.php\/wp-json\/wp\/v2\/users\/4"}],"replies":[{"embeddable":true,"href":"https:\/\/kosovatimes.info\/index.php\/wp-json\/wp\/v2\/comments?post=12943"}],"version-history":[{"count":1,"href":"https:\/\/kosovatimes.info\/index.php\/wp-json\/wp\/v2\/posts\/12943\/revisions"}],"predecessor-version":[{"id":12945,"href":"https:\/\/kosovatimes.info\/index.php\/wp-json\/wp\/v2\/posts\/12943\/revisions\/12945"}],"wp:featuredmedia":[{"embeddable":true,"href":"https:\/\/kosovatimes.info\/index.php\/wp-json\/wp\/v2\/media\/12944"}],"wp:attachment":[{"href":"https:\/\/kosovatimes.info\/index.php\/wp-json\/wp\/v2\/media?parent=12943"}],"wp:term":[{"taxonomy":"category","embeddable":true,"href":"https:\/\/kosovatimes.info\/index.php\/wp-json\/wp\/v2\/categories?post=12943"},{"taxonomy":"post_tag","embeddable":true,"href":"https:\/\/kosovatimes.info\/index.php\/wp-json\/wp\/v2\/tags?post=12943"}],"curies":[{"name":"wp","href":"https:\/\/api.w.org\/{rel}","templated":true}]}}