{"id":12951,"date":"2026-05-01T12:50:58","date_gmt":"2026-05-01T10:50:58","guid":{"rendered":"https:\/\/kosovatimes.info\/?p=12951"},"modified":"2026-05-01T12:51:01","modified_gmt":"2026-05-01T10:51:01","slug":"tmerr-ne-australi-vritet-nje-vajze-5-vjec-turma-e-zemeruar-rrah-te-dyshuarin-pastaj-shperthen-kaosi","status":"publish","type":"post","link":"https:\/\/kosovatimes.info\/index.php\/2026\/05\/01\/tmerr-ne-australi-vritet-nje-vajze-5-vjec-turma-e-zemeruar-rrah-te-dyshuarin-pastaj-shperthen-kaosi\/","title":{"rendered":"Tmerr n\u00eb Australi: Vritet nj\u00eb vajz\u00eb (5 vje\u00e7), turma e zem\u00ebruar rrah t\u00eb dyshuarin, pastaj shp\u00ebrthen kaosi"},"content":{"rendered":"\n<p>Qindra protestues u p\u00ebrlesh\u00ebn me punonj\u00ebsit e emergjenc\u00ebs australiane n\u00eb nj\u00eb qytet t\u00eb larg\u00ebt pas arrestimit t\u00eb nj\u00eb burri t\u00eb dyshuar p\u00ebr vrasjen e nj\u00eb vajze indigjene pes\u00ebvje\u00e7are, tha policia t\u00eb premten.Kryeministri australian, shefi i policis\u00eb rajonale dhe nj\u00eb z\u00ebdh\u00ebn\u00ebs i familjes s\u00eb viktim\u00ebs b\u00ebn\u00eb thirrje p\u00ebr qet\u00ebsi pasi nj\u00eb turm\u00eb e zem\u00ebruar prej rreth 400 banor\u00ebsh indigjen\u00eb u mblodh t\u00eb enjten n\u00eb mbr\u00ebmje jasht\u00eb spitalit ku i dyshuari u d\u00ebrgua pasi u rrah nga vendasit.<\/p>\n\n\n\n<figure class=\"wp-block-embed is-type-rich is-provider-twitter wp-block-embed-twitter\"><div class=\"wp-block-embed__wrapper\">\n<blockquote class=\"twitter-tweet\" data-width=\"550\" data-dnt=\"true\"><p lang=\"en\" dir=\"ltr\">Violence has erupted in the Australia&#39;s Alice Springs after police arrested a man accused of killing five-year-old Indigenous girl Kumanjayi Little Baby.<br><br>Furious crowds demanded \u2018payback\u2019 outside a hospital where injured 47-year-old suspect, Jefferson Lewis, was being treated. <a href=\"https:\/\/t.co\/FbwVYX70rM\">pic.twitter.com\/FbwVYX70rM<\/a><\/p>&mdash; Al Jazeera English (@AJEnglish) <a href=\"https:\/\/twitter.com\/AJEnglish\/status\/2050125847927869637?ref_src=twsrc%5Etfw\">May 1, 2026<\/a><\/blockquote><script async src=\"https:\/\/platform.twitter.com\/widgets.js\" charset=\"utf-8\"><\/script>\n<\/div><\/figure>\n\n\n\n<p>Pamjet e protest\u00ebs t\u00eb transmetuara nga transmetuesi publik ABC tregojn\u00eb an\u00ebtar\u00eb t\u00eb turm\u00ebs q\u00eb b\u00ebjn\u00eb thirrje p\u00ebr hakmarrje, nj\u00eb referenc\u00eb p\u00ebr nd\u00ebshkimin tradicional, kryesisht trupor, n\u00eb shoq\u00ebrit\u00eb aborigjene.<\/p>\n\n\n\n<p>Ata hodh\u00ebn objekte dhe ndez\u00ebn zjarre, duke plagosur shum\u00eb oficer\u00eb policie dhe punonj\u00ebs mjek\u00ebsor\u00eb dhe duke d\u00ebmtuar automjete t\u00eb policis\u00eb, zjarrfik\u00ebsve dhe ambulancave. Policia p\u00ebrdori gaz lotsjell\u00ebs p\u00ebr t\u00eb shp\u00ebrndar\u00eb protestuesit.<strong>Jefferson Lewis<\/strong>\u00a0, 47-vje\u00e7ari p\u00ebr t\u00eb cilin policia thot\u00eb se beson se e rr\u00ebmbeu dhe vrau vajz\u00ebn, shkoi n\u00eb nj\u00eb lagje n\u00eb Alice Springs, pas s\u00eb cil\u00ebs vendasit vendos\u00ebn t\u00eb merrnin drejt\u00ebsin\u00eb n\u00eb duart e tyre, tha n\u00eb nj\u00eb konferenc\u00eb p\u00ebr shtyp Komisioneri i Policis\u00eb s\u00eb Territorit Verior,\u00a0<br><strong>Martin Dole<\/strong>\u00a0.<\/p>\n\n\n\n<figure class=\"wp-block-image\"><a class=\"se__anchor image-popup-vertical-fit open-gallery--photoswipe-embed photoswipe-event\" href=\"https:\/\/media.jutarnji.hr\/images\/slike\/2026\/05\/01\/38834420.jpg\"><img decoding=\"async\" src=\"https:\/\/media.jutarnji.hr\/images\/slike\/2026\/05\/01\/38834420.jpg?1777626911\" alt=\"imazh\"\/><\/a><\/figure>\n\n\n\n<p>Jefferson Lewis<\/p>\n\n\n\n<p>Vajza u zhduk nga sht\u00ebpia e saj pran\u00eb Alice Springs t\u00eb shtun\u00ebn von\u00eb. Trupi i saj u gjet t\u00eb enjten nga nj\u00eb nga qindra njer\u00ebz q\u00eb po k\u00ebrkonin n\u00eb shkurret e dendura p\u00ebrreth qytetit.Lewis, i cili u identifikua si i dyshuar nga policia n\u00eb fillim t\u00eb jav\u00ebs, kishte nj\u00eb d\u00ebnim t\u00eb m\u00ebparsh\u00ebm p\u00ebr sulm fizik dhe u lirua s\u00eb fundmi nga burgu.Dole, duke b\u00ebr\u00eb thirrje p\u00ebr qet\u00ebsi, tha se Lewis u transferua n\u00eb Darwin, kryeqytetin e territorit federal, her\u00ebt t\u00eb premten p\u00ebr sigurin\u00eb e tij dhe ka t\u00eb ngjar\u00eb t\u00eb akuzohet n\u00eb dit\u00ebt n\u00eb vijim.Dole, duke b\u00ebr\u00eb thirrje p\u00ebr qet\u00ebsi, tha se Lewis u transferua n\u00eb Darwin, kryeqytetin e territorit federal, her\u00ebt t\u00eb premten p\u00ebr sigurin\u00eb e tij dhe ka t\u00eb ngjar\u00eb t\u00eb akuzohet n\u00eb dit\u00ebt n\u00eb vijim.<\/p>\n\n\n\n<figure class=\"wp-block-embed is-type-rich is-provider-twitter wp-block-embed-twitter\"><div class=\"wp-block-embed__wrapper\">\n<blockquote class=\"twitter-tweet\" data-width=\"550\" data-dnt=\"true\"><p lang=\"en\" dir=\"ltr\">Read the room deadshit, a criminal let out jail last week just raped &amp; murdered a 5 y.o. girl  \u201con country\u201d. She was living in squalor in a bush camp filled with alcoholics, DV perps &amp; petrol sniffers. And you\u2019re tweeting about \u201cconnection to country\u201d\ud83e\udd21\ud83e\udd37\u200d\u2642\ufe0f <a href=\"https:\/\/t.co\/HZdkRcrY3q\">pic.twitter.com\/HZdkRcrY3q<\/a><\/p>&mdash; Conservative insurrectionist (@BFacist) <a href=\"https:\/\/twitter.com\/BFacist\/status\/2050133882335605100?ref_src=twsrc%5Etfw\">May 1, 2026<\/a><\/blockquote><script async src=\"https:\/\/platform.twitter.com\/widgets.js\" charset=\"utf-8\"><\/script>\n<\/div><\/figure>\n\n\n\n<p>Kryeministri&nbsp;<strong>Anthony Albanese<\/strong>&nbsp;tha se e kuptonte &#8220;zem\u00ebrimin dhe frustrimin e popullit&#8221;, por i nxiti ata t\u00eb qet\u00ebsoheshin.&nbsp;<strong>Robin Granites<\/strong>&nbsp;, nj\u00eb plak aborigjen dhe z\u00ebdh\u00ebn\u00ebs i familjes s\u00eb viktim\u00ebs, gjithashtu b\u00ebri thirrje p\u00ebr p\u00ebrmbajtje.<\/p>\n\n\n\n<p>P\u00ebr dekada t\u00eb t\u00ebra, Australia ka luftuar p\u00ebr t&#8217;u pajtuar me popullsin\u00eb e saj indigjene, t\u00eb cil\u00ebt kan\u00eb jetuar atje p\u00ebr af\u00ebrsisht 50,000 vjet, por jan\u00eb margjinalizuar nga sundimtar\u00ebt kolonial\u00eb britanik\u00eb.<\/p>\n\n\n\n<p>Aborigjen\u00ebt p\u00ebrb\u00ebjn\u00eb rreth 3.8 p\u00ebrqind t\u00eb popullsis\u00eb s\u00eb Australis\u00eb prej rreth 27 milion\u00eb banor\u00ebsh, por ata kan\u00eb rezultate t\u00eb dob\u00ebta n\u00eb pothuajse \u00e7do tregues socioekonomik dhe kan\u00eb norma disproporcionalisht m\u00eb t\u00eb larta t\u00eb vet\u00ebvrasjeve dhe burgosjeve.<\/p>\n","protected":false},"excerpt":{"rendered":"<p>Qindra protestues u p\u00ebrlesh\u00ebn me punonj\u00ebsit e emergjenc\u00ebs australiane n\u00eb nj\u00eb qytet t\u00eb larg\u00ebt pas arrestimit t\u00eb nj\u00eb burri t\u00eb dyshuar p\u00ebr vrasjen e nj\u00eb vajze indigjene pes\u00ebvje\u00e7are, tha policia t\u00eb premten.Kryeministri australian, shefi i policis\u00eb rajonale dhe nj\u00eb z\u00ebdh\u00ebn\u00ebs i familjes s\u00eb viktim\u00ebs b\u00ebn\u00eb thirrje p\u00ebr qet\u00ebsi pasi nj\u00eb turm\u00eb e zem\u00ebruar prej rreth [&hellip;]<\/p>\n","protected":false},"author":4,"featured_media":12952,"comment_status":"open","ping_status":"open","sticky":false,"template":"","format":"standard","meta":{"footnotes":""},"categories":[33,30],"tags":[],"class_list":{"0":"post-12951","1":"post","2":"type-post","3":"status-publish","4":"format-standard","5":"has-post-thumbnail","7":"category-bote","8":"category-lajme"},"yoast_head":"<!-- This site is optimized with the Yoast SEO plugin v27.4 - https:\/\/yoast.com\/product\/yoast-seo-wordpress\/ -->\n<title>Tmerr n\u00eb Australi: Vritet nj\u00eb vajz\u00eb (5 vje\u00e7), turma e zem\u00ebruar rrah t\u00eb dyshuarin, pastaj shp\u00ebrthen kaosi - Kosova Times<\/title>\n<meta name=\"robots\" content=\"index, follow, max-snippet:-1, max-image-preview:large, max-video-preview:-1\" \/>\n<link rel=\"canonical\" href=\"https:\/\/kosovatimes.info\/index.php\/2026\/05\/01\/tmerr-ne-australi-vritet-nje-vajze-5-vjec-turma-e-zemeruar-rrah-te-dyshuarin-pastaj-shperthen-kaosi\/\" \/>\n<meta property=\"og:locale\" content=\"en_US\" \/>\n<meta property=\"og:type\" content=\"article\" \/>\n<meta property=\"og:title\" content=\"Tmerr n\u00eb Australi: Vritet nj\u00eb vajz\u00eb (5 vje\u00e7), turma e zem\u00ebruar rrah t\u00eb dyshuarin, pastaj shp\u00ebrthen kaosi - Kosova Times\" \/>\n<meta property=\"og:description\" content=\"Qindra protestues u p\u00ebrlesh\u00ebn me punonj\u00ebsit e emergjenc\u00ebs australiane n\u00eb nj\u00eb qytet t\u00eb larg\u00ebt pas arrestimit t\u00eb nj\u00eb burri t\u00eb dyshuar p\u00ebr vrasjen e nj\u00eb vajze indigjene pes\u00ebvje\u00e7are, tha policia t\u00eb premten.Kryeministri australian, shefi i policis\u00eb rajonale dhe nj\u00eb z\u00ebdh\u00ebn\u00ebs i familjes s\u00eb viktim\u00ebs b\u00ebn\u00eb thirrje p\u00ebr qet\u00ebsi pasi nj\u00eb turm\u00eb e zem\u00ebruar prej rreth [&hellip;]\" \/>\n<meta property=\"og:url\" content=\"https:\/\/kosovatimes.info\/index.php\/2026\/05\/01\/tmerr-ne-australi-vritet-nje-vajze-5-vjec-turma-e-zemeruar-rrah-te-dyshuarin-pastaj-shperthen-kaosi\/\" \/>\n<meta property=\"og:site_name\" content=\"Kosova Times\" \/>\n<meta property=\"article:published_time\" content=\"2026-05-01T10:50:58+00:00\" \/>\n<meta property=\"article:modified_time\" content=\"2026-05-01T10:51:01+00:00\" \/>\n<meta property=\"og:image\" content=\"https:\/\/kosovatimes.info\/wp-content\/uploads\/2026\/05\/australi.jpg\" \/>\n\t<meta property=\"og:image:width\" content=\"1280\" \/>\n\t<meta property=\"og:image:height\" content=\"1510\" \/>\n\t<meta property=\"og:image:type\" content=\"image\/jpeg\" \/>\n<meta name=\"author\" content=\"i l\" \/>\n<meta name=\"twitter:card\" content=\"summary_large_image\" \/>\n<meta name=\"twitter:label1\" content=\"Written by\" \/>\n\t<meta name=\"twitter:data1\" content=\"i l\" \/>\n\t<meta name=\"twitter:label2\" content=\"Est. reading time\" \/>\n\t<meta name=\"twitter:data2\" content=\"3 minutes\" \/>\n<script type=\"application\/ld+json\" class=\"yoast-schema-graph\">{\"@context\":\"https:\\\/\\\/schema.org\",\"@graph\":[{\"@type\":\"Article\",\"@id\":\"https:\\\/\\\/kosovatimes.info\\\/index.php\\\/2026\\\/05\\\/01\\\/tmerr-ne-australi-vritet-nje-vajze-5-vjec-turma-e-zemeruar-rrah-te-dyshuarin-pastaj-shperthen-kaosi\\\/#article\",\"isPartOf\":{\"@id\":\"https:\\\/\\\/kosovatimes.info\\\/index.php\\\/2026\\\/05\\\/01\\\/tmerr-ne-australi-vritet-nje-vajze-5-vjec-turma-e-zemeruar-rrah-te-dyshuarin-pastaj-shperthen-kaosi\\\/\"},\"author\":{\"name\":\"i l\",\"@id\":\"https:\\\/\\\/kosovatimes.info\\\/#\\\/schema\\\/person\\\/7586712b9c512fe68085de007378c915\"},\"headline\":\"Tmerr n\u00eb Australi: Vritet nj\u00eb vajz\u00eb (5 vje\u00e7), turma e zem\u00ebruar rrah t\u00eb dyshuarin, pastaj shp\u00ebrthen kaosi\",\"datePublished\":\"2026-05-01T10:50:58+00:00\",\"dateModified\":\"2026-05-01T10:51:01+00:00\",\"mainEntityOfPage\":{\"@id\":\"https:\\\/\\\/kosovatimes.info\\\/index.php\\\/2026\\\/05\\\/01\\\/tmerr-ne-australi-vritet-nje-vajze-5-vjec-turma-e-zemeruar-rrah-te-dyshuarin-pastaj-shperthen-kaosi\\\/\"},\"wordCount\":604,\"commentCount\":0,\"image\":{\"@id\":\"https:\\\/\\\/kosovatimes.info\\\/index.php\\\/2026\\\/05\\\/01\\\/tmerr-ne-australi-vritet-nje-vajze-5-vjec-turma-e-zemeruar-rrah-te-dyshuarin-pastaj-shperthen-kaosi\\\/#primaryimage\"},\"thumbnailUrl\":\"https:\\\/\\\/kosovatimes.info\\\/wp-content\\\/uploads\\\/2026\\\/05\\\/australi.jpg\",\"articleSection\":[\"Bot\u00eb\",\"Lajme\"],\"inLanguage\":\"en-US\",\"potentialAction\":[{\"@type\":\"CommentAction\",\"name\":\"Comment\",\"target\":[\"https:\\\/\\\/kosovatimes.info\\\/index.php\\\/2026\\\/05\\\/01\\\/tmerr-ne-australi-vritet-nje-vajze-5-vjec-turma-e-zemeruar-rrah-te-dyshuarin-pastaj-shperthen-kaosi\\\/#respond\"]}]},{\"@type\":\"WebPage\",\"@id\":\"https:\\\/\\\/kosovatimes.info\\\/index.php\\\/2026\\\/05\\\/01\\\/tmerr-ne-australi-vritet-nje-vajze-5-vjec-turma-e-zemeruar-rrah-te-dyshuarin-pastaj-shperthen-kaosi\\\/\",\"url\":\"https:\\\/\\\/kosovatimes.info\\\/index.php\\\/2026\\\/05\\\/01\\\/tmerr-ne-australi-vritet-nje-vajze-5-vjec-turma-e-zemeruar-rrah-te-dyshuarin-pastaj-shperthen-kaosi\\\/\",\"name\":\"Tmerr n\u00eb Australi: Vritet nj\u00eb vajz\u00eb (5 vje\u00e7), turma e zem\u00ebruar rrah t\u00eb dyshuarin, pastaj shp\u00ebrthen kaosi - Kosova Times\",\"isPartOf\":{\"@id\":\"https:\\\/\\\/kosovatimes.info\\\/#website\"},\"primaryImageOfPage\":{\"@id\":\"https:\\\/\\\/kosovatimes.info\\\/index.php\\\/2026\\\/05\\\/01\\\/tmerr-ne-australi-vritet-nje-vajze-5-vjec-turma-e-zemeruar-rrah-te-dyshuarin-pastaj-shperthen-kaosi\\\/#primaryimage\"},\"image\":{\"@id\":\"https:\\\/\\\/kosovatimes.info\\\/index.php\\\/2026\\\/05\\\/01\\\/tmerr-ne-australi-vritet-nje-vajze-5-vjec-turma-e-zemeruar-rrah-te-dyshuarin-pastaj-shperthen-kaosi\\\/#primaryimage\"},\"thumbnailUrl\":\"https:\\\/\\\/kosovatimes.info\\\/wp-content\\\/uploads\\\/2026\\\/05\\\/australi.jpg\",\"datePublished\":\"2026-05-01T10:50:58+00:00\",\"dateModified\":\"2026-05-01T10:51:01+00:00\",\"author\":{\"@id\":\"https:\\\/\\\/kosovatimes.info\\\/#\\\/schema\\\/person\\\/7586712b9c512fe68085de007378c915\"},\"breadcrumb\":{\"@id\":\"https:\\\/\\\/kosovatimes.info\\\/index.php\\\/2026\\\/05\\\/01\\\/tmerr-ne-australi-vritet-nje-vajze-5-vjec-turma-e-zemeruar-rrah-te-dyshuarin-pastaj-shperthen-kaosi\\\/#breadcrumb\"},\"inLanguage\":\"en-US\",\"potentialAction\":[{\"@type\":\"ReadAction\",\"target\":[\"https:\\\/\\\/kosovatimes.info\\\/index.php\\\/2026\\\/05\\\/01\\\/tmerr-ne-australi-vritet-nje-vajze-5-vjec-turma-e-zemeruar-rrah-te-dyshuarin-pastaj-shperthen-kaosi\\\/\"]}]},{\"@type\":\"ImageObject\",\"inLanguage\":\"en-US\",\"@id\":\"https:\\\/\\\/kosovatimes.info\\\/index.php\\\/2026\\\/05\\\/01\\\/tmerr-ne-australi-vritet-nje-vajze-5-vjec-turma-e-zemeruar-rrah-te-dyshuarin-pastaj-shperthen-kaosi\\\/#primaryimage\",\"url\":\"https:\\\/\\\/kosovatimes.info\\\/wp-content\\\/uploads\\\/2026\\\/05\\\/australi.jpg\",\"contentUrl\":\"https:\\\/\\\/kosovatimes.info\\\/wp-content\\\/uploads\\\/2026\\\/05\\\/australi.jpg\",\"width\":1280,\"height\":1510},{\"@type\":\"BreadcrumbList\",\"@id\":\"https:\\\/\\\/kosovatimes.info\\\/index.php\\\/2026\\\/05\\\/01\\\/tmerr-ne-australi-vritet-nje-vajze-5-vjec-turma-e-zemeruar-rrah-te-dyshuarin-pastaj-shperthen-kaosi\\\/#breadcrumb\",\"itemListElement\":[{\"@type\":\"ListItem\",\"position\":1,\"name\":\"Home\",\"item\":\"https:\\\/\\\/kosovatimes.info\\\/\"},{\"@type\":\"ListItem\",\"position\":2,\"name\":\"Tmerr n\u00eb Australi: Vritet nj\u00eb vajz\u00eb (5 vje\u00e7), turma e zem\u00ebruar rrah t\u00eb dyshuarin, pastaj shp\u00ebrthen kaosi\"}]},{\"@type\":\"WebSite\",\"@id\":\"https:\\\/\\\/kosovatimes.info\\\/#website\",\"url\":\"https:\\\/\\\/kosovatimes.info\\\/\",\"name\":\"Kosova Times\",\"description\":\"\",\"potentialAction\":[{\"@type\":\"SearchAction\",\"target\":{\"@type\":\"EntryPoint\",\"urlTemplate\":\"https:\\\/\\\/kosovatimes.info\\\/?s={search_term_string}\"},\"query-input\":{\"@type\":\"PropertyValueSpecification\",\"valueRequired\":true,\"valueName\":\"search_term_string\"}}],\"inLanguage\":\"en-US\"},{\"@type\":\"Person\",\"@id\":\"https:\\\/\\\/kosovatimes.info\\\/#\\\/schema\\\/person\\\/7586712b9c512fe68085de007378c915\",\"name\":\"i l\",\"image\":{\"@type\":\"ImageObject\",\"inLanguage\":\"en-US\",\"@id\":\"https:\\\/\\\/secure.gravatar.com\\\/avatar\\\/bad9296e02816160ae2e2435beda58222022298d5625d49fea74d18816fbb31d?s=96&d=mm&r=g\",\"url\":\"https:\\\/\\\/secure.gravatar.com\\\/avatar\\\/bad9296e02816160ae2e2435beda58222022298d5625d49fea74d18816fbb31d?s=96&d=mm&r=g\",\"contentUrl\":\"https:\\\/\\\/secure.gravatar.com\\\/avatar\\\/bad9296e02816160ae2e2435beda58222022298d5625d49fea74d18816fbb31d?s=96&d=mm&r=g\",\"caption\":\"i l\"},\"url\":\"https:\\\/\\\/kosovatimes.info\\\/index.php\\\/author\\\/iliri\\\/\"}]}<\/script>\n<!-- \/ Yoast SEO plugin. -->","yoast_head_json":{"title":"Tmerr n\u00eb Australi: Vritet nj\u00eb vajz\u00eb (5 vje\u00e7), turma e zem\u00ebruar rrah t\u00eb dyshuarin, pastaj shp\u00ebrthen kaosi - Kosova Times","robots":{"index":"index","follow":"follow","max-snippet":"max-snippet:-1","max-image-preview":"max-image-preview:large","max-video-preview":"max-video-preview:-1"},"canonical":"https:\/\/kosovatimes.info\/index.php\/2026\/05\/01\/tmerr-ne-australi-vritet-nje-vajze-5-vjec-turma-e-zemeruar-rrah-te-dyshuarin-pastaj-shperthen-kaosi\/","og_locale":"en_US","og_type":"article","og_title":"Tmerr n\u00eb Australi: Vritet nj\u00eb vajz\u00eb (5 vje\u00e7), turma e zem\u00ebruar rrah t\u00eb dyshuarin, pastaj shp\u00ebrthen kaosi - Kosova Times","og_description":"Qindra protestues u p\u00ebrlesh\u00ebn me punonj\u00ebsit e emergjenc\u00ebs australiane n\u00eb nj\u00eb qytet t\u00eb larg\u00ebt pas arrestimit t\u00eb nj\u00eb burri t\u00eb dyshuar p\u00ebr vrasjen e nj\u00eb vajze indigjene pes\u00ebvje\u00e7are, tha policia t\u00eb premten.Kryeministri australian, shefi i policis\u00eb rajonale dhe nj\u00eb z\u00ebdh\u00ebn\u00ebs i familjes s\u00eb viktim\u00ebs b\u00ebn\u00eb thirrje p\u00ebr qet\u00ebsi pasi nj\u00eb turm\u00eb e zem\u00ebruar prej rreth [&hellip;]","og_url":"https:\/\/kosovatimes.info\/index.php\/2026\/05\/01\/tmerr-ne-australi-vritet-nje-vajze-5-vjec-turma-e-zemeruar-rrah-te-dyshuarin-pastaj-shperthen-kaosi\/","og_site_name":"Kosova Times","article_published_time":"2026-05-01T10:50:58+00:00","article_modified_time":"2026-05-01T10:51:01+00:00","og_image":[{"width":1280,"height":1510,"url":"https:\/\/kosovatimes.info\/wp-content\/uploads\/2026\/05\/australi.jpg","type":"image\/jpeg"}],"author":"i l","twitter_card":"summary_large_image","twitter_misc":{"Written by":"i l","Est. reading time":"3 minutes"},"schema":{"@context":"https:\/\/schema.org","@graph":[{"@type":"Article","@id":"https:\/\/kosovatimes.info\/index.php\/2026\/05\/01\/tmerr-ne-australi-vritet-nje-vajze-5-vjec-turma-e-zemeruar-rrah-te-dyshuarin-pastaj-shperthen-kaosi\/#article","isPartOf":{"@id":"https:\/\/kosovatimes.info\/index.php\/2026\/05\/01\/tmerr-ne-australi-vritet-nje-vajze-5-vjec-turma-e-zemeruar-rrah-te-dyshuarin-pastaj-shperthen-kaosi\/"},"author":{"name":"i l","@id":"https:\/\/kosovatimes.info\/#\/schema\/person\/7586712b9c512fe68085de007378c915"},"headline":"Tmerr n\u00eb Australi: Vritet nj\u00eb vajz\u00eb (5 vje\u00e7), turma e zem\u00ebruar rrah t\u00eb dyshuarin, pastaj shp\u00ebrthen kaosi","datePublished":"2026-05-01T10:50:58+00:00","dateModified":"2026-05-01T10:51:01+00:00","mainEntityOfPage":{"@id":"https:\/\/kosovatimes.info\/index.php\/2026\/05\/01\/tmerr-ne-australi-vritet-nje-vajze-5-vjec-turma-e-zemeruar-rrah-te-dyshuarin-pastaj-shperthen-kaosi\/"},"wordCount":604,"commentCount":0,"image":{"@id":"https:\/\/kosovatimes.info\/index.php\/2026\/05\/01\/tmerr-ne-australi-vritet-nje-vajze-5-vjec-turma-e-zemeruar-rrah-te-dyshuarin-pastaj-shperthen-kaosi\/#primaryimage"},"thumbnailUrl":"https:\/\/kosovatimes.info\/wp-content\/uploads\/2026\/05\/australi.jpg","articleSection":["Bot\u00eb","Lajme"],"inLanguage":"en-US","potentialAction":[{"@type":"CommentAction","name":"Comment","target":["https:\/\/kosovatimes.info\/index.php\/2026\/05\/01\/tmerr-ne-australi-vritet-nje-vajze-5-vjec-turma-e-zemeruar-rrah-te-dyshuarin-pastaj-shperthen-kaosi\/#respond"]}]},{"@type":"WebPage","@id":"https:\/\/kosovatimes.info\/index.php\/2026\/05\/01\/tmerr-ne-australi-vritet-nje-vajze-5-vjec-turma-e-zemeruar-rrah-te-dyshuarin-pastaj-shperthen-kaosi\/","url":"https:\/\/kosovatimes.info\/index.php\/2026\/05\/01\/tmerr-ne-australi-vritet-nje-vajze-5-vjec-turma-e-zemeruar-rrah-te-dyshuarin-pastaj-shperthen-kaosi\/","name":"Tmerr n\u00eb Australi: Vritet nj\u00eb vajz\u00eb (5 vje\u00e7), turma e zem\u00ebruar rrah t\u00eb dyshuarin, pastaj shp\u00ebrthen kaosi - Kosova Times","isPartOf":{"@id":"https:\/\/kosovatimes.info\/#website"},"primaryImageOfPage":{"@id":"https:\/\/kosovatimes.info\/index.php\/2026\/05\/01\/tmerr-ne-australi-vritet-nje-vajze-5-vjec-turma-e-zemeruar-rrah-te-dyshuarin-pastaj-shperthen-kaosi\/#primaryimage"},"image":{"@id":"https:\/\/kosovatimes.info\/index.php\/2026\/05\/01\/tmerr-ne-australi-vritet-nje-vajze-5-vjec-turma-e-zemeruar-rrah-te-dyshuarin-pastaj-shperthen-kaosi\/#primaryimage"},"thumbnailUrl":"https:\/\/kosovatimes.info\/wp-content\/uploads\/2026\/05\/australi.jpg","datePublished":"2026-05-01T10:50:58+00:00","dateModified":"2026-05-01T10:51:01+00:00","author":{"@id":"https:\/\/kosovatimes.info\/#\/schema\/person\/7586712b9c512fe68085de007378c915"},"breadcrumb":{"@id":"https:\/\/kosovatimes.info\/index.php\/2026\/05\/01\/tmerr-ne-australi-vritet-nje-vajze-5-vjec-turma-e-zemeruar-rrah-te-dyshuarin-pastaj-shperthen-kaosi\/#breadcrumb"},"inLanguage":"en-US","potentialAction":[{"@type":"ReadAction","target":["https:\/\/kosovatimes.info\/index.php\/2026\/05\/01\/tmerr-ne-australi-vritet-nje-vajze-5-vjec-turma-e-zemeruar-rrah-te-dyshuarin-pastaj-shperthen-kaosi\/"]}]},{"@type":"ImageObject","inLanguage":"en-US","@id":"https:\/\/kosovatimes.info\/index.php\/2026\/05\/01\/tmerr-ne-australi-vritet-nje-vajze-5-vjec-turma-e-zemeruar-rrah-te-dyshuarin-pastaj-shperthen-kaosi\/#primaryimage","url":"https:\/\/kosovatimes.info\/wp-content\/uploads\/2026\/05\/australi.jpg","contentUrl":"https:\/\/kosovatimes.info\/wp-content\/uploads\/2026\/05\/australi.jpg","width":1280,"height":1510},{"@type":"BreadcrumbList","@id":"https:\/\/kosovatimes.info\/index.php\/2026\/05\/01\/tmerr-ne-australi-vritet-nje-vajze-5-vjec-turma-e-zemeruar-rrah-te-dyshuarin-pastaj-shperthen-kaosi\/#breadcrumb","itemListElement":[{"@type":"ListItem","position":1,"name":"Home","item":"https:\/\/kosovatimes.info\/"},{"@type":"ListItem","position":2,"name":"Tmerr n\u00eb Australi: Vritet nj\u00eb vajz\u00eb (5 vje\u00e7), turma e zem\u00ebruar rrah t\u00eb dyshuarin, pastaj shp\u00ebrthen kaosi"}]},{"@type":"WebSite","@id":"https:\/\/kosovatimes.info\/#website","url":"https:\/\/kosovatimes.info\/","name":"Kosova Times","description":"","potentialAction":[{"@type":"SearchAction","target":{"@type":"EntryPoint","urlTemplate":"https:\/\/kosovatimes.info\/?s={search_term_string}"},"query-input":{"@type":"PropertyValueSpecification","valueRequired":true,"valueName":"search_term_string"}}],"inLanguage":"en-US"},{"@type":"Person","@id":"https:\/\/kosovatimes.info\/#\/schema\/person\/7586712b9c512fe68085de007378c915","name":"i l","image":{"@type":"ImageObject","inLanguage":"en-US","@id":"https:\/\/secure.gravatar.com\/avatar\/bad9296e02816160ae2e2435beda58222022298d5625d49fea74d18816fbb31d?s=96&d=mm&r=g","url":"https:\/\/secure.gravatar.com\/avatar\/bad9296e02816160ae2e2435beda58222022298d5625d49fea74d18816fbb31d?s=96&d=mm&r=g","contentUrl":"https:\/\/secure.gravatar.com\/avatar\/bad9296e02816160ae2e2435beda58222022298d5625d49fea74d18816fbb31d?s=96&d=mm&r=g","caption":"i l"},"url":"https:\/\/kosovatimes.info\/index.php\/author\/iliri\/"}]}},"_links":{"self":[{"href":"https:\/\/kosovatimes.info\/index.php\/wp-json\/wp\/v2\/posts\/12951","targetHints":{"allow":["GET"]}}],"collection":[{"href":"https:\/\/kosovatimes.info\/index.php\/wp-json\/wp\/v2\/posts"}],"about":[{"href":"https:\/\/kosovatimes.info\/index.php\/wp-json\/wp\/v2\/types\/post"}],"author":[{"embeddable":true,"href":"https:\/\/kosovatimes.info\/index.php\/wp-json\/wp\/v2\/users\/4"}],"replies":[{"embeddable":true,"href":"https:\/\/kosovatimes.info\/index.php\/wp-json\/wp\/v2\/comments?post=12951"}],"version-history":[{"count":1,"href":"https:\/\/kosovatimes.info\/index.php\/wp-json\/wp\/v2\/posts\/12951\/revisions"}],"predecessor-version":[{"id":12953,"href":"https:\/\/kosovatimes.info\/index.php\/wp-json\/wp\/v2\/posts\/12951\/revisions\/12953"}],"wp:featuredmedia":[{"embeddable":true,"href":"https:\/\/kosovatimes.info\/index.php\/wp-json\/wp\/v2\/media\/12952"}],"wp:attachment":[{"href":"https:\/\/kosovatimes.info\/index.php\/wp-json\/wp\/v2\/media?parent=12951"}],"wp:term":[{"taxonomy":"category","embeddable":true,"href":"https:\/\/kosovatimes.info\/index.php\/wp-json\/wp\/v2\/categories?post=12951"},{"taxonomy":"post_tag","embeddable":true,"href":"https:\/\/kosovatimes.info\/index.php\/wp-json\/wp\/v2\/tags?post=12951"}],"curies":[{"name":"wp","href":"https:\/\/api.w.org\/{rel}","templated":true}]}}