{"id":12976,"date":"2026-05-01T12:40:00","date_gmt":"2026-05-01T10:40:00","guid":{"rendered":"https:\/\/kosovatimes.info\/?p=12976"},"modified":"2026-05-01T13:31:25","modified_gmt":"2026-05-01T11:31:25","slug":"punetoret-ndertojne-kosoven-qe-siu-takon-bllokohet-rruga-te-katedralja","status":"publish","type":"post","link":"https:\/\/kosovatimes.info\/index.php\/2026\/05\/01\/punetoret-ndertojne-kosoven-qe-siu-takon-bllokohet-rruga-te-katedralja\/","title":{"rendered":"Pun\u00ebtor\u00ebt nd\u00ebrtojn\u00eb Kosov\u00ebn q\u00eb s\u2019iu takon\u2019, bllokohet rruga te Katedralja"},"content":{"rendered":"\n<p><a target=\"_blank\" href=\"https:\/\/www.linkedin.com\/shareArticle?mini=true&amp;url=https%3A%2F%2Fwww.rtklive.com%2Fsq%2Fnews-single.php%3FID%3D723622\" rel=\"noreferrer noopener\"><\/a><\/p>\n\n\n\n<h2 class=\"wp-block-heading\"><strong>Kolektivi p\u00ebr Mendim dhe Veprim Feminist n\u00eb shenj\u00eb proteste p\u00ebr Dit\u00ebn Nd\u00ebrkomb\u00ebtare t\u00eb Pun\u00ebtor\u00ebve, e kan\u00eb bllokuar rrug\u00ebn te Katedralja n\u00eb Prishtin\u00eb, me mbishkrimin \u201cPun\u00ebtor\u00ebt\/et e nd\u00ebrtojn\u00eb Kosov\u00ebn q\u00eb s\u2019iu takon\u201d.<\/strong><\/h2>\n\n\n\n<p>&nbsp;N\u00eb reagimin e tyre n\u00eb facebook thuhet se klasa pun\u00ebtore nd\u00ebrton shtetin q\u00eb iu takon kapitalist\u00ebve n\u00eb publik e privat.<br><br>\u201cPun\u00ebtorja e pun\u00ebtori sot p\u00ebrballet me jet\u00eb q\u00eb po b\u00ebhet \u00e7do her\u00eb e m\u00eb e pajetueshme, duke kryer pun\u00eb t\u00eb shum\u00ebfishta, pa siguri sociale, me \u00e7mime t\u00eb pap\u00ebrballueshme, shp\u00ebrfillje shtet\u00ebrore e shfryt\u00ebzim privato-publik. Grat\u00eb amvise q\u00eb e kryejn\u00eb pun\u00ebn ky\u00e7e q\u00eb e mund\u00ebson shfryt\u00ebzimin kapitalist mbesin t\u00eb st\u00ebrlodhura e pa t\u00eb ardhura baz\u00eb, pensionistet\/\u00ebt marrin l\u00ebmosha q\u00eb as barnat nuk ua mbulojn\u00eb, pun\u00ebtor\u00ebt\/et n\u00eb sektorin privat keqpaguhen, keqtrajtohen e edhe vriten n\u00eb vendin e pun\u00ebs, personat e etnive t\u00eb racializuara keqtrajtohen e p\u00ebrjashtohen, grat\u00eb pun\u00ebtore abuzohen seksualisht, shtypen shum\u00ebfish, personat queer shpesh p\u00ebrjashtohen komplet prej tregut, personat neurodivergjent\u00eb e me aft\u00ebsi t\u00eb kufizuara ose keqp\u00ebrdoren, ose shnd\u00ebrrohen n\u00eb kart\u00eb t\u00eb marketingut korporativ q\u00eb i shfryt\u00ebzon kapitali p\u00ebr fitim. Pra, shumica d\u00ebrrmuese, jetojm\u00eb dhe punojm\u00eb n\u00eb kushte q\u00eb na t\u00ebhuaj\u00ebsojn\u00eb nga qen\u00ebsia, puna dhe komuniteti jon\u00eb\u201d, thuhet n\u00eb reagimin e tyre.<\/p>\n\n\n\n<p>M\u00eb tej Kolektivi thot\u00eb se klasa pun\u00ebtore \u00ebsht\u00eb e st\u00ebrlodhur nga \u201csubjekte t\u00eb tentativave depolitizuese q\u00eb vijn\u00eb prej lart dhe q\u00eb duan t\u00eb na mbajn\u00eb t\u00eb hutuar, t\u00eb rraskapitur, t\u00eb varf\u00ebr dhe t\u00eb pashpres\u00eb\u201d.<\/p>\n\n\n\n<p>\u201cSot, ne e kemi suspenduar protest\u00ebn si grumbullim simbolik si pik\u00eb reflektimi p\u00ebr t\u00eb instituar ta kthejm\u00eb materialen dhe potencialin ndryshues t\u00eb protest\u00ebs, si rezistenc\u00eb e jona ndaj tentativave p\u00ebr depolitizim t\u00eb protest\u00ebs dhe shnd\u00ebrrimit t\u00eb saj n\u00eb sh\u00ebtitje simbolike q\u00eb m\u00eb s\u00eb shumti alienon pun\u00ebtoren\/in q\u00eb \u00ebsht\u00eb n\u00eb qoshe t\u00eb sistemit. K\u00ebt\u00eb 1 Maj kumtojm\u00eb q\u00eb \u00ebsht\u00eb koha q\u00eb protesta t\u00eb paraqes prap\u00eb rrezik p\u00ebr pushtetin. P\u00ebr ta b\u00ebr\u00eb k\u00ebt\u00eb, na duhet t\u00eb besojm\u00eb te ndryshimi dhe forca e organizimit ton\u00eb si klas\u00eb pun\u00ebtore t\u00eb t\u00eb gjitha sektoreve\u201d, vazhdon reagimi.<\/p>\n","protected":false},"excerpt":{"rendered":"<p>Kolektivi p\u00ebr Mendim dhe Veprim Feminist n\u00eb shenj\u00eb proteste p\u00ebr Dit\u00ebn Nd\u00ebrkomb\u00ebtare t\u00eb Pun\u00ebtor\u00ebve, e kan\u00eb bllokuar rrug\u00ebn te Katedralja n\u00eb Prishtin\u00eb, me mbishkrimin \u201cPun\u00ebtor\u00ebt\/et e nd\u00ebrtojn\u00eb Kosov\u00ebn q\u00eb s\u2019iu takon\u201d. &nbsp;N\u00eb reagimin e tyre n\u00eb facebook thuhet se klasa pun\u00ebtore nd\u00ebrton shtetin q\u00eb iu takon kapitalist\u00ebve n\u00eb publik e privat. \u201cPun\u00ebtorja e pun\u00ebtori sot [&hellip;]<\/p>\n","protected":false},"author":4,"featured_media":12977,"comment_status":"open","ping_status":"open","sticky":false,"template":"","format":"standard","meta":{"footnotes":""},"categories":[31,30],"tags":[],"class_list":{"0":"post-12976","1":"post","2":"type-post","3":"status-publish","4":"format-standard","5":"has-post-thumbnail","7":"category-kosove","8":"category-lajme"},"yoast_head":"<!-- This site is optimized with the Yoast SEO plugin v27.4 - https:\/\/yoast.com\/product\/yoast-seo-wordpress\/ -->\n<title>Pun\u00ebtor\u00ebt nd\u00ebrtojn\u00eb Kosov\u00ebn q\u00eb s\u2019iu takon\u2019, bllokohet rruga te Katedralja - Kosova Times<\/title>\n<meta name=\"robots\" content=\"index, follow, max-snippet:-1, max-image-preview:large, max-video-preview:-1\" \/>\n<link rel=\"canonical\" href=\"https:\/\/kosovatimes.info\/index.php\/2026\/05\/01\/punetoret-ndertojne-kosoven-qe-siu-takon-bllokohet-rruga-te-katedralja\/\" \/>\n<meta property=\"og:locale\" content=\"en_US\" \/>\n<meta property=\"og:type\" content=\"article\" \/>\n<meta property=\"og:title\" content=\"Pun\u00ebtor\u00ebt nd\u00ebrtojn\u00eb Kosov\u00ebn q\u00eb s\u2019iu takon\u2019, bllokohet rruga te Katedralja - Kosova Times\" \/>\n<meta property=\"og:description\" content=\"Kolektivi p\u00ebr Mendim dhe Veprim Feminist n\u00eb shenj\u00eb proteste p\u00ebr Dit\u00ebn Nd\u00ebrkomb\u00ebtare t\u00eb Pun\u00ebtor\u00ebve, e kan\u00eb bllokuar rrug\u00ebn te Katedralja n\u00eb Prishtin\u00eb, me mbishkrimin \u201cPun\u00ebtor\u00ebt\/et e nd\u00ebrtojn\u00eb Kosov\u00ebn q\u00eb s\u2019iu takon\u201d. &nbsp;N\u00eb reagimin e tyre n\u00eb facebook thuhet se klasa pun\u00ebtore nd\u00ebrton shtetin q\u00eb iu takon kapitalist\u00ebve n\u00eb publik e privat. \u201cPun\u00ebtorja e pun\u00ebtori sot [&hellip;]\" \/>\n<meta property=\"og:url\" content=\"https:\/\/kosovatimes.info\/index.php\/2026\/05\/01\/punetoret-ndertojne-kosoven-qe-siu-takon-bllokohet-rruga-te-katedralja\/\" \/>\n<meta property=\"og:site_name\" content=\"Kosova Times\" \/>\n<meta property=\"article:published_time\" content=\"2026-05-01T10:40:00+00:00\" \/>\n<meta property=\"article:modified_time\" content=\"2026-05-01T11:31:25+00:00\" \/>\n<meta property=\"og:image\" content=\"https:\/\/kosovatimes.info\/wp-content\/uploads\/2026\/05\/Punetoret.jpg\" \/>\n\t<meta property=\"og:image:width\" content=\"780\" \/>\n\t<meta property=\"og:image:height\" content=\"500\" \/>\n\t<meta property=\"og:image:type\" content=\"image\/jpeg\" \/>\n<meta name=\"author\" content=\"i l\" \/>\n<meta name=\"twitter:card\" content=\"summary_large_image\" \/>\n<meta name=\"twitter:label1\" content=\"Written by\" \/>\n\t<meta name=\"twitter:data1\" content=\"i l\" \/>\n\t<meta name=\"twitter:label2\" content=\"Est. reading time\" \/>\n\t<meta name=\"twitter:data2\" content=\"2 minutes\" \/>\n<script type=\"application\/ld+json\" class=\"yoast-schema-graph\">{\"@context\":\"https:\\\/\\\/schema.org\",\"@graph\":[{\"@type\":\"Article\",\"@id\":\"https:\\\/\\\/kosovatimes.info\\\/index.php\\\/2026\\\/05\\\/01\\\/punetoret-ndertojne-kosoven-qe-siu-takon-bllokohet-rruga-te-katedralja\\\/#article\",\"isPartOf\":{\"@id\":\"https:\\\/\\\/kosovatimes.info\\\/index.php\\\/2026\\\/05\\\/01\\\/punetoret-ndertojne-kosoven-qe-siu-takon-bllokohet-rruga-te-katedralja\\\/\"},\"author\":{\"name\":\"i l\",\"@id\":\"https:\\\/\\\/kosovatimes.info\\\/#\\\/schema\\\/person\\\/7586712b9c512fe68085de007378c915\"},\"headline\":\"Pun\u00ebtor\u00ebt nd\u00ebrtojn\u00eb Kosov\u00ebn q\u00eb s\u2019iu takon\u2019, bllokohet rruga te Katedralja\",\"datePublished\":\"2026-05-01T10:40:00+00:00\",\"dateModified\":\"2026-05-01T11:31:25+00:00\",\"mainEntityOfPage\":{\"@id\":\"https:\\\/\\\/kosovatimes.info\\\/index.php\\\/2026\\\/05\\\/01\\\/punetoret-ndertojne-kosoven-qe-siu-takon-bllokohet-rruga-te-katedralja\\\/\"},\"wordCount\":399,\"commentCount\":0,\"image\":{\"@id\":\"https:\\\/\\\/kosovatimes.info\\\/index.php\\\/2026\\\/05\\\/01\\\/punetoret-ndertojne-kosoven-qe-siu-takon-bllokohet-rruga-te-katedralja\\\/#primaryimage\"},\"thumbnailUrl\":\"https:\\\/\\\/kosovatimes.info\\\/wp-content\\\/uploads\\\/2026\\\/05\\\/Punetoret.jpg\",\"articleSection\":[\"Kosov\u00eb\",\"Lajme\"],\"inLanguage\":\"en-US\",\"potentialAction\":[{\"@type\":\"CommentAction\",\"name\":\"Comment\",\"target\":[\"https:\\\/\\\/kosovatimes.info\\\/index.php\\\/2026\\\/05\\\/01\\\/punetoret-ndertojne-kosoven-qe-siu-takon-bllokohet-rruga-te-katedralja\\\/#respond\"]}]},{\"@type\":\"WebPage\",\"@id\":\"https:\\\/\\\/kosovatimes.info\\\/index.php\\\/2026\\\/05\\\/01\\\/punetoret-ndertojne-kosoven-qe-siu-takon-bllokohet-rruga-te-katedralja\\\/\",\"url\":\"https:\\\/\\\/kosovatimes.info\\\/index.php\\\/2026\\\/05\\\/01\\\/punetoret-ndertojne-kosoven-qe-siu-takon-bllokohet-rruga-te-katedralja\\\/\",\"name\":\"Pun\u00ebtor\u00ebt nd\u00ebrtojn\u00eb Kosov\u00ebn q\u00eb s\u2019iu takon\u2019, bllokohet rruga te Katedralja - Kosova Times\",\"isPartOf\":{\"@id\":\"https:\\\/\\\/kosovatimes.info\\\/#website\"},\"primaryImageOfPage\":{\"@id\":\"https:\\\/\\\/kosovatimes.info\\\/index.php\\\/2026\\\/05\\\/01\\\/punetoret-ndertojne-kosoven-qe-siu-takon-bllokohet-rruga-te-katedralja\\\/#primaryimage\"},\"image\":{\"@id\":\"https:\\\/\\\/kosovatimes.info\\\/index.php\\\/2026\\\/05\\\/01\\\/punetoret-ndertojne-kosoven-qe-siu-takon-bllokohet-rruga-te-katedralja\\\/#primaryimage\"},\"thumbnailUrl\":\"https:\\\/\\\/kosovatimes.info\\\/wp-content\\\/uploads\\\/2026\\\/05\\\/Punetoret.jpg\",\"datePublished\":\"2026-05-01T10:40:00+00:00\",\"dateModified\":\"2026-05-01T11:31:25+00:00\",\"author\":{\"@id\":\"https:\\\/\\\/kosovatimes.info\\\/#\\\/schema\\\/person\\\/7586712b9c512fe68085de007378c915\"},\"breadcrumb\":{\"@id\":\"https:\\\/\\\/kosovatimes.info\\\/index.php\\\/2026\\\/05\\\/01\\\/punetoret-ndertojne-kosoven-qe-siu-takon-bllokohet-rruga-te-katedralja\\\/#breadcrumb\"},\"inLanguage\":\"en-US\",\"potentialAction\":[{\"@type\":\"ReadAction\",\"target\":[\"https:\\\/\\\/kosovatimes.info\\\/index.php\\\/2026\\\/05\\\/01\\\/punetoret-ndertojne-kosoven-qe-siu-takon-bllokohet-rruga-te-katedralja\\\/\"]}]},{\"@type\":\"ImageObject\",\"inLanguage\":\"en-US\",\"@id\":\"https:\\\/\\\/kosovatimes.info\\\/index.php\\\/2026\\\/05\\\/01\\\/punetoret-ndertojne-kosoven-qe-siu-takon-bllokohet-rruga-te-katedralja\\\/#primaryimage\",\"url\":\"https:\\\/\\\/kosovatimes.info\\\/wp-content\\\/uploads\\\/2026\\\/05\\\/Punetoret.jpg\",\"contentUrl\":\"https:\\\/\\\/kosovatimes.info\\\/wp-content\\\/uploads\\\/2026\\\/05\\\/Punetoret.jpg\",\"width\":780,\"height\":500},{\"@type\":\"BreadcrumbList\",\"@id\":\"https:\\\/\\\/kosovatimes.info\\\/index.php\\\/2026\\\/05\\\/01\\\/punetoret-ndertojne-kosoven-qe-siu-takon-bllokohet-rruga-te-katedralja\\\/#breadcrumb\",\"itemListElement\":[{\"@type\":\"ListItem\",\"position\":1,\"name\":\"Home\",\"item\":\"https:\\\/\\\/kosovatimes.info\\\/\"},{\"@type\":\"ListItem\",\"position\":2,\"name\":\"Pun\u00ebtor\u00ebt nd\u00ebrtojn\u00eb Kosov\u00ebn q\u00eb s\u2019iu takon\u2019, bllokohet rruga te Katedralja\"}]},{\"@type\":\"WebSite\",\"@id\":\"https:\\\/\\\/kosovatimes.info\\\/#website\",\"url\":\"https:\\\/\\\/kosovatimes.info\\\/\",\"name\":\"Kosova Times\",\"description\":\"\",\"potentialAction\":[{\"@type\":\"SearchAction\",\"target\":{\"@type\":\"EntryPoint\",\"urlTemplate\":\"https:\\\/\\\/kosovatimes.info\\\/?s={search_term_string}\"},\"query-input\":{\"@type\":\"PropertyValueSpecification\",\"valueRequired\":true,\"valueName\":\"search_term_string\"}}],\"inLanguage\":\"en-US\"},{\"@type\":\"Person\",\"@id\":\"https:\\\/\\\/kosovatimes.info\\\/#\\\/schema\\\/person\\\/7586712b9c512fe68085de007378c915\",\"name\":\"i l\",\"image\":{\"@type\":\"ImageObject\",\"inLanguage\":\"en-US\",\"@id\":\"https:\\\/\\\/secure.gravatar.com\\\/avatar\\\/bad9296e02816160ae2e2435beda58222022298d5625d49fea74d18816fbb31d?s=96&d=mm&r=g\",\"url\":\"https:\\\/\\\/secure.gravatar.com\\\/avatar\\\/bad9296e02816160ae2e2435beda58222022298d5625d49fea74d18816fbb31d?s=96&d=mm&r=g\",\"contentUrl\":\"https:\\\/\\\/secure.gravatar.com\\\/avatar\\\/bad9296e02816160ae2e2435beda58222022298d5625d49fea74d18816fbb31d?s=96&d=mm&r=g\",\"caption\":\"i l\"},\"url\":\"https:\\\/\\\/kosovatimes.info\\\/index.php\\\/author\\\/iliri\\\/\"}]}<\/script>\n<!-- \/ Yoast SEO plugin. -->","yoast_head_json":{"title":"Pun\u00ebtor\u00ebt nd\u00ebrtojn\u00eb Kosov\u00ebn q\u00eb s\u2019iu takon\u2019, bllokohet rruga te Katedralja - Kosova Times","robots":{"index":"index","follow":"follow","max-snippet":"max-snippet:-1","max-image-preview":"max-image-preview:large","max-video-preview":"max-video-preview:-1"},"canonical":"https:\/\/kosovatimes.info\/index.php\/2026\/05\/01\/punetoret-ndertojne-kosoven-qe-siu-takon-bllokohet-rruga-te-katedralja\/","og_locale":"en_US","og_type":"article","og_title":"Pun\u00ebtor\u00ebt nd\u00ebrtojn\u00eb Kosov\u00ebn q\u00eb s\u2019iu takon\u2019, bllokohet rruga te Katedralja - Kosova Times","og_description":"Kolektivi p\u00ebr Mendim dhe Veprim Feminist n\u00eb shenj\u00eb proteste p\u00ebr Dit\u00ebn Nd\u00ebrkomb\u00ebtare t\u00eb Pun\u00ebtor\u00ebve, e kan\u00eb bllokuar rrug\u00ebn te Katedralja n\u00eb Prishtin\u00eb, me mbishkrimin \u201cPun\u00ebtor\u00ebt\/et e nd\u00ebrtojn\u00eb Kosov\u00ebn q\u00eb s\u2019iu takon\u201d. &nbsp;N\u00eb reagimin e tyre n\u00eb facebook thuhet se klasa pun\u00ebtore nd\u00ebrton shtetin q\u00eb iu takon kapitalist\u00ebve n\u00eb publik e privat. \u201cPun\u00ebtorja e pun\u00ebtori sot [&hellip;]","og_url":"https:\/\/kosovatimes.info\/index.php\/2026\/05\/01\/punetoret-ndertojne-kosoven-qe-siu-takon-bllokohet-rruga-te-katedralja\/","og_site_name":"Kosova Times","article_published_time":"2026-05-01T10:40:00+00:00","article_modified_time":"2026-05-01T11:31:25+00:00","og_image":[{"width":780,"height":500,"url":"https:\/\/kosovatimes.info\/wp-content\/uploads\/2026\/05\/Punetoret.jpg","type":"image\/jpeg"}],"author":"i l","twitter_card":"summary_large_image","twitter_misc":{"Written by":"i l","Est. reading time":"2 minutes"},"schema":{"@context":"https:\/\/schema.org","@graph":[{"@type":"Article","@id":"https:\/\/kosovatimes.info\/index.php\/2026\/05\/01\/punetoret-ndertojne-kosoven-qe-siu-takon-bllokohet-rruga-te-katedralja\/#article","isPartOf":{"@id":"https:\/\/kosovatimes.info\/index.php\/2026\/05\/01\/punetoret-ndertojne-kosoven-qe-siu-takon-bllokohet-rruga-te-katedralja\/"},"author":{"name":"i l","@id":"https:\/\/kosovatimes.info\/#\/schema\/person\/7586712b9c512fe68085de007378c915"},"headline":"Pun\u00ebtor\u00ebt nd\u00ebrtojn\u00eb Kosov\u00ebn q\u00eb s\u2019iu takon\u2019, bllokohet rruga te Katedralja","datePublished":"2026-05-01T10:40:00+00:00","dateModified":"2026-05-01T11:31:25+00:00","mainEntityOfPage":{"@id":"https:\/\/kosovatimes.info\/index.php\/2026\/05\/01\/punetoret-ndertojne-kosoven-qe-siu-takon-bllokohet-rruga-te-katedralja\/"},"wordCount":399,"commentCount":0,"image":{"@id":"https:\/\/kosovatimes.info\/index.php\/2026\/05\/01\/punetoret-ndertojne-kosoven-qe-siu-takon-bllokohet-rruga-te-katedralja\/#primaryimage"},"thumbnailUrl":"https:\/\/kosovatimes.info\/wp-content\/uploads\/2026\/05\/Punetoret.jpg","articleSection":["Kosov\u00eb","Lajme"],"inLanguage":"en-US","potentialAction":[{"@type":"CommentAction","name":"Comment","target":["https:\/\/kosovatimes.info\/index.php\/2026\/05\/01\/punetoret-ndertojne-kosoven-qe-siu-takon-bllokohet-rruga-te-katedralja\/#respond"]}]},{"@type":"WebPage","@id":"https:\/\/kosovatimes.info\/index.php\/2026\/05\/01\/punetoret-ndertojne-kosoven-qe-siu-takon-bllokohet-rruga-te-katedralja\/","url":"https:\/\/kosovatimes.info\/index.php\/2026\/05\/01\/punetoret-ndertojne-kosoven-qe-siu-takon-bllokohet-rruga-te-katedralja\/","name":"Pun\u00ebtor\u00ebt nd\u00ebrtojn\u00eb Kosov\u00ebn q\u00eb s\u2019iu takon\u2019, bllokohet rruga te Katedralja - Kosova Times","isPartOf":{"@id":"https:\/\/kosovatimes.info\/#website"},"primaryImageOfPage":{"@id":"https:\/\/kosovatimes.info\/index.php\/2026\/05\/01\/punetoret-ndertojne-kosoven-qe-siu-takon-bllokohet-rruga-te-katedralja\/#primaryimage"},"image":{"@id":"https:\/\/kosovatimes.info\/index.php\/2026\/05\/01\/punetoret-ndertojne-kosoven-qe-siu-takon-bllokohet-rruga-te-katedralja\/#primaryimage"},"thumbnailUrl":"https:\/\/kosovatimes.info\/wp-content\/uploads\/2026\/05\/Punetoret.jpg","datePublished":"2026-05-01T10:40:00+00:00","dateModified":"2026-05-01T11:31:25+00:00","author":{"@id":"https:\/\/kosovatimes.info\/#\/schema\/person\/7586712b9c512fe68085de007378c915"},"breadcrumb":{"@id":"https:\/\/kosovatimes.info\/index.php\/2026\/05\/01\/punetoret-ndertojne-kosoven-qe-siu-takon-bllokohet-rruga-te-katedralja\/#breadcrumb"},"inLanguage":"en-US","potentialAction":[{"@type":"ReadAction","target":["https:\/\/kosovatimes.info\/index.php\/2026\/05\/01\/punetoret-ndertojne-kosoven-qe-siu-takon-bllokohet-rruga-te-katedralja\/"]}]},{"@type":"ImageObject","inLanguage":"en-US","@id":"https:\/\/kosovatimes.info\/index.php\/2026\/05\/01\/punetoret-ndertojne-kosoven-qe-siu-takon-bllokohet-rruga-te-katedralja\/#primaryimage","url":"https:\/\/kosovatimes.info\/wp-content\/uploads\/2026\/05\/Punetoret.jpg","contentUrl":"https:\/\/kosovatimes.info\/wp-content\/uploads\/2026\/05\/Punetoret.jpg","width":780,"height":500},{"@type":"BreadcrumbList","@id":"https:\/\/kosovatimes.info\/index.php\/2026\/05\/01\/punetoret-ndertojne-kosoven-qe-siu-takon-bllokohet-rruga-te-katedralja\/#breadcrumb","itemListElement":[{"@type":"ListItem","position":1,"name":"Home","item":"https:\/\/kosovatimes.info\/"},{"@type":"ListItem","position":2,"name":"Pun\u00ebtor\u00ebt nd\u00ebrtojn\u00eb Kosov\u00ebn q\u00eb s\u2019iu takon\u2019, bllokohet rruga te Katedralja"}]},{"@type":"WebSite","@id":"https:\/\/kosovatimes.info\/#website","url":"https:\/\/kosovatimes.info\/","name":"Kosova Times","description":"","potentialAction":[{"@type":"SearchAction","target":{"@type":"EntryPoint","urlTemplate":"https:\/\/kosovatimes.info\/?s={search_term_string}"},"query-input":{"@type":"PropertyValueSpecification","valueRequired":true,"valueName":"search_term_string"}}],"inLanguage":"en-US"},{"@type":"Person","@id":"https:\/\/kosovatimes.info\/#\/schema\/person\/7586712b9c512fe68085de007378c915","name":"i l","image":{"@type":"ImageObject","inLanguage":"en-US","@id":"https:\/\/secure.gravatar.com\/avatar\/bad9296e02816160ae2e2435beda58222022298d5625d49fea74d18816fbb31d?s=96&d=mm&r=g","url":"https:\/\/secure.gravatar.com\/avatar\/bad9296e02816160ae2e2435beda58222022298d5625d49fea74d18816fbb31d?s=96&d=mm&r=g","contentUrl":"https:\/\/secure.gravatar.com\/avatar\/bad9296e02816160ae2e2435beda58222022298d5625d49fea74d18816fbb31d?s=96&d=mm&r=g","caption":"i l"},"url":"https:\/\/kosovatimes.info\/index.php\/author\/iliri\/"}]}},"_links":{"self":[{"href":"https:\/\/kosovatimes.info\/index.php\/wp-json\/wp\/v2\/posts\/12976","targetHints":{"allow":["GET"]}}],"collection":[{"href":"https:\/\/kosovatimes.info\/index.php\/wp-json\/wp\/v2\/posts"}],"about":[{"href":"https:\/\/kosovatimes.info\/index.php\/wp-json\/wp\/v2\/types\/post"}],"author":[{"embeddable":true,"href":"https:\/\/kosovatimes.info\/index.php\/wp-json\/wp\/v2\/users\/4"}],"replies":[{"embeddable":true,"href":"https:\/\/kosovatimes.info\/index.php\/wp-json\/wp\/v2\/comments?post=12976"}],"version-history":[{"count":1,"href":"https:\/\/kosovatimes.info\/index.php\/wp-json\/wp\/v2\/posts\/12976\/revisions"}],"predecessor-version":[{"id":12978,"href":"https:\/\/kosovatimes.info\/index.php\/wp-json\/wp\/v2\/posts\/12976\/revisions\/12978"}],"wp:featuredmedia":[{"embeddable":true,"href":"https:\/\/kosovatimes.info\/index.php\/wp-json\/wp\/v2\/media\/12977"}],"wp:attachment":[{"href":"https:\/\/kosovatimes.info\/index.php\/wp-json\/wp\/v2\/media?parent=12976"}],"wp:term":[{"taxonomy":"category","embeddable":true,"href":"https:\/\/kosovatimes.info\/index.php\/wp-json\/wp\/v2\/categories?post=12976"},{"taxonomy":"post_tag","embeddable":true,"href":"https:\/\/kosovatimes.info\/index.php\/wp-json\/wp\/v2\/tags?post=12976"}],"curies":[{"name":"wp","href":"https:\/\/api.w.org\/{rel}","templated":true}]}}