{"id":12979,"date":"2026-05-01T13:21:00","date_gmt":"2026-05-01T11:21:00","guid":{"rendered":"https:\/\/kosovatimes.info\/?p=12979"},"modified":"2026-05-01T13:35:29","modified_gmt":"2026-05-01T11:35:29","slug":"shqiperi-kosove-rikthehet-kalimi-pa-kontrolle-kufitare","status":"publish","type":"post","link":"https:\/\/kosovatimes.info\/index.php\/2026\/05\/01\/shqiperi-kosove-rikthehet-kalimi-pa-kontrolle-kufitare\/","title":{"rendered":"Shqip\u00ebri\u2013Kosov\u00eb, rikthehet kalimi pa kontrolle kufitare"},"content":{"rendered":"\n<p><a target=\"_blank\" href=\"https:\/\/www.linkedin.com\/shareArticle?mini=true&amp;url=https%3A%2F%2Fwww.rtklive.com%2Fsq%2Fnews-single.php%3FID%3D723627\" rel=\"noreferrer noopener\"><\/a><\/p>\n\n\n\n<h2 class=\"wp-block-heading\"><strong>Q\u00eb prej k\u00ebsaj t\u00eb premteje, m\u00eb 1 maj, Shqip\u00ebria dhe Kosova kan\u00eb rikthyer zyrtarisht regjimin e kalimit pa kontrolle kufitare p\u00ebr automjetet me targa t\u00eb t\u00eb dy vendeve. Masa do t\u00eb jet\u00eb n\u00eb fuqi deri m\u00eb 30 shtator dhe pritet t\u00eb leht\u00ebsoj\u00eb ndjesh\u00ebm l\u00ebvizjen gjat\u00eb sezonit veror, kur fluksi i udh\u00ebtar\u00ebve rritet ndjesh\u00ebm.<\/strong><\/h2>\n\n\n\n<p>Sipas marr\u00ebveshjes, automjetet me targa shqiptare dhe kosovare do t\u00eb kalojn\u00eb n\u00eb pikat kufitare pa ndalesa dhe pa procedura standarde kontrolli. Nd\u00ebrkoh\u00eb, mjetet me targa t\u00eb huaja do t\u2019i n\u00ebnshtrohen vet\u00ebm kontrolleve t\u00eb shpejta, p\u00ebr t\u00eb shmangur vonesat dhe radh\u00ebt e gjata, ve\u00e7an\u00ebrisht n\u00eb pik\u00ebn kufitare Morin\u00eb\u2013V\u00ebrmic\u00eb.<\/p>\n\n\n\n<p>Leht\u00ebsimi i kalimit rikthehet pas dy muajsh nd\u00ebrprerjeje, pasi gjat\u00eb marsit dhe prillit u zbatuan kontrolle t\u00eb plota. Edhe n\u00eb at\u00eb periudh\u00eb, fundjavat dhe festat zyrtare vijuan me regjim t\u00eb leht\u00ebsuar p\u00ebr qytetar\u00ebt e Shqip\u00ebris\u00eb dhe Kosov\u00ebs.<\/p>\n\n\n\n<p>Ky model bashk\u00ebpunimi mes dy vendeve ka sjell\u00eb p\u00ebrfitime t\u00eb dukshme nd\u00ebr vite, sidomos gjat\u00eb ver\u00ebs, duke nxitur turizmin, vizitat familjare dhe shk\u00ebmbimet tregtare.<\/p>\n\n\n\n<p>Sipas t\u00eb dh\u00ebnave zyrtare, vet\u00ebm n\u00eb or\u00ebt e para t\u00eb s\u00eb premtes kan\u00eb hyr\u00eb n\u00eb Shqip\u00ebri rreth 20 mij\u00eb qytetar\u00eb, shumica prej tyre nga Kosova.<\/p>\n","protected":false},"excerpt":{"rendered":"<p>Q\u00eb prej k\u00ebsaj t\u00eb premteje, m\u00eb 1 maj, Shqip\u00ebria dhe Kosova kan\u00eb rikthyer zyrtarisht regjimin e kalimit pa kontrolle kufitare p\u00ebr automjetet me targa t\u00eb t\u00eb dy vendeve. Masa do t\u00eb jet\u00eb n\u00eb fuqi deri m\u00eb 30 shtator dhe pritet t\u00eb leht\u00ebsoj\u00eb ndjesh\u00ebm l\u00ebvizjen gjat\u00eb sezonit veror, kur fluksi i udh\u00ebtar\u00ebve rritet ndjesh\u00ebm. Sipas marr\u00ebveshjes, [&hellip;]<\/p>\n","protected":false},"author":4,"featured_media":12980,"comment_status":"open","ping_status":"open","sticky":false,"template":"","format":"standard","meta":{"footnotes":""},"categories":[31,30],"tags":[],"class_list":{"0":"post-12979","1":"post","2":"type-post","3":"status-publish","4":"format-standard","5":"has-post-thumbnail","7":"category-kosove","8":"category-lajme"},"yoast_head":"<!-- This site is optimized with the Yoast SEO plugin v27.4 - https:\/\/yoast.com\/product\/yoast-seo-wordpress\/ -->\n<title>Shqip\u00ebri\u2013Kosov\u00eb, rikthehet kalimi pa kontrolle kufitare - Kosova Times<\/title>\n<meta name=\"robots\" content=\"index, follow, max-snippet:-1, max-image-preview:large, max-video-preview:-1\" \/>\n<link rel=\"canonical\" href=\"https:\/\/kosovatimes.info\/index.php\/2026\/05\/01\/shqiperi-kosove-rikthehet-kalimi-pa-kontrolle-kufitare\/\" \/>\n<meta property=\"og:locale\" content=\"en_US\" \/>\n<meta property=\"og:type\" content=\"article\" \/>\n<meta property=\"og:title\" content=\"Shqip\u00ebri\u2013Kosov\u00eb, rikthehet kalimi pa kontrolle kufitare - Kosova Times\" \/>\n<meta property=\"og:description\" content=\"Q\u00eb prej k\u00ebsaj t\u00eb premteje, m\u00eb 1 maj, Shqip\u00ebria dhe Kosova kan\u00eb rikthyer zyrtarisht regjimin e kalimit pa kontrolle kufitare p\u00ebr automjetet me targa t\u00eb t\u00eb dy vendeve. Masa do t\u00eb jet\u00eb n\u00eb fuqi deri m\u00eb 30 shtator dhe pritet t\u00eb leht\u00ebsoj\u00eb ndjesh\u00ebm l\u00ebvizjen gjat\u00eb sezonit veror, kur fluksi i udh\u00ebtar\u00ebve rritet ndjesh\u00ebm. Sipas marr\u00ebveshjes, [&hellip;]\" \/>\n<meta property=\"og:url\" content=\"https:\/\/kosovatimes.info\/index.php\/2026\/05\/01\/shqiperi-kosove-rikthehet-kalimi-pa-kontrolle-kufitare\/\" \/>\n<meta property=\"og:site_name\" content=\"Kosova Times\" \/>\n<meta property=\"article:published_time\" content=\"2026-05-01T11:21:00+00:00\" \/>\n<meta property=\"article:modified_time\" content=\"2026-05-01T11:35:29+00:00\" \/>\n<meta property=\"og:image\" content=\"https:\/\/kosovatimes.info\/wp-content\/uploads\/2026\/05\/Kufiri.jpg\" \/>\n\t<meta property=\"og:image:width\" content=\"780\" \/>\n\t<meta property=\"og:image:height\" content=\"500\" \/>\n\t<meta property=\"og:image:type\" content=\"image\/jpeg\" \/>\n<meta name=\"author\" content=\"i l\" \/>\n<meta name=\"twitter:card\" content=\"summary_large_image\" \/>\n<meta name=\"twitter:label1\" content=\"Written by\" \/>\n\t<meta name=\"twitter:data1\" content=\"i l\" \/>\n\t<meta name=\"twitter:label2\" content=\"Est. reading time\" \/>\n\t<meta name=\"twitter:data2\" content=\"2 minutes\" \/>\n<script type=\"application\/ld+json\" class=\"yoast-schema-graph\">{\"@context\":\"https:\\\/\\\/schema.org\",\"@graph\":[{\"@type\":\"Article\",\"@id\":\"https:\\\/\\\/kosovatimes.info\\\/index.php\\\/2026\\\/05\\\/01\\\/shqiperi-kosove-rikthehet-kalimi-pa-kontrolle-kufitare\\\/#article\",\"isPartOf\":{\"@id\":\"https:\\\/\\\/kosovatimes.info\\\/index.php\\\/2026\\\/05\\\/01\\\/shqiperi-kosove-rikthehet-kalimi-pa-kontrolle-kufitare\\\/\"},\"author\":{\"name\":\"i l\",\"@id\":\"https:\\\/\\\/kosovatimes.info\\\/#\\\/schema\\\/person\\\/7586712b9c512fe68085de007378c915\"},\"headline\":\"Shqip\u00ebri\u2013Kosov\u00eb, rikthehet kalimi pa kontrolle kufitare\",\"datePublished\":\"2026-05-01T11:21:00+00:00\",\"dateModified\":\"2026-05-01T11:35:29+00:00\",\"mainEntityOfPage\":{\"@id\":\"https:\\\/\\\/kosovatimes.info\\\/index.php\\\/2026\\\/05\\\/01\\\/shqiperi-kosove-rikthehet-kalimi-pa-kontrolle-kufitare\\\/\"},\"wordCount\":228,\"commentCount\":0,\"image\":{\"@id\":\"https:\\\/\\\/kosovatimes.info\\\/index.php\\\/2026\\\/05\\\/01\\\/shqiperi-kosove-rikthehet-kalimi-pa-kontrolle-kufitare\\\/#primaryimage\"},\"thumbnailUrl\":\"https:\\\/\\\/kosovatimes.info\\\/wp-content\\\/uploads\\\/2026\\\/05\\\/Kufiri.jpg\",\"articleSection\":[\"Kosov\u00eb\",\"Lajme\"],\"inLanguage\":\"en-US\",\"potentialAction\":[{\"@type\":\"CommentAction\",\"name\":\"Comment\",\"target\":[\"https:\\\/\\\/kosovatimes.info\\\/index.php\\\/2026\\\/05\\\/01\\\/shqiperi-kosove-rikthehet-kalimi-pa-kontrolle-kufitare\\\/#respond\"]}]},{\"@type\":\"WebPage\",\"@id\":\"https:\\\/\\\/kosovatimes.info\\\/index.php\\\/2026\\\/05\\\/01\\\/shqiperi-kosove-rikthehet-kalimi-pa-kontrolle-kufitare\\\/\",\"url\":\"https:\\\/\\\/kosovatimes.info\\\/index.php\\\/2026\\\/05\\\/01\\\/shqiperi-kosove-rikthehet-kalimi-pa-kontrolle-kufitare\\\/\",\"name\":\"Shqip\u00ebri\u2013Kosov\u00eb, rikthehet kalimi pa kontrolle kufitare - Kosova Times\",\"isPartOf\":{\"@id\":\"https:\\\/\\\/kosovatimes.info\\\/#website\"},\"primaryImageOfPage\":{\"@id\":\"https:\\\/\\\/kosovatimes.info\\\/index.php\\\/2026\\\/05\\\/01\\\/shqiperi-kosove-rikthehet-kalimi-pa-kontrolle-kufitare\\\/#primaryimage\"},\"image\":{\"@id\":\"https:\\\/\\\/kosovatimes.info\\\/index.php\\\/2026\\\/05\\\/01\\\/shqiperi-kosove-rikthehet-kalimi-pa-kontrolle-kufitare\\\/#primaryimage\"},\"thumbnailUrl\":\"https:\\\/\\\/kosovatimes.info\\\/wp-content\\\/uploads\\\/2026\\\/05\\\/Kufiri.jpg\",\"datePublished\":\"2026-05-01T11:21:00+00:00\",\"dateModified\":\"2026-05-01T11:35:29+00:00\",\"author\":{\"@id\":\"https:\\\/\\\/kosovatimes.info\\\/#\\\/schema\\\/person\\\/7586712b9c512fe68085de007378c915\"},\"breadcrumb\":{\"@id\":\"https:\\\/\\\/kosovatimes.info\\\/index.php\\\/2026\\\/05\\\/01\\\/shqiperi-kosove-rikthehet-kalimi-pa-kontrolle-kufitare\\\/#breadcrumb\"},\"inLanguage\":\"en-US\",\"potentialAction\":[{\"@type\":\"ReadAction\",\"target\":[\"https:\\\/\\\/kosovatimes.info\\\/index.php\\\/2026\\\/05\\\/01\\\/shqiperi-kosove-rikthehet-kalimi-pa-kontrolle-kufitare\\\/\"]}]},{\"@type\":\"ImageObject\",\"inLanguage\":\"en-US\",\"@id\":\"https:\\\/\\\/kosovatimes.info\\\/index.php\\\/2026\\\/05\\\/01\\\/shqiperi-kosove-rikthehet-kalimi-pa-kontrolle-kufitare\\\/#primaryimage\",\"url\":\"https:\\\/\\\/kosovatimes.info\\\/wp-content\\\/uploads\\\/2026\\\/05\\\/Kufiri.jpg\",\"contentUrl\":\"https:\\\/\\\/kosovatimes.info\\\/wp-content\\\/uploads\\\/2026\\\/05\\\/Kufiri.jpg\",\"width\":780,\"height\":500},{\"@type\":\"BreadcrumbList\",\"@id\":\"https:\\\/\\\/kosovatimes.info\\\/index.php\\\/2026\\\/05\\\/01\\\/shqiperi-kosove-rikthehet-kalimi-pa-kontrolle-kufitare\\\/#breadcrumb\",\"itemListElement\":[{\"@type\":\"ListItem\",\"position\":1,\"name\":\"Home\",\"item\":\"https:\\\/\\\/kosovatimes.info\\\/\"},{\"@type\":\"ListItem\",\"position\":2,\"name\":\"Shqip\u00ebri\u2013Kosov\u00eb, rikthehet kalimi pa kontrolle kufitare\"}]},{\"@type\":\"WebSite\",\"@id\":\"https:\\\/\\\/kosovatimes.info\\\/#website\",\"url\":\"https:\\\/\\\/kosovatimes.info\\\/\",\"name\":\"Kosova Times\",\"description\":\"\",\"potentialAction\":[{\"@type\":\"SearchAction\",\"target\":{\"@type\":\"EntryPoint\",\"urlTemplate\":\"https:\\\/\\\/kosovatimes.info\\\/?s={search_term_string}\"},\"query-input\":{\"@type\":\"PropertyValueSpecification\",\"valueRequired\":true,\"valueName\":\"search_term_string\"}}],\"inLanguage\":\"en-US\"},{\"@type\":\"Person\",\"@id\":\"https:\\\/\\\/kosovatimes.info\\\/#\\\/schema\\\/person\\\/7586712b9c512fe68085de007378c915\",\"name\":\"i l\",\"image\":{\"@type\":\"ImageObject\",\"inLanguage\":\"en-US\",\"@id\":\"https:\\\/\\\/secure.gravatar.com\\\/avatar\\\/bad9296e02816160ae2e2435beda58222022298d5625d49fea74d18816fbb31d?s=96&d=mm&r=g\",\"url\":\"https:\\\/\\\/secure.gravatar.com\\\/avatar\\\/bad9296e02816160ae2e2435beda58222022298d5625d49fea74d18816fbb31d?s=96&d=mm&r=g\",\"contentUrl\":\"https:\\\/\\\/secure.gravatar.com\\\/avatar\\\/bad9296e02816160ae2e2435beda58222022298d5625d49fea74d18816fbb31d?s=96&d=mm&r=g\",\"caption\":\"i l\"},\"url\":\"https:\\\/\\\/kosovatimes.info\\\/index.php\\\/author\\\/iliri\\\/\"}]}<\/script>\n<!-- \/ Yoast SEO plugin. -->","yoast_head_json":{"title":"Shqip\u00ebri\u2013Kosov\u00eb, rikthehet kalimi pa kontrolle kufitare - Kosova Times","robots":{"index":"index","follow":"follow","max-snippet":"max-snippet:-1","max-image-preview":"max-image-preview:large","max-video-preview":"max-video-preview:-1"},"canonical":"https:\/\/kosovatimes.info\/index.php\/2026\/05\/01\/shqiperi-kosove-rikthehet-kalimi-pa-kontrolle-kufitare\/","og_locale":"en_US","og_type":"article","og_title":"Shqip\u00ebri\u2013Kosov\u00eb, rikthehet kalimi pa kontrolle kufitare - Kosova Times","og_description":"Q\u00eb prej k\u00ebsaj t\u00eb premteje, m\u00eb 1 maj, Shqip\u00ebria dhe Kosova kan\u00eb rikthyer zyrtarisht regjimin e kalimit pa kontrolle kufitare p\u00ebr automjetet me targa t\u00eb t\u00eb dy vendeve. Masa do t\u00eb jet\u00eb n\u00eb fuqi deri m\u00eb 30 shtator dhe pritet t\u00eb leht\u00ebsoj\u00eb ndjesh\u00ebm l\u00ebvizjen gjat\u00eb sezonit veror, kur fluksi i udh\u00ebtar\u00ebve rritet ndjesh\u00ebm. Sipas marr\u00ebveshjes, [&hellip;]","og_url":"https:\/\/kosovatimes.info\/index.php\/2026\/05\/01\/shqiperi-kosove-rikthehet-kalimi-pa-kontrolle-kufitare\/","og_site_name":"Kosova Times","article_published_time":"2026-05-01T11:21:00+00:00","article_modified_time":"2026-05-01T11:35:29+00:00","og_image":[{"width":780,"height":500,"url":"https:\/\/kosovatimes.info\/wp-content\/uploads\/2026\/05\/Kufiri.jpg","type":"image\/jpeg"}],"author":"i l","twitter_card":"summary_large_image","twitter_misc":{"Written by":"i l","Est. reading time":"2 minutes"},"schema":{"@context":"https:\/\/schema.org","@graph":[{"@type":"Article","@id":"https:\/\/kosovatimes.info\/index.php\/2026\/05\/01\/shqiperi-kosove-rikthehet-kalimi-pa-kontrolle-kufitare\/#article","isPartOf":{"@id":"https:\/\/kosovatimes.info\/index.php\/2026\/05\/01\/shqiperi-kosove-rikthehet-kalimi-pa-kontrolle-kufitare\/"},"author":{"name":"i l","@id":"https:\/\/kosovatimes.info\/#\/schema\/person\/7586712b9c512fe68085de007378c915"},"headline":"Shqip\u00ebri\u2013Kosov\u00eb, rikthehet kalimi pa kontrolle kufitare","datePublished":"2026-05-01T11:21:00+00:00","dateModified":"2026-05-01T11:35:29+00:00","mainEntityOfPage":{"@id":"https:\/\/kosovatimes.info\/index.php\/2026\/05\/01\/shqiperi-kosove-rikthehet-kalimi-pa-kontrolle-kufitare\/"},"wordCount":228,"commentCount":0,"image":{"@id":"https:\/\/kosovatimes.info\/index.php\/2026\/05\/01\/shqiperi-kosove-rikthehet-kalimi-pa-kontrolle-kufitare\/#primaryimage"},"thumbnailUrl":"https:\/\/kosovatimes.info\/wp-content\/uploads\/2026\/05\/Kufiri.jpg","articleSection":["Kosov\u00eb","Lajme"],"inLanguage":"en-US","potentialAction":[{"@type":"CommentAction","name":"Comment","target":["https:\/\/kosovatimes.info\/index.php\/2026\/05\/01\/shqiperi-kosove-rikthehet-kalimi-pa-kontrolle-kufitare\/#respond"]}]},{"@type":"WebPage","@id":"https:\/\/kosovatimes.info\/index.php\/2026\/05\/01\/shqiperi-kosove-rikthehet-kalimi-pa-kontrolle-kufitare\/","url":"https:\/\/kosovatimes.info\/index.php\/2026\/05\/01\/shqiperi-kosove-rikthehet-kalimi-pa-kontrolle-kufitare\/","name":"Shqip\u00ebri\u2013Kosov\u00eb, rikthehet kalimi pa kontrolle kufitare - Kosova Times","isPartOf":{"@id":"https:\/\/kosovatimes.info\/#website"},"primaryImageOfPage":{"@id":"https:\/\/kosovatimes.info\/index.php\/2026\/05\/01\/shqiperi-kosove-rikthehet-kalimi-pa-kontrolle-kufitare\/#primaryimage"},"image":{"@id":"https:\/\/kosovatimes.info\/index.php\/2026\/05\/01\/shqiperi-kosove-rikthehet-kalimi-pa-kontrolle-kufitare\/#primaryimage"},"thumbnailUrl":"https:\/\/kosovatimes.info\/wp-content\/uploads\/2026\/05\/Kufiri.jpg","datePublished":"2026-05-01T11:21:00+00:00","dateModified":"2026-05-01T11:35:29+00:00","author":{"@id":"https:\/\/kosovatimes.info\/#\/schema\/person\/7586712b9c512fe68085de007378c915"},"breadcrumb":{"@id":"https:\/\/kosovatimes.info\/index.php\/2026\/05\/01\/shqiperi-kosove-rikthehet-kalimi-pa-kontrolle-kufitare\/#breadcrumb"},"inLanguage":"en-US","potentialAction":[{"@type":"ReadAction","target":["https:\/\/kosovatimes.info\/index.php\/2026\/05\/01\/shqiperi-kosove-rikthehet-kalimi-pa-kontrolle-kufitare\/"]}]},{"@type":"ImageObject","inLanguage":"en-US","@id":"https:\/\/kosovatimes.info\/index.php\/2026\/05\/01\/shqiperi-kosove-rikthehet-kalimi-pa-kontrolle-kufitare\/#primaryimage","url":"https:\/\/kosovatimes.info\/wp-content\/uploads\/2026\/05\/Kufiri.jpg","contentUrl":"https:\/\/kosovatimes.info\/wp-content\/uploads\/2026\/05\/Kufiri.jpg","width":780,"height":500},{"@type":"BreadcrumbList","@id":"https:\/\/kosovatimes.info\/index.php\/2026\/05\/01\/shqiperi-kosove-rikthehet-kalimi-pa-kontrolle-kufitare\/#breadcrumb","itemListElement":[{"@type":"ListItem","position":1,"name":"Home","item":"https:\/\/kosovatimes.info\/"},{"@type":"ListItem","position":2,"name":"Shqip\u00ebri\u2013Kosov\u00eb, rikthehet kalimi pa kontrolle kufitare"}]},{"@type":"WebSite","@id":"https:\/\/kosovatimes.info\/#website","url":"https:\/\/kosovatimes.info\/","name":"Kosova Times","description":"","potentialAction":[{"@type":"SearchAction","target":{"@type":"EntryPoint","urlTemplate":"https:\/\/kosovatimes.info\/?s={search_term_string}"},"query-input":{"@type":"PropertyValueSpecification","valueRequired":true,"valueName":"search_term_string"}}],"inLanguage":"en-US"},{"@type":"Person","@id":"https:\/\/kosovatimes.info\/#\/schema\/person\/7586712b9c512fe68085de007378c915","name":"i l","image":{"@type":"ImageObject","inLanguage":"en-US","@id":"https:\/\/secure.gravatar.com\/avatar\/bad9296e02816160ae2e2435beda58222022298d5625d49fea74d18816fbb31d?s=96&d=mm&r=g","url":"https:\/\/secure.gravatar.com\/avatar\/bad9296e02816160ae2e2435beda58222022298d5625d49fea74d18816fbb31d?s=96&d=mm&r=g","contentUrl":"https:\/\/secure.gravatar.com\/avatar\/bad9296e02816160ae2e2435beda58222022298d5625d49fea74d18816fbb31d?s=96&d=mm&r=g","caption":"i l"},"url":"https:\/\/kosovatimes.info\/index.php\/author\/iliri\/"}]}},"_links":{"self":[{"href":"https:\/\/kosovatimes.info\/index.php\/wp-json\/wp\/v2\/posts\/12979","targetHints":{"allow":["GET"]}}],"collection":[{"href":"https:\/\/kosovatimes.info\/index.php\/wp-json\/wp\/v2\/posts"}],"about":[{"href":"https:\/\/kosovatimes.info\/index.php\/wp-json\/wp\/v2\/types\/post"}],"author":[{"embeddable":true,"href":"https:\/\/kosovatimes.info\/index.php\/wp-json\/wp\/v2\/users\/4"}],"replies":[{"embeddable":true,"href":"https:\/\/kosovatimes.info\/index.php\/wp-json\/wp\/v2\/comments?post=12979"}],"version-history":[{"count":1,"href":"https:\/\/kosovatimes.info\/index.php\/wp-json\/wp\/v2\/posts\/12979\/revisions"}],"predecessor-version":[{"id":12981,"href":"https:\/\/kosovatimes.info\/index.php\/wp-json\/wp\/v2\/posts\/12979\/revisions\/12981"}],"wp:featuredmedia":[{"embeddable":true,"href":"https:\/\/kosovatimes.info\/index.php\/wp-json\/wp\/v2\/media\/12980"}],"wp:attachment":[{"href":"https:\/\/kosovatimes.info\/index.php\/wp-json\/wp\/v2\/media?parent=12979"}],"wp:term":[{"taxonomy":"category","embeddable":true,"href":"https:\/\/kosovatimes.info\/index.php\/wp-json\/wp\/v2\/categories?post=12979"},{"taxonomy":"post_tag","embeddable":true,"href":"https:\/\/kosovatimes.info\/index.php\/wp-json\/wp\/v2\/tags?post=12979"}],"curies":[{"name":"wp","href":"https:\/\/api.w.org\/{rel}","templated":true}]}}