{"id":12985,"date":"2026-05-01T13:36:00","date_gmt":"2026-05-01T11:36:00","guid":{"rendered":"https:\/\/kosovatimes.info\/?p=12985"},"modified":"2026-05-01T17:22:47","modified_gmt":"2026-05-01T15:22:47","slug":"haxhiu-nderojme-punetoret-qe-mbajne-familjen-e-kosoven-ne-kembe","status":"publish","type":"post","link":"https:\/\/kosovatimes.info\/index.php\/2026\/05\/01\/haxhiu-nderojme-punetoret-qe-mbajne-familjen-e-kosoven-ne-kembe\/","title":{"rendered":"Haxhiu: Nderojm\u00eb pun\u00ebtor\u00ebt q\u00eb mbajn\u00eb familjen e Kosov\u00ebn n\u00eb k\u00ebmb\u00eb"},"content":{"rendered":"\n<p><strong>Ushtruesja e Detyr\u00ebs s\u00eb Presidentes s\u00eb Kosov\u00ebs, Albulena Haxhiu, n\u00eb Dit\u00ebn Nd\u00ebrkomb\u00ebtare t\u00eb Pun\u00ebtor\u00ebve, ka kujtuar rolin e r\u00ebnd\u00ebsishme t\u00eb grave, t\u00eb cilat p\u00ebrtej p\u00ebrkushtimit n\u00eb vendet e tyre t\u00eb pun\u00ebs, vazhdojn\u00eb angazhimin \u00e7do dit\u00eb edhe n\u00ebp\u00ebr sht\u00ebpi.<\/strong><\/p>\n\n\n\n<p>\u201cAty ku shum\u00eb gra e nisin dit\u00ebn para se t\u00eb zgjohen t\u00eb gjith\u00eb dhe e mbyllin pasi t\u00eb ken\u00eb fjetur t\u00eb gjith\u00eb. Aty ku kujdesi p\u00ebr f\u00ebmij\u00ebt, p\u00ebr t\u00eb moshuarit, p\u00ebr t\u00eb s\u00ebmur\u00ebt, p\u00ebr ushqimin, p\u00ebr rrobat, p\u00ebr rendin e familjes, vazhdon t\u00eb merret si detyr\u00eb e natyrshme. Por nuk \u00ebsht\u00eb e natyrshme. \u00cbsht\u00eb angazhim, p\u00ebrkushtim, koh\u00eb dhe, mbi t\u00eb gjitha, \u00ebsht\u00eb pun\u00eb q\u00eb as paguhet e as njihet sa duhet\u201d, ka th\u00ebn\u00eb ajo.<\/p>\n\n\n\n<p>Ajo, tutje ka shtuar se n\u00eb k\u00ebt\u00eb 1 maj, duhet ta shohim pun\u00ebn n\u00eb t\u00ebr\u00ebsin\u00eb e saj dhe t\u2019u japim vendin q\u00eb u takon pun\u00ebtoreve dhe pun\u00ebtor\u00ebve t\u00eb Kosov\u00ebs.<\/p>\n\n\n\n<p>\u201cAtyre q\u00eb dalin her\u00ebt p\u00ebr ta fituar buk\u00ebn me djers\u00eb, n\u00eb kantier, n\u00eb fabrik\u00eb, n\u00eb ar\u00eb, n\u00eb zyr\u00eb, n\u00eb dyqan, n\u00eb rrug\u00eb a n\u00eb m\u00ebrgat\u00eb, por edhe atyre q\u00eb e vazhdojn\u00eb pun\u00ebn brenda sht\u00ebpis\u00eb, shpesh pa pag\u00eb, pa orar dhe pa njohjen q\u00eb meritojn\u00eb\u201d, ka theksuar Haxhiu.<\/p>\n\n\n\n<p>\u201cAjo ka th\u00ebn\u00eb se sot nderojm\u00eb pun\u00ebtor\u00ebt dhe pun\u00ebtoret q\u00eb, me mund, p\u00ebrgjegj\u00ebsi e dinjitet, e mbajn\u00eb familjen, shoq\u00ebrin\u00eb dhe Kosov\u00ebn n\u00eb k\u00ebmb\u00eb\u201d, dekalron ajo.<\/p>\n","protected":false},"excerpt":{"rendered":"<p>Ushtruesja e Detyr\u00ebs s\u00eb Presidentes s\u00eb Kosov\u00ebs, Albulena Haxhiu, n\u00eb Dit\u00ebn Nd\u00ebrkomb\u00ebtare t\u00eb Pun\u00ebtor\u00ebve, ka kujtuar rolin e r\u00ebnd\u00ebsishme t\u00eb grave, t\u00eb cilat p\u00ebrtej p\u00ebrkushtimit n\u00eb vendet e tyre t\u00eb pun\u00ebs, vazhdojn\u00eb angazhimin \u00e7do dit\u00eb edhe n\u00ebp\u00ebr sht\u00ebpi. \u201cAty ku shum\u00eb gra e nisin dit\u00ebn para se t\u00eb zgjohen t\u00eb gjith\u00eb dhe e mbyllin pasi [&hellip;]<\/p>\n","protected":false},"author":4,"featured_media":12986,"comment_status":"open","ping_status":"open","sticky":true,"template":"","format":"standard","meta":{"footnotes":""},"categories":[31,30],"tags":[],"class_list":{"0":"post-12985","1":"post","2":"type-post","3":"status-publish","4":"format-standard","5":"has-post-thumbnail","7":"category-kosove","8":"category-lajme"},"yoast_head":"<!-- This site is optimized with the Yoast SEO plugin v27.4 - https:\/\/yoast.com\/product\/yoast-seo-wordpress\/ -->\n<title>Haxhiu: Nderojm\u00eb pun\u00ebtor\u00ebt q\u00eb mbajn\u00eb familjen e Kosov\u00ebn n\u00eb k\u00ebmb\u00eb - Kosova Times<\/title>\n<meta name=\"robots\" content=\"index, follow, max-snippet:-1, max-image-preview:large, max-video-preview:-1\" \/>\n<link rel=\"canonical\" href=\"https:\/\/kosovatimes.info\/index.php\/2026\/05\/01\/haxhiu-nderojme-punetoret-qe-mbajne-familjen-e-kosoven-ne-kembe\/\" \/>\n<meta property=\"og:locale\" content=\"en_US\" \/>\n<meta property=\"og:type\" content=\"article\" \/>\n<meta property=\"og:title\" content=\"Haxhiu: Nderojm\u00eb pun\u00ebtor\u00ebt q\u00eb mbajn\u00eb familjen e Kosov\u00ebn n\u00eb k\u00ebmb\u00eb - Kosova Times\" \/>\n<meta property=\"og:description\" content=\"Ushtruesja e Detyr\u00ebs s\u00eb Presidentes s\u00eb Kosov\u00ebs, Albulena Haxhiu, n\u00eb Dit\u00ebn Nd\u00ebrkomb\u00ebtare t\u00eb Pun\u00ebtor\u00ebve, ka kujtuar rolin e r\u00ebnd\u00ebsishme t\u00eb grave, t\u00eb cilat p\u00ebrtej p\u00ebrkushtimit n\u00eb vendet e tyre t\u00eb pun\u00ebs, vazhdojn\u00eb angazhimin \u00e7do dit\u00eb edhe n\u00ebp\u00ebr sht\u00ebpi. \u201cAty ku shum\u00eb gra e nisin dit\u00ebn para se t\u00eb zgjohen t\u00eb gjith\u00eb dhe e mbyllin pasi [&hellip;]\" \/>\n<meta property=\"og:url\" content=\"https:\/\/kosovatimes.info\/index.php\/2026\/05\/01\/haxhiu-nderojme-punetoret-qe-mbajne-familjen-e-kosoven-ne-kembe\/\" \/>\n<meta property=\"og:site_name\" content=\"Kosova Times\" \/>\n<meta property=\"article:published_time\" content=\"2026-05-01T11:36:00+00:00\" \/>\n<meta property=\"article:modified_time\" content=\"2026-05-01T15:22:47+00:00\" \/>\n<meta property=\"og:image\" content=\"https:\/\/kosovatimes.info\/wp-content\/uploads\/2026\/05\/Haxhiu-1.jpg\" \/>\n\t<meta property=\"og:image:width\" content=\"780\" \/>\n\t<meta property=\"og:image:height\" content=\"500\" \/>\n\t<meta property=\"og:image:type\" content=\"image\/jpeg\" \/>\n<meta name=\"author\" content=\"i l\" \/>\n<meta name=\"twitter:card\" content=\"summary_large_image\" \/>\n<meta name=\"twitter:label1\" content=\"Written by\" \/>\n\t<meta name=\"twitter:data1\" content=\"i l\" \/>\n\t<meta name=\"twitter:label2\" content=\"Est. reading time\" \/>\n\t<meta name=\"twitter:data2\" content=\"2 minutes\" \/>\n<script type=\"application\/ld+json\" class=\"yoast-schema-graph\">{\"@context\":\"https:\\\/\\\/schema.org\",\"@graph\":[{\"@type\":\"Article\",\"@id\":\"https:\\\/\\\/kosovatimes.info\\\/index.php\\\/2026\\\/05\\\/01\\\/haxhiu-nderojme-punetoret-qe-mbajne-familjen-e-kosoven-ne-kembe\\\/#article\",\"isPartOf\":{\"@id\":\"https:\\\/\\\/kosovatimes.info\\\/index.php\\\/2026\\\/05\\\/01\\\/haxhiu-nderojme-punetoret-qe-mbajne-familjen-e-kosoven-ne-kembe\\\/\"},\"author\":{\"name\":\"i l\",\"@id\":\"https:\\\/\\\/kosovatimes.info\\\/#\\\/schema\\\/person\\\/7586712b9c512fe68085de007378c915\"},\"headline\":\"Haxhiu: Nderojm\u00eb pun\u00ebtor\u00ebt q\u00eb mbajn\u00eb familjen e Kosov\u00ebn n\u00eb k\u00ebmb\u00eb\",\"datePublished\":\"2026-05-01T11:36:00+00:00\",\"dateModified\":\"2026-05-01T15:22:47+00:00\",\"mainEntityOfPage\":{\"@id\":\"https:\\\/\\\/kosovatimes.info\\\/index.php\\\/2026\\\/05\\\/01\\\/haxhiu-nderojme-punetoret-qe-mbajne-familjen-e-kosoven-ne-kembe\\\/\"},\"wordCount\":278,\"commentCount\":0,\"image\":{\"@id\":\"https:\\\/\\\/kosovatimes.info\\\/index.php\\\/2026\\\/05\\\/01\\\/haxhiu-nderojme-punetoret-qe-mbajne-familjen-e-kosoven-ne-kembe\\\/#primaryimage\"},\"thumbnailUrl\":\"https:\\\/\\\/kosovatimes.info\\\/wp-content\\\/uploads\\\/2026\\\/05\\\/Haxhiu-1.jpg\",\"articleSection\":[\"Kosov\u00eb\",\"Lajme\"],\"inLanguage\":\"en-US\",\"potentialAction\":[{\"@type\":\"CommentAction\",\"name\":\"Comment\",\"target\":[\"https:\\\/\\\/kosovatimes.info\\\/index.php\\\/2026\\\/05\\\/01\\\/haxhiu-nderojme-punetoret-qe-mbajne-familjen-e-kosoven-ne-kembe\\\/#respond\"]}]},{\"@type\":\"WebPage\",\"@id\":\"https:\\\/\\\/kosovatimes.info\\\/index.php\\\/2026\\\/05\\\/01\\\/haxhiu-nderojme-punetoret-qe-mbajne-familjen-e-kosoven-ne-kembe\\\/\",\"url\":\"https:\\\/\\\/kosovatimes.info\\\/index.php\\\/2026\\\/05\\\/01\\\/haxhiu-nderojme-punetoret-qe-mbajne-familjen-e-kosoven-ne-kembe\\\/\",\"name\":\"Haxhiu: Nderojm\u00eb pun\u00ebtor\u00ebt q\u00eb mbajn\u00eb familjen e Kosov\u00ebn n\u00eb k\u00ebmb\u00eb - Kosova Times\",\"isPartOf\":{\"@id\":\"https:\\\/\\\/kosovatimes.info\\\/#website\"},\"primaryImageOfPage\":{\"@id\":\"https:\\\/\\\/kosovatimes.info\\\/index.php\\\/2026\\\/05\\\/01\\\/haxhiu-nderojme-punetoret-qe-mbajne-familjen-e-kosoven-ne-kembe\\\/#primaryimage\"},\"image\":{\"@id\":\"https:\\\/\\\/kosovatimes.info\\\/index.php\\\/2026\\\/05\\\/01\\\/haxhiu-nderojme-punetoret-qe-mbajne-familjen-e-kosoven-ne-kembe\\\/#primaryimage\"},\"thumbnailUrl\":\"https:\\\/\\\/kosovatimes.info\\\/wp-content\\\/uploads\\\/2026\\\/05\\\/Haxhiu-1.jpg\",\"datePublished\":\"2026-05-01T11:36:00+00:00\",\"dateModified\":\"2026-05-01T15:22:47+00:00\",\"author\":{\"@id\":\"https:\\\/\\\/kosovatimes.info\\\/#\\\/schema\\\/person\\\/7586712b9c512fe68085de007378c915\"},\"breadcrumb\":{\"@id\":\"https:\\\/\\\/kosovatimes.info\\\/index.php\\\/2026\\\/05\\\/01\\\/haxhiu-nderojme-punetoret-qe-mbajne-familjen-e-kosoven-ne-kembe\\\/#breadcrumb\"},\"inLanguage\":\"en-US\",\"potentialAction\":[{\"@type\":\"ReadAction\",\"target\":[\"https:\\\/\\\/kosovatimes.info\\\/index.php\\\/2026\\\/05\\\/01\\\/haxhiu-nderojme-punetoret-qe-mbajne-familjen-e-kosoven-ne-kembe\\\/\"]}]},{\"@type\":\"ImageObject\",\"inLanguage\":\"en-US\",\"@id\":\"https:\\\/\\\/kosovatimes.info\\\/index.php\\\/2026\\\/05\\\/01\\\/haxhiu-nderojme-punetoret-qe-mbajne-familjen-e-kosoven-ne-kembe\\\/#primaryimage\",\"url\":\"https:\\\/\\\/kosovatimes.info\\\/wp-content\\\/uploads\\\/2026\\\/05\\\/Haxhiu-1.jpg\",\"contentUrl\":\"https:\\\/\\\/kosovatimes.info\\\/wp-content\\\/uploads\\\/2026\\\/05\\\/Haxhiu-1.jpg\",\"width\":780,\"height\":500},{\"@type\":\"BreadcrumbList\",\"@id\":\"https:\\\/\\\/kosovatimes.info\\\/index.php\\\/2026\\\/05\\\/01\\\/haxhiu-nderojme-punetoret-qe-mbajne-familjen-e-kosoven-ne-kembe\\\/#breadcrumb\",\"itemListElement\":[{\"@type\":\"ListItem\",\"position\":1,\"name\":\"Home\",\"item\":\"https:\\\/\\\/kosovatimes.info\\\/\"},{\"@type\":\"ListItem\",\"position\":2,\"name\":\"Haxhiu: Nderojm\u00eb pun\u00ebtor\u00ebt q\u00eb mbajn\u00eb familjen e Kosov\u00ebn n\u00eb k\u00ebmb\u00eb\"}]},{\"@type\":\"WebSite\",\"@id\":\"https:\\\/\\\/kosovatimes.info\\\/#website\",\"url\":\"https:\\\/\\\/kosovatimes.info\\\/\",\"name\":\"Kosova Times\",\"description\":\"\",\"potentialAction\":[{\"@type\":\"SearchAction\",\"target\":{\"@type\":\"EntryPoint\",\"urlTemplate\":\"https:\\\/\\\/kosovatimes.info\\\/?s={search_term_string}\"},\"query-input\":{\"@type\":\"PropertyValueSpecification\",\"valueRequired\":true,\"valueName\":\"search_term_string\"}}],\"inLanguage\":\"en-US\"},{\"@type\":\"Person\",\"@id\":\"https:\\\/\\\/kosovatimes.info\\\/#\\\/schema\\\/person\\\/7586712b9c512fe68085de007378c915\",\"name\":\"i l\",\"image\":{\"@type\":\"ImageObject\",\"inLanguage\":\"en-US\",\"@id\":\"https:\\\/\\\/secure.gravatar.com\\\/avatar\\\/bad9296e02816160ae2e2435beda58222022298d5625d49fea74d18816fbb31d?s=96&d=mm&r=g\",\"url\":\"https:\\\/\\\/secure.gravatar.com\\\/avatar\\\/bad9296e02816160ae2e2435beda58222022298d5625d49fea74d18816fbb31d?s=96&d=mm&r=g\",\"contentUrl\":\"https:\\\/\\\/secure.gravatar.com\\\/avatar\\\/bad9296e02816160ae2e2435beda58222022298d5625d49fea74d18816fbb31d?s=96&d=mm&r=g\",\"caption\":\"i l\"},\"url\":\"https:\\\/\\\/kosovatimes.info\\\/index.php\\\/author\\\/iliri\\\/\"}]}<\/script>\n<!-- \/ Yoast SEO plugin. -->","yoast_head_json":{"title":"Haxhiu: Nderojm\u00eb pun\u00ebtor\u00ebt q\u00eb mbajn\u00eb familjen e Kosov\u00ebn n\u00eb k\u00ebmb\u00eb - Kosova Times","robots":{"index":"index","follow":"follow","max-snippet":"max-snippet:-1","max-image-preview":"max-image-preview:large","max-video-preview":"max-video-preview:-1"},"canonical":"https:\/\/kosovatimes.info\/index.php\/2026\/05\/01\/haxhiu-nderojme-punetoret-qe-mbajne-familjen-e-kosoven-ne-kembe\/","og_locale":"en_US","og_type":"article","og_title":"Haxhiu: Nderojm\u00eb pun\u00ebtor\u00ebt q\u00eb mbajn\u00eb familjen e Kosov\u00ebn n\u00eb k\u00ebmb\u00eb - Kosova Times","og_description":"Ushtruesja e Detyr\u00ebs s\u00eb Presidentes s\u00eb Kosov\u00ebs, Albulena Haxhiu, n\u00eb Dit\u00ebn Nd\u00ebrkomb\u00ebtare t\u00eb Pun\u00ebtor\u00ebve, ka kujtuar rolin e r\u00ebnd\u00ebsishme t\u00eb grave, t\u00eb cilat p\u00ebrtej p\u00ebrkushtimit n\u00eb vendet e tyre t\u00eb pun\u00ebs, vazhdojn\u00eb angazhimin \u00e7do dit\u00eb edhe n\u00ebp\u00ebr sht\u00ebpi. \u201cAty ku shum\u00eb gra e nisin dit\u00ebn para se t\u00eb zgjohen t\u00eb gjith\u00eb dhe e mbyllin pasi [&hellip;]","og_url":"https:\/\/kosovatimes.info\/index.php\/2026\/05\/01\/haxhiu-nderojme-punetoret-qe-mbajne-familjen-e-kosoven-ne-kembe\/","og_site_name":"Kosova Times","article_published_time":"2026-05-01T11:36:00+00:00","article_modified_time":"2026-05-01T15:22:47+00:00","og_image":[{"width":780,"height":500,"url":"https:\/\/kosovatimes.info\/wp-content\/uploads\/2026\/05\/Haxhiu-1.jpg","type":"image\/jpeg"}],"author":"i l","twitter_card":"summary_large_image","twitter_misc":{"Written by":"i l","Est. reading time":"2 minutes"},"schema":{"@context":"https:\/\/schema.org","@graph":[{"@type":"Article","@id":"https:\/\/kosovatimes.info\/index.php\/2026\/05\/01\/haxhiu-nderojme-punetoret-qe-mbajne-familjen-e-kosoven-ne-kembe\/#article","isPartOf":{"@id":"https:\/\/kosovatimes.info\/index.php\/2026\/05\/01\/haxhiu-nderojme-punetoret-qe-mbajne-familjen-e-kosoven-ne-kembe\/"},"author":{"name":"i l","@id":"https:\/\/kosovatimes.info\/#\/schema\/person\/7586712b9c512fe68085de007378c915"},"headline":"Haxhiu: Nderojm\u00eb pun\u00ebtor\u00ebt q\u00eb mbajn\u00eb familjen e Kosov\u00ebn n\u00eb k\u00ebmb\u00eb","datePublished":"2026-05-01T11:36:00+00:00","dateModified":"2026-05-01T15:22:47+00:00","mainEntityOfPage":{"@id":"https:\/\/kosovatimes.info\/index.php\/2026\/05\/01\/haxhiu-nderojme-punetoret-qe-mbajne-familjen-e-kosoven-ne-kembe\/"},"wordCount":278,"commentCount":0,"image":{"@id":"https:\/\/kosovatimes.info\/index.php\/2026\/05\/01\/haxhiu-nderojme-punetoret-qe-mbajne-familjen-e-kosoven-ne-kembe\/#primaryimage"},"thumbnailUrl":"https:\/\/kosovatimes.info\/wp-content\/uploads\/2026\/05\/Haxhiu-1.jpg","articleSection":["Kosov\u00eb","Lajme"],"inLanguage":"en-US","potentialAction":[{"@type":"CommentAction","name":"Comment","target":["https:\/\/kosovatimes.info\/index.php\/2026\/05\/01\/haxhiu-nderojme-punetoret-qe-mbajne-familjen-e-kosoven-ne-kembe\/#respond"]}]},{"@type":"WebPage","@id":"https:\/\/kosovatimes.info\/index.php\/2026\/05\/01\/haxhiu-nderojme-punetoret-qe-mbajne-familjen-e-kosoven-ne-kembe\/","url":"https:\/\/kosovatimes.info\/index.php\/2026\/05\/01\/haxhiu-nderojme-punetoret-qe-mbajne-familjen-e-kosoven-ne-kembe\/","name":"Haxhiu: Nderojm\u00eb pun\u00ebtor\u00ebt q\u00eb mbajn\u00eb familjen e Kosov\u00ebn n\u00eb k\u00ebmb\u00eb - Kosova Times","isPartOf":{"@id":"https:\/\/kosovatimes.info\/#website"},"primaryImageOfPage":{"@id":"https:\/\/kosovatimes.info\/index.php\/2026\/05\/01\/haxhiu-nderojme-punetoret-qe-mbajne-familjen-e-kosoven-ne-kembe\/#primaryimage"},"image":{"@id":"https:\/\/kosovatimes.info\/index.php\/2026\/05\/01\/haxhiu-nderojme-punetoret-qe-mbajne-familjen-e-kosoven-ne-kembe\/#primaryimage"},"thumbnailUrl":"https:\/\/kosovatimes.info\/wp-content\/uploads\/2026\/05\/Haxhiu-1.jpg","datePublished":"2026-05-01T11:36:00+00:00","dateModified":"2026-05-01T15:22:47+00:00","author":{"@id":"https:\/\/kosovatimes.info\/#\/schema\/person\/7586712b9c512fe68085de007378c915"},"breadcrumb":{"@id":"https:\/\/kosovatimes.info\/index.php\/2026\/05\/01\/haxhiu-nderojme-punetoret-qe-mbajne-familjen-e-kosoven-ne-kembe\/#breadcrumb"},"inLanguage":"en-US","potentialAction":[{"@type":"ReadAction","target":["https:\/\/kosovatimes.info\/index.php\/2026\/05\/01\/haxhiu-nderojme-punetoret-qe-mbajne-familjen-e-kosoven-ne-kembe\/"]}]},{"@type":"ImageObject","inLanguage":"en-US","@id":"https:\/\/kosovatimes.info\/index.php\/2026\/05\/01\/haxhiu-nderojme-punetoret-qe-mbajne-familjen-e-kosoven-ne-kembe\/#primaryimage","url":"https:\/\/kosovatimes.info\/wp-content\/uploads\/2026\/05\/Haxhiu-1.jpg","contentUrl":"https:\/\/kosovatimes.info\/wp-content\/uploads\/2026\/05\/Haxhiu-1.jpg","width":780,"height":500},{"@type":"BreadcrumbList","@id":"https:\/\/kosovatimes.info\/index.php\/2026\/05\/01\/haxhiu-nderojme-punetoret-qe-mbajne-familjen-e-kosoven-ne-kembe\/#breadcrumb","itemListElement":[{"@type":"ListItem","position":1,"name":"Home","item":"https:\/\/kosovatimes.info\/"},{"@type":"ListItem","position":2,"name":"Haxhiu: Nderojm\u00eb pun\u00ebtor\u00ebt q\u00eb mbajn\u00eb familjen e Kosov\u00ebn n\u00eb k\u00ebmb\u00eb"}]},{"@type":"WebSite","@id":"https:\/\/kosovatimes.info\/#website","url":"https:\/\/kosovatimes.info\/","name":"Kosova Times","description":"","potentialAction":[{"@type":"SearchAction","target":{"@type":"EntryPoint","urlTemplate":"https:\/\/kosovatimes.info\/?s={search_term_string}"},"query-input":{"@type":"PropertyValueSpecification","valueRequired":true,"valueName":"search_term_string"}}],"inLanguage":"en-US"},{"@type":"Person","@id":"https:\/\/kosovatimes.info\/#\/schema\/person\/7586712b9c512fe68085de007378c915","name":"i l","image":{"@type":"ImageObject","inLanguage":"en-US","@id":"https:\/\/secure.gravatar.com\/avatar\/bad9296e02816160ae2e2435beda58222022298d5625d49fea74d18816fbb31d?s=96&d=mm&r=g","url":"https:\/\/secure.gravatar.com\/avatar\/bad9296e02816160ae2e2435beda58222022298d5625d49fea74d18816fbb31d?s=96&d=mm&r=g","contentUrl":"https:\/\/secure.gravatar.com\/avatar\/bad9296e02816160ae2e2435beda58222022298d5625d49fea74d18816fbb31d?s=96&d=mm&r=g","caption":"i l"},"url":"https:\/\/kosovatimes.info\/index.php\/author\/iliri\/"}]}},"_links":{"self":[{"href":"https:\/\/kosovatimes.info\/index.php\/wp-json\/wp\/v2\/posts\/12985","targetHints":{"allow":["GET"]}}],"collection":[{"href":"https:\/\/kosovatimes.info\/index.php\/wp-json\/wp\/v2\/posts"}],"about":[{"href":"https:\/\/kosovatimes.info\/index.php\/wp-json\/wp\/v2\/types\/post"}],"author":[{"embeddable":true,"href":"https:\/\/kosovatimes.info\/index.php\/wp-json\/wp\/v2\/users\/4"}],"replies":[{"embeddable":true,"href":"https:\/\/kosovatimes.info\/index.php\/wp-json\/wp\/v2\/comments?post=12985"}],"version-history":[{"count":1,"href":"https:\/\/kosovatimes.info\/index.php\/wp-json\/wp\/v2\/posts\/12985\/revisions"}],"predecessor-version":[{"id":12987,"href":"https:\/\/kosovatimes.info\/index.php\/wp-json\/wp\/v2\/posts\/12985\/revisions\/12987"}],"wp:featuredmedia":[{"embeddable":true,"href":"https:\/\/kosovatimes.info\/index.php\/wp-json\/wp\/v2\/media\/12986"}],"wp:attachment":[{"href":"https:\/\/kosovatimes.info\/index.php\/wp-json\/wp\/v2\/media?parent=12985"}],"wp:term":[{"taxonomy":"category","embeddable":true,"href":"https:\/\/kosovatimes.info\/index.php\/wp-json\/wp\/v2\/categories?post=12985"},{"taxonomy":"post_tag","embeddable":true,"href":"https:\/\/kosovatimes.info\/index.php\/wp-json\/wp\/v2\/tags?post=12985"}],"curies":[{"name":"wp","href":"https:\/\/api.w.org\/{rel}","templated":true}]}}