{"id":12988,"date":"2026-05-01T14:09:00","date_gmt":"2026-05-01T12:09:00","guid":{"rendered":"https:\/\/kosovatimes.info\/?p=12988"},"modified":"2026-05-01T17:23:51","modified_gmt":"2026-05-01T15:23:51","slug":"kurti-per-1-maj-rritem-pagen-minimale-dhe-fuqizuam-punetoret-ne-kosove","status":"publish","type":"post","link":"https:\/\/kosovatimes.info\/index.php\/2026\/05\/01\/kurti-per-1-maj-rritem-pagen-minimale-dhe-fuqizuam-punetoret-ne-kosove\/","title":{"rendered":"Kurti p\u00ebr 1 Maj: Rrit\u00ebm pag\u00ebn minimale dhe fuqizuam pun\u00ebtor\u00ebt n\u00eb Kosov\u00eb"},"content":{"rendered":"\n<p><strong>Me rastin e 1 Majit, Dit\u00ebs s\u00eb Pun\u00ebtor\u00ebve, kryeministri n\u00eb detyr\u00eb i Republik\u00ebs s\u00eb Kosov\u00ebs, Albin Kurti, ka vler\u00ebsuar lart\u00eb kontributin e pun\u00ebtor\u00ebve n\u00eb nd\u00ebrtimin dhe zhvillimin e shtetit t\u00eb Kosov\u00ebs, derisa premtoi se nga 1 korriku paga minimale do t\u00eb arrij\u00eb n\u00eb 500 euro.<\/strong><\/p>\n\n\n\n<p>Kurti tha se qytetar\u00ebt e Kosov\u00ebs kan\u00eb ruajtur nj\u00eb raport t\u00eb ve\u00e7ant\u00eb me pun\u00ebn, edhe n\u00eb periudha t\u00eb v\u00ebshtira historike. Ai p\u00ebrmendi periudh\u00ebn e okupimit, kur puna, pavar\u00ebsisht p\u00ebrjashtimit nga institucionet formale, u shnd\u00ebrrua n\u00eb form\u00eb q\u00ebndrese dhe organizimi shoq\u00ebror. Sipas tij, pun\u00ebtori mbetet sot shtylla kryesore e shtetnd\u00ebrtimit t\u00eb Kosov\u00ebs.<\/p>\n\n\n\n<p>Kryeministri n\u00eb detyr\u00eb theksoi se 1 Maji nuk duhet par\u00eb vet\u00ebm si dit\u00eb simbolike, por edhe si pasqyrim i gjendjes aktuale t\u00eb t\u00eb drejtave t\u00eb pun\u00ebtor\u00ebve n\u00eb bot\u00eb dhe n\u00eb vend. Ai iu referua raporteve nd\u00ebrkomb\u00ebtare t\u00eb sindikatave, t\u00eb cilat, sipas tij, tregojn\u00eb p\u00ebr p\u00ebrkeq\u00ebsim t\u00eb t\u00eb drejtave t\u00eb pun\u00ebtor\u00ebve n\u00eb vitin 2025, rritje t\u00eb pun\u00ebs afatshkurt\u00ebr dhe zgjerim t\u00eb pasiguris\u00eb n\u00eb tregun e pun\u00ebs, ve\u00e7an\u00ebrisht p\u00ebrmes platformave digjitale dhe automatizimit.<\/p>\n\n\n\n<p>Kurti theksoi se k\u00ebto zhvillime globale ndikojn\u00eb drejtp\u00ebrdrejt edhe n\u00eb Kosov\u00eb, ku, sipas tij, politikat qeveritare jan\u00eb orientuar drejt p\u00ebrmir\u00ebsimit t\u00eb kushteve t\u00eb pun\u00ebs dhe mbrojtjes s\u00eb pun\u00ebtor\u00ebve.<\/p>\n\n\n\n<p>N\u00eb k\u00ebt\u00eb drejtim, ai p\u00ebrmendi rritjen e pag\u00ebs minimale nga 170 euro n\u00eb 425 euro, me paralajm\u00ebrimin se nga 1 korriku ajo do t\u00eb arrij\u00eb n\u00eb 500 euro. Sipas tij, kjo reform\u00eb ka prekur drejtp\u00ebrdrejt rreth 150 mij\u00eb pun\u00ebtor\u00eb, kryesisht n\u00eb sektorin privat.<\/p>\n\n\n\n<p>Po ashtu, ai p\u00ebrmendi vendosjen e pag\u00ebs s\u00eb 13-t\u00eb p\u00ebr sektorin publik, si dhe thirrjet drejtuar sektorit privat p\u00ebr ndjekjen e k\u00ebtij shembulli. Kurti foli edhe p\u00ebr programin \u201cSuperpuna\u201d, i cili subvencionon pun\u00ebsimin e t\u00eb rinjve, duke b\u00ebr\u00eb t\u00eb mundur pun\u00ebsimin e mbi 23 mij\u00eb t\u00eb rinjve dhe p\u00ebrfshirjen e mij\u00ebra bizneseve.<\/p>\n\n\n\n<p>N\u00eb fjal\u00ebn e tij, ai ndali v\u00ebmendjen edhe te mungesa e organizimit sindikal n\u00eb sektorin privat, duke e cil\u00ebsuar at\u00eb si nj\u00eb nga sfidat kryesore p\u00ebr p\u00ebrmir\u00ebsimin e t\u00eb drejtave t\u00eb pun\u00ebtor\u00ebve n\u00eb Kosov\u00eb.<\/p>\n\n\n\n<p>Kurti p\u00ebrmendi gjithashtu masat sociale t\u00eb nd\u00ebrmarra nga qeveria, p\u00ebrfshir\u00eb shtesat p\u00ebr f\u00ebmij\u00eb dhe n\u00ebnat lehona, rritjen e pensioneve nga 90 n\u00eb 150 euro, si dhe programet mb\u00ebshtet\u00ebse p\u00ebr familjet pa t\u00eb pun\u00ebsuar dhe p\u00ebr grat\u00eb n\u00eb tregun e pun\u00ebs.<\/p>\n\n\n\n<p>Ai theksoi se gjat\u00eb mandatit t\u00eb qeveris\u00eb \u00ebsht\u00eb sh\u00ebnuar rritje e ndjeshme e pun\u00ebsimit, duke e krahasuar numrin e t\u00eb pun\u00ebsuarve nga rreth 350 mij\u00eb n\u00eb rreth 435 mij\u00eb.<\/p>\n\n\n\n<p>Kurti foli p\u00ebr miratimin e projektligjit p\u00ebr sigurimet sh\u00ebndet\u00ebsore, si dhe p\u00ebr paket\u00ebn antinflacion q\u00eb, sipas tij, \u00ebsht\u00eb bllokuar n\u00eb Kuvend nga opozita.<\/p>\n\n\n\n<p>Ai tha se social-demokracia \u00ebsht\u00eb angazhim i vazhduesh\u00ebm p\u00ebr vendosjen e pun\u00ebtor\u00ebve dhe qytetar\u00ebve n\u00eb qend\u00ebr t\u00eb politikave publike, nd\u00ebrsa ritheksoi zotimin e qeveris\u00eb p\u00ebr vazhdimin e p\u00ebrmir\u00ebsimit t\u00eb standardeve t\u00eb pun\u00ebs n\u00eb Kosov\u00eb.&nbsp;<\/p>\n\n\n\n<p>Nd\u00ebrsa n\u00eb fillim t\u00eb k\u00ebtij mesazhi ai&nbsp;kujtoi se 1 Maji, i lindur n\u00eb vitin 1886 n\u00eb \u00c7ikago, p\u00ebrfaq\u00ebson nj\u00eb nga momentet m\u00eb t\u00eb r\u00ebnd\u00ebsishme t\u00eb historis\u00eb s\u00eb t\u00eb drejtave t\u00eb pun\u00ebtor\u00ebve, kur ata marshuan p\u00ebr k\u00ebrkes\u00ebn e orarit t\u00eb pun\u00ebs prej tet\u00eb or\u00ebsh, tet\u00eb or\u00eb pushim dhe tet\u00eb or\u00eb jet\u00eb p\u00ebr veten. Ai theksoi se kjo k\u00ebrkes\u00eb, e cila sot konsiderohet bazike, at\u00ebher\u00eb u fitua me sakrifica t\u00eb m\u00ebdha, p\u00ebrfshir\u00eb edhe humbje jet\u00ebsh.<\/p>\n\n\n\n<p>Sipas tij, \u00e7do e drejt\u00eb q\u00eb g\u00ebzohet sot n\u00eb bot\u00ebn demokratike, nga fundjavat, tek standardet e siguris\u00eb n\u00eb pun\u00eb, \u00ebsht\u00eb rezultat i p\u00ebrpjekjeve t\u00eb pun\u00ebtor\u00ebve q\u00eb nuk pranuan kushte t\u00eb padrejta. N\u00eb k\u00ebt\u00eb kuptim, 1 Maji, si\u00e7 u shpreh ai, mbetet rikujtim i p\u00ebrvitsh\u00ebm se t\u00eb drejtat nuk dhurohen, por fitohen dhe mbrohen vazhdimisht.<\/p>\n","protected":false},"excerpt":{"rendered":"<p>Me rastin e 1 Majit, Dit\u00ebs s\u00eb Pun\u00ebtor\u00ebve, kryeministri n\u00eb detyr\u00eb i Republik\u00ebs s\u00eb Kosov\u00ebs, Albin Kurti, ka vler\u00ebsuar lart\u00eb kontributin e pun\u00ebtor\u00ebve n\u00eb nd\u00ebrtimin dhe zhvillimin e shtetit t\u00eb Kosov\u00ebs, derisa premtoi se nga 1 korriku paga minimale do t\u00eb arrij\u00eb n\u00eb 500 euro. Kurti tha se qytetar\u00ebt e Kosov\u00ebs kan\u00eb ruajtur nj\u00eb raport [&hellip;]<\/p>\n","protected":false},"author":4,"featured_media":12989,"comment_status":"open","ping_status":"open","sticky":false,"template":"","format":"standard","meta":{"footnotes":""},"categories":[31,30],"tags":[],"class_list":{"0":"post-12988","1":"post","2":"type-post","3":"status-publish","4":"format-standard","5":"has-post-thumbnail","7":"category-kosove","8":"category-lajme"},"yoast_head":"<!-- This site is optimized with the Yoast SEO plugin v27.4 - https:\/\/yoast.com\/product\/yoast-seo-wordpress\/ -->\n<title>Kurti p\u00ebr 1 Maj: Rrit\u00ebm pag\u00ebn minimale dhe fuqizuam pun\u00ebtor\u00ebt n\u00eb Kosov\u00eb - Kosova Times<\/title>\n<meta name=\"robots\" content=\"index, follow, max-snippet:-1, max-image-preview:large, max-video-preview:-1\" \/>\n<link rel=\"canonical\" href=\"https:\/\/kosovatimes.info\/index.php\/2026\/05\/01\/kurti-per-1-maj-rritem-pagen-minimale-dhe-fuqizuam-punetoret-ne-kosove\/\" \/>\n<meta property=\"og:locale\" content=\"en_US\" \/>\n<meta property=\"og:type\" content=\"article\" \/>\n<meta property=\"og:title\" content=\"Kurti p\u00ebr 1 Maj: Rrit\u00ebm pag\u00ebn minimale dhe fuqizuam pun\u00ebtor\u00ebt n\u00eb Kosov\u00eb - Kosova Times\" \/>\n<meta property=\"og:description\" content=\"Me rastin e 1 Majit, Dit\u00ebs s\u00eb Pun\u00ebtor\u00ebve, kryeministri n\u00eb detyr\u00eb i Republik\u00ebs s\u00eb Kosov\u00ebs, Albin Kurti, ka vler\u00ebsuar lart\u00eb kontributin e pun\u00ebtor\u00ebve n\u00eb nd\u00ebrtimin dhe zhvillimin e shtetit t\u00eb Kosov\u00ebs, derisa premtoi se nga 1 korriku paga minimale do t\u00eb arrij\u00eb n\u00eb 500 euro. Kurti tha se qytetar\u00ebt e Kosov\u00ebs kan\u00eb ruajtur nj\u00eb raport [&hellip;]\" \/>\n<meta property=\"og:url\" content=\"https:\/\/kosovatimes.info\/index.php\/2026\/05\/01\/kurti-per-1-maj-rritem-pagen-minimale-dhe-fuqizuam-punetoret-ne-kosove\/\" \/>\n<meta property=\"og:site_name\" content=\"Kosova Times\" \/>\n<meta property=\"article:published_time\" content=\"2026-05-01T12:09:00+00:00\" \/>\n<meta property=\"article:modified_time\" content=\"2026-05-01T15:23:51+00:00\" \/>\n<meta property=\"og:image\" content=\"https:\/\/kosovatimes.info\/wp-content\/uploads\/2026\/05\/Albin.jpg\" \/>\n\t<meta property=\"og:image:width\" content=\"780\" \/>\n\t<meta property=\"og:image:height\" content=\"500\" \/>\n\t<meta property=\"og:image:type\" content=\"image\/jpeg\" \/>\n<meta name=\"author\" content=\"i l\" \/>\n<meta name=\"twitter:card\" content=\"summary_large_image\" \/>\n<meta name=\"twitter:label1\" content=\"Written by\" \/>\n\t<meta name=\"twitter:data1\" content=\"i l\" \/>\n\t<meta name=\"twitter:label2\" content=\"Est. reading time\" \/>\n\t<meta name=\"twitter:data2\" content=\"3 minutes\" \/>\n<script type=\"application\/ld+json\" class=\"yoast-schema-graph\">{\"@context\":\"https:\\\/\\\/schema.org\",\"@graph\":[{\"@type\":\"Article\",\"@id\":\"https:\\\/\\\/kosovatimes.info\\\/index.php\\\/2026\\\/05\\\/01\\\/kurti-per-1-maj-rritem-pagen-minimale-dhe-fuqizuam-punetoret-ne-kosove\\\/#article\",\"isPartOf\":{\"@id\":\"https:\\\/\\\/kosovatimes.info\\\/index.php\\\/2026\\\/05\\\/01\\\/kurti-per-1-maj-rritem-pagen-minimale-dhe-fuqizuam-punetoret-ne-kosove\\\/\"},\"author\":{\"name\":\"i l\",\"@id\":\"https:\\\/\\\/kosovatimes.info\\\/#\\\/schema\\\/person\\\/7586712b9c512fe68085de007378c915\"},\"headline\":\"Kurti p\u00ebr 1 Maj: Rrit\u00ebm pag\u00ebn minimale dhe fuqizuam pun\u00ebtor\u00ebt n\u00eb Kosov\u00eb\",\"datePublished\":\"2026-05-01T12:09:00+00:00\",\"dateModified\":\"2026-05-01T15:23:51+00:00\",\"mainEntityOfPage\":{\"@id\":\"https:\\\/\\\/kosovatimes.info\\\/index.php\\\/2026\\\/05\\\/01\\\/kurti-per-1-maj-rritem-pagen-minimale-dhe-fuqizuam-punetoret-ne-kosove\\\/\"},\"wordCount\":710,\"commentCount\":0,\"image\":{\"@id\":\"https:\\\/\\\/kosovatimes.info\\\/index.php\\\/2026\\\/05\\\/01\\\/kurti-per-1-maj-rritem-pagen-minimale-dhe-fuqizuam-punetoret-ne-kosove\\\/#primaryimage\"},\"thumbnailUrl\":\"https:\\\/\\\/kosovatimes.info\\\/wp-content\\\/uploads\\\/2026\\\/05\\\/Albin.jpg\",\"articleSection\":[\"Kosov\u00eb\",\"Lajme\"],\"inLanguage\":\"en-US\",\"potentialAction\":[{\"@type\":\"CommentAction\",\"name\":\"Comment\",\"target\":[\"https:\\\/\\\/kosovatimes.info\\\/index.php\\\/2026\\\/05\\\/01\\\/kurti-per-1-maj-rritem-pagen-minimale-dhe-fuqizuam-punetoret-ne-kosove\\\/#respond\"]}]},{\"@type\":\"WebPage\",\"@id\":\"https:\\\/\\\/kosovatimes.info\\\/index.php\\\/2026\\\/05\\\/01\\\/kurti-per-1-maj-rritem-pagen-minimale-dhe-fuqizuam-punetoret-ne-kosove\\\/\",\"url\":\"https:\\\/\\\/kosovatimes.info\\\/index.php\\\/2026\\\/05\\\/01\\\/kurti-per-1-maj-rritem-pagen-minimale-dhe-fuqizuam-punetoret-ne-kosove\\\/\",\"name\":\"Kurti p\u00ebr 1 Maj: Rrit\u00ebm pag\u00ebn minimale dhe fuqizuam pun\u00ebtor\u00ebt n\u00eb Kosov\u00eb - Kosova Times\",\"isPartOf\":{\"@id\":\"https:\\\/\\\/kosovatimes.info\\\/#website\"},\"primaryImageOfPage\":{\"@id\":\"https:\\\/\\\/kosovatimes.info\\\/index.php\\\/2026\\\/05\\\/01\\\/kurti-per-1-maj-rritem-pagen-minimale-dhe-fuqizuam-punetoret-ne-kosove\\\/#primaryimage\"},\"image\":{\"@id\":\"https:\\\/\\\/kosovatimes.info\\\/index.php\\\/2026\\\/05\\\/01\\\/kurti-per-1-maj-rritem-pagen-minimale-dhe-fuqizuam-punetoret-ne-kosove\\\/#primaryimage\"},\"thumbnailUrl\":\"https:\\\/\\\/kosovatimes.info\\\/wp-content\\\/uploads\\\/2026\\\/05\\\/Albin.jpg\",\"datePublished\":\"2026-05-01T12:09:00+00:00\",\"dateModified\":\"2026-05-01T15:23:51+00:00\",\"author\":{\"@id\":\"https:\\\/\\\/kosovatimes.info\\\/#\\\/schema\\\/person\\\/7586712b9c512fe68085de007378c915\"},\"breadcrumb\":{\"@id\":\"https:\\\/\\\/kosovatimes.info\\\/index.php\\\/2026\\\/05\\\/01\\\/kurti-per-1-maj-rritem-pagen-minimale-dhe-fuqizuam-punetoret-ne-kosove\\\/#breadcrumb\"},\"inLanguage\":\"en-US\",\"potentialAction\":[{\"@type\":\"ReadAction\",\"target\":[\"https:\\\/\\\/kosovatimes.info\\\/index.php\\\/2026\\\/05\\\/01\\\/kurti-per-1-maj-rritem-pagen-minimale-dhe-fuqizuam-punetoret-ne-kosove\\\/\"]}]},{\"@type\":\"ImageObject\",\"inLanguage\":\"en-US\",\"@id\":\"https:\\\/\\\/kosovatimes.info\\\/index.php\\\/2026\\\/05\\\/01\\\/kurti-per-1-maj-rritem-pagen-minimale-dhe-fuqizuam-punetoret-ne-kosove\\\/#primaryimage\",\"url\":\"https:\\\/\\\/kosovatimes.info\\\/wp-content\\\/uploads\\\/2026\\\/05\\\/Albin.jpg\",\"contentUrl\":\"https:\\\/\\\/kosovatimes.info\\\/wp-content\\\/uploads\\\/2026\\\/05\\\/Albin.jpg\",\"width\":780,\"height\":500},{\"@type\":\"BreadcrumbList\",\"@id\":\"https:\\\/\\\/kosovatimes.info\\\/index.php\\\/2026\\\/05\\\/01\\\/kurti-per-1-maj-rritem-pagen-minimale-dhe-fuqizuam-punetoret-ne-kosove\\\/#breadcrumb\",\"itemListElement\":[{\"@type\":\"ListItem\",\"position\":1,\"name\":\"Home\",\"item\":\"https:\\\/\\\/kosovatimes.info\\\/\"},{\"@type\":\"ListItem\",\"position\":2,\"name\":\"Kurti p\u00ebr 1 Maj: Rrit\u00ebm pag\u00ebn minimale dhe fuqizuam pun\u00ebtor\u00ebt n\u00eb Kosov\u00eb\"}]},{\"@type\":\"WebSite\",\"@id\":\"https:\\\/\\\/kosovatimes.info\\\/#website\",\"url\":\"https:\\\/\\\/kosovatimes.info\\\/\",\"name\":\"Kosova Times\",\"description\":\"\",\"potentialAction\":[{\"@type\":\"SearchAction\",\"target\":{\"@type\":\"EntryPoint\",\"urlTemplate\":\"https:\\\/\\\/kosovatimes.info\\\/?s={search_term_string}\"},\"query-input\":{\"@type\":\"PropertyValueSpecification\",\"valueRequired\":true,\"valueName\":\"search_term_string\"}}],\"inLanguage\":\"en-US\"},{\"@type\":\"Person\",\"@id\":\"https:\\\/\\\/kosovatimes.info\\\/#\\\/schema\\\/person\\\/7586712b9c512fe68085de007378c915\",\"name\":\"i l\",\"image\":{\"@type\":\"ImageObject\",\"inLanguage\":\"en-US\",\"@id\":\"https:\\\/\\\/secure.gravatar.com\\\/avatar\\\/bad9296e02816160ae2e2435beda58222022298d5625d49fea74d18816fbb31d?s=96&d=mm&r=g\",\"url\":\"https:\\\/\\\/secure.gravatar.com\\\/avatar\\\/bad9296e02816160ae2e2435beda58222022298d5625d49fea74d18816fbb31d?s=96&d=mm&r=g\",\"contentUrl\":\"https:\\\/\\\/secure.gravatar.com\\\/avatar\\\/bad9296e02816160ae2e2435beda58222022298d5625d49fea74d18816fbb31d?s=96&d=mm&r=g\",\"caption\":\"i l\"},\"url\":\"https:\\\/\\\/kosovatimes.info\\\/index.php\\\/author\\\/iliri\\\/\"}]}<\/script>\n<!-- \/ Yoast SEO plugin. -->","yoast_head_json":{"title":"Kurti p\u00ebr 1 Maj: Rrit\u00ebm pag\u00ebn minimale dhe fuqizuam pun\u00ebtor\u00ebt n\u00eb Kosov\u00eb - Kosova Times","robots":{"index":"index","follow":"follow","max-snippet":"max-snippet:-1","max-image-preview":"max-image-preview:large","max-video-preview":"max-video-preview:-1"},"canonical":"https:\/\/kosovatimes.info\/index.php\/2026\/05\/01\/kurti-per-1-maj-rritem-pagen-minimale-dhe-fuqizuam-punetoret-ne-kosove\/","og_locale":"en_US","og_type":"article","og_title":"Kurti p\u00ebr 1 Maj: Rrit\u00ebm pag\u00ebn minimale dhe fuqizuam pun\u00ebtor\u00ebt n\u00eb Kosov\u00eb - Kosova Times","og_description":"Me rastin e 1 Majit, Dit\u00ebs s\u00eb Pun\u00ebtor\u00ebve, kryeministri n\u00eb detyr\u00eb i Republik\u00ebs s\u00eb Kosov\u00ebs, Albin Kurti, ka vler\u00ebsuar lart\u00eb kontributin e pun\u00ebtor\u00ebve n\u00eb nd\u00ebrtimin dhe zhvillimin e shtetit t\u00eb Kosov\u00ebs, derisa premtoi se nga 1 korriku paga minimale do t\u00eb arrij\u00eb n\u00eb 500 euro. Kurti tha se qytetar\u00ebt e Kosov\u00ebs kan\u00eb ruajtur nj\u00eb raport [&hellip;]","og_url":"https:\/\/kosovatimes.info\/index.php\/2026\/05\/01\/kurti-per-1-maj-rritem-pagen-minimale-dhe-fuqizuam-punetoret-ne-kosove\/","og_site_name":"Kosova Times","article_published_time":"2026-05-01T12:09:00+00:00","article_modified_time":"2026-05-01T15:23:51+00:00","og_image":[{"width":780,"height":500,"url":"https:\/\/kosovatimes.info\/wp-content\/uploads\/2026\/05\/Albin.jpg","type":"image\/jpeg"}],"author":"i l","twitter_card":"summary_large_image","twitter_misc":{"Written by":"i l","Est. reading time":"3 minutes"},"schema":{"@context":"https:\/\/schema.org","@graph":[{"@type":"Article","@id":"https:\/\/kosovatimes.info\/index.php\/2026\/05\/01\/kurti-per-1-maj-rritem-pagen-minimale-dhe-fuqizuam-punetoret-ne-kosove\/#article","isPartOf":{"@id":"https:\/\/kosovatimes.info\/index.php\/2026\/05\/01\/kurti-per-1-maj-rritem-pagen-minimale-dhe-fuqizuam-punetoret-ne-kosove\/"},"author":{"name":"i l","@id":"https:\/\/kosovatimes.info\/#\/schema\/person\/7586712b9c512fe68085de007378c915"},"headline":"Kurti p\u00ebr 1 Maj: Rrit\u00ebm pag\u00ebn minimale dhe fuqizuam pun\u00ebtor\u00ebt n\u00eb Kosov\u00eb","datePublished":"2026-05-01T12:09:00+00:00","dateModified":"2026-05-01T15:23:51+00:00","mainEntityOfPage":{"@id":"https:\/\/kosovatimes.info\/index.php\/2026\/05\/01\/kurti-per-1-maj-rritem-pagen-minimale-dhe-fuqizuam-punetoret-ne-kosove\/"},"wordCount":710,"commentCount":0,"image":{"@id":"https:\/\/kosovatimes.info\/index.php\/2026\/05\/01\/kurti-per-1-maj-rritem-pagen-minimale-dhe-fuqizuam-punetoret-ne-kosove\/#primaryimage"},"thumbnailUrl":"https:\/\/kosovatimes.info\/wp-content\/uploads\/2026\/05\/Albin.jpg","articleSection":["Kosov\u00eb","Lajme"],"inLanguage":"en-US","potentialAction":[{"@type":"CommentAction","name":"Comment","target":["https:\/\/kosovatimes.info\/index.php\/2026\/05\/01\/kurti-per-1-maj-rritem-pagen-minimale-dhe-fuqizuam-punetoret-ne-kosove\/#respond"]}]},{"@type":"WebPage","@id":"https:\/\/kosovatimes.info\/index.php\/2026\/05\/01\/kurti-per-1-maj-rritem-pagen-minimale-dhe-fuqizuam-punetoret-ne-kosove\/","url":"https:\/\/kosovatimes.info\/index.php\/2026\/05\/01\/kurti-per-1-maj-rritem-pagen-minimale-dhe-fuqizuam-punetoret-ne-kosove\/","name":"Kurti p\u00ebr 1 Maj: Rrit\u00ebm pag\u00ebn minimale dhe fuqizuam pun\u00ebtor\u00ebt n\u00eb Kosov\u00eb - Kosova Times","isPartOf":{"@id":"https:\/\/kosovatimes.info\/#website"},"primaryImageOfPage":{"@id":"https:\/\/kosovatimes.info\/index.php\/2026\/05\/01\/kurti-per-1-maj-rritem-pagen-minimale-dhe-fuqizuam-punetoret-ne-kosove\/#primaryimage"},"image":{"@id":"https:\/\/kosovatimes.info\/index.php\/2026\/05\/01\/kurti-per-1-maj-rritem-pagen-minimale-dhe-fuqizuam-punetoret-ne-kosove\/#primaryimage"},"thumbnailUrl":"https:\/\/kosovatimes.info\/wp-content\/uploads\/2026\/05\/Albin.jpg","datePublished":"2026-05-01T12:09:00+00:00","dateModified":"2026-05-01T15:23:51+00:00","author":{"@id":"https:\/\/kosovatimes.info\/#\/schema\/person\/7586712b9c512fe68085de007378c915"},"breadcrumb":{"@id":"https:\/\/kosovatimes.info\/index.php\/2026\/05\/01\/kurti-per-1-maj-rritem-pagen-minimale-dhe-fuqizuam-punetoret-ne-kosove\/#breadcrumb"},"inLanguage":"en-US","potentialAction":[{"@type":"ReadAction","target":["https:\/\/kosovatimes.info\/index.php\/2026\/05\/01\/kurti-per-1-maj-rritem-pagen-minimale-dhe-fuqizuam-punetoret-ne-kosove\/"]}]},{"@type":"ImageObject","inLanguage":"en-US","@id":"https:\/\/kosovatimes.info\/index.php\/2026\/05\/01\/kurti-per-1-maj-rritem-pagen-minimale-dhe-fuqizuam-punetoret-ne-kosove\/#primaryimage","url":"https:\/\/kosovatimes.info\/wp-content\/uploads\/2026\/05\/Albin.jpg","contentUrl":"https:\/\/kosovatimes.info\/wp-content\/uploads\/2026\/05\/Albin.jpg","width":780,"height":500},{"@type":"BreadcrumbList","@id":"https:\/\/kosovatimes.info\/index.php\/2026\/05\/01\/kurti-per-1-maj-rritem-pagen-minimale-dhe-fuqizuam-punetoret-ne-kosove\/#breadcrumb","itemListElement":[{"@type":"ListItem","position":1,"name":"Home","item":"https:\/\/kosovatimes.info\/"},{"@type":"ListItem","position":2,"name":"Kurti p\u00ebr 1 Maj: Rrit\u00ebm pag\u00ebn minimale dhe fuqizuam pun\u00ebtor\u00ebt n\u00eb Kosov\u00eb"}]},{"@type":"WebSite","@id":"https:\/\/kosovatimes.info\/#website","url":"https:\/\/kosovatimes.info\/","name":"Kosova Times","description":"","potentialAction":[{"@type":"SearchAction","target":{"@type":"EntryPoint","urlTemplate":"https:\/\/kosovatimes.info\/?s={search_term_string}"},"query-input":{"@type":"PropertyValueSpecification","valueRequired":true,"valueName":"search_term_string"}}],"inLanguage":"en-US"},{"@type":"Person","@id":"https:\/\/kosovatimes.info\/#\/schema\/person\/7586712b9c512fe68085de007378c915","name":"i l","image":{"@type":"ImageObject","inLanguage":"en-US","@id":"https:\/\/secure.gravatar.com\/avatar\/bad9296e02816160ae2e2435beda58222022298d5625d49fea74d18816fbb31d?s=96&d=mm&r=g","url":"https:\/\/secure.gravatar.com\/avatar\/bad9296e02816160ae2e2435beda58222022298d5625d49fea74d18816fbb31d?s=96&d=mm&r=g","contentUrl":"https:\/\/secure.gravatar.com\/avatar\/bad9296e02816160ae2e2435beda58222022298d5625d49fea74d18816fbb31d?s=96&d=mm&r=g","caption":"i l"},"url":"https:\/\/kosovatimes.info\/index.php\/author\/iliri\/"}]}},"_links":{"self":[{"href":"https:\/\/kosovatimes.info\/index.php\/wp-json\/wp\/v2\/posts\/12988","targetHints":{"allow":["GET"]}}],"collection":[{"href":"https:\/\/kosovatimes.info\/index.php\/wp-json\/wp\/v2\/posts"}],"about":[{"href":"https:\/\/kosovatimes.info\/index.php\/wp-json\/wp\/v2\/types\/post"}],"author":[{"embeddable":true,"href":"https:\/\/kosovatimes.info\/index.php\/wp-json\/wp\/v2\/users\/4"}],"replies":[{"embeddable":true,"href":"https:\/\/kosovatimes.info\/index.php\/wp-json\/wp\/v2\/comments?post=12988"}],"version-history":[{"count":1,"href":"https:\/\/kosovatimes.info\/index.php\/wp-json\/wp\/v2\/posts\/12988\/revisions"}],"predecessor-version":[{"id":12990,"href":"https:\/\/kosovatimes.info\/index.php\/wp-json\/wp\/v2\/posts\/12988\/revisions\/12990"}],"wp:featuredmedia":[{"embeddable":true,"href":"https:\/\/kosovatimes.info\/index.php\/wp-json\/wp\/v2\/media\/12989"}],"wp:attachment":[{"href":"https:\/\/kosovatimes.info\/index.php\/wp-json\/wp\/v2\/media?parent=12988"}],"wp:term":[{"taxonomy":"category","embeddable":true,"href":"https:\/\/kosovatimes.info\/index.php\/wp-json\/wp\/v2\/categories?post=12988"},{"taxonomy":"post_tag","embeddable":true,"href":"https:\/\/kosovatimes.info\/index.php\/wp-json\/wp\/v2\/tags?post=12988"}],"curies":[{"name":"wp","href":"https:\/\/api.w.org\/{rel}","templated":true}]}}