{"id":12997,"date":"2026-05-01T15:00:00","date_gmt":"2026-05-01T13:00:00","guid":{"rendered":"https:\/\/kosovatimes.info\/?p=12997"},"modified":"2026-05-01T17:27:38","modified_gmt":"2026-05-01T15:27:38","slug":"seancat-ndaj-thacit-dhe-te-tjereve-nga-11-deri-me-15-maj","status":"publish","type":"post","link":"https:\/\/kosovatimes.info\/index.php\/2026\/05\/01\/seancat-ndaj-thacit-dhe-te-tjereve-nga-11-deri-me-15-maj\/","title":{"rendered":"Seancat ndaj Tha\u00e7it dhe t\u00eb tjer\u00ebve nga 11 deri m\u00eb 15 maj"},"content":{"rendered":"\n<p><a target=\"_blank\" href=\"https:\/\/www.linkedin.com\/shareArticle?mini=true&amp;url=https%3A%2F%2Fwww.rtklive.com%2Fsq%2Fnews-single.php%3FID%3D723635\" rel=\"noreferrer noopener\"><\/a><\/p>\n\n\n\n<h2 class=\"wp-block-heading\"><strong>Nga 11 deri m\u00eb 15 maj do t\u00eb mbahen seancat ndaj Tha\u00e7it dhe t\u00eb tjer\u00ebve kund\u00ebr administrimit t\u00eb drejt\u00ebsis\u00eb.<\/strong><\/h2>\n\n\n\n<p>K\u00ebshtu kan\u00eb njoftuar nga Dhomat e Specializuara t\u00eb Kosov\u00ebs n\u00eb Hag\u00eb, teksa seancat lidhen me akuzat p\u00ebr vepra kund\u00ebr administrimit t\u00eb drejt\u00ebsis\u00eb.<\/p>\n\n\n\n<p>Z\u00ebdh\u00ebn\u00ebsja e Speciales, Angela Griep, n\u00eb informimin javor t\u00eb Dhomave t\u00eb Specializuara t\u00eb Kosov\u00ebs, m\u00eb 30 prill ka b\u00ebr\u00eb me dije se n\u00eb rastin ndaj Hashim Tha\u00e7it, Kadri Veselit, Rexhep Selimit dhe Jakup Krasniqit, aktualisht, Trupi Gjykues n\u00eb k\u00ebt\u00eb \u00e7\u00ebshtje gjyq\u00ebsore \u00ebsht\u00eb n\u00eb faz\u00ebn e kuvendimeve.<\/p>\n\n\n\n<p>\u201cAfati p\u00ebr nxjerrjen e aktgjykimit varet nga secila \u00e7\u00ebshtje. Rregullorja p\u00ebrcakton se Trupi Gjykues ka 90 dit\u00eb p\u00ebr t\u00eb arritur nj\u00eb verdikt, por mund t\u00eb shtyj\u00eb kuvendimet p\u00ebrtej 90 dit\u00ebve n\u00eb rast se, p\u00ebr shkak t\u00eb rrethanave, k\u00ebrkohet m\u00eb shum\u00eb koh\u00eb\u201d, tha ajo.<\/p>\n\n\n\n<figure class=\"wp-block-image\"><img decoding=\"async\" src=\"https:\/\/www.rtklive.com\/sq\/gallery\/news_hidden_inside\/723635\/dhsk_hg.png\" alt=\"\"\/><\/figure>\n","protected":false},"excerpt":{"rendered":"<p>Nga 11 deri m\u00eb 15 maj do t\u00eb mbahen seancat ndaj Tha\u00e7it dhe t\u00eb tjer\u00ebve kund\u00ebr administrimit t\u00eb drejt\u00ebsis\u00eb. K\u00ebshtu kan\u00eb njoftuar nga Dhomat e Specializuara t\u00eb Kosov\u00ebs n\u00eb Hag\u00eb, teksa seancat lidhen me akuzat p\u00ebr vepra kund\u00ebr administrimit t\u00eb drejt\u00ebsis\u00eb. Z\u00ebdh\u00ebn\u00ebsja e Speciales, Angela Griep, n\u00eb informimin javor t\u00eb Dhomave t\u00eb Specializuara t\u00eb Kosov\u00ebs, [&hellip;]<\/p>\n","protected":false},"author":4,"featured_media":12998,"comment_status":"open","ping_status":"open","sticky":false,"template":"","format":"standard","meta":{"footnotes":""},"categories":[31,30],"tags":[],"class_list":{"0":"post-12997","1":"post","2":"type-post","3":"status-publish","4":"format-standard","5":"has-post-thumbnail","7":"category-kosove","8":"category-lajme"},"yoast_head":"<!-- This site is optimized with the Yoast SEO plugin v27.4 - https:\/\/yoast.com\/product\/yoast-seo-wordpress\/ -->\n<title>Seancat ndaj Tha\u00e7it dhe t\u00eb tjer\u00ebve nga 11 deri m\u00eb 15 maj - Kosova Times<\/title>\n<meta name=\"robots\" content=\"index, follow, max-snippet:-1, max-image-preview:large, max-video-preview:-1\" \/>\n<link rel=\"canonical\" href=\"https:\/\/kosovatimes.info\/index.php\/2026\/05\/01\/seancat-ndaj-thacit-dhe-te-tjereve-nga-11-deri-me-15-maj\/\" \/>\n<meta property=\"og:locale\" content=\"en_US\" \/>\n<meta property=\"og:type\" content=\"article\" \/>\n<meta property=\"og:title\" content=\"Seancat ndaj Tha\u00e7it dhe t\u00eb tjer\u00ebve nga 11 deri m\u00eb 15 maj - Kosova Times\" \/>\n<meta property=\"og:description\" content=\"Nga 11 deri m\u00eb 15 maj do t\u00eb mbahen seancat ndaj Tha\u00e7it dhe t\u00eb tjer\u00ebve kund\u00ebr administrimit t\u00eb drejt\u00ebsis\u00eb. K\u00ebshtu kan\u00eb njoftuar nga Dhomat e Specializuara t\u00eb Kosov\u00ebs n\u00eb Hag\u00eb, teksa seancat lidhen me akuzat p\u00ebr vepra kund\u00ebr administrimit t\u00eb drejt\u00ebsis\u00eb. Z\u00ebdh\u00ebn\u00ebsja e Speciales, Angela Griep, n\u00eb informimin javor t\u00eb Dhomave t\u00eb Specializuara t\u00eb Kosov\u00ebs, [&hellip;]\" \/>\n<meta property=\"og:url\" content=\"https:\/\/kosovatimes.info\/index.php\/2026\/05\/01\/seancat-ndaj-thacit-dhe-te-tjereve-nga-11-deri-me-15-maj\/\" \/>\n<meta property=\"og:site_name\" content=\"Kosova Times\" \/>\n<meta property=\"article:published_time\" content=\"2026-05-01T13:00:00+00:00\" \/>\n<meta property=\"article:modified_time\" content=\"2026-05-01T15:27:38+00:00\" \/>\n<meta property=\"og:image\" content=\"https:\/\/kosovatimes.info\/wp-content\/uploads\/2026\/05\/Thaci.jpg\" \/>\n\t<meta property=\"og:image:width\" content=\"780\" \/>\n\t<meta property=\"og:image:height\" content=\"500\" \/>\n\t<meta property=\"og:image:type\" content=\"image\/jpeg\" \/>\n<meta name=\"author\" content=\"i l\" \/>\n<meta name=\"twitter:card\" content=\"summary_large_image\" \/>\n<meta name=\"twitter:label1\" content=\"Written by\" \/>\n\t<meta name=\"twitter:data1\" content=\"i l\" \/>\n\t<meta name=\"twitter:label2\" content=\"Est. reading time\" \/>\n\t<meta name=\"twitter:data2\" content=\"1 minute\" \/>\n<script type=\"application\/ld+json\" class=\"yoast-schema-graph\">{\"@context\":\"https:\\\/\\\/schema.org\",\"@graph\":[{\"@type\":\"Article\",\"@id\":\"https:\\\/\\\/kosovatimes.info\\\/index.php\\\/2026\\\/05\\\/01\\\/seancat-ndaj-thacit-dhe-te-tjereve-nga-11-deri-me-15-maj\\\/#article\",\"isPartOf\":{\"@id\":\"https:\\\/\\\/kosovatimes.info\\\/index.php\\\/2026\\\/05\\\/01\\\/seancat-ndaj-thacit-dhe-te-tjereve-nga-11-deri-me-15-maj\\\/\"},\"author\":{\"name\":\"i l\",\"@id\":\"https:\\\/\\\/kosovatimes.info\\\/#\\\/schema\\\/person\\\/7586712b9c512fe68085de007378c915\"},\"headline\":\"Seancat ndaj Tha\u00e7it dhe t\u00eb tjer\u00ebve nga 11 deri m\u00eb 15 maj\",\"datePublished\":\"2026-05-01T13:00:00+00:00\",\"dateModified\":\"2026-05-01T15:27:38+00:00\",\"mainEntityOfPage\":{\"@id\":\"https:\\\/\\\/kosovatimes.info\\\/index.php\\\/2026\\\/05\\\/01\\\/seancat-ndaj-thacit-dhe-te-tjereve-nga-11-deri-me-15-maj\\\/\"},\"wordCount\":162,\"commentCount\":0,\"image\":{\"@id\":\"https:\\\/\\\/kosovatimes.info\\\/index.php\\\/2026\\\/05\\\/01\\\/seancat-ndaj-thacit-dhe-te-tjereve-nga-11-deri-me-15-maj\\\/#primaryimage\"},\"thumbnailUrl\":\"https:\\\/\\\/kosovatimes.info\\\/wp-content\\\/uploads\\\/2026\\\/05\\\/Thaci.jpg\",\"articleSection\":[\"Kosov\u00eb\",\"Lajme\"],\"inLanguage\":\"en-US\",\"potentialAction\":[{\"@type\":\"CommentAction\",\"name\":\"Comment\",\"target\":[\"https:\\\/\\\/kosovatimes.info\\\/index.php\\\/2026\\\/05\\\/01\\\/seancat-ndaj-thacit-dhe-te-tjereve-nga-11-deri-me-15-maj\\\/#respond\"]}]},{\"@type\":\"WebPage\",\"@id\":\"https:\\\/\\\/kosovatimes.info\\\/index.php\\\/2026\\\/05\\\/01\\\/seancat-ndaj-thacit-dhe-te-tjereve-nga-11-deri-me-15-maj\\\/\",\"url\":\"https:\\\/\\\/kosovatimes.info\\\/index.php\\\/2026\\\/05\\\/01\\\/seancat-ndaj-thacit-dhe-te-tjereve-nga-11-deri-me-15-maj\\\/\",\"name\":\"Seancat ndaj Tha\u00e7it dhe t\u00eb tjer\u00ebve nga 11 deri m\u00eb 15 maj - Kosova Times\",\"isPartOf\":{\"@id\":\"https:\\\/\\\/kosovatimes.info\\\/#website\"},\"primaryImageOfPage\":{\"@id\":\"https:\\\/\\\/kosovatimes.info\\\/index.php\\\/2026\\\/05\\\/01\\\/seancat-ndaj-thacit-dhe-te-tjereve-nga-11-deri-me-15-maj\\\/#primaryimage\"},\"image\":{\"@id\":\"https:\\\/\\\/kosovatimes.info\\\/index.php\\\/2026\\\/05\\\/01\\\/seancat-ndaj-thacit-dhe-te-tjereve-nga-11-deri-me-15-maj\\\/#primaryimage\"},\"thumbnailUrl\":\"https:\\\/\\\/kosovatimes.info\\\/wp-content\\\/uploads\\\/2026\\\/05\\\/Thaci.jpg\",\"datePublished\":\"2026-05-01T13:00:00+00:00\",\"dateModified\":\"2026-05-01T15:27:38+00:00\",\"author\":{\"@id\":\"https:\\\/\\\/kosovatimes.info\\\/#\\\/schema\\\/person\\\/7586712b9c512fe68085de007378c915\"},\"breadcrumb\":{\"@id\":\"https:\\\/\\\/kosovatimes.info\\\/index.php\\\/2026\\\/05\\\/01\\\/seancat-ndaj-thacit-dhe-te-tjereve-nga-11-deri-me-15-maj\\\/#breadcrumb\"},\"inLanguage\":\"en-US\",\"potentialAction\":[{\"@type\":\"ReadAction\",\"target\":[\"https:\\\/\\\/kosovatimes.info\\\/index.php\\\/2026\\\/05\\\/01\\\/seancat-ndaj-thacit-dhe-te-tjereve-nga-11-deri-me-15-maj\\\/\"]}]},{\"@type\":\"ImageObject\",\"inLanguage\":\"en-US\",\"@id\":\"https:\\\/\\\/kosovatimes.info\\\/index.php\\\/2026\\\/05\\\/01\\\/seancat-ndaj-thacit-dhe-te-tjereve-nga-11-deri-me-15-maj\\\/#primaryimage\",\"url\":\"https:\\\/\\\/kosovatimes.info\\\/wp-content\\\/uploads\\\/2026\\\/05\\\/Thaci.jpg\",\"contentUrl\":\"https:\\\/\\\/kosovatimes.info\\\/wp-content\\\/uploads\\\/2026\\\/05\\\/Thaci.jpg\",\"width\":780,\"height\":500},{\"@type\":\"BreadcrumbList\",\"@id\":\"https:\\\/\\\/kosovatimes.info\\\/index.php\\\/2026\\\/05\\\/01\\\/seancat-ndaj-thacit-dhe-te-tjereve-nga-11-deri-me-15-maj\\\/#breadcrumb\",\"itemListElement\":[{\"@type\":\"ListItem\",\"position\":1,\"name\":\"Home\",\"item\":\"https:\\\/\\\/kosovatimes.info\\\/\"},{\"@type\":\"ListItem\",\"position\":2,\"name\":\"Seancat ndaj Tha\u00e7it dhe t\u00eb tjer\u00ebve nga 11 deri m\u00eb 15 maj\"}]},{\"@type\":\"WebSite\",\"@id\":\"https:\\\/\\\/kosovatimes.info\\\/#website\",\"url\":\"https:\\\/\\\/kosovatimes.info\\\/\",\"name\":\"Kosova Times\",\"description\":\"\",\"potentialAction\":[{\"@type\":\"SearchAction\",\"target\":{\"@type\":\"EntryPoint\",\"urlTemplate\":\"https:\\\/\\\/kosovatimes.info\\\/?s={search_term_string}\"},\"query-input\":{\"@type\":\"PropertyValueSpecification\",\"valueRequired\":true,\"valueName\":\"search_term_string\"}}],\"inLanguage\":\"en-US\"},{\"@type\":\"Person\",\"@id\":\"https:\\\/\\\/kosovatimes.info\\\/#\\\/schema\\\/person\\\/7586712b9c512fe68085de007378c915\",\"name\":\"i l\",\"image\":{\"@type\":\"ImageObject\",\"inLanguage\":\"en-US\",\"@id\":\"https:\\\/\\\/secure.gravatar.com\\\/avatar\\\/bad9296e02816160ae2e2435beda58222022298d5625d49fea74d18816fbb31d?s=96&d=mm&r=g\",\"url\":\"https:\\\/\\\/secure.gravatar.com\\\/avatar\\\/bad9296e02816160ae2e2435beda58222022298d5625d49fea74d18816fbb31d?s=96&d=mm&r=g\",\"contentUrl\":\"https:\\\/\\\/secure.gravatar.com\\\/avatar\\\/bad9296e02816160ae2e2435beda58222022298d5625d49fea74d18816fbb31d?s=96&d=mm&r=g\",\"caption\":\"i l\"},\"url\":\"https:\\\/\\\/kosovatimes.info\\\/index.php\\\/author\\\/iliri\\\/\"}]}<\/script>\n<!-- \/ Yoast SEO plugin. -->","yoast_head_json":{"title":"Seancat ndaj Tha\u00e7it dhe t\u00eb tjer\u00ebve nga 11 deri m\u00eb 15 maj - Kosova Times","robots":{"index":"index","follow":"follow","max-snippet":"max-snippet:-1","max-image-preview":"max-image-preview:large","max-video-preview":"max-video-preview:-1"},"canonical":"https:\/\/kosovatimes.info\/index.php\/2026\/05\/01\/seancat-ndaj-thacit-dhe-te-tjereve-nga-11-deri-me-15-maj\/","og_locale":"en_US","og_type":"article","og_title":"Seancat ndaj Tha\u00e7it dhe t\u00eb tjer\u00ebve nga 11 deri m\u00eb 15 maj - Kosova Times","og_description":"Nga 11 deri m\u00eb 15 maj do t\u00eb mbahen seancat ndaj Tha\u00e7it dhe t\u00eb tjer\u00ebve kund\u00ebr administrimit t\u00eb drejt\u00ebsis\u00eb. K\u00ebshtu kan\u00eb njoftuar nga Dhomat e Specializuara t\u00eb Kosov\u00ebs n\u00eb Hag\u00eb, teksa seancat lidhen me akuzat p\u00ebr vepra kund\u00ebr administrimit t\u00eb drejt\u00ebsis\u00eb. Z\u00ebdh\u00ebn\u00ebsja e Speciales, Angela Griep, n\u00eb informimin javor t\u00eb Dhomave t\u00eb Specializuara t\u00eb Kosov\u00ebs, [&hellip;]","og_url":"https:\/\/kosovatimes.info\/index.php\/2026\/05\/01\/seancat-ndaj-thacit-dhe-te-tjereve-nga-11-deri-me-15-maj\/","og_site_name":"Kosova Times","article_published_time":"2026-05-01T13:00:00+00:00","article_modified_time":"2026-05-01T15:27:38+00:00","og_image":[{"width":780,"height":500,"url":"https:\/\/kosovatimes.info\/wp-content\/uploads\/2026\/05\/Thaci.jpg","type":"image\/jpeg"}],"author":"i l","twitter_card":"summary_large_image","twitter_misc":{"Written by":"i l","Est. reading time":"1 minute"},"schema":{"@context":"https:\/\/schema.org","@graph":[{"@type":"Article","@id":"https:\/\/kosovatimes.info\/index.php\/2026\/05\/01\/seancat-ndaj-thacit-dhe-te-tjereve-nga-11-deri-me-15-maj\/#article","isPartOf":{"@id":"https:\/\/kosovatimes.info\/index.php\/2026\/05\/01\/seancat-ndaj-thacit-dhe-te-tjereve-nga-11-deri-me-15-maj\/"},"author":{"name":"i l","@id":"https:\/\/kosovatimes.info\/#\/schema\/person\/7586712b9c512fe68085de007378c915"},"headline":"Seancat ndaj Tha\u00e7it dhe t\u00eb tjer\u00ebve nga 11 deri m\u00eb 15 maj","datePublished":"2026-05-01T13:00:00+00:00","dateModified":"2026-05-01T15:27:38+00:00","mainEntityOfPage":{"@id":"https:\/\/kosovatimes.info\/index.php\/2026\/05\/01\/seancat-ndaj-thacit-dhe-te-tjereve-nga-11-deri-me-15-maj\/"},"wordCount":162,"commentCount":0,"image":{"@id":"https:\/\/kosovatimes.info\/index.php\/2026\/05\/01\/seancat-ndaj-thacit-dhe-te-tjereve-nga-11-deri-me-15-maj\/#primaryimage"},"thumbnailUrl":"https:\/\/kosovatimes.info\/wp-content\/uploads\/2026\/05\/Thaci.jpg","articleSection":["Kosov\u00eb","Lajme"],"inLanguage":"en-US","potentialAction":[{"@type":"CommentAction","name":"Comment","target":["https:\/\/kosovatimes.info\/index.php\/2026\/05\/01\/seancat-ndaj-thacit-dhe-te-tjereve-nga-11-deri-me-15-maj\/#respond"]}]},{"@type":"WebPage","@id":"https:\/\/kosovatimes.info\/index.php\/2026\/05\/01\/seancat-ndaj-thacit-dhe-te-tjereve-nga-11-deri-me-15-maj\/","url":"https:\/\/kosovatimes.info\/index.php\/2026\/05\/01\/seancat-ndaj-thacit-dhe-te-tjereve-nga-11-deri-me-15-maj\/","name":"Seancat ndaj Tha\u00e7it dhe t\u00eb tjer\u00ebve nga 11 deri m\u00eb 15 maj - Kosova Times","isPartOf":{"@id":"https:\/\/kosovatimes.info\/#website"},"primaryImageOfPage":{"@id":"https:\/\/kosovatimes.info\/index.php\/2026\/05\/01\/seancat-ndaj-thacit-dhe-te-tjereve-nga-11-deri-me-15-maj\/#primaryimage"},"image":{"@id":"https:\/\/kosovatimes.info\/index.php\/2026\/05\/01\/seancat-ndaj-thacit-dhe-te-tjereve-nga-11-deri-me-15-maj\/#primaryimage"},"thumbnailUrl":"https:\/\/kosovatimes.info\/wp-content\/uploads\/2026\/05\/Thaci.jpg","datePublished":"2026-05-01T13:00:00+00:00","dateModified":"2026-05-01T15:27:38+00:00","author":{"@id":"https:\/\/kosovatimes.info\/#\/schema\/person\/7586712b9c512fe68085de007378c915"},"breadcrumb":{"@id":"https:\/\/kosovatimes.info\/index.php\/2026\/05\/01\/seancat-ndaj-thacit-dhe-te-tjereve-nga-11-deri-me-15-maj\/#breadcrumb"},"inLanguage":"en-US","potentialAction":[{"@type":"ReadAction","target":["https:\/\/kosovatimes.info\/index.php\/2026\/05\/01\/seancat-ndaj-thacit-dhe-te-tjereve-nga-11-deri-me-15-maj\/"]}]},{"@type":"ImageObject","inLanguage":"en-US","@id":"https:\/\/kosovatimes.info\/index.php\/2026\/05\/01\/seancat-ndaj-thacit-dhe-te-tjereve-nga-11-deri-me-15-maj\/#primaryimage","url":"https:\/\/kosovatimes.info\/wp-content\/uploads\/2026\/05\/Thaci.jpg","contentUrl":"https:\/\/kosovatimes.info\/wp-content\/uploads\/2026\/05\/Thaci.jpg","width":780,"height":500},{"@type":"BreadcrumbList","@id":"https:\/\/kosovatimes.info\/index.php\/2026\/05\/01\/seancat-ndaj-thacit-dhe-te-tjereve-nga-11-deri-me-15-maj\/#breadcrumb","itemListElement":[{"@type":"ListItem","position":1,"name":"Home","item":"https:\/\/kosovatimes.info\/"},{"@type":"ListItem","position":2,"name":"Seancat ndaj Tha\u00e7it dhe t\u00eb tjer\u00ebve nga 11 deri m\u00eb 15 maj"}]},{"@type":"WebSite","@id":"https:\/\/kosovatimes.info\/#website","url":"https:\/\/kosovatimes.info\/","name":"Kosova Times","description":"","potentialAction":[{"@type":"SearchAction","target":{"@type":"EntryPoint","urlTemplate":"https:\/\/kosovatimes.info\/?s={search_term_string}"},"query-input":{"@type":"PropertyValueSpecification","valueRequired":true,"valueName":"search_term_string"}}],"inLanguage":"en-US"},{"@type":"Person","@id":"https:\/\/kosovatimes.info\/#\/schema\/person\/7586712b9c512fe68085de007378c915","name":"i l","image":{"@type":"ImageObject","inLanguage":"en-US","@id":"https:\/\/secure.gravatar.com\/avatar\/bad9296e02816160ae2e2435beda58222022298d5625d49fea74d18816fbb31d?s=96&d=mm&r=g","url":"https:\/\/secure.gravatar.com\/avatar\/bad9296e02816160ae2e2435beda58222022298d5625d49fea74d18816fbb31d?s=96&d=mm&r=g","contentUrl":"https:\/\/secure.gravatar.com\/avatar\/bad9296e02816160ae2e2435beda58222022298d5625d49fea74d18816fbb31d?s=96&d=mm&r=g","caption":"i l"},"url":"https:\/\/kosovatimes.info\/index.php\/author\/iliri\/"}]}},"_links":{"self":[{"href":"https:\/\/kosovatimes.info\/index.php\/wp-json\/wp\/v2\/posts\/12997","targetHints":{"allow":["GET"]}}],"collection":[{"href":"https:\/\/kosovatimes.info\/index.php\/wp-json\/wp\/v2\/posts"}],"about":[{"href":"https:\/\/kosovatimes.info\/index.php\/wp-json\/wp\/v2\/types\/post"}],"author":[{"embeddable":true,"href":"https:\/\/kosovatimes.info\/index.php\/wp-json\/wp\/v2\/users\/4"}],"replies":[{"embeddable":true,"href":"https:\/\/kosovatimes.info\/index.php\/wp-json\/wp\/v2\/comments?post=12997"}],"version-history":[{"count":1,"href":"https:\/\/kosovatimes.info\/index.php\/wp-json\/wp\/v2\/posts\/12997\/revisions"}],"predecessor-version":[{"id":12999,"href":"https:\/\/kosovatimes.info\/index.php\/wp-json\/wp\/v2\/posts\/12997\/revisions\/12999"}],"wp:featuredmedia":[{"embeddable":true,"href":"https:\/\/kosovatimes.info\/index.php\/wp-json\/wp\/v2\/media\/12998"}],"wp:attachment":[{"href":"https:\/\/kosovatimes.info\/index.php\/wp-json\/wp\/v2\/media?parent=12997"}],"wp:term":[{"taxonomy":"category","embeddable":true,"href":"https:\/\/kosovatimes.info\/index.php\/wp-json\/wp\/v2\/categories?post=12997"},{"taxonomy":"post_tag","embeddable":true,"href":"https:\/\/kosovatimes.info\/index.php\/wp-json\/wp\/v2\/tags?post=12997"}],"curies":[{"name":"wp","href":"https:\/\/api.w.org\/{rel}","templated":true}]}}