{"id":13003,"date":"2026-05-01T16:19:00","date_gmt":"2026-05-01T14:19:00","guid":{"rendered":"https:\/\/kosovatimes.info\/?p=13003"},"modified":"2026-05-01T17:29:57","modified_gmt":"2026-05-01T15:29:57","slug":"kurti-prokuroria-te-intensifikoje-hetimet-per-krimet-serbe","status":"publish","type":"post","link":"https:\/\/kosovatimes.info\/index.php\/2026\/05\/01\/kurti-prokuroria-te-intensifikoje-hetimet-per-krimet-serbe\/","title":{"rendered":"Kurti: Prokuroria t\u00eb intensifikoj\u00eb hetimet p\u00ebr krimet serbe"},"content":{"rendered":"\n<p><strong>N\u00eb p\u00ebrvjetorin e masakr\u00ebs n\u00eb Nab\u00ebrgjan t\u00eb Pej\u00ebs, sot jan\u00eb kujtuar 31 civil\u00ebt e pafajsh\u00ebm t\u00eb vrar\u00eb gjat\u00eb vitit 1999.<\/strong><\/p>\n\n\n\n<p>Kryeministri n\u00eb detyr\u00eb i Kosov\u00ebs, Albin Kurti, tha se viktimat \u2013 burra, gra dhe f\u00ebmij\u00eb, nga mosha 13 deri n\u00eb 95 vje\u00e7 \u2013 ishin t\u00eb pambrojtur dhe t\u00eb paarmatosur, dhe u vran\u00eb \u201cvet\u00ebm pse ishin shqiptar\u00eb dhe donin t\u00eb jetonin t\u00eb lir\u00eb n\u00eb tok\u00ebn e tyre.<\/p>\n\n\n\n<p>&#8220;N\u00eb p\u00ebrvjetorin e masakr\u00ebs n\u00eb Nab\u00ebrgjan t\u00eb Pej\u00ebs, sot kujtojm\u00eb 31 civil\u00ebt e pafajsh\u00ebm t\u00eb vrar\u00eb gjat\u00eb vitit 1999. Burra, gra e f\u00ebmij\u00eb, nga mosha 13 deri n\u00eb 95 vje\u00e7, t\u00eb pambrojtur e t\u00eb paarmatosur, u vran\u00eb vet\u00ebm pse ishin shqiptar\u00eb dhe donin t\u00eb jetonin t\u00eb lir\u00eb n\u00eb tok\u00ebn e tyre.&nbsp;Ky krim u krye nga makineria shtet\u00ebrore ushtarake e policore, e ideuar dhe e planifikuar n\u00eb Beograd nga regjimi i Millosheviqit, me synim shfarosjen e popullit shqiptar. Por plani i tyre gjenocidal d\u00ebshtoi. Populli yn\u00eb mbijetoi. Ne jemi k\u00ebtu, t\u00eb lir\u00eb e fitimtar&#8221;, ka shkruar Kurti n\u00eb facebook.<\/p>\n\n\n\n<p>Sipas tij, bashk\u00eb me aleat\u00ebt per\u00ebndimor\u00eb, Kosova e fitoi luft\u00ebn dhe u \u00e7lirua.<\/p>\n\n\n\n<p>&#8220;Ne po jetojm\u00eb n\u00eb paqe e Republika jon\u00eb po zhvillohet e po p\u00ebrparon \u00e7do dit\u00eb.&nbsp;Megjithat\u00eb, p\u00ebr paqe t\u00eb plot\u00eb, nevojitet drejt\u00ebsia. Pa drejt\u00ebsi, plag\u00ebt mbeten t\u00eb hapura.&nbsp;Qeveria e Republik\u00ebs s\u00eb Kosov\u00ebs ka forcuar kapacitetet p\u00ebr hetim dhe ndjekje penale. Prandaj edhe sot i b\u00ebjm\u00eb thirrje Prokuroris\u00eb s\u00eb Shtetit, n\u00eb ve\u00e7anti Prokuroris\u00eb Speciale, q\u00eb t\u00eb veproj\u00eb pa vones\u00eb mbi baz\u00ebn e d\u00ebshmive ekzistuese, q\u00eb kriminel\u00ebt t\u00eb dalin para drejt\u00ebsis\u00eb, qoft\u00eb edhe n\u00eb munges\u00eb.&nbsp;Sepse e v\u00ebrteta \u00ebsht\u00eb n\u00eb an\u00ebn ton\u00eb, e drejt\u00ebsia \u00ebsht\u00eb rruga jon\u00eb.&nbsp;Buz\u00ebqeshja e f\u00ebmij\u00ebve dhe p\u00ebrparimi i Kosov\u00ebs jan\u00eb d\u00ebshmia e fitores son\u00eb.&nbsp;P\u00ebrkujtimi i s\u00eb kaluar\u00ebs \u00ebsht\u00eb zotimi yn\u00eb q\u00eb ajo t\u00eb mos p\u00ebrs\u00ebritet kurr\u00eb.&nbsp;Lavdi t\u00eb gjith\u00eb d\u00ebshmor\u00ebve dhe martir\u00ebve t\u00eb kombit ton\u00eb.&nbsp;I p\u00ebrjetsh\u00ebm qoft\u00eb kujtimi p\u00ebr ta!&#8221;, ka shkruar Kurti n\u00eb &#8220;Facebook.<\/p>\n","protected":false},"excerpt":{"rendered":"<p>N\u00eb p\u00ebrvjetorin e masakr\u00ebs n\u00eb Nab\u00ebrgjan t\u00eb Pej\u00ebs, sot jan\u00eb kujtuar 31 civil\u00ebt e pafajsh\u00ebm t\u00eb vrar\u00eb gjat\u00eb vitit 1999. Kryeministri n\u00eb detyr\u00eb i Kosov\u00ebs, Albin Kurti, tha se viktimat \u2013 burra, gra dhe f\u00ebmij\u00eb, nga mosha 13 deri n\u00eb 95 vje\u00e7 \u2013 ishin t\u00eb pambrojtur dhe t\u00eb paarmatosur, dhe u vran\u00eb \u201cvet\u00ebm pse ishin [&hellip;]<\/p>\n","protected":false},"author":4,"featured_media":13004,"comment_status":"open","ping_status":"open","sticky":false,"template":"","format":"standard","meta":{"footnotes":""},"categories":[31,30],"tags":[],"class_list":{"0":"post-13003","1":"post","2":"type-post","3":"status-publish","4":"format-standard","5":"has-post-thumbnail","7":"category-kosove","8":"category-lajme"},"yoast_head":"<!-- This site is optimized with the Yoast SEO plugin v27.4 - https:\/\/yoast.com\/product\/yoast-seo-wordpress\/ -->\n<title>Kurti: Prokuroria t\u00eb intensifikoj\u00eb hetimet p\u00ebr krimet serbe - Kosova Times<\/title>\n<meta name=\"robots\" content=\"index, follow, max-snippet:-1, max-image-preview:large, max-video-preview:-1\" \/>\n<link rel=\"canonical\" href=\"https:\/\/kosovatimes.info\/index.php\/2026\/05\/01\/kurti-prokuroria-te-intensifikoje-hetimet-per-krimet-serbe\/\" \/>\n<meta property=\"og:locale\" content=\"en_US\" \/>\n<meta property=\"og:type\" content=\"article\" \/>\n<meta property=\"og:title\" content=\"Kurti: Prokuroria t\u00eb intensifikoj\u00eb hetimet p\u00ebr krimet serbe - Kosova Times\" \/>\n<meta property=\"og:description\" content=\"N\u00eb p\u00ebrvjetorin e masakr\u00ebs n\u00eb Nab\u00ebrgjan t\u00eb Pej\u00ebs, sot jan\u00eb kujtuar 31 civil\u00ebt e pafajsh\u00ebm t\u00eb vrar\u00eb gjat\u00eb vitit 1999. Kryeministri n\u00eb detyr\u00eb i Kosov\u00ebs, Albin Kurti, tha se viktimat \u2013 burra, gra dhe f\u00ebmij\u00eb, nga mosha 13 deri n\u00eb 95 vje\u00e7 \u2013 ishin t\u00eb pambrojtur dhe t\u00eb paarmatosur, dhe u vran\u00eb \u201cvet\u00ebm pse ishin [&hellip;]\" \/>\n<meta property=\"og:url\" content=\"https:\/\/kosovatimes.info\/index.php\/2026\/05\/01\/kurti-prokuroria-te-intensifikoje-hetimet-per-krimet-serbe\/\" \/>\n<meta property=\"og:site_name\" content=\"Kosova Times\" \/>\n<meta property=\"article:published_time\" content=\"2026-05-01T14:19:00+00:00\" \/>\n<meta property=\"article:modified_time\" content=\"2026-05-01T15:29:57+00:00\" \/>\n<meta property=\"og:image\" content=\"https:\/\/kosovatimes.info\/wp-content\/uploads\/2026\/05\/A.K.jpg\" \/>\n\t<meta property=\"og:image:width\" content=\"780\" \/>\n\t<meta property=\"og:image:height\" content=\"500\" \/>\n\t<meta property=\"og:image:type\" content=\"image\/jpeg\" \/>\n<meta name=\"author\" content=\"i l\" \/>\n<meta name=\"twitter:card\" content=\"summary_large_image\" \/>\n<meta name=\"twitter:label1\" content=\"Written by\" \/>\n\t<meta name=\"twitter:data1\" content=\"i l\" \/>\n\t<meta name=\"twitter:label2\" content=\"Est. reading time\" \/>\n\t<meta name=\"twitter:data2\" content=\"2 minutes\" \/>\n<script type=\"application\/ld+json\" class=\"yoast-schema-graph\">{\"@context\":\"https:\\\/\\\/schema.org\",\"@graph\":[{\"@type\":\"Article\",\"@id\":\"https:\\\/\\\/kosovatimes.info\\\/index.php\\\/2026\\\/05\\\/01\\\/kurti-prokuroria-te-intensifikoje-hetimet-per-krimet-serbe\\\/#article\",\"isPartOf\":{\"@id\":\"https:\\\/\\\/kosovatimes.info\\\/index.php\\\/2026\\\/05\\\/01\\\/kurti-prokuroria-te-intensifikoje-hetimet-per-krimet-serbe\\\/\"},\"author\":{\"name\":\"i l\",\"@id\":\"https:\\\/\\\/kosovatimes.info\\\/#\\\/schema\\\/person\\\/7586712b9c512fe68085de007378c915\"},\"headline\":\"Kurti: Prokuroria t\u00eb intensifikoj\u00eb hetimet p\u00ebr krimet serbe\",\"datePublished\":\"2026-05-01T14:19:00+00:00\",\"dateModified\":\"2026-05-01T15:29:57+00:00\",\"mainEntityOfPage\":{\"@id\":\"https:\\\/\\\/kosovatimes.info\\\/index.php\\\/2026\\\/05\\\/01\\\/kurti-prokuroria-te-intensifikoje-hetimet-per-krimet-serbe\\\/\"},\"wordCount\":374,\"commentCount\":0,\"image\":{\"@id\":\"https:\\\/\\\/kosovatimes.info\\\/index.php\\\/2026\\\/05\\\/01\\\/kurti-prokuroria-te-intensifikoje-hetimet-per-krimet-serbe\\\/#primaryimage\"},\"thumbnailUrl\":\"https:\\\/\\\/kosovatimes.info\\\/wp-content\\\/uploads\\\/2026\\\/05\\\/A.K.jpg\",\"articleSection\":[\"Kosov\u00eb\",\"Lajme\"],\"inLanguage\":\"en-US\",\"potentialAction\":[{\"@type\":\"CommentAction\",\"name\":\"Comment\",\"target\":[\"https:\\\/\\\/kosovatimes.info\\\/index.php\\\/2026\\\/05\\\/01\\\/kurti-prokuroria-te-intensifikoje-hetimet-per-krimet-serbe\\\/#respond\"]}]},{\"@type\":\"WebPage\",\"@id\":\"https:\\\/\\\/kosovatimes.info\\\/index.php\\\/2026\\\/05\\\/01\\\/kurti-prokuroria-te-intensifikoje-hetimet-per-krimet-serbe\\\/\",\"url\":\"https:\\\/\\\/kosovatimes.info\\\/index.php\\\/2026\\\/05\\\/01\\\/kurti-prokuroria-te-intensifikoje-hetimet-per-krimet-serbe\\\/\",\"name\":\"Kurti: Prokuroria t\u00eb intensifikoj\u00eb hetimet p\u00ebr krimet serbe - Kosova Times\",\"isPartOf\":{\"@id\":\"https:\\\/\\\/kosovatimes.info\\\/#website\"},\"primaryImageOfPage\":{\"@id\":\"https:\\\/\\\/kosovatimes.info\\\/index.php\\\/2026\\\/05\\\/01\\\/kurti-prokuroria-te-intensifikoje-hetimet-per-krimet-serbe\\\/#primaryimage\"},\"image\":{\"@id\":\"https:\\\/\\\/kosovatimes.info\\\/index.php\\\/2026\\\/05\\\/01\\\/kurti-prokuroria-te-intensifikoje-hetimet-per-krimet-serbe\\\/#primaryimage\"},\"thumbnailUrl\":\"https:\\\/\\\/kosovatimes.info\\\/wp-content\\\/uploads\\\/2026\\\/05\\\/A.K.jpg\",\"datePublished\":\"2026-05-01T14:19:00+00:00\",\"dateModified\":\"2026-05-01T15:29:57+00:00\",\"author\":{\"@id\":\"https:\\\/\\\/kosovatimes.info\\\/#\\\/schema\\\/person\\\/7586712b9c512fe68085de007378c915\"},\"breadcrumb\":{\"@id\":\"https:\\\/\\\/kosovatimes.info\\\/index.php\\\/2026\\\/05\\\/01\\\/kurti-prokuroria-te-intensifikoje-hetimet-per-krimet-serbe\\\/#breadcrumb\"},\"inLanguage\":\"en-US\",\"potentialAction\":[{\"@type\":\"ReadAction\",\"target\":[\"https:\\\/\\\/kosovatimes.info\\\/index.php\\\/2026\\\/05\\\/01\\\/kurti-prokuroria-te-intensifikoje-hetimet-per-krimet-serbe\\\/\"]}]},{\"@type\":\"ImageObject\",\"inLanguage\":\"en-US\",\"@id\":\"https:\\\/\\\/kosovatimes.info\\\/index.php\\\/2026\\\/05\\\/01\\\/kurti-prokuroria-te-intensifikoje-hetimet-per-krimet-serbe\\\/#primaryimage\",\"url\":\"https:\\\/\\\/kosovatimes.info\\\/wp-content\\\/uploads\\\/2026\\\/05\\\/A.K.jpg\",\"contentUrl\":\"https:\\\/\\\/kosovatimes.info\\\/wp-content\\\/uploads\\\/2026\\\/05\\\/A.K.jpg\",\"width\":780,\"height\":500},{\"@type\":\"BreadcrumbList\",\"@id\":\"https:\\\/\\\/kosovatimes.info\\\/index.php\\\/2026\\\/05\\\/01\\\/kurti-prokuroria-te-intensifikoje-hetimet-per-krimet-serbe\\\/#breadcrumb\",\"itemListElement\":[{\"@type\":\"ListItem\",\"position\":1,\"name\":\"Home\",\"item\":\"https:\\\/\\\/kosovatimes.info\\\/\"},{\"@type\":\"ListItem\",\"position\":2,\"name\":\"Kurti: Prokuroria t\u00eb intensifikoj\u00eb hetimet p\u00ebr krimet serbe\"}]},{\"@type\":\"WebSite\",\"@id\":\"https:\\\/\\\/kosovatimes.info\\\/#website\",\"url\":\"https:\\\/\\\/kosovatimes.info\\\/\",\"name\":\"Kosova Times\",\"description\":\"\",\"potentialAction\":[{\"@type\":\"SearchAction\",\"target\":{\"@type\":\"EntryPoint\",\"urlTemplate\":\"https:\\\/\\\/kosovatimes.info\\\/?s={search_term_string}\"},\"query-input\":{\"@type\":\"PropertyValueSpecification\",\"valueRequired\":true,\"valueName\":\"search_term_string\"}}],\"inLanguage\":\"en-US\"},{\"@type\":\"Person\",\"@id\":\"https:\\\/\\\/kosovatimes.info\\\/#\\\/schema\\\/person\\\/7586712b9c512fe68085de007378c915\",\"name\":\"i l\",\"image\":{\"@type\":\"ImageObject\",\"inLanguage\":\"en-US\",\"@id\":\"https:\\\/\\\/secure.gravatar.com\\\/avatar\\\/bad9296e02816160ae2e2435beda58222022298d5625d49fea74d18816fbb31d?s=96&d=mm&r=g\",\"url\":\"https:\\\/\\\/secure.gravatar.com\\\/avatar\\\/bad9296e02816160ae2e2435beda58222022298d5625d49fea74d18816fbb31d?s=96&d=mm&r=g\",\"contentUrl\":\"https:\\\/\\\/secure.gravatar.com\\\/avatar\\\/bad9296e02816160ae2e2435beda58222022298d5625d49fea74d18816fbb31d?s=96&d=mm&r=g\",\"caption\":\"i l\"},\"url\":\"https:\\\/\\\/kosovatimes.info\\\/index.php\\\/author\\\/iliri\\\/\"}]}<\/script>\n<!-- \/ Yoast SEO plugin. -->","yoast_head_json":{"title":"Kurti: Prokuroria t\u00eb intensifikoj\u00eb hetimet p\u00ebr krimet serbe - Kosova Times","robots":{"index":"index","follow":"follow","max-snippet":"max-snippet:-1","max-image-preview":"max-image-preview:large","max-video-preview":"max-video-preview:-1"},"canonical":"https:\/\/kosovatimes.info\/index.php\/2026\/05\/01\/kurti-prokuroria-te-intensifikoje-hetimet-per-krimet-serbe\/","og_locale":"en_US","og_type":"article","og_title":"Kurti: Prokuroria t\u00eb intensifikoj\u00eb hetimet p\u00ebr krimet serbe - Kosova Times","og_description":"N\u00eb p\u00ebrvjetorin e masakr\u00ebs n\u00eb Nab\u00ebrgjan t\u00eb Pej\u00ebs, sot jan\u00eb kujtuar 31 civil\u00ebt e pafajsh\u00ebm t\u00eb vrar\u00eb gjat\u00eb vitit 1999. Kryeministri n\u00eb detyr\u00eb i Kosov\u00ebs, Albin Kurti, tha se viktimat \u2013 burra, gra dhe f\u00ebmij\u00eb, nga mosha 13 deri n\u00eb 95 vje\u00e7 \u2013 ishin t\u00eb pambrojtur dhe t\u00eb paarmatosur, dhe u vran\u00eb \u201cvet\u00ebm pse ishin [&hellip;]","og_url":"https:\/\/kosovatimes.info\/index.php\/2026\/05\/01\/kurti-prokuroria-te-intensifikoje-hetimet-per-krimet-serbe\/","og_site_name":"Kosova Times","article_published_time":"2026-05-01T14:19:00+00:00","article_modified_time":"2026-05-01T15:29:57+00:00","og_image":[{"width":780,"height":500,"url":"https:\/\/kosovatimes.info\/wp-content\/uploads\/2026\/05\/A.K.jpg","type":"image\/jpeg"}],"author":"i l","twitter_card":"summary_large_image","twitter_misc":{"Written by":"i l","Est. reading time":"2 minutes"},"schema":{"@context":"https:\/\/schema.org","@graph":[{"@type":"Article","@id":"https:\/\/kosovatimes.info\/index.php\/2026\/05\/01\/kurti-prokuroria-te-intensifikoje-hetimet-per-krimet-serbe\/#article","isPartOf":{"@id":"https:\/\/kosovatimes.info\/index.php\/2026\/05\/01\/kurti-prokuroria-te-intensifikoje-hetimet-per-krimet-serbe\/"},"author":{"name":"i l","@id":"https:\/\/kosovatimes.info\/#\/schema\/person\/7586712b9c512fe68085de007378c915"},"headline":"Kurti: Prokuroria t\u00eb intensifikoj\u00eb hetimet p\u00ebr krimet serbe","datePublished":"2026-05-01T14:19:00+00:00","dateModified":"2026-05-01T15:29:57+00:00","mainEntityOfPage":{"@id":"https:\/\/kosovatimes.info\/index.php\/2026\/05\/01\/kurti-prokuroria-te-intensifikoje-hetimet-per-krimet-serbe\/"},"wordCount":374,"commentCount":0,"image":{"@id":"https:\/\/kosovatimes.info\/index.php\/2026\/05\/01\/kurti-prokuroria-te-intensifikoje-hetimet-per-krimet-serbe\/#primaryimage"},"thumbnailUrl":"https:\/\/kosovatimes.info\/wp-content\/uploads\/2026\/05\/A.K.jpg","articleSection":["Kosov\u00eb","Lajme"],"inLanguage":"en-US","potentialAction":[{"@type":"CommentAction","name":"Comment","target":["https:\/\/kosovatimes.info\/index.php\/2026\/05\/01\/kurti-prokuroria-te-intensifikoje-hetimet-per-krimet-serbe\/#respond"]}]},{"@type":"WebPage","@id":"https:\/\/kosovatimes.info\/index.php\/2026\/05\/01\/kurti-prokuroria-te-intensifikoje-hetimet-per-krimet-serbe\/","url":"https:\/\/kosovatimes.info\/index.php\/2026\/05\/01\/kurti-prokuroria-te-intensifikoje-hetimet-per-krimet-serbe\/","name":"Kurti: Prokuroria t\u00eb intensifikoj\u00eb hetimet p\u00ebr krimet serbe - Kosova Times","isPartOf":{"@id":"https:\/\/kosovatimes.info\/#website"},"primaryImageOfPage":{"@id":"https:\/\/kosovatimes.info\/index.php\/2026\/05\/01\/kurti-prokuroria-te-intensifikoje-hetimet-per-krimet-serbe\/#primaryimage"},"image":{"@id":"https:\/\/kosovatimes.info\/index.php\/2026\/05\/01\/kurti-prokuroria-te-intensifikoje-hetimet-per-krimet-serbe\/#primaryimage"},"thumbnailUrl":"https:\/\/kosovatimes.info\/wp-content\/uploads\/2026\/05\/A.K.jpg","datePublished":"2026-05-01T14:19:00+00:00","dateModified":"2026-05-01T15:29:57+00:00","author":{"@id":"https:\/\/kosovatimes.info\/#\/schema\/person\/7586712b9c512fe68085de007378c915"},"breadcrumb":{"@id":"https:\/\/kosovatimes.info\/index.php\/2026\/05\/01\/kurti-prokuroria-te-intensifikoje-hetimet-per-krimet-serbe\/#breadcrumb"},"inLanguage":"en-US","potentialAction":[{"@type":"ReadAction","target":["https:\/\/kosovatimes.info\/index.php\/2026\/05\/01\/kurti-prokuroria-te-intensifikoje-hetimet-per-krimet-serbe\/"]}]},{"@type":"ImageObject","inLanguage":"en-US","@id":"https:\/\/kosovatimes.info\/index.php\/2026\/05\/01\/kurti-prokuroria-te-intensifikoje-hetimet-per-krimet-serbe\/#primaryimage","url":"https:\/\/kosovatimes.info\/wp-content\/uploads\/2026\/05\/A.K.jpg","contentUrl":"https:\/\/kosovatimes.info\/wp-content\/uploads\/2026\/05\/A.K.jpg","width":780,"height":500},{"@type":"BreadcrumbList","@id":"https:\/\/kosovatimes.info\/index.php\/2026\/05\/01\/kurti-prokuroria-te-intensifikoje-hetimet-per-krimet-serbe\/#breadcrumb","itemListElement":[{"@type":"ListItem","position":1,"name":"Home","item":"https:\/\/kosovatimes.info\/"},{"@type":"ListItem","position":2,"name":"Kurti: Prokuroria t\u00eb intensifikoj\u00eb hetimet p\u00ebr krimet serbe"}]},{"@type":"WebSite","@id":"https:\/\/kosovatimes.info\/#website","url":"https:\/\/kosovatimes.info\/","name":"Kosova Times","description":"","potentialAction":[{"@type":"SearchAction","target":{"@type":"EntryPoint","urlTemplate":"https:\/\/kosovatimes.info\/?s={search_term_string}"},"query-input":{"@type":"PropertyValueSpecification","valueRequired":true,"valueName":"search_term_string"}}],"inLanguage":"en-US"},{"@type":"Person","@id":"https:\/\/kosovatimes.info\/#\/schema\/person\/7586712b9c512fe68085de007378c915","name":"i l","image":{"@type":"ImageObject","inLanguage":"en-US","@id":"https:\/\/secure.gravatar.com\/avatar\/bad9296e02816160ae2e2435beda58222022298d5625d49fea74d18816fbb31d?s=96&d=mm&r=g","url":"https:\/\/secure.gravatar.com\/avatar\/bad9296e02816160ae2e2435beda58222022298d5625d49fea74d18816fbb31d?s=96&d=mm&r=g","contentUrl":"https:\/\/secure.gravatar.com\/avatar\/bad9296e02816160ae2e2435beda58222022298d5625d49fea74d18816fbb31d?s=96&d=mm&r=g","caption":"i l"},"url":"https:\/\/kosovatimes.info\/index.php\/author\/iliri\/"}]}},"_links":{"self":[{"href":"https:\/\/kosovatimes.info\/index.php\/wp-json\/wp\/v2\/posts\/13003","targetHints":{"allow":["GET"]}}],"collection":[{"href":"https:\/\/kosovatimes.info\/index.php\/wp-json\/wp\/v2\/posts"}],"about":[{"href":"https:\/\/kosovatimes.info\/index.php\/wp-json\/wp\/v2\/types\/post"}],"author":[{"embeddable":true,"href":"https:\/\/kosovatimes.info\/index.php\/wp-json\/wp\/v2\/users\/4"}],"replies":[{"embeddable":true,"href":"https:\/\/kosovatimes.info\/index.php\/wp-json\/wp\/v2\/comments?post=13003"}],"version-history":[{"count":1,"href":"https:\/\/kosovatimes.info\/index.php\/wp-json\/wp\/v2\/posts\/13003\/revisions"}],"predecessor-version":[{"id":13005,"href":"https:\/\/kosovatimes.info\/index.php\/wp-json\/wp\/v2\/posts\/13003\/revisions\/13005"}],"wp:featuredmedia":[{"embeddable":true,"href":"https:\/\/kosovatimes.info\/index.php\/wp-json\/wp\/v2\/media\/13004"}],"wp:attachment":[{"href":"https:\/\/kosovatimes.info\/index.php\/wp-json\/wp\/v2\/media?parent=13003"}],"wp:term":[{"taxonomy":"category","embeddable":true,"href":"https:\/\/kosovatimes.info\/index.php\/wp-json\/wp\/v2\/categories?post=13003"},{"taxonomy":"post_tag","embeddable":true,"href":"https:\/\/kosovatimes.info\/index.php\/wp-json\/wp\/v2\/tags?post=13003"}],"curies":[{"name":"wp","href":"https:\/\/api.w.org\/{rel}","templated":true}]}}