{"id":13006,"date":"2026-05-01T16:30:00","date_gmt":"2026-05-01T14:30:00","guid":{"rendered":"https:\/\/kosovatimes.info\/?p=13006"},"modified":"2026-05-01T17:30:47","modified_gmt":"2026-05-01T15:30:47","slug":"ekstradohen-nga-kroacia-dhe-suedia-dy-te-dyshuar-te-kerkuar-nga-interpoli","status":"publish","type":"post","link":"https:\/\/kosovatimes.info\/index.php\/2026\/05\/01\/ekstradohen-nga-kroacia-dhe-suedia-dy-te-dyshuar-te-kerkuar-nga-interpoli\/","title":{"rendered":"Ekstradohen nga Kroacia dhe Suedia dy t\u00eb dyshuar t\u00eb k\u00ebrkuar nga INTERPOLI"},"content":{"rendered":"\n<p><a target=\"_blank\" href=\"https:\/\/www.linkedin.com\/shareArticle?mini=true&amp;url=https%3A%2F%2Fwww.rtklive.com%2Fsq%2Fnews-single.php%3FID%3D723639\" rel=\"noreferrer noopener\"><\/a><\/p>\n\n\n\n<h2 class=\"wp-block-heading\"><a href=\"https:\/\/facebook.com\/sharer\/sharer.php?u=https%3A%2F%2Fwww.rtklive.com%2Fsq%2Fnews-single.php%3FID%3D723639\" target=\"_blank\" rel=\"noreferrer noopener\"><\/a><\/h2>\n\n\n\n<p><a target=\"_blank\" href=\"https:\/\/twitter.com\/share?url=https%3A%2F%2Fwww.rtklive.com%2Fsq%2Fnews-single.php%3FID%3D723639&amp;text=Jan%C3%AB%20ekstraduar%20dy%20persona%20t%C3%AB%20k%C3%ABrkuar%20me%20urdh%C3%ABrarrest%20nderkombetar%20njeri%20nga%20Kroacia%20n%C3%AB%20Kosov%C3%AB%2C%20nd%C3%ABrsa%20tjetri%20nga%20Kosova%20n%C3%AB%20Suedi.\" rel=\"noreferrer noopener\"><\/a><\/p>\n\n\n\n<p><a target=\"_blank\" href=\"https:\/\/www.linkedin.com\/shareArticle?mini=true&amp;url=https%3A%2F%2Fwww.rtklive.com%2Fsq%2Fnews-single.php%3FID%3D723639\" rel=\"noreferrer noopener\"><\/a><\/p>\n\n\n\n<p><\/p>\n\n\n\n<p><strong>Jan\u00eb ekstraduar dy persona t\u00eb k\u00ebrkuar me urdh\u00ebrarrest nderkombetar njeri nga Kroacia n\u00eb Kosov\u00eb, nd\u00ebrsa tjetri nga Kosova n\u00eb Suedi.<\/strong><\/p>\n\n\n\n<p>I dyshuari i par\u00eb ishte arrestuar nga autoritetet kroate, pasi q\u00eb i nj\u00ebjti k\u00ebrkohej p\u00ebrmes INTERPOL-it p\u00ebr veprat penale \u201cposedim, shp\u00ebrndarje dhe shitje t\u00eb substancave narkotike\u201d si dhe \u201cposedim i paautorizuar i arm\u00ebve\u201d, dhe i nj\u00ebjti i ishte shmangur drejt\u00ebsis\u00eb.<\/p>\n\n\n\n<p>\u201cNd\u00ebrsa, m\u00eb dat\u00ebn 01.05.2026, nga Kosova p\u00ebr n\u00eb Suedi \u00ebsht\u00eb ekstraduar nj\u00eb shtetas kosovar, i cili ishte i k\u00ebrkuar nga autoritetet suedeze p\u00ebrmes INTERPOL-it, n\u00ebn dyshimin p\u00ebr kryerjen e vepr\u00ebs penale \u201cDhunim\u201d, njofton PK.<\/p>\n","protected":false},"excerpt":{"rendered":"<p>Jan\u00eb ekstraduar dy persona t\u00eb k\u00ebrkuar me urdh\u00ebrarrest nderkombetar njeri nga Kroacia n\u00eb Kosov\u00eb, nd\u00ebrsa tjetri nga Kosova n\u00eb Suedi. I dyshuari i par\u00eb ishte arrestuar nga autoritetet kroate, pasi q\u00eb i nj\u00ebjti k\u00ebrkohej p\u00ebrmes INTERPOL-it p\u00ebr veprat penale \u201cposedim, shp\u00ebrndarje dhe shitje t\u00eb substancave narkotike\u201d si dhe \u201cposedim i paautorizuar i arm\u00ebve\u201d, dhe i [&hellip;]<\/p>\n","protected":false},"author":4,"featured_media":8637,"comment_status":"open","ping_status":"open","sticky":false,"template":"","format":"standard","meta":{"footnotes":""},"categories":[31,30],"tags":[],"class_list":{"0":"post-13006","1":"post","2":"type-post","3":"status-publish","4":"format-standard","5":"has-post-thumbnail","7":"category-kosove","8":"category-lajme"},"yoast_head":"<!-- This site is optimized with the Yoast SEO plugin v27.4 - https:\/\/yoast.com\/product\/yoast-seo-wordpress\/ -->\n<title>Ekstradohen nga Kroacia dhe Suedia dy t\u00eb dyshuar t\u00eb k\u00ebrkuar nga INTERPOLI - Kosova Times<\/title>\n<meta name=\"robots\" content=\"index, follow, max-snippet:-1, max-image-preview:large, max-video-preview:-1\" \/>\n<link rel=\"canonical\" href=\"https:\/\/kosovatimes.info\/index.php\/2026\/05\/01\/ekstradohen-nga-kroacia-dhe-suedia-dy-te-dyshuar-te-kerkuar-nga-interpoli\/\" \/>\n<meta property=\"og:locale\" content=\"en_US\" \/>\n<meta property=\"og:type\" content=\"article\" \/>\n<meta property=\"og:title\" content=\"Ekstradohen nga Kroacia dhe Suedia dy t\u00eb dyshuar t\u00eb k\u00ebrkuar nga INTERPOLI - Kosova Times\" \/>\n<meta property=\"og:description\" content=\"Jan\u00eb ekstraduar dy persona t\u00eb k\u00ebrkuar me urdh\u00ebrarrest nderkombetar njeri nga Kroacia n\u00eb Kosov\u00eb, nd\u00ebrsa tjetri nga Kosova n\u00eb Suedi. I dyshuari i par\u00eb ishte arrestuar nga autoritetet kroate, pasi q\u00eb i nj\u00ebjti k\u00ebrkohej p\u00ebrmes INTERPOL-it p\u00ebr veprat penale \u201cposedim, shp\u00ebrndarje dhe shitje t\u00eb substancave narkotike\u201d si dhe \u201cposedim i paautorizuar i arm\u00ebve\u201d, dhe i [&hellip;]\" \/>\n<meta property=\"og:url\" content=\"https:\/\/kosovatimes.info\/index.php\/2026\/05\/01\/ekstradohen-nga-kroacia-dhe-suedia-dy-te-dyshuar-te-kerkuar-nga-interpoli\/\" \/>\n<meta property=\"og:site_name\" content=\"Kosova Times\" \/>\n<meta property=\"article:published_time\" content=\"2026-05-01T14:30:00+00:00\" \/>\n<meta property=\"article:modified_time\" content=\"2026-05-01T15:30:47+00:00\" \/>\n<meta property=\"og:image\" content=\"https:\/\/kosovatimes.info\/wp-content\/uploads\/2026\/04\/Policia-1.jpg\" \/>\n\t<meta property=\"og:image:width\" content=\"780\" \/>\n\t<meta property=\"og:image:height\" content=\"500\" \/>\n\t<meta property=\"og:image:type\" content=\"image\/jpeg\" \/>\n<meta name=\"author\" content=\"i l\" \/>\n<meta name=\"twitter:card\" content=\"summary_large_image\" \/>\n<meta name=\"twitter:label1\" content=\"Written by\" \/>\n\t<meta name=\"twitter:data1\" content=\"i l\" \/>\n\t<meta name=\"twitter:label2\" content=\"Est. reading time\" \/>\n\t<meta name=\"twitter:data2\" content=\"1 minute\" \/>\n<script type=\"application\/ld+json\" class=\"yoast-schema-graph\">{\"@context\":\"https:\\\/\\\/schema.org\",\"@graph\":[{\"@type\":\"Article\",\"@id\":\"https:\\\/\\\/kosovatimes.info\\\/index.php\\\/2026\\\/05\\\/01\\\/ekstradohen-nga-kroacia-dhe-suedia-dy-te-dyshuar-te-kerkuar-nga-interpoli\\\/#article\",\"isPartOf\":{\"@id\":\"https:\\\/\\\/kosovatimes.info\\\/index.php\\\/2026\\\/05\\\/01\\\/ekstradohen-nga-kroacia-dhe-suedia-dy-te-dyshuar-te-kerkuar-nga-interpoli\\\/\"},\"author\":{\"name\":\"i l\",\"@id\":\"https:\\\/\\\/kosovatimes.info\\\/#\\\/schema\\\/person\\\/7586712b9c512fe68085de007378c915\"},\"headline\":\"Ekstradohen nga Kroacia dhe Suedia dy t\u00eb dyshuar t\u00eb k\u00ebrkuar nga INTERPOLI\",\"datePublished\":\"2026-05-01T14:30:00+00:00\",\"dateModified\":\"2026-05-01T15:30:47+00:00\",\"mainEntityOfPage\":{\"@id\":\"https:\\\/\\\/kosovatimes.info\\\/index.php\\\/2026\\\/05\\\/01\\\/ekstradohen-nga-kroacia-dhe-suedia-dy-te-dyshuar-te-kerkuar-nga-interpoli\\\/\"},\"wordCount\":125,\"commentCount\":0,\"image\":{\"@id\":\"https:\\\/\\\/kosovatimes.info\\\/index.php\\\/2026\\\/05\\\/01\\\/ekstradohen-nga-kroacia-dhe-suedia-dy-te-dyshuar-te-kerkuar-nga-interpoli\\\/#primaryimage\"},\"thumbnailUrl\":\"https:\\\/\\\/kosovatimes.info\\\/wp-content\\\/uploads\\\/2026\\\/04\\\/Policia-1.jpg\",\"articleSection\":[\"Kosov\u00eb\",\"Lajme\"],\"inLanguage\":\"en-US\",\"potentialAction\":[{\"@type\":\"CommentAction\",\"name\":\"Comment\",\"target\":[\"https:\\\/\\\/kosovatimes.info\\\/index.php\\\/2026\\\/05\\\/01\\\/ekstradohen-nga-kroacia-dhe-suedia-dy-te-dyshuar-te-kerkuar-nga-interpoli\\\/#respond\"]}]},{\"@type\":\"WebPage\",\"@id\":\"https:\\\/\\\/kosovatimes.info\\\/index.php\\\/2026\\\/05\\\/01\\\/ekstradohen-nga-kroacia-dhe-suedia-dy-te-dyshuar-te-kerkuar-nga-interpoli\\\/\",\"url\":\"https:\\\/\\\/kosovatimes.info\\\/index.php\\\/2026\\\/05\\\/01\\\/ekstradohen-nga-kroacia-dhe-suedia-dy-te-dyshuar-te-kerkuar-nga-interpoli\\\/\",\"name\":\"Ekstradohen nga Kroacia dhe Suedia dy t\u00eb dyshuar t\u00eb k\u00ebrkuar nga INTERPOLI - Kosova Times\",\"isPartOf\":{\"@id\":\"https:\\\/\\\/kosovatimes.info\\\/#website\"},\"primaryImageOfPage\":{\"@id\":\"https:\\\/\\\/kosovatimes.info\\\/index.php\\\/2026\\\/05\\\/01\\\/ekstradohen-nga-kroacia-dhe-suedia-dy-te-dyshuar-te-kerkuar-nga-interpoli\\\/#primaryimage\"},\"image\":{\"@id\":\"https:\\\/\\\/kosovatimes.info\\\/index.php\\\/2026\\\/05\\\/01\\\/ekstradohen-nga-kroacia-dhe-suedia-dy-te-dyshuar-te-kerkuar-nga-interpoli\\\/#primaryimage\"},\"thumbnailUrl\":\"https:\\\/\\\/kosovatimes.info\\\/wp-content\\\/uploads\\\/2026\\\/04\\\/Policia-1.jpg\",\"datePublished\":\"2026-05-01T14:30:00+00:00\",\"dateModified\":\"2026-05-01T15:30:47+00:00\",\"author\":{\"@id\":\"https:\\\/\\\/kosovatimes.info\\\/#\\\/schema\\\/person\\\/7586712b9c512fe68085de007378c915\"},\"breadcrumb\":{\"@id\":\"https:\\\/\\\/kosovatimes.info\\\/index.php\\\/2026\\\/05\\\/01\\\/ekstradohen-nga-kroacia-dhe-suedia-dy-te-dyshuar-te-kerkuar-nga-interpoli\\\/#breadcrumb\"},\"inLanguage\":\"en-US\",\"potentialAction\":[{\"@type\":\"ReadAction\",\"target\":[\"https:\\\/\\\/kosovatimes.info\\\/index.php\\\/2026\\\/05\\\/01\\\/ekstradohen-nga-kroacia-dhe-suedia-dy-te-dyshuar-te-kerkuar-nga-interpoli\\\/\"]}]},{\"@type\":\"ImageObject\",\"inLanguage\":\"en-US\",\"@id\":\"https:\\\/\\\/kosovatimes.info\\\/index.php\\\/2026\\\/05\\\/01\\\/ekstradohen-nga-kroacia-dhe-suedia-dy-te-dyshuar-te-kerkuar-nga-interpoli\\\/#primaryimage\",\"url\":\"https:\\\/\\\/kosovatimes.info\\\/wp-content\\\/uploads\\\/2026\\\/04\\\/Policia-1.jpg\",\"contentUrl\":\"https:\\\/\\\/kosovatimes.info\\\/wp-content\\\/uploads\\\/2026\\\/04\\\/Policia-1.jpg\",\"width\":780,\"height\":500},{\"@type\":\"BreadcrumbList\",\"@id\":\"https:\\\/\\\/kosovatimes.info\\\/index.php\\\/2026\\\/05\\\/01\\\/ekstradohen-nga-kroacia-dhe-suedia-dy-te-dyshuar-te-kerkuar-nga-interpoli\\\/#breadcrumb\",\"itemListElement\":[{\"@type\":\"ListItem\",\"position\":1,\"name\":\"Home\",\"item\":\"https:\\\/\\\/kosovatimes.info\\\/\"},{\"@type\":\"ListItem\",\"position\":2,\"name\":\"Ekstradohen nga Kroacia dhe Suedia dy t\u00eb dyshuar t\u00eb k\u00ebrkuar nga INTERPOLI\"}]},{\"@type\":\"WebSite\",\"@id\":\"https:\\\/\\\/kosovatimes.info\\\/#website\",\"url\":\"https:\\\/\\\/kosovatimes.info\\\/\",\"name\":\"Kosova Times\",\"description\":\"\",\"potentialAction\":[{\"@type\":\"SearchAction\",\"target\":{\"@type\":\"EntryPoint\",\"urlTemplate\":\"https:\\\/\\\/kosovatimes.info\\\/?s={search_term_string}\"},\"query-input\":{\"@type\":\"PropertyValueSpecification\",\"valueRequired\":true,\"valueName\":\"search_term_string\"}}],\"inLanguage\":\"en-US\"},{\"@type\":\"Person\",\"@id\":\"https:\\\/\\\/kosovatimes.info\\\/#\\\/schema\\\/person\\\/7586712b9c512fe68085de007378c915\",\"name\":\"i l\",\"image\":{\"@type\":\"ImageObject\",\"inLanguage\":\"en-US\",\"@id\":\"https:\\\/\\\/secure.gravatar.com\\\/avatar\\\/bad9296e02816160ae2e2435beda58222022298d5625d49fea74d18816fbb31d?s=96&d=mm&r=g\",\"url\":\"https:\\\/\\\/secure.gravatar.com\\\/avatar\\\/bad9296e02816160ae2e2435beda58222022298d5625d49fea74d18816fbb31d?s=96&d=mm&r=g\",\"contentUrl\":\"https:\\\/\\\/secure.gravatar.com\\\/avatar\\\/bad9296e02816160ae2e2435beda58222022298d5625d49fea74d18816fbb31d?s=96&d=mm&r=g\",\"caption\":\"i l\"},\"url\":\"https:\\\/\\\/kosovatimes.info\\\/index.php\\\/author\\\/iliri\\\/\"}]}<\/script>\n<!-- \/ Yoast SEO plugin. -->","yoast_head_json":{"title":"Ekstradohen nga Kroacia dhe Suedia dy t\u00eb dyshuar t\u00eb k\u00ebrkuar nga INTERPOLI - Kosova Times","robots":{"index":"index","follow":"follow","max-snippet":"max-snippet:-1","max-image-preview":"max-image-preview:large","max-video-preview":"max-video-preview:-1"},"canonical":"https:\/\/kosovatimes.info\/index.php\/2026\/05\/01\/ekstradohen-nga-kroacia-dhe-suedia-dy-te-dyshuar-te-kerkuar-nga-interpoli\/","og_locale":"en_US","og_type":"article","og_title":"Ekstradohen nga Kroacia dhe Suedia dy t\u00eb dyshuar t\u00eb k\u00ebrkuar nga INTERPOLI - Kosova Times","og_description":"Jan\u00eb ekstraduar dy persona t\u00eb k\u00ebrkuar me urdh\u00ebrarrest nderkombetar njeri nga Kroacia n\u00eb Kosov\u00eb, nd\u00ebrsa tjetri nga Kosova n\u00eb Suedi. I dyshuari i par\u00eb ishte arrestuar nga autoritetet kroate, pasi q\u00eb i nj\u00ebjti k\u00ebrkohej p\u00ebrmes INTERPOL-it p\u00ebr veprat penale \u201cposedim, shp\u00ebrndarje dhe shitje t\u00eb substancave narkotike\u201d si dhe \u201cposedim i paautorizuar i arm\u00ebve\u201d, dhe i [&hellip;]","og_url":"https:\/\/kosovatimes.info\/index.php\/2026\/05\/01\/ekstradohen-nga-kroacia-dhe-suedia-dy-te-dyshuar-te-kerkuar-nga-interpoli\/","og_site_name":"Kosova Times","article_published_time":"2026-05-01T14:30:00+00:00","article_modified_time":"2026-05-01T15:30:47+00:00","og_image":[{"width":780,"height":500,"url":"https:\/\/kosovatimes.info\/wp-content\/uploads\/2026\/04\/Policia-1.jpg","type":"image\/jpeg"}],"author":"i l","twitter_card":"summary_large_image","twitter_misc":{"Written by":"i l","Est. reading time":"1 minute"},"schema":{"@context":"https:\/\/schema.org","@graph":[{"@type":"Article","@id":"https:\/\/kosovatimes.info\/index.php\/2026\/05\/01\/ekstradohen-nga-kroacia-dhe-suedia-dy-te-dyshuar-te-kerkuar-nga-interpoli\/#article","isPartOf":{"@id":"https:\/\/kosovatimes.info\/index.php\/2026\/05\/01\/ekstradohen-nga-kroacia-dhe-suedia-dy-te-dyshuar-te-kerkuar-nga-interpoli\/"},"author":{"name":"i l","@id":"https:\/\/kosovatimes.info\/#\/schema\/person\/7586712b9c512fe68085de007378c915"},"headline":"Ekstradohen nga Kroacia dhe Suedia dy t\u00eb dyshuar t\u00eb k\u00ebrkuar nga INTERPOLI","datePublished":"2026-05-01T14:30:00+00:00","dateModified":"2026-05-01T15:30:47+00:00","mainEntityOfPage":{"@id":"https:\/\/kosovatimes.info\/index.php\/2026\/05\/01\/ekstradohen-nga-kroacia-dhe-suedia-dy-te-dyshuar-te-kerkuar-nga-interpoli\/"},"wordCount":125,"commentCount":0,"image":{"@id":"https:\/\/kosovatimes.info\/index.php\/2026\/05\/01\/ekstradohen-nga-kroacia-dhe-suedia-dy-te-dyshuar-te-kerkuar-nga-interpoli\/#primaryimage"},"thumbnailUrl":"https:\/\/kosovatimes.info\/wp-content\/uploads\/2026\/04\/Policia-1.jpg","articleSection":["Kosov\u00eb","Lajme"],"inLanguage":"en-US","potentialAction":[{"@type":"CommentAction","name":"Comment","target":["https:\/\/kosovatimes.info\/index.php\/2026\/05\/01\/ekstradohen-nga-kroacia-dhe-suedia-dy-te-dyshuar-te-kerkuar-nga-interpoli\/#respond"]}]},{"@type":"WebPage","@id":"https:\/\/kosovatimes.info\/index.php\/2026\/05\/01\/ekstradohen-nga-kroacia-dhe-suedia-dy-te-dyshuar-te-kerkuar-nga-interpoli\/","url":"https:\/\/kosovatimes.info\/index.php\/2026\/05\/01\/ekstradohen-nga-kroacia-dhe-suedia-dy-te-dyshuar-te-kerkuar-nga-interpoli\/","name":"Ekstradohen nga Kroacia dhe Suedia dy t\u00eb dyshuar t\u00eb k\u00ebrkuar nga INTERPOLI - Kosova Times","isPartOf":{"@id":"https:\/\/kosovatimes.info\/#website"},"primaryImageOfPage":{"@id":"https:\/\/kosovatimes.info\/index.php\/2026\/05\/01\/ekstradohen-nga-kroacia-dhe-suedia-dy-te-dyshuar-te-kerkuar-nga-interpoli\/#primaryimage"},"image":{"@id":"https:\/\/kosovatimes.info\/index.php\/2026\/05\/01\/ekstradohen-nga-kroacia-dhe-suedia-dy-te-dyshuar-te-kerkuar-nga-interpoli\/#primaryimage"},"thumbnailUrl":"https:\/\/kosovatimes.info\/wp-content\/uploads\/2026\/04\/Policia-1.jpg","datePublished":"2026-05-01T14:30:00+00:00","dateModified":"2026-05-01T15:30:47+00:00","author":{"@id":"https:\/\/kosovatimes.info\/#\/schema\/person\/7586712b9c512fe68085de007378c915"},"breadcrumb":{"@id":"https:\/\/kosovatimes.info\/index.php\/2026\/05\/01\/ekstradohen-nga-kroacia-dhe-suedia-dy-te-dyshuar-te-kerkuar-nga-interpoli\/#breadcrumb"},"inLanguage":"en-US","potentialAction":[{"@type":"ReadAction","target":["https:\/\/kosovatimes.info\/index.php\/2026\/05\/01\/ekstradohen-nga-kroacia-dhe-suedia-dy-te-dyshuar-te-kerkuar-nga-interpoli\/"]}]},{"@type":"ImageObject","inLanguage":"en-US","@id":"https:\/\/kosovatimes.info\/index.php\/2026\/05\/01\/ekstradohen-nga-kroacia-dhe-suedia-dy-te-dyshuar-te-kerkuar-nga-interpoli\/#primaryimage","url":"https:\/\/kosovatimes.info\/wp-content\/uploads\/2026\/04\/Policia-1.jpg","contentUrl":"https:\/\/kosovatimes.info\/wp-content\/uploads\/2026\/04\/Policia-1.jpg","width":780,"height":500},{"@type":"BreadcrumbList","@id":"https:\/\/kosovatimes.info\/index.php\/2026\/05\/01\/ekstradohen-nga-kroacia-dhe-suedia-dy-te-dyshuar-te-kerkuar-nga-interpoli\/#breadcrumb","itemListElement":[{"@type":"ListItem","position":1,"name":"Home","item":"https:\/\/kosovatimes.info\/"},{"@type":"ListItem","position":2,"name":"Ekstradohen nga Kroacia dhe Suedia dy t\u00eb dyshuar t\u00eb k\u00ebrkuar nga INTERPOLI"}]},{"@type":"WebSite","@id":"https:\/\/kosovatimes.info\/#website","url":"https:\/\/kosovatimes.info\/","name":"Kosova Times","description":"","potentialAction":[{"@type":"SearchAction","target":{"@type":"EntryPoint","urlTemplate":"https:\/\/kosovatimes.info\/?s={search_term_string}"},"query-input":{"@type":"PropertyValueSpecification","valueRequired":true,"valueName":"search_term_string"}}],"inLanguage":"en-US"},{"@type":"Person","@id":"https:\/\/kosovatimes.info\/#\/schema\/person\/7586712b9c512fe68085de007378c915","name":"i l","image":{"@type":"ImageObject","inLanguage":"en-US","@id":"https:\/\/secure.gravatar.com\/avatar\/bad9296e02816160ae2e2435beda58222022298d5625d49fea74d18816fbb31d?s=96&d=mm&r=g","url":"https:\/\/secure.gravatar.com\/avatar\/bad9296e02816160ae2e2435beda58222022298d5625d49fea74d18816fbb31d?s=96&d=mm&r=g","contentUrl":"https:\/\/secure.gravatar.com\/avatar\/bad9296e02816160ae2e2435beda58222022298d5625d49fea74d18816fbb31d?s=96&d=mm&r=g","caption":"i l"},"url":"https:\/\/kosovatimes.info\/index.php\/author\/iliri\/"}]}},"_links":{"self":[{"href":"https:\/\/kosovatimes.info\/index.php\/wp-json\/wp\/v2\/posts\/13006","targetHints":{"allow":["GET"]}}],"collection":[{"href":"https:\/\/kosovatimes.info\/index.php\/wp-json\/wp\/v2\/posts"}],"about":[{"href":"https:\/\/kosovatimes.info\/index.php\/wp-json\/wp\/v2\/types\/post"}],"author":[{"embeddable":true,"href":"https:\/\/kosovatimes.info\/index.php\/wp-json\/wp\/v2\/users\/4"}],"replies":[{"embeddable":true,"href":"https:\/\/kosovatimes.info\/index.php\/wp-json\/wp\/v2\/comments?post=13006"}],"version-history":[{"count":1,"href":"https:\/\/kosovatimes.info\/index.php\/wp-json\/wp\/v2\/posts\/13006\/revisions"}],"predecessor-version":[{"id":13007,"href":"https:\/\/kosovatimes.info\/index.php\/wp-json\/wp\/v2\/posts\/13006\/revisions\/13007"}],"wp:featuredmedia":[{"embeddable":true,"href":"https:\/\/kosovatimes.info\/index.php\/wp-json\/wp\/v2\/media\/8637"}],"wp:attachment":[{"href":"https:\/\/kosovatimes.info\/index.php\/wp-json\/wp\/v2\/media?parent=13006"}],"wp:term":[{"taxonomy":"category","embeddable":true,"href":"https:\/\/kosovatimes.info\/index.php\/wp-json\/wp\/v2\/categories?post=13006"},{"taxonomy":"post_tag","embeddable":true,"href":"https:\/\/kosovatimes.info\/index.php\/wp-json\/wp\/v2\/tags?post=13006"}],"curies":[{"name":"wp","href":"https:\/\/api.w.org\/{rel}","templated":true}]}}