{"id":13011,"date":"2026-05-01T16:50:00","date_gmt":"2026-05-01T14:50:00","guid":{"rendered":"https:\/\/kosovatimes.info\/?p=13011"},"modified":"2026-05-01T17:33:17","modified_gmt":"2026-05-01T15:33:17","slug":"haradinajsektori-publik-e-privat-me-veshtiresipresioni-ekonomik-ne-rritje","status":"publish","type":"post","link":"https:\/\/kosovatimes.info\/index.php\/2026\/05\/01\/haradinajsektori-publik-e-privat-me-veshtiresipresioni-ekonomik-ne-rritje\/","title":{"rendered":"Haradinaj:Sektori publik e privat me v\u00ebshtir\u00ebsi,presioni ekonomik n\u00eb rritje"},"content":{"rendered":"\n<p><strong>Kryetari i AAK-s\u00eb, Ramush Haradinaj, p\u00ebr Dit\u00ebn Nd\u00ebrkomb\u00ebtare t\u00eb Pun\u00ebtor\u00ebve ka th\u00ebn\u00eb se punonj\u00ebsit n\u00eb Kosov\u00eb po p\u00ebrballen me paga t\u00eb ul\u00ebta, kosto t\u00eb lart\u00eb jetese dhe standard q\u00eb mbetet nd\u00ebr m\u00eb t\u00eb ul\u00ebtit n\u00eb rajon.<\/strong><\/p>\n\n\n\n<p>\u201cPaga minimale \u00ebsht\u00eb kthyer m\u00eb shum\u00eb n\u00eb form\u00eb asistence, nd\u00ebrsa paga mesatare mezi mbulon nevojat bazike t\u00eb nj\u00eb familjeje. N\u00eb sektorin publik dhe privat, v\u00ebshtir\u00ebsit\u00eb jan\u00eb t\u00eb nj\u00ebjta dhe presioni ekonomik rritet \u00e7do dit\u00eb\u201d, ka shkruar ai n\u00eb Facebook.<\/p>\n\n\n\n<p>\u201cUrimi im p\u00ebr t\u00eb gjith\u00eb pun\u00ebtor\u00ebt e Republik\u00ebs s\u00eb Kosov\u00ebs n\u00eb k\u00ebt\u00eb 1 Maj \u00ebsht\u00eb q\u00eb t\u00eb vijn\u00eb dit\u00eb m\u00eb t\u00eb mira, me m\u00eb shum\u00eb dinjitet dhe mund\u00ebsi n\u00eb vendin e tyre\u201d, uron Haradinaj.<\/p>\n","protected":false},"excerpt":{"rendered":"<p>Kryetari i AAK-s\u00eb, Ramush Haradinaj, p\u00ebr Dit\u00ebn Nd\u00ebrkomb\u00ebtare t\u00eb Pun\u00ebtor\u00ebve ka th\u00ebn\u00eb se punonj\u00ebsit n\u00eb Kosov\u00eb po p\u00ebrballen me paga t\u00eb ul\u00ebta, kosto t\u00eb lart\u00eb jetese dhe standard q\u00eb mbetet nd\u00ebr m\u00eb t\u00eb ul\u00ebtit n\u00eb rajon. \u201cPaga minimale \u00ebsht\u00eb kthyer m\u00eb shum\u00eb n\u00eb form\u00eb asistence, nd\u00ebrsa paga mesatare mezi mbulon nevojat bazike t\u00eb nj\u00eb familjeje. [&hellip;]<\/p>\n","protected":false},"author":4,"featured_media":11814,"comment_status":"open","ping_status":"open","sticky":false,"template":"","format":"standard","meta":{"footnotes":""},"categories":[31,30],"tags":[],"class_list":{"0":"post-13011","1":"post","2":"type-post","3":"status-publish","4":"format-standard","5":"has-post-thumbnail","7":"category-kosove","8":"category-lajme"},"yoast_head":"<!-- This site is optimized with the Yoast SEO plugin v27.4 - https:\/\/yoast.com\/product\/yoast-seo-wordpress\/ -->\n<title>Haradinaj:Sektori publik e privat me v\u00ebshtir\u00ebsi,presioni ekonomik n\u00eb rritje - Kosova Times<\/title>\n<meta name=\"robots\" content=\"index, follow, max-snippet:-1, max-image-preview:large, max-video-preview:-1\" \/>\n<link rel=\"canonical\" href=\"https:\/\/kosovatimes.info\/index.php\/2026\/05\/01\/haradinajsektori-publik-e-privat-me-veshtiresipresioni-ekonomik-ne-rritje\/\" \/>\n<meta property=\"og:locale\" content=\"en_US\" \/>\n<meta property=\"og:type\" content=\"article\" \/>\n<meta property=\"og:title\" content=\"Haradinaj:Sektori publik e privat me v\u00ebshtir\u00ebsi,presioni ekonomik n\u00eb rritje - Kosova Times\" \/>\n<meta property=\"og:description\" content=\"Kryetari i AAK-s\u00eb, Ramush Haradinaj, p\u00ebr Dit\u00ebn Nd\u00ebrkomb\u00ebtare t\u00eb Pun\u00ebtor\u00ebve ka th\u00ebn\u00eb se punonj\u00ebsit n\u00eb Kosov\u00eb po p\u00ebrballen me paga t\u00eb ul\u00ebta, kosto t\u00eb lart\u00eb jetese dhe standard q\u00eb mbetet nd\u00ebr m\u00eb t\u00eb ul\u00ebtit n\u00eb rajon. \u201cPaga minimale \u00ebsht\u00eb kthyer m\u00eb shum\u00eb n\u00eb form\u00eb asistence, nd\u00ebrsa paga mesatare mezi mbulon nevojat bazike t\u00eb nj\u00eb familjeje. [&hellip;]\" \/>\n<meta property=\"og:url\" content=\"https:\/\/kosovatimes.info\/index.php\/2026\/05\/01\/haradinajsektori-publik-e-privat-me-veshtiresipresioni-ekonomik-ne-rritje\/\" \/>\n<meta property=\"og:site_name\" content=\"Kosova Times\" \/>\n<meta property=\"article:published_time\" content=\"2026-05-01T14:50:00+00:00\" \/>\n<meta property=\"article:modified_time\" content=\"2026-05-01T15:33:17+00:00\" \/>\n<meta property=\"og:image\" content=\"https:\/\/kosovatimes.info\/wp-content\/uploads\/2026\/04\/Ramush-1.jpg\" \/>\n\t<meta property=\"og:image:width\" content=\"780\" \/>\n\t<meta property=\"og:image:height\" content=\"500\" \/>\n\t<meta property=\"og:image:type\" content=\"image\/jpeg\" \/>\n<meta name=\"author\" content=\"i l\" \/>\n<meta name=\"twitter:card\" content=\"summary_large_image\" \/>\n<meta name=\"twitter:label1\" content=\"Written by\" \/>\n\t<meta name=\"twitter:data1\" content=\"i l\" \/>\n\t<meta name=\"twitter:label2\" content=\"Est. reading time\" \/>\n\t<meta name=\"twitter:data2\" content=\"1 minute\" \/>\n<script type=\"application\/ld+json\" class=\"yoast-schema-graph\">{\"@context\":\"https:\\\/\\\/schema.org\",\"@graph\":[{\"@type\":\"Article\",\"@id\":\"https:\\\/\\\/kosovatimes.info\\\/index.php\\\/2026\\\/05\\\/01\\\/haradinajsektori-publik-e-privat-me-veshtiresipresioni-ekonomik-ne-rritje\\\/#article\",\"isPartOf\":{\"@id\":\"https:\\\/\\\/kosovatimes.info\\\/index.php\\\/2026\\\/05\\\/01\\\/haradinajsektori-publik-e-privat-me-veshtiresipresioni-ekonomik-ne-rritje\\\/\"},\"author\":{\"name\":\"i l\",\"@id\":\"https:\\\/\\\/kosovatimes.info\\\/#\\\/schema\\\/person\\\/7586712b9c512fe68085de007378c915\"},\"headline\":\"Haradinaj:Sektori publik e privat me v\u00ebshtir\u00ebsi,presioni ekonomik n\u00eb rritje\",\"datePublished\":\"2026-05-01T14:50:00+00:00\",\"dateModified\":\"2026-05-01T15:33:17+00:00\",\"mainEntityOfPage\":{\"@id\":\"https:\\\/\\\/kosovatimes.info\\\/index.php\\\/2026\\\/05\\\/01\\\/haradinajsektori-publik-e-privat-me-veshtiresipresioni-ekonomik-ne-rritje\\\/\"},\"wordCount\":144,\"commentCount\":0,\"image\":{\"@id\":\"https:\\\/\\\/kosovatimes.info\\\/index.php\\\/2026\\\/05\\\/01\\\/haradinajsektori-publik-e-privat-me-veshtiresipresioni-ekonomik-ne-rritje\\\/#primaryimage\"},\"thumbnailUrl\":\"https:\\\/\\\/kosovatimes.info\\\/wp-content\\\/uploads\\\/2026\\\/04\\\/Ramush-1.jpg\",\"articleSection\":[\"Kosov\u00eb\",\"Lajme\"],\"inLanguage\":\"en-US\",\"potentialAction\":[{\"@type\":\"CommentAction\",\"name\":\"Comment\",\"target\":[\"https:\\\/\\\/kosovatimes.info\\\/index.php\\\/2026\\\/05\\\/01\\\/haradinajsektori-publik-e-privat-me-veshtiresipresioni-ekonomik-ne-rritje\\\/#respond\"]}]},{\"@type\":\"WebPage\",\"@id\":\"https:\\\/\\\/kosovatimes.info\\\/index.php\\\/2026\\\/05\\\/01\\\/haradinajsektori-publik-e-privat-me-veshtiresipresioni-ekonomik-ne-rritje\\\/\",\"url\":\"https:\\\/\\\/kosovatimes.info\\\/index.php\\\/2026\\\/05\\\/01\\\/haradinajsektori-publik-e-privat-me-veshtiresipresioni-ekonomik-ne-rritje\\\/\",\"name\":\"Haradinaj:Sektori publik e privat me v\u00ebshtir\u00ebsi,presioni ekonomik n\u00eb rritje - Kosova Times\",\"isPartOf\":{\"@id\":\"https:\\\/\\\/kosovatimes.info\\\/#website\"},\"primaryImageOfPage\":{\"@id\":\"https:\\\/\\\/kosovatimes.info\\\/index.php\\\/2026\\\/05\\\/01\\\/haradinajsektori-publik-e-privat-me-veshtiresipresioni-ekonomik-ne-rritje\\\/#primaryimage\"},\"image\":{\"@id\":\"https:\\\/\\\/kosovatimes.info\\\/index.php\\\/2026\\\/05\\\/01\\\/haradinajsektori-publik-e-privat-me-veshtiresipresioni-ekonomik-ne-rritje\\\/#primaryimage\"},\"thumbnailUrl\":\"https:\\\/\\\/kosovatimes.info\\\/wp-content\\\/uploads\\\/2026\\\/04\\\/Ramush-1.jpg\",\"datePublished\":\"2026-05-01T14:50:00+00:00\",\"dateModified\":\"2026-05-01T15:33:17+00:00\",\"author\":{\"@id\":\"https:\\\/\\\/kosovatimes.info\\\/#\\\/schema\\\/person\\\/7586712b9c512fe68085de007378c915\"},\"breadcrumb\":{\"@id\":\"https:\\\/\\\/kosovatimes.info\\\/index.php\\\/2026\\\/05\\\/01\\\/haradinajsektori-publik-e-privat-me-veshtiresipresioni-ekonomik-ne-rritje\\\/#breadcrumb\"},\"inLanguage\":\"en-US\",\"potentialAction\":[{\"@type\":\"ReadAction\",\"target\":[\"https:\\\/\\\/kosovatimes.info\\\/index.php\\\/2026\\\/05\\\/01\\\/haradinajsektori-publik-e-privat-me-veshtiresipresioni-ekonomik-ne-rritje\\\/\"]}]},{\"@type\":\"ImageObject\",\"inLanguage\":\"en-US\",\"@id\":\"https:\\\/\\\/kosovatimes.info\\\/index.php\\\/2026\\\/05\\\/01\\\/haradinajsektori-publik-e-privat-me-veshtiresipresioni-ekonomik-ne-rritje\\\/#primaryimage\",\"url\":\"https:\\\/\\\/kosovatimes.info\\\/wp-content\\\/uploads\\\/2026\\\/04\\\/Ramush-1.jpg\",\"contentUrl\":\"https:\\\/\\\/kosovatimes.info\\\/wp-content\\\/uploads\\\/2026\\\/04\\\/Ramush-1.jpg\",\"width\":780,\"height\":500},{\"@type\":\"BreadcrumbList\",\"@id\":\"https:\\\/\\\/kosovatimes.info\\\/index.php\\\/2026\\\/05\\\/01\\\/haradinajsektori-publik-e-privat-me-veshtiresipresioni-ekonomik-ne-rritje\\\/#breadcrumb\",\"itemListElement\":[{\"@type\":\"ListItem\",\"position\":1,\"name\":\"Home\",\"item\":\"https:\\\/\\\/kosovatimes.info\\\/\"},{\"@type\":\"ListItem\",\"position\":2,\"name\":\"Haradinaj:Sektori publik e privat me v\u00ebshtir\u00ebsi,presioni ekonomik n\u00eb rritje\"}]},{\"@type\":\"WebSite\",\"@id\":\"https:\\\/\\\/kosovatimes.info\\\/#website\",\"url\":\"https:\\\/\\\/kosovatimes.info\\\/\",\"name\":\"Kosova Times\",\"description\":\"\",\"potentialAction\":[{\"@type\":\"SearchAction\",\"target\":{\"@type\":\"EntryPoint\",\"urlTemplate\":\"https:\\\/\\\/kosovatimes.info\\\/?s={search_term_string}\"},\"query-input\":{\"@type\":\"PropertyValueSpecification\",\"valueRequired\":true,\"valueName\":\"search_term_string\"}}],\"inLanguage\":\"en-US\"},{\"@type\":\"Person\",\"@id\":\"https:\\\/\\\/kosovatimes.info\\\/#\\\/schema\\\/person\\\/7586712b9c512fe68085de007378c915\",\"name\":\"i l\",\"image\":{\"@type\":\"ImageObject\",\"inLanguage\":\"en-US\",\"@id\":\"https:\\\/\\\/secure.gravatar.com\\\/avatar\\\/bad9296e02816160ae2e2435beda58222022298d5625d49fea74d18816fbb31d?s=96&d=mm&r=g\",\"url\":\"https:\\\/\\\/secure.gravatar.com\\\/avatar\\\/bad9296e02816160ae2e2435beda58222022298d5625d49fea74d18816fbb31d?s=96&d=mm&r=g\",\"contentUrl\":\"https:\\\/\\\/secure.gravatar.com\\\/avatar\\\/bad9296e02816160ae2e2435beda58222022298d5625d49fea74d18816fbb31d?s=96&d=mm&r=g\",\"caption\":\"i l\"},\"url\":\"https:\\\/\\\/kosovatimes.info\\\/index.php\\\/author\\\/iliri\\\/\"}]}<\/script>\n<!-- \/ Yoast SEO plugin. -->","yoast_head_json":{"title":"Haradinaj:Sektori publik e privat me v\u00ebshtir\u00ebsi,presioni ekonomik n\u00eb rritje - Kosova Times","robots":{"index":"index","follow":"follow","max-snippet":"max-snippet:-1","max-image-preview":"max-image-preview:large","max-video-preview":"max-video-preview:-1"},"canonical":"https:\/\/kosovatimes.info\/index.php\/2026\/05\/01\/haradinajsektori-publik-e-privat-me-veshtiresipresioni-ekonomik-ne-rritje\/","og_locale":"en_US","og_type":"article","og_title":"Haradinaj:Sektori publik e privat me v\u00ebshtir\u00ebsi,presioni ekonomik n\u00eb rritje - Kosova Times","og_description":"Kryetari i AAK-s\u00eb, Ramush Haradinaj, p\u00ebr Dit\u00ebn Nd\u00ebrkomb\u00ebtare t\u00eb Pun\u00ebtor\u00ebve ka th\u00ebn\u00eb se punonj\u00ebsit n\u00eb Kosov\u00eb po p\u00ebrballen me paga t\u00eb ul\u00ebta, kosto t\u00eb lart\u00eb jetese dhe standard q\u00eb mbetet nd\u00ebr m\u00eb t\u00eb ul\u00ebtit n\u00eb rajon. \u201cPaga minimale \u00ebsht\u00eb kthyer m\u00eb shum\u00eb n\u00eb form\u00eb asistence, nd\u00ebrsa paga mesatare mezi mbulon nevojat bazike t\u00eb nj\u00eb familjeje. [&hellip;]","og_url":"https:\/\/kosovatimes.info\/index.php\/2026\/05\/01\/haradinajsektori-publik-e-privat-me-veshtiresipresioni-ekonomik-ne-rritje\/","og_site_name":"Kosova Times","article_published_time":"2026-05-01T14:50:00+00:00","article_modified_time":"2026-05-01T15:33:17+00:00","og_image":[{"width":780,"height":500,"url":"https:\/\/kosovatimes.info\/wp-content\/uploads\/2026\/04\/Ramush-1.jpg","type":"image\/jpeg"}],"author":"i l","twitter_card":"summary_large_image","twitter_misc":{"Written by":"i l","Est. reading time":"1 minute"},"schema":{"@context":"https:\/\/schema.org","@graph":[{"@type":"Article","@id":"https:\/\/kosovatimes.info\/index.php\/2026\/05\/01\/haradinajsektori-publik-e-privat-me-veshtiresipresioni-ekonomik-ne-rritje\/#article","isPartOf":{"@id":"https:\/\/kosovatimes.info\/index.php\/2026\/05\/01\/haradinajsektori-publik-e-privat-me-veshtiresipresioni-ekonomik-ne-rritje\/"},"author":{"name":"i l","@id":"https:\/\/kosovatimes.info\/#\/schema\/person\/7586712b9c512fe68085de007378c915"},"headline":"Haradinaj:Sektori publik e privat me v\u00ebshtir\u00ebsi,presioni ekonomik n\u00eb rritje","datePublished":"2026-05-01T14:50:00+00:00","dateModified":"2026-05-01T15:33:17+00:00","mainEntityOfPage":{"@id":"https:\/\/kosovatimes.info\/index.php\/2026\/05\/01\/haradinajsektori-publik-e-privat-me-veshtiresipresioni-ekonomik-ne-rritje\/"},"wordCount":144,"commentCount":0,"image":{"@id":"https:\/\/kosovatimes.info\/index.php\/2026\/05\/01\/haradinajsektori-publik-e-privat-me-veshtiresipresioni-ekonomik-ne-rritje\/#primaryimage"},"thumbnailUrl":"https:\/\/kosovatimes.info\/wp-content\/uploads\/2026\/04\/Ramush-1.jpg","articleSection":["Kosov\u00eb","Lajme"],"inLanguage":"en-US","potentialAction":[{"@type":"CommentAction","name":"Comment","target":["https:\/\/kosovatimes.info\/index.php\/2026\/05\/01\/haradinajsektori-publik-e-privat-me-veshtiresipresioni-ekonomik-ne-rritje\/#respond"]}]},{"@type":"WebPage","@id":"https:\/\/kosovatimes.info\/index.php\/2026\/05\/01\/haradinajsektori-publik-e-privat-me-veshtiresipresioni-ekonomik-ne-rritje\/","url":"https:\/\/kosovatimes.info\/index.php\/2026\/05\/01\/haradinajsektori-publik-e-privat-me-veshtiresipresioni-ekonomik-ne-rritje\/","name":"Haradinaj:Sektori publik e privat me v\u00ebshtir\u00ebsi,presioni ekonomik n\u00eb rritje - Kosova Times","isPartOf":{"@id":"https:\/\/kosovatimes.info\/#website"},"primaryImageOfPage":{"@id":"https:\/\/kosovatimes.info\/index.php\/2026\/05\/01\/haradinajsektori-publik-e-privat-me-veshtiresipresioni-ekonomik-ne-rritje\/#primaryimage"},"image":{"@id":"https:\/\/kosovatimes.info\/index.php\/2026\/05\/01\/haradinajsektori-publik-e-privat-me-veshtiresipresioni-ekonomik-ne-rritje\/#primaryimage"},"thumbnailUrl":"https:\/\/kosovatimes.info\/wp-content\/uploads\/2026\/04\/Ramush-1.jpg","datePublished":"2026-05-01T14:50:00+00:00","dateModified":"2026-05-01T15:33:17+00:00","author":{"@id":"https:\/\/kosovatimes.info\/#\/schema\/person\/7586712b9c512fe68085de007378c915"},"breadcrumb":{"@id":"https:\/\/kosovatimes.info\/index.php\/2026\/05\/01\/haradinajsektori-publik-e-privat-me-veshtiresipresioni-ekonomik-ne-rritje\/#breadcrumb"},"inLanguage":"en-US","potentialAction":[{"@type":"ReadAction","target":["https:\/\/kosovatimes.info\/index.php\/2026\/05\/01\/haradinajsektori-publik-e-privat-me-veshtiresipresioni-ekonomik-ne-rritje\/"]}]},{"@type":"ImageObject","inLanguage":"en-US","@id":"https:\/\/kosovatimes.info\/index.php\/2026\/05\/01\/haradinajsektori-publik-e-privat-me-veshtiresipresioni-ekonomik-ne-rritje\/#primaryimage","url":"https:\/\/kosovatimes.info\/wp-content\/uploads\/2026\/04\/Ramush-1.jpg","contentUrl":"https:\/\/kosovatimes.info\/wp-content\/uploads\/2026\/04\/Ramush-1.jpg","width":780,"height":500},{"@type":"BreadcrumbList","@id":"https:\/\/kosovatimes.info\/index.php\/2026\/05\/01\/haradinajsektori-publik-e-privat-me-veshtiresipresioni-ekonomik-ne-rritje\/#breadcrumb","itemListElement":[{"@type":"ListItem","position":1,"name":"Home","item":"https:\/\/kosovatimes.info\/"},{"@type":"ListItem","position":2,"name":"Haradinaj:Sektori publik e privat me v\u00ebshtir\u00ebsi,presioni ekonomik n\u00eb rritje"}]},{"@type":"WebSite","@id":"https:\/\/kosovatimes.info\/#website","url":"https:\/\/kosovatimes.info\/","name":"Kosova Times","description":"","potentialAction":[{"@type":"SearchAction","target":{"@type":"EntryPoint","urlTemplate":"https:\/\/kosovatimes.info\/?s={search_term_string}"},"query-input":{"@type":"PropertyValueSpecification","valueRequired":true,"valueName":"search_term_string"}}],"inLanguage":"en-US"},{"@type":"Person","@id":"https:\/\/kosovatimes.info\/#\/schema\/person\/7586712b9c512fe68085de007378c915","name":"i l","image":{"@type":"ImageObject","inLanguage":"en-US","@id":"https:\/\/secure.gravatar.com\/avatar\/bad9296e02816160ae2e2435beda58222022298d5625d49fea74d18816fbb31d?s=96&d=mm&r=g","url":"https:\/\/secure.gravatar.com\/avatar\/bad9296e02816160ae2e2435beda58222022298d5625d49fea74d18816fbb31d?s=96&d=mm&r=g","contentUrl":"https:\/\/secure.gravatar.com\/avatar\/bad9296e02816160ae2e2435beda58222022298d5625d49fea74d18816fbb31d?s=96&d=mm&r=g","caption":"i l"},"url":"https:\/\/kosovatimes.info\/index.php\/author\/iliri\/"}]}},"_links":{"self":[{"href":"https:\/\/kosovatimes.info\/index.php\/wp-json\/wp\/v2\/posts\/13011","targetHints":{"allow":["GET"]}}],"collection":[{"href":"https:\/\/kosovatimes.info\/index.php\/wp-json\/wp\/v2\/posts"}],"about":[{"href":"https:\/\/kosovatimes.info\/index.php\/wp-json\/wp\/v2\/types\/post"}],"author":[{"embeddable":true,"href":"https:\/\/kosovatimes.info\/index.php\/wp-json\/wp\/v2\/users\/4"}],"replies":[{"embeddable":true,"href":"https:\/\/kosovatimes.info\/index.php\/wp-json\/wp\/v2\/comments?post=13011"}],"version-history":[{"count":1,"href":"https:\/\/kosovatimes.info\/index.php\/wp-json\/wp\/v2\/posts\/13011\/revisions"}],"predecessor-version":[{"id":13012,"href":"https:\/\/kosovatimes.info\/index.php\/wp-json\/wp\/v2\/posts\/13011\/revisions\/13012"}],"wp:featuredmedia":[{"embeddable":true,"href":"https:\/\/kosovatimes.info\/index.php\/wp-json\/wp\/v2\/media\/11814"}],"wp:attachment":[{"href":"https:\/\/kosovatimes.info\/index.php\/wp-json\/wp\/v2\/media?parent=13011"}],"wp:term":[{"taxonomy":"category","embeddable":true,"href":"https:\/\/kosovatimes.info\/index.php\/wp-json\/wp\/v2\/categories?post=13011"},{"taxonomy":"post_tag","embeddable":true,"href":"https:\/\/kosovatimes.info\/index.php\/wp-json\/wp\/v2\/tags?post=13011"}],"curies":[{"name":"wp","href":"https:\/\/api.w.org\/{rel}","templated":true}]}}