{"id":13024,"date":"2026-05-01T22:24:44","date_gmt":"2026-05-01T20:24:44","guid":{"rendered":"https:\/\/kosovatimes.info\/?p=13024"},"modified":"2026-05-01T22:24:46","modified_gmt":"2026-05-01T20:24:46","slug":"shkallet-e-hyrjes-shemben-ne-nje-aktivitet-tre-gazetare-te-plagosur","status":"publish","type":"post","link":"https:\/\/kosovatimes.info\/index.php\/2026\/05\/01\/shkallet-e-hyrjes-shemben-ne-nje-aktivitet-tre-gazetare-te-plagosur\/","title":{"rendered":"Shkall\u00ebt e hyrjes shemben n\u00eb nj\u00eb aktivitet \u2013 Tre gazetar\u00eb t\u00eb plagosur"},"content":{"rendered":"\n<p><strong>Nj\u00eb aksident ndodhi n\u00eb nj\u00eb aktivitet n\u00eb aeroportin e Araxos gjat\u00eb uljes s\u00eb par\u00eb t\u00eb nj\u00eb avioni TUI me emrin &#8220;Patra&#8221;, pasi nj\u00eb shkall\u00eb hipjeje mbi t\u00eb cil\u00ebn gazetar\u00ebt dhe fotoreporter\u00ebt ishin ngjitur p\u00ebr t\u00eb mbuluar aktivitetin u shemb.<\/strong><\/p>\n\n\n\n<p>Nj\u00eb aksident ndodhi n\u00eb nj\u00eb aktivitet n\u00eb Aeroportin e Araxos gjat\u00eb uljes s\u00eb par\u00eb t\u00eb nj\u00eb avioni\u00a0<strong>TUI<\/strong>\u00a0t\u00eb quajtur\u00a0<strong>&#8220;Patra&#8221;<\/strong>\u00a0, pasi\u00a0<strong>nj\u00eb shkall\u00eb hipjeje mbi t\u00eb cil\u00ebn\u00a0\u00a0gazetaret<a href=\"https:\/\/www.protothema.gr\/tag\/dimosiografoi\/\" target=\"_blank\" rel=\"noreferrer noopener\">\u00a0<\/a>\u00a0dhe fotoreporter\u00ebt ishin ngjitur p\u00ebr t\u00eb mbuluar aktivitetin u shemb.<\/strong><\/p>\n\n\n\n<p>Sipas informacioneve nga&nbsp;<a href=\"https:\/\/tempo24.news\/sovaro-atychima-ston-araxo-epese-i-skala-pou-itan-oi-dimosiografoi-gia-na-kalypsoun-tin-proti-prosgeiosi-tou-aeroskafous-patra-treis-travmaties-foto\/\" target=\"_blank\" rel=\"noreferrer noopener\">tempo24.news lokale,&nbsp;<\/a><strong>tre persona u plagos\u00ebn<\/strong>&nbsp;nga r\u00ebnia&nbsp;: nj\u00eb gazetar nga Athina, nj\u00eb kameraman dhe nj\u00eb fotoreporter nga Patra, t\u00eb cil\u00ebt p\u00ebsuan l\u00ebndime n\u00eb gjymtyr\u00eb dhe u transportuan me ambulanc\u00eb&nbsp;<strong>t\u00eb EKAB<\/strong>&nbsp;n\u00eb spital. P\u00ebrfaq\u00ebsuesit e tjer\u00eb t\u00eb medias t\u00eb pranish\u00ebm p\u00ebsuan l\u00ebndime t\u00eb lehta dhe nuk u konsiderua e nevojshme transportimi i tyre n\u00eb spital.<\/p>\n\n\n\n<p>Sipas&nbsp;<a href=\"https:\/\/pelop.gr\/premiera-fiasko-ston-araxo-treis-travmaties-stin-teleti-ypodochis-parodia-foto-vinteo\/\" target=\"_blank\" rel=\"noreferrer noopener\">pelop.gr<\/a>&nbsp;, incidenti ndodhi kur,&nbsp;<strong>gjat\u00eb procesit t\u00eb mbulimit t\u00eb ngjarjes, zyrtar\u00ebt e kompanis\u00eb u dhan\u00eb udh\u00ebzime gazetar\u00ebve dhe fotoreporter\u00ebve t\u00eb ngjiteshin n\u00eb nj\u00eb shkall\u00eb p\u00ebr t\u00eb siguruar pamje m\u00eb t\u00eb mira . Sipas t\u00eb nj\u00ebjtit informacion,&nbsp;<\/strong><strong>af\u00ebrsisht 10 deri n\u00eb 15 persona<\/strong>&nbsp;ishin mbledhur n\u00eb shkall\u00eb&nbsp;&nbsp;, gj\u00eb q\u00eb \u00e7oi n\u00eb shembjen e saj.<\/p>\n\n\n\n<figure class=\"wp-block-image\"><img decoding=\"async\" src=\"https:\/\/www.kathimerini.gr\/wp-content\/uploads\/2026\/05\/araxos-1-960x536.jpg?1777652766170\" alt=\"Araxos: Shkall\u00ebt e hyrjes shemben n\u00eb nj\u00eb aktivitet \u2013 Tre gazetar\u00eb t\u00eb plagosur-1\"\/><\/figure>\n\n\n\n<figure class=\"wp-block-image\"><img decoding=\"async\" src=\"https:\/\/www.kathimerini.gr\/wp-content\/uploads\/2026\/05\/araxos-2-960x543.jpg?1777652802781\" alt=\"Araxos: Shkall\u00ebt e hyrjes shemben n\u00eb nj\u00eb aktivitet \u2013 Tre gazetar\u00eb t\u00eb plagosur - 2\"\/><\/figure>\n\n\n\n<figure class=\"wp-block-image\"><img decoding=\"async\" src=\"https:\/\/www.kathimerini.gr\/wp-content\/uploads\/2026\/05\/araxos-3-960x713.jpg?1777652868485\" alt=\"Araxos: Shkall\u00ebt e hyrjes shemben n\u00eb nj\u00eb aktivitet \u2013 Tre gazetar\u00eb t\u00eb plagosur - 3\"\/><\/figure>\n","protected":false},"excerpt":{"rendered":"<p>Nj\u00eb aksident ndodhi n\u00eb nj\u00eb aktivitet n\u00eb aeroportin e Araxos gjat\u00eb uljes s\u00eb par\u00eb t\u00eb nj\u00eb avioni TUI me emrin &#8220;Patra&#8221;, pasi nj\u00eb shkall\u00eb hipjeje mbi t\u00eb cil\u00ebn gazetar\u00ebt dhe fotoreporter\u00ebt ishin ngjitur p\u00ebr t\u00eb mbuluar aktivitetin u shemb. Nj\u00eb aksident ndodhi n\u00eb nj\u00eb aktivitet n\u00eb Aeroportin e Araxos gjat\u00eb uljes s\u00eb par\u00eb t\u00eb nj\u00eb [&hellip;]<\/p>\n","protected":false},"author":4,"featured_media":13025,"comment_status":"open","ping_status":"open","sticky":false,"template":"","format":"standard","meta":{"footnotes":""},"categories":[30,32],"tags":[],"class_list":{"0":"post-13024","1":"post","2":"type-post","3":"status-publish","4":"format-standard","5":"has-post-thumbnail","7":"category-lajme","8":"category-rajon"},"yoast_head":"<!-- This site is optimized with the Yoast SEO plugin v27.4 - https:\/\/yoast.com\/product\/yoast-seo-wordpress\/ -->\n<title>Shkall\u00ebt e hyrjes shemben n\u00eb nj\u00eb aktivitet \u2013 Tre gazetar\u00eb t\u00eb plagosur - Kosova Times<\/title>\n<meta name=\"robots\" content=\"index, follow, max-snippet:-1, max-image-preview:large, max-video-preview:-1\" \/>\n<link rel=\"canonical\" href=\"https:\/\/kosovatimes.info\/index.php\/2026\/05\/01\/shkallet-e-hyrjes-shemben-ne-nje-aktivitet-tre-gazetare-te-plagosur\/\" \/>\n<meta property=\"og:locale\" content=\"en_US\" \/>\n<meta property=\"og:type\" content=\"article\" \/>\n<meta property=\"og:title\" content=\"Shkall\u00ebt e hyrjes shemben n\u00eb nj\u00eb aktivitet \u2013 Tre gazetar\u00eb t\u00eb plagosur - Kosova Times\" \/>\n<meta property=\"og:description\" content=\"Nj\u00eb aksident ndodhi n\u00eb nj\u00eb aktivitet n\u00eb aeroportin e Araxos gjat\u00eb uljes s\u00eb par\u00eb t\u00eb nj\u00eb avioni TUI me emrin &#8220;Patra&#8221;, pasi nj\u00eb shkall\u00eb hipjeje mbi t\u00eb cil\u00ebn gazetar\u00ebt dhe fotoreporter\u00ebt ishin ngjitur p\u00ebr t\u00eb mbuluar aktivitetin u shemb. Nj\u00eb aksident ndodhi n\u00eb nj\u00eb aktivitet n\u00eb Aeroportin e Araxos gjat\u00eb uljes s\u00eb par\u00eb t\u00eb nj\u00eb [&hellip;]\" \/>\n<meta property=\"og:url\" content=\"https:\/\/kosovatimes.info\/index.php\/2026\/05\/01\/shkallet-e-hyrjes-shemben-ne-nje-aktivitet-tre-gazetare-te-plagosur\/\" \/>\n<meta property=\"og:site_name\" content=\"Kosova Times\" \/>\n<meta property=\"article:published_time\" content=\"2026-05-01T20:24:44+00:00\" \/>\n<meta property=\"article:modified_time\" content=\"2026-05-01T20:24:46+00:00\" \/>\n<meta property=\"og:image\" content=\"https:\/\/kosovatimes.info\/wp-content\/uploads\/2026\/05\/aeroport.jpg\" \/>\n\t<meta property=\"og:image:width\" content=\"1262\" \/>\n\t<meta property=\"og:image:height\" content=\"708\" \/>\n\t<meta property=\"og:image:type\" content=\"image\/jpeg\" \/>\n<meta name=\"author\" content=\"i l\" \/>\n<meta name=\"twitter:card\" content=\"summary_large_image\" \/>\n<meta name=\"twitter:label1\" content=\"Written by\" \/>\n\t<meta name=\"twitter:data1\" content=\"i l\" \/>\n\t<meta name=\"twitter:label2\" content=\"Est. reading time\" \/>\n\t<meta name=\"twitter:data2\" content=\"2 minutes\" \/>\n<script type=\"application\/ld+json\" class=\"yoast-schema-graph\">{\"@context\":\"https:\\\/\\\/schema.org\",\"@graph\":[{\"@type\":\"Article\",\"@id\":\"https:\\\/\\\/kosovatimes.info\\\/index.php\\\/2026\\\/05\\\/01\\\/shkallet-e-hyrjes-shemben-ne-nje-aktivitet-tre-gazetare-te-plagosur\\\/#article\",\"isPartOf\":{\"@id\":\"https:\\\/\\\/kosovatimes.info\\\/index.php\\\/2026\\\/05\\\/01\\\/shkallet-e-hyrjes-shemben-ne-nje-aktivitet-tre-gazetare-te-plagosur\\\/\"},\"author\":{\"name\":\"i l\",\"@id\":\"https:\\\/\\\/kosovatimes.info\\\/#\\\/schema\\\/person\\\/7586712b9c512fe68085de007378c915\"},\"headline\":\"Shkall\u00ebt e hyrjes shemben n\u00eb nj\u00eb aktivitet \u2013 Tre gazetar\u00eb t\u00eb plagosur\",\"datePublished\":\"2026-05-01T20:24:44+00:00\",\"dateModified\":\"2026-05-01T20:24:46+00:00\",\"mainEntityOfPage\":{\"@id\":\"https:\\\/\\\/kosovatimes.info\\\/index.php\\\/2026\\\/05\\\/01\\\/shkallet-e-hyrjes-shemben-ne-nje-aktivitet-tre-gazetare-te-plagosur\\\/\"},\"wordCount\":239,\"commentCount\":0,\"image\":{\"@id\":\"https:\\\/\\\/kosovatimes.info\\\/index.php\\\/2026\\\/05\\\/01\\\/shkallet-e-hyrjes-shemben-ne-nje-aktivitet-tre-gazetare-te-plagosur\\\/#primaryimage\"},\"thumbnailUrl\":\"https:\\\/\\\/kosovatimes.info\\\/wp-content\\\/uploads\\\/2026\\\/05\\\/aeroport.jpg\",\"articleSection\":[\"Lajme\",\"Rajon\"],\"inLanguage\":\"en-US\",\"potentialAction\":[{\"@type\":\"CommentAction\",\"name\":\"Comment\",\"target\":[\"https:\\\/\\\/kosovatimes.info\\\/index.php\\\/2026\\\/05\\\/01\\\/shkallet-e-hyrjes-shemben-ne-nje-aktivitet-tre-gazetare-te-plagosur\\\/#respond\"]}]},{\"@type\":\"WebPage\",\"@id\":\"https:\\\/\\\/kosovatimes.info\\\/index.php\\\/2026\\\/05\\\/01\\\/shkallet-e-hyrjes-shemben-ne-nje-aktivitet-tre-gazetare-te-plagosur\\\/\",\"url\":\"https:\\\/\\\/kosovatimes.info\\\/index.php\\\/2026\\\/05\\\/01\\\/shkallet-e-hyrjes-shemben-ne-nje-aktivitet-tre-gazetare-te-plagosur\\\/\",\"name\":\"Shkall\u00ebt e hyrjes shemben n\u00eb nj\u00eb aktivitet \u2013 Tre gazetar\u00eb t\u00eb plagosur - Kosova Times\",\"isPartOf\":{\"@id\":\"https:\\\/\\\/kosovatimes.info\\\/#website\"},\"primaryImageOfPage\":{\"@id\":\"https:\\\/\\\/kosovatimes.info\\\/index.php\\\/2026\\\/05\\\/01\\\/shkallet-e-hyrjes-shemben-ne-nje-aktivitet-tre-gazetare-te-plagosur\\\/#primaryimage\"},\"image\":{\"@id\":\"https:\\\/\\\/kosovatimes.info\\\/index.php\\\/2026\\\/05\\\/01\\\/shkallet-e-hyrjes-shemben-ne-nje-aktivitet-tre-gazetare-te-plagosur\\\/#primaryimage\"},\"thumbnailUrl\":\"https:\\\/\\\/kosovatimes.info\\\/wp-content\\\/uploads\\\/2026\\\/05\\\/aeroport.jpg\",\"datePublished\":\"2026-05-01T20:24:44+00:00\",\"dateModified\":\"2026-05-01T20:24:46+00:00\",\"author\":{\"@id\":\"https:\\\/\\\/kosovatimes.info\\\/#\\\/schema\\\/person\\\/7586712b9c512fe68085de007378c915\"},\"breadcrumb\":{\"@id\":\"https:\\\/\\\/kosovatimes.info\\\/index.php\\\/2026\\\/05\\\/01\\\/shkallet-e-hyrjes-shemben-ne-nje-aktivitet-tre-gazetare-te-plagosur\\\/#breadcrumb\"},\"inLanguage\":\"en-US\",\"potentialAction\":[{\"@type\":\"ReadAction\",\"target\":[\"https:\\\/\\\/kosovatimes.info\\\/index.php\\\/2026\\\/05\\\/01\\\/shkallet-e-hyrjes-shemben-ne-nje-aktivitet-tre-gazetare-te-plagosur\\\/\"]}]},{\"@type\":\"ImageObject\",\"inLanguage\":\"en-US\",\"@id\":\"https:\\\/\\\/kosovatimes.info\\\/index.php\\\/2026\\\/05\\\/01\\\/shkallet-e-hyrjes-shemben-ne-nje-aktivitet-tre-gazetare-te-plagosur\\\/#primaryimage\",\"url\":\"https:\\\/\\\/kosovatimes.info\\\/wp-content\\\/uploads\\\/2026\\\/05\\\/aeroport.jpg\",\"contentUrl\":\"https:\\\/\\\/kosovatimes.info\\\/wp-content\\\/uploads\\\/2026\\\/05\\\/aeroport.jpg\",\"width\":1262,\"height\":708},{\"@type\":\"BreadcrumbList\",\"@id\":\"https:\\\/\\\/kosovatimes.info\\\/index.php\\\/2026\\\/05\\\/01\\\/shkallet-e-hyrjes-shemben-ne-nje-aktivitet-tre-gazetare-te-plagosur\\\/#breadcrumb\",\"itemListElement\":[{\"@type\":\"ListItem\",\"position\":1,\"name\":\"Home\",\"item\":\"https:\\\/\\\/kosovatimes.info\\\/\"},{\"@type\":\"ListItem\",\"position\":2,\"name\":\"Shkall\u00ebt e hyrjes shemben n\u00eb nj\u00eb aktivitet \u2013 Tre gazetar\u00eb t\u00eb plagosur\"}]},{\"@type\":\"WebSite\",\"@id\":\"https:\\\/\\\/kosovatimes.info\\\/#website\",\"url\":\"https:\\\/\\\/kosovatimes.info\\\/\",\"name\":\"Kosova Times\",\"description\":\"\",\"potentialAction\":[{\"@type\":\"SearchAction\",\"target\":{\"@type\":\"EntryPoint\",\"urlTemplate\":\"https:\\\/\\\/kosovatimes.info\\\/?s={search_term_string}\"},\"query-input\":{\"@type\":\"PropertyValueSpecification\",\"valueRequired\":true,\"valueName\":\"search_term_string\"}}],\"inLanguage\":\"en-US\"},{\"@type\":\"Person\",\"@id\":\"https:\\\/\\\/kosovatimes.info\\\/#\\\/schema\\\/person\\\/7586712b9c512fe68085de007378c915\",\"name\":\"i l\",\"image\":{\"@type\":\"ImageObject\",\"inLanguage\":\"en-US\",\"@id\":\"https:\\\/\\\/secure.gravatar.com\\\/avatar\\\/bad9296e02816160ae2e2435beda58222022298d5625d49fea74d18816fbb31d?s=96&d=mm&r=g\",\"url\":\"https:\\\/\\\/secure.gravatar.com\\\/avatar\\\/bad9296e02816160ae2e2435beda58222022298d5625d49fea74d18816fbb31d?s=96&d=mm&r=g\",\"contentUrl\":\"https:\\\/\\\/secure.gravatar.com\\\/avatar\\\/bad9296e02816160ae2e2435beda58222022298d5625d49fea74d18816fbb31d?s=96&d=mm&r=g\",\"caption\":\"i l\"},\"url\":\"https:\\\/\\\/kosovatimes.info\\\/index.php\\\/author\\\/iliri\\\/\"}]}<\/script>\n<!-- \/ Yoast SEO plugin. -->","yoast_head_json":{"title":"Shkall\u00ebt e hyrjes shemben n\u00eb nj\u00eb aktivitet \u2013 Tre gazetar\u00eb t\u00eb plagosur - Kosova Times","robots":{"index":"index","follow":"follow","max-snippet":"max-snippet:-1","max-image-preview":"max-image-preview:large","max-video-preview":"max-video-preview:-1"},"canonical":"https:\/\/kosovatimes.info\/index.php\/2026\/05\/01\/shkallet-e-hyrjes-shemben-ne-nje-aktivitet-tre-gazetare-te-plagosur\/","og_locale":"en_US","og_type":"article","og_title":"Shkall\u00ebt e hyrjes shemben n\u00eb nj\u00eb aktivitet \u2013 Tre gazetar\u00eb t\u00eb plagosur - Kosova Times","og_description":"Nj\u00eb aksident ndodhi n\u00eb nj\u00eb aktivitet n\u00eb aeroportin e Araxos gjat\u00eb uljes s\u00eb par\u00eb t\u00eb nj\u00eb avioni TUI me emrin &#8220;Patra&#8221;, pasi nj\u00eb shkall\u00eb hipjeje mbi t\u00eb cil\u00ebn gazetar\u00ebt dhe fotoreporter\u00ebt ishin ngjitur p\u00ebr t\u00eb mbuluar aktivitetin u shemb. Nj\u00eb aksident ndodhi n\u00eb nj\u00eb aktivitet n\u00eb Aeroportin e Araxos gjat\u00eb uljes s\u00eb par\u00eb t\u00eb nj\u00eb [&hellip;]","og_url":"https:\/\/kosovatimes.info\/index.php\/2026\/05\/01\/shkallet-e-hyrjes-shemben-ne-nje-aktivitet-tre-gazetare-te-plagosur\/","og_site_name":"Kosova Times","article_published_time":"2026-05-01T20:24:44+00:00","article_modified_time":"2026-05-01T20:24:46+00:00","og_image":[{"width":1262,"height":708,"url":"https:\/\/kosovatimes.info\/wp-content\/uploads\/2026\/05\/aeroport.jpg","type":"image\/jpeg"}],"author":"i l","twitter_card":"summary_large_image","twitter_misc":{"Written by":"i l","Est. reading time":"2 minutes"},"schema":{"@context":"https:\/\/schema.org","@graph":[{"@type":"Article","@id":"https:\/\/kosovatimes.info\/index.php\/2026\/05\/01\/shkallet-e-hyrjes-shemben-ne-nje-aktivitet-tre-gazetare-te-plagosur\/#article","isPartOf":{"@id":"https:\/\/kosovatimes.info\/index.php\/2026\/05\/01\/shkallet-e-hyrjes-shemben-ne-nje-aktivitet-tre-gazetare-te-plagosur\/"},"author":{"name":"i l","@id":"https:\/\/kosovatimes.info\/#\/schema\/person\/7586712b9c512fe68085de007378c915"},"headline":"Shkall\u00ebt e hyrjes shemben n\u00eb nj\u00eb aktivitet \u2013 Tre gazetar\u00eb t\u00eb plagosur","datePublished":"2026-05-01T20:24:44+00:00","dateModified":"2026-05-01T20:24:46+00:00","mainEntityOfPage":{"@id":"https:\/\/kosovatimes.info\/index.php\/2026\/05\/01\/shkallet-e-hyrjes-shemben-ne-nje-aktivitet-tre-gazetare-te-plagosur\/"},"wordCount":239,"commentCount":0,"image":{"@id":"https:\/\/kosovatimes.info\/index.php\/2026\/05\/01\/shkallet-e-hyrjes-shemben-ne-nje-aktivitet-tre-gazetare-te-plagosur\/#primaryimage"},"thumbnailUrl":"https:\/\/kosovatimes.info\/wp-content\/uploads\/2026\/05\/aeroport.jpg","articleSection":["Lajme","Rajon"],"inLanguage":"en-US","potentialAction":[{"@type":"CommentAction","name":"Comment","target":["https:\/\/kosovatimes.info\/index.php\/2026\/05\/01\/shkallet-e-hyrjes-shemben-ne-nje-aktivitet-tre-gazetare-te-plagosur\/#respond"]}]},{"@type":"WebPage","@id":"https:\/\/kosovatimes.info\/index.php\/2026\/05\/01\/shkallet-e-hyrjes-shemben-ne-nje-aktivitet-tre-gazetare-te-plagosur\/","url":"https:\/\/kosovatimes.info\/index.php\/2026\/05\/01\/shkallet-e-hyrjes-shemben-ne-nje-aktivitet-tre-gazetare-te-plagosur\/","name":"Shkall\u00ebt e hyrjes shemben n\u00eb nj\u00eb aktivitet \u2013 Tre gazetar\u00eb t\u00eb plagosur - Kosova Times","isPartOf":{"@id":"https:\/\/kosovatimes.info\/#website"},"primaryImageOfPage":{"@id":"https:\/\/kosovatimes.info\/index.php\/2026\/05\/01\/shkallet-e-hyrjes-shemben-ne-nje-aktivitet-tre-gazetare-te-plagosur\/#primaryimage"},"image":{"@id":"https:\/\/kosovatimes.info\/index.php\/2026\/05\/01\/shkallet-e-hyrjes-shemben-ne-nje-aktivitet-tre-gazetare-te-plagosur\/#primaryimage"},"thumbnailUrl":"https:\/\/kosovatimes.info\/wp-content\/uploads\/2026\/05\/aeroport.jpg","datePublished":"2026-05-01T20:24:44+00:00","dateModified":"2026-05-01T20:24:46+00:00","author":{"@id":"https:\/\/kosovatimes.info\/#\/schema\/person\/7586712b9c512fe68085de007378c915"},"breadcrumb":{"@id":"https:\/\/kosovatimes.info\/index.php\/2026\/05\/01\/shkallet-e-hyrjes-shemben-ne-nje-aktivitet-tre-gazetare-te-plagosur\/#breadcrumb"},"inLanguage":"en-US","potentialAction":[{"@type":"ReadAction","target":["https:\/\/kosovatimes.info\/index.php\/2026\/05\/01\/shkallet-e-hyrjes-shemben-ne-nje-aktivitet-tre-gazetare-te-plagosur\/"]}]},{"@type":"ImageObject","inLanguage":"en-US","@id":"https:\/\/kosovatimes.info\/index.php\/2026\/05\/01\/shkallet-e-hyrjes-shemben-ne-nje-aktivitet-tre-gazetare-te-plagosur\/#primaryimage","url":"https:\/\/kosovatimes.info\/wp-content\/uploads\/2026\/05\/aeroport.jpg","contentUrl":"https:\/\/kosovatimes.info\/wp-content\/uploads\/2026\/05\/aeroport.jpg","width":1262,"height":708},{"@type":"BreadcrumbList","@id":"https:\/\/kosovatimes.info\/index.php\/2026\/05\/01\/shkallet-e-hyrjes-shemben-ne-nje-aktivitet-tre-gazetare-te-plagosur\/#breadcrumb","itemListElement":[{"@type":"ListItem","position":1,"name":"Home","item":"https:\/\/kosovatimes.info\/"},{"@type":"ListItem","position":2,"name":"Shkall\u00ebt e hyrjes shemben n\u00eb nj\u00eb aktivitet \u2013 Tre gazetar\u00eb t\u00eb plagosur"}]},{"@type":"WebSite","@id":"https:\/\/kosovatimes.info\/#website","url":"https:\/\/kosovatimes.info\/","name":"Kosova Times","description":"","potentialAction":[{"@type":"SearchAction","target":{"@type":"EntryPoint","urlTemplate":"https:\/\/kosovatimes.info\/?s={search_term_string}"},"query-input":{"@type":"PropertyValueSpecification","valueRequired":true,"valueName":"search_term_string"}}],"inLanguage":"en-US"},{"@type":"Person","@id":"https:\/\/kosovatimes.info\/#\/schema\/person\/7586712b9c512fe68085de007378c915","name":"i l","image":{"@type":"ImageObject","inLanguage":"en-US","@id":"https:\/\/secure.gravatar.com\/avatar\/bad9296e02816160ae2e2435beda58222022298d5625d49fea74d18816fbb31d?s=96&d=mm&r=g","url":"https:\/\/secure.gravatar.com\/avatar\/bad9296e02816160ae2e2435beda58222022298d5625d49fea74d18816fbb31d?s=96&d=mm&r=g","contentUrl":"https:\/\/secure.gravatar.com\/avatar\/bad9296e02816160ae2e2435beda58222022298d5625d49fea74d18816fbb31d?s=96&d=mm&r=g","caption":"i l"},"url":"https:\/\/kosovatimes.info\/index.php\/author\/iliri\/"}]}},"_links":{"self":[{"href":"https:\/\/kosovatimes.info\/index.php\/wp-json\/wp\/v2\/posts\/13024","targetHints":{"allow":["GET"]}}],"collection":[{"href":"https:\/\/kosovatimes.info\/index.php\/wp-json\/wp\/v2\/posts"}],"about":[{"href":"https:\/\/kosovatimes.info\/index.php\/wp-json\/wp\/v2\/types\/post"}],"author":[{"embeddable":true,"href":"https:\/\/kosovatimes.info\/index.php\/wp-json\/wp\/v2\/users\/4"}],"replies":[{"embeddable":true,"href":"https:\/\/kosovatimes.info\/index.php\/wp-json\/wp\/v2\/comments?post=13024"}],"version-history":[{"count":1,"href":"https:\/\/kosovatimes.info\/index.php\/wp-json\/wp\/v2\/posts\/13024\/revisions"}],"predecessor-version":[{"id":13026,"href":"https:\/\/kosovatimes.info\/index.php\/wp-json\/wp\/v2\/posts\/13024\/revisions\/13026"}],"wp:featuredmedia":[{"embeddable":true,"href":"https:\/\/kosovatimes.info\/index.php\/wp-json\/wp\/v2\/media\/13025"}],"wp:attachment":[{"href":"https:\/\/kosovatimes.info\/index.php\/wp-json\/wp\/v2\/media?parent=13024"}],"wp:term":[{"taxonomy":"category","embeddable":true,"href":"https:\/\/kosovatimes.info\/index.php\/wp-json\/wp\/v2\/categories?post=13024"},{"taxonomy":"post_tag","embeddable":true,"href":"https:\/\/kosovatimes.info\/index.php\/wp-json\/wp\/v2\/tags?post=13024"}],"curies":[{"name":"wp","href":"https:\/\/api.w.org\/{rel}","templated":true}]}}