{"id":13027,"date":"2026-05-01T22:27:20","date_gmt":"2026-05-01T20:27:20","guid":{"rendered":"https:\/\/kosovatimes.info\/?p=13027"},"modified":"2026-05-01T22:27:22","modified_gmt":"2026-05-01T20:27:22","slug":"skanimi-i-mediave-sociale-te-adoleshenteve-ne-43-vende","status":"publish","type":"post","link":"https:\/\/kosovatimes.info\/index.php\/2026\/05\/01\/skanimi-i-mediave-sociale-te-adoleshenteve-ne-43-vende\/","title":{"rendered":"&#8220;Skanimi&#8221; i mediave sociale t\u00eb adoleshent\u00ebve n\u00eb 43 vende"},"content":{"rendered":"\n<p><strong>N\u00eb nj\u00eb Raport t\u00eb koh\u00ebve t\u00eb fundit mbi Lumturin\u00eb Bot\u00ebrore 2026, t\u00eb botuar nga Rrjeti i Zgjidhjeve p\u00ebr Zhvillim t\u00eb Q\u00ebndruesh\u00ebm i Kombeve t\u00eb Bashkuara n\u00eb bashk\u00ebpunim me Universitetin e Oksfordit, studiuesit shqyrtuan se si p\u00ebrdorimi problematik i mediave sociale lidhet me kushtet e jetes\u00ebs s\u00eb adoleshent\u00ebve.<\/strong><\/p>\n\n\n\n<p>N\u00eb nj\u00eb koh\u00eb kur\u00a0<strong><a href=\"https:\/\/www.kathimerini.gr\/tag\/social-media\/\" target=\"_blank\" rel=\"noreferrer noopener\">mediat sociale<\/a><\/strong>\u00a0luajn\u00eb nj\u00eb rol qendror n\u00eb jet\u00ebn e t\u00eb rinjve, shpesh shprehet shqet\u00ebsim p\u00ebr ndikimin e tyre n\u00eb sh\u00ebndetin mendor.\u00a0<strong><a href=\"https:\/\/www.kathimerini.gr\/tag\/social-media\/\" target=\"_blank\" rel=\"noreferrer noopener\"><\/a><\/strong><\/p>\n\n\n\n<p>N\u00eb nj\u00eb Raport t\u00eb koh\u00ebve t\u00eb fundit mbi Lumturin\u00eb Bot\u00ebrore 2026, t\u00eb botuar nga Rrjeti i Zgjidhjeve p\u00ebr Zhvillim t\u00eb Q\u00ebndruesh\u00ebm i Kombeve t\u00eb Bashkuara n\u00eb bashk\u00ebpunim me Universitetin e Oksfordit, studiuesit shqyrtuan se si p\u00ebrdorimi problematik i mediave sociale lidhet me kushtet e jetes\u00ebs s\u00eb adoleshent\u00ebve.<\/p>\n\n\n\n<p>Analist\u00ebt studiuan t\u00eb dh\u00ebna mbi 330,000 t\u00eb rinj nga 43 vende, q\u00eb vinin nga&nbsp;<strong>prejardhje t\u00eb ndryshme socioekonomike<\/strong>&nbsp;, duke identifikuar nj\u00eb model t\u00eb qart\u00eb dhe t\u00eb q\u00ebndruesh\u00ebm:&nbsp;<strong>p\u00ebrdorimi problematik i mediave sociale (<\/strong>&nbsp;dometh\u00ebn\u00eb, angazhimi kompulsiv ose i pakontrolluar) n\u00eb p\u00ebrgjith\u00ebsi shoq\u00ebrohet me nivele m\u00eb t\u00eb ul\u00ebta t\u00eb mir\u00ebqenies.<\/p>\n\n\n\n<p>Adoleshent\u00ebt q\u00eb p\u00ebrdorin droga m\u00eb problematike kan\u00eb tendenc\u00eb t\u00eb raportojn\u00eb m\u00eb shum\u00eb probleme psikologjike, emocione negative dhe probleme t\u00eb tjera, t\u00eb tilla si ndjenjat e trishtimit, nervozizmit dhe v\u00ebshtir\u00ebsis\u00eb n\u00eb gjum\u00eb. N\u00eb t\u00eb nj\u00ebjt\u00ebn koh\u00eb, shum\u00eb prej tyre raportojn\u00eb se jan\u00eb t\u00eb pak\u00ebnaqur me jet\u00ebn e tyre.&nbsp;<\/p>\n\n\n\n<p>Ky model shfaqet n\u00eb t\u00eb gjitha vendet n\u00eb studim, por intensiteti i tij ndryshon nga nj\u00eb vend n\u00eb tjetrin. P\u00ebr shembull, \u00ebsht\u00eb ve\u00e7an\u00ebrisht i fort\u00eb n\u00eb&nbsp;<strong>Mbret\u00ebrin\u00eb e Bashkuar dhe Irland\u00eb<\/strong>&nbsp;, por relativisht m\u00eb i dob\u00ebt n\u00eb rajonet e Kaukazit.<\/p>\n\n\n\n<p>N\u00eb shkall\u00eb globale, adoleshent\u00ebt nga prejardhje socioekonomike m\u00eb pak t\u00eb privilegjuara kan\u00eb tendenc\u00eb t\u00eb jen\u00eb m\u00eb t\u00eb preksh\u00ebm ndaj pasojave negative t\u00eb p\u00ebrdorimit problematik t\u00eb mediave sociale krahasuar me bashk\u00ebmoshatar\u00ebt e tyre nga prejardhje m\u00eb t\u00eb favorizuara&nbsp;<strong>.<\/strong><\/p>\n\n\n\n<p>Pabarazi t\u00eb forta regjistrohen kur shqyrtohet ndjenja e k\u00ebnaq\u00ebsis\u00eb q\u00eb t\u00eb rinjt\u00eb ndiejn\u00eb (ose nuk ndiejn\u00eb) me jet\u00ebn e tyre. Nj\u00eb arsye e mundshme, thon\u00eb disa analist\u00eb, \u00ebsht\u00eb fakti se kjo ndjenj\u00eb \u00ebsht\u00eb e lidhur n\u00eb nj\u00eb far\u00eb mase me krahasimet sociale. Mediat sociale i ekspozojn\u00eb t\u00eb rinjt\u00eb ndaj imazheve dhe situatave q\u00eb i detyrojn\u00eb t\u00eb krahasojn\u00eb: \u00e7far\u00eb kan\u00eb t\u00eb tjer\u00ebt, \u00e7far\u00eb b\u00ebjn\u00eb dhe \u00e7far\u00eb arrijn\u00eb.<\/p>\n\n\n\n<p>Megjithat\u00eb, k\u00ebto modele sjelljeje nuk jan\u00eb identike kudo. P\u00ebr shembull, ndryshimet socioekonomike n\u00eb problemet psikologjike nuk tregojn\u00eb variacione t\u00eb m\u00ebdha n\u00eb shumic\u00ebn e rajoneve, duke p\u00ebrfshir\u00eb vendet e Evrop\u00ebs kontinentale si Franca, Austria ose Belgjika, por jan\u00eb m\u00eb t\u00eb theksuara n\u00eb rajone t\u00eb tilla si Skocia dhe Uellsi.<\/p>\n\n\n\n<p>N\u00eb t\u00eb kund\u00ebrt, boshll\u00ebqet socioekonomike n\u00eb k\u00ebnaq\u00ebsin\u00eb me jet\u00ebn gjenden n\u00eb t\u00eb gjitha rajonet, megjith\u00ebse ato kan\u00eb tendenc\u00eb t\u00eb jen\u00eb m\u00eb t\u00eb vogla n\u00eb vendet mesdhetare si Italia, Qiproja dhe Greqia.<\/p>\n\n\n\n<p>Analist\u00ebt vler\u00ebsojn\u00eb se statusi socioekonomik i secil\u00ebs familje (t\u00eb ardhurat dhe kushtet e jetes\u00ebs) \u00ebsht\u00eb&nbsp;<strong>i lidhur ndjesh\u00ebm me rreziqet dhe mund\u00ebsit\u00eb me t\u00eb cilat t\u00eb rinjt\u00eb vijn\u00eb n\u00eb kontakt n\u00ebp\u00ebrmjet internetit.&nbsp;<\/strong><\/p>\n\n\n\n<p>Studiuesit shqyrtuan gjithashtu se si k\u00ebto modele kan\u00eb evoluar me kalimin e koh\u00ebs. Midis viteve 2018 dhe 2022,&nbsp;<strong>marr\u00ebdh\u00ebnia midis p\u00ebrdorimit problematik t\u00eb mediave sociale dhe cil\u00ebsis\u00eb s\u00eb jet\u00ebs s\u00eb adoleshent\u00ebve u forcua<\/strong>&nbsp;.<\/p>\n\n\n\n<p>\u201cKjo sugjeron q\u00eb rreziqet q\u00eb lidhen me p\u00ebrdorimin problematik mund t\u00eb jen\u00eb intensifikuar vitet e fundit, ndoshta duke reflektuar rolin gjithnj\u00eb e m\u00eb t\u00eb r\u00ebnd\u00ebsish\u00ebm t\u00eb teknologjive dixhitale n\u00eb jet\u00ebn e p\u00ebrditshme t\u00eb t\u00eb rinjve, ve\u00e7an\u00ebrisht gjat\u00eb dhe pas pandemis\u00eb Covid-19\u201d, v\u00ebrejn\u00eb studiuesit, duke theksuar se kjo prirje u vu re edhe tek adoleshent\u00ebt nga grupe t\u00eb ndryshme socioekonomike.<\/p>\n\n\n\n<p><\/p>\n","protected":false},"excerpt":{"rendered":"<p>N\u00eb nj\u00eb Raport t\u00eb koh\u00ebve t\u00eb fundit mbi Lumturin\u00eb Bot\u00ebrore 2026, t\u00eb botuar nga Rrjeti i Zgjidhjeve p\u00ebr Zhvillim t\u00eb Q\u00ebndruesh\u00ebm i Kombeve t\u00eb Bashkuara n\u00eb bashk\u00ebpunim me Universitetin e Oksfordit, studiuesit shqyrtuan se si p\u00ebrdorimi problematik i mediave sociale lidhet me kushtet e jetes\u00ebs s\u00eb adoleshent\u00ebve. N\u00eb nj\u00eb koh\u00eb kur\u00a0mediat sociale\u00a0luajn\u00eb nj\u00eb rol qendror [&hellip;]<\/p>\n","protected":false},"author":4,"featured_media":13028,"comment_status":"open","ping_status":"open","sticky":false,"template":"","format":"standard","meta":{"footnotes":""},"categories":[33,30],"tags":[],"class_list":{"0":"post-13027","1":"post","2":"type-post","3":"status-publish","4":"format-standard","5":"has-post-thumbnail","7":"category-bote","8":"category-lajme"},"yoast_head":"<!-- This site is optimized with the Yoast SEO plugin v27.4 - https:\/\/yoast.com\/product\/yoast-seo-wordpress\/ -->\n<title>&quot;Skanimi&quot; i mediave sociale t\u00eb adoleshent\u00ebve n\u00eb 43 vende - Kosova Times<\/title>\n<meta name=\"robots\" content=\"index, follow, max-snippet:-1, max-image-preview:large, max-video-preview:-1\" \/>\n<link rel=\"canonical\" href=\"https:\/\/kosovatimes.info\/index.php\/2026\/05\/01\/skanimi-i-mediave-sociale-te-adoleshenteve-ne-43-vende\/\" \/>\n<meta property=\"og:locale\" content=\"en_US\" \/>\n<meta property=\"og:type\" content=\"article\" \/>\n<meta property=\"og:title\" content=\"&quot;Skanimi&quot; i mediave sociale t\u00eb adoleshent\u00ebve n\u00eb 43 vende - Kosova Times\" \/>\n<meta property=\"og:description\" content=\"N\u00eb nj\u00eb Raport t\u00eb koh\u00ebve t\u00eb fundit mbi Lumturin\u00eb Bot\u00ebrore 2026, t\u00eb botuar nga Rrjeti i Zgjidhjeve p\u00ebr Zhvillim t\u00eb Q\u00ebndruesh\u00ebm i Kombeve t\u00eb Bashkuara n\u00eb bashk\u00ebpunim me Universitetin e Oksfordit, studiuesit shqyrtuan se si p\u00ebrdorimi problematik i mediave sociale lidhet me kushtet e jetes\u00ebs s\u00eb adoleshent\u00ebve. N\u00eb nj\u00eb koh\u00eb kur\u00a0mediat sociale\u00a0luajn\u00eb nj\u00eb rol qendror [&hellip;]\" \/>\n<meta property=\"og:url\" content=\"https:\/\/kosovatimes.info\/index.php\/2026\/05\/01\/skanimi-i-mediave-sociale-te-adoleshenteve-ne-43-vende\/\" \/>\n<meta property=\"og:site_name\" content=\"Kosova Times\" \/>\n<meta property=\"article:published_time\" content=\"2026-05-01T20:27:20+00:00\" \/>\n<meta property=\"article:modified_time\" content=\"2026-05-01T20:27:22+00:00\" \/>\n<meta property=\"og:image\" content=\"https:\/\/kosovatimes.info\/wp-content\/uploads\/2026\/05\/adoeshentet.jpg\" \/>\n\t<meta property=\"og:image:width\" content=\"1920\" \/>\n\t<meta property=\"og:image:height\" content=\"1080\" \/>\n\t<meta property=\"og:image:type\" content=\"image\/jpeg\" \/>\n<meta name=\"author\" content=\"i l\" \/>\n<meta name=\"twitter:card\" content=\"summary_large_image\" \/>\n<meta name=\"twitter:label1\" content=\"Written by\" \/>\n\t<meta name=\"twitter:data1\" content=\"i l\" \/>\n\t<meta name=\"twitter:label2\" content=\"Est. reading time\" \/>\n\t<meta name=\"twitter:data2\" content=\"3 minutes\" \/>\n<script type=\"application\/ld+json\" class=\"yoast-schema-graph\">{\"@context\":\"https:\\\/\\\/schema.org\",\"@graph\":[{\"@type\":\"Article\",\"@id\":\"https:\\\/\\\/kosovatimes.info\\\/index.php\\\/2026\\\/05\\\/01\\\/skanimi-i-mediave-sociale-te-adoleshenteve-ne-43-vende\\\/#article\",\"isPartOf\":{\"@id\":\"https:\\\/\\\/kosovatimes.info\\\/index.php\\\/2026\\\/05\\\/01\\\/skanimi-i-mediave-sociale-te-adoleshenteve-ne-43-vende\\\/\"},\"author\":{\"name\":\"i l\",\"@id\":\"https:\\\/\\\/kosovatimes.info\\\/#\\\/schema\\\/person\\\/7586712b9c512fe68085de007378c915\"},\"headline\":\"&#8220;Skanimi&#8221; i mediave sociale t\u00eb adoleshent\u00ebve n\u00eb 43 vende\",\"datePublished\":\"2026-05-01T20:27:20+00:00\",\"dateModified\":\"2026-05-01T20:27:22+00:00\",\"mainEntityOfPage\":{\"@id\":\"https:\\\/\\\/kosovatimes.info\\\/index.php\\\/2026\\\/05\\\/01\\\/skanimi-i-mediave-sociale-te-adoleshenteve-ne-43-vende\\\/\"},\"wordCount\":669,\"commentCount\":0,\"image\":{\"@id\":\"https:\\\/\\\/kosovatimes.info\\\/index.php\\\/2026\\\/05\\\/01\\\/skanimi-i-mediave-sociale-te-adoleshenteve-ne-43-vende\\\/#primaryimage\"},\"thumbnailUrl\":\"https:\\\/\\\/kosovatimes.info\\\/wp-content\\\/uploads\\\/2026\\\/05\\\/adoeshentet.jpg\",\"articleSection\":[\"Bot\u00eb\",\"Lajme\"],\"inLanguage\":\"en-US\",\"potentialAction\":[{\"@type\":\"CommentAction\",\"name\":\"Comment\",\"target\":[\"https:\\\/\\\/kosovatimes.info\\\/index.php\\\/2026\\\/05\\\/01\\\/skanimi-i-mediave-sociale-te-adoleshenteve-ne-43-vende\\\/#respond\"]}]},{\"@type\":\"WebPage\",\"@id\":\"https:\\\/\\\/kosovatimes.info\\\/index.php\\\/2026\\\/05\\\/01\\\/skanimi-i-mediave-sociale-te-adoleshenteve-ne-43-vende\\\/\",\"url\":\"https:\\\/\\\/kosovatimes.info\\\/index.php\\\/2026\\\/05\\\/01\\\/skanimi-i-mediave-sociale-te-adoleshenteve-ne-43-vende\\\/\",\"name\":\"\\\"Skanimi\\\" i mediave sociale t\u00eb adoleshent\u00ebve n\u00eb 43 vende - Kosova Times\",\"isPartOf\":{\"@id\":\"https:\\\/\\\/kosovatimes.info\\\/#website\"},\"primaryImageOfPage\":{\"@id\":\"https:\\\/\\\/kosovatimes.info\\\/index.php\\\/2026\\\/05\\\/01\\\/skanimi-i-mediave-sociale-te-adoleshenteve-ne-43-vende\\\/#primaryimage\"},\"image\":{\"@id\":\"https:\\\/\\\/kosovatimes.info\\\/index.php\\\/2026\\\/05\\\/01\\\/skanimi-i-mediave-sociale-te-adoleshenteve-ne-43-vende\\\/#primaryimage\"},\"thumbnailUrl\":\"https:\\\/\\\/kosovatimes.info\\\/wp-content\\\/uploads\\\/2026\\\/05\\\/adoeshentet.jpg\",\"datePublished\":\"2026-05-01T20:27:20+00:00\",\"dateModified\":\"2026-05-01T20:27:22+00:00\",\"author\":{\"@id\":\"https:\\\/\\\/kosovatimes.info\\\/#\\\/schema\\\/person\\\/7586712b9c512fe68085de007378c915\"},\"breadcrumb\":{\"@id\":\"https:\\\/\\\/kosovatimes.info\\\/index.php\\\/2026\\\/05\\\/01\\\/skanimi-i-mediave-sociale-te-adoleshenteve-ne-43-vende\\\/#breadcrumb\"},\"inLanguage\":\"en-US\",\"potentialAction\":[{\"@type\":\"ReadAction\",\"target\":[\"https:\\\/\\\/kosovatimes.info\\\/index.php\\\/2026\\\/05\\\/01\\\/skanimi-i-mediave-sociale-te-adoleshenteve-ne-43-vende\\\/\"]}]},{\"@type\":\"ImageObject\",\"inLanguage\":\"en-US\",\"@id\":\"https:\\\/\\\/kosovatimes.info\\\/index.php\\\/2026\\\/05\\\/01\\\/skanimi-i-mediave-sociale-te-adoleshenteve-ne-43-vende\\\/#primaryimage\",\"url\":\"https:\\\/\\\/kosovatimes.info\\\/wp-content\\\/uploads\\\/2026\\\/05\\\/adoeshentet.jpg\",\"contentUrl\":\"https:\\\/\\\/kosovatimes.info\\\/wp-content\\\/uploads\\\/2026\\\/05\\\/adoeshentet.jpg\",\"width\":1920,\"height\":1080},{\"@type\":\"BreadcrumbList\",\"@id\":\"https:\\\/\\\/kosovatimes.info\\\/index.php\\\/2026\\\/05\\\/01\\\/skanimi-i-mediave-sociale-te-adoleshenteve-ne-43-vende\\\/#breadcrumb\",\"itemListElement\":[{\"@type\":\"ListItem\",\"position\":1,\"name\":\"Home\",\"item\":\"https:\\\/\\\/kosovatimes.info\\\/\"},{\"@type\":\"ListItem\",\"position\":2,\"name\":\"&#8220;Skanimi&#8221; i mediave sociale t\u00eb adoleshent\u00ebve n\u00eb 43 vende\"}]},{\"@type\":\"WebSite\",\"@id\":\"https:\\\/\\\/kosovatimes.info\\\/#website\",\"url\":\"https:\\\/\\\/kosovatimes.info\\\/\",\"name\":\"Kosova Times\",\"description\":\"\",\"potentialAction\":[{\"@type\":\"SearchAction\",\"target\":{\"@type\":\"EntryPoint\",\"urlTemplate\":\"https:\\\/\\\/kosovatimes.info\\\/?s={search_term_string}\"},\"query-input\":{\"@type\":\"PropertyValueSpecification\",\"valueRequired\":true,\"valueName\":\"search_term_string\"}}],\"inLanguage\":\"en-US\"},{\"@type\":\"Person\",\"@id\":\"https:\\\/\\\/kosovatimes.info\\\/#\\\/schema\\\/person\\\/7586712b9c512fe68085de007378c915\",\"name\":\"i l\",\"image\":{\"@type\":\"ImageObject\",\"inLanguage\":\"en-US\",\"@id\":\"https:\\\/\\\/secure.gravatar.com\\\/avatar\\\/bad9296e02816160ae2e2435beda58222022298d5625d49fea74d18816fbb31d?s=96&d=mm&r=g\",\"url\":\"https:\\\/\\\/secure.gravatar.com\\\/avatar\\\/bad9296e02816160ae2e2435beda58222022298d5625d49fea74d18816fbb31d?s=96&d=mm&r=g\",\"contentUrl\":\"https:\\\/\\\/secure.gravatar.com\\\/avatar\\\/bad9296e02816160ae2e2435beda58222022298d5625d49fea74d18816fbb31d?s=96&d=mm&r=g\",\"caption\":\"i l\"},\"url\":\"https:\\\/\\\/kosovatimes.info\\\/index.php\\\/author\\\/iliri\\\/\"}]}<\/script>\n<!-- \/ Yoast SEO plugin. -->","yoast_head_json":{"title":"\"Skanimi\" i mediave sociale t\u00eb adoleshent\u00ebve n\u00eb 43 vende - Kosova Times","robots":{"index":"index","follow":"follow","max-snippet":"max-snippet:-1","max-image-preview":"max-image-preview:large","max-video-preview":"max-video-preview:-1"},"canonical":"https:\/\/kosovatimes.info\/index.php\/2026\/05\/01\/skanimi-i-mediave-sociale-te-adoleshenteve-ne-43-vende\/","og_locale":"en_US","og_type":"article","og_title":"\"Skanimi\" i mediave sociale t\u00eb adoleshent\u00ebve n\u00eb 43 vende - Kosova Times","og_description":"N\u00eb nj\u00eb Raport t\u00eb koh\u00ebve t\u00eb fundit mbi Lumturin\u00eb Bot\u00ebrore 2026, t\u00eb botuar nga Rrjeti i Zgjidhjeve p\u00ebr Zhvillim t\u00eb Q\u00ebndruesh\u00ebm i Kombeve t\u00eb Bashkuara n\u00eb bashk\u00ebpunim me Universitetin e Oksfordit, studiuesit shqyrtuan se si p\u00ebrdorimi problematik i mediave sociale lidhet me kushtet e jetes\u00ebs s\u00eb adoleshent\u00ebve. N\u00eb nj\u00eb koh\u00eb kur\u00a0mediat sociale\u00a0luajn\u00eb nj\u00eb rol qendror [&hellip;]","og_url":"https:\/\/kosovatimes.info\/index.php\/2026\/05\/01\/skanimi-i-mediave-sociale-te-adoleshenteve-ne-43-vende\/","og_site_name":"Kosova Times","article_published_time":"2026-05-01T20:27:20+00:00","article_modified_time":"2026-05-01T20:27:22+00:00","og_image":[{"width":1920,"height":1080,"url":"https:\/\/kosovatimes.info\/wp-content\/uploads\/2026\/05\/adoeshentet.jpg","type":"image\/jpeg"}],"author":"i l","twitter_card":"summary_large_image","twitter_misc":{"Written by":"i l","Est. reading time":"3 minutes"},"schema":{"@context":"https:\/\/schema.org","@graph":[{"@type":"Article","@id":"https:\/\/kosovatimes.info\/index.php\/2026\/05\/01\/skanimi-i-mediave-sociale-te-adoleshenteve-ne-43-vende\/#article","isPartOf":{"@id":"https:\/\/kosovatimes.info\/index.php\/2026\/05\/01\/skanimi-i-mediave-sociale-te-adoleshenteve-ne-43-vende\/"},"author":{"name":"i l","@id":"https:\/\/kosovatimes.info\/#\/schema\/person\/7586712b9c512fe68085de007378c915"},"headline":"&#8220;Skanimi&#8221; i mediave sociale t\u00eb adoleshent\u00ebve n\u00eb 43 vende","datePublished":"2026-05-01T20:27:20+00:00","dateModified":"2026-05-01T20:27:22+00:00","mainEntityOfPage":{"@id":"https:\/\/kosovatimes.info\/index.php\/2026\/05\/01\/skanimi-i-mediave-sociale-te-adoleshenteve-ne-43-vende\/"},"wordCount":669,"commentCount":0,"image":{"@id":"https:\/\/kosovatimes.info\/index.php\/2026\/05\/01\/skanimi-i-mediave-sociale-te-adoleshenteve-ne-43-vende\/#primaryimage"},"thumbnailUrl":"https:\/\/kosovatimes.info\/wp-content\/uploads\/2026\/05\/adoeshentet.jpg","articleSection":["Bot\u00eb","Lajme"],"inLanguage":"en-US","potentialAction":[{"@type":"CommentAction","name":"Comment","target":["https:\/\/kosovatimes.info\/index.php\/2026\/05\/01\/skanimi-i-mediave-sociale-te-adoleshenteve-ne-43-vende\/#respond"]}]},{"@type":"WebPage","@id":"https:\/\/kosovatimes.info\/index.php\/2026\/05\/01\/skanimi-i-mediave-sociale-te-adoleshenteve-ne-43-vende\/","url":"https:\/\/kosovatimes.info\/index.php\/2026\/05\/01\/skanimi-i-mediave-sociale-te-adoleshenteve-ne-43-vende\/","name":"\"Skanimi\" i mediave sociale t\u00eb adoleshent\u00ebve n\u00eb 43 vende - Kosova Times","isPartOf":{"@id":"https:\/\/kosovatimes.info\/#website"},"primaryImageOfPage":{"@id":"https:\/\/kosovatimes.info\/index.php\/2026\/05\/01\/skanimi-i-mediave-sociale-te-adoleshenteve-ne-43-vende\/#primaryimage"},"image":{"@id":"https:\/\/kosovatimes.info\/index.php\/2026\/05\/01\/skanimi-i-mediave-sociale-te-adoleshenteve-ne-43-vende\/#primaryimage"},"thumbnailUrl":"https:\/\/kosovatimes.info\/wp-content\/uploads\/2026\/05\/adoeshentet.jpg","datePublished":"2026-05-01T20:27:20+00:00","dateModified":"2026-05-01T20:27:22+00:00","author":{"@id":"https:\/\/kosovatimes.info\/#\/schema\/person\/7586712b9c512fe68085de007378c915"},"breadcrumb":{"@id":"https:\/\/kosovatimes.info\/index.php\/2026\/05\/01\/skanimi-i-mediave-sociale-te-adoleshenteve-ne-43-vende\/#breadcrumb"},"inLanguage":"en-US","potentialAction":[{"@type":"ReadAction","target":["https:\/\/kosovatimes.info\/index.php\/2026\/05\/01\/skanimi-i-mediave-sociale-te-adoleshenteve-ne-43-vende\/"]}]},{"@type":"ImageObject","inLanguage":"en-US","@id":"https:\/\/kosovatimes.info\/index.php\/2026\/05\/01\/skanimi-i-mediave-sociale-te-adoleshenteve-ne-43-vende\/#primaryimage","url":"https:\/\/kosovatimes.info\/wp-content\/uploads\/2026\/05\/adoeshentet.jpg","contentUrl":"https:\/\/kosovatimes.info\/wp-content\/uploads\/2026\/05\/adoeshentet.jpg","width":1920,"height":1080},{"@type":"BreadcrumbList","@id":"https:\/\/kosovatimes.info\/index.php\/2026\/05\/01\/skanimi-i-mediave-sociale-te-adoleshenteve-ne-43-vende\/#breadcrumb","itemListElement":[{"@type":"ListItem","position":1,"name":"Home","item":"https:\/\/kosovatimes.info\/"},{"@type":"ListItem","position":2,"name":"&#8220;Skanimi&#8221; i mediave sociale t\u00eb adoleshent\u00ebve n\u00eb 43 vende"}]},{"@type":"WebSite","@id":"https:\/\/kosovatimes.info\/#website","url":"https:\/\/kosovatimes.info\/","name":"Kosova Times","description":"","potentialAction":[{"@type":"SearchAction","target":{"@type":"EntryPoint","urlTemplate":"https:\/\/kosovatimes.info\/?s={search_term_string}"},"query-input":{"@type":"PropertyValueSpecification","valueRequired":true,"valueName":"search_term_string"}}],"inLanguage":"en-US"},{"@type":"Person","@id":"https:\/\/kosovatimes.info\/#\/schema\/person\/7586712b9c512fe68085de007378c915","name":"i l","image":{"@type":"ImageObject","inLanguage":"en-US","@id":"https:\/\/secure.gravatar.com\/avatar\/bad9296e02816160ae2e2435beda58222022298d5625d49fea74d18816fbb31d?s=96&d=mm&r=g","url":"https:\/\/secure.gravatar.com\/avatar\/bad9296e02816160ae2e2435beda58222022298d5625d49fea74d18816fbb31d?s=96&d=mm&r=g","contentUrl":"https:\/\/secure.gravatar.com\/avatar\/bad9296e02816160ae2e2435beda58222022298d5625d49fea74d18816fbb31d?s=96&d=mm&r=g","caption":"i l"},"url":"https:\/\/kosovatimes.info\/index.php\/author\/iliri\/"}]}},"_links":{"self":[{"href":"https:\/\/kosovatimes.info\/index.php\/wp-json\/wp\/v2\/posts\/13027","targetHints":{"allow":["GET"]}}],"collection":[{"href":"https:\/\/kosovatimes.info\/index.php\/wp-json\/wp\/v2\/posts"}],"about":[{"href":"https:\/\/kosovatimes.info\/index.php\/wp-json\/wp\/v2\/types\/post"}],"author":[{"embeddable":true,"href":"https:\/\/kosovatimes.info\/index.php\/wp-json\/wp\/v2\/users\/4"}],"replies":[{"embeddable":true,"href":"https:\/\/kosovatimes.info\/index.php\/wp-json\/wp\/v2\/comments?post=13027"}],"version-history":[{"count":1,"href":"https:\/\/kosovatimes.info\/index.php\/wp-json\/wp\/v2\/posts\/13027\/revisions"}],"predecessor-version":[{"id":13029,"href":"https:\/\/kosovatimes.info\/index.php\/wp-json\/wp\/v2\/posts\/13027\/revisions\/13029"}],"wp:featuredmedia":[{"embeddable":true,"href":"https:\/\/kosovatimes.info\/index.php\/wp-json\/wp\/v2\/media\/13028"}],"wp:attachment":[{"href":"https:\/\/kosovatimes.info\/index.php\/wp-json\/wp\/v2\/media?parent=13027"}],"wp:term":[{"taxonomy":"category","embeddable":true,"href":"https:\/\/kosovatimes.info\/index.php\/wp-json\/wp\/v2\/categories?post=13027"},{"taxonomy":"post_tag","embeddable":true,"href":"https:\/\/kosovatimes.info\/index.php\/wp-json\/wp\/v2\/tags?post=13027"}],"curies":[{"name":"wp","href":"https:\/\/api.w.org\/{rel}","templated":true}]}}