{"id":13036,"date":"2026-05-01T22:48:26","date_gmt":"2026-05-01T20:48:26","guid":{"rendered":"https:\/\/kosovatimes.info\/?p=13036"},"modified":"2026-05-01T22:54:48","modified_gmt":"2026-05-01T20:54:48","slug":"a-mund-ta-mposhte-ish-olimpistja-kryeministren-silvia-salis-eshte-kryebashkiake-e-xhenoves-dhe-nje-kercenim-i-madh-per-giorgio-melonin","status":"publish","type":"post","link":"https:\/\/kosovatimes.info\/index.php\/2026\/05\/01\/a-mund-ta-mposhte-ish-olimpistja-kryeministren-silvia-salis-eshte-kryebashkiake-e-xhenoves-dhe-nje-kercenim-i-madh-per-giorgio-melonin\/","title":{"rendered":"Italia ka nj\u00eb yll t\u00eb ri politik, kontrasti me Melonin nuk mund t\u00eb jet\u00eb m\u00eb i madh: &#8216;U rrita n\u00eb stadium&#8217;"},"content":{"rendered":"\n<h3 class=\"wp-block-heading\">Skena politike italiane po fiton nj\u00eb figur\u00eb t\u00eb re dhe t\u00eb papritur &#8211; ish-hedh\u00ebsja olimpike e \u00e7eki\u00e7it Silvia Salis, sot kryebashkiake e Gjenov\u00ebs, po p\u00ebrmendet gjithnj\u00eb e m\u00eb shpesh si nj\u00eb kund\u00ebrshtare e mundshme e kryeministrit Giorgio Meloni.<\/h3>\n\n\n\n<p>Salis t\u00ebrhoqi shum\u00eb v\u00ebmendje s\u00eb fundmi kur organizoi nj\u00eb event t\u00eb madh tekno n\u00eb qend\u00ebr t\u00eb Xhenov\u00ebs, dhe videot e saj duke u shfaqur n\u00eb tavolin\u00ebn e DJ u p\u00ebrhap\u00ebn shpejt n\u00eb rrjetet sociale. Kontrasti me Melonin, i cili pasi erdhi n\u00eb pushtet shtr\u00ebngoi masat kund\u00ebr festave t\u00eb paligjshme, ishte i duksh\u00ebm, shkruan Politiko.<\/p>\n\n\n\n<h2 class=\"wp-block-heading\">Skena e majt\u00eb \u00ebsht\u00eb duke k\u00ebrkuar nj\u00eb fytyr\u00eb.<\/h2>\n\n\n\n<p>Shfaqja e Salis vjen n\u00eb nj\u00eb koh\u00eb kur e majta italiane \u00ebsht\u00eb n\u00eb k\u00ebrkim t\u00eb nj\u00eb udh\u00ebheq\u00ebsi t\u00eb ri. Qeveria e Djordje Melonit p\u00ebsoi nj\u00eb humbje n\u00eb nj\u00eb referendum mbi reform\u00ebn gjyq\u00ebsore n\u00eb mars, gj\u00eb q\u00eb i dha zem\u00ebr opozit\u00ebs dhe hapi \u00e7\u00ebshtjen n\u00ebse ajo mund t\u00eb merrte pushtetin n\u00eb zgjedhjet e ardhshme.<\/p>\n\n\n\n<p>Megjithat\u00eb, e majta ende nuk ka nj\u00eb kandidat q\u00eb mund t\u00eb fitoj\u00eb.<\/p>\n\n\n\n<p>Salis, e cila \u00ebsht\u00eb 40 vje\u00e7, nuk i b\u00ebn t\u00eb qarta planet e saj. N\u00eb nj\u00eb intervist\u00eb, ajo pranoi: &#8220;Do t\u00eb g\u00ebnjeja n\u00ebse do t\u00eb thoja se nj\u00eb dit\u00eb nuk do t\u00eb isha e interesuar p\u00ebr politik\u00ebn komb\u00ebtare&#8221;, por m\u00eb von\u00eb u tregua m\u00eb e kujdesshme, duke theksuar se aktualisht d\u00ebshiron ta p\u00ebrmbush\u00eb mandatin e saj si kryebashkiake.<\/p>\n\n\n\n<p>&#8220;Qytetar\u00ebt e Xhenov\u00ebs m\u00eb zgjodh\u00ebn dhe presin q\u00eb un\u00eb t\u00eb b\u00ebj pun\u00ebn time&#8221;, tha ajo.<\/p>\n\n\n\n<figure class=\"wp-block-image\"><img decoding=\"async\" src=\"https:\/\/nova.rs\/media\/images\/2026\/5\/1\/1777642017_profimedia-1094639138.format-jpeg.width-500.jpg\" alt=\"Silvia Salis profimedia-1094639138\"\/><figcaption class=\"wp-element-caption\">Te-Co \/ Zuma Press \/ Profimedia<\/figcaption><\/figure>\n\n\n\n<h2 class=\"wp-block-heading\">Popullaritet n\u00eb rritje<\/h2>\n\n\n\n<p>Pavar\u00ebsisht kujdesit t\u00eb saj, ndikimi i saj politik po rritet. Nj\u00eb sondazh tregon se lista q\u00eb ajo p\u00ebrfundimisht do t\u00eb drejtoj\u00eb mund t\u00eb fitoj\u00eb rreth 6.5 p\u00ebrqind t\u00eb votave n\u00eb nivel komb\u00ebtar, edhe pse ajo ende nuk ka nj\u00eb parti dhe nuk ka shpallur nj\u00eb kandidatur\u00eb.<\/p>\n\n\n\n<p>Mediat e krahut t\u00eb djatht\u00eb po e sulmojn\u00eb gjithnj\u00eb e m\u00eb shum\u00eb at\u00eb, gj\u00eb q\u00eb interpretohet si nj\u00eb shenj\u00eb se po b\u00ebhet nj\u00eb faktor serioz politik.<\/p>\n\n\n\n<p>Aktualisht, kandidat\u00ebt kryesor\u00eb t\u00eb s\u00eb majt\u00ebs jan\u00eb kryetarja e Partis\u00eb Demokratike Ellie Schlein dhe ish-kryeministri Giuseppe Conte, por Salis e hedh posht\u00eb iden\u00eb e pjes\u00ebmarrjes n\u00eb zgjedhjet e brendshme t\u00eb partis\u00eb. N\u00eb vend t\u00eb k\u00ebsaj, ai beson se kandidati duhet t\u00eb dakord\u00ebsohet midis partive.<\/p>\n\n\n\n<p>\u00abPo, p\u00ebr shembull si n\u00eb Xhenova\u00bb, tha ajo, duke aluduar n\u00eb fushat\u00ebn e saj n\u00eb t\u00eb cil\u00ebn mblodhi nj\u00eb front t\u00eb gjer\u00eb politik.<\/p>\n\n\n\n<h2 class=\"wp-block-heading\">Nj\u00eb mesazh uniteti<\/h2>\n\n\n\n<p>Salis beson se \u00e7el\u00ebsi i suksesit t\u00eb s\u00eb majt\u00ebs \u00ebsht\u00eb uniteti.<\/p>\n\n\n\n<p>&#8220;Si atlete, m\u00ebsova se fitorja arrihet me sakrific\u00eb. E nj\u00ebjta gj\u00eb \u00ebsht\u00eb edhe n\u00eb politik\u00eb &#8211; p\u00ebr t\u00eb fituar, duhet t\u00eb jesh i bashkuar dhe kjo do t\u00eb thot\u00eb kompromis&#8221;, tha ajo.<\/p>\n\n\n\n<p>Ajo shtoi se problemi i s\u00eb majt\u00ebs nuk \u00ebsht\u00eb te udh\u00ebheq\u00ebsit, por te p\u00ebr\u00e7arjet:<br>&#8220;Nuk \u00ebsht\u00eb \u00e7\u00ebshtje se kush udh\u00ebheq, por n\u00ebse mund ta paraqes\u00ebsh veten si nj\u00eb forc\u00eb e bashkuar, e gatshme p\u00ebr t\u00eb qeverisur.&#8221;Nga sporti n\u00eb politik\u00eb<\/p>\n\n\n\n<p>Salis vjen nga nj\u00eb familje modeste dhe thekson se \u00ebsht\u00eb rritur &#8220;n\u00eb fush\u00ebn atletike&#8221;. Ajo ishte dhjet\u00eb her\u00eb kampione komb\u00ebtare dhe dy her\u00eb olimpike, dhe i dha fund karrier\u00ebs s\u00eb saj p\u00ebr shkak t\u00eb nj\u00eb d\u00ebmtimi n\u00eb vitin 2016.<\/p>\n\n\n\n<p>M\u00eb von\u00eb, ajo ishte n\u00ebnkryetare e Komitetit Olimpik Italian dhe hyri n\u00eb politik\u00eb si nj\u00eb kandidate kompromisi, jasht\u00eb strukturave t\u00eb partis\u00eb.<\/p>\n\n\n\n<h2 class=\"wp-block-heading\">Kritika dhe seksizmi<\/h2>\n\n\n\n<p>Pamja dhe stili i saj shkaktojn\u00eb v\u00ebmendje, por edhe kritika. Kund\u00ebrshtar\u00ebt e tallnin p\u00ebr gard\u00ebrob\u00ebn e saj luksoze dhe imazhin e nj\u00eb &#8220;influencueseje&#8221;.<\/p>\n\n\n\n<p>T\u00eb cil\u00ebs ai i p\u00ebrgjigjet: \u201cMizogjinia n\u00eb politik\u00eb \u00ebsht\u00eb reale. N\u00ebse je e bukur, sulmohesh, n\u00ebse nuk je, sulmohesh p\u00ebrs\u00ebri.\u201d<\/p>\n\n\n\n<p>Ajo thekson se grat\u00eb n\u00eb politik\u00eb shpesh gjykohen nga pamja e tyre e jashtme, jo nga aft\u00ebsit\u00eb e tyre.<\/p>\n\n\n\n<h2 class=\"wp-block-heading\">Kritika ndaj Melonit<\/h2>\n\n\n\n<p>Salis akuzon Melonin se nuk e ka shfryt\u00ebzuar mund\u00ebsin\u00eb si kryetare e par\u00eb grua e qeveris\u00eb italiane.<\/p>\n\n\n\n<p>&#8220;\u00cbsht\u00eb nj\u00eb mund\u00ebsi e humbur. Nuk mjafton q\u00eb t\u00eb kesh sukses n\u00ebse nuk p\u00ebrmir\u00ebson pozicionin e grave&#8221;, tha ajo.<\/p>\n\n\n\n<p>Ajo shtoi se do t\u00eb avokonte p\u00ebr programe m\u00eb t\u00eb forta sociale, si\u00e7 \u00ebsht\u00eb kujdesi p\u00ebr f\u00ebmij\u00ebt dhe t\u00eb moshuarit, sepse &#8220;kur k\u00ebto sisteme neglizhohen, grat\u00eb vuajn\u00eb m\u00eb shum\u00eb&#8221;.<\/p>\n\n\n\n<p>Ajo kujtoi gjithashtu mb\u00ebshtetjen e Melonia-s p\u00ebr Donald Trump:<br>&#8220;Le t\u00eb mos harrojm\u00eb se ajo e nominoi at\u00eb p\u00ebr \u00c7mimin Nobel p\u00ebr Paqen&#8230; gj\u00ebra t\u00eb tilla plaken keq.&#8221;<\/p>\n\n\n\n<figure class=\"wp-block-image\"><img decoding=\"async\" src=\"https:\/\/nova.rs\/media\/images\/2026\/3\/24\/1774349693_13800558.format-jpeg.width-500.jpg\" alt=\"epa12792476 Kryeministri italian Giorgia Meloni gjat\u00eb aktivitetit\"\/><figcaption class=\"wp-element-caption\">GIUSEPPE LAMI&nbsp;\/&nbsp;EPA<\/figcaption><\/figure>\n\n\n\n<h2 class=\"wp-block-heading\">Politika liberale dhe zhvendosja drejt qendr\u00ebs<\/h2>\n\n\n\n<p>Si kryetar bashkie, Salis nisi nj\u00eb s\u00ebr\u00eb masash progresive \u2013 njohjen e f\u00ebmij\u00ebve t\u00eb \u00e7ifteve t\u00eb t\u00eb nj\u00ebjtit seks, hapjen e nj\u00eb zyre p\u00ebr t\u00eb drejtat LGBTQ+ dhe futjen e nj\u00eb page minimale n\u00eb kontratat e qytetit.<\/p>\n\n\n\n<p>Megjithat\u00eb, nd\u00ebrsa profili i saj komb\u00ebtar rritet, ajo po l\u00ebviz gjithnj\u00eb e m\u00eb shum\u00eb drejt qendr\u00ebs, duke u p\u00ebrqendruar n\u00eb \u00e7\u00ebshtje t\u00eb tilla si sh\u00ebndet\u00ebsia, puna, siguria dhe migrimi.<\/p>\n\n\n\n<p>&#8220;E majta duhet t\u00eb merret me probleme konkrete dhe praktike&#8221;, tha ajo.<\/p>\n\n\n\n<h2 class=\"wp-block-heading\">A mund ta mposht\u00eb ai at\u00eb t\u00eb Maloney-t?<\/h2>\n\n\n\n<p>Edhe pse i mungon p\u00ebrvoja politike, Salis beson se mund ta kompensoj\u00eb at\u00eb.<\/p>\n\n\n\n<p>&#8220;Drejtimi i nj\u00eb qyteti do t\u00eb thot\u00eb t\u00eb m\u00ebsosh \u00e7do dit\u00eb. Mblidh nj\u00eb ekip dhe puno &#8211; si n\u00eb \u00e7do biznes t\u00eb ri&#8221;, tha ajo.<\/p>\n\n\n\n<p>Megjithat\u00eb, mbetet pyetja n\u00ebse ai do t\u00eb jet\u00eb n\u00eb gjendje t\u00eb p\u00ebrs\u00ebris\u00eb suksesin e politikan\u00ebve si Matteo Renzi, i cili u ngrit nga kryetar bashkie n\u00eb kryeminist\u00ebr, apo n\u00ebse do t\u00eb p\u00ebrfundoj\u00eb si disa udh\u00ebheq\u00ebs t\u00eb tjer\u00eb vendor\u00eb, ndikimi i t\u00eb cil\u00ebve nuk u shtri n\u00eb nivel komb\u00ebtar.<\/p>\n\n\n\n<p>P\u00ebr momentin, nj\u00eb gj\u00eb \u00ebsht\u00eb e qart\u00eb \u2013 Silvia Salis hapi nj\u00eb tem\u00eb q\u00eb e majta italiane nuk mund ta shmang\u00eb m\u00eb.<\/p>\n\n\n\n<p>&#8220;E majta vazhdon t\u00eb b\u00ebj\u00eb t\u00eb nj\u00ebjtin gabim &#8211; ajo vjen e p\u00ebr\u00e7ar\u00eb&#8221;, tha ajo. &#8220;Duhet t\u00eb pyes\u00ebsh veten: A \u00ebsht\u00eb m\u00eb mir\u00eb t\u00eb dor\u00ebzohesh pak dhe t\u00eb fitosh, apo t\u00eb q\u00ebndrosh i fort\u00eb dhe t\u00eb humbas\u00ebsh &#8211; dhe t\u00eb mos kesh asnj\u00eb kuptim?&#8221;<\/p>\n","protected":false},"excerpt":{"rendered":"<p>Skena politike italiane po fiton nj\u00eb figur\u00eb t\u00eb re dhe t\u00eb papritur &#8211; ish-hedh\u00ebsja olimpike e \u00e7eki\u00e7it Silvia Salis, sot kryebashkiake e Gjenov\u00ebs, po p\u00ebrmendet gjithnj\u00eb e m\u00eb shpesh si nj\u00eb kund\u00ebrshtare e mundshme e kryeministrit Giorgio Meloni. Salis t\u00ebrhoqi shum\u00eb v\u00ebmendje s\u00eb fundmi kur organizoi nj\u00eb event t\u00eb madh tekno n\u00eb qend\u00ebr t\u00eb Xhenov\u00ebs, [&hellip;]<\/p>\n","protected":false},"author":4,"featured_media":13037,"comment_status":"open","ping_status":"open","sticky":false,"template":"","format":"standard","meta":{"footnotes":""},"categories":[30,32],"tags":[],"class_list":{"0":"post-13036","1":"post","2":"type-post","3":"status-publish","4":"format-standard","5":"has-post-thumbnail","7":"category-lajme","8":"category-rajon"},"yoast_head":"<!-- This site is optimized with the Yoast SEO plugin v27.4 - https:\/\/yoast.com\/product\/yoast-seo-wordpress\/ -->\n<title>Italia ka nj\u00eb yll t\u00eb ri politik, kontrasti me Melonin nuk mund t\u00eb jet\u00eb m\u00eb i madh: &#039;U rrita n\u00eb stadium&#039; - Kosova Times<\/title>\n<meta name=\"robots\" content=\"index, follow, max-snippet:-1, max-image-preview:large, max-video-preview:-1\" \/>\n<link rel=\"canonical\" href=\"https:\/\/kosovatimes.info\/index.php\/2026\/05\/01\/a-mund-ta-mposhte-ish-olimpistja-kryeministren-silvia-salis-eshte-kryebashkiake-e-xhenoves-dhe-nje-kercenim-i-madh-per-giorgio-melonin\/\" \/>\n<meta property=\"og:locale\" content=\"en_US\" \/>\n<meta property=\"og:type\" content=\"article\" \/>\n<meta property=\"og:title\" content=\"Italia ka nj\u00eb yll t\u00eb ri politik, kontrasti me Melonin nuk mund t\u00eb jet\u00eb m\u00eb i madh: &#039;U rrita n\u00eb stadium&#039; - Kosova Times\" \/>\n<meta property=\"og:description\" content=\"Skena politike italiane po fiton nj\u00eb figur\u00eb t\u00eb re dhe t\u00eb papritur &#8211; ish-hedh\u00ebsja olimpike e \u00e7eki\u00e7it Silvia Salis, sot kryebashkiake e Gjenov\u00ebs, po p\u00ebrmendet gjithnj\u00eb e m\u00eb shpesh si nj\u00eb kund\u00ebrshtare e mundshme e kryeministrit Giorgio Meloni. Salis t\u00ebrhoqi shum\u00eb v\u00ebmendje s\u00eb fundmi kur organizoi nj\u00eb event t\u00eb madh tekno n\u00eb qend\u00ebr t\u00eb Xhenov\u00ebs, [&hellip;]\" \/>\n<meta property=\"og:url\" content=\"https:\/\/kosovatimes.info\/index.php\/2026\/05\/01\/a-mund-ta-mposhte-ish-olimpistja-kryeministren-silvia-salis-eshte-kryebashkiake-e-xhenoves-dhe-nje-kercenim-i-madh-per-giorgio-melonin\/\" \/>\n<meta property=\"og:site_name\" content=\"Kosova Times\" \/>\n<meta property=\"article:published_time\" content=\"2026-05-01T20:48:26+00:00\" \/>\n<meta property=\"article:modified_time\" content=\"2026-05-01T20:54:48+00:00\" \/>\n<meta name=\"author\" content=\"i l\" \/>\n<meta name=\"twitter:card\" content=\"summary_large_image\" \/>\n<meta name=\"twitter:label1\" content=\"Written by\" \/>\n\t<meta name=\"twitter:data1\" content=\"i l\" \/>\n\t<meta name=\"twitter:label2\" content=\"Est. reading time\" \/>\n\t<meta name=\"twitter:data2\" content=\"5 minutes\" \/>\n<script type=\"application\/ld+json\" class=\"yoast-schema-graph\">{\"@context\":\"https:\\\/\\\/schema.org\",\"@graph\":[{\"@type\":\"Article\",\"@id\":\"https:\\\/\\\/kosovatimes.info\\\/index.php\\\/2026\\\/05\\\/01\\\/a-mund-ta-mposhte-ish-olimpistja-kryeministren-silvia-salis-eshte-kryebashkiake-e-xhenoves-dhe-nje-kercenim-i-madh-per-giorgio-melonin\\\/#article\",\"isPartOf\":{\"@id\":\"https:\\\/\\\/kosovatimes.info\\\/index.php\\\/2026\\\/05\\\/01\\\/a-mund-ta-mposhte-ish-olimpistja-kryeministren-silvia-salis-eshte-kryebashkiake-e-xhenoves-dhe-nje-kercenim-i-madh-per-giorgio-melonin\\\/\"},\"author\":{\"name\":\"i l\",\"@id\":\"https:\\\/\\\/kosovatimes.info\\\/#\\\/schema\\\/person\\\/7586712b9c512fe68085de007378c915\"},\"headline\":\"Italia ka nj\u00eb yll t\u00eb ri politik, kontrasti me Melonin nuk mund t\u00eb jet\u00eb m\u00eb i madh: &#8216;U rrita n\u00eb stadium&#8217;\",\"datePublished\":\"2026-05-01T20:48:26+00:00\",\"dateModified\":\"2026-05-01T20:54:48+00:00\",\"mainEntityOfPage\":{\"@id\":\"https:\\\/\\\/kosovatimes.info\\\/index.php\\\/2026\\\/05\\\/01\\\/a-mund-ta-mposhte-ish-olimpistja-kryeministren-silvia-salis-eshte-kryebashkiake-e-xhenoves-dhe-nje-kercenim-i-madh-per-giorgio-melonin\\\/\"},\"wordCount\":1091,\"commentCount\":0,\"image\":{\"@id\":\"https:\\\/\\\/kosovatimes.info\\\/index.php\\\/2026\\\/05\\\/01\\\/a-mund-ta-mposhte-ish-olimpistja-kryeministren-silvia-salis-eshte-kryebashkiake-e-xhenoves-dhe-nje-kercenim-i-madh-per-giorgio-melonin\\\/#primaryimage\"},\"thumbnailUrl\":\"https:\\\/\\\/kosovatimes.info\\\/wp-content\\\/uploads\\\/2026\\\/05\\\/Salis.avif\",\"articleSection\":[\"Lajme\",\"Rajon\"],\"inLanguage\":\"en-US\",\"potentialAction\":[{\"@type\":\"CommentAction\",\"name\":\"Comment\",\"target\":[\"https:\\\/\\\/kosovatimes.info\\\/index.php\\\/2026\\\/05\\\/01\\\/a-mund-ta-mposhte-ish-olimpistja-kryeministren-silvia-salis-eshte-kryebashkiake-e-xhenoves-dhe-nje-kercenim-i-madh-per-giorgio-melonin\\\/#respond\"]}]},{\"@type\":\"WebPage\",\"@id\":\"https:\\\/\\\/kosovatimes.info\\\/index.php\\\/2026\\\/05\\\/01\\\/a-mund-ta-mposhte-ish-olimpistja-kryeministren-silvia-salis-eshte-kryebashkiake-e-xhenoves-dhe-nje-kercenim-i-madh-per-giorgio-melonin\\\/\",\"url\":\"https:\\\/\\\/kosovatimes.info\\\/index.php\\\/2026\\\/05\\\/01\\\/a-mund-ta-mposhte-ish-olimpistja-kryeministren-silvia-salis-eshte-kryebashkiake-e-xhenoves-dhe-nje-kercenim-i-madh-per-giorgio-melonin\\\/\",\"name\":\"Italia ka nj\u00eb yll t\u00eb ri politik, kontrasti me Melonin nuk mund t\u00eb jet\u00eb m\u00eb i madh: 'U rrita n\u00eb stadium' - Kosova Times\",\"isPartOf\":{\"@id\":\"https:\\\/\\\/kosovatimes.info\\\/#website\"},\"primaryImageOfPage\":{\"@id\":\"https:\\\/\\\/kosovatimes.info\\\/index.php\\\/2026\\\/05\\\/01\\\/a-mund-ta-mposhte-ish-olimpistja-kryeministren-silvia-salis-eshte-kryebashkiake-e-xhenoves-dhe-nje-kercenim-i-madh-per-giorgio-melonin\\\/#primaryimage\"},\"image\":{\"@id\":\"https:\\\/\\\/kosovatimes.info\\\/index.php\\\/2026\\\/05\\\/01\\\/a-mund-ta-mposhte-ish-olimpistja-kryeministren-silvia-salis-eshte-kryebashkiake-e-xhenoves-dhe-nje-kercenim-i-madh-per-giorgio-melonin\\\/#primaryimage\"},\"thumbnailUrl\":\"https:\\\/\\\/kosovatimes.info\\\/wp-content\\\/uploads\\\/2026\\\/05\\\/Salis.avif\",\"datePublished\":\"2026-05-01T20:48:26+00:00\",\"dateModified\":\"2026-05-01T20:54:48+00:00\",\"author\":{\"@id\":\"https:\\\/\\\/kosovatimes.info\\\/#\\\/schema\\\/person\\\/7586712b9c512fe68085de007378c915\"},\"breadcrumb\":{\"@id\":\"https:\\\/\\\/kosovatimes.info\\\/index.php\\\/2026\\\/05\\\/01\\\/a-mund-ta-mposhte-ish-olimpistja-kryeministren-silvia-salis-eshte-kryebashkiake-e-xhenoves-dhe-nje-kercenim-i-madh-per-giorgio-melonin\\\/#breadcrumb\"},\"inLanguage\":\"en-US\",\"potentialAction\":[{\"@type\":\"ReadAction\",\"target\":[\"https:\\\/\\\/kosovatimes.info\\\/index.php\\\/2026\\\/05\\\/01\\\/a-mund-ta-mposhte-ish-olimpistja-kryeministren-silvia-salis-eshte-kryebashkiake-e-xhenoves-dhe-nje-kercenim-i-madh-per-giorgio-melonin\\\/\"]}]},{\"@type\":\"ImageObject\",\"inLanguage\":\"en-US\",\"@id\":\"https:\\\/\\\/kosovatimes.info\\\/index.php\\\/2026\\\/05\\\/01\\\/a-mund-ta-mposhte-ish-olimpistja-kryeministren-silvia-salis-eshte-kryebashkiake-e-xhenoves-dhe-nje-kercenim-i-madh-per-giorgio-melonin\\\/#primaryimage\",\"url\":\"https:\\\/\\\/kosovatimes.info\\\/wp-content\\\/uploads\\\/2026\\\/05\\\/Salis.avif\",\"contentUrl\":\"https:\\\/\\\/kosovatimes.info\\\/wp-content\\\/uploads\\\/2026\\\/05\\\/Salis.avif\",\"width\":1200,\"height\":799},{\"@type\":\"BreadcrumbList\",\"@id\":\"https:\\\/\\\/kosovatimes.info\\\/index.php\\\/2026\\\/05\\\/01\\\/a-mund-ta-mposhte-ish-olimpistja-kryeministren-silvia-salis-eshte-kryebashkiake-e-xhenoves-dhe-nje-kercenim-i-madh-per-giorgio-melonin\\\/#breadcrumb\",\"itemListElement\":[{\"@type\":\"ListItem\",\"position\":1,\"name\":\"Home\",\"item\":\"https:\\\/\\\/kosovatimes.info\\\/\"},{\"@type\":\"ListItem\",\"position\":2,\"name\":\"Italia ka nj\u00eb yll t\u00eb ri politik, kontrasti me Melonin nuk mund t\u00eb jet\u00eb m\u00eb i madh: &#8216;U rrita n\u00eb stadium&#8217;\"}]},{\"@type\":\"WebSite\",\"@id\":\"https:\\\/\\\/kosovatimes.info\\\/#website\",\"url\":\"https:\\\/\\\/kosovatimes.info\\\/\",\"name\":\"Kosova Times\",\"description\":\"\",\"potentialAction\":[{\"@type\":\"SearchAction\",\"target\":{\"@type\":\"EntryPoint\",\"urlTemplate\":\"https:\\\/\\\/kosovatimes.info\\\/?s={search_term_string}\"},\"query-input\":{\"@type\":\"PropertyValueSpecification\",\"valueRequired\":true,\"valueName\":\"search_term_string\"}}],\"inLanguage\":\"en-US\"},{\"@type\":\"Person\",\"@id\":\"https:\\\/\\\/kosovatimes.info\\\/#\\\/schema\\\/person\\\/7586712b9c512fe68085de007378c915\",\"name\":\"i l\",\"image\":{\"@type\":\"ImageObject\",\"inLanguage\":\"en-US\",\"@id\":\"https:\\\/\\\/secure.gravatar.com\\\/avatar\\\/bad9296e02816160ae2e2435beda58222022298d5625d49fea74d18816fbb31d?s=96&d=mm&r=g\",\"url\":\"https:\\\/\\\/secure.gravatar.com\\\/avatar\\\/bad9296e02816160ae2e2435beda58222022298d5625d49fea74d18816fbb31d?s=96&d=mm&r=g\",\"contentUrl\":\"https:\\\/\\\/secure.gravatar.com\\\/avatar\\\/bad9296e02816160ae2e2435beda58222022298d5625d49fea74d18816fbb31d?s=96&d=mm&r=g\",\"caption\":\"i l\"},\"url\":\"https:\\\/\\\/kosovatimes.info\\\/index.php\\\/author\\\/iliri\\\/\"}]}<\/script>\n<!-- \/ Yoast SEO plugin. -->","yoast_head_json":{"title":"Italia ka nj\u00eb yll t\u00eb ri politik, kontrasti me Melonin nuk mund t\u00eb jet\u00eb m\u00eb i madh: 'U rrita n\u00eb stadium' - Kosova Times","robots":{"index":"index","follow":"follow","max-snippet":"max-snippet:-1","max-image-preview":"max-image-preview:large","max-video-preview":"max-video-preview:-1"},"canonical":"https:\/\/kosovatimes.info\/index.php\/2026\/05\/01\/a-mund-ta-mposhte-ish-olimpistja-kryeministren-silvia-salis-eshte-kryebashkiake-e-xhenoves-dhe-nje-kercenim-i-madh-per-giorgio-melonin\/","og_locale":"en_US","og_type":"article","og_title":"Italia ka nj\u00eb yll t\u00eb ri politik, kontrasti me Melonin nuk mund t\u00eb jet\u00eb m\u00eb i madh: 'U rrita n\u00eb stadium' - Kosova Times","og_description":"Skena politike italiane po fiton nj\u00eb figur\u00eb t\u00eb re dhe t\u00eb papritur &#8211; ish-hedh\u00ebsja olimpike e \u00e7eki\u00e7it Silvia Salis, sot kryebashkiake e Gjenov\u00ebs, po p\u00ebrmendet gjithnj\u00eb e m\u00eb shpesh si nj\u00eb kund\u00ebrshtare e mundshme e kryeministrit Giorgio Meloni. Salis t\u00ebrhoqi shum\u00eb v\u00ebmendje s\u00eb fundmi kur organizoi nj\u00eb event t\u00eb madh tekno n\u00eb qend\u00ebr t\u00eb Xhenov\u00ebs, [&hellip;]","og_url":"https:\/\/kosovatimes.info\/index.php\/2026\/05\/01\/a-mund-ta-mposhte-ish-olimpistja-kryeministren-silvia-salis-eshte-kryebashkiake-e-xhenoves-dhe-nje-kercenim-i-madh-per-giorgio-melonin\/","og_site_name":"Kosova Times","article_published_time":"2026-05-01T20:48:26+00:00","article_modified_time":"2026-05-01T20:54:48+00:00","author":"i l","twitter_card":"summary_large_image","twitter_misc":{"Written by":"i l","Est. reading time":"5 minutes"},"schema":{"@context":"https:\/\/schema.org","@graph":[{"@type":"Article","@id":"https:\/\/kosovatimes.info\/index.php\/2026\/05\/01\/a-mund-ta-mposhte-ish-olimpistja-kryeministren-silvia-salis-eshte-kryebashkiake-e-xhenoves-dhe-nje-kercenim-i-madh-per-giorgio-melonin\/#article","isPartOf":{"@id":"https:\/\/kosovatimes.info\/index.php\/2026\/05\/01\/a-mund-ta-mposhte-ish-olimpistja-kryeministren-silvia-salis-eshte-kryebashkiake-e-xhenoves-dhe-nje-kercenim-i-madh-per-giorgio-melonin\/"},"author":{"name":"i l","@id":"https:\/\/kosovatimes.info\/#\/schema\/person\/7586712b9c512fe68085de007378c915"},"headline":"Italia ka nj\u00eb yll t\u00eb ri politik, kontrasti me Melonin nuk mund t\u00eb jet\u00eb m\u00eb i madh: &#8216;U rrita n\u00eb stadium&#8217;","datePublished":"2026-05-01T20:48:26+00:00","dateModified":"2026-05-01T20:54:48+00:00","mainEntityOfPage":{"@id":"https:\/\/kosovatimes.info\/index.php\/2026\/05\/01\/a-mund-ta-mposhte-ish-olimpistja-kryeministren-silvia-salis-eshte-kryebashkiake-e-xhenoves-dhe-nje-kercenim-i-madh-per-giorgio-melonin\/"},"wordCount":1091,"commentCount":0,"image":{"@id":"https:\/\/kosovatimes.info\/index.php\/2026\/05\/01\/a-mund-ta-mposhte-ish-olimpistja-kryeministren-silvia-salis-eshte-kryebashkiake-e-xhenoves-dhe-nje-kercenim-i-madh-per-giorgio-melonin\/#primaryimage"},"thumbnailUrl":"https:\/\/kosovatimes.info\/wp-content\/uploads\/2026\/05\/Salis.avif","articleSection":["Lajme","Rajon"],"inLanguage":"en-US","potentialAction":[{"@type":"CommentAction","name":"Comment","target":["https:\/\/kosovatimes.info\/index.php\/2026\/05\/01\/a-mund-ta-mposhte-ish-olimpistja-kryeministren-silvia-salis-eshte-kryebashkiake-e-xhenoves-dhe-nje-kercenim-i-madh-per-giorgio-melonin\/#respond"]}]},{"@type":"WebPage","@id":"https:\/\/kosovatimes.info\/index.php\/2026\/05\/01\/a-mund-ta-mposhte-ish-olimpistja-kryeministren-silvia-salis-eshte-kryebashkiake-e-xhenoves-dhe-nje-kercenim-i-madh-per-giorgio-melonin\/","url":"https:\/\/kosovatimes.info\/index.php\/2026\/05\/01\/a-mund-ta-mposhte-ish-olimpistja-kryeministren-silvia-salis-eshte-kryebashkiake-e-xhenoves-dhe-nje-kercenim-i-madh-per-giorgio-melonin\/","name":"Italia ka nj\u00eb yll t\u00eb ri politik, kontrasti me Melonin nuk mund t\u00eb jet\u00eb m\u00eb i madh: 'U rrita n\u00eb stadium' - Kosova Times","isPartOf":{"@id":"https:\/\/kosovatimes.info\/#website"},"primaryImageOfPage":{"@id":"https:\/\/kosovatimes.info\/index.php\/2026\/05\/01\/a-mund-ta-mposhte-ish-olimpistja-kryeministren-silvia-salis-eshte-kryebashkiake-e-xhenoves-dhe-nje-kercenim-i-madh-per-giorgio-melonin\/#primaryimage"},"image":{"@id":"https:\/\/kosovatimes.info\/index.php\/2026\/05\/01\/a-mund-ta-mposhte-ish-olimpistja-kryeministren-silvia-salis-eshte-kryebashkiake-e-xhenoves-dhe-nje-kercenim-i-madh-per-giorgio-melonin\/#primaryimage"},"thumbnailUrl":"https:\/\/kosovatimes.info\/wp-content\/uploads\/2026\/05\/Salis.avif","datePublished":"2026-05-01T20:48:26+00:00","dateModified":"2026-05-01T20:54:48+00:00","author":{"@id":"https:\/\/kosovatimes.info\/#\/schema\/person\/7586712b9c512fe68085de007378c915"},"breadcrumb":{"@id":"https:\/\/kosovatimes.info\/index.php\/2026\/05\/01\/a-mund-ta-mposhte-ish-olimpistja-kryeministren-silvia-salis-eshte-kryebashkiake-e-xhenoves-dhe-nje-kercenim-i-madh-per-giorgio-melonin\/#breadcrumb"},"inLanguage":"en-US","potentialAction":[{"@type":"ReadAction","target":["https:\/\/kosovatimes.info\/index.php\/2026\/05\/01\/a-mund-ta-mposhte-ish-olimpistja-kryeministren-silvia-salis-eshte-kryebashkiake-e-xhenoves-dhe-nje-kercenim-i-madh-per-giorgio-melonin\/"]}]},{"@type":"ImageObject","inLanguage":"en-US","@id":"https:\/\/kosovatimes.info\/index.php\/2026\/05\/01\/a-mund-ta-mposhte-ish-olimpistja-kryeministren-silvia-salis-eshte-kryebashkiake-e-xhenoves-dhe-nje-kercenim-i-madh-per-giorgio-melonin\/#primaryimage","url":"https:\/\/kosovatimes.info\/wp-content\/uploads\/2026\/05\/Salis.avif","contentUrl":"https:\/\/kosovatimes.info\/wp-content\/uploads\/2026\/05\/Salis.avif","width":1200,"height":799},{"@type":"BreadcrumbList","@id":"https:\/\/kosovatimes.info\/index.php\/2026\/05\/01\/a-mund-ta-mposhte-ish-olimpistja-kryeministren-silvia-salis-eshte-kryebashkiake-e-xhenoves-dhe-nje-kercenim-i-madh-per-giorgio-melonin\/#breadcrumb","itemListElement":[{"@type":"ListItem","position":1,"name":"Home","item":"https:\/\/kosovatimes.info\/"},{"@type":"ListItem","position":2,"name":"Italia ka nj\u00eb yll t\u00eb ri politik, kontrasti me Melonin nuk mund t\u00eb jet\u00eb m\u00eb i madh: &#8216;U rrita n\u00eb stadium&#8217;"}]},{"@type":"WebSite","@id":"https:\/\/kosovatimes.info\/#website","url":"https:\/\/kosovatimes.info\/","name":"Kosova Times","description":"","potentialAction":[{"@type":"SearchAction","target":{"@type":"EntryPoint","urlTemplate":"https:\/\/kosovatimes.info\/?s={search_term_string}"},"query-input":{"@type":"PropertyValueSpecification","valueRequired":true,"valueName":"search_term_string"}}],"inLanguage":"en-US"},{"@type":"Person","@id":"https:\/\/kosovatimes.info\/#\/schema\/person\/7586712b9c512fe68085de007378c915","name":"i l","image":{"@type":"ImageObject","inLanguage":"en-US","@id":"https:\/\/secure.gravatar.com\/avatar\/bad9296e02816160ae2e2435beda58222022298d5625d49fea74d18816fbb31d?s=96&d=mm&r=g","url":"https:\/\/secure.gravatar.com\/avatar\/bad9296e02816160ae2e2435beda58222022298d5625d49fea74d18816fbb31d?s=96&d=mm&r=g","contentUrl":"https:\/\/secure.gravatar.com\/avatar\/bad9296e02816160ae2e2435beda58222022298d5625d49fea74d18816fbb31d?s=96&d=mm&r=g","caption":"i l"},"url":"https:\/\/kosovatimes.info\/index.php\/author\/iliri\/"}]}},"_links":{"self":[{"href":"https:\/\/kosovatimes.info\/index.php\/wp-json\/wp\/v2\/posts\/13036","targetHints":{"allow":["GET"]}}],"collection":[{"href":"https:\/\/kosovatimes.info\/index.php\/wp-json\/wp\/v2\/posts"}],"about":[{"href":"https:\/\/kosovatimes.info\/index.php\/wp-json\/wp\/v2\/types\/post"}],"author":[{"embeddable":true,"href":"https:\/\/kosovatimes.info\/index.php\/wp-json\/wp\/v2\/users\/4"}],"replies":[{"embeddable":true,"href":"https:\/\/kosovatimes.info\/index.php\/wp-json\/wp\/v2\/comments?post=13036"}],"version-history":[{"count":2,"href":"https:\/\/kosovatimes.info\/index.php\/wp-json\/wp\/v2\/posts\/13036\/revisions"}],"predecessor-version":[{"id":13043,"href":"https:\/\/kosovatimes.info\/index.php\/wp-json\/wp\/v2\/posts\/13036\/revisions\/13043"}],"wp:featuredmedia":[{"embeddable":true,"href":"https:\/\/kosovatimes.info\/index.php\/wp-json\/wp\/v2\/media\/13037"}],"wp:attachment":[{"href":"https:\/\/kosovatimes.info\/index.php\/wp-json\/wp\/v2\/media?parent=13036"}],"wp:term":[{"taxonomy":"category","embeddable":true,"href":"https:\/\/kosovatimes.info\/index.php\/wp-json\/wp\/v2\/categories?post=13036"},{"taxonomy":"post_tag","embeddable":true,"href":"https:\/\/kosovatimes.info\/index.php\/wp-json\/wp\/v2\/tags?post=13036"}],"curies":[{"name":"wp","href":"https:\/\/api.w.org\/{rel}","templated":true}]}}