{"id":13044,"date":"2026-05-01T22:59:30","date_gmt":"2026-05-01T20:59:30","guid":{"rendered":"https:\/\/kosovatimes.info\/?p=13044"},"modified":"2026-05-01T22:59:35","modified_gmt":"2026-05-01T20:59:35","slug":"21-vjecari-shpall-shtet-ne-territorin-kroat-dhe-i-ndalohet-hyrja","status":"publish","type":"post","link":"https:\/\/kosovatimes.info\/index.php\/2026\/05\/01\/21-vjecari-shpall-shtet-ne-territorin-kroat-dhe-i-ndalohet-hyrja\/","title":{"rendered":"21-vje\u00e7ari shpall shtet n\u00eb territorin kroat dhe i ndalohet hyrja"},"content":{"rendered":"\n<p>Nd\u00ebrsa Evropa merret me gjeopolitik\u00eb serioze, n\u00eb kufirin midis Kroacis\u00eb dhe Serbis\u00eb, nj\u00eb australian 21-vje\u00e7ar vendosi t\u00eb themeloj\u00eb shtetin e tij.&nbsp;<strong>Daniel Jackson<\/strong>&nbsp;\u00ebsht\u00eb presidenti i vet\u00ebshpallur i Republik\u00ebs s\u00eb Lir\u00eb t\u00eb Verdis, nj\u00eb entitet fiktiv i vendosur n\u00eb nj\u00eb cop\u00eb tok\u00eb p\u00ebrgjat\u00eb Danubit af\u00ebrsisht sa 75 fusha futbolli.<\/p>\n\n\n\n<h3 class=\"wp-block-heading\">Nj\u00eb vizion nga m\u00ebrgimi britanik<\/h3>\n\n\n\n<p>Jackson, i cili aktualisht jeton n\u00eb Mbret\u00ebrin\u00eb e Bashkuar, njoftoi Verdisin tre vjet m\u00eb par\u00eb. Ideja e tij ishte t\u00eb krijonte nj\u00eb zon\u00eb neutrale q\u00eb do t\u00eb sh\u00ebrbente si streh\u00eb p\u00ebr organizatat joqeveritare dhe nd\u00ebrmjet\u00ebsit nd\u00ebrkomb\u00ebtar\u00eb. Ironikisht, ai gjeti frym\u00ebzim n\u00eb Vukovar, k\u00ebshtu q\u00eb flamuri i Verdisit \u00ebsht\u00eb blu-bardh\u00eb-blu, nd\u00ebrsa stema \u00ebsht\u00eb e zbukuruar me nj\u00eb lejlek t\u00eb bardh\u00eb (simbol i paqes) dhe nj\u00eb lis (simbol i forc\u00ebs), shkruan portali austriak&nbsp;<a href=\"https:\/\/www.heute.at\/s\/australier-ruft-zwergstaat-verdis-aus-120189658\" target=\"_blank\" rel=\"noreferrer noopener\">Heute<\/a>&nbsp;.<\/p>\n\n\n\n<p>Nd\u00ebrsa Evropa merret me gjeopolitik\u00eb serioze, n\u00eb kufirin midis Kroacis\u00eb dhe Serbis\u00eb, nj\u00eb australian 21-vje\u00e7ar vendosi t\u00eb themeloj\u00eb shtetin e tij.&nbsp;<strong>Daniel Jackson<\/strong>&nbsp;\u00ebsht\u00eb presidenti i vet\u00ebshpallur i Republik\u00ebs s\u00eb Lir\u00eb t\u00eb Verdis, nj\u00eb entitet fiktiv i vendosur n\u00eb nj\u00eb cop\u00eb tok\u00eb p\u00ebrgjat\u00eb Danubit af\u00ebrsisht sa 75 fusha futbolli.<\/p>\n\n\n\n<h3 class=\"wp-block-heading\">Nj\u00eb vizion nga m\u00ebrgimi britanik<\/h3>\n\n\n\n<p>Jackson, i cili aktualisht jeton n\u00eb Mbret\u00ebrin\u00eb e Bashkuar, njoftoi Verdisin tre vjet m\u00eb par\u00eb. Ideja e tij ishte t\u00eb krijonte nj\u00eb zon\u00eb neutrale q\u00eb do t\u00eb sh\u00ebrbente si streh\u00eb p\u00ebr organizatat joqeveritare dhe nd\u00ebrmjet\u00ebsit nd\u00ebrkomb\u00ebtar\u00eb. Ironikisht, ai gjeti frym\u00ebzim n\u00eb Vukovar, k\u00ebshtu q\u00eb flamuri i Verdisit \u00ebsht\u00eb blu-bardh\u00eb-blu, nd\u00ebrsa stema \u00ebsht\u00eb e zbukuruar me nj\u00eb lejlek t\u00eb bardh\u00eb (simbol i paqes) dhe nj\u00eb lis (simbol i forc\u00ebs), shkruan portali austriak&nbsp;<a href=\"https:\/\/www.heute.at\/s\/australier-ruft-zwergstaat-verdis-aus-120189658\" target=\"_blank\" rel=\"noreferrer noopener\">Heute<\/a>&nbsp;.<\/p>\n\n\n\n<h3 class=\"wp-block-heading\">Nj\u00eb &#8216;tok\u00eb e askujt&#8217; q\u00eb n\u00eb t\u00eb v\u00ebrtet\u00eb nuk \u00ebsht\u00eb nj\u00eb e till\u00eb<\/h3>\n\n\n\n<p>Ekipi p\u00ebrreth Jacksonit besonte se kishin gjetur terra nullius, tok\u00eb t\u00eb askujt, n\u00eb pjes\u00ebn e kufirit t\u00eb Danubit ku Zagrebi dhe Beogradi ende debatojn\u00eb p\u00ebr vij\u00ebn e sakt\u00eb t\u00eb demarkacionit.Megjithat\u00eb, Ministria e Brendshme Kroate e b\u00ebri t\u00eb qart\u00eb: Verdis nuk ekziston. Sipas ligjit nd\u00ebrkomb\u00ebtar, territori i kontestuar i p\u00ebrket Kroacis\u00eb dhe \u00ebsht\u00eb pjes\u00eb e nj\u00eb mosmarr\u00ebveshjeje t\u00eb pazgjidhur kufitare, q\u00eb do t\u00eb thot\u00eb se nuk \u00ebsht\u00eb i lir\u00eb p\u00ebr &#8216;pushtim&#8217; nga aventurier\u00ebt e internetit.Duke ndjekur gjurm\u00ebt e Vito Jedli\u010dka dhe Liberland<\/p>\n\n\n\n<p>Xheksoni nuk e fsheh se modeli i tij kryesor \u00ebsht\u00eb\u00a0<strong>V\u00edt Jedli\u010dka<\/strong>\u00a0, nj\u00eb aktivist \u00e7ek i cili n\u00eb vitin 2015 shpalli n\u00eb m\u00ebnyr\u00eb t\u00eb ngjashme Liberland n\u00eb fush\u00ebn e Danubit t\u00eb Gornja Sig.Ashtu si Jedli\u010dka, Jackson po p\u00ebrpiqet t\u00eb shfryt\u00ebzoj\u00eb boshll\u00ebkun ligjor t\u00eb mosmarr\u00ebveshjes kufitare, duke shpresuar t\u00eb b\u00ebhet nj\u00eb sensacion mediatik. Megjithat\u00eb, nd\u00ebrsa Jedli\u010dka t\u00eb pakt\u00ebn arriti t\u00eb b\u00ebhet nj\u00eb &#8220;qesharak&#8221; rajonal q\u00eb \u00ebsht\u00eb p\u00ebrpjekur t\u00eb hyj\u00eb n\u00eb Siga p\u00ebr vite me radh\u00eb, Jackson aktualisht po &#8220;drejton vendin&#8221; ekskluzivisht p\u00ebrmes laptopit.Shtet\u00ebsia me nj\u00eb test anglisht dhe nj\u00eb certifikat\u00eb pa precedent\u00eb penal\u00eb<\/p>\n\n\n\n<p>Edhe pse sundon nga m\u00ebrgimi, Xheksoni pohon se vendi i tij po rritet. Ai ka dh\u00ebn\u00eb rreth 400 shtet\u00ebsi deri m\u00eb tani. Procedura nuk \u00ebsht\u00eb aspak e thjesht\u00eb: kandidat\u00ebt duhet t\u00eb paraqesin nj\u00eb certifikat\u00eb sjelljeje t\u00eb mir\u00eb, t\u00eb kalojn\u00eb nj\u00eb test aft\u00ebsie dhe t\u00eb v\u00ebrtetojn\u00eb njohurit\u00eb e tyre t\u00eb gjuh\u00ebs angleze, kroate ose serbe.Planet p\u00ebr t\u00eb ardhmen jan\u00eb, p\u00ebr ta th\u00ebn\u00eb but\u00eb, ambicioze: hapja e nj\u00eb zyre p\u00ebrfaq\u00ebsimi n\u00eb BE, nj\u00eb selie dixhitale p\u00ebr kompanit\u00eb (parajs\u00eb fiskale) dhe miratimi i nj\u00eb kushtetute dhe mbajtja e zgjedhjeve t\u00eb para.Duket se presidenti i ri do t\u00eb sundoj\u00eb nga dhoma e tij n\u00eb Mbret\u00ebrin\u00eb e Bashkuar, nga ngroht\u00ebsia e sht\u00ebpis\u00eb s\u00eb tij, p\u00ebr nj\u00eb koh\u00eb t\u00eb gjat\u00eb, nj\u00ebsoj si idhulli i tij Jedli\u010dka.<\/p>\n","protected":false},"excerpt":{"rendered":"<p>Nd\u00ebrsa Evropa merret me gjeopolitik\u00eb serioze, n\u00eb kufirin midis Kroacis\u00eb dhe Serbis\u00eb, nj\u00eb australian 21-vje\u00e7ar vendosi t\u00eb themeloj\u00eb shtetin e tij.&nbsp;Daniel Jackson&nbsp;\u00ebsht\u00eb presidenti i vet\u00ebshpallur i Republik\u00ebs s\u00eb Lir\u00eb t\u00eb Verdis, nj\u00eb entitet fiktiv i vendosur n\u00eb nj\u00eb cop\u00eb tok\u00eb p\u00ebrgjat\u00eb Danubit af\u00ebrsisht sa 75 fusha futbolli. Nj\u00eb vizion nga m\u00ebrgimi britanik Jackson, i cili [&hellip;]<\/p>\n","protected":false},"author":4,"featured_media":13045,"comment_status":"open","ping_status":"open","sticky":false,"template":"","format":"standard","meta":{"footnotes":""},"categories":[30,32],"tags":[],"class_list":{"0":"post-13044","1":"post","2":"type-post","3":"status-publish","4":"format-standard","5":"has-post-thumbnail","7":"category-lajme","8":"category-rajon"},"yoast_head":"<!-- This site is optimized with the Yoast SEO plugin v27.4 - https:\/\/yoast.com\/product\/yoast-seo-wordpress\/ -->\n<title>21-vje\u00e7ari shpall shtet n\u00eb territorin kroat dhe i ndalohet hyrja - Kosova Times<\/title>\n<meta name=\"robots\" content=\"index, follow, max-snippet:-1, max-image-preview:large, max-video-preview:-1\" \/>\n<link rel=\"canonical\" href=\"https:\/\/kosovatimes.info\/index.php\/2026\/05\/01\/21-vjecari-shpall-shtet-ne-territorin-kroat-dhe-i-ndalohet-hyrja\/\" \/>\n<meta property=\"og:locale\" content=\"en_US\" \/>\n<meta property=\"og:type\" content=\"article\" \/>\n<meta property=\"og:title\" content=\"21-vje\u00e7ari shpall shtet n\u00eb territorin kroat dhe i ndalohet hyrja - Kosova Times\" \/>\n<meta property=\"og:description\" content=\"Nd\u00ebrsa Evropa merret me gjeopolitik\u00eb serioze, n\u00eb kufirin midis Kroacis\u00eb dhe Serbis\u00eb, nj\u00eb australian 21-vje\u00e7ar vendosi t\u00eb themeloj\u00eb shtetin e tij.&nbsp;Daniel Jackson&nbsp;\u00ebsht\u00eb presidenti i vet\u00ebshpallur i Republik\u00ebs s\u00eb Lir\u00eb t\u00eb Verdis, nj\u00eb entitet fiktiv i vendosur n\u00eb nj\u00eb cop\u00eb tok\u00eb p\u00ebrgjat\u00eb Danubit af\u00ebrsisht sa 75 fusha futbolli. Nj\u00eb vizion nga m\u00ebrgimi britanik Jackson, i cili [&hellip;]\" \/>\n<meta property=\"og:url\" content=\"https:\/\/kosovatimes.info\/index.php\/2026\/05\/01\/21-vjecari-shpall-shtet-ne-territorin-kroat-dhe-i-ndalohet-hyrja\/\" \/>\n<meta property=\"og:site_name\" content=\"Kosova Times\" \/>\n<meta property=\"article:published_time\" content=\"2026-05-01T20:59:30+00:00\" \/>\n<meta property=\"article:modified_time\" content=\"2026-05-01T20:59:35+00:00\" \/>\n<meta property=\"og:image\" content=\"https:\/\/kosovatimes.info\/wp-content\/uploads\/2026\/05\/Jacson.jpg\" \/>\n\t<meta property=\"og:image:width\" content=\"1280\" \/>\n\t<meta property=\"og:image:height\" content=\"670\" \/>\n\t<meta property=\"og:image:type\" content=\"image\/jpeg\" \/>\n<meta name=\"author\" content=\"i l\" \/>\n<meta name=\"twitter:card\" content=\"summary_large_image\" \/>\n<meta name=\"twitter:label1\" content=\"Written by\" \/>\n\t<meta name=\"twitter:data1\" content=\"i l\" \/>\n\t<meta name=\"twitter:label2\" content=\"Est. reading time\" \/>\n\t<meta name=\"twitter:data2\" content=\"3 minutes\" \/>\n<script type=\"application\/ld+json\" class=\"yoast-schema-graph\">{\"@context\":\"https:\\\/\\\/schema.org\",\"@graph\":[{\"@type\":\"Article\",\"@id\":\"https:\\\/\\\/kosovatimes.info\\\/index.php\\\/2026\\\/05\\\/01\\\/21-vjecari-shpall-shtet-ne-territorin-kroat-dhe-i-ndalohet-hyrja\\\/#article\",\"isPartOf\":{\"@id\":\"https:\\\/\\\/kosovatimes.info\\\/index.php\\\/2026\\\/05\\\/01\\\/21-vjecari-shpall-shtet-ne-territorin-kroat-dhe-i-ndalohet-hyrja\\\/\"},\"author\":{\"name\":\"i l\",\"@id\":\"https:\\\/\\\/kosovatimes.info\\\/#\\\/schema\\\/person\\\/7586712b9c512fe68085de007378c915\"},\"headline\":\"21-vje\u00e7ari shpall shtet n\u00eb territorin kroat dhe i ndalohet hyrja\",\"datePublished\":\"2026-05-01T20:59:30+00:00\",\"dateModified\":\"2026-05-01T20:59:35+00:00\",\"mainEntityOfPage\":{\"@id\":\"https:\\\/\\\/kosovatimes.info\\\/index.php\\\/2026\\\/05\\\/01\\\/21-vjecari-shpall-shtet-ne-territorin-kroat-dhe-i-ndalohet-hyrja\\\/\"},\"wordCount\":668,\"commentCount\":0,\"image\":{\"@id\":\"https:\\\/\\\/kosovatimes.info\\\/index.php\\\/2026\\\/05\\\/01\\\/21-vjecari-shpall-shtet-ne-territorin-kroat-dhe-i-ndalohet-hyrja\\\/#primaryimage\"},\"thumbnailUrl\":\"https:\\\/\\\/kosovatimes.info\\\/wp-content\\\/uploads\\\/2026\\\/05\\\/Jacson.jpg\",\"articleSection\":[\"Lajme\",\"Rajon\"],\"inLanguage\":\"en-US\",\"potentialAction\":[{\"@type\":\"CommentAction\",\"name\":\"Comment\",\"target\":[\"https:\\\/\\\/kosovatimes.info\\\/index.php\\\/2026\\\/05\\\/01\\\/21-vjecari-shpall-shtet-ne-territorin-kroat-dhe-i-ndalohet-hyrja\\\/#respond\"]}]},{\"@type\":\"WebPage\",\"@id\":\"https:\\\/\\\/kosovatimes.info\\\/index.php\\\/2026\\\/05\\\/01\\\/21-vjecari-shpall-shtet-ne-territorin-kroat-dhe-i-ndalohet-hyrja\\\/\",\"url\":\"https:\\\/\\\/kosovatimes.info\\\/index.php\\\/2026\\\/05\\\/01\\\/21-vjecari-shpall-shtet-ne-territorin-kroat-dhe-i-ndalohet-hyrja\\\/\",\"name\":\"21-vje\u00e7ari shpall shtet n\u00eb territorin kroat dhe i ndalohet hyrja - Kosova Times\",\"isPartOf\":{\"@id\":\"https:\\\/\\\/kosovatimes.info\\\/#website\"},\"primaryImageOfPage\":{\"@id\":\"https:\\\/\\\/kosovatimes.info\\\/index.php\\\/2026\\\/05\\\/01\\\/21-vjecari-shpall-shtet-ne-territorin-kroat-dhe-i-ndalohet-hyrja\\\/#primaryimage\"},\"image\":{\"@id\":\"https:\\\/\\\/kosovatimes.info\\\/index.php\\\/2026\\\/05\\\/01\\\/21-vjecari-shpall-shtet-ne-territorin-kroat-dhe-i-ndalohet-hyrja\\\/#primaryimage\"},\"thumbnailUrl\":\"https:\\\/\\\/kosovatimes.info\\\/wp-content\\\/uploads\\\/2026\\\/05\\\/Jacson.jpg\",\"datePublished\":\"2026-05-01T20:59:30+00:00\",\"dateModified\":\"2026-05-01T20:59:35+00:00\",\"author\":{\"@id\":\"https:\\\/\\\/kosovatimes.info\\\/#\\\/schema\\\/person\\\/7586712b9c512fe68085de007378c915\"},\"breadcrumb\":{\"@id\":\"https:\\\/\\\/kosovatimes.info\\\/index.php\\\/2026\\\/05\\\/01\\\/21-vjecari-shpall-shtet-ne-territorin-kroat-dhe-i-ndalohet-hyrja\\\/#breadcrumb\"},\"inLanguage\":\"en-US\",\"potentialAction\":[{\"@type\":\"ReadAction\",\"target\":[\"https:\\\/\\\/kosovatimes.info\\\/index.php\\\/2026\\\/05\\\/01\\\/21-vjecari-shpall-shtet-ne-territorin-kroat-dhe-i-ndalohet-hyrja\\\/\"]}]},{\"@type\":\"ImageObject\",\"inLanguage\":\"en-US\",\"@id\":\"https:\\\/\\\/kosovatimes.info\\\/index.php\\\/2026\\\/05\\\/01\\\/21-vjecari-shpall-shtet-ne-territorin-kroat-dhe-i-ndalohet-hyrja\\\/#primaryimage\",\"url\":\"https:\\\/\\\/kosovatimes.info\\\/wp-content\\\/uploads\\\/2026\\\/05\\\/Jacson.jpg\",\"contentUrl\":\"https:\\\/\\\/kosovatimes.info\\\/wp-content\\\/uploads\\\/2026\\\/05\\\/Jacson.jpg\",\"width\":1280,\"height\":670},{\"@type\":\"BreadcrumbList\",\"@id\":\"https:\\\/\\\/kosovatimes.info\\\/index.php\\\/2026\\\/05\\\/01\\\/21-vjecari-shpall-shtet-ne-territorin-kroat-dhe-i-ndalohet-hyrja\\\/#breadcrumb\",\"itemListElement\":[{\"@type\":\"ListItem\",\"position\":1,\"name\":\"Home\",\"item\":\"https:\\\/\\\/kosovatimes.info\\\/\"},{\"@type\":\"ListItem\",\"position\":2,\"name\":\"21-vje\u00e7ari shpall shtet n\u00eb territorin kroat dhe i ndalohet hyrja\"}]},{\"@type\":\"WebSite\",\"@id\":\"https:\\\/\\\/kosovatimes.info\\\/#website\",\"url\":\"https:\\\/\\\/kosovatimes.info\\\/\",\"name\":\"Kosova Times\",\"description\":\"\",\"potentialAction\":[{\"@type\":\"SearchAction\",\"target\":{\"@type\":\"EntryPoint\",\"urlTemplate\":\"https:\\\/\\\/kosovatimes.info\\\/?s={search_term_string}\"},\"query-input\":{\"@type\":\"PropertyValueSpecification\",\"valueRequired\":true,\"valueName\":\"search_term_string\"}}],\"inLanguage\":\"en-US\"},{\"@type\":\"Person\",\"@id\":\"https:\\\/\\\/kosovatimes.info\\\/#\\\/schema\\\/person\\\/7586712b9c512fe68085de007378c915\",\"name\":\"i l\",\"image\":{\"@type\":\"ImageObject\",\"inLanguage\":\"en-US\",\"@id\":\"https:\\\/\\\/secure.gravatar.com\\\/avatar\\\/bad9296e02816160ae2e2435beda58222022298d5625d49fea74d18816fbb31d?s=96&d=mm&r=g\",\"url\":\"https:\\\/\\\/secure.gravatar.com\\\/avatar\\\/bad9296e02816160ae2e2435beda58222022298d5625d49fea74d18816fbb31d?s=96&d=mm&r=g\",\"contentUrl\":\"https:\\\/\\\/secure.gravatar.com\\\/avatar\\\/bad9296e02816160ae2e2435beda58222022298d5625d49fea74d18816fbb31d?s=96&d=mm&r=g\",\"caption\":\"i l\"},\"url\":\"https:\\\/\\\/kosovatimes.info\\\/index.php\\\/author\\\/iliri\\\/\"}]}<\/script>\n<!-- \/ Yoast SEO plugin. -->","yoast_head_json":{"title":"21-vje\u00e7ari shpall shtet n\u00eb territorin kroat dhe i ndalohet hyrja - Kosova Times","robots":{"index":"index","follow":"follow","max-snippet":"max-snippet:-1","max-image-preview":"max-image-preview:large","max-video-preview":"max-video-preview:-1"},"canonical":"https:\/\/kosovatimes.info\/index.php\/2026\/05\/01\/21-vjecari-shpall-shtet-ne-territorin-kroat-dhe-i-ndalohet-hyrja\/","og_locale":"en_US","og_type":"article","og_title":"21-vje\u00e7ari shpall shtet n\u00eb territorin kroat dhe i ndalohet hyrja - Kosova Times","og_description":"Nd\u00ebrsa Evropa merret me gjeopolitik\u00eb serioze, n\u00eb kufirin midis Kroacis\u00eb dhe Serbis\u00eb, nj\u00eb australian 21-vje\u00e7ar vendosi t\u00eb themeloj\u00eb shtetin e tij.&nbsp;Daniel Jackson&nbsp;\u00ebsht\u00eb presidenti i vet\u00ebshpallur i Republik\u00ebs s\u00eb Lir\u00eb t\u00eb Verdis, nj\u00eb entitet fiktiv i vendosur n\u00eb nj\u00eb cop\u00eb tok\u00eb p\u00ebrgjat\u00eb Danubit af\u00ebrsisht sa 75 fusha futbolli. Nj\u00eb vizion nga m\u00ebrgimi britanik Jackson, i cili [&hellip;]","og_url":"https:\/\/kosovatimes.info\/index.php\/2026\/05\/01\/21-vjecari-shpall-shtet-ne-territorin-kroat-dhe-i-ndalohet-hyrja\/","og_site_name":"Kosova Times","article_published_time":"2026-05-01T20:59:30+00:00","article_modified_time":"2026-05-01T20:59:35+00:00","og_image":[{"width":1280,"height":670,"url":"https:\/\/kosovatimes.info\/wp-content\/uploads\/2026\/05\/Jacson.jpg","type":"image\/jpeg"}],"author":"i l","twitter_card":"summary_large_image","twitter_misc":{"Written by":"i l","Est. reading time":"3 minutes"},"schema":{"@context":"https:\/\/schema.org","@graph":[{"@type":"Article","@id":"https:\/\/kosovatimes.info\/index.php\/2026\/05\/01\/21-vjecari-shpall-shtet-ne-territorin-kroat-dhe-i-ndalohet-hyrja\/#article","isPartOf":{"@id":"https:\/\/kosovatimes.info\/index.php\/2026\/05\/01\/21-vjecari-shpall-shtet-ne-territorin-kroat-dhe-i-ndalohet-hyrja\/"},"author":{"name":"i l","@id":"https:\/\/kosovatimes.info\/#\/schema\/person\/7586712b9c512fe68085de007378c915"},"headline":"21-vje\u00e7ari shpall shtet n\u00eb territorin kroat dhe i ndalohet hyrja","datePublished":"2026-05-01T20:59:30+00:00","dateModified":"2026-05-01T20:59:35+00:00","mainEntityOfPage":{"@id":"https:\/\/kosovatimes.info\/index.php\/2026\/05\/01\/21-vjecari-shpall-shtet-ne-territorin-kroat-dhe-i-ndalohet-hyrja\/"},"wordCount":668,"commentCount":0,"image":{"@id":"https:\/\/kosovatimes.info\/index.php\/2026\/05\/01\/21-vjecari-shpall-shtet-ne-territorin-kroat-dhe-i-ndalohet-hyrja\/#primaryimage"},"thumbnailUrl":"https:\/\/kosovatimes.info\/wp-content\/uploads\/2026\/05\/Jacson.jpg","articleSection":["Lajme","Rajon"],"inLanguage":"en-US","potentialAction":[{"@type":"CommentAction","name":"Comment","target":["https:\/\/kosovatimes.info\/index.php\/2026\/05\/01\/21-vjecari-shpall-shtet-ne-territorin-kroat-dhe-i-ndalohet-hyrja\/#respond"]}]},{"@type":"WebPage","@id":"https:\/\/kosovatimes.info\/index.php\/2026\/05\/01\/21-vjecari-shpall-shtet-ne-territorin-kroat-dhe-i-ndalohet-hyrja\/","url":"https:\/\/kosovatimes.info\/index.php\/2026\/05\/01\/21-vjecari-shpall-shtet-ne-territorin-kroat-dhe-i-ndalohet-hyrja\/","name":"21-vje\u00e7ari shpall shtet n\u00eb territorin kroat dhe i ndalohet hyrja - Kosova Times","isPartOf":{"@id":"https:\/\/kosovatimes.info\/#website"},"primaryImageOfPage":{"@id":"https:\/\/kosovatimes.info\/index.php\/2026\/05\/01\/21-vjecari-shpall-shtet-ne-territorin-kroat-dhe-i-ndalohet-hyrja\/#primaryimage"},"image":{"@id":"https:\/\/kosovatimes.info\/index.php\/2026\/05\/01\/21-vjecari-shpall-shtet-ne-territorin-kroat-dhe-i-ndalohet-hyrja\/#primaryimage"},"thumbnailUrl":"https:\/\/kosovatimes.info\/wp-content\/uploads\/2026\/05\/Jacson.jpg","datePublished":"2026-05-01T20:59:30+00:00","dateModified":"2026-05-01T20:59:35+00:00","author":{"@id":"https:\/\/kosovatimes.info\/#\/schema\/person\/7586712b9c512fe68085de007378c915"},"breadcrumb":{"@id":"https:\/\/kosovatimes.info\/index.php\/2026\/05\/01\/21-vjecari-shpall-shtet-ne-territorin-kroat-dhe-i-ndalohet-hyrja\/#breadcrumb"},"inLanguage":"en-US","potentialAction":[{"@type":"ReadAction","target":["https:\/\/kosovatimes.info\/index.php\/2026\/05\/01\/21-vjecari-shpall-shtet-ne-territorin-kroat-dhe-i-ndalohet-hyrja\/"]}]},{"@type":"ImageObject","inLanguage":"en-US","@id":"https:\/\/kosovatimes.info\/index.php\/2026\/05\/01\/21-vjecari-shpall-shtet-ne-territorin-kroat-dhe-i-ndalohet-hyrja\/#primaryimage","url":"https:\/\/kosovatimes.info\/wp-content\/uploads\/2026\/05\/Jacson.jpg","contentUrl":"https:\/\/kosovatimes.info\/wp-content\/uploads\/2026\/05\/Jacson.jpg","width":1280,"height":670},{"@type":"BreadcrumbList","@id":"https:\/\/kosovatimes.info\/index.php\/2026\/05\/01\/21-vjecari-shpall-shtet-ne-territorin-kroat-dhe-i-ndalohet-hyrja\/#breadcrumb","itemListElement":[{"@type":"ListItem","position":1,"name":"Home","item":"https:\/\/kosovatimes.info\/"},{"@type":"ListItem","position":2,"name":"21-vje\u00e7ari shpall shtet n\u00eb territorin kroat dhe i ndalohet hyrja"}]},{"@type":"WebSite","@id":"https:\/\/kosovatimes.info\/#website","url":"https:\/\/kosovatimes.info\/","name":"Kosova Times","description":"","potentialAction":[{"@type":"SearchAction","target":{"@type":"EntryPoint","urlTemplate":"https:\/\/kosovatimes.info\/?s={search_term_string}"},"query-input":{"@type":"PropertyValueSpecification","valueRequired":true,"valueName":"search_term_string"}}],"inLanguage":"en-US"},{"@type":"Person","@id":"https:\/\/kosovatimes.info\/#\/schema\/person\/7586712b9c512fe68085de007378c915","name":"i l","image":{"@type":"ImageObject","inLanguage":"en-US","@id":"https:\/\/secure.gravatar.com\/avatar\/bad9296e02816160ae2e2435beda58222022298d5625d49fea74d18816fbb31d?s=96&d=mm&r=g","url":"https:\/\/secure.gravatar.com\/avatar\/bad9296e02816160ae2e2435beda58222022298d5625d49fea74d18816fbb31d?s=96&d=mm&r=g","contentUrl":"https:\/\/secure.gravatar.com\/avatar\/bad9296e02816160ae2e2435beda58222022298d5625d49fea74d18816fbb31d?s=96&d=mm&r=g","caption":"i l"},"url":"https:\/\/kosovatimes.info\/index.php\/author\/iliri\/"}]}},"_links":{"self":[{"href":"https:\/\/kosovatimes.info\/index.php\/wp-json\/wp\/v2\/posts\/13044","targetHints":{"allow":["GET"]}}],"collection":[{"href":"https:\/\/kosovatimes.info\/index.php\/wp-json\/wp\/v2\/posts"}],"about":[{"href":"https:\/\/kosovatimes.info\/index.php\/wp-json\/wp\/v2\/types\/post"}],"author":[{"embeddable":true,"href":"https:\/\/kosovatimes.info\/index.php\/wp-json\/wp\/v2\/users\/4"}],"replies":[{"embeddable":true,"href":"https:\/\/kosovatimes.info\/index.php\/wp-json\/wp\/v2\/comments?post=13044"}],"version-history":[{"count":1,"href":"https:\/\/kosovatimes.info\/index.php\/wp-json\/wp\/v2\/posts\/13044\/revisions"}],"predecessor-version":[{"id":13046,"href":"https:\/\/kosovatimes.info\/index.php\/wp-json\/wp\/v2\/posts\/13044\/revisions\/13046"}],"wp:featuredmedia":[{"embeddable":true,"href":"https:\/\/kosovatimes.info\/index.php\/wp-json\/wp\/v2\/media\/13045"}],"wp:attachment":[{"href":"https:\/\/kosovatimes.info\/index.php\/wp-json\/wp\/v2\/media?parent=13044"}],"wp:term":[{"taxonomy":"category","embeddable":true,"href":"https:\/\/kosovatimes.info\/index.php\/wp-json\/wp\/v2\/categories?post=13044"},{"taxonomy":"post_tag","embeddable":true,"href":"https:\/\/kosovatimes.info\/index.php\/wp-json\/wp\/v2\/tags?post=13044"}],"curies":[{"name":"wp","href":"https:\/\/api.w.org\/{rel}","templated":true}]}}