{"id":13049,"date":"2026-05-01T22:22:00","date_gmt":"2026-05-01T20:22:00","guid":{"rendered":"https:\/\/kosovatimes.info\/?p=13049"},"modified":"2026-05-01T23:40:14","modified_gmt":"2026-05-01T21:40:14","slug":"policia-vila-e-radoiciqit-vezhgohet-24-ore-nga-kamerat","status":"publish","type":"post","link":"https:\/\/kosovatimes.info\/index.php\/2026\/05\/01\/policia-vila-e-radoiciqit-vezhgohet-24-ore-nga-kamerat\/","title":{"rendered":"Policia: \u201cVila e Radoi\u00e7iqit\u201d v\u00ebzhgohet 24 or\u00eb nga kamerat"},"content":{"rendered":"\n<p><strong>Policia e Kosov\u00ebs n\u00ebp\u00ebrmjet nj\u00eb sqarimi zyrtar ka th\u00ebn\u00eb se vila e kryeterroristit t\u00eb Banjsk\u00ebs, Milan Radoi\u00e7iq, v\u00ebzhgohet 24 or\u00eb nga kamerat e siguris\u00eb dhe se aty gjat\u00eb mbik\u00ebqyrjes nuk ka pasur asnj\u00eb aktivitet t\u00eb kund\u00ebrligjsh\u00ebm.<\/strong><\/p>\n\n\n\n<p>&#8220;Policia e Kosov\u00ebs, referuar k\u00ebrkesave dhe pyetjeve t\u00eb adresuara nga media dhe gazetar\u00eb rreth deklarimeve, keqp\u00ebrdorimeve dhe \u00e7\u00ebshtjeve t\u00eb ndryshme se kinse kan\u00eb ndodhur n\u00eb &#8216;Vill\u00ebn e Radojqiqit&#8217; n\u00eb Mitrovic\u00eb Veri, sqaron dhe nj\u00ebher\u00ebsh informon se:&nbsp;Policia e Kosov\u00ebs, sipas detyr\u00ebs dhe autorizimeve zyrtare, q\u00eb nga koha e marrjes s\u00eb objektit n\u00eb mbik\u00ebqyrje p\u00ebr siguri, ka t\u00eb vendosura nj\u00ebsit\u00eb e saja policore t\u00eb profileve t\u00eb ndryshme, t\u00eb cilat kujdesen p\u00ebr sigurin\u00eb e objektit dhe hap\u00ebsir\u00ebs p\u00ebrreth&#8221;,&nbsp;thuhet n\u00eb reagim.<\/p>\n\n\n\n<p>Policia e Kosov\u00ebs, njofton se objekti sigurohet nga zyrtar\u00ebt policor\u00eb dhe i nj\u00ebjti v\u00ebzhgohet 24 or\u00eb nga kamerat, t\u00eb cilat mbik\u00ebqyren nga zyrtar\u00ebt policor\u00eb dhe qendra operative.<\/p>\n\n\n\n<p>&#8220;\u00c7do l\u00ebvizje apo hyrje-dalje n\u00eb k\u00ebt\u00eb objekt, monitorohet nga policia dhe se hyrja-dalja, b\u00ebhet vet\u00ebm nga personat e autorizuar q\u00eb u lejohet qasja, si\u00e7 jan\u00eb zyrtar\u00ebt policor\u00eb, zyrtar\u00ebt e mbrojtjes s\u00eb af\u00ebrt, zyrtar\u00ebt institucional dhe vet\u00ebm personat q\u00eb marrin leje t\u00eb caktuar dhe n\u00eb asnj\u00eb rast nuk lejohen p\u00ebrsona t\u00eb tjer\u00eb apo civil.&nbsp;Bazuar n\u00eb procedurat policore, mbikqyrjen strikt t\u00eb objektit dhe v\u00ebzhgimit t\u00eb objektit nga kamerat, njoftojm\u00eb mediat dhe opinionin e gjer\u00eb se n\u00eb k\u00ebt\u00eb objekt nuk \u00ebsht\u00eb zhvilluar asnj\u00eb aktivitet i kund\u00ebrligjsh\u00ebm apo \u00e7\u00ebshtje q\u00eb pretendohet apo deklarohet nga individ t\u00eb caktuar n\u00eb media&#8221;, thuhet n\u00eb njoftim.<\/p>\n\n\n\n<p>Policia e Kosov\u00ebs, do t\u00eb vazhdoj\u00eb t\u00eb ofroj\u00eb siguri n\u00eb mbar vendin, p\u00ebrfshir\u00eb n\u00eb objektin n\u00eb fjal\u00eb n\u00eb Mitrovic\u00eb Veri dhe se do t\u00eb mbaj\u00eb t\u00eb informuar drejt mediat dhe qytetar\u00ebt me q\u00ebllim t\u00eb parandalimit t\u00eb dezinformimit t\u00eb qytetar\u00ebve dhe njollosjes se personave, zyrtar\u00ebve t\u00eb cil\u00ebt kujdesen p\u00ebr sigurin\u00eb dhe rendin kushtetues.<\/p>\n\n\n\n<p><\/p>\n","protected":false},"excerpt":{"rendered":"<p>Policia e Kosov\u00ebs n\u00ebp\u00ebrmjet nj\u00eb sqarimi zyrtar ka th\u00ebn\u00eb se vila e kryeterroristit t\u00eb Banjsk\u00ebs, Milan Radoi\u00e7iq, v\u00ebzhgohet 24 or\u00eb nga kamerat e siguris\u00eb dhe se aty gjat\u00eb mbik\u00ebqyrjes nuk ka pasur asnj\u00eb aktivitet t\u00eb kund\u00ebrligjsh\u00ebm. &#8220;Policia e Kosov\u00ebs, referuar k\u00ebrkesave dhe pyetjeve t\u00eb adresuara nga media dhe gazetar\u00eb rreth deklarimeve, keqp\u00ebrdorimeve dhe \u00e7\u00ebshtjeve t\u00eb [&hellip;]<\/p>\n","protected":false},"author":4,"featured_media":13050,"comment_status":"open","ping_status":"open","sticky":false,"template":"","format":"standard","meta":{"footnotes":""},"categories":[31,30],"tags":[],"class_list":{"0":"post-13049","1":"post","2":"type-post","3":"status-publish","4":"format-standard","5":"has-post-thumbnail","7":"category-kosove","8":"category-lajme"},"yoast_head":"<!-- This site is optimized with the Yoast SEO plugin v27.4 - https:\/\/yoast.com\/product\/yoast-seo-wordpress\/ -->\n<title>Policia: \u201cVila e Radoi\u00e7iqit\u201d v\u00ebzhgohet 24 or\u00eb nga kamerat - Kosova Times<\/title>\n<meta name=\"robots\" content=\"index, follow, max-snippet:-1, max-image-preview:large, max-video-preview:-1\" \/>\n<link rel=\"canonical\" href=\"https:\/\/kosovatimes.info\/index.php\/2026\/05\/01\/policia-vila-e-radoiciqit-vezhgohet-24-ore-nga-kamerat\/\" \/>\n<meta property=\"og:locale\" content=\"en_US\" \/>\n<meta property=\"og:type\" content=\"article\" \/>\n<meta property=\"og:title\" content=\"Policia: \u201cVila e Radoi\u00e7iqit\u201d v\u00ebzhgohet 24 or\u00eb nga kamerat - Kosova Times\" \/>\n<meta property=\"og:description\" content=\"Policia e Kosov\u00ebs n\u00ebp\u00ebrmjet nj\u00eb sqarimi zyrtar ka th\u00ebn\u00eb se vila e kryeterroristit t\u00eb Banjsk\u00ebs, Milan Radoi\u00e7iq, v\u00ebzhgohet 24 or\u00eb nga kamerat e siguris\u00eb dhe se aty gjat\u00eb mbik\u00ebqyrjes nuk ka pasur asnj\u00eb aktivitet t\u00eb kund\u00ebrligjsh\u00ebm. &#8220;Policia e Kosov\u00ebs, referuar k\u00ebrkesave dhe pyetjeve t\u00eb adresuara nga media dhe gazetar\u00eb rreth deklarimeve, keqp\u00ebrdorimeve dhe \u00e7\u00ebshtjeve t\u00eb [&hellip;]\" \/>\n<meta property=\"og:url\" content=\"https:\/\/kosovatimes.info\/index.php\/2026\/05\/01\/policia-vila-e-radoiciqit-vezhgohet-24-ore-nga-kamerat\/\" \/>\n<meta property=\"og:site_name\" content=\"Kosova Times\" \/>\n<meta property=\"article:published_time\" content=\"2026-05-01T20:22:00+00:00\" \/>\n<meta property=\"article:modified_time\" content=\"2026-05-01T21:40:14+00:00\" \/>\n<meta property=\"og:image\" content=\"https:\/\/kosovatimes.info\/wp-content\/uploads\/2026\/05\/Vila.jpg\" \/>\n\t<meta property=\"og:image:width\" content=\"780\" \/>\n\t<meta property=\"og:image:height\" content=\"500\" \/>\n\t<meta property=\"og:image:type\" content=\"image\/jpeg\" \/>\n<meta name=\"author\" content=\"i l\" \/>\n<meta name=\"twitter:card\" content=\"summary_large_image\" \/>\n<meta name=\"twitter:label1\" content=\"Written by\" \/>\n\t<meta name=\"twitter:data1\" content=\"i l\" \/>\n\t<meta name=\"twitter:label2\" content=\"Est. reading time\" \/>\n\t<meta name=\"twitter:data2\" content=\"2 minutes\" \/>\n<script type=\"application\/ld+json\" class=\"yoast-schema-graph\">{\"@context\":\"https:\\\/\\\/schema.org\",\"@graph\":[{\"@type\":\"Article\",\"@id\":\"https:\\\/\\\/kosovatimes.info\\\/index.php\\\/2026\\\/05\\\/01\\\/policia-vila-e-radoiciqit-vezhgohet-24-ore-nga-kamerat\\\/#article\",\"isPartOf\":{\"@id\":\"https:\\\/\\\/kosovatimes.info\\\/index.php\\\/2026\\\/05\\\/01\\\/policia-vila-e-radoiciqit-vezhgohet-24-ore-nga-kamerat\\\/\"},\"author\":{\"name\":\"i l\",\"@id\":\"https:\\\/\\\/kosovatimes.info\\\/#\\\/schema\\\/person\\\/7586712b9c512fe68085de007378c915\"},\"headline\":\"Policia: \u201cVila e Radoi\u00e7iqit\u201d v\u00ebzhgohet 24 or\u00eb nga kamerat\",\"datePublished\":\"2026-05-01T20:22:00+00:00\",\"dateModified\":\"2026-05-01T21:40:14+00:00\",\"mainEntityOfPage\":{\"@id\":\"https:\\\/\\\/kosovatimes.info\\\/index.php\\\/2026\\\/05\\\/01\\\/policia-vila-e-radoiciqit-vezhgohet-24-ore-nga-kamerat\\\/\"},\"wordCount\":357,\"commentCount\":0,\"image\":{\"@id\":\"https:\\\/\\\/kosovatimes.info\\\/index.php\\\/2026\\\/05\\\/01\\\/policia-vila-e-radoiciqit-vezhgohet-24-ore-nga-kamerat\\\/#primaryimage\"},\"thumbnailUrl\":\"https:\\\/\\\/kosovatimes.info\\\/wp-content\\\/uploads\\\/2026\\\/05\\\/Vila.jpg\",\"articleSection\":[\"Kosov\u00eb\",\"Lajme\"],\"inLanguage\":\"en-US\",\"potentialAction\":[{\"@type\":\"CommentAction\",\"name\":\"Comment\",\"target\":[\"https:\\\/\\\/kosovatimes.info\\\/index.php\\\/2026\\\/05\\\/01\\\/policia-vila-e-radoiciqit-vezhgohet-24-ore-nga-kamerat\\\/#respond\"]}]},{\"@type\":\"WebPage\",\"@id\":\"https:\\\/\\\/kosovatimes.info\\\/index.php\\\/2026\\\/05\\\/01\\\/policia-vila-e-radoiciqit-vezhgohet-24-ore-nga-kamerat\\\/\",\"url\":\"https:\\\/\\\/kosovatimes.info\\\/index.php\\\/2026\\\/05\\\/01\\\/policia-vila-e-radoiciqit-vezhgohet-24-ore-nga-kamerat\\\/\",\"name\":\"Policia: \u201cVila e Radoi\u00e7iqit\u201d v\u00ebzhgohet 24 or\u00eb nga kamerat - Kosova Times\",\"isPartOf\":{\"@id\":\"https:\\\/\\\/kosovatimes.info\\\/#website\"},\"primaryImageOfPage\":{\"@id\":\"https:\\\/\\\/kosovatimes.info\\\/index.php\\\/2026\\\/05\\\/01\\\/policia-vila-e-radoiciqit-vezhgohet-24-ore-nga-kamerat\\\/#primaryimage\"},\"image\":{\"@id\":\"https:\\\/\\\/kosovatimes.info\\\/index.php\\\/2026\\\/05\\\/01\\\/policia-vila-e-radoiciqit-vezhgohet-24-ore-nga-kamerat\\\/#primaryimage\"},\"thumbnailUrl\":\"https:\\\/\\\/kosovatimes.info\\\/wp-content\\\/uploads\\\/2026\\\/05\\\/Vila.jpg\",\"datePublished\":\"2026-05-01T20:22:00+00:00\",\"dateModified\":\"2026-05-01T21:40:14+00:00\",\"author\":{\"@id\":\"https:\\\/\\\/kosovatimes.info\\\/#\\\/schema\\\/person\\\/7586712b9c512fe68085de007378c915\"},\"breadcrumb\":{\"@id\":\"https:\\\/\\\/kosovatimes.info\\\/index.php\\\/2026\\\/05\\\/01\\\/policia-vila-e-radoiciqit-vezhgohet-24-ore-nga-kamerat\\\/#breadcrumb\"},\"inLanguage\":\"en-US\",\"potentialAction\":[{\"@type\":\"ReadAction\",\"target\":[\"https:\\\/\\\/kosovatimes.info\\\/index.php\\\/2026\\\/05\\\/01\\\/policia-vila-e-radoiciqit-vezhgohet-24-ore-nga-kamerat\\\/\"]}]},{\"@type\":\"ImageObject\",\"inLanguage\":\"en-US\",\"@id\":\"https:\\\/\\\/kosovatimes.info\\\/index.php\\\/2026\\\/05\\\/01\\\/policia-vila-e-radoiciqit-vezhgohet-24-ore-nga-kamerat\\\/#primaryimage\",\"url\":\"https:\\\/\\\/kosovatimes.info\\\/wp-content\\\/uploads\\\/2026\\\/05\\\/Vila.jpg\",\"contentUrl\":\"https:\\\/\\\/kosovatimes.info\\\/wp-content\\\/uploads\\\/2026\\\/05\\\/Vila.jpg\",\"width\":780,\"height\":500},{\"@type\":\"BreadcrumbList\",\"@id\":\"https:\\\/\\\/kosovatimes.info\\\/index.php\\\/2026\\\/05\\\/01\\\/policia-vila-e-radoiciqit-vezhgohet-24-ore-nga-kamerat\\\/#breadcrumb\",\"itemListElement\":[{\"@type\":\"ListItem\",\"position\":1,\"name\":\"Home\",\"item\":\"https:\\\/\\\/kosovatimes.info\\\/\"},{\"@type\":\"ListItem\",\"position\":2,\"name\":\"Policia: \u201cVila e Radoi\u00e7iqit\u201d v\u00ebzhgohet 24 or\u00eb nga kamerat\"}]},{\"@type\":\"WebSite\",\"@id\":\"https:\\\/\\\/kosovatimes.info\\\/#website\",\"url\":\"https:\\\/\\\/kosovatimes.info\\\/\",\"name\":\"Kosova Times\",\"description\":\"\",\"potentialAction\":[{\"@type\":\"SearchAction\",\"target\":{\"@type\":\"EntryPoint\",\"urlTemplate\":\"https:\\\/\\\/kosovatimes.info\\\/?s={search_term_string}\"},\"query-input\":{\"@type\":\"PropertyValueSpecification\",\"valueRequired\":true,\"valueName\":\"search_term_string\"}}],\"inLanguage\":\"en-US\"},{\"@type\":\"Person\",\"@id\":\"https:\\\/\\\/kosovatimes.info\\\/#\\\/schema\\\/person\\\/7586712b9c512fe68085de007378c915\",\"name\":\"i l\",\"image\":{\"@type\":\"ImageObject\",\"inLanguage\":\"en-US\",\"@id\":\"https:\\\/\\\/secure.gravatar.com\\\/avatar\\\/bad9296e02816160ae2e2435beda58222022298d5625d49fea74d18816fbb31d?s=96&d=mm&r=g\",\"url\":\"https:\\\/\\\/secure.gravatar.com\\\/avatar\\\/bad9296e02816160ae2e2435beda58222022298d5625d49fea74d18816fbb31d?s=96&d=mm&r=g\",\"contentUrl\":\"https:\\\/\\\/secure.gravatar.com\\\/avatar\\\/bad9296e02816160ae2e2435beda58222022298d5625d49fea74d18816fbb31d?s=96&d=mm&r=g\",\"caption\":\"i l\"},\"url\":\"https:\\\/\\\/kosovatimes.info\\\/index.php\\\/author\\\/iliri\\\/\"}]}<\/script>\n<!-- \/ Yoast SEO plugin. -->","yoast_head_json":{"title":"Policia: \u201cVila e Radoi\u00e7iqit\u201d v\u00ebzhgohet 24 or\u00eb nga kamerat - Kosova Times","robots":{"index":"index","follow":"follow","max-snippet":"max-snippet:-1","max-image-preview":"max-image-preview:large","max-video-preview":"max-video-preview:-1"},"canonical":"https:\/\/kosovatimes.info\/index.php\/2026\/05\/01\/policia-vila-e-radoiciqit-vezhgohet-24-ore-nga-kamerat\/","og_locale":"en_US","og_type":"article","og_title":"Policia: \u201cVila e Radoi\u00e7iqit\u201d v\u00ebzhgohet 24 or\u00eb nga kamerat - Kosova Times","og_description":"Policia e Kosov\u00ebs n\u00ebp\u00ebrmjet nj\u00eb sqarimi zyrtar ka th\u00ebn\u00eb se vila e kryeterroristit t\u00eb Banjsk\u00ebs, Milan Radoi\u00e7iq, v\u00ebzhgohet 24 or\u00eb nga kamerat e siguris\u00eb dhe se aty gjat\u00eb mbik\u00ebqyrjes nuk ka pasur asnj\u00eb aktivitet t\u00eb kund\u00ebrligjsh\u00ebm. &#8220;Policia e Kosov\u00ebs, referuar k\u00ebrkesave dhe pyetjeve t\u00eb adresuara nga media dhe gazetar\u00eb rreth deklarimeve, keqp\u00ebrdorimeve dhe \u00e7\u00ebshtjeve t\u00eb [&hellip;]","og_url":"https:\/\/kosovatimes.info\/index.php\/2026\/05\/01\/policia-vila-e-radoiciqit-vezhgohet-24-ore-nga-kamerat\/","og_site_name":"Kosova Times","article_published_time":"2026-05-01T20:22:00+00:00","article_modified_time":"2026-05-01T21:40:14+00:00","og_image":[{"width":780,"height":500,"url":"https:\/\/kosovatimes.info\/wp-content\/uploads\/2026\/05\/Vila.jpg","type":"image\/jpeg"}],"author":"i l","twitter_card":"summary_large_image","twitter_misc":{"Written by":"i l","Est. reading time":"2 minutes"},"schema":{"@context":"https:\/\/schema.org","@graph":[{"@type":"Article","@id":"https:\/\/kosovatimes.info\/index.php\/2026\/05\/01\/policia-vila-e-radoiciqit-vezhgohet-24-ore-nga-kamerat\/#article","isPartOf":{"@id":"https:\/\/kosovatimes.info\/index.php\/2026\/05\/01\/policia-vila-e-radoiciqit-vezhgohet-24-ore-nga-kamerat\/"},"author":{"name":"i l","@id":"https:\/\/kosovatimes.info\/#\/schema\/person\/7586712b9c512fe68085de007378c915"},"headline":"Policia: \u201cVila e Radoi\u00e7iqit\u201d v\u00ebzhgohet 24 or\u00eb nga kamerat","datePublished":"2026-05-01T20:22:00+00:00","dateModified":"2026-05-01T21:40:14+00:00","mainEntityOfPage":{"@id":"https:\/\/kosovatimes.info\/index.php\/2026\/05\/01\/policia-vila-e-radoiciqit-vezhgohet-24-ore-nga-kamerat\/"},"wordCount":357,"commentCount":0,"image":{"@id":"https:\/\/kosovatimes.info\/index.php\/2026\/05\/01\/policia-vila-e-radoiciqit-vezhgohet-24-ore-nga-kamerat\/#primaryimage"},"thumbnailUrl":"https:\/\/kosovatimes.info\/wp-content\/uploads\/2026\/05\/Vila.jpg","articleSection":["Kosov\u00eb","Lajme"],"inLanguage":"en-US","potentialAction":[{"@type":"CommentAction","name":"Comment","target":["https:\/\/kosovatimes.info\/index.php\/2026\/05\/01\/policia-vila-e-radoiciqit-vezhgohet-24-ore-nga-kamerat\/#respond"]}]},{"@type":"WebPage","@id":"https:\/\/kosovatimes.info\/index.php\/2026\/05\/01\/policia-vila-e-radoiciqit-vezhgohet-24-ore-nga-kamerat\/","url":"https:\/\/kosovatimes.info\/index.php\/2026\/05\/01\/policia-vila-e-radoiciqit-vezhgohet-24-ore-nga-kamerat\/","name":"Policia: \u201cVila e Radoi\u00e7iqit\u201d v\u00ebzhgohet 24 or\u00eb nga kamerat - Kosova Times","isPartOf":{"@id":"https:\/\/kosovatimes.info\/#website"},"primaryImageOfPage":{"@id":"https:\/\/kosovatimes.info\/index.php\/2026\/05\/01\/policia-vila-e-radoiciqit-vezhgohet-24-ore-nga-kamerat\/#primaryimage"},"image":{"@id":"https:\/\/kosovatimes.info\/index.php\/2026\/05\/01\/policia-vila-e-radoiciqit-vezhgohet-24-ore-nga-kamerat\/#primaryimage"},"thumbnailUrl":"https:\/\/kosovatimes.info\/wp-content\/uploads\/2026\/05\/Vila.jpg","datePublished":"2026-05-01T20:22:00+00:00","dateModified":"2026-05-01T21:40:14+00:00","author":{"@id":"https:\/\/kosovatimes.info\/#\/schema\/person\/7586712b9c512fe68085de007378c915"},"breadcrumb":{"@id":"https:\/\/kosovatimes.info\/index.php\/2026\/05\/01\/policia-vila-e-radoiciqit-vezhgohet-24-ore-nga-kamerat\/#breadcrumb"},"inLanguage":"en-US","potentialAction":[{"@type":"ReadAction","target":["https:\/\/kosovatimes.info\/index.php\/2026\/05\/01\/policia-vila-e-radoiciqit-vezhgohet-24-ore-nga-kamerat\/"]}]},{"@type":"ImageObject","inLanguage":"en-US","@id":"https:\/\/kosovatimes.info\/index.php\/2026\/05\/01\/policia-vila-e-radoiciqit-vezhgohet-24-ore-nga-kamerat\/#primaryimage","url":"https:\/\/kosovatimes.info\/wp-content\/uploads\/2026\/05\/Vila.jpg","contentUrl":"https:\/\/kosovatimes.info\/wp-content\/uploads\/2026\/05\/Vila.jpg","width":780,"height":500},{"@type":"BreadcrumbList","@id":"https:\/\/kosovatimes.info\/index.php\/2026\/05\/01\/policia-vila-e-radoiciqit-vezhgohet-24-ore-nga-kamerat\/#breadcrumb","itemListElement":[{"@type":"ListItem","position":1,"name":"Home","item":"https:\/\/kosovatimes.info\/"},{"@type":"ListItem","position":2,"name":"Policia: \u201cVila e Radoi\u00e7iqit\u201d v\u00ebzhgohet 24 or\u00eb nga kamerat"}]},{"@type":"WebSite","@id":"https:\/\/kosovatimes.info\/#website","url":"https:\/\/kosovatimes.info\/","name":"Kosova Times","description":"","potentialAction":[{"@type":"SearchAction","target":{"@type":"EntryPoint","urlTemplate":"https:\/\/kosovatimes.info\/?s={search_term_string}"},"query-input":{"@type":"PropertyValueSpecification","valueRequired":true,"valueName":"search_term_string"}}],"inLanguage":"en-US"},{"@type":"Person","@id":"https:\/\/kosovatimes.info\/#\/schema\/person\/7586712b9c512fe68085de007378c915","name":"i l","image":{"@type":"ImageObject","inLanguage":"en-US","@id":"https:\/\/secure.gravatar.com\/avatar\/bad9296e02816160ae2e2435beda58222022298d5625d49fea74d18816fbb31d?s=96&d=mm&r=g","url":"https:\/\/secure.gravatar.com\/avatar\/bad9296e02816160ae2e2435beda58222022298d5625d49fea74d18816fbb31d?s=96&d=mm&r=g","contentUrl":"https:\/\/secure.gravatar.com\/avatar\/bad9296e02816160ae2e2435beda58222022298d5625d49fea74d18816fbb31d?s=96&d=mm&r=g","caption":"i l"},"url":"https:\/\/kosovatimes.info\/index.php\/author\/iliri\/"}]}},"_links":{"self":[{"href":"https:\/\/kosovatimes.info\/index.php\/wp-json\/wp\/v2\/posts\/13049","targetHints":{"allow":["GET"]}}],"collection":[{"href":"https:\/\/kosovatimes.info\/index.php\/wp-json\/wp\/v2\/posts"}],"about":[{"href":"https:\/\/kosovatimes.info\/index.php\/wp-json\/wp\/v2\/types\/post"}],"author":[{"embeddable":true,"href":"https:\/\/kosovatimes.info\/index.php\/wp-json\/wp\/v2\/users\/4"}],"replies":[{"embeddable":true,"href":"https:\/\/kosovatimes.info\/index.php\/wp-json\/wp\/v2\/comments?post=13049"}],"version-history":[{"count":1,"href":"https:\/\/kosovatimes.info\/index.php\/wp-json\/wp\/v2\/posts\/13049\/revisions"}],"predecessor-version":[{"id":13051,"href":"https:\/\/kosovatimes.info\/index.php\/wp-json\/wp\/v2\/posts\/13049\/revisions\/13051"}],"wp:featuredmedia":[{"embeddable":true,"href":"https:\/\/kosovatimes.info\/index.php\/wp-json\/wp\/v2\/media\/13050"}],"wp:attachment":[{"href":"https:\/\/kosovatimes.info\/index.php\/wp-json\/wp\/v2\/media?parent=13049"}],"wp:term":[{"taxonomy":"category","embeddable":true,"href":"https:\/\/kosovatimes.info\/index.php\/wp-json\/wp\/v2\/categories?post=13049"},{"taxonomy":"post_tag","embeddable":true,"href":"https:\/\/kosovatimes.info\/index.php\/wp-json\/wp\/v2\/tags?post=13049"}],"curies":[{"name":"wp","href":"https:\/\/api.w.org\/{rel}","templated":true}]}}