{"id":13071,"date":"2026-05-02T10:21:26","date_gmt":"2026-05-02T08:21:26","guid":{"rendered":"https:\/\/kosovatimes.info\/?p=13071"},"modified":"2026-05-02T10:21:29","modified_gmt":"2026-05-02T08:21:29","slug":"magyar-emeroi-vellain-e-gruas-se-tij-si-minister-pastaj-u-justifikua-pervoja-dhe-puna-e-tij-jane-te-padiskutueshme","status":"publish","type":"post","link":"https:\/\/kosovatimes.info\/index.php\/2026\/05\/02\/magyar-emeroi-vellain-e-gruas-se-tij-si-minister-pastaj-u-justifikua-pervoja-dhe-puna-e-tij-jane-te-padiskutueshme\/","title":{"rendered":"Magyar em\u00ebroi v\u00ebllain e gruas s\u00eb tij si minist\u00ebr, pastaj u justifikua: &#8220;P\u00ebrvoja dhe puna e tij jan\u00eb t\u00eb padiskutueshme&#8221;"},"content":{"rendered":"\n<p>Kryeministri i ardhsh\u00ebm i Hungaris\u00eb, P\u00e9ter Magyar, em\u00ebroi M\u00e1rton Mell\u00e9thei-Barna si Minist\u00ebr t\u00eb Drejt\u00ebsis\u00eb, nj\u00eb veprim q\u00eb shkaktoi kritika p\u00ebr shkak t\u00eb faktit se ai \u00ebsht\u00eb v\u00ebllai i gruas s\u00eb Magyarit.Ky em\u00ebrim u kritikua ve\u00e7an\u00ebrisht nga an\u00ebtar\u00ebt e partis\u00eb q\u00eb s\u00eb shpejti do t\u00eb b\u00ebhej opozitare Fidesz, e cila ishte n\u00eb pushtet p\u00ebr 16 vjet derisa hungarez\u00ebt fituan zgjedhjet e mbajtura n\u00eb prill.<\/p>\n\n\n\n<p>P\u00ebr shkak t\u00eb kritikave q\u00eb mori, Magyar vendosi t\u00eb postonte n\u00eb rrjetin social X, ku postoi nj\u00eb video duke justifikuar em\u00ebrimin e v\u00ebllait t\u00eb gruas s\u00eb tij n\u00eb k\u00ebt\u00eb pozicion.<\/p>\n\n\n\n<p>&#8220;Ministri i ardhsh\u00ebm i Drejt\u00ebsis\u00eb ka nj\u00eb karrier\u00eb t\u00eb padiskutueshme vendase dhe nd\u00ebrkomb\u00ebtare, pun\u00eb me cil\u00ebsi t\u00eb lart\u00eb dhe nj\u00eb vizion t\u00eb qart\u00eb. Ai ka qen\u00eb pjes\u00eb e l\u00ebvizjes son\u00eb p\u00ebr ndryshim regjimi q\u00eb nga fillimi, duke form\u00ebsuar dhe drejtuar aktivitetet dhe programin ton\u00eb. Shum\u00eb koh\u00eb pasi iu bashkua komunitetit ton\u00eb, ai e lidhi jet\u00ebn e tij me jet\u00ebn e motr\u00ebs sime. Kjo \u00ebsht\u00eb arsyeja pse e konsideroj ve\u00e7an\u00ebrisht t\u00eb r\u00ebnd\u00ebsishme q\u00eb puna e tij t\u00eb jet\u00eb sa m\u00eb publike t\u00eb jet\u00eb e mundur dhe q\u00eb t\u00eb gjitha vendimet e tij t\u00eb jen\u00eb transparente&#8221;, tha Magyar.<\/p>\n\n\n\n<p>Ai shtoi se fakti q\u00eb ata jan\u00eb t\u00eb lidhur n\u00eb nj\u00eb nivel personal, dometh\u00ebn\u00eb q\u00eb Mell\u00e9thei-Barna \u00ebsht\u00eb e martuar me motr\u00ebn e tij, ishte nj\u00eb &#8220;dilem\u00eb e ve\u00e7ant\u00eb&#8221;, por q\u00eb ai prap\u00eb vendosi p\u00ebr k\u00ebt\u00eb em\u00ebrim.<\/p>\n\n\n\n<p>Megjithat\u00eb, ai theksoi se motra e tij, e cila ishte gjyqtare, do t\u00eb pezullohej nga sistemi gjyq\u00ebsor p\u00ebr shkak t\u00eb &#8220;shqet\u00ebsimeve t\u00eb kuptueshme&#8221;.<\/p>\n\n\n\n<p>Mell\u00e9thei-Barna \u00ebsht\u00eb avokat dhe koleg universitar i kryeministrit t\u00eb ardhsh\u00ebm t\u00eb Hungaris\u00eb. Ai ishte nj\u00eb nga dhjet\u00eb themeluesit e Partis\u00eb Tisza kur ajo u formua n\u00eb vitin 2020 dhe sh\u00ebrbeu si drejtor ligjor i partis\u00eb.<\/p>\n\n\n\n<p>Ai mbajti gjithashtu nj\u00eb s\u00ebr\u00eb funksionesh t\u00eb tjera brenda partis\u00eb q\u00eb k\u00ebrkonin ekspertiz\u00eb ligjore, t\u00eb tilla si drejtimi i n\u00ebnnj\u00ebsive t\u00eb ndryshme ose veprimi si p\u00ebrfaq\u00ebsues i partis\u00eb.<\/p>\n","protected":false},"excerpt":{"rendered":"<p>Kryeministri i ardhsh\u00ebm i Hungaris\u00eb, P\u00e9ter Magyar, em\u00ebroi M\u00e1rton Mell\u00e9thei-Barna si Minist\u00ebr t\u00eb Drejt\u00ebsis\u00eb, nj\u00eb veprim q\u00eb shkaktoi kritika p\u00ebr shkak t\u00eb faktit se ai \u00ebsht\u00eb v\u00ebllai i gruas s\u00eb Magyarit.Ky em\u00ebrim u kritikua ve\u00e7an\u00ebrisht nga an\u00ebtar\u00ebt e partis\u00eb q\u00eb s\u00eb shpejti do t\u00eb b\u00ebhej opozitare Fidesz, e cila ishte n\u00eb pushtet p\u00ebr 16 vjet [&hellip;]<\/p>\n","protected":false},"author":4,"featured_media":13072,"comment_status":"open","ping_status":"open","sticky":false,"template":"","format":"standard","meta":{"footnotes":""},"categories":[33,30],"tags":[],"class_list":{"0":"post-13071","1":"post","2":"type-post","3":"status-publish","4":"format-standard","5":"has-post-thumbnail","7":"category-bote","8":"category-lajme"},"yoast_head":"<!-- This site is optimized with the Yoast SEO plugin v27.4 - https:\/\/yoast.com\/product\/yoast-seo-wordpress\/ -->\n<title>Magyar em\u00ebroi v\u00ebllain e gruas s\u00eb tij si minist\u00ebr, pastaj u justifikua: &quot;P\u00ebrvoja dhe puna e tij jan\u00eb t\u00eb padiskutueshme&quot; - Kosova Times<\/title>\n<meta name=\"robots\" content=\"index, follow, max-snippet:-1, max-image-preview:large, max-video-preview:-1\" \/>\n<link rel=\"canonical\" href=\"https:\/\/kosovatimes.info\/index.php\/2026\/05\/02\/magyar-emeroi-vellain-e-gruas-se-tij-si-minister-pastaj-u-justifikua-pervoja-dhe-puna-e-tij-jane-te-padiskutueshme\/\" \/>\n<meta property=\"og:locale\" content=\"en_US\" \/>\n<meta property=\"og:type\" content=\"article\" \/>\n<meta property=\"og:title\" content=\"Magyar em\u00ebroi v\u00ebllain e gruas s\u00eb tij si minist\u00ebr, pastaj u justifikua: &quot;P\u00ebrvoja dhe puna e tij jan\u00eb t\u00eb padiskutueshme&quot; - Kosova Times\" \/>\n<meta property=\"og:description\" content=\"Kryeministri i ardhsh\u00ebm i Hungaris\u00eb, P\u00e9ter Magyar, em\u00ebroi M\u00e1rton Mell\u00e9thei-Barna si Minist\u00ebr t\u00eb Drejt\u00ebsis\u00eb, nj\u00eb veprim q\u00eb shkaktoi kritika p\u00ebr shkak t\u00eb faktit se ai \u00ebsht\u00eb v\u00ebllai i gruas s\u00eb Magyarit.Ky em\u00ebrim u kritikua ve\u00e7an\u00ebrisht nga an\u00ebtar\u00ebt e partis\u00eb q\u00eb s\u00eb shpejti do t\u00eb b\u00ebhej opozitare Fidesz, e cila ishte n\u00eb pushtet p\u00ebr 16 vjet [&hellip;]\" \/>\n<meta property=\"og:url\" content=\"https:\/\/kosovatimes.info\/index.php\/2026\/05\/02\/magyar-emeroi-vellain-e-gruas-se-tij-si-minister-pastaj-u-justifikua-pervoja-dhe-puna-e-tij-jane-te-padiskutueshme\/\" \/>\n<meta property=\"og:site_name\" content=\"Kosova Times\" \/>\n<meta property=\"article:published_time\" content=\"2026-05-02T08:21:26+00:00\" \/>\n<meta property=\"article:modified_time\" content=\"2026-05-02T08:21:29+00:00\" \/>\n<meta property=\"og:image\" content=\"https:\/\/kosovatimes.info\/wp-content\/uploads\/2026\/05\/Magyar.webp\" \/>\n\t<meta property=\"og:image:width\" content=\"800\" \/>\n\t<meta property=\"og:image:height\" content=\"533\" \/>\n\t<meta property=\"og:image:type\" content=\"image\/webp\" \/>\n<meta name=\"author\" content=\"i l\" \/>\n<meta name=\"twitter:card\" content=\"summary_large_image\" \/>\n<meta name=\"twitter:label1\" content=\"Written by\" \/>\n\t<meta name=\"twitter:data1\" content=\"i l\" \/>\n\t<meta name=\"twitter:label2\" content=\"Est. reading time\" \/>\n\t<meta name=\"twitter:data2\" content=\"2 minutes\" \/>\n<script type=\"application\/ld+json\" class=\"yoast-schema-graph\">{\"@context\":\"https:\\\/\\\/schema.org\",\"@graph\":[{\"@type\":\"Article\",\"@id\":\"https:\\\/\\\/kosovatimes.info\\\/index.php\\\/2026\\\/05\\\/02\\\/magyar-emeroi-vellain-e-gruas-se-tij-si-minister-pastaj-u-justifikua-pervoja-dhe-puna-e-tij-jane-te-padiskutueshme\\\/#article\",\"isPartOf\":{\"@id\":\"https:\\\/\\\/kosovatimes.info\\\/index.php\\\/2026\\\/05\\\/02\\\/magyar-emeroi-vellain-e-gruas-se-tij-si-minister-pastaj-u-justifikua-pervoja-dhe-puna-e-tij-jane-te-padiskutueshme\\\/\"},\"author\":{\"name\":\"i l\",\"@id\":\"https:\\\/\\\/kosovatimes.info\\\/#\\\/schema\\\/person\\\/7586712b9c512fe68085de007378c915\"},\"headline\":\"Magyar em\u00ebroi v\u00ebllain e gruas s\u00eb tij si minist\u00ebr, pastaj u justifikua: &#8220;P\u00ebrvoja dhe puna e tij jan\u00eb t\u00eb padiskutueshme&#8221;\",\"datePublished\":\"2026-05-02T08:21:26+00:00\",\"dateModified\":\"2026-05-02T08:21:29+00:00\",\"mainEntityOfPage\":{\"@id\":\"https:\\\/\\\/kosovatimes.info\\\/index.php\\\/2026\\\/05\\\/02\\\/magyar-emeroi-vellain-e-gruas-se-tij-si-minister-pastaj-u-justifikua-pervoja-dhe-puna-e-tij-jane-te-padiskutueshme\\\/\"},\"wordCount\":389,\"commentCount\":0,\"image\":{\"@id\":\"https:\\\/\\\/kosovatimes.info\\\/index.php\\\/2026\\\/05\\\/02\\\/magyar-emeroi-vellain-e-gruas-se-tij-si-minister-pastaj-u-justifikua-pervoja-dhe-puna-e-tij-jane-te-padiskutueshme\\\/#primaryimage\"},\"thumbnailUrl\":\"https:\\\/\\\/kosovatimes.info\\\/wp-content\\\/uploads\\\/2026\\\/05\\\/Magyar.webp\",\"articleSection\":[\"Bot\u00eb\",\"Lajme\"],\"inLanguage\":\"en-US\",\"potentialAction\":[{\"@type\":\"CommentAction\",\"name\":\"Comment\",\"target\":[\"https:\\\/\\\/kosovatimes.info\\\/index.php\\\/2026\\\/05\\\/02\\\/magyar-emeroi-vellain-e-gruas-se-tij-si-minister-pastaj-u-justifikua-pervoja-dhe-puna-e-tij-jane-te-padiskutueshme\\\/#respond\"]}]},{\"@type\":\"WebPage\",\"@id\":\"https:\\\/\\\/kosovatimes.info\\\/index.php\\\/2026\\\/05\\\/02\\\/magyar-emeroi-vellain-e-gruas-se-tij-si-minister-pastaj-u-justifikua-pervoja-dhe-puna-e-tij-jane-te-padiskutueshme\\\/\",\"url\":\"https:\\\/\\\/kosovatimes.info\\\/index.php\\\/2026\\\/05\\\/02\\\/magyar-emeroi-vellain-e-gruas-se-tij-si-minister-pastaj-u-justifikua-pervoja-dhe-puna-e-tij-jane-te-padiskutueshme\\\/\",\"name\":\"Magyar em\u00ebroi v\u00ebllain e gruas s\u00eb tij si minist\u00ebr, pastaj u justifikua: \\\"P\u00ebrvoja dhe puna e tij jan\u00eb t\u00eb padiskutueshme\\\" - Kosova Times\",\"isPartOf\":{\"@id\":\"https:\\\/\\\/kosovatimes.info\\\/#website\"},\"primaryImageOfPage\":{\"@id\":\"https:\\\/\\\/kosovatimes.info\\\/index.php\\\/2026\\\/05\\\/02\\\/magyar-emeroi-vellain-e-gruas-se-tij-si-minister-pastaj-u-justifikua-pervoja-dhe-puna-e-tij-jane-te-padiskutueshme\\\/#primaryimage\"},\"image\":{\"@id\":\"https:\\\/\\\/kosovatimes.info\\\/index.php\\\/2026\\\/05\\\/02\\\/magyar-emeroi-vellain-e-gruas-se-tij-si-minister-pastaj-u-justifikua-pervoja-dhe-puna-e-tij-jane-te-padiskutueshme\\\/#primaryimage\"},\"thumbnailUrl\":\"https:\\\/\\\/kosovatimes.info\\\/wp-content\\\/uploads\\\/2026\\\/05\\\/Magyar.webp\",\"datePublished\":\"2026-05-02T08:21:26+00:00\",\"dateModified\":\"2026-05-02T08:21:29+00:00\",\"author\":{\"@id\":\"https:\\\/\\\/kosovatimes.info\\\/#\\\/schema\\\/person\\\/7586712b9c512fe68085de007378c915\"},\"breadcrumb\":{\"@id\":\"https:\\\/\\\/kosovatimes.info\\\/index.php\\\/2026\\\/05\\\/02\\\/magyar-emeroi-vellain-e-gruas-se-tij-si-minister-pastaj-u-justifikua-pervoja-dhe-puna-e-tij-jane-te-padiskutueshme\\\/#breadcrumb\"},\"inLanguage\":\"en-US\",\"potentialAction\":[{\"@type\":\"ReadAction\",\"target\":[\"https:\\\/\\\/kosovatimes.info\\\/index.php\\\/2026\\\/05\\\/02\\\/magyar-emeroi-vellain-e-gruas-se-tij-si-minister-pastaj-u-justifikua-pervoja-dhe-puna-e-tij-jane-te-padiskutueshme\\\/\"]}]},{\"@type\":\"ImageObject\",\"inLanguage\":\"en-US\",\"@id\":\"https:\\\/\\\/kosovatimes.info\\\/index.php\\\/2026\\\/05\\\/02\\\/magyar-emeroi-vellain-e-gruas-se-tij-si-minister-pastaj-u-justifikua-pervoja-dhe-puna-e-tij-jane-te-padiskutueshme\\\/#primaryimage\",\"url\":\"https:\\\/\\\/kosovatimes.info\\\/wp-content\\\/uploads\\\/2026\\\/05\\\/Magyar.webp\",\"contentUrl\":\"https:\\\/\\\/kosovatimes.info\\\/wp-content\\\/uploads\\\/2026\\\/05\\\/Magyar.webp\",\"width\":800,\"height\":533},{\"@type\":\"BreadcrumbList\",\"@id\":\"https:\\\/\\\/kosovatimes.info\\\/index.php\\\/2026\\\/05\\\/02\\\/magyar-emeroi-vellain-e-gruas-se-tij-si-minister-pastaj-u-justifikua-pervoja-dhe-puna-e-tij-jane-te-padiskutueshme\\\/#breadcrumb\",\"itemListElement\":[{\"@type\":\"ListItem\",\"position\":1,\"name\":\"Home\",\"item\":\"https:\\\/\\\/kosovatimes.info\\\/\"},{\"@type\":\"ListItem\",\"position\":2,\"name\":\"Magyar em\u00ebroi v\u00ebllain e gruas s\u00eb tij si minist\u00ebr, pastaj u justifikua: &#8220;P\u00ebrvoja dhe puna e tij jan\u00eb t\u00eb padiskutueshme&#8221;\"}]},{\"@type\":\"WebSite\",\"@id\":\"https:\\\/\\\/kosovatimes.info\\\/#website\",\"url\":\"https:\\\/\\\/kosovatimes.info\\\/\",\"name\":\"Kosova Times\",\"description\":\"\",\"potentialAction\":[{\"@type\":\"SearchAction\",\"target\":{\"@type\":\"EntryPoint\",\"urlTemplate\":\"https:\\\/\\\/kosovatimes.info\\\/?s={search_term_string}\"},\"query-input\":{\"@type\":\"PropertyValueSpecification\",\"valueRequired\":true,\"valueName\":\"search_term_string\"}}],\"inLanguage\":\"en-US\"},{\"@type\":\"Person\",\"@id\":\"https:\\\/\\\/kosovatimes.info\\\/#\\\/schema\\\/person\\\/7586712b9c512fe68085de007378c915\",\"name\":\"i l\",\"image\":{\"@type\":\"ImageObject\",\"inLanguage\":\"en-US\",\"@id\":\"https:\\\/\\\/secure.gravatar.com\\\/avatar\\\/bad9296e02816160ae2e2435beda58222022298d5625d49fea74d18816fbb31d?s=96&d=mm&r=g\",\"url\":\"https:\\\/\\\/secure.gravatar.com\\\/avatar\\\/bad9296e02816160ae2e2435beda58222022298d5625d49fea74d18816fbb31d?s=96&d=mm&r=g\",\"contentUrl\":\"https:\\\/\\\/secure.gravatar.com\\\/avatar\\\/bad9296e02816160ae2e2435beda58222022298d5625d49fea74d18816fbb31d?s=96&d=mm&r=g\",\"caption\":\"i l\"},\"url\":\"https:\\\/\\\/kosovatimes.info\\\/index.php\\\/author\\\/iliri\\\/\"}]}<\/script>\n<!-- \/ Yoast SEO plugin. -->","yoast_head_json":{"title":"Magyar em\u00ebroi v\u00ebllain e gruas s\u00eb tij si minist\u00ebr, pastaj u justifikua: \"P\u00ebrvoja dhe puna e tij jan\u00eb t\u00eb padiskutueshme\" - Kosova Times","robots":{"index":"index","follow":"follow","max-snippet":"max-snippet:-1","max-image-preview":"max-image-preview:large","max-video-preview":"max-video-preview:-1"},"canonical":"https:\/\/kosovatimes.info\/index.php\/2026\/05\/02\/magyar-emeroi-vellain-e-gruas-se-tij-si-minister-pastaj-u-justifikua-pervoja-dhe-puna-e-tij-jane-te-padiskutueshme\/","og_locale":"en_US","og_type":"article","og_title":"Magyar em\u00ebroi v\u00ebllain e gruas s\u00eb tij si minist\u00ebr, pastaj u justifikua: \"P\u00ebrvoja dhe puna e tij jan\u00eb t\u00eb padiskutueshme\" - Kosova Times","og_description":"Kryeministri i ardhsh\u00ebm i Hungaris\u00eb, P\u00e9ter Magyar, em\u00ebroi M\u00e1rton Mell\u00e9thei-Barna si Minist\u00ebr t\u00eb Drejt\u00ebsis\u00eb, nj\u00eb veprim q\u00eb shkaktoi kritika p\u00ebr shkak t\u00eb faktit se ai \u00ebsht\u00eb v\u00ebllai i gruas s\u00eb Magyarit.Ky em\u00ebrim u kritikua ve\u00e7an\u00ebrisht nga an\u00ebtar\u00ebt e partis\u00eb q\u00eb s\u00eb shpejti do t\u00eb b\u00ebhej opozitare Fidesz, e cila ishte n\u00eb pushtet p\u00ebr 16 vjet [&hellip;]","og_url":"https:\/\/kosovatimes.info\/index.php\/2026\/05\/02\/magyar-emeroi-vellain-e-gruas-se-tij-si-minister-pastaj-u-justifikua-pervoja-dhe-puna-e-tij-jane-te-padiskutueshme\/","og_site_name":"Kosova Times","article_published_time":"2026-05-02T08:21:26+00:00","article_modified_time":"2026-05-02T08:21:29+00:00","og_image":[{"width":800,"height":533,"url":"https:\/\/kosovatimes.info\/wp-content\/uploads\/2026\/05\/Magyar.webp","type":"image\/webp"}],"author":"i l","twitter_card":"summary_large_image","twitter_misc":{"Written by":"i l","Est. reading time":"2 minutes"},"schema":{"@context":"https:\/\/schema.org","@graph":[{"@type":"Article","@id":"https:\/\/kosovatimes.info\/index.php\/2026\/05\/02\/magyar-emeroi-vellain-e-gruas-se-tij-si-minister-pastaj-u-justifikua-pervoja-dhe-puna-e-tij-jane-te-padiskutueshme\/#article","isPartOf":{"@id":"https:\/\/kosovatimes.info\/index.php\/2026\/05\/02\/magyar-emeroi-vellain-e-gruas-se-tij-si-minister-pastaj-u-justifikua-pervoja-dhe-puna-e-tij-jane-te-padiskutueshme\/"},"author":{"name":"i l","@id":"https:\/\/kosovatimes.info\/#\/schema\/person\/7586712b9c512fe68085de007378c915"},"headline":"Magyar em\u00ebroi v\u00ebllain e gruas s\u00eb tij si minist\u00ebr, pastaj u justifikua: &#8220;P\u00ebrvoja dhe puna e tij jan\u00eb t\u00eb padiskutueshme&#8221;","datePublished":"2026-05-02T08:21:26+00:00","dateModified":"2026-05-02T08:21:29+00:00","mainEntityOfPage":{"@id":"https:\/\/kosovatimes.info\/index.php\/2026\/05\/02\/magyar-emeroi-vellain-e-gruas-se-tij-si-minister-pastaj-u-justifikua-pervoja-dhe-puna-e-tij-jane-te-padiskutueshme\/"},"wordCount":389,"commentCount":0,"image":{"@id":"https:\/\/kosovatimes.info\/index.php\/2026\/05\/02\/magyar-emeroi-vellain-e-gruas-se-tij-si-minister-pastaj-u-justifikua-pervoja-dhe-puna-e-tij-jane-te-padiskutueshme\/#primaryimage"},"thumbnailUrl":"https:\/\/kosovatimes.info\/wp-content\/uploads\/2026\/05\/Magyar.webp","articleSection":["Bot\u00eb","Lajme"],"inLanguage":"en-US","potentialAction":[{"@type":"CommentAction","name":"Comment","target":["https:\/\/kosovatimes.info\/index.php\/2026\/05\/02\/magyar-emeroi-vellain-e-gruas-se-tij-si-minister-pastaj-u-justifikua-pervoja-dhe-puna-e-tij-jane-te-padiskutueshme\/#respond"]}]},{"@type":"WebPage","@id":"https:\/\/kosovatimes.info\/index.php\/2026\/05\/02\/magyar-emeroi-vellain-e-gruas-se-tij-si-minister-pastaj-u-justifikua-pervoja-dhe-puna-e-tij-jane-te-padiskutueshme\/","url":"https:\/\/kosovatimes.info\/index.php\/2026\/05\/02\/magyar-emeroi-vellain-e-gruas-se-tij-si-minister-pastaj-u-justifikua-pervoja-dhe-puna-e-tij-jane-te-padiskutueshme\/","name":"Magyar em\u00ebroi v\u00ebllain e gruas s\u00eb tij si minist\u00ebr, pastaj u justifikua: \"P\u00ebrvoja dhe puna e tij jan\u00eb t\u00eb padiskutueshme\" - Kosova Times","isPartOf":{"@id":"https:\/\/kosovatimes.info\/#website"},"primaryImageOfPage":{"@id":"https:\/\/kosovatimes.info\/index.php\/2026\/05\/02\/magyar-emeroi-vellain-e-gruas-se-tij-si-minister-pastaj-u-justifikua-pervoja-dhe-puna-e-tij-jane-te-padiskutueshme\/#primaryimage"},"image":{"@id":"https:\/\/kosovatimes.info\/index.php\/2026\/05\/02\/magyar-emeroi-vellain-e-gruas-se-tij-si-minister-pastaj-u-justifikua-pervoja-dhe-puna-e-tij-jane-te-padiskutueshme\/#primaryimage"},"thumbnailUrl":"https:\/\/kosovatimes.info\/wp-content\/uploads\/2026\/05\/Magyar.webp","datePublished":"2026-05-02T08:21:26+00:00","dateModified":"2026-05-02T08:21:29+00:00","author":{"@id":"https:\/\/kosovatimes.info\/#\/schema\/person\/7586712b9c512fe68085de007378c915"},"breadcrumb":{"@id":"https:\/\/kosovatimes.info\/index.php\/2026\/05\/02\/magyar-emeroi-vellain-e-gruas-se-tij-si-minister-pastaj-u-justifikua-pervoja-dhe-puna-e-tij-jane-te-padiskutueshme\/#breadcrumb"},"inLanguage":"en-US","potentialAction":[{"@type":"ReadAction","target":["https:\/\/kosovatimes.info\/index.php\/2026\/05\/02\/magyar-emeroi-vellain-e-gruas-se-tij-si-minister-pastaj-u-justifikua-pervoja-dhe-puna-e-tij-jane-te-padiskutueshme\/"]}]},{"@type":"ImageObject","inLanguage":"en-US","@id":"https:\/\/kosovatimes.info\/index.php\/2026\/05\/02\/magyar-emeroi-vellain-e-gruas-se-tij-si-minister-pastaj-u-justifikua-pervoja-dhe-puna-e-tij-jane-te-padiskutueshme\/#primaryimage","url":"https:\/\/kosovatimes.info\/wp-content\/uploads\/2026\/05\/Magyar.webp","contentUrl":"https:\/\/kosovatimes.info\/wp-content\/uploads\/2026\/05\/Magyar.webp","width":800,"height":533},{"@type":"BreadcrumbList","@id":"https:\/\/kosovatimes.info\/index.php\/2026\/05\/02\/magyar-emeroi-vellain-e-gruas-se-tij-si-minister-pastaj-u-justifikua-pervoja-dhe-puna-e-tij-jane-te-padiskutueshme\/#breadcrumb","itemListElement":[{"@type":"ListItem","position":1,"name":"Home","item":"https:\/\/kosovatimes.info\/"},{"@type":"ListItem","position":2,"name":"Magyar em\u00ebroi v\u00ebllain e gruas s\u00eb tij si minist\u00ebr, pastaj u justifikua: &#8220;P\u00ebrvoja dhe puna e tij jan\u00eb t\u00eb padiskutueshme&#8221;"}]},{"@type":"WebSite","@id":"https:\/\/kosovatimes.info\/#website","url":"https:\/\/kosovatimes.info\/","name":"Kosova Times","description":"","potentialAction":[{"@type":"SearchAction","target":{"@type":"EntryPoint","urlTemplate":"https:\/\/kosovatimes.info\/?s={search_term_string}"},"query-input":{"@type":"PropertyValueSpecification","valueRequired":true,"valueName":"search_term_string"}}],"inLanguage":"en-US"},{"@type":"Person","@id":"https:\/\/kosovatimes.info\/#\/schema\/person\/7586712b9c512fe68085de007378c915","name":"i l","image":{"@type":"ImageObject","inLanguage":"en-US","@id":"https:\/\/secure.gravatar.com\/avatar\/bad9296e02816160ae2e2435beda58222022298d5625d49fea74d18816fbb31d?s=96&d=mm&r=g","url":"https:\/\/secure.gravatar.com\/avatar\/bad9296e02816160ae2e2435beda58222022298d5625d49fea74d18816fbb31d?s=96&d=mm&r=g","contentUrl":"https:\/\/secure.gravatar.com\/avatar\/bad9296e02816160ae2e2435beda58222022298d5625d49fea74d18816fbb31d?s=96&d=mm&r=g","caption":"i l"},"url":"https:\/\/kosovatimes.info\/index.php\/author\/iliri\/"}]}},"_links":{"self":[{"href":"https:\/\/kosovatimes.info\/index.php\/wp-json\/wp\/v2\/posts\/13071","targetHints":{"allow":["GET"]}}],"collection":[{"href":"https:\/\/kosovatimes.info\/index.php\/wp-json\/wp\/v2\/posts"}],"about":[{"href":"https:\/\/kosovatimes.info\/index.php\/wp-json\/wp\/v2\/types\/post"}],"author":[{"embeddable":true,"href":"https:\/\/kosovatimes.info\/index.php\/wp-json\/wp\/v2\/users\/4"}],"replies":[{"embeddable":true,"href":"https:\/\/kosovatimes.info\/index.php\/wp-json\/wp\/v2\/comments?post=13071"}],"version-history":[{"count":1,"href":"https:\/\/kosovatimes.info\/index.php\/wp-json\/wp\/v2\/posts\/13071\/revisions"}],"predecessor-version":[{"id":13073,"href":"https:\/\/kosovatimes.info\/index.php\/wp-json\/wp\/v2\/posts\/13071\/revisions\/13073"}],"wp:featuredmedia":[{"embeddable":true,"href":"https:\/\/kosovatimes.info\/index.php\/wp-json\/wp\/v2\/media\/13072"}],"wp:attachment":[{"href":"https:\/\/kosovatimes.info\/index.php\/wp-json\/wp\/v2\/media?parent=13071"}],"wp:term":[{"taxonomy":"category","embeddable":true,"href":"https:\/\/kosovatimes.info\/index.php\/wp-json\/wp\/v2\/categories?post=13071"},{"taxonomy":"post_tag","embeddable":true,"href":"https:\/\/kosovatimes.info\/index.php\/wp-json\/wp\/v2\/tags?post=13071"}],"curies":[{"name":"wp","href":"https:\/\/api.w.org\/{rel}","templated":true}]}}