{"id":13074,"date":"2026-05-02T10:23:57","date_gmt":"2026-05-02T08:23:57","guid":{"rendered":"https:\/\/kosovatimes.info\/?p=13074"},"modified":"2026-05-02T10:23:59","modified_gmt":"2026-05-02T08:23:59","slug":"kryeministri-francez-krijon-skandal-duke-blere-buke-duke-zemeruar-sindikatat-ne-te-gjithe-vendin","status":"publish","type":"post","link":"https:\/\/kosovatimes.info\/index.php\/2026\/05\/02\/kryeministri-francez-krijon-skandal-duke-blere-buke-duke-zemeruar-sindikatat-ne-te-gjithe-vendin\/","title":{"rendered":"Kryeministri francez krijon &#8220;skandal&#8221; duke bler\u00eb buk\u00eb, duke zem\u00ebruar sindikatat n\u00eb t\u00eb gjith\u00eb vendin"},"content":{"rendered":"\n<p>Kryeministri francez S\u00e9bastien Lecornu vendosi t\u00eb blinte nj\u00eb baguet\u00eb, ose buk\u00eb, dje, dhe me k\u00ebt\u00eb veprim, ai zem\u00ebroi sindikatat n\u00eb t\u00eb gjith\u00eb vendin, p\u00ebr shkak t\u00eb faktit se e b\u00ebri k\u00ebt\u00eb n\u00eb Dit\u00ebn Nd\u00ebrkomb\u00ebtare t\u00eb Pun\u00ebs, ose 1 Maj.Lecornu, n\u00eb prani t\u00eb gazetar\u00ebve, bleu nj\u00eb baget\u00eb n\u00eb nj\u00eb furr\u00eb buke lokale dhe, kur lajmi u botua n\u00eb mediat n\u00eb Franc\u00eb, pati nj\u00eb reagim t\u00eb ashp\u00ebr nga sindikata.<\/p>\n\n\n\n<p>Arsyeja p\u00ebr k\u00ebt\u00eb reagim \u00ebsht\u00eb fakti q\u00eb furra e buk\u00ebs ka punuar m\u00eb 1 maj, nd\u00ebrsa sindikatat mbrojn\u00eb q\u00ebndrimin se t\u00eb gjith\u00eb pun\u00ebtor\u00ebt duhet t\u00eb ken\u00eb nj\u00eb dit\u00eb pushim n\u00eb k\u00ebt\u00eb fest\u00eb.<\/p>\n\n\n\n<p>Sipas ligjit francez, vet\u00ebm spitalet dhe sh\u00ebrbimet e tjera thelb\u00ebsore lejohen t\u00eb operojn\u00eb m\u00eb 1 maj, dhe punonj\u00ebsit e tyre marrin pag\u00eb t\u00eb dyfisht\u00eb. Megjithat\u00eb, statusi i furrave t\u00eb buk\u00ebs dhe bizneseve t\u00eb tjera t\u00eb sh\u00ebrbimeve \u00ebsht\u00eb i paqart\u00eb, prandaj qeveria e udh\u00ebhequr nga Lecornu d\u00ebshiron t\u00eb b\u00ebj\u00eb nj\u00eb p\u00ebrjashtim p\u00ebr institucione t\u00eb tilla n\u00eb ligj.<\/p>\n\n\n\n<p>Sindikatat e kund\u00ebrshtojn\u00eb nj\u00eb zgjidhje t\u00eb till\u00eb dhe sekretarja e p\u00ebrgjithshme e sindikat\u00ebs m\u00eb t\u00eb madhe n\u00eb Franc\u00eb e kritikoi Lecornu-n p\u00ebr &#8220;teat\u00ebr politik&#8221;, si\u00e7 e p\u00ebrshkroi ajo.<\/p>\n\n\n\n<p>&#8220;Shkimi i politikan\u00ebve n\u00eb furra buke \u00ebsht\u00eb nj\u00eb &#8216;spektak\u00ebl&#8217; q\u00eb nuk na duhet sot. Duhet t\u00eb tregojm\u00eb se si \u00ebsht\u00eb jeta e v\u00ebrtet\u00eb e nj\u00eb buk\u00ebpjek\u00ebsi&#8221;, tha Marylise L\u00e9on.<\/p>\n\n\n\n<p>P\u00ebrve\u00e7 vizit\u00ebs n\u00eb nj\u00eb furr\u00eb buke lokale, kryeministri francez zhvilloi nj\u00eb bised\u00eb telefonike me nj\u00eb buk\u00ebpjek\u00ebs i cili u gjobit p\u00ebr shkak se punoi m\u00eb 1 maj. Gjoba p\u00ebr k\u00ebt\u00eb shkelje \u00ebsht\u00eb 750 euro p\u00ebr \u00e7do pun\u00ebtor q\u00eb punon n\u00eb k\u00ebt\u00eb fest\u00eb, dhe buk\u00ebpjek\u00ebsi, t\u00eb cilin e quajti Lecorne, mori nj\u00eb gjob\u00eb totale prej 5,250 eurosh.<\/p>\n","protected":false},"excerpt":{"rendered":"<p>Kryeministri francez S\u00e9bastien Lecornu vendosi t\u00eb blinte nj\u00eb baguet\u00eb, ose buk\u00eb, dje, dhe me k\u00ebt\u00eb veprim, ai zem\u00ebroi sindikatat n\u00eb t\u00eb gjith\u00eb vendin, p\u00ebr shkak t\u00eb faktit se e b\u00ebri k\u00ebt\u00eb n\u00eb Dit\u00ebn Nd\u00ebrkomb\u00ebtare t\u00eb Pun\u00ebs, ose 1 Maj.Lecornu, n\u00eb prani t\u00eb gazetar\u00ebve, bleu nj\u00eb baget\u00eb n\u00eb nj\u00eb furr\u00eb buke lokale dhe, kur lajmi u [&hellip;]<\/p>\n","protected":false},"author":4,"featured_media":13075,"comment_status":"open","ping_status":"open","sticky":false,"template":"","format":"standard","meta":{"footnotes":""},"categories":[33,30],"tags":[],"class_list":{"0":"post-13074","1":"post","2":"type-post","3":"status-publish","4":"format-standard","5":"has-post-thumbnail","7":"category-bote","8":"category-lajme"},"yoast_head":"<!-- This site is optimized with the Yoast SEO plugin v27.4 - https:\/\/yoast.com\/product\/yoast-seo-wordpress\/ -->\n<title>Kryeministri francez krijon &quot;skandal&quot; duke bler\u00eb buk\u00eb, duke zem\u00ebruar sindikatat n\u00eb t\u00eb gjith\u00eb vendin - Kosova Times<\/title>\n<meta name=\"robots\" content=\"index, follow, max-snippet:-1, max-image-preview:large, max-video-preview:-1\" \/>\n<link rel=\"canonical\" href=\"https:\/\/kosovatimes.info\/index.php\/2026\/05\/02\/kryeministri-francez-krijon-skandal-duke-blere-buke-duke-zemeruar-sindikatat-ne-te-gjithe-vendin\/\" \/>\n<meta property=\"og:locale\" content=\"en_US\" \/>\n<meta property=\"og:type\" content=\"article\" \/>\n<meta property=\"og:title\" content=\"Kryeministri francez krijon &quot;skandal&quot; duke bler\u00eb buk\u00eb, duke zem\u00ebruar sindikatat n\u00eb t\u00eb gjith\u00eb vendin - Kosova Times\" \/>\n<meta property=\"og:description\" content=\"Kryeministri francez S\u00e9bastien Lecornu vendosi t\u00eb blinte nj\u00eb baguet\u00eb, ose buk\u00eb, dje, dhe me k\u00ebt\u00eb veprim, ai zem\u00ebroi sindikatat n\u00eb t\u00eb gjith\u00eb vendin, p\u00ebr shkak t\u00eb faktit se e b\u00ebri k\u00ebt\u00eb n\u00eb Dit\u00ebn Nd\u00ebrkomb\u00ebtare t\u00eb Pun\u00ebs, ose 1 Maj.Lecornu, n\u00eb prani t\u00eb gazetar\u00ebve, bleu nj\u00eb baget\u00eb n\u00eb nj\u00eb furr\u00eb buke lokale dhe, kur lajmi u [&hellip;]\" \/>\n<meta property=\"og:url\" content=\"https:\/\/kosovatimes.info\/index.php\/2026\/05\/02\/kryeministri-francez-krijon-skandal-duke-blere-buke-duke-zemeruar-sindikatat-ne-te-gjithe-vendin\/\" \/>\n<meta property=\"og:site_name\" content=\"Kosova Times\" \/>\n<meta property=\"article:published_time\" content=\"2026-05-02T08:23:57+00:00\" \/>\n<meta property=\"article:modified_time\" content=\"2026-05-02T08:23:59+00:00\" \/>\n<meta property=\"og:image\" content=\"https:\/\/kosovatimes.info\/wp-content\/uploads\/2026\/05\/ebastien-Lecornu.webp\" \/>\n\t<meta property=\"og:image:width\" content=\"800\" \/>\n\t<meta property=\"og:image:height\" content=\"533\" \/>\n\t<meta property=\"og:image:type\" content=\"image\/webp\" \/>\n<meta name=\"author\" content=\"i l\" \/>\n<meta name=\"twitter:card\" content=\"summary_large_image\" \/>\n<meta name=\"twitter:label1\" content=\"Written by\" \/>\n\t<meta name=\"twitter:data1\" content=\"i l\" \/>\n\t<meta name=\"twitter:label2\" content=\"Est. reading time\" \/>\n\t<meta name=\"twitter:data2\" content=\"2 minutes\" \/>\n<script type=\"application\/ld+json\" class=\"yoast-schema-graph\">{\"@context\":\"https:\\\/\\\/schema.org\",\"@graph\":[{\"@type\":\"Article\",\"@id\":\"https:\\\/\\\/kosovatimes.info\\\/index.php\\\/2026\\\/05\\\/02\\\/kryeministri-francez-krijon-skandal-duke-blere-buke-duke-zemeruar-sindikatat-ne-te-gjithe-vendin\\\/#article\",\"isPartOf\":{\"@id\":\"https:\\\/\\\/kosovatimes.info\\\/index.php\\\/2026\\\/05\\\/02\\\/kryeministri-francez-krijon-skandal-duke-blere-buke-duke-zemeruar-sindikatat-ne-te-gjithe-vendin\\\/\"},\"author\":{\"name\":\"i l\",\"@id\":\"https:\\\/\\\/kosovatimes.info\\\/#\\\/schema\\\/person\\\/7586712b9c512fe68085de007378c915\"},\"headline\":\"Kryeministri francez krijon &#8220;skandal&#8221; duke bler\u00eb buk\u00eb, duke zem\u00ebruar sindikatat n\u00eb t\u00eb gjith\u00eb vendin\",\"datePublished\":\"2026-05-02T08:23:57+00:00\",\"dateModified\":\"2026-05-02T08:23:59+00:00\",\"mainEntityOfPage\":{\"@id\":\"https:\\\/\\\/kosovatimes.info\\\/index.php\\\/2026\\\/05\\\/02\\\/kryeministri-francez-krijon-skandal-duke-blere-buke-duke-zemeruar-sindikatat-ne-te-gjithe-vendin\\\/\"},\"wordCount\":333,\"commentCount\":0,\"image\":{\"@id\":\"https:\\\/\\\/kosovatimes.info\\\/index.php\\\/2026\\\/05\\\/02\\\/kryeministri-francez-krijon-skandal-duke-blere-buke-duke-zemeruar-sindikatat-ne-te-gjithe-vendin\\\/#primaryimage\"},\"thumbnailUrl\":\"https:\\\/\\\/kosovatimes.info\\\/wp-content\\\/uploads\\\/2026\\\/05\\\/ebastien-Lecornu.webp\",\"articleSection\":[\"Bot\u00eb\",\"Lajme\"],\"inLanguage\":\"en-US\",\"potentialAction\":[{\"@type\":\"CommentAction\",\"name\":\"Comment\",\"target\":[\"https:\\\/\\\/kosovatimes.info\\\/index.php\\\/2026\\\/05\\\/02\\\/kryeministri-francez-krijon-skandal-duke-blere-buke-duke-zemeruar-sindikatat-ne-te-gjithe-vendin\\\/#respond\"]}]},{\"@type\":\"WebPage\",\"@id\":\"https:\\\/\\\/kosovatimes.info\\\/index.php\\\/2026\\\/05\\\/02\\\/kryeministri-francez-krijon-skandal-duke-blere-buke-duke-zemeruar-sindikatat-ne-te-gjithe-vendin\\\/\",\"url\":\"https:\\\/\\\/kosovatimes.info\\\/index.php\\\/2026\\\/05\\\/02\\\/kryeministri-francez-krijon-skandal-duke-blere-buke-duke-zemeruar-sindikatat-ne-te-gjithe-vendin\\\/\",\"name\":\"Kryeministri francez krijon \\\"skandal\\\" duke bler\u00eb buk\u00eb, duke zem\u00ebruar sindikatat n\u00eb t\u00eb gjith\u00eb vendin - Kosova Times\",\"isPartOf\":{\"@id\":\"https:\\\/\\\/kosovatimes.info\\\/#website\"},\"primaryImageOfPage\":{\"@id\":\"https:\\\/\\\/kosovatimes.info\\\/index.php\\\/2026\\\/05\\\/02\\\/kryeministri-francez-krijon-skandal-duke-blere-buke-duke-zemeruar-sindikatat-ne-te-gjithe-vendin\\\/#primaryimage\"},\"image\":{\"@id\":\"https:\\\/\\\/kosovatimes.info\\\/index.php\\\/2026\\\/05\\\/02\\\/kryeministri-francez-krijon-skandal-duke-blere-buke-duke-zemeruar-sindikatat-ne-te-gjithe-vendin\\\/#primaryimage\"},\"thumbnailUrl\":\"https:\\\/\\\/kosovatimes.info\\\/wp-content\\\/uploads\\\/2026\\\/05\\\/ebastien-Lecornu.webp\",\"datePublished\":\"2026-05-02T08:23:57+00:00\",\"dateModified\":\"2026-05-02T08:23:59+00:00\",\"author\":{\"@id\":\"https:\\\/\\\/kosovatimes.info\\\/#\\\/schema\\\/person\\\/7586712b9c512fe68085de007378c915\"},\"breadcrumb\":{\"@id\":\"https:\\\/\\\/kosovatimes.info\\\/index.php\\\/2026\\\/05\\\/02\\\/kryeministri-francez-krijon-skandal-duke-blere-buke-duke-zemeruar-sindikatat-ne-te-gjithe-vendin\\\/#breadcrumb\"},\"inLanguage\":\"en-US\",\"potentialAction\":[{\"@type\":\"ReadAction\",\"target\":[\"https:\\\/\\\/kosovatimes.info\\\/index.php\\\/2026\\\/05\\\/02\\\/kryeministri-francez-krijon-skandal-duke-blere-buke-duke-zemeruar-sindikatat-ne-te-gjithe-vendin\\\/\"]}]},{\"@type\":\"ImageObject\",\"inLanguage\":\"en-US\",\"@id\":\"https:\\\/\\\/kosovatimes.info\\\/index.php\\\/2026\\\/05\\\/02\\\/kryeministri-francez-krijon-skandal-duke-blere-buke-duke-zemeruar-sindikatat-ne-te-gjithe-vendin\\\/#primaryimage\",\"url\":\"https:\\\/\\\/kosovatimes.info\\\/wp-content\\\/uploads\\\/2026\\\/05\\\/ebastien-Lecornu.webp\",\"contentUrl\":\"https:\\\/\\\/kosovatimes.info\\\/wp-content\\\/uploads\\\/2026\\\/05\\\/ebastien-Lecornu.webp\",\"width\":800,\"height\":533},{\"@type\":\"BreadcrumbList\",\"@id\":\"https:\\\/\\\/kosovatimes.info\\\/index.php\\\/2026\\\/05\\\/02\\\/kryeministri-francez-krijon-skandal-duke-blere-buke-duke-zemeruar-sindikatat-ne-te-gjithe-vendin\\\/#breadcrumb\",\"itemListElement\":[{\"@type\":\"ListItem\",\"position\":1,\"name\":\"Home\",\"item\":\"https:\\\/\\\/kosovatimes.info\\\/\"},{\"@type\":\"ListItem\",\"position\":2,\"name\":\"Kryeministri francez krijon &#8220;skandal&#8221; duke bler\u00eb buk\u00eb, duke zem\u00ebruar sindikatat n\u00eb t\u00eb gjith\u00eb vendin\"}]},{\"@type\":\"WebSite\",\"@id\":\"https:\\\/\\\/kosovatimes.info\\\/#website\",\"url\":\"https:\\\/\\\/kosovatimes.info\\\/\",\"name\":\"Kosova Times\",\"description\":\"\",\"potentialAction\":[{\"@type\":\"SearchAction\",\"target\":{\"@type\":\"EntryPoint\",\"urlTemplate\":\"https:\\\/\\\/kosovatimes.info\\\/?s={search_term_string}\"},\"query-input\":{\"@type\":\"PropertyValueSpecification\",\"valueRequired\":true,\"valueName\":\"search_term_string\"}}],\"inLanguage\":\"en-US\"},{\"@type\":\"Person\",\"@id\":\"https:\\\/\\\/kosovatimes.info\\\/#\\\/schema\\\/person\\\/7586712b9c512fe68085de007378c915\",\"name\":\"i l\",\"image\":{\"@type\":\"ImageObject\",\"inLanguage\":\"en-US\",\"@id\":\"https:\\\/\\\/secure.gravatar.com\\\/avatar\\\/bad9296e02816160ae2e2435beda58222022298d5625d49fea74d18816fbb31d?s=96&d=mm&r=g\",\"url\":\"https:\\\/\\\/secure.gravatar.com\\\/avatar\\\/bad9296e02816160ae2e2435beda58222022298d5625d49fea74d18816fbb31d?s=96&d=mm&r=g\",\"contentUrl\":\"https:\\\/\\\/secure.gravatar.com\\\/avatar\\\/bad9296e02816160ae2e2435beda58222022298d5625d49fea74d18816fbb31d?s=96&d=mm&r=g\",\"caption\":\"i l\"},\"url\":\"https:\\\/\\\/kosovatimes.info\\\/index.php\\\/author\\\/iliri\\\/\"}]}<\/script>\n<!-- \/ Yoast SEO plugin. -->","yoast_head_json":{"title":"Kryeministri francez krijon \"skandal\" duke bler\u00eb buk\u00eb, duke zem\u00ebruar sindikatat n\u00eb t\u00eb gjith\u00eb vendin - Kosova Times","robots":{"index":"index","follow":"follow","max-snippet":"max-snippet:-1","max-image-preview":"max-image-preview:large","max-video-preview":"max-video-preview:-1"},"canonical":"https:\/\/kosovatimes.info\/index.php\/2026\/05\/02\/kryeministri-francez-krijon-skandal-duke-blere-buke-duke-zemeruar-sindikatat-ne-te-gjithe-vendin\/","og_locale":"en_US","og_type":"article","og_title":"Kryeministri francez krijon \"skandal\" duke bler\u00eb buk\u00eb, duke zem\u00ebruar sindikatat n\u00eb t\u00eb gjith\u00eb vendin - Kosova Times","og_description":"Kryeministri francez S\u00e9bastien Lecornu vendosi t\u00eb blinte nj\u00eb baguet\u00eb, ose buk\u00eb, dje, dhe me k\u00ebt\u00eb veprim, ai zem\u00ebroi sindikatat n\u00eb t\u00eb gjith\u00eb vendin, p\u00ebr shkak t\u00eb faktit se e b\u00ebri k\u00ebt\u00eb n\u00eb Dit\u00ebn Nd\u00ebrkomb\u00ebtare t\u00eb Pun\u00ebs, ose 1 Maj.Lecornu, n\u00eb prani t\u00eb gazetar\u00ebve, bleu nj\u00eb baget\u00eb n\u00eb nj\u00eb furr\u00eb buke lokale dhe, kur lajmi u [&hellip;]","og_url":"https:\/\/kosovatimes.info\/index.php\/2026\/05\/02\/kryeministri-francez-krijon-skandal-duke-blere-buke-duke-zemeruar-sindikatat-ne-te-gjithe-vendin\/","og_site_name":"Kosova Times","article_published_time":"2026-05-02T08:23:57+00:00","article_modified_time":"2026-05-02T08:23:59+00:00","og_image":[{"width":800,"height":533,"url":"https:\/\/kosovatimes.info\/wp-content\/uploads\/2026\/05\/ebastien-Lecornu.webp","type":"image\/webp"}],"author":"i l","twitter_card":"summary_large_image","twitter_misc":{"Written by":"i l","Est. reading time":"2 minutes"},"schema":{"@context":"https:\/\/schema.org","@graph":[{"@type":"Article","@id":"https:\/\/kosovatimes.info\/index.php\/2026\/05\/02\/kryeministri-francez-krijon-skandal-duke-blere-buke-duke-zemeruar-sindikatat-ne-te-gjithe-vendin\/#article","isPartOf":{"@id":"https:\/\/kosovatimes.info\/index.php\/2026\/05\/02\/kryeministri-francez-krijon-skandal-duke-blere-buke-duke-zemeruar-sindikatat-ne-te-gjithe-vendin\/"},"author":{"name":"i l","@id":"https:\/\/kosovatimes.info\/#\/schema\/person\/7586712b9c512fe68085de007378c915"},"headline":"Kryeministri francez krijon &#8220;skandal&#8221; duke bler\u00eb buk\u00eb, duke zem\u00ebruar sindikatat n\u00eb t\u00eb gjith\u00eb vendin","datePublished":"2026-05-02T08:23:57+00:00","dateModified":"2026-05-02T08:23:59+00:00","mainEntityOfPage":{"@id":"https:\/\/kosovatimes.info\/index.php\/2026\/05\/02\/kryeministri-francez-krijon-skandal-duke-blere-buke-duke-zemeruar-sindikatat-ne-te-gjithe-vendin\/"},"wordCount":333,"commentCount":0,"image":{"@id":"https:\/\/kosovatimes.info\/index.php\/2026\/05\/02\/kryeministri-francez-krijon-skandal-duke-blere-buke-duke-zemeruar-sindikatat-ne-te-gjithe-vendin\/#primaryimage"},"thumbnailUrl":"https:\/\/kosovatimes.info\/wp-content\/uploads\/2026\/05\/ebastien-Lecornu.webp","articleSection":["Bot\u00eb","Lajme"],"inLanguage":"en-US","potentialAction":[{"@type":"CommentAction","name":"Comment","target":["https:\/\/kosovatimes.info\/index.php\/2026\/05\/02\/kryeministri-francez-krijon-skandal-duke-blere-buke-duke-zemeruar-sindikatat-ne-te-gjithe-vendin\/#respond"]}]},{"@type":"WebPage","@id":"https:\/\/kosovatimes.info\/index.php\/2026\/05\/02\/kryeministri-francez-krijon-skandal-duke-blere-buke-duke-zemeruar-sindikatat-ne-te-gjithe-vendin\/","url":"https:\/\/kosovatimes.info\/index.php\/2026\/05\/02\/kryeministri-francez-krijon-skandal-duke-blere-buke-duke-zemeruar-sindikatat-ne-te-gjithe-vendin\/","name":"Kryeministri francez krijon \"skandal\" duke bler\u00eb buk\u00eb, duke zem\u00ebruar sindikatat n\u00eb t\u00eb gjith\u00eb vendin - Kosova Times","isPartOf":{"@id":"https:\/\/kosovatimes.info\/#website"},"primaryImageOfPage":{"@id":"https:\/\/kosovatimes.info\/index.php\/2026\/05\/02\/kryeministri-francez-krijon-skandal-duke-blere-buke-duke-zemeruar-sindikatat-ne-te-gjithe-vendin\/#primaryimage"},"image":{"@id":"https:\/\/kosovatimes.info\/index.php\/2026\/05\/02\/kryeministri-francez-krijon-skandal-duke-blere-buke-duke-zemeruar-sindikatat-ne-te-gjithe-vendin\/#primaryimage"},"thumbnailUrl":"https:\/\/kosovatimes.info\/wp-content\/uploads\/2026\/05\/ebastien-Lecornu.webp","datePublished":"2026-05-02T08:23:57+00:00","dateModified":"2026-05-02T08:23:59+00:00","author":{"@id":"https:\/\/kosovatimes.info\/#\/schema\/person\/7586712b9c512fe68085de007378c915"},"breadcrumb":{"@id":"https:\/\/kosovatimes.info\/index.php\/2026\/05\/02\/kryeministri-francez-krijon-skandal-duke-blere-buke-duke-zemeruar-sindikatat-ne-te-gjithe-vendin\/#breadcrumb"},"inLanguage":"en-US","potentialAction":[{"@type":"ReadAction","target":["https:\/\/kosovatimes.info\/index.php\/2026\/05\/02\/kryeministri-francez-krijon-skandal-duke-blere-buke-duke-zemeruar-sindikatat-ne-te-gjithe-vendin\/"]}]},{"@type":"ImageObject","inLanguage":"en-US","@id":"https:\/\/kosovatimes.info\/index.php\/2026\/05\/02\/kryeministri-francez-krijon-skandal-duke-blere-buke-duke-zemeruar-sindikatat-ne-te-gjithe-vendin\/#primaryimage","url":"https:\/\/kosovatimes.info\/wp-content\/uploads\/2026\/05\/ebastien-Lecornu.webp","contentUrl":"https:\/\/kosovatimes.info\/wp-content\/uploads\/2026\/05\/ebastien-Lecornu.webp","width":800,"height":533},{"@type":"BreadcrumbList","@id":"https:\/\/kosovatimes.info\/index.php\/2026\/05\/02\/kryeministri-francez-krijon-skandal-duke-blere-buke-duke-zemeruar-sindikatat-ne-te-gjithe-vendin\/#breadcrumb","itemListElement":[{"@type":"ListItem","position":1,"name":"Home","item":"https:\/\/kosovatimes.info\/"},{"@type":"ListItem","position":2,"name":"Kryeministri francez krijon &#8220;skandal&#8221; duke bler\u00eb buk\u00eb, duke zem\u00ebruar sindikatat n\u00eb t\u00eb gjith\u00eb vendin"}]},{"@type":"WebSite","@id":"https:\/\/kosovatimes.info\/#website","url":"https:\/\/kosovatimes.info\/","name":"Kosova Times","description":"","potentialAction":[{"@type":"SearchAction","target":{"@type":"EntryPoint","urlTemplate":"https:\/\/kosovatimes.info\/?s={search_term_string}"},"query-input":{"@type":"PropertyValueSpecification","valueRequired":true,"valueName":"search_term_string"}}],"inLanguage":"en-US"},{"@type":"Person","@id":"https:\/\/kosovatimes.info\/#\/schema\/person\/7586712b9c512fe68085de007378c915","name":"i l","image":{"@type":"ImageObject","inLanguage":"en-US","@id":"https:\/\/secure.gravatar.com\/avatar\/bad9296e02816160ae2e2435beda58222022298d5625d49fea74d18816fbb31d?s=96&d=mm&r=g","url":"https:\/\/secure.gravatar.com\/avatar\/bad9296e02816160ae2e2435beda58222022298d5625d49fea74d18816fbb31d?s=96&d=mm&r=g","contentUrl":"https:\/\/secure.gravatar.com\/avatar\/bad9296e02816160ae2e2435beda58222022298d5625d49fea74d18816fbb31d?s=96&d=mm&r=g","caption":"i l"},"url":"https:\/\/kosovatimes.info\/index.php\/author\/iliri\/"}]}},"_links":{"self":[{"href":"https:\/\/kosovatimes.info\/index.php\/wp-json\/wp\/v2\/posts\/13074","targetHints":{"allow":["GET"]}}],"collection":[{"href":"https:\/\/kosovatimes.info\/index.php\/wp-json\/wp\/v2\/posts"}],"about":[{"href":"https:\/\/kosovatimes.info\/index.php\/wp-json\/wp\/v2\/types\/post"}],"author":[{"embeddable":true,"href":"https:\/\/kosovatimes.info\/index.php\/wp-json\/wp\/v2\/users\/4"}],"replies":[{"embeddable":true,"href":"https:\/\/kosovatimes.info\/index.php\/wp-json\/wp\/v2\/comments?post=13074"}],"version-history":[{"count":1,"href":"https:\/\/kosovatimes.info\/index.php\/wp-json\/wp\/v2\/posts\/13074\/revisions"}],"predecessor-version":[{"id":13076,"href":"https:\/\/kosovatimes.info\/index.php\/wp-json\/wp\/v2\/posts\/13074\/revisions\/13076"}],"wp:featuredmedia":[{"embeddable":true,"href":"https:\/\/kosovatimes.info\/index.php\/wp-json\/wp\/v2\/media\/13075"}],"wp:attachment":[{"href":"https:\/\/kosovatimes.info\/index.php\/wp-json\/wp\/v2\/media?parent=13074"}],"wp:term":[{"taxonomy":"category","embeddable":true,"href":"https:\/\/kosovatimes.info\/index.php\/wp-json\/wp\/v2\/categories?post=13074"},{"taxonomy":"post_tag","embeddable":true,"href":"https:\/\/kosovatimes.info\/index.php\/wp-json\/wp\/v2\/tags?post=13074"}],"curies":[{"name":"wp","href":"https:\/\/api.w.org\/{rel}","templated":true}]}}