{"id":13077,"date":"2026-05-02T08:51:00","date_gmt":"2026-05-02T06:51:00","guid":{"rendered":"https:\/\/kosovatimes.info\/?p=13077"},"modified":"2026-05-02T10:26:59","modified_gmt":"2026-05-02T08:26:59","slug":"shba-te-nuk-planifikojne-me-te-dergojne-ndihme-ne-ukraine-hegseth-ne-duam-qe-evropa-ta-financoje-ate","status":"publish","type":"post","link":"https:\/\/kosovatimes.info\/index.php\/2026\/05\/02\/shba-te-nuk-planifikojne-me-te-dergojne-ndihme-ne-ukraine-hegseth-ne-duam-qe-evropa-ta-financoje-ate\/","title":{"rendered":"SHBA-t\u00eb nuk planifikojn\u00eb m\u00eb t\u00eb d\u00ebrgojn\u00eb ndihm\u00eb n\u00eb Ukrain\u00eb. Hegseth: Ne duam q\u00eb Evropa ta financoj\u00eb at\u00eb"},"content":{"rendered":"\n<p>Propozimi i buxhetit federal t\u00eb SHBA-s\u00eb p\u00ebr vitin 2027 nuk p\u00ebrfshin fonde t\u00eb caktuara p\u00ebr Iniciativ\u00ebn e Ndihm\u00ebs p\u00ebr Sigurin\u00eb e Ukrain\u00ebs (USAI), nj\u00eb program ky\u00e7 p\u00ebrmes t\u00eb cilit ofrohet ndihma ushtarake n\u00eb Kiev. Informacioni u publikua gjat\u00eb seanc\u00ebs d\u00ebgjimore t\u00eb Komitetit t\u00eb Forcave t\u00eb Armatosura t\u00eb Senatit t\u00eb SHBA-s\u00eb, raporton&nbsp;<a href=\"https:\/\/www.pravda.com.ua\/eng\/news\/2026\/05\/02\/8032777\/\" target=\"_blank\" rel=\"noreferrer noopener\">Ukrainska Pravda.<\/a><\/p>\n\n\n\n<h3 class=\"wp-block-heading\">Hegseth: Evropa duhet t\u00eb marr\u00eb p\u00ebrsip\u00ebr barr\u00ebn<\/h3>\n\n\n\n<p>Gjat\u00eb nj\u00eb debati mbi mb\u00ebshtetjen e vazhdueshme p\u00ebr Ukrain\u00ebn, senatori i Maine-it, Angus King, pyeti p\u00ebr financimin e ardhsh\u00ebm. Sekretari i Mbrojtjes i SHBA-s\u00eb, Pete Hegseth, u p\u00ebrgjigj se Uashingtoni pret nj\u00eb kontribut financiar duksh\u00ebm m\u00eb t\u00eb madh nga vendet evropiane.<\/p>\n\n\n\n<p>&#8220;Ne duam q\u00eb Evropa t\u00eb marr\u00eb p\u00ebrgjegj\u00ebsi, t\u00eb financoj\u00eb dhe t\u00eb mbaj\u00eb barr\u00ebn. K\u00ebto jan\u00eb vende t\u00eb pasura me nj\u00eb ekonomi me vler\u00eb 20 trilion\u00eb dollar\u00eb krahasuar me 2 trilion\u00eb dollar\u00eb. Evropa mund ta marr\u00eb k\u00ebt\u00eb p\u00ebrgjegj\u00ebsi, mund ta financoj\u00eb at\u00eb, gj\u00eb q\u00eb e ka b\u00ebr\u00eb p\u00ebrmes iniciativ\u00ebs son\u00eb PURL dhe Komand\u00ebs son\u00eb Evropiane&#8221;, tha Hegseth.<\/p>\n\n\n\n<p>&#8220;N\u00ebse kjo \u00ebsht\u00eb kaq e r\u00ebnd\u00ebsishme p\u00ebr Evrop\u00ebn, dhe un\u00eb e kuptoj pse \u00ebsht\u00eb &#8211; p\u00ebr shkak t\u00eb pushtimit rus dhe guximit t\u00eb ukrainasve &#8211; at\u00ebher\u00eb vendet evropiane duhet t\u00eb paguajn\u00eb p\u00ebr t\u00eb.&#8221;<\/p>\n\n\n\n<figure class=\"wp-block-image\"><img decoding=\"async\" src=\"https:\/\/ip.index.hr\/remote\/bucket.index.hr\/b\/index\/cda015e3-1a41-4d70-b066-0e3f992b5ec2.jpg?width=765\" alt=\"\"\/><\/figure>\n\n\n\n<h3 class=\"wp-block-heading\">Konfirmim nga Ministria e Mbrojtjes<\/h3>\n\n\n\n<p>Kontrollori n\u00eb detyr\u00eb i Departamentit t\u00eb Mbrojtjes, Jules Hurst, konfirmoi se programi USAI nuk financohet n\u00eb propozimin aktual t\u00eb buxhetit. &#8220;Kjo \u00ebsht\u00eb e v\u00ebrtet\u00eb. Nuk ka fonde p\u00ebr USAI n\u00eb k\u00ebt\u00eb buxhet&#8221;, tha Hurst shkurt n\u00eb p\u00ebrgjigje t\u00eb pyetjes s\u00eb nj\u00eb senatori.<\/p>\n\n\n\n<h3 class=\"wp-block-heading\">\u00c7far\u00eb \u00ebsht\u00eb Nisma e Ndihm\u00ebs p\u00ebr Sigurin\u00eb e Ukrain\u00ebs?<\/h3>\n\n\n\n<p>Iniciativa e Ndihm\u00ebs p\u00ebr Sigurin\u00eb e Ukrain\u00ebs (USAI) \u00ebsht\u00eb nj\u00eb program ndihme ushtarake i themeluar gjat\u00eb administrat\u00ebs s\u00eb Joe Biden. Ai i lejon Pentagonit t\u00eb siguroj\u00eb pajisje p\u00ebr forcat e armatosura ukrainase direkt nga kompanit\u00eb amerikane t\u00eb mbrojtjes.<\/p>\n\n\n\n<h3 class=\"wp-block-heading\">Fati i paket\u00ebs s\u00eb miratuar m\u00eb par\u00eb<\/h3>\n\n\n\n<p>N\u00eb seanc\u00ebn d\u00ebgjimore u diskutua gjithashtu paketa e ndihm\u00ebs prej 400 milion\u00eb dollar\u00ebsh e USAI-t, t\u00eb cil\u00ebn Kongresi i SHBA-s\u00eb e miratoi n\u00eb dhjetor 2025 si pjes\u00eb e Aktit t\u00eb Autorizimit t\u00eb Mbrojtjes Komb\u00ebtare. Ministri Hegseth konfirmoi se k\u00ebto fonde, t\u00eb cilat aktualisht po shp\u00ebrndahen, u zhbllokuan m\u00eb 28 prill t\u00eb k\u00ebtij viti.<\/p>\n","protected":false},"excerpt":{"rendered":"<p>Propozimi i buxhetit federal t\u00eb SHBA-s\u00eb p\u00ebr vitin 2027 nuk p\u00ebrfshin fonde t\u00eb caktuara p\u00ebr Iniciativ\u00ebn e Ndihm\u00ebs p\u00ebr Sigurin\u00eb e Ukrain\u00ebs (USAI), nj\u00eb program ky\u00e7 p\u00ebrmes t\u00eb cilit ofrohet ndihma ushtarake n\u00eb Kiev. Informacioni u publikua gjat\u00eb seanc\u00ebs d\u00ebgjimore t\u00eb Komitetit t\u00eb Forcave t\u00eb Armatosura t\u00eb Senatit t\u00eb SHBA-s\u00eb, raporton&nbsp;Ukrainska Pravda. Hegseth: Evropa duhet [&hellip;]<\/p>\n","protected":false},"author":4,"featured_media":13078,"comment_status":"open","ping_status":"open","sticky":false,"template":"","format":"standard","meta":{"footnotes":""},"categories":[33,30],"tags":[],"class_list":{"0":"post-13077","1":"post","2":"type-post","3":"status-publish","4":"format-standard","5":"has-post-thumbnail","7":"category-bote","8":"category-lajme"},"yoast_head":"<!-- This site is optimized with the Yoast SEO plugin v27.4 - https:\/\/yoast.com\/product\/yoast-seo-wordpress\/ -->\n<title>SHBA-t\u00eb nuk planifikojn\u00eb m\u00eb t\u00eb d\u00ebrgojn\u00eb ndihm\u00eb n\u00eb Ukrain\u00eb. Hegseth: Ne duam q\u00eb Evropa ta financoj\u00eb at\u00eb - Kosova Times<\/title>\n<meta name=\"robots\" content=\"index, follow, max-snippet:-1, max-image-preview:large, max-video-preview:-1\" \/>\n<link rel=\"canonical\" href=\"https:\/\/kosovatimes.info\/index.php\/2026\/05\/02\/shba-te-nuk-planifikojne-me-te-dergojne-ndihme-ne-ukraine-hegseth-ne-duam-qe-evropa-ta-financoje-ate\/\" \/>\n<meta property=\"og:locale\" content=\"en_US\" \/>\n<meta property=\"og:type\" content=\"article\" \/>\n<meta property=\"og:title\" content=\"SHBA-t\u00eb nuk planifikojn\u00eb m\u00eb t\u00eb d\u00ebrgojn\u00eb ndihm\u00eb n\u00eb Ukrain\u00eb. Hegseth: Ne duam q\u00eb Evropa ta financoj\u00eb at\u00eb - Kosova Times\" \/>\n<meta property=\"og:description\" content=\"Propozimi i buxhetit federal t\u00eb SHBA-s\u00eb p\u00ebr vitin 2027 nuk p\u00ebrfshin fonde t\u00eb caktuara p\u00ebr Iniciativ\u00ebn e Ndihm\u00ebs p\u00ebr Sigurin\u00eb e Ukrain\u00ebs (USAI), nj\u00eb program ky\u00e7 p\u00ebrmes t\u00eb cilit ofrohet ndihma ushtarake n\u00eb Kiev. Informacioni u publikua gjat\u00eb seanc\u00ebs d\u00ebgjimore t\u00eb Komitetit t\u00eb Forcave t\u00eb Armatosura t\u00eb Senatit t\u00eb SHBA-s\u00eb, raporton&nbsp;Ukrainska Pravda. Hegseth: Evropa duhet [&hellip;]\" \/>\n<meta property=\"og:url\" content=\"https:\/\/kosovatimes.info\/index.php\/2026\/05\/02\/shba-te-nuk-planifikojne-me-te-dergojne-ndihme-ne-ukraine-hegseth-ne-duam-qe-evropa-ta-financoje-ate\/\" \/>\n<meta property=\"og:site_name\" content=\"Kosova Times\" \/>\n<meta property=\"article:published_time\" content=\"2026-05-02T06:51:00+00:00\" \/>\n<meta property=\"article:modified_time\" content=\"2026-05-02T08:26:59+00:00\" \/>\n<meta property=\"og:image\" content=\"https:\/\/kosovatimes.info\/wp-content\/uploads\/2026\/05\/trupat.jpg\" \/>\n\t<meta property=\"og:image:width\" content=\"765\" \/>\n\t<meta property=\"og:image:height\" content=\"509\" \/>\n\t<meta property=\"og:image:type\" content=\"image\/jpeg\" \/>\n<meta name=\"author\" content=\"i l\" \/>\n<meta name=\"twitter:card\" content=\"summary_large_image\" \/>\n<meta name=\"twitter:label1\" content=\"Written by\" \/>\n\t<meta name=\"twitter:data1\" content=\"i l\" \/>\n\t<meta name=\"twitter:label2\" content=\"Est. reading time\" \/>\n\t<meta name=\"twitter:data2\" content=\"2 minutes\" \/>\n<script type=\"application\/ld+json\" class=\"yoast-schema-graph\">{\"@context\":\"https:\\\/\\\/schema.org\",\"@graph\":[{\"@type\":\"Article\",\"@id\":\"https:\\\/\\\/kosovatimes.info\\\/index.php\\\/2026\\\/05\\\/02\\\/shba-te-nuk-planifikojne-me-te-dergojne-ndihme-ne-ukraine-hegseth-ne-duam-qe-evropa-ta-financoje-ate\\\/#article\",\"isPartOf\":{\"@id\":\"https:\\\/\\\/kosovatimes.info\\\/index.php\\\/2026\\\/05\\\/02\\\/shba-te-nuk-planifikojne-me-te-dergojne-ndihme-ne-ukraine-hegseth-ne-duam-qe-evropa-ta-financoje-ate\\\/\"},\"author\":{\"name\":\"i l\",\"@id\":\"https:\\\/\\\/kosovatimes.info\\\/#\\\/schema\\\/person\\\/7586712b9c512fe68085de007378c915\"},\"headline\":\"SHBA-t\u00eb nuk planifikojn\u00eb m\u00eb t\u00eb d\u00ebrgojn\u00eb ndihm\u00eb n\u00eb Ukrain\u00eb. Hegseth: Ne duam q\u00eb Evropa ta financoj\u00eb at\u00eb\",\"datePublished\":\"2026-05-02T06:51:00+00:00\",\"dateModified\":\"2026-05-02T08:26:59+00:00\",\"mainEntityOfPage\":{\"@id\":\"https:\\\/\\\/kosovatimes.info\\\/index.php\\\/2026\\\/05\\\/02\\\/shba-te-nuk-planifikojne-me-te-dergojne-ndihme-ne-ukraine-hegseth-ne-duam-qe-evropa-ta-financoje-ate\\\/\"},\"wordCount\":418,\"commentCount\":0,\"image\":{\"@id\":\"https:\\\/\\\/kosovatimes.info\\\/index.php\\\/2026\\\/05\\\/02\\\/shba-te-nuk-planifikojne-me-te-dergojne-ndihme-ne-ukraine-hegseth-ne-duam-qe-evropa-ta-financoje-ate\\\/#primaryimage\"},\"thumbnailUrl\":\"https:\\\/\\\/kosovatimes.info\\\/wp-content\\\/uploads\\\/2026\\\/05\\\/trupat.jpg\",\"articleSection\":[\"Bot\u00eb\",\"Lajme\"],\"inLanguage\":\"en-US\",\"potentialAction\":[{\"@type\":\"CommentAction\",\"name\":\"Comment\",\"target\":[\"https:\\\/\\\/kosovatimes.info\\\/index.php\\\/2026\\\/05\\\/02\\\/shba-te-nuk-planifikojne-me-te-dergojne-ndihme-ne-ukraine-hegseth-ne-duam-qe-evropa-ta-financoje-ate\\\/#respond\"]}]},{\"@type\":\"WebPage\",\"@id\":\"https:\\\/\\\/kosovatimes.info\\\/index.php\\\/2026\\\/05\\\/02\\\/shba-te-nuk-planifikojne-me-te-dergojne-ndihme-ne-ukraine-hegseth-ne-duam-qe-evropa-ta-financoje-ate\\\/\",\"url\":\"https:\\\/\\\/kosovatimes.info\\\/index.php\\\/2026\\\/05\\\/02\\\/shba-te-nuk-planifikojne-me-te-dergojne-ndihme-ne-ukraine-hegseth-ne-duam-qe-evropa-ta-financoje-ate\\\/\",\"name\":\"SHBA-t\u00eb nuk planifikojn\u00eb m\u00eb t\u00eb d\u00ebrgojn\u00eb ndihm\u00eb n\u00eb Ukrain\u00eb. Hegseth: Ne duam q\u00eb Evropa ta financoj\u00eb at\u00eb - Kosova Times\",\"isPartOf\":{\"@id\":\"https:\\\/\\\/kosovatimes.info\\\/#website\"},\"primaryImageOfPage\":{\"@id\":\"https:\\\/\\\/kosovatimes.info\\\/index.php\\\/2026\\\/05\\\/02\\\/shba-te-nuk-planifikojne-me-te-dergojne-ndihme-ne-ukraine-hegseth-ne-duam-qe-evropa-ta-financoje-ate\\\/#primaryimage\"},\"image\":{\"@id\":\"https:\\\/\\\/kosovatimes.info\\\/index.php\\\/2026\\\/05\\\/02\\\/shba-te-nuk-planifikojne-me-te-dergojne-ndihme-ne-ukraine-hegseth-ne-duam-qe-evropa-ta-financoje-ate\\\/#primaryimage\"},\"thumbnailUrl\":\"https:\\\/\\\/kosovatimes.info\\\/wp-content\\\/uploads\\\/2026\\\/05\\\/trupat.jpg\",\"datePublished\":\"2026-05-02T06:51:00+00:00\",\"dateModified\":\"2026-05-02T08:26:59+00:00\",\"author\":{\"@id\":\"https:\\\/\\\/kosovatimes.info\\\/#\\\/schema\\\/person\\\/7586712b9c512fe68085de007378c915\"},\"breadcrumb\":{\"@id\":\"https:\\\/\\\/kosovatimes.info\\\/index.php\\\/2026\\\/05\\\/02\\\/shba-te-nuk-planifikojne-me-te-dergojne-ndihme-ne-ukraine-hegseth-ne-duam-qe-evropa-ta-financoje-ate\\\/#breadcrumb\"},\"inLanguage\":\"en-US\",\"potentialAction\":[{\"@type\":\"ReadAction\",\"target\":[\"https:\\\/\\\/kosovatimes.info\\\/index.php\\\/2026\\\/05\\\/02\\\/shba-te-nuk-planifikojne-me-te-dergojne-ndihme-ne-ukraine-hegseth-ne-duam-qe-evropa-ta-financoje-ate\\\/\"]}]},{\"@type\":\"ImageObject\",\"inLanguage\":\"en-US\",\"@id\":\"https:\\\/\\\/kosovatimes.info\\\/index.php\\\/2026\\\/05\\\/02\\\/shba-te-nuk-planifikojne-me-te-dergojne-ndihme-ne-ukraine-hegseth-ne-duam-qe-evropa-ta-financoje-ate\\\/#primaryimage\",\"url\":\"https:\\\/\\\/kosovatimes.info\\\/wp-content\\\/uploads\\\/2026\\\/05\\\/trupat.jpg\",\"contentUrl\":\"https:\\\/\\\/kosovatimes.info\\\/wp-content\\\/uploads\\\/2026\\\/05\\\/trupat.jpg\",\"width\":765,\"height\":509},{\"@type\":\"BreadcrumbList\",\"@id\":\"https:\\\/\\\/kosovatimes.info\\\/index.php\\\/2026\\\/05\\\/02\\\/shba-te-nuk-planifikojne-me-te-dergojne-ndihme-ne-ukraine-hegseth-ne-duam-qe-evropa-ta-financoje-ate\\\/#breadcrumb\",\"itemListElement\":[{\"@type\":\"ListItem\",\"position\":1,\"name\":\"Home\",\"item\":\"https:\\\/\\\/kosovatimes.info\\\/\"},{\"@type\":\"ListItem\",\"position\":2,\"name\":\"SHBA-t\u00eb nuk planifikojn\u00eb m\u00eb t\u00eb d\u00ebrgojn\u00eb ndihm\u00eb n\u00eb Ukrain\u00eb. Hegseth: Ne duam q\u00eb Evropa ta financoj\u00eb at\u00eb\"}]},{\"@type\":\"WebSite\",\"@id\":\"https:\\\/\\\/kosovatimes.info\\\/#website\",\"url\":\"https:\\\/\\\/kosovatimes.info\\\/\",\"name\":\"Kosova Times\",\"description\":\"\",\"potentialAction\":[{\"@type\":\"SearchAction\",\"target\":{\"@type\":\"EntryPoint\",\"urlTemplate\":\"https:\\\/\\\/kosovatimes.info\\\/?s={search_term_string}\"},\"query-input\":{\"@type\":\"PropertyValueSpecification\",\"valueRequired\":true,\"valueName\":\"search_term_string\"}}],\"inLanguage\":\"en-US\"},{\"@type\":\"Person\",\"@id\":\"https:\\\/\\\/kosovatimes.info\\\/#\\\/schema\\\/person\\\/7586712b9c512fe68085de007378c915\",\"name\":\"i l\",\"image\":{\"@type\":\"ImageObject\",\"inLanguage\":\"en-US\",\"@id\":\"https:\\\/\\\/secure.gravatar.com\\\/avatar\\\/bad9296e02816160ae2e2435beda58222022298d5625d49fea74d18816fbb31d?s=96&d=mm&r=g\",\"url\":\"https:\\\/\\\/secure.gravatar.com\\\/avatar\\\/bad9296e02816160ae2e2435beda58222022298d5625d49fea74d18816fbb31d?s=96&d=mm&r=g\",\"contentUrl\":\"https:\\\/\\\/secure.gravatar.com\\\/avatar\\\/bad9296e02816160ae2e2435beda58222022298d5625d49fea74d18816fbb31d?s=96&d=mm&r=g\",\"caption\":\"i l\"},\"url\":\"https:\\\/\\\/kosovatimes.info\\\/index.php\\\/author\\\/iliri\\\/\"}]}<\/script>\n<!-- \/ Yoast SEO plugin. -->","yoast_head_json":{"title":"SHBA-t\u00eb nuk planifikojn\u00eb m\u00eb t\u00eb d\u00ebrgojn\u00eb ndihm\u00eb n\u00eb Ukrain\u00eb. Hegseth: Ne duam q\u00eb Evropa ta financoj\u00eb at\u00eb - Kosova Times","robots":{"index":"index","follow":"follow","max-snippet":"max-snippet:-1","max-image-preview":"max-image-preview:large","max-video-preview":"max-video-preview:-1"},"canonical":"https:\/\/kosovatimes.info\/index.php\/2026\/05\/02\/shba-te-nuk-planifikojne-me-te-dergojne-ndihme-ne-ukraine-hegseth-ne-duam-qe-evropa-ta-financoje-ate\/","og_locale":"en_US","og_type":"article","og_title":"SHBA-t\u00eb nuk planifikojn\u00eb m\u00eb t\u00eb d\u00ebrgojn\u00eb ndihm\u00eb n\u00eb Ukrain\u00eb. Hegseth: Ne duam q\u00eb Evropa ta financoj\u00eb at\u00eb - Kosova Times","og_description":"Propozimi i buxhetit federal t\u00eb SHBA-s\u00eb p\u00ebr vitin 2027 nuk p\u00ebrfshin fonde t\u00eb caktuara p\u00ebr Iniciativ\u00ebn e Ndihm\u00ebs p\u00ebr Sigurin\u00eb e Ukrain\u00ebs (USAI), nj\u00eb program ky\u00e7 p\u00ebrmes t\u00eb cilit ofrohet ndihma ushtarake n\u00eb Kiev. Informacioni u publikua gjat\u00eb seanc\u00ebs d\u00ebgjimore t\u00eb Komitetit t\u00eb Forcave t\u00eb Armatosura t\u00eb Senatit t\u00eb SHBA-s\u00eb, raporton&nbsp;Ukrainska Pravda. Hegseth: Evropa duhet [&hellip;]","og_url":"https:\/\/kosovatimes.info\/index.php\/2026\/05\/02\/shba-te-nuk-planifikojne-me-te-dergojne-ndihme-ne-ukraine-hegseth-ne-duam-qe-evropa-ta-financoje-ate\/","og_site_name":"Kosova Times","article_published_time":"2026-05-02T06:51:00+00:00","article_modified_time":"2026-05-02T08:26:59+00:00","og_image":[{"width":765,"height":509,"url":"https:\/\/kosovatimes.info\/wp-content\/uploads\/2026\/05\/trupat.jpg","type":"image\/jpeg"}],"author":"i l","twitter_card":"summary_large_image","twitter_misc":{"Written by":"i l","Est. reading time":"2 minutes"},"schema":{"@context":"https:\/\/schema.org","@graph":[{"@type":"Article","@id":"https:\/\/kosovatimes.info\/index.php\/2026\/05\/02\/shba-te-nuk-planifikojne-me-te-dergojne-ndihme-ne-ukraine-hegseth-ne-duam-qe-evropa-ta-financoje-ate\/#article","isPartOf":{"@id":"https:\/\/kosovatimes.info\/index.php\/2026\/05\/02\/shba-te-nuk-planifikojne-me-te-dergojne-ndihme-ne-ukraine-hegseth-ne-duam-qe-evropa-ta-financoje-ate\/"},"author":{"name":"i l","@id":"https:\/\/kosovatimes.info\/#\/schema\/person\/7586712b9c512fe68085de007378c915"},"headline":"SHBA-t\u00eb nuk planifikojn\u00eb m\u00eb t\u00eb d\u00ebrgojn\u00eb ndihm\u00eb n\u00eb Ukrain\u00eb. Hegseth: Ne duam q\u00eb Evropa ta financoj\u00eb at\u00eb","datePublished":"2026-05-02T06:51:00+00:00","dateModified":"2026-05-02T08:26:59+00:00","mainEntityOfPage":{"@id":"https:\/\/kosovatimes.info\/index.php\/2026\/05\/02\/shba-te-nuk-planifikojne-me-te-dergojne-ndihme-ne-ukraine-hegseth-ne-duam-qe-evropa-ta-financoje-ate\/"},"wordCount":418,"commentCount":0,"image":{"@id":"https:\/\/kosovatimes.info\/index.php\/2026\/05\/02\/shba-te-nuk-planifikojne-me-te-dergojne-ndihme-ne-ukraine-hegseth-ne-duam-qe-evropa-ta-financoje-ate\/#primaryimage"},"thumbnailUrl":"https:\/\/kosovatimes.info\/wp-content\/uploads\/2026\/05\/trupat.jpg","articleSection":["Bot\u00eb","Lajme"],"inLanguage":"en-US","potentialAction":[{"@type":"CommentAction","name":"Comment","target":["https:\/\/kosovatimes.info\/index.php\/2026\/05\/02\/shba-te-nuk-planifikojne-me-te-dergojne-ndihme-ne-ukraine-hegseth-ne-duam-qe-evropa-ta-financoje-ate\/#respond"]}]},{"@type":"WebPage","@id":"https:\/\/kosovatimes.info\/index.php\/2026\/05\/02\/shba-te-nuk-planifikojne-me-te-dergojne-ndihme-ne-ukraine-hegseth-ne-duam-qe-evropa-ta-financoje-ate\/","url":"https:\/\/kosovatimes.info\/index.php\/2026\/05\/02\/shba-te-nuk-planifikojne-me-te-dergojne-ndihme-ne-ukraine-hegseth-ne-duam-qe-evropa-ta-financoje-ate\/","name":"SHBA-t\u00eb nuk planifikojn\u00eb m\u00eb t\u00eb d\u00ebrgojn\u00eb ndihm\u00eb n\u00eb Ukrain\u00eb. Hegseth: Ne duam q\u00eb Evropa ta financoj\u00eb at\u00eb - Kosova Times","isPartOf":{"@id":"https:\/\/kosovatimes.info\/#website"},"primaryImageOfPage":{"@id":"https:\/\/kosovatimes.info\/index.php\/2026\/05\/02\/shba-te-nuk-planifikojne-me-te-dergojne-ndihme-ne-ukraine-hegseth-ne-duam-qe-evropa-ta-financoje-ate\/#primaryimage"},"image":{"@id":"https:\/\/kosovatimes.info\/index.php\/2026\/05\/02\/shba-te-nuk-planifikojne-me-te-dergojne-ndihme-ne-ukraine-hegseth-ne-duam-qe-evropa-ta-financoje-ate\/#primaryimage"},"thumbnailUrl":"https:\/\/kosovatimes.info\/wp-content\/uploads\/2026\/05\/trupat.jpg","datePublished":"2026-05-02T06:51:00+00:00","dateModified":"2026-05-02T08:26:59+00:00","author":{"@id":"https:\/\/kosovatimes.info\/#\/schema\/person\/7586712b9c512fe68085de007378c915"},"breadcrumb":{"@id":"https:\/\/kosovatimes.info\/index.php\/2026\/05\/02\/shba-te-nuk-planifikojne-me-te-dergojne-ndihme-ne-ukraine-hegseth-ne-duam-qe-evropa-ta-financoje-ate\/#breadcrumb"},"inLanguage":"en-US","potentialAction":[{"@type":"ReadAction","target":["https:\/\/kosovatimes.info\/index.php\/2026\/05\/02\/shba-te-nuk-planifikojne-me-te-dergojne-ndihme-ne-ukraine-hegseth-ne-duam-qe-evropa-ta-financoje-ate\/"]}]},{"@type":"ImageObject","inLanguage":"en-US","@id":"https:\/\/kosovatimes.info\/index.php\/2026\/05\/02\/shba-te-nuk-planifikojne-me-te-dergojne-ndihme-ne-ukraine-hegseth-ne-duam-qe-evropa-ta-financoje-ate\/#primaryimage","url":"https:\/\/kosovatimes.info\/wp-content\/uploads\/2026\/05\/trupat.jpg","contentUrl":"https:\/\/kosovatimes.info\/wp-content\/uploads\/2026\/05\/trupat.jpg","width":765,"height":509},{"@type":"BreadcrumbList","@id":"https:\/\/kosovatimes.info\/index.php\/2026\/05\/02\/shba-te-nuk-planifikojne-me-te-dergojne-ndihme-ne-ukraine-hegseth-ne-duam-qe-evropa-ta-financoje-ate\/#breadcrumb","itemListElement":[{"@type":"ListItem","position":1,"name":"Home","item":"https:\/\/kosovatimes.info\/"},{"@type":"ListItem","position":2,"name":"SHBA-t\u00eb nuk planifikojn\u00eb m\u00eb t\u00eb d\u00ebrgojn\u00eb ndihm\u00eb n\u00eb Ukrain\u00eb. Hegseth: Ne duam q\u00eb Evropa ta financoj\u00eb at\u00eb"}]},{"@type":"WebSite","@id":"https:\/\/kosovatimes.info\/#website","url":"https:\/\/kosovatimes.info\/","name":"Kosova Times","description":"","potentialAction":[{"@type":"SearchAction","target":{"@type":"EntryPoint","urlTemplate":"https:\/\/kosovatimes.info\/?s={search_term_string}"},"query-input":{"@type":"PropertyValueSpecification","valueRequired":true,"valueName":"search_term_string"}}],"inLanguage":"en-US"},{"@type":"Person","@id":"https:\/\/kosovatimes.info\/#\/schema\/person\/7586712b9c512fe68085de007378c915","name":"i l","image":{"@type":"ImageObject","inLanguage":"en-US","@id":"https:\/\/secure.gravatar.com\/avatar\/bad9296e02816160ae2e2435beda58222022298d5625d49fea74d18816fbb31d?s=96&d=mm&r=g","url":"https:\/\/secure.gravatar.com\/avatar\/bad9296e02816160ae2e2435beda58222022298d5625d49fea74d18816fbb31d?s=96&d=mm&r=g","contentUrl":"https:\/\/secure.gravatar.com\/avatar\/bad9296e02816160ae2e2435beda58222022298d5625d49fea74d18816fbb31d?s=96&d=mm&r=g","caption":"i l"},"url":"https:\/\/kosovatimes.info\/index.php\/author\/iliri\/"}]}},"_links":{"self":[{"href":"https:\/\/kosovatimes.info\/index.php\/wp-json\/wp\/v2\/posts\/13077","targetHints":{"allow":["GET"]}}],"collection":[{"href":"https:\/\/kosovatimes.info\/index.php\/wp-json\/wp\/v2\/posts"}],"about":[{"href":"https:\/\/kosovatimes.info\/index.php\/wp-json\/wp\/v2\/types\/post"}],"author":[{"embeddable":true,"href":"https:\/\/kosovatimes.info\/index.php\/wp-json\/wp\/v2\/users\/4"}],"replies":[{"embeddable":true,"href":"https:\/\/kosovatimes.info\/index.php\/wp-json\/wp\/v2\/comments?post=13077"}],"version-history":[{"count":1,"href":"https:\/\/kosovatimes.info\/index.php\/wp-json\/wp\/v2\/posts\/13077\/revisions"}],"predecessor-version":[{"id":13079,"href":"https:\/\/kosovatimes.info\/index.php\/wp-json\/wp\/v2\/posts\/13077\/revisions\/13079"}],"wp:featuredmedia":[{"embeddable":true,"href":"https:\/\/kosovatimes.info\/index.php\/wp-json\/wp\/v2\/media\/13078"}],"wp:attachment":[{"href":"https:\/\/kosovatimes.info\/index.php\/wp-json\/wp\/v2\/media?parent=13077"}],"wp:term":[{"taxonomy":"category","embeddable":true,"href":"https:\/\/kosovatimes.info\/index.php\/wp-json\/wp\/v2\/categories?post=13077"},{"taxonomy":"post_tag","embeddable":true,"href":"https:\/\/kosovatimes.info\/index.php\/wp-json\/wp\/v2\/tags?post=13077"}],"curies":[{"name":"wp","href":"https:\/\/api.w.org\/{rel}","templated":true}]}}