{"id":13080,"date":"2026-05-02T08:33:00","date_gmt":"2026-05-02T06:33:00","guid":{"rendered":"https:\/\/kosovatimes.info\/?p=13080"},"modified":"2026-05-02T10:29:06","modified_gmt":"2026-05-02T08:29:06","slug":"zjarret-po-shperthejne-ne-terrenet-e-stervitjes-ushtarake-ne-holande-ndihma-po-vjen-nga-franca-dhe-gjermania","status":"publish","type":"post","link":"https:\/\/kosovatimes.info\/index.php\/2026\/05\/02\/zjarret-po-shperthejne-ne-terrenet-e-stervitjes-ushtarake-ne-holande-ndihma-po-vjen-nga-franca-dhe-gjermania\/","title":{"rendered":"Zjarret po shp\u00ebrthejn\u00eb n\u00eb terrenet e st\u00ebrvitjes ushtarake n\u00eb Holand\u00eb. Ndihma po vjen nga Franca dhe Gjermania"},"content":{"rendered":"\n<p>Franca dhe Gjermania d\u00ebrguan brigada zjarrfik\u00ebse n\u00eb Holand\u00eb t\u00eb premten p\u00ebr t\u00eb ndihmuar n\u00eb luftimin e zjarreve n\u00eb pyje q\u00eb kan\u00eb p\u00ebrfshir\u00eb disa zona. Shum\u00eb nga zjarret, t\u00eb cilat shp\u00ebrthyen t\u00eb m\u00ebrkur\u00ebn dhe t\u00eb enjten, po digjen n\u00eb jug t\u00eb vendit n\u00eb tok\u00eb t\u00eb p\u00ebrdorur p\u00ebr st\u00ebrvitje ushtarake, p\u00ebrfshir\u00eb nj\u00eb poligon artilerie. Autoritetet holandeze t\u00eb mbingarkuara kan\u00eb k\u00ebrkuar ndihm\u00eb p\u00ebrmes Mekanizmit t\u00eb Mbrojtjes Civile t\u00eb Bashkimit Evropian, raporton\u00a0<br><a href=\"http:\/\/www.euronews.com\/my-europe\/2026\/05\/01\/france-and-germany-send-firefighters-to-help-battle-woodland-blazes-in-netherlands\">Euronews<\/a>\u00a0.<\/p>\n\n\n\n<figure class=\"wp-block-embed is-type-rich is-provider-twitter wp-block-embed-twitter\"><div class=\"wp-block-embed__wrapper\">\n<blockquote class=\"twitter-tweet\" data-width=\"550\" data-dnt=\"true\"><p lang=\"en\" dir=\"ltr\">\u26a1\ufe0fA 500-hectare fire broke out at a military training ground in the Netherlands, \u2014 Hart van Nederland reports<br><br>Firefighting efforts are complicated by the risk of ammunition detonations. <a href=\"https:\/\/t.co\/Uz16EsN8EM\">pic.twitter.com\/Uz16EsN8EM<\/a><\/p>&mdash; NEXTA (@nexta_tv) <a href=\"https:\/\/twitter.com\/nexta_tv\/status\/2049886495515844865?ref_src=twsrc%5Etfw\">April 30, 2026<\/a><\/blockquote><script async src=\"https:\/\/platform.twitter.com\/widgets.js\" charset=\"utf-8\"><\/script>\n<\/div><\/figure>\n\n\n\n<h3 class=\"wp-block-heading\">Ndihma mb\u00ebrriti nga Franca dhe Gjermania<\/h3>\n\n\n\n<p>Franca dhe Gjermania iu p\u00ebrgjigj\u00ebn thirrjes. Ministri i Brendsh\u00ebm francez Laurent Nu\u00f1ez njoftoi n\u00eb Platform\u00ebn X se Parisi kishte d\u00ebrguar 41 personel t\u00eb mbrojtjes civile dhe 10 automjete. Departamenti i zjarrfik\u00ebsve n\u00eb qytetin gjerman t\u00eb Bonit d\u00ebrgoi gjithsej 67 zjarrfik\u00ebs, 21 automjete dhe tre rimorkio.Lidhja me ushtrimet ushtarake po hetohet.<\/p>\n\n\n\n<p>Nj\u00eb z\u00ebdh\u00ebn\u00ebs i ushtris\u00eb holandeze, Major Mike Hofman, konfirmoi t\u00eb premten se &#8220;poligoni ushtarak ishte n\u00eb p\u00ebrdorim n\u00eb koh\u00ebn e zjarrit&#8221;. Ai tha se nj\u00eb hetim ishte duke u zhvilluar p\u00ebr t\u00eb &#8220;shqyrtuar n\u00ebse ka nj\u00eb lidhje midis operacioneve ushtarake dhe shkakut t\u00eb zjarrit&#8221;.<\/p>\n\n\n\n<p>Komandanti i forcave t\u00eb armatosura holandeze tha t\u00eb enjten se po merren masa paraprake shtes\u00eb n\u00eb poligonet e st\u00ebrvitjes p\u00ebr shkak t\u00eb that\u00ebsir\u00ebs q\u00eb po than tok\u00ebn. Megjithat\u00eb, ai shtoi se st\u00ebrvitjet ushtarake q\u00eb po zhvillohen nuk do t\u00eb pezullohen.<\/p>\n","protected":false},"excerpt":{"rendered":"<p>Franca dhe Gjermania d\u00ebrguan brigada zjarrfik\u00ebse n\u00eb Holand\u00eb t\u00eb premten p\u00ebr t\u00eb ndihmuar n\u00eb luftimin e zjarreve n\u00eb pyje q\u00eb kan\u00eb p\u00ebrfshir\u00eb disa zona. Shum\u00eb nga zjarret, t\u00eb cilat shp\u00ebrthyen t\u00eb m\u00ebrkur\u00ebn dhe t\u00eb enjten, po digjen n\u00eb jug t\u00eb vendit n\u00eb tok\u00eb t\u00eb p\u00ebrdorur p\u00ebr st\u00ebrvitje ushtarake, p\u00ebrfshir\u00eb nj\u00eb poligon artilerie. Autoritetet holandeze t\u00eb [&hellip;]<\/p>\n","protected":false},"author":4,"featured_media":13081,"comment_status":"open","ping_status":"open","sticky":false,"template":"","format":"standard","meta":{"footnotes":""},"categories":[1],"tags":[],"class_list":{"0":"post-13080","1":"post","2":"type-post","3":"status-publish","4":"format-standard","5":"has-post-thumbnail","7":"category-pafilter"},"yoast_head":"<!-- This site is optimized with the Yoast SEO plugin v27.4 - https:\/\/yoast.com\/product\/yoast-seo-wordpress\/ -->\n<title>Zjarret po shp\u00ebrthejn\u00eb n\u00eb terrenet e st\u00ebrvitjes ushtarake n\u00eb Holand\u00eb. Ndihma po vjen nga Franca dhe Gjermania - Kosova Times<\/title>\n<meta name=\"robots\" content=\"index, follow, max-snippet:-1, max-image-preview:large, max-video-preview:-1\" \/>\n<link rel=\"canonical\" href=\"https:\/\/kosovatimes.info\/index.php\/2026\/05\/02\/zjarret-po-shperthejne-ne-terrenet-e-stervitjes-ushtarake-ne-holande-ndihma-po-vjen-nga-franca-dhe-gjermania\/\" \/>\n<meta property=\"og:locale\" content=\"en_US\" \/>\n<meta property=\"og:type\" content=\"article\" \/>\n<meta property=\"og:title\" content=\"Zjarret po shp\u00ebrthejn\u00eb n\u00eb terrenet e st\u00ebrvitjes ushtarake n\u00eb Holand\u00eb. Ndihma po vjen nga Franca dhe Gjermania - Kosova Times\" \/>\n<meta property=\"og:description\" content=\"Franca dhe Gjermania d\u00ebrguan brigada zjarrfik\u00ebse n\u00eb Holand\u00eb t\u00eb premten p\u00ebr t\u00eb ndihmuar n\u00eb luftimin e zjarreve n\u00eb pyje q\u00eb kan\u00eb p\u00ebrfshir\u00eb disa zona. Shum\u00eb nga zjarret, t\u00eb cilat shp\u00ebrthyen t\u00eb m\u00ebrkur\u00ebn dhe t\u00eb enjten, po digjen n\u00eb jug t\u00eb vendit n\u00eb tok\u00eb t\u00eb p\u00ebrdorur p\u00ebr st\u00ebrvitje ushtarake, p\u00ebrfshir\u00eb nj\u00eb poligon artilerie. Autoritetet holandeze t\u00eb [&hellip;]\" \/>\n<meta property=\"og:url\" content=\"https:\/\/kosovatimes.info\/index.php\/2026\/05\/02\/zjarret-po-shperthejne-ne-terrenet-e-stervitjes-ushtarake-ne-holande-ndihma-po-vjen-nga-franca-dhe-gjermania\/\" \/>\n<meta property=\"og:site_name\" content=\"Kosova Times\" \/>\n<meta property=\"article:published_time\" content=\"2026-05-02T06:33:00+00:00\" \/>\n<meta property=\"article:modified_time\" content=\"2026-05-02T08:29:06+00:00\" \/>\n<meta property=\"og:image\" content=\"https:\/\/kosovatimes.info\/wp-content\/uploads\/2026\/05\/zjarre.webp\" \/>\n\t<meta property=\"og:image:width\" content=\"765\" \/>\n\t<meta property=\"og:image:height\" content=\"724\" \/>\n\t<meta property=\"og:image:type\" content=\"image\/webp\" \/>\n<meta name=\"author\" content=\"i l\" \/>\n<meta name=\"twitter:card\" content=\"summary_large_image\" \/>\n<meta name=\"twitter:label1\" content=\"Written by\" \/>\n\t<meta name=\"twitter:data1\" content=\"i l\" \/>\n\t<meta name=\"twitter:label2\" content=\"Est. reading time\" \/>\n\t<meta name=\"twitter:data2\" content=\"2 minutes\" \/>\n<script type=\"application\/ld+json\" class=\"yoast-schema-graph\">{\"@context\":\"https:\\\/\\\/schema.org\",\"@graph\":[{\"@type\":\"Article\",\"@id\":\"https:\\\/\\\/kosovatimes.info\\\/index.php\\\/2026\\\/05\\\/02\\\/zjarret-po-shperthejne-ne-terrenet-e-stervitjes-ushtarake-ne-holande-ndihma-po-vjen-nga-franca-dhe-gjermania\\\/#article\",\"isPartOf\":{\"@id\":\"https:\\\/\\\/kosovatimes.info\\\/index.php\\\/2026\\\/05\\\/02\\\/zjarret-po-shperthejne-ne-terrenet-e-stervitjes-ushtarake-ne-holande-ndihma-po-vjen-nga-franca-dhe-gjermania\\\/\"},\"author\":{\"name\":\"i l\",\"@id\":\"https:\\\/\\\/kosovatimes.info\\\/#\\\/schema\\\/person\\\/7586712b9c512fe68085de007378c915\"},\"headline\":\"Zjarret po shp\u00ebrthejn\u00eb n\u00eb terrenet e st\u00ebrvitjes ushtarake n\u00eb Holand\u00eb. Ndihma po vjen nga Franca dhe Gjermania\",\"datePublished\":\"2026-05-02T06:33:00+00:00\",\"dateModified\":\"2026-05-02T08:29:06+00:00\",\"mainEntityOfPage\":{\"@id\":\"https:\\\/\\\/kosovatimes.info\\\/index.php\\\/2026\\\/05\\\/02\\\/zjarret-po-shperthejne-ne-terrenet-e-stervitjes-ushtarake-ne-holande-ndihma-po-vjen-nga-franca-dhe-gjermania\\\/\"},\"wordCount\":300,\"commentCount\":0,\"image\":{\"@id\":\"https:\\\/\\\/kosovatimes.info\\\/index.php\\\/2026\\\/05\\\/02\\\/zjarret-po-shperthejne-ne-terrenet-e-stervitjes-ushtarake-ne-holande-ndihma-po-vjen-nga-franca-dhe-gjermania\\\/#primaryimage\"},\"thumbnailUrl\":\"https:\\\/\\\/kosovatimes.info\\\/wp-content\\\/uploads\\\/2026\\\/05\\\/zjarre.webp\",\"articleSection\":[\"pafilter\"],\"inLanguage\":\"en-US\",\"potentialAction\":[{\"@type\":\"CommentAction\",\"name\":\"Comment\",\"target\":[\"https:\\\/\\\/kosovatimes.info\\\/index.php\\\/2026\\\/05\\\/02\\\/zjarret-po-shperthejne-ne-terrenet-e-stervitjes-ushtarake-ne-holande-ndihma-po-vjen-nga-franca-dhe-gjermania\\\/#respond\"]}]},{\"@type\":\"WebPage\",\"@id\":\"https:\\\/\\\/kosovatimes.info\\\/index.php\\\/2026\\\/05\\\/02\\\/zjarret-po-shperthejne-ne-terrenet-e-stervitjes-ushtarake-ne-holande-ndihma-po-vjen-nga-franca-dhe-gjermania\\\/\",\"url\":\"https:\\\/\\\/kosovatimes.info\\\/index.php\\\/2026\\\/05\\\/02\\\/zjarret-po-shperthejne-ne-terrenet-e-stervitjes-ushtarake-ne-holande-ndihma-po-vjen-nga-franca-dhe-gjermania\\\/\",\"name\":\"Zjarret po shp\u00ebrthejn\u00eb n\u00eb terrenet e st\u00ebrvitjes ushtarake n\u00eb Holand\u00eb. Ndihma po vjen nga Franca dhe Gjermania - Kosova Times\",\"isPartOf\":{\"@id\":\"https:\\\/\\\/kosovatimes.info\\\/#website\"},\"primaryImageOfPage\":{\"@id\":\"https:\\\/\\\/kosovatimes.info\\\/index.php\\\/2026\\\/05\\\/02\\\/zjarret-po-shperthejne-ne-terrenet-e-stervitjes-ushtarake-ne-holande-ndihma-po-vjen-nga-franca-dhe-gjermania\\\/#primaryimage\"},\"image\":{\"@id\":\"https:\\\/\\\/kosovatimes.info\\\/index.php\\\/2026\\\/05\\\/02\\\/zjarret-po-shperthejne-ne-terrenet-e-stervitjes-ushtarake-ne-holande-ndihma-po-vjen-nga-franca-dhe-gjermania\\\/#primaryimage\"},\"thumbnailUrl\":\"https:\\\/\\\/kosovatimes.info\\\/wp-content\\\/uploads\\\/2026\\\/05\\\/zjarre.webp\",\"datePublished\":\"2026-05-02T06:33:00+00:00\",\"dateModified\":\"2026-05-02T08:29:06+00:00\",\"author\":{\"@id\":\"https:\\\/\\\/kosovatimes.info\\\/#\\\/schema\\\/person\\\/7586712b9c512fe68085de007378c915\"},\"breadcrumb\":{\"@id\":\"https:\\\/\\\/kosovatimes.info\\\/index.php\\\/2026\\\/05\\\/02\\\/zjarret-po-shperthejne-ne-terrenet-e-stervitjes-ushtarake-ne-holande-ndihma-po-vjen-nga-franca-dhe-gjermania\\\/#breadcrumb\"},\"inLanguage\":\"en-US\",\"potentialAction\":[{\"@type\":\"ReadAction\",\"target\":[\"https:\\\/\\\/kosovatimes.info\\\/index.php\\\/2026\\\/05\\\/02\\\/zjarret-po-shperthejne-ne-terrenet-e-stervitjes-ushtarake-ne-holande-ndihma-po-vjen-nga-franca-dhe-gjermania\\\/\"]}]},{\"@type\":\"ImageObject\",\"inLanguage\":\"en-US\",\"@id\":\"https:\\\/\\\/kosovatimes.info\\\/index.php\\\/2026\\\/05\\\/02\\\/zjarret-po-shperthejne-ne-terrenet-e-stervitjes-ushtarake-ne-holande-ndihma-po-vjen-nga-franca-dhe-gjermania\\\/#primaryimage\",\"url\":\"https:\\\/\\\/kosovatimes.info\\\/wp-content\\\/uploads\\\/2026\\\/05\\\/zjarre.webp\",\"contentUrl\":\"https:\\\/\\\/kosovatimes.info\\\/wp-content\\\/uploads\\\/2026\\\/05\\\/zjarre.webp\",\"width\":765,\"height\":724},{\"@type\":\"BreadcrumbList\",\"@id\":\"https:\\\/\\\/kosovatimes.info\\\/index.php\\\/2026\\\/05\\\/02\\\/zjarret-po-shperthejne-ne-terrenet-e-stervitjes-ushtarake-ne-holande-ndihma-po-vjen-nga-franca-dhe-gjermania\\\/#breadcrumb\",\"itemListElement\":[{\"@type\":\"ListItem\",\"position\":1,\"name\":\"Home\",\"item\":\"https:\\\/\\\/kosovatimes.info\\\/\"},{\"@type\":\"ListItem\",\"position\":2,\"name\":\"Zjarret po shp\u00ebrthejn\u00eb n\u00eb terrenet e st\u00ebrvitjes ushtarake n\u00eb Holand\u00eb. Ndihma po vjen nga Franca dhe Gjermania\"}]},{\"@type\":\"WebSite\",\"@id\":\"https:\\\/\\\/kosovatimes.info\\\/#website\",\"url\":\"https:\\\/\\\/kosovatimes.info\\\/\",\"name\":\"Kosova Times\",\"description\":\"\",\"potentialAction\":[{\"@type\":\"SearchAction\",\"target\":{\"@type\":\"EntryPoint\",\"urlTemplate\":\"https:\\\/\\\/kosovatimes.info\\\/?s={search_term_string}\"},\"query-input\":{\"@type\":\"PropertyValueSpecification\",\"valueRequired\":true,\"valueName\":\"search_term_string\"}}],\"inLanguage\":\"en-US\"},{\"@type\":\"Person\",\"@id\":\"https:\\\/\\\/kosovatimes.info\\\/#\\\/schema\\\/person\\\/7586712b9c512fe68085de007378c915\",\"name\":\"i l\",\"image\":{\"@type\":\"ImageObject\",\"inLanguage\":\"en-US\",\"@id\":\"https:\\\/\\\/secure.gravatar.com\\\/avatar\\\/bad9296e02816160ae2e2435beda58222022298d5625d49fea74d18816fbb31d?s=96&d=mm&r=g\",\"url\":\"https:\\\/\\\/secure.gravatar.com\\\/avatar\\\/bad9296e02816160ae2e2435beda58222022298d5625d49fea74d18816fbb31d?s=96&d=mm&r=g\",\"contentUrl\":\"https:\\\/\\\/secure.gravatar.com\\\/avatar\\\/bad9296e02816160ae2e2435beda58222022298d5625d49fea74d18816fbb31d?s=96&d=mm&r=g\",\"caption\":\"i l\"},\"url\":\"https:\\\/\\\/kosovatimes.info\\\/index.php\\\/author\\\/iliri\\\/\"}]}<\/script>\n<!-- \/ Yoast SEO plugin. -->","yoast_head_json":{"title":"Zjarret po shp\u00ebrthejn\u00eb n\u00eb terrenet e st\u00ebrvitjes ushtarake n\u00eb Holand\u00eb. Ndihma po vjen nga Franca dhe Gjermania - Kosova Times","robots":{"index":"index","follow":"follow","max-snippet":"max-snippet:-1","max-image-preview":"max-image-preview:large","max-video-preview":"max-video-preview:-1"},"canonical":"https:\/\/kosovatimes.info\/index.php\/2026\/05\/02\/zjarret-po-shperthejne-ne-terrenet-e-stervitjes-ushtarake-ne-holande-ndihma-po-vjen-nga-franca-dhe-gjermania\/","og_locale":"en_US","og_type":"article","og_title":"Zjarret po shp\u00ebrthejn\u00eb n\u00eb terrenet e st\u00ebrvitjes ushtarake n\u00eb Holand\u00eb. Ndihma po vjen nga Franca dhe Gjermania - Kosova Times","og_description":"Franca dhe Gjermania d\u00ebrguan brigada zjarrfik\u00ebse n\u00eb Holand\u00eb t\u00eb premten p\u00ebr t\u00eb ndihmuar n\u00eb luftimin e zjarreve n\u00eb pyje q\u00eb kan\u00eb p\u00ebrfshir\u00eb disa zona. Shum\u00eb nga zjarret, t\u00eb cilat shp\u00ebrthyen t\u00eb m\u00ebrkur\u00ebn dhe t\u00eb enjten, po digjen n\u00eb jug t\u00eb vendit n\u00eb tok\u00eb t\u00eb p\u00ebrdorur p\u00ebr st\u00ebrvitje ushtarake, p\u00ebrfshir\u00eb nj\u00eb poligon artilerie. Autoritetet holandeze t\u00eb [&hellip;]","og_url":"https:\/\/kosovatimes.info\/index.php\/2026\/05\/02\/zjarret-po-shperthejne-ne-terrenet-e-stervitjes-ushtarake-ne-holande-ndihma-po-vjen-nga-franca-dhe-gjermania\/","og_site_name":"Kosova Times","article_published_time":"2026-05-02T06:33:00+00:00","article_modified_time":"2026-05-02T08:29:06+00:00","og_image":[{"width":765,"height":724,"url":"https:\/\/kosovatimes.info\/wp-content\/uploads\/2026\/05\/zjarre.webp","type":"image\/webp"}],"author":"i l","twitter_card":"summary_large_image","twitter_misc":{"Written by":"i l","Est. reading time":"2 minutes"},"schema":{"@context":"https:\/\/schema.org","@graph":[{"@type":"Article","@id":"https:\/\/kosovatimes.info\/index.php\/2026\/05\/02\/zjarret-po-shperthejne-ne-terrenet-e-stervitjes-ushtarake-ne-holande-ndihma-po-vjen-nga-franca-dhe-gjermania\/#article","isPartOf":{"@id":"https:\/\/kosovatimes.info\/index.php\/2026\/05\/02\/zjarret-po-shperthejne-ne-terrenet-e-stervitjes-ushtarake-ne-holande-ndihma-po-vjen-nga-franca-dhe-gjermania\/"},"author":{"name":"i l","@id":"https:\/\/kosovatimes.info\/#\/schema\/person\/7586712b9c512fe68085de007378c915"},"headline":"Zjarret po shp\u00ebrthejn\u00eb n\u00eb terrenet e st\u00ebrvitjes ushtarake n\u00eb Holand\u00eb. Ndihma po vjen nga Franca dhe Gjermania","datePublished":"2026-05-02T06:33:00+00:00","dateModified":"2026-05-02T08:29:06+00:00","mainEntityOfPage":{"@id":"https:\/\/kosovatimes.info\/index.php\/2026\/05\/02\/zjarret-po-shperthejne-ne-terrenet-e-stervitjes-ushtarake-ne-holande-ndihma-po-vjen-nga-franca-dhe-gjermania\/"},"wordCount":300,"commentCount":0,"image":{"@id":"https:\/\/kosovatimes.info\/index.php\/2026\/05\/02\/zjarret-po-shperthejne-ne-terrenet-e-stervitjes-ushtarake-ne-holande-ndihma-po-vjen-nga-franca-dhe-gjermania\/#primaryimage"},"thumbnailUrl":"https:\/\/kosovatimes.info\/wp-content\/uploads\/2026\/05\/zjarre.webp","articleSection":["pafilter"],"inLanguage":"en-US","potentialAction":[{"@type":"CommentAction","name":"Comment","target":["https:\/\/kosovatimes.info\/index.php\/2026\/05\/02\/zjarret-po-shperthejne-ne-terrenet-e-stervitjes-ushtarake-ne-holande-ndihma-po-vjen-nga-franca-dhe-gjermania\/#respond"]}]},{"@type":"WebPage","@id":"https:\/\/kosovatimes.info\/index.php\/2026\/05\/02\/zjarret-po-shperthejne-ne-terrenet-e-stervitjes-ushtarake-ne-holande-ndihma-po-vjen-nga-franca-dhe-gjermania\/","url":"https:\/\/kosovatimes.info\/index.php\/2026\/05\/02\/zjarret-po-shperthejne-ne-terrenet-e-stervitjes-ushtarake-ne-holande-ndihma-po-vjen-nga-franca-dhe-gjermania\/","name":"Zjarret po shp\u00ebrthejn\u00eb n\u00eb terrenet e st\u00ebrvitjes ushtarake n\u00eb Holand\u00eb. Ndihma po vjen nga Franca dhe Gjermania - Kosova Times","isPartOf":{"@id":"https:\/\/kosovatimes.info\/#website"},"primaryImageOfPage":{"@id":"https:\/\/kosovatimes.info\/index.php\/2026\/05\/02\/zjarret-po-shperthejne-ne-terrenet-e-stervitjes-ushtarake-ne-holande-ndihma-po-vjen-nga-franca-dhe-gjermania\/#primaryimage"},"image":{"@id":"https:\/\/kosovatimes.info\/index.php\/2026\/05\/02\/zjarret-po-shperthejne-ne-terrenet-e-stervitjes-ushtarake-ne-holande-ndihma-po-vjen-nga-franca-dhe-gjermania\/#primaryimage"},"thumbnailUrl":"https:\/\/kosovatimes.info\/wp-content\/uploads\/2026\/05\/zjarre.webp","datePublished":"2026-05-02T06:33:00+00:00","dateModified":"2026-05-02T08:29:06+00:00","author":{"@id":"https:\/\/kosovatimes.info\/#\/schema\/person\/7586712b9c512fe68085de007378c915"},"breadcrumb":{"@id":"https:\/\/kosovatimes.info\/index.php\/2026\/05\/02\/zjarret-po-shperthejne-ne-terrenet-e-stervitjes-ushtarake-ne-holande-ndihma-po-vjen-nga-franca-dhe-gjermania\/#breadcrumb"},"inLanguage":"en-US","potentialAction":[{"@type":"ReadAction","target":["https:\/\/kosovatimes.info\/index.php\/2026\/05\/02\/zjarret-po-shperthejne-ne-terrenet-e-stervitjes-ushtarake-ne-holande-ndihma-po-vjen-nga-franca-dhe-gjermania\/"]}]},{"@type":"ImageObject","inLanguage":"en-US","@id":"https:\/\/kosovatimes.info\/index.php\/2026\/05\/02\/zjarret-po-shperthejne-ne-terrenet-e-stervitjes-ushtarake-ne-holande-ndihma-po-vjen-nga-franca-dhe-gjermania\/#primaryimage","url":"https:\/\/kosovatimes.info\/wp-content\/uploads\/2026\/05\/zjarre.webp","contentUrl":"https:\/\/kosovatimes.info\/wp-content\/uploads\/2026\/05\/zjarre.webp","width":765,"height":724},{"@type":"BreadcrumbList","@id":"https:\/\/kosovatimes.info\/index.php\/2026\/05\/02\/zjarret-po-shperthejne-ne-terrenet-e-stervitjes-ushtarake-ne-holande-ndihma-po-vjen-nga-franca-dhe-gjermania\/#breadcrumb","itemListElement":[{"@type":"ListItem","position":1,"name":"Home","item":"https:\/\/kosovatimes.info\/"},{"@type":"ListItem","position":2,"name":"Zjarret po shp\u00ebrthejn\u00eb n\u00eb terrenet e st\u00ebrvitjes ushtarake n\u00eb Holand\u00eb. Ndihma po vjen nga Franca dhe Gjermania"}]},{"@type":"WebSite","@id":"https:\/\/kosovatimes.info\/#website","url":"https:\/\/kosovatimes.info\/","name":"Kosova Times","description":"","potentialAction":[{"@type":"SearchAction","target":{"@type":"EntryPoint","urlTemplate":"https:\/\/kosovatimes.info\/?s={search_term_string}"},"query-input":{"@type":"PropertyValueSpecification","valueRequired":true,"valueName":"search_term_string"}}],"inLanguage":"en-US"},{"@type":"Person","@id":"https:\/\/kosovatimes.info\/#\/schema\/person\/7586712b9c512fe68085de007378c915","name":"i l","image":{"@type":"ImageObject","inLanguage":"en-US","@id":"https:\/\/secure.gravatar.com\/avatar\/bad9296e02816160ae2e2435beda58222022298d5625d49fea74d18816fbb31d?s=96&d=mm&r=g","url":"https:\/\/secure.gravatar.com\/avatar\/bad9296e02816160ae2e2435beda58222022298d5625d49fea74d18816fbb31d?s=96&d=mm&r=g","contentUrl":"https:\/\/secure.gravatar.com\/avatar\/bad9296e02816160ae2e2435beda58222022298d5625d49fea74d18816fbb31d?s=96&d=mm&r=g","caption":"i l"},"url":"https:\/\/kosovatimes.info\/index.php\/author\/iliri\/"}]}},"_links":{"self":[{"href":"https:\/\/kosovatimes.info\/index.php\/wp-json\/wp\/v2\/posts\/13080","targetHints":{"allow":["GET"]}}],"collection":[{"href":"https:\/\/kosovatimes.info\/index.php\/wp-json\/wp\/v2\/posts"}],"about":[{"href":"https:\/\/kosovatimes.info\/index.php\/wp-json\/wp\/v2\/types\/post"}],"author":[{"embeddable":true,"href":"https:\/\/kosovatimes.info\/index.php\/wp-json\/wp\/v2\/users\/4"}],"replies":[{"embeddable":true,"href":"https:\/\/kosovatimes.info\/index.php\/wp-json\/wp\/v2\/comments?post=13080"}],"version-history":[{"count":1,"href":"https:\/\/kosovatimes.info\/index.php\/wp-json\/wp\/v2\/posts\/13080\/revisions"}],"predecessor-version":[{"id":13082,"href":"https:\/\/kosovatimes.info\/index.php\/wp-json\/wp\/v2\/posts\/13080\/revisions\/13082"}],"wp:featuredmedia":[{"embeddable":true,"href":"https:\/\/kosovatimes.info\/index.php\/wp-json\/wp\/v2\/media\/13081"}],"wp:attachment":[{"href":"https:\/\/kosovatimes.info\/index.php\/wp-json\/wp\/v2\/media?parent=13080"}],"wp:term":[{"taxonomy":"category","embeddable":true,"href":"https:\/\/kosovatimes.info\/index.php\/wp-json\/wp\/v2\/categories?post=13080"},{"taxonomy":"post_tag","embeddable":true,"href":"https:\/\/kosovatimes.info\/index.php\/wp-json\/wp\/v2\/tags?post=13080"}],"curies":[{"name":"wp","href":"https:\/\/api.w.org\/{rel}","templated":true}]}}