{"id":13086,"date":"2026-05-02T10:35:09","date_gmt":"2026-05-02T08:35:09","guid":{"rendered":"https:\/\/kosovatimes.info\/?p=13086"},"modified":"2026-05-02T10:35:11","modified_gmt":"2026-05-02T08:35:11","slug":"droni-rus-hyn-ne-hapesiren-ajrore-rumune-gjate-sulmit-ne-ukraine","status":"publish","type":"post","link":"https:\/\/kosovatimes.info\/index.php\/2026\/05\/02\/droni-rus-hyn-ne-hapesiren-ajrore-rumune-gjate-sulmit-ne-ukraine\/","title":{"rendered":"Droni rus hyn n\u00eb hap\u00ebsir\u00ebn ajrore rumune gjat\u00eb sulmit n\u00eb Ukrain\u00eb"},"content":{"rendered":"\n<p>Ministria&nbsp;<a href=\"https:\/\/www.kyivpost.com\/topic\/romania\">rumune<\/a>&nbsp;e Mbrojtjes Komb\u00ebtare konfirmoi se nj\u00eb&nbsp;<a href=\"https:\/\/www.kyivpost.com\/topic\/drones\">dron<\/a>&nbsp;rus hyri p\u00ebr pak koh\u00eb n\u00eb hap\u00ebsir\u00ebn ajrore t\u00eb Rumanis\u00eb her\u00ebt n\u00eb m\u00ebngjesin e s\u00eb shtun\u00ebs, m\u00eb 2 maj, raportoi&nbsp;<a href=\"https:\/\/www.digi24.ro\/stiri\/actualitate\/o-drona-ruseasca-a-patruns-in-spatiul-aerian-al-romaniei-mapn-a-ridicat-avioane-f-16-in-aer-3753015\">Digi24<\/a>&nbsp;.<\/p>\n\n\n\n<p>Nd\u00ebrhyrja ndodhi nd\u00ebrsa forcat&nbsp;<a href=\"https:\/\/www.kyivpost.com\/topic\/Russia\">ruse<\/a>&nbsp;nis\u00ebn nj\u00eb sulm t\u00eb koordinuar ndaj objektivave civil\u00eb dhe t\u00eb infrastruktur\u00ebs n\u00eb Ukrain\u00eb, duke u p\u00ebrqendruar konkretisht n\u00eb rrethin Izmail pran\u00eb kufirit me lumin Danub.<\/p>\n\n\n\n<p>Sistemet e radar\u00ebve rumune zbuluan nj\u00eb grup prej 20 dron\u00ebsh q\u00eb l\u00ebviznin drejt zon\u00ebs s\u00eb Izmail. N\u00eb p\u00ebrgjigje, dy avion\u00eb luftarak\u00eb\u00a0<a href=\"https:\/\/www.kyivpost.com\/topic\/f-16\">F-16<\/a>\u00a0u ngrit\u00ebn nga Baza e 86-t\u00eb Ajrore n\u00eb Fetesti rreth or\u00ebs 02:00 p\u00ebr t\u00eb monitoruar situat\u00ebn. Autoritetet komb\u00ebtare l\u00ebshuan njoftime RO-Alert p\u00ebr banor\u00ebt n\u00eb qarkun verior t\u00eb Tulceas n\u00eb or\u00ebn 02:03 p\u00ebr t\u00eb paralajm\u00ebruar p\u00ebr objekte t\u00eb mundshme q\u00eb bien.Sipas ministris\u00eb s\u00eb mbrojtjes, droni kaloi n\u00eb territorin rumun n\u00eb zon\u00ebn e Kiliias p\u00ebrpara se t\u00eb vazhdonte t\u00eb kthehej drejt Izmailit. Shp\u00ebrthime t\u00eb shumta u raportuan n\u00eb an\u00ebn ukrainase t\u00eb Danubit p\u00ebrpara se alarmi i sulmit ajror t\u00eb hiqej n\u00eb or\u00ebn 02:50. Zyrtar\u00ebt rumun\u00eb konfirmuan se jan\u00eb n\u00eb kontakt t\u00eb vazhduesh\u00ebm me strukturat\u00a0<br><a href=\"https:\/\/www.kyivpost.com\/topic\/nato\">e NATO-s<\/a>\u00a0p\u00ebr t\u00eb ofruar p\u00ebrdit\u00ebsime n\u00eb koh\u00eb reale mbi k\u00ebto incidente kufitare.Ky inkursion ishte pjes\u00eb e nj\u00eb&nbsp;<a href=\"https:\/\/www.kyivpost.com\/post\/75243\">fushate m\u00eb t\u00eb gjer\u00eb ruse q\u00eb p\u00ebrfshinte 163 dron\u00eb t\u00eb l\u00ebshuar kund\u00ebr Ukrain\u00ebs gjat\u00eb nat\u00ebs<\/a>&nbsp;. Nd\u00ebrsa mbrojtja ajrore ukrainase kapi 142 objektiva, 17 dron\u00eb godit\u00ebn 12 vende, duke p\u00ebrfshir\u00eb infrastruktur\u00ebn portuale n\u00eb rajonin e&nbsp;<a href=\"https:\/\/www.kyivpost.com\/topic\/odesa\">Odes\u00ebs<\/a>&nbsp;.<\/p>\n\n\n\n<p>Kjo sh\u00ebnon p\u00ebrhapjen e dyt\u00eb t\u00eb madhe t\u00eb katastrof\u00ebs n\u00eb Rumani n\u00eb jav\u00ebt e fundit. M\u00eb 25 prill,&nbsp;<a href=\"https:\/\/www.kyivpost.com\/post\/74735\">mbeturinat e nj\u00eb droni rus d\u00ebmtuan nj\u00eb nd\u00ebrtes\u00eb ferme dhe nj\u00eb shtyll\u00eb elektrike n\u00eb rajonin e Galatit<\/a>&nbsp;, duke shkaktuar nj\u00eb d\u00ebnim t\u00eb fort\u00eb nga Bukureshti n\u00eb lidhje me &#8220;mosrespektimin e ligjit nd\u00ebrkomb\u00ebtar&#8221; nga Rusia dhe k\u00ebrc\u00ebnimin ndaj siguris\u00eb kolektive t\u00eb NATO-s.<\/p>\n","protected":false},"excerpt":{"rendered":"<p>Ministria&nbsp;rumune&nbsp;e Mbrojtjes Komb\u00ebtare konfirmoi se nj\u00eb&nbsp;dron&nbsp;rus hyri p\u00ebr pak koh\u00eb n\u00eb hap\u00ebsir\u00ebn ajrore t\u00eb Rumanis\u00eb her\u00ebt n\u00eb m\u00ebngjesin e s\u00eb shtun\u00ebs, m\u00eb 2 maj, raportoi&nbsp;Digi24&nbsp;. Nd\u00ebrhyrja ndodhi nd\u00ebrsa forcat&nbsp;ruse&nbsp;nis\u00ebn nj\u00eb sulm t\u00eb koordinuar ndaj objektivave civil\u00eb dhe t\u00eb infrastruktur\u00ebs n\u00eb Ukrain\u00eb, duke u p\u00ebrqendruar konkretisht n\u00eb rrethin Izmail pran\u00eb kufirit me lumin Danub. Sistemet e [&hellip;]<\/p>\n","protected":false},"author":4,"featured_media":13087,"comment_status":"open","ping_status":"open","sticky":false,"template":"","format":"standard","meta":{"footnotes":""},"categories":[33,30],"tags":[],"class_list":{"0":"post-13086","1":"post","2":"type-post","3":"status-publish","4":"format-standard","5":"has-post-thumbnail","7":"category-bote","8":"category-lajme"},"yoast_head":"<!-- This site is optimized with the Yoast SEO plugin v27.4 - https:\/\/yoast.com\/product\/yoast-seo-wordpress\/ -->\n<title>Droni rus hyn n\u00eb hap\u00ebsir\u00ebn ajrore rumune gjat\u00eb sulmit n\u00eb Ukrain\u00eb - Kosova Times<\/title>\n<meta name=\"robots\" content=\"index, follow, max-snippet:-1, max-image-preview:large, max-video-preview:-1\" \/>\n<link rel=\"canonical\" href=\"https:\/\/kosovatimes.info\/index.php\/2026\/05\/02\/droni-rus-hyn-ne-hapesiren-ajrore-rumune-gjate-sulmit-ne-ukraine\/\" \/>\n<meta property=\"og:locale\" content=\"en_US\" \/>\n<meta property=\"og:type\" content=\"article\" \/>\n<meta property=\"og:title\" content=\"Droni rus hyn n\u00eb hap\u00ebsir\u00ebn ajrore rumune gjat\u00eb sulmit n\u00eb Ukrain\u00eb - Kosova Times\" \/>\n<meta property=\"og:description\" content=\"Ministria&nbsp;rumune&nbsp;e Mbrojtjes Komb\u00ebtare konfirmoi se nj\u00eb&nbsp;dron&nbsp;rus hyri p\u00ebr pak koh\u00eb n\u00eb hap\u00ebsir\u00ebn ajrore t\u00eb Rumanis\u00eb her\u00ebt n\u00eb m\u00ebngjesin e s\u00eb shtun\u00ebs, m\u00eb 2 maj, raportoi&nbsp;Digi24&nbsp;. Nd\u00ebrhyrja ndodhi nd\u00ebrsa forcat&nbsp;ruse&nbsp;nis\u00ebn nj\u00eb sulm t\u00eb koordinuar ndaj objektivave civil\u00eb dhe t\u00eb infrastruktur\u00ebs n\u00eb Ukrain\u00eb, duke u p\u00ebrqendruar konkretisht n\u00eb rrethin Izmail pran\u00eb kufirit me lumin Danub. Sistemet e [&hellip;]\" \/>\n<meta property=\"og:url\" content=\"https:\/\/kosovatimes.info\/index.php\/2026\/05\/02\/droni-rus-hyn-ne-hapesiren-ajrore-rumune-gjate-sulmit-ne-ukraine\/\" \/>\n<meta property=\"og:site_name\" content=\"Kosova Times\" \/>\n<meta property=\"article:published_time\" content=\"2026-05-02T08:35:09+00:00\" \/>\n<meta property=\"article:modified_time\" content=\"2026-05-02T08:35:11+00:00\" \/>\n<meta property=\"og:image\" content=\"https:\/\/kosovatimes.info\/wp-content\/uploads\/2026\/05\/droni.webp\" \/>\n\t<meta property=\"og:image:width\" content=\"2560\" \/>\n\t<meta property=\"og:image:height\" content=\"1818\" \/>\n\t<meta property=\"og:image:type\" content=\"image\/webp\" \/>\n<meta name=\"author\" content=\"i l\" \/>\n<meta name=\"twitter:card\" content=\"summary_large_image\" \/>\n<meta name=\"twitter:label1\" content=\"Written by\" \/>\n\t<meta name=\"twitter:data1\" content=\"i l\" \/>\n\t<meta name=\"twitter:label2\" content=\"Est. reading time\" \/>\n\t<meta name=\"twitter:data2\" content=\"2 minutes\" \/>\n<script type=\"application\/ld+json\" class=\"yoast-schema-graph\">{\"@context\":\"https:\\\/\\\/schema.org\",\"@graph\":[{\"@type\":\"Article\",\"@id\":\"https:\\\/\\\/kosovatimes.info\\\/index.php\\\/2026\\\/05\\\/02\\\/droni-rus-hyn-ne-hapesiren-ajrore-rumune-gjate-sulmit-ne-ukraine\\\/#article\",\"isPartOf\":{\"@id\":\"https:\\\/\\\/kosovatimes.info\\\/index.php\\\/2026\\\/05\\\/02\\\/droni-rus-hyn-ne-hapesiren-ajrore-rumune-gjate-sulmit-ne-ukraine\\\/\"},\"author\":{\"name\":\"i l\",\"@id\":\"https:\\\/\\\/kosovatimes.info\\\/#\\\/schema\\\/person\\\/7586712b9c512fe68085de007378c915\"},\"headline\":\"Droni rus hyn n\u00eb hap\u00ebsir\u00ebn ajrore rumune gjat\u00eb sulmit n\u00eb Ukrain\u00eb\",\"datePublished\":\"2026-05-02T08:35:09+00:00\",\"dateModified\":\"2026-05-02T08:35:11+00:00\",\"mainEntityOfPage\":{\"@id\":\"https:\\\/\\\/kosovatimes.info\\\/index.php\\\/2026\\\/05\\\/02\\\/droni-rus-hyn-ne-hapesiren-ajrore-rumune-gjate-sulmit-ne-ukraine\\\/\"},\"wordCount\":367,\"commentCount\":0,\"image\":{\"@id\":\"https:\\\/\\\/kosovatimes.info\\\/index.php\\\/2026\\\/05\\\/02\\\/droni-rus-hyn-ne-hapesiren-ajrore-rumune-gjate-sulmit-ne-ukraine\\\/#primaryimage\"},\"thumbnailUrl\":\"https:\\\/\\\/kosovatimes.info\\\/wp-content\\\/uploads\\\/2026\\\/05\\\/droni.webp\",\"articleSection\":[\"Bot\u00eb\",\"Lajme\"],\"inLanguage\":\"en-US\",\"potentialAction\":[{\"@type\":\"CommentAction\",\"name\":\"Comment\",\"target\":[\"https:\\\/\\\/kosovatimes.info\\\/index.php\\\/2026\\\/05\\\/02\\\/droni-rus-hyn-ne-hapesiren-ajrore-rumune-gjate-sulmit-ne-ukraine\\\/#respond\"]}]},{\"@type\":\"WebPage\",\"@id\":\"https:\\\/\\\/kosovatimes.info\\\/index.php\\\/2026\\\/05\\\/02\\\/droni-rus-hyn-ne-hapesiren-ajrore-rumune-gjate-sulmit-ne-ukraine\\\/\",\"url\":\"https:\\\/\\\/kosovatimes.info\\\/index.php\\\/2026\\\/05\\\/02\\\/droni-rus-hyn-ne-hapesiren-ajrore-rumune-gjate-sulmit-ne-ukraine\\\/\",\"name\":\"Droni rus hyn n\u00eb hap\u00ebsir\u00ebn ajrore rumune gjat\u00eb sulmit n\u00eb Ukrain\u00eb - Kosova Times\",\"isPartOf\":{\"@id\":\"https:\\\/\\\/kosovatimes.info\\\/#website\"},\"primaryImageOfPage\":{\"@id\":\"https:\\\/\\\/kosovatimes.info\\\/index.php\\\/2026\\\/05\\\/02\\\/droni-rus-hyn-ne-hapesiren-ajrore-rumune-gjate-sulmit-ne-ukraine\\\/#primaryimage\"},\"image\":{\"@id\":\"https:\\\/\\\/kosovatimes.info\\\/index.php\\\/2026\\\/05\\\/02\\\/droni-rus-hyn-ne-hapesiren-ajrore-rumune-gjate-sulmit-ne-ukraine\\\/#primaryimage\"},\"thumbnailUrl\":\"https:\\\/\\\/kosovatimes.info\\\/wp-content\\\/uploads\\\/2026\\\/05\\\/droni.webp\",\"datePublished\":\"2026-05-02T08:35:09+00:00\",\"dateModified\":\"2026-05-02T08:35:11+00:00\",\"author\":{\"@id\":\"https:\\\/\\\/kosovatimes.info\\\/#\\\/schema\\\/person\\\/7586712b9c512fe68085de007378c915\"},\"breadcrumb\":{\"@id\":\"https:\\\/\\\/kosovatimes.info\\\/index.php\\\/2026\\\/05\\\/02\\\/droni-rus-hyn-ne-hapesiren-ajrore-rumune-gjate-sulmit-ne-ukraine\\\/#breadcrumb\"},\"inLanguage\":\"en-US\",\"potentialAction\":[{\"@type\":\"ReadAction\",\"target\":[\"https:\\\/\\\/kosovatimes.info\\\/index.php\\\/2026\\\/05\\\/02\\\/droni-rus-hyn-ne-hapesiren-ajrore-rumune-gjate-sulmit-ne-ukraine\\\/\"]}]},{\"@type\":\"ImageObject\",\"inLanguage\":\"en-US\",\"@id\":\"https:\\\/\\\/kosovatimes.info\\\/index.php\\\/2026\\\/05\\\/02\\\/droni-rus-hyn-ne-hapesiren-ajrore-rumune-gjate-sulmit-ne-ukraine\\\/#primaryimage\",\"url\":\"https:\\\/\\\/kosovatimes.info\\\/wp-content\\\/uploads\\\/2026\\\/05\\\/droni.webp\",\"contentUrl\":\"https:\\\/\\\/kosovatimes.info\\\/wp-content\\\/uploads\\\/2026\\\/05\\\/droni.webp\",\"width\":2560,\"height\":1818},{\"@type\":\"BreadcrumbList\",\"@id\":\"https:\\\/\\\/kosovatimes.info\\\/index.php\\\/2026\\\/05\\\/02\\\/droni-rus-hyn-ne-hapesiren-ajrore-rumune-gjate-sulmit-ne-ukraine\\\/#breadcrumb\",\"itemListElement\":[{\"@type\":\"ListItem\",\"position\":1,\"name\":\"Home\",\"item\":\"https:\\\/\\\/kosovatimes.info\\\/\"},{\"@type\":\"ListItem\",\"position\":2,\"name\":\"Droni rus hyn n\u00eb hap\u00ebsir\u00ebn ajrore rumune gjat\u00eb sulmit n\u00eb Ukrain\u00eb\"}]},{\"@type\":\"WebSite\",\"@id\":\"https:\\\/\\\/kosovatimes.info\\\/#website\",\"url\":\"https:\\\/\\\/kosovatimes.info\\\/\",\"name\":\"Kosova Times\",\"description\":\"\",\"potentialAction\":[{\"@type\":\"SearchAction\",\"target\":{\"@type\":\"EntryPoint\",\"urlTemplate\":\"https:\\\/\\\/kosovatimes.info\\\/?s={search_term_string}\"},\"query-input\":{\"@type\":\"PropertyValueSpecification\",\"valueRequired\":true,\"valueName\":\"search_term_string\"}}],\"inLanguage\":\"en-US\"},{\"@type\":\"Person\",\"@id\":\"https:\\\/\\\/kosovatimes.info\\\/#\\\/schema\\\/person\\\/7586712b9c512fe68085de007378c915\",\"name\":\"i l\",\"image\":{\"@type\":\"ImageObject\",\"inLanguage\":\"en-US\",\"@id\":\"https:\\\/\\\/secure.gravatar.com\\\/avatar\\\/bad9296e02816160ae2e2435beda58222022298d5625d49fea74d18816fbb31d?s=96&d=mm&r=g\",\"url\":\"https:\\\/\\\/secure.gravatar.com\\\/avatar\\\/bad9296e02816160ae2e2435beda58222022298d5625d49fea74d18816fbb31d?s=96&d=mm&r=g\",\"contentUrl\":\"https:\\\/\\\/secure.gravatar.com\\\/avatar\\\/bad9296e02816160ae2e2435beda58222022298d5625d49fea74d18816fbb31d?s=96&d=mm&r=g\",\"caption\":\"i l\"},\"url\":\"https:\\\/\\\/kosovatimes.info\\\/index.php\\\/author\\\/iliri\\\/\"}]}<\/script>\n<!-- \/ Yoast SEO plugin. -->","yoast_head_json":{"title":"Droni rus hyn n\u00eb hap\u00ebsir\u00ebn ajrore rumune gjat\u00eb sulmit n\u00eb Ukrain\u00eb - Kosova Times","robots":{"index":"index","follow":"follow","max-snippet":"max-snippet:-1","max-image-preview":"max-image-preview:large","max-video-preview":"max-video-preview:-1"},"canonical":"https:\/\/kosovatimes.info\/index.php\/2026\/05\/02\/droni-rus-hyn-ne-hapesiren-ajrore-rumune-gjate-sulmit-ne-ukraine\/","og_locale":"en_US","og_type":"article","og_title":"Droni rus hyn n\u00eb hap\u00ebsir\u00ebn ajrore rumune gjat\u00eb sulmit n\u00eb Ukrain\u00eb - Kosova Times","og_description":"Ministria&nbsp;rumune&nbsp;e Mbrojtjes Komb\u00ebtare konfirmoi se nj\u00eb&nbsp;dron&nbsp;rus hyri p\u00ebr pak koh\u00eb n\u00eb hap\u00ebsir\u00ebn ajrore t\u00eb Rumanis\u00eb her\u00ebt n\u00eb m\u00ebngjesin e s\u00eb shtun\u00ebs, m\u00eb 2 maj, raportoi&nbsp;Digi24&nbsp;. Nd\u00ebrhyrja ndodhi nd\u00ebrsa forcat&nbsp;ruse&nbsp;nis\u00ebn nj\u00eb sulm t\u00eb koordinuar ndaj objektivave civil\u00eb dhe t\u00eb infrastruktur\u00ebs n\u00eb Ukrain\u00eb, duke u p\u00ebrqendruar konkretisht n\u00eb rrethin Izmail pran\u00eb kufirit me lumin Danub. Sistemet e [&hellip;]","og_url":"https:\/\/kosovatimes.info\/index.php\/2026\/05\/02\/droni-rus-hyn-ne-hapesiren-ajrore-rumune-gjate-sulmit-ne-ukraine\/","og_site_name":"Kosova Times","article_published_time":"2026-05-02T08:35:09+00:00","article_modified_time":"2026-05-02T08:35:11+00:00","og_image":[{"width":2560,"height":1818,"url":"https:\/\/kosovatimes.info\/wp-content\/uploads\/2026\/05\/droni.webp","type":"image\/webp"}],"author":"i l","twitter_card":"summary_large_image","twitter_misc":{"Written by":"i l","Est. reading time":"2 minutes"},"schema":{"@context":"https:\/\/schema.org","@graph":[{"@type":"Article","@id":"https:\/\/kosovatimes.info\/index.php\/2026\/05\/02\/droni-rus-hyn-ne-hapesiren-ajrore-rumune-gjate-sulmit-ne-ukraine\/#article","isPartOf":{"@id":"https:\/\/kosovatimes.info\/index.php\/2026\/05\/02\/droni-rus-hyn-ne-hapesiren-ajrore-rumune-gjate-sulmit-ne-ukraine\/"},"author":{"name":"i l","@id":"https:\/\/kosovatimes.info\/#\/schema\/person\/7586712b9c512fe68085de007378c915"},"headline":"Droni rus hyn n\u00eb hap\u00ebsir\u00ebn ajrore rumune gjat\u00eb sulmit n\u00eb Ukrain\u00eb","datePublished":"2026-05-02T08:35:09+00:00","dateModified":"2026-05-02T08:35:11+00:00","mainEntityOfPage":{"@id":"https:\/\/kosovatimes.info\/index.php\/2026\/05\/02\/droni-rus-hyn-ne-hapesiren-ajrore-rumune-gjate-sulmit-ne-ukraine\/"},"wordCount":367,"commentCount":0,"image":{"@id":"https:\/\/kosovatimes.info\/index.php\/2026\/05\/02\/droni-rus-hyn-ne-hapesiren-ajrore-rumune-gjate-sulmit-ne-ukraine\/#primaryimage"},"thumbnailUrl":"https:\/\/kosovatimes.info\/wp-content\/uploads\/2026\/05\/droni.webp","articleSection":["Bot\u00eb","Lajme"],"inLanguage":"en-US","potentialAction":[{"@type":"CommentAction","name":"Comment","target":["https:\/\/kosovatimes.info\/index.php\/2026\/05\/02\/droni-rus-hyn-ne-hapesiren-ajrore-rumune-gjate-sulmit-ne-ukraine\/#respond"]}]},{"@type":"WebPage","@id":"https:\/\/kosovatimes.info\/index.php\/2026\/05\/02\/droni-rus-hyn-ne-hapesiren-ajrore-rumune-gjate-sulmit-ne-ukraine\/","url":"https:\/\/kosovatimes.info\/index.php\/2026\/05\/02\/droni-rus-hyn-ne-hapesiren-ajrore-rumune-gjate-sulmit-ne-ukraine\/","name":"Droni rus hyn n\u00eb hap\u00ebsir\u00ebn ajrore rumune gjat\u00eb sulmit n\u00eb Ukrain\u00eb - Kosova Times","isPartOf":{"@id":"https:\/\/kosovatimes.info\/#website"},"primaryImageOfPage":{"@id":"https:\/\/kosovatimes.info\/index.php\/2026\/05\/02\/droni-rus-hyn-ne-hapesiren-ajrore-rumune-gjate-sulmit-ne-ukraine\/#primaryimage"},"image":{"@id":"https:\/\/kosovatimes.info\/index.php\/2026\/05\/02\/droni-rus-hyn-ne-hapesiren-ajrore-rumune-gjate-sulmit-ne-ukraine\/#primaryimage"},"thumbnailUrl":"https:\/\/kosovatimes.info\/wp-content\/uploads\/2026\/05\/droni.webp","datePublished":"2026-05-02T08:35:09+00:00","dateModified":"2026-05-02T08:35:11+00:00","author":{"@id":"https:\/\/kosovatimes.info\/#\/schema\/person\/7586712b9c512fe68085de007378c915"},"breadcrumb":{"@id":"https:\/\/kosovatimes.info\/index.php\/2026\/05\/02\/droni-rus-hyn-ne-hapesiren-ajrore-rumune-gjate-sulmit-ne-ukraine\/#breadcrumb"},"inLanguage":"en-US","potentialAction":[{"@type":"ReadAction","target":["https:\/\/kosovatimes.info\/index.php\/2026\/05\/02\/droni-rus-hyn-ne-hapesiren-ajrore-rumune-gjate-sulmit-ne-ukraine\/"]}]},{"@type":"ImageObject","inLanguage":"en-US","@id":"https:\/\/kosovatimes.info\/index.php\/2026\/05\/02\/droni-rus-hyn-ne-hapesiren-ajrore-rumune-gjate-sulmit-ne-ukraine\/#primaryimage","url":"https:\/\/kosovatimes.info\/wp-content\/uploads\/2026\/05\/droni.webp","contentUrl":"https:\/\/kosovatimes.info\/wp-content\/uploads\/2026\/05\/droni.webp","width":2560,"height":1818},{"@type":"BreadcrumbList","@id":"https:\/\/kosovatimes.info\/index.php\/2026\/05\/02\/droni-rus-hyn-ne-hapesiren-ajrore-rumune-gjate-sulmit-ne-ukraine\/#breadcrumb","itemListElement":[{"@type":"ListItem","position":1,"name":"Home","item":"https:\/\/kosovatimes.info\/"},{"@type":"ListItem","position":2,"name":"Droni rus hyn n\u00eb hap\u00ebsir\u00ebn ajrore rumune gjat\u00eb sulmit n\u00eb Ukrain\u00eb"}]},{"@type":"WebSite","@id":"https:\/\/kosovatimes.info\/#website","url":"https:\/\/kosovatimes.info\/","name":"Kosova Times","description":"","potentialAction":[{"@type":"SearchAction","target":{"@type":"EntryPoint","urlTemplate":"https:\/\/kosovatimes.info\/?s={search_term_string}"},"query-input":{"@type":"PropertyValueSpecification","valueRequired":true,"valueName":"search_term_string"}}],"inLanguage":"en-US"},{"@type":"Person","@id":"https:\/\/kosovatimes.info\/#\/schema\/person\/7586712b9c512fe68085de007378c915","name":"i l","image":{"@type":"ImageObject","inLanguage":"en-US","@id":"https:\/\/secure.gravatar.com\/avatar\/bad9296e02816160ae2e2435beda58222022298d5625d49fea74d18816fbb31d?s=96&d=mm&r=g","url":"https:\/\/secure.gravatar.com\/avatar\/bad9296e02816160ae2e2435beda58222022298d5625d49fea74d18816fbb31d?s=96&d=mm&r=g","contentUrl":"https:\/\/secure.gravatar.com\/avatar\/bad9296e02816160ae2e2435beda58222022298d5625d49fea74d18816fbb31d?s=96&d=mm&r=g","caption":"i l"},"url":"https:\/\/kosovatimes.info\/index.php\/author\/iliri\/"}]}},"_links":{"self":[{"href":"https:\/\/kosovatimes.info\/index.php\/wp-json\/wp\/v2\/posts\/13086","targetHints":{"allow":["GET"]}}],"collection":[{"href":"https:\/\/kosovatimes.info\/index.php\/wp-json\/wp\/v2\/posts"}],"about":[{"href":"https:\/\/kosovatimes.info\/index.php\/wp-json\/wp\/v2\/types\/post"}],"author":[{"embeddable":true,"href":"https:\/\/kosovatimes.info\/index.php\/wp-json\/wp\/v2\/users\/4"}],"replies":[{"embeddable":true,"href":"https:\/\/kosovatimes.info\/index.php\/wp-json\/wp\/v2\/comments?post=13086"}],"version-history":[{"count":1,"href":"https:\/\/kosovatimes.info\/index.php\/wp-json\/wp\/v2\/posts\/13086\/revisions"}],"predecessor-version":[{"id":13088,"href":"https:\/\/kosovatimes.info\/index.php\/wp-json\/wp\/v2\/posts\/13086\/revisions\/13088"}],"wp:featuredmedia":[{"embeddable":true,"href":"https:\/\/kosovatimes.info\/index.php\/wp-json\/wp\/v2\/media\/13087"}],"wp:attachment":[{"href":"https:\/\/kosovatimes.info\/index.php\/wp-json\/wp\/v2\/media?parent=13086"}],"wp:term":[{"taxonomy":"category","embeddable":true,"href":"https:\/\/kosovatimes.info\/index.php\/wp-json\/wp\/v2\/categories?post=13086"},{"taxonomy":"post_tag","embeddable":true,"href":"https:\/\/kosovatimes.info\/index.php\/wp-json\/wp\/v2\/tags?post=13086"}],"curies":[{"name":"wp","href":"https:\/\/api.w.org\/{rel}","templated":true}]}}