{"id":13089,"date":"2026-05-02T10:43:11","date_gmt":"2026-05-02T08:43:11","guid":{"rendered":"https:\/\/kosovatimes.info\/?p=13089"},"modified":"2026-05-02T10:43:14","modified_gmt":"2026-05-02T08:43:14","slug":"ngjarjet-me-adrese-ballkanike-6","status":"publish","type":"post","link":"https:\/\/kosovatimes.info\/index.php\/2026\/05\/02\/ngjarjet-me-adrese-ballkanike-6\/","title":{"rendered":"Ngjarjet me adres\u00eb ballkanike"},"content":{"rendered":"\n<p><strong>Hakan Fidan kritikon BE-n\u00eb p\u00ebr perspektiv\u00ebn evropiane t\u00eb Turqis\u00eb<\/strong><\/p>\n\n\n\n<p><br>Ministri i Jasht\u00ebm turk, Hakan Fidan, akuzoi BE-n\u00eb p\u00ebr munges\u00eb vullneti politik p\u00ebr t\u00eb rishikuar Bashkimin Doganor dhe p\u00ebr perspektiv\u00ebn e an\u00ebtar\u00ebsimit t\u00eb Turqis\u00eb n\u00eb union, njofton BTA. Gjat\u00eb vizit\u00ebs s\u00eb tij n\u00eb Austri, Fidan deklaroi se pavar\u00ebsisht potencialit gjeostrategjik dhe ekonomik t\u00eb vendit, si dhe p\u00ebrfitimeve p\u00ebr Evrop\u00ebn, procesi \u00ebsht\u00eb i bllokuar p\u00ebr arsye politike.<\/p>\n\n\n\n<p><br>Sipas tij, BE-ja nuk \u00ebsht\u00eb e gatshme t\u00eb marr\u00eb angazhim p\u00ebr t\u00eb pranuar Turqin\u00eb edhe n\u00ebse plot\u00ebsohen kriteret, duke theksuar se ky vullnet \u00ebsht\u00eb dob\u00ebsuar pas vitit 2007. \u201cVullneti politik evropian, i cili u shpreh nga Jacques Chirac dhe Gerhard Schr\u00f6der, u zhduk bashk\u00eb me Nicolas Sarkozy\u201d, komentoi Fidan.<\/p>\n\n\n\n<p><br>Ministri theksoi nevoj\u00ebn p\u00ebr bashk\u00ebpunim m\u00eb t\u00eb ngusht\u00eb mes Ankaras\u00eb dhe BE-s\u00eb n\u00eb kontekstin e luft\u00ebs n\u00eb Ukraine, krizave n\u00eb Lindjen e Mesme dhe \u00e7\u00ebshtjeve t\u00eb siguris\u00eb evropiane dhe NATO. Ai gjithashtu theksoi se nj\u00eb rishikim i mundsh\u00ebm i Bashkimit Doganor midis BE-s\u00eb dhe Turqis\u00eb mund t\u00eb dyfishoj\u00eb shk\u00ebmbimet tregtare deri n\u00eb 500 miliard\u00eb dollar\u00eb.<\/p>\n\n\n\n<figure class=\"wp-block-image\"><img decoding=\"async\" src=\"https:\/\/bnrnews.bg\/api\/media\/0d0cceb3-697b-4290-8197-99aeb43beb2b?Size=large\" alt=\"\"\/><\/figure>\n\n\n\n<p>FOTO:&nbsp;Reuters<\/p>\n\n\n\n<p><strong>D\u00ebshtimi i votimit p\u00ebr president e shtyn Kosov\u00ebn drejt zgjedhjeve t\u00eb reja<\/strong><\/p>\n\n\n\n<p><br>Kosovo po shkon drejt zgjedhjeve t\u00eb reja t\u00eb parakohshme parlamentare, pasi deputet\u00ebt nuk arrit\u00ebn t\u00eb zgjedhin presidentin brenda afatit, njofton Reuters, cituar nga BTA. Parlamenti kishte koh\u00eb deri n\u00eb mesnat\u00ebn e s\u00eb mart\u00ebs (28.04) p\u00ebr t\u00eb zgjedhur kreun e shtetit, pasi mandati i Vjosa Osmanit p\u00ebrfundoi n\u00eb fillim t\u00eb prillit.<\/p>\n\n\n\n<p><br>Megjithat\u00eb, kryeministri Albin Kurti nuk arriti t\u00eb siguroj\u00eb mb\u00ebshtetjen e opozit\u00ebs p\u00ebr kandidatin e tij, nd\u00ebrsa mungesa e kuorumit \u2013 prania e dy t\u00eb tretave t\u00eb deputet\u00ebve n\u00eb parlamentin me 120 vende \u2013 e bllokoi votimin. \u201cParlamenti konsiderohet i shp\u00ebrndar\u00eb\u201d, deklaroi pas p\u00ebrfundimit t\u00eb afatit kryetarja e parlamentit dhe ushtruese e detyr\u00ebs s\u00eb presidentit Albulena Haxhiu. Zgjedhjet e reja, t\u00eb cilat do t\u00eb jen\u00eb t\u00eb tretat brenda pak m\u00eb shum\u00eb se nj\u00eb viti, pritet t\u00eb mbahen m\u00eb 31 maj ose 7 qershor.<\/p>\n\n\n\n<p><br>Kriza politike zgjat paq\u00ebndrueshm\u00ebrin\u00eb n\u00eb Kosovo dhe v\u00eb n\u00eb pik\u00ebpyetje p\u00ebrparimin e reformave ky\u00e7e n\u00eb rrug\u00ebn drejt Bashkimit Evropian.<\/p>\n\n\n\n<figure class=\"wp-block-image\"><img decoding=\"async\" src=\"https:\/\/bnrnews.bg\/api\/media\/0c4ad8e2-2ef3-49bb-b0be-aa072271de48?Size=large\" alt=\"\"\/><\/figure>\n\n\n\n<p>FOTO:&nbsp;balkaninsight.com<\/p>\n\n\n\n<p><strong>Kroacia me plan p\u00ebr nj\u00eb qend\u00ebr AI prej 50 miliard\u00eb eurosh n\u00eb Topusko<\/strong><\/p>\n\n\n\n<p><br>Nj\u00eb projekt p\u00ebr nd\u00ebrtimin e nj\u00eb qendre t\u00eb avancuar teknologjike p\u00ebr zhvillim dhe inovacion n\u00eb fush\u00ebn e inteligjenc\u00ebs artificiale, me vler\u00eb mbi 50 miliard\u00eb euro, u prezantua k\u00ebt\u00eb jav\u00eb n\u00eb nj\u00eb forum biznesi t\u00eb Three Seas Initiative n\u00eb Dubrovnik, raportoi HINA.<\/p>\n\n\n\n<p><br>Projekti, i quajtur \u201cPantheon\u201d, do t\u00eb nd\u00ebrtohet n\u00eb qytetin kroat Topusko, do t\u00eb ket\u00eb kapacitet prej 1 gigavati dhe do t\u00eb tejkaloj\u00eb standardin m\u00eb t\u00eb lart\u00eb t\u00eb besueshm\u00ebris\u00eb Tier 4, i aplikuar n\u00eb BE.<\/p>\n\n\n\n<p><br>Kompania Kon\u010dar do t\u00eb marr\u00eb pjes\u00eb n\u00eb nd\u00ebrtimin e nj\u00eb n\u00ebnstacioni modern dhe rreth 280 kilometra linjash t\u00eb reja elektrike, nd\u00ebrsa kompania Greenvolt do t\u00eb nd\u00ebrtoj\u00eb nj\u00eb central fotovoltaik me kapacitet 500 megavat, ekskluzivisht p\u00ebr nevojat e kompleksit.<br>Nd\u00ebrtimi \u00ebsht\u00eb planifikuar t\u00eb nis\u00eb n\u00eb vitin 2027, nd\u00ebrsa v\u00ebnia n\u00eb funksion pritet n\u00eb vitin 2029, sipas 3e-news.net.<\/p>\n\n\n\n<figure class=\"wp-block-image\"><img decoding=\"async\" src=\"https:\/\/bnrnews.bg\/api\/media\/199f3dc1-91eb-47cb-a200-45c38d1b290b?Size=large\" alt=\"\"\/><\/figure>\n\n\n\n<p>FOTO:&nbsp;tovima.com<\/p>\n\n\n\n<p><strong>N\u00eb luft\u00ebn kund\u00ebr nd\u00ebrtimit Greqia zgjeron list\u00ebn e plazheve \u201ct\u00eb paprekura\u201d<\/strong><\/p>\n\n\n\n<p><br>Ministri grek i ekonomis\u00eb Kyriakos Pierrakakis dhe ministri i mjedisit Stavros Papastavrou n\u00ebnshkruan nj\u00eb vendim t\u00eb p\u00ebrbashk\u00ebt p\u00ebr zgjerimin e list\u00ebs s\u00eb t\u00eb ashtuquajturve plazhe \u201ct\u00eb paprekura\u201d, duke e rritur numrin e tyre nga 238 n\u00eb 251, raporton \u201cTa Nea\u201d.<\/p>\n\n\n\n<p><br>Masat po nd\u00ebrmerren n\u00eb sfondin e nj\u00eb fluksi rekord turist\u00ebsh drejt Greqis\u00eb. Shum\u00eb nga ishujt m\u00eb t\u00eb njohur po p\u00ebrballen me presion t\u00eb madh gjat\u00eb sezonit veror. Edhe pse turizmi \u00ebsht\u00eb ky\u00e7 p\u00ebr ekonomin\u00eb, autoritetet theksojn\u00eb nevoj\u00ebn p\u00ebr nj\u00eb ekuilib\u00ebr, p\u00ebr t\u00eb shmangur d\u00ebmtimet afatgjata t\u00eb natyr\u00ebs dhe p\u00ebr t\u00eb ruajtur flor\u00ebn dhe faun\u00ebn vendase, shton \u201cBGNES\u201d.<\/p>\n\n\n\n<p>Numri m\u00eb i madh i k\u00ebtyre plazheve ndodhet n\u00eb ishullin Crete. N\u00eb list\u00eb p\u00ebrfshihet edhe Halikounas Beach \u2013 nj\u00eb plazh piktoresk me r\u00ebr\u00eb rreth dy kilometra i gjat\u00eb n\u00eb pjes\u00ebn jugper\u00ebndimore t\u00eb Corfu, i vendosur mes Detit Jon dhe liqenit Korision.<\/p>\n\n\n\n<p><br>Ai \u00ebsht\u00eb i njohur p\u00ebr dunat e r\u00ebr\u00ebs, uj\u00ebrat e cek\u00ebta dhe er\u00ebrat e forta, q\u00eb e b\u00ebjn\u00eb nj\u00eb vend t\u00eb preferuar p\u00ebr kitesurfing dhe windsurfing. N\u00eb zon\u00eb ka pyje t\u00eb shumta, nd\u00ebrsa liqeni \u00ebsht\u00eb nj\u00eb habitat i r\u00ebnd\u00ebsish\u00ebm p\u00ebr mbi 100 lloje shpend\u00ebsh, p\u00ebrfshir\u00eb \u00e7afkat.<\/p>\n","protected":false},"excerpt":{"rendered":"<p>Hakan Fidan kritikon BE-n\u00eb p\u00ebr perspektiv\u00ebn evropiane t\u00eb Turqis\u00eb Ministri i Jasht\u00ebm turk, Hakan Fidan, akuzoi BE-n\u00eb p\u00ebr munges\u00eb vullneti politik p\u00ebr t\u00eb rishikuar Bashkimin Doganor dhe p\u00ebr perspektiv\u00ebn e an\u00ebtar\u00ebsimit t\u00eb Turqis\u00eb n\u00eb union, njofton BTA. Gjat\u00eb vizit\u00ebs s\u00eb tij n\u00eb Austri, Fidan deklaroi se pavar\u00ebsisht potencialit gjeostrategjik dhe ekonomik t\u00eb vendit, si dhe [&hellip;]<\/p>\n","protected":false},"author":4,"featured_media":13090,"comment_status":"open","ping_status":"open","sticky":false,"template":"","format":"standard","meta":{"footnotes":""},"categories":[33,30],"tags":[],"class_list":{"0":"post-13089","1":"post","2":"type-post","3":"status-publish","4":"format-standard","5":"has-post-thumbnail","7":"category-bote","8":"category-lajme"},"yoast_head":"<!-- This site is optimized with the Yoast SEO plugin v27.4 - https:\/\/yoast.com\/product\/yoast-seo-wordpress\/ -->\n<title>Ngjarjet me adres\u00eb ballkanike - Kosova Times<\/title>\n<meta name=\"robots\" content=\"index, follow, max-snippet:-1, max-image-preview:large, max-video-preview:-1\" \/>\n<link rel=\"canonical\" href=\"https:\/\/kosovatimes.info\/index.php\/2026\/05\/02\/ngjarjet-me-adrese-ballkanike-6\/\" \/>\n<meta property=\"og:locale\" content=\"en_US\" \/>\n<meta property=\"og:type\" content=\"article\" \/>\n<meta property=\"og:title\" content=\"Ngjarjet me adres\u00eb ballkanike - Kosova Times\" \/>\n<meta property=\"og:description\" content=\"Hakan Fidan kritikon BE-n\u00eb p\u00ebr perspektiv\u00ebn evropiane t\u00eb Turqis\u00eb Ministri i Jasht\u00ebm turk, Hakan Fidan, akuzoi BE-n\u00eb p\u00ebr munges\u00eb vullneti politik p\u00ebr t\u00eb rishikuar Bashkimin Doganor dhe p\u00ebr perspektiv\u00ebn e an\u00ebtar\u00ebsimit t\u00eb Turqis\u00eb n\u00eb union, njofton BTA. Gjat\u00eb vizit\u00ebs s\u00eb tij n\u00eb Austri, Fidan deklaroi se pavar\u00ebsisht potencialit gjeostrategjik dhe ekonomik t\u00eb vendit, si dhe [&hellip;]\" \/>\n<meta property=\"og:url\" content=\"https:\/\/kosovatimes.info\/index.php\/2026\/05\/02\/ngjarjet-me-adrese-ballkanike-6\/\" \/>\n<meta property=\"og:site_name\" content=\"Kosova Times\" \/>\n<meta property=\"article:published_time\" content=\"2026-05-02T08:43:11+00:00\" \/>\n<meta property=\"article:modified_time\" content=\"2026-05-02T08:43:14+00:00\" \/>\n<meta property=\"og:image\" content=\"https:\/\/kosovatimes.info\/wp-content\/uploads\/2026\/05\/hakan.jpeg\" \/>\n\t<meta property=\"og:image:width\" content=\"1152\" \/>\n\t<meta property=\"og:image:height\" content=\"648\" \/>\n\t<meta property=\"og:image:type\" content=\"image\/jpeg\" \/>\n<meta name=\"author\" content=\"i l\" \/>\n<meta name=\"twitter:card\" content=\"summary_large_image\" \/>\n<meta name=\"twitter:label1\" content=\"Written by\" \/>\n\t<meta name=\"twitter:data1\" content=\"i l\" \/>\n\t<meta name=\"twitter:label2\" content=\"Est. reading time\" \/>\n\t<meta name=\"twitter:data2\" content=\"4 minutes\" \/>\n<script type=\"application\/ld+json\" class=\"yoast-schema-graph\">{\"@context\":\"https:\\\/\\\/schema.org\",\"@graph\":[{\"@type\":\"Article\",\"@id\":\"https:\\\/\\\/kosovatimes.info\\\/index.php\\\/2026\\\/05\\\/02\\\/ngjarjet-me-adrese-ballkanike-6\\\/#article\",\"isPartOf\":{\"@id\":\"https:\\\/\\\/kosovatimes.info\\\/index.php\\\/2026\\\/05\\\/02\\\/ngjarjet-me-adrese-ballkanike-6\\\/\"},\"author\":{\"name\":\"i l\",\"@id\":\"https:\\\/\\\/kosovatimes.info\\\/#\\\/schema\\\/person\\\/7586712b9c512fe68085de007378c915\"},\"headline\":\"Ngjarjet me adres\u00eb ballkanike\",\"datePublished\":\"2026-05-02T08:43:11+00:00\",\"dateModified\":\"2026-05-02T08:43:14+00:00\",\"mainEntityOfPage\":{\"@id\":\"https:\\\/\\\/kosovatimes.info\\\/index.php\\\/2026\\\/05\\\/02\\\/ngjarjet-me-adrese-ballkanike-6\\\/\"},\"wordCount\":777,\"commentCount\":0,\"image\":{\"@id\":\"https:\\\/\\\/kosovatimes.info\\\/index.php\\\/2026\\\/05\\\/02\\\/ngjarjet-me-adrese-ballkanike-6\\\/#primaryimage\"},\"thumbnailUrl\":\"https:\\\/\\\/kosovatimes.info\\\/wp-content\\\/uploads\\\/2026\\\/05\\\/hakan.jpeg\",\"articleSection\":[\"Bot\u00eb\",\"Lajme\"],\"inLanguage\":\"en-US\",\"potentialAction\":[{\"@type\":\"CommentAction\",\"name\":\"Comment\",\"target\":[\"https:\\\/\\\/kosovatimes.info\\\/index.php\\\/2026\\\/05\\\/02\\\/ngjarjet-me-adrese-ballkanike-6\\\/#respond\"]}]},{\"@type\":\"WebPage\",\"@id\":\"https:\\\/\\\/kosovatimes.info\\\/index.php\\\/2026\\\/05\\\/02\\\/ngjarjet-me-adrese-ballkanike-6\\\/\",\"url\":\"https:\\\/\\\/kosovatimes.info\\\/index.php\\\/2026\\\/05\\\/02\\\/ngjarjet-me-adrese-ballkanike-6\\\/\",\"name\":\"Ngjarjet me adres\u00eb ballkanike - Kosova Times\",\"isPartOf\":{\"@id\":\"https:\\\/\\\/kosovatimes.info\\\/#website\"},\"primaryImageOfPage\":{\"@id\":\"https:\\\/\\\/kosovatimes.info\\\/index.php\\\/2026\\\/05\\\/02\\\/ngjarjet-me-adrese-ballkanike-6\\\/#primaryimage\"},\"image\":{\"@id\":\"https:\\\/\\\/kosovatimes.info\\\/index.php\\\/2026\\\/05\\\/02\\\/ngjarjet-me-adrese-ballkanike-6\\\/#primaryimage\"},\"thumbnailUrl\":\"https:\\\/\\\/kosovatimes.info\\\/wp-content\\\/uploads\\\/2026\\\/05\\\/hakan.jpeg\",\"datePublished\":\"2026-05-02T08:43:11+00:00\",\"dateModified\":\"2026-05-02T08:43:14+00:00\",\"author\":{\"@id\":\"https:\\\/\\\/kosovatimes.info\\\/#\\\/schema\\\/person\\\/7586712b9c512fe68085de007378c915\"},\"breadcrumb\":{\"@id\":\"https:\\\/\\\/kosovatimes.info\\\/index.php\\\/2026\\\/05\\\/02\\\/ngjarjet-me-adrese-ballkanike-6\\\/#breadcrumb\"},\"inLanguage\":\"en-US\",\"potentialAction\":[{\"@type\":\"ReadAction\",\"target\":[\"https:\\\/\\\/kosovatimes.info\\\/index.php\\\/2026\\\/05\\\/02\\\/ngjarjet-me-adrese-ballkanike-6\\\/\"]}]},{\"@type\":\"ImageObject\",\"inLanguage\":\"en-US\",\"@id\":\"https:\\\/\\\/kosovatimes.info\\\/index.php\\\/2026\\\/05\\\/02\\\/ngjarjet-me-adrese-ballkanike-6\\\/#primaryimage\",\"url\":\"https:\\\/\\\/kosovatimes.info\\\/wp-content\\\/uploads\\\/2026\\\/05\\\/hakan.jpeg\",\"contentUrl\":\"https:\\\/\\\/kosovatimes.info\\\/wp-content\\\/uploads\\\/2026\\\/05\\\/hakan.jpeg\",\"width\":1152,\"height\":648},{\"@type\":\"BreadcrumbList\",\"@id\":\"https:\\\/\\\/kosovatimes.info\\\/index.php\\\/2026\\\/05\\\/02\\\/ngjarjet-me-adrese-ballkanike-6\\\/#breadcrumb\",\"itemListElement\":[{\"@type\":\"ListItem\",\"position\":1,\"name\":\"Home\",\"item\":\"https:\\\/\\\/kosovatimes.info\\\/\"},{\"@type\":\"ListItem\",\"position\":2,\"name\":\"Ngjarjet me adres\u00eb ballkanike\"}]},{\"@type\":\"WebSite\",\"@id\":\"https:\\\/\\\/kosovatimes.info\\\/#website\",\"url\":\"https:\\\/\\\/kosovatimes.info\\\/\",\"name\":\"Kosova Times\",\"description\":\"\",\"potentialAction\":[{\"@type\":\"SearchAction\",\"target\":{\"@type\":\"EntryPoint\",\"urlTemplate\":\"https:\\\/\\\/kosovatimes.info\\\/?s={search_term_string}\"},\"query-input\":{\"@type\":\"PropertyValueSpecification\",\"valueRequired\":true,\"valueName\":\"search_term_string\"}}],\"inLanguage\":\"en-US\"},{\"@type\":\"Person\",\"@id\":\"https:\\\/\\\/kosovatimes.info\\\/#\\\/schema\\\/person\\\/7586712b9c512fe68085de007378c915\",\"name\":\"i l\",\"image\":{\"@type\":\"ImageObject\",\"inLanguage\":\"en-US\",\"@id\":\"https:\\\/\\\/secure.gravatar.com\\\/avatar\\\/bad9296e02816160ae2e2435beda58222022298d5625d49fea74d18816fbb31d?s=96&d=mm&r=g\",\"url\":\"https:\\\/\\\/secure.gravatar.com\\\/avatar\\\/bad9296e02816160ae2e2435beda58222022298d5625d49fea74d18816fbb31d?s=96&d=mm&r=g\",\"contentUrl\":\"https:\\\/\\\/secure.gravatar.com\\\/avatar\\\/bad9296e02816160ae2e2435beda58222022298d5625d49fea74d18816fbb31d?s=96&d=mm&r=g\",\"caption\":\"i l\"},\"url\":\"https:\\\/\\\/kosovatimes.info\\\/index.php\\\/author\\\/iliri\\\/\"}]}<\/script>\n<!-- \/ Yoast SEO plugin. -->","yoast_head_json":{"title":"Ngjarjet me adres\u00eb ballkanike - Kosova Times","robots":{"index":"index","follow":"follow","max-snippet":"max-snippet:-1","max-image-preview":"max-image-preview:large","max-video-preview":"max-video-preview:-1"},"canonical":"https:\/\/kosovatimes.info\/index.php\/2026\/05\/02\/ngjarjet-me-adrese-ballkanike-6\/","og_locale":"en_US","og_type":"article","og_title":"Ngjarjet me adres\u00eb ballkanike - Kosova Times","og_description":"Hakan Fidan kritikon BE-n\u00eb p\u00ebr perspektiv\u00ebn evropiane t\u00eb Turqis\u00eb Ministri i Jasht\u00ebm turk, Hakan Fidan, akuzoi BE-n\u00eb p\u00ebr munges\u00eb vullneti politik p\u00ebr t\u00eb rishikuar Bashkimin Doganor dhe p\u00ebr perspektiv\u00ebn e an\u00ebtar\u00ebsimit t\u00eb Turqis\u00eb n\u00eb union, njofton BTA. Gjat\u00eb vizit\u00ebs s\u00eb tij n\u00eb Austri, Fidan deklaroi se pavar\u00ebsisht potencialit gjeostrategjik dhe ekonomik t\u00eb vendit, si dhe [&hellip;]","og_url":"https:\/\/kosovatimes.info\/index.php\/2026\/05\/02\/ngjarjet-me-adrese-ballkanike-6\/","og_site_name":"Kosova Times","article_published_time":"2026-05-02T08:43:11+00:00","article_modified_time":"2026-05-02T08:43:14+00:00","og_image":[{"width":1152,"height":648,"url":"https:\/\/kosovatimes.info\/wp-content\/uploads\/2026\/05\/hakan.jpeg","type":"image\/jpeg"}],"author":"i l","twitter_card":"summary_large_image","twitter_misc":{"Written by":"i l","Est. reading time":"4 minutes"},"schema":{"@context":"https:\/\/schema.org","@graph":[{"@type":"Article","@id":"https:\/\/kosovatimes.info\/index.php\/2026\/05\/02\/ngjarjet-me-adrese-ballkanike-6\/#article","isPartOf":{"@id":"https:\/\/kosovatimes.info\/index.php\/2026\/05\/02\/ngjarjet-me-adrese-ballkanike-6\/"},"author":{"name":"i l","@id":"https:\/\/kosovatimes.info\/#\/schema\/person\/7586712b9c512fe68085de007378c915"},"headline":"Ngjarjet me adres\u00eb ballkanike","datePublished":"2026-05-02T08:43:11+00:00","dateModified":"2026-05-02T08:43:14+00:00","mainEntityOfPage":{"@id":"https:\/\/kosovatimes.info\/index.php\/2026\/05\/02\/ngjarjet-me-adrese-ballkanike-6\/"},"wordCount":777,"commentCount":0,"image":{"@id":"https:\/\/kosovatimes.info\/index.php\/2026\/05\/02\/ngjarjet-me-adrese-ballkanike-6\/#primaryimage"},"thumbnailUrl":"https:\/\/kosovatimes.info\/wp-content\/uploads\/2026\/05\/hakan.jpeg","articleSection":["Bot\u00eb","Lajme"],"inLanguage":"en-US","potentialAction":[{"@type":"CommentAction","name":"Comment","target":["https:\/\/kosovatimes.info\/index.php\/2026\/05\/02\/ngjarjet-me-adrese-ballkanike-6\/#respond"]}]},{"@type":"WebPage","@id":"https:\/\/kosovatimes.info\/index.php\/2026\/05\/02\/ngjarjet-me-adrese-ballkanike-6\/","url":"https:\/\/kosovatimes.info\/index.php\/2026\/05\/02\/ngjarjet-me-adrese-ballkanike-6\/","name":"Ngjarjet me adres\u00eb ballkanike - Kosova Times","isPartOf":{"@id":"https:\/\/kosovatimes.info\/#website"},"primaryImageOfPage":{"@id":"https:\/\/kosovatimes.info\/index.php\/2026\/05\/02\/ngjarjet-me-adrese-ballkanike-6\/#primaryimage"},"image":{"@id":"https:\/\/kosovatimes.info\/index.php\/2026\/05\/02\/ngjarjet-me-adrese-ballkanike-6\/#primaryimage"},"thumbnailUrl":"https:\/\/kosovatimes.info\/wp-content\/uploads\/2026\/05\/hakan.jpeg","datePublished":"2026-05-02T08:43:11+00:00","dateModified":"2026-05-02T08:43:14+00:00","author":{"@id":"https:\/\/kosovatimes.info\/#\/schema\/person\/7586712b9c512fe68085de007378c915"},"breadcrumb":{"@id":"https:\/\/kosovatimes.info\/index.php\/2026\/05\/02\/ngjarjet-me-adrese-ballkanike-6\/#breadcrumb"},"inLanguage":"en-US","potentialAction":[{"@type":"ReadAction","target":["https:\/\/kosovatimes.info\/index.php\/2026\/05\/02\/ngjarjet-me-adrese-ballkanike-6\/"]}]},{"@type":"ImageObject","inLanguage":"en-US","@id":"https:\/\/kosovatimes.info\/index.php\/2026\/05\/02\/ngjarjet-me-adrese-ballkanike-6\/#primaryimage","url":"https:\/\/kosovatimes.info\/wp-content\/uploads\/2026\/05\/hakan.jpeg","contentUrl":"https:\/\/kosovatimes.info\/wp-content\/uploads\/2026\/05\/hakan.jpeg","width":1152,"height":648},{"@type":"BreadcrumbList","@id":"https:\/\/kosovatimes.info\/index.php\/2026\/05\/02\/ngjarjet-me-adrese-ballkanike-6\/#breadcrumb","itemListElement":[{"@type":"ListItem","position":1,"name":"Home","item":"https:\/\/kosovatimes.info\/"},{"@type":"ListItem","position":2,"name":"Ngjarjet me adres\u00eb ballkanike"}]},{"@type":"WebSite","@id":"https:\/\/kosovatimes.info\/#website","url":"https:\/\/kosovatimes.info\/","name":"Kosova Times","description":"","potentialAction":[{"@type":"SearchAction","target":{"@type":"EntryPoint","urlTemplate":"https:\/\/kosovatimes.info\/?s={search_term_string}"},"query-input":{"@type":"PropertyValueSpecification","valueRequired":true,"valueName":"search_term_string"}}],"inLanguage":"en-US"},{"@type":"Person","@id":"https:\/\/kosovatimes.info\/#\/schema\/person\/7586712b9c512fe68085de007378c915","name":"i l","image":{"@type":"ImageObject","inLanguage":"en-US","@id":"https:\/\/secure.gravatar.com\/avatar\/bad9296e02816160ae2e2435beda58222022298d5625d49fea74d18816fbb31d?s=96&d=mm&r=g","url":"https:\/\/secure.gravatar.com\/avatar\/bad9296e02816160ae2e2435beda58222022298d5625d49fea74d18816fbb31d?s=96&d=mm&r=g","contentUrl":"https:\/\/secure.gravatar.com\/avatar\/bad9296e02816160ae2e2435beda58222022298d5625d49fea74d18816fbb31d?s=96&d=mm&r=g","caption":"i l"},"url":"https:\/\/kosovatimes.info\/index.php\/author\/iliri\/"}]}},"_links":{"self":[{"href":"https:\/\/kosovatimes.info\/index.php\/wp-json\/wp\/v2\/posts\/13089","targetHints":{"allow":["GET"]}}],"collection":[{"href":"https:\/\/kosovatimes.info\/index.php\/wp-json\/wp\/v2\/posts"}],"about":[{"href":"https:\/\/kosovatimes.info\/index.php\/wp-json\/wp\/v2\/types\/post"}],"author":[{"embeddable":true,"href":"https:\/\/kosovatimes.info\/index.php\/wp-json\/wp\/v2\/users\/4"}],"replies":[{"embeddable":true,"href":"https:\/\/kosovatimes.info\/index.php\/wp-json\/wp\/v2\/comments?post=13089"}],"version-history":[{"count":1,"href":"https:\/\/kosovatimes.info\/index.php\/wp-json\/wp\/v2\/posts\/13089\/revisions"}],"predecessor-version":[{"id":13091,"href":"https:\/\/kosovatimes.info\/index.php\/wp-json\/wp\/v2\/posts\/13089\/revisions\/13091"}],"wp:featuredmedia":[{"embeddable":true,"href":"https:\/\/kosovatimes.info\/index.php\/wp-json\/wp\/v2\/media\/13090"}],"wp:attachment":[{"href":"https:\/\/kosovatimes.info\/index.php\/wp-json\/wp\/v2\/media?parent=13089"}],"wp:term":[{"taxonomy":"category","embeddable":true,"href":"https:\/\/kosovatimes.info\/index.php\/wp-json\/wp\/v2\/categories?post=13089"},{"taxonomy":"post_tag","embeddable":true,"href":"https:\/\/kosovatimes.info\/index.php\/wp-json\/wp\/v2\/tags?post=13089"}],"curies":[{"name":"wp","href":"https:\/\/api.w.org\/{rel}","templated":true}]}}