{"id":13092,"date":"2026-05-02T10:50:16","date_gmt":"2026-05-02T08:50:16","guid":{"rendered":"https:\/\/kosovatimes.info\/?p=13092"},"modified":"2026-05-02T10:50:20","modified_gmt":"2026-05-02T08:50:20","slug":"tour-du-mont-blanc-3-vende-7-deri-ne-12-dite-dhe-170-kilometra-bukuri-alpine","status":"publish","type":"post","link":"https:\/\/kosovatimes.info\/index.php\/2026\/05\/02\/tour-du-mont-blanc-3-vende-7-deri-ne-12-dite-dhe-170-kilometra-bukuri-alpine\/","title":{"rendered":"Tour du Mont Blanc: 3 vende, 7 deri n\u00eb 12 dit\u00eb dhe 170 kilometra bukuri alpine"},"content":{"rendered":"\n<p>Faza mesatare ditore do t\u00eb thot\u00eb ecje p\u00ebr pes\u00eb deri n\u00eb shtat\u00eb or\u00eb, 15 deri n\u00eb 20 kilometra dhe ngjitje midis af\u00ebrsisht 800 dhe 1200 metrave.<\/p>\n\n\n\n<p><strong>Tour du Mont Blanc (TMB)<\/strong>\u00a0\u00ebsht\u00eb nj\u00eb nga ecjet malore shum\u00ebditore m\u00eb t\u00eb famshme n\u00eb Evrop\u00eb dhe nj\u00ebkoh\u00ebsisht nj\u00eb nga itineraret rrethore m\u00eb mbres\u00ebl\u00ebn\u00ebse n\u00eb bot\u00eb. \u00cbsht\u00eb nj\u00eb shteg pak m\u00eb pak se\u00a0<br><strong>170 kilometra<\/strong>\u00a0i gjat\u00eb q\u00eb p\u00ebrshkon t\u00eb gjith\u00eb masivin e Mont Blanc. Ajo q\u00eb e b\u00ebn k\u00ebt\u00eb itinerar ve\u00e7an\u00ebrisht t\u00ebrheq\u00ebs \u00ebsht\u00eb fakti se kalon n\u00ebp\u00ebr tre vende &#8211; Franc\u00eb, Itali dhe Zvic\u00ebr &#8211; dhe ofron pamje spektakolare t\u00eb peizazhit alpin mrekullisht t\u00eb bukur.Nj\u00eb tur rrethor rreth Mont Blanc mund t\u00eb filloj\u00eb nga nj\u00ebra prej kat\u00ebr pikave:\u00a0<strong>Courmayeur n\u00eb Itali, Champex-Lac n\u00eb Zvic\u00ebr\u00a0,<\/strong>\u00a0Graali i Shenjt\u00eb i dashamir\u00ebsve t\u00eb alpeve,\u00a0<strong>Chamonix<\/strong>\u00a0n\u00eb Franc\u00eb , ose qyteti i af\u00ebrt\u00a0<strong>i Les Houches<\/strong>\u00a0. Shumica e alpinist\u00ebve zgjedhin nj\u00eb nga dy vendet e fundit, zakonisht duke shkuar n\u00eb drejtim t\u00eb kund\u00ebrt me akrepat e or\u00ebs.<\/p>\n\n\n\n<figure class=\"wp-block-image size-large\"><img loading=\"lazy\" decoding=\"async\" width=\"1024\" height=\"683\" src=\"https:\/\/kosovatimes.info\/wp-content\/uploads\/2026\/05\/Blanc-1024x683.jpg\" alt=\"\" class=\"wp-image-13095\" srcset=\"https:\/\/kosovatimes.info\/wp-content\/uploads\/2026\/05\/Blanc-1024x683.jpg 1024w, https:\/\/kosovatimes.info\/wp-content\/uploads\/2026\/05\/Blanc-300x200.jpg 300w, https:\/\/kosovatimes.info\/wp-content\/uploads\/2026\/05\/Blanc-768x512.jpg 768w, https:\/\/kosovatimes.info\/wp-content\/uploads\/2026\/05\/Blanc-630x420.jpg 630w, https:\/\/kosovatimes.info\/wp-content\/uploads\/2026\/05\/Blanc-150x100.jpg 150w, https:\/\/kosovatimes.info\/wp-content\/uploads\/2026\/05\/Blanc-696x464.jpg 696w, https:\/\/kosovatimes.info\/wp-content\/uploads\/2026\/05\/Blanc-1068x712.jpg 1068w, https:\/\/kosovatimes.info\/wp-content\/uploads\/2026\/05\/Blanc.jpg 1104w\" sizes=\"auto, (max-width: 1024px) 100vw, 1024px\" \/><\/figure>\n\n\n\n<h2 class=\"wp-block-heading\">Pamje p\u00ebr t&#8217;u mbajtur mend<\/h2>\n\n\n\n<p>Udh\u00ebtimi alternohet midis skenave dramatike&nbsp;<strong>t\u00eb akullnajave dhe majave t\u00eb mprehta alpine<\/strong>&nbsp;n\u00eb Franc\u00eb, kullotave t\u00eb gjelbra dhe zonave t\u00eb pasura gastronomike t\u00eb lugin\u00ebs italiane&nbsp;<strong>Val Ferret<\/strong>&nbsp;, dhe luginave m\u00eb t\u00eb qeta baritore t\u00eb&nbsp;<strong>kantonit zviceran t\u00eb Valais<\/strong>&nbsp;.<\/p>\n\n\n\n<p>\u00cbsht\u00eb ky diversitet q\u00eb e b\u00ebn TMB-n\u00eb nj\u00eb p\u00ebrvoj\u00eb unike, ku \u00e7do dit\u00eb sjell nj\u00eb peizazh krejt\u00ebsisht t\u00eb ndrysh\u00ebm. Pa dyshim,&nbsp;<strong>zona m\u00eb e fotografuar \u00ebsht\u00eb p\u00ebrreth Liqenit Lac Blanc<\/strong>&nbsp;, ku (ish) maja m\u00eb e lart\u00eb evropiane admiron reflektimin e saj n\u00eb uj\u00eb, dhe p\u00ebrve\u00e7 sh\u00ebtit\u00ebsve t\u00eb tjer\u00eb, zogjt\u00eb, dhit\u00eb e egra dhe ndonj\u00ebher\u00eb marmota do t&#8217;ju urojn\u00eb nj\u00eb dit\u00eb t\u00eb mbar\u00eb p\u00ebrgjat\u00eb itinerarit.<\/p>\n\n\n\n<figure class=\"wp-block-image size-large\"><img loading=\"lazy\" decoding=\"async\" width=\"1024\" height=\"683\" src=\"https:\/\/kosovatimes.info\/wp-content\/uploads\/2026\/05\/Mont-1024x683.jpg\" alt=\"\" class=\"wp-image-13094\" srcset=\"https:\/\/kosovatimes.info\/wp-content\/uploads\/2026\/05\/Mont-1024x683.jpg 1024w, https:\/\/kosovatimes.info\/wp-content\/uploads\/2026\/05\/Mont-300x200.jpg 300w, https:\/\/kosovatimes.info\/wp-content\/uploads\/2026\/05\/Mont-768x512.jpg 768w, https:\/\/kosovatimes.info\/wp-content\/uploads\/2026\/05\/Mont-630x420.jpg 630w, https:\/\/kosovatimes.info\/wp-content\/uploads\/2026\/05\/Mont-150x100.jpg 150w, https:\/\/kosovatimes.info\/wp-content\/uploads\/2026\/05\/Mont-696x464.jpg 696w, https:\/\/kosovatimes.info\/wp-content\/uploads\/2026\/05\/Mont-1068x712.jpg 1068w, https:\/\/kosovatimes.info\/wp-content\/uploads\/2026\/05\/Mont.jpg 1104w\" sizes=\"auto, (max-width: 1024px) 100vw, 1024px\" \/><\/figure>\n\n\n\n<h2 class=\"wp-block-heading\">Planifikimi \u00ebsht\u00eb i r\u00ebnd\u00ebsish\u00ebm.<\/h2>\n\n\n\n<p>I gjith\u00eb itinerari zakonisht zgjat&nbsp;<strong>nga shtat\u00eb deri n\u00eb dymb\u00ebdhjet\u00eb dit\u00eb<\/strong>&nbsp;p\u00ebr t\u2019u p\u00ebrfunduar , k\u00ebshtu q\u00eb \u00ebsht\u00eb e leht\u00eb ta p\u00ebrshtatni turin me nivelin tuaj aktual t\u00eb fitnesit dhe dit\u00ebt e pushimeve. Etapa mesatare ditore do t\u00eb thot\u00eb ecje nga pes\u00eb deri n\u00eb shtat\u00eb or\u00eb,&nbsp;<strong>15 deri n\u00eb 20 kilometra<\/strong>&nbsp;dhe ngjitje nga af\u00ebrsisht 800 deri n\u00eb 1200 metra. Ngjitja totale q\u00eb do t\u00eb kap\u00ebrceni gjat\u00eb gjith\u00eb qarkut \u00ebsht\u00eb rreth dhjet\u00eb mij\u00eb metra, k\u00ebshtu q\u00eb ia vlen t\u00eb mbani mend se kjo sh\u00ebtitje \u00ebsht\u00eb mesatare deri n\u00eb e v\u00ebshtir\u00eb.<\/p>\n\n\n\n<p>Akomodimi \u00ebsht\u00eb i disponuesh\u00ebm n\u00eb&nbsp;<strong>kasolle malore<\/strong>&nbsp;(streha), t\u00eb cilat ofrojn\u00eb nj\u00eb p\u00ebrvoj\u00eb t\u00eb thjesht\u00eb por autentike alpine. Ato zakonisht ofrojn\u00eb gjysm\u00eb-pansion, q\u00eb do t\u00eb thot\u00eb dark\u00eb dhe m\u00ebngjes, dhe flen\u00eb n\u00eb konvikte t\u00eb p\u00ebrbashk\u00ebta. Ata q\u00eb kan\u00eb nevoj\u00eb p\u00ebr m\u00eb shum\u00eb rehati dhe privat\u00ebsi mund t\u00eb q\u00ebndrojn\u00eb edhe n\u00eb hotele malore ose bujtina n\u00eb lugina, por ky opsion shpesh do t\u00eb k\u00ebrkoj\u00eb transport shtes\u00eb p\u00ebr n\u00eb dhe nga shtegu (dhe ndoshta, do t\u00eb t\u00ebrheq\u00eb tallje nga sh\u00ebtit\u00ebsit e tjer\u00eb). P\u00ebr shkak t\u00eb popullaritetit t\u00eb madh t\u00eb itinerarit, akomodimi duhet t\u00eb&nbsp;<strong>rezervohet paraprakisht<\/strong>&nbsp;, ve\u00e7an\u00ebrisht gjat\u00eb korrikut dhe gushtit kur \u00ebsht\u00eb m\u00eb i mbushur me njer\u00ebz.<\/p>\n\n\n\n<figure class=\"wp-block-image size-large\"><img loading=\"lazy\" decoding=\"async\" width=\"1024\" height=\"683\" src=\"https:\/\/kosovatimes.info\/wp-content\/uploads\/2026\/05\/Blanc1-1024x683.jpg\" alt=\"\" class=\"wp-image-13096\" srcset=\"https:\/\/kosovatimes.info\/wp-content\/uploads\/2026\/05\/Blanc1-1024x683.jpg 1024w, https:\/\/kosovatimes.info\/wp-content\/uploads\/2026\/05\/Blanc1-300x200.jpg 300w, https:\/\/kosovatimes.info\/wp-content\/uploads\/2026\/05\/Blanc1-768x512.jpg 768w, https:\/\/kosovatimes.info\/wp-content\/uploads\/2026\/05\/Blanc1-630x420.jpg 630w, https:\/\/kosovatimes.info\/wp-content\/uploads\/2026\/05\/Blanc1-150x100.jpg 150w, https:\/\/kosovatimes.info\/wp-content\/uploads\/2026\/05\/Blanc1-696x464.jpg 696w, https:\/\/kosovatimes.info\/wp-content\/uploads\/2026\/05\/Blanc1-1068x712.jpg 1068w, https:\/\/kosovatimes.info\/wp-content\/uploads\/2026\/05\/Blanc1.jpg 1104w\" sizes=\"auto, (max-width: 1024px) 100vw, 1024px\" \/><\/figure>\n\n\n\n<h2 class=\"wp-block-heading\">Pajisjet e mira jan\u00eb t\u00eb domosdoshme<\/h2>\n\n\n\n<p><strong>P\u00ebrgatitja e mir\u00eb dhe pajisjet e p\u00ebrshtatshme<\/strong>&nbsp;jan\u00eb thelb\u00ebsore p\u00ebr kap\u00ebrcimin me sukses t\u00eb Tour du Mont Blanc&nbsp;. Edhe pse pajisjet teknike t\u00eb alpinizmit nuk k\u00ebrkohen, gjendja e mir\u00eb fizike \u00ebsht\u00eb e nevojshme. Rekomandohet t\u00eb vishni nj\u00eb \u00e7ant\u00eb shpine t\u00eb leht\u00eb, idealisht&nbsp;<strong>deri n\u00eb shtat\u00eb kilogram\u00eb pa uj\u00eb<\/strong>&nbsp;, s\u00eb bashku me nj\u00eb xhaket\u00eb t\u00eb detyrueshme t\u00eb pap\u00ebrshkueshme nga uji p\u00ebr shkak t\u00eb stuhive t\u00eb shpeshta t\u00eb pasdites, rroba t\u00eb ngrohta p\u00ebr kushtet q\u00eb ndryshojn\u00eb, sigurisht k\u00ebpuc\u00eb t\u00eb mira p\u00ebr ecje malore, mbrojtje nga dielli dhe shkopinj ecjeje, p\u00ebr t\u00eb cil\u00ebt gjunj\u00ebt do t&#8217;ju fal\u00ebnderojn\u00eb n\u00eb zbritjet e gjata. N\u00eb sht\u00ebpizat malore, \u00ebsht\u00eb e detyrueshme t\u00eb&nbsp;<strong>keni \u00e7ant\u00ebn tuaj t\u00eb gjumit<\/strong>&nbsp;(ose mbules\u00ebn).<\/p>\n\n\n\n<p>Sezoni i ecjes n\u00eb natyr\u00eb zgjat&nbsp;<strong>nga mesi i qershorit deri n\u00eb fund t\u00eb shtatorit<\/strong>&nbsp;, kur qafat malore jan\u00eb kryesisht pa bor\u00eb. Kushtet m\u00eb t\u00eb k\u00ebndshme jan\u00eb zakonisht n\u00eb fund t\u00eb qershorit, kur livadhet alpine jan\u00eb plot me lule dhe turmat jan\u00eb m\u00eb t\u00eb pakta, dhe n\u00eb fillim t\u00eb shtatorit, kur moti \u00ebsht\u00eb i q\u00ebndruesh\u00ebm dhe shtigjet jan\u00eb m\u00eb t\u00eb qeta pas kulmit t\u00eb sezonit. Sa i p\u00ebrket kostove, pa p\u00ebrfshir\u00eb transportin p\u00ebr n\u00eb pik\u00ebn e fillimit, fjetja me m\u00ebngjes dhe dark\u00eb n\u00eb nj\u00eb hostel do t&#8217;ju kushtoj\u00eb&nbsp;<strong>midis 50 dhe 70 euro<\/strong>&nbsp;, dhe dreka 15 euro t\u00eb tjera.<\/p>\n","protected":false},"excerpt":{"rendered":"<p>Faza mesatare ditore do t\u00eb thot\u00eb ecje p\u00ebr pes\u00eb deri n\u00eb shtat\u00eb or\u00eb, 15 deri n\u00eb 20 kilometra dhe ngjitje midis af\u00ebrsisht 800 dhe 1200 metrave. Tour du Mont Blanc (TMB)\u00a0\u00ebsht\u00eb nj\u00eb nga ecjet malore shum\u00ebditore m\u00eb t\u00eb famshme n\u00eb Evrop\u00eb dhe nj\u00ebkoh\u00ebsisht nj\u00eb nga itineraret rrethore m\u00eb mbres\u00ebl\u00ebn\u00ebse n\u00eb bot\u00eb. \u00cbsht\u00eb nj\u00eb shteg pak [&hellip;]<\/p>\n","protected":false},"author":4,"featured_media":13093,"comment_status":"open","ping_status":"open","sticky":false,"template":"","format":"standard","meta":{"footnotes":""},"categories":[43],"tags":[],"class_list":{"0":"post-13092","1":"post","2":"type-post","3":"status-publish","4":"format-standard","5":"has-post-thumbnail","7":"category-turizem"},"yoast_head":"<!-- This site is optimized with the Yoast SEO plugin v27.4 - https:\/\/yoast.com\/product\/yoast-seo-wordpress\/ -->\n<title>Tour du Mont Blanc: 3 vende, 7 deri n\u00eb 12 dit\u00eb dhe 170 kilometra bukuri alpine - Kosova Times<\/title>\n<meta name=\"robots\" content=\"index, follow, max-snippet:-1, max-image-preview:large, max-video-preview:-1\" \/>\n<link rel=\"canonical\" href=\"https:\/\/kosovatimes.info\/index.php\/2026\/05\/02\/tour-du-mont-blanc-3-vende-7-deri-ne-12-dite-dhe-170-kilometra-bukuri-alpine\/\" \/>\n<meta property=\"og:locale\" content=\"en_US\" \/>\n<meta property=\"og:type\" content=\"article\" \/>\n<meta property=\"og:title\" content=\"Tour du Mont Blanc: 3 vende, 7 deri n\u00eb 12 dit\u00eb dhe 170 kilometra bukuri alpine - Kosova Times\" \/>\n<meta property=\"og:description\" content=\"Faza mesatare ditore do t\u00eb thot\u00eb ecje p\u00ebr pes\u00eb deri n\u00eb shtat\u00eb or\u00eb, 15 deri n\u00eb 20 kilometra dhe ngjitje midis af\u00ebrsisht 800 dhe 1200 metrave. Tour du Mont Blanc (TMB)\u00a0\u00ebsht\u00eb nj\u00eb nga ecjet malore shum\u00ebditore m\u00eb t\u00eb famshme n\u00eb Evrop\u00eb dhe nj\u00ebkoh\u00ebsisht nj\u00eb nga itineraret rrethore m\u00eb mbres\u00ebl\u00ebn\u00ebse n\u00eb bot\u00eb. \u00cbsht\u00eb nj\u00eb shteg pak [&hellip;]\" \/>\n<meta property=\"og:url\" content=\"https:\/\/kosovatimes.info\/index.php\/2026\/05\/02\/tour-du-mont-blanc-3-vende-7-deri-ne-12-dite-dhe-170-kilometra-bukuri-alpine\/\" \/>\n<meta property=\"og:site_name\" content=\"Kosova Times\" \/>\n<meta property=\"article:published_time\" content=\"2026-05-02T08:50:16+00:00\" \/>\n<meta property=\"article:modified_time\" content=\"2026-05-02T08:50:20+00:00\" \/>\n<meta property=\"og:image\" content=\"https:\/\/kosovatimes.info\/wp-content\/uploads\/2026\/05\/Mont-blanc.webp\" \/>\n\t<meta property=\"og:image:width\" content=\"920\" \/>\n\t<meta property=\"og:image:height\" content=\"695\" \/>\n\t<meta property=\"og:image:type\" content=\"image\/webp\" \/>\n<meta name=\"author\" content=\"i l\" \/>\n<meta name=\"twitter:card\" content=\"summary_large_image\" \/>\n<meta name=\"twitter:label1\" content=\"Written by\" \/>\n\t<meta name=\"twitter:data1\" content=\"i l\" \/>\n\t<meta name=\"twitter:label2\" content=\"Est. reading time\" \/>\n\t<meta name=\"twitter:data2\" content=\"4 minutes\" \/>\n<script type=\"application\/ld+json\" class=\"yoast-schema-graph\">{\"@context\":\"https:\\\/\\\/schema.org\",\"@graph\":[{\"@type\":\"Article\",\"@id\":\"https:\\\/\\\/kosovatimes.info\\\/index.php\\\/2026\\\/05\\\/02\\\/tour-du-mont-blanc-3-vende-7-deri-ne-12-dite-dhe-170-kilometra-bukuri-alpine\\\/#article\",\"isPartOf\":{\"@id\":\"https:\\\/\\\/kosovatimes.info\\\/index.php\\\/2026\\\/05\\\/02\\\/tour-du-mont-blanc-3-vende-7-deri-ne-12-dite-dhe-170-kilometra-bukuri-alpine\\\/\"},\"author\":{\"name\":\"i l\",\"@id\":\"https:\\\/\\\/kosovatimes.info\\\/#\\\/schema\\\/person\\\/7586712b9c512fe68085de007378c915\"},\"headline\":\"Tour du Mont Blanc: 3 vende, 7 deri n\u00eb 12 dit\u00eb dhe 170 kilometra bukuri alpine\",\"datePublished\":\"2026-05-02T08:50:16+00:00\",\"dateModified\":\"2026-05-02T08:50:20+00:00\",\"mainEntityOfPage\":{\"@id\":\"https:\\\/\\\/kosovatimes.info\\\/index.php\\\/2026\\\/05\\\/02\\\/tour-du-mont-blanc-3-vende-7-deri-ne-12-dite-dhe-170-kilometra-bukuri-alpine\\\/\"},\"wordCount\":810,\"commentCount\":0,\"image\":{\"@id\":\"https:\\\/\\\/kosovatimes.info\\\/index.php\\\/2026\\\/05\\\/02\\\/tour-du-mont-blanc-3-vende-7-deri-ne-12-dite-dhe-170-kilometra-bukuri-alpine\\\/#primaryimage\"},\"thumbnailUrl\":\"https:\\\/\\\/kosovatimes.info\\\/wp-content\\\/uploads\\\/2026\\\/05\\\/Mont-blanc.webp\",\"articleSection\":[\"Turiz\u00ebm\"],\"inLanguage\":\"en-US\",\"potentialAction\":[{\"@type\":\"CommentAction\",\"name\":\"Comment\",\"target\":[\"https:\\\/\\\/kosovatimes.info\\\/index.php\\\/2026\\\/05\\\/02\\\/tour-du-mont-blanc-3-vende-7-deri-ne-12-dite-dhe-170-kilometra-bukuri-alpine\\\/#respond\"]}]},{\"@type\":\"WebPage\",\"@id\":\"https:\\\/\\\/kosovatimes.info\\\/index.php\\\/2026\\\/05\\\/02\\\/tour-du-mont-blanc-3-vende-7-deri-ne-12-dite-dhe-170-kilometra-bukuri-alpine\\\/\",\"url\":\"https:\\\/\\\/kosovatimes.info\\\/index.php\\\/2026\\\/05\\\/02\\\/tour-du-mont-blanc-3-vende-7-deri-ne-12-dite-dhe-170-kilometra-bukuri-alpine\\\/\",\"name\":\"Tour du Mont Blanc: 3 vende, 7 deri n\u00eb 12 dit\u00eb dhe 170 kilometra bukuri alpine - Kosova Times\",\"isPartOf\":{\"@id\":\"https:\\\/\\\/kosovatimes.info\\\/#website\"},\"primaryImageOfPage\":{\"@id\":\"https:\\\/\\\/kosovatimes.info\\\/index.php\\\/2026\\\/05\\\/02\\\/tour-du-mont-blanc-3-vende-7-deri-ne-12-dite-dhe-170-kilometra-bukuri-alpine\\\/#primaryimage\"},\"image\":{\"@id\":\"https:\\\/\\\/kosovatimes.info\\\/index.php\\\/2026\\\/05\\\/02\\\/tour-du-mont-blanc-3-vende-7-deri-ne-12-dite-dhe-170-kilometra-bukuri-alpine\\\/#primaryimage\"},\"thumbnailUrl\":\"https:\\\/\\\/kosovatimes.info\\\/wp-content\\\/uploads\\\/2026\\\/05\\\/Mont-blanc.webp\",\"datePublished\":\"2026-05-02T08:50:16+00:00\",\"dateModified\":\"2026-05-02T08:50:20+00:00\",\"author\":{\"@id\":\"https:\\\/\\\/kosovatimes.info\\\/#\\\/schema\\\/person\\\/7586712b9c512fe68085de007378c915\"},\"breadcrumb\":{\"@id\":\"https:\\\/\\\/kosovatimes.info\\\/index.php\\\/2026\\\/05\\\/02\\\/tour-du-mont-blanc-3-vende-7-deri-ne-12-dite-dhe-170-kilometra-bukuri-alpine\\\/#breadcrumb\"},\"inLanguage\":\"en-US\",\"potentialAction\":[{\"@type\":\"ReadAction\",\"target\":[\"https:\\\/\\\/kosovatimes.info\\\/index.php\\\/2026\\\/05\\\/02\\\/tour-du-mont-blanc-3-vende-7-deri-ne-12-dite-dhe-170-kilometra-bukuri-alpine\\\/\"]}]},{\"@type\":\"ImageObject\",\"inLanguage\":\"en-US\",\"@id\":\"https:\\\/\\\/kosovatimes.info\\\/index.php\\\/2026\\\/05\\\/02\\\/tour-du-mont-blanc-3-vende-7-deri-ne-12-dite-dhe-170-kilometra-bukuri-alpine\\\/#primaryimage\",\"url\":\"https:\\\/\\\/kosovatimes.info\\\/wp-content\\\/uploads\\\/2026\\\/05\\\/Mont-blanc.webp\",\"contentUrl\":\"https:\\\/\\\/kosovatimes.info\\\/wp-content\\\/uploads\\\/2026\\\/05\\\/Mont-blanc.webp\",\"width\":920,\"height\":695},{\"@type\":\"BreadcrumbList\",\"@id\":\"https:\\\/\\\/kosovatimes.info\\\/index.php\\\/2026\\\/05\\\/02\\\/tour-du-mont-blanc-3-vende-7-deri-ne-12-dite-dhe-170-kilometra-bukuri-alpine\\\/#breadcrumb\",\"itemListElement\":[{\"@type\":\"ListItem\",\"position\":1,\"name\":\"Home\",\"item\":\"https:\\\/\\\/kosovatimes.info\\\/\"},{\"@type\":\"ListItem\",\"position\":2,\"name\":\"Tour du Mont Blanc: 3 vende, 7 deri n\u00eb 12 dit\u00eb dhe 170 kilometra bukuri alpine\"}]},{\"@type\":\"WebSite\",\"@id\":\"https:\\\/\\\/kosovatimes.info\\\/#website\",\"url\":\"https:\\\/\\\/kosovatimes.info\\\/\",\"name\":\"Kosova Times\",\"description\":\"\",\"potentialAction\":[{\"@type\":\"SearchAction\",\"target\":{\"@type\":\"EntryPoint\",\"urlTemplate\":\"https:\\\/\\\/kosovatimes.info\\\/?s={search_term_string}\"},\"query-input\":{\"@type\":\"PropertyValueSpecification\",\"valueRequired\":true,\"valueName\":\"search_term_string\"}}],\"inLanguage\":\"en-US\"},{\"@type\":\"Person\",\"@id\":\"https:\\\/\\\/kosovatimes.info\\\/#\\\/schema\\\/person\\\/7586712b9c512fe68085de007378c915\",\"name\":\"i l\",\"image\":{\"@type\":\"ImageObject\",\"inLanguage\":\"en-US\",\"@id\":\"https:\\\/\\\/secure.gravatar.com\\\/avatar\\\/bad9296e02816160ae2e2435beda58222022298d5625d49fea74d18816fbb31d?s=96&d=mm&r=g\",\"url\":\"https:\\\/\\\/secure.gravatar.com\\\/avatar\\\/bad9296e02816160ae2e2435beda58222022298d5625d49fea74d18816fbb31d?s=96&d=mm&r=g\",\"contentUrl\":\"https:\\\/\\\/secure.gravatar.com\\\/avatar\\\/bad9296e02816160ae2e2435beda58222022298d5625d49fea74d18816fbb31d?s=96&d=mm&r=g\",\"caption\":\"i l\"},\"url\":\"https:\\\/\\\/kosovatimes.info\\\/index.php\\\/author\\\/iliri\\\/\"}]}<\/script>\n<!-- \/ Yoast SEO plugin. -->","yoast_head_json":{"title":"Tour du Mont Blanc: 3 vende, 7 deri n\u00eb 12 dit\u00eb dhe 170 kilometra bukuri alpine - Kosova Times","robots":{"index":"index","follow":"follow","max-snippet":"max-snippet:-1","max-image-preview":"max-image-preview:large","max-video-preview":"max-video-preview:-1"},"canonical":"https:\/\/kosovatimes.info\/index.php\/2026\/05\/02\/tour-du-mont-blanc-3-vende-7-deri-ne-12-dite-dhe-170-kilometra-bukuri-alpine\/","og_locale":"en_US","og_type":"article","og_title":"Tour du Mont Blanc: 3 vende, 7 deri n\u00eb 12 dit\u00eb dhe 170 kilometra bukuri alpine - Kosova Times","og_description":"Faza mesatare ditore do t\u00eb thot\u00eb ecje p\u00ebr pes\u00eb deri n\u00eb shtat\u00eb or\u00eb, 15 deri n\u00eb 20 kilometra dhe ngjitje midis af\u00ebrsisht 800 dhe 1200 metrave. Tour du Mont Blanc (TMB)\u00a0\u00ebsht\u00eb nj\u00eb nga ecjet malore shum\u00ebditore m\u00eb t\u00eb famshme n\u00eb Evrop\u00eb dhe nj\u00ebkoh\u00ebsisht nj\u00eb nga itineraret rrethore m\u00eb mbres\u00ebl\u00ebn\u00ebse n\u00eb bot\u00eb. \u00cbsht\u00eb nj\u00eb shteg pak [&hellip;]","og_url":"https:\/\/kosovatimes.info\/index.php\/2026\/05\/02\/tour-du-mont-blanc-3-vende-7-deri-ne-12-dite-dhe-170-kilometra-bukuri-alpine\/","og_site_name":"Kosova Times","article_published_time":"2026-05-02T08:50:16+00:00","article_modified_time":"2026-05-02T08:50:20+00:00","og_image":[{"width":920,"height":695,"url":"https:\/\/kosovatimes.info\/wp-content\/uploads\/2026\/05\/Mont-blanc.webp","type":"image\/webp"}],"author":"i l","twitter_card":"summary_large_image","twitter_misc":{"Written by":"i l","Est. reading time":"4 minutes"},"schema":{"@context":"https:\/\/schema.org","@graph":[{"@type":"Article","@id":"https:\/\/kosovatimes.info\/index.php\/2026\/05\/02\/tour-du-mont-blanc-3-vende-7-deri-ne-12-dite-dhe-170-kilometra-bukuri-alpine\/#article","isPartOf":{"@id":"https:\/\/kosovatimes.info\/index.php\/2026\/05\/02\/tour-du-mont-blanc-3-vende-7-deri-ne-12-dite-dhe-170-kilometra-bukuri-alpine\/"},"author":{"name":"i l","@id":"https:\/\/kosovatimes.info\/#\/schema\/person\/7586712b9c512fe68085de007378c915"},"headline":"Tour du Mont Blanc: 3 vende, 7 deri n\u00eb 12 dit\u00eb dhe 170 kilometra bukuri alpine","datePublished":"2026-05-02T08:50:16+00:00","dateModified":"2026-05-02T08:50:20+00:00","mainEntityOfPage":{"@id":"https:\/\/kosovatimes.info\/index.php\/2026\/05\/02\/tour-du-mont-blanc-3-vende-7-deri-ne-12-dite-dhe-170-kilometra-bukuri-alpine\/"},"wordCount":810,"commentCount":0,"image":{"@id":"https:\/\/kosovatimes.info\/index.php\/2026\/05\/02\/tour-du-mont-blanc-3-vende-7-deri-ne-12-dite-dhe-170-kilometra-bukuri-alpine\/#primaryimage"},"thumbnailUrl":"https:\/\/kosovatimes.info\/wp-content\/uploads\/2026\/05\/Mont-blanc.webp","articleSection":["Turiz\u00ebm"],"inLanguage":"en-US","potentialAction":[{"@type":"CommentAction","name":"Comment","target":["https:\/\/kosovatimes.info\/index.php\/2026\/05\/02\/tour-du-mont-blanc-3-vende-7-deri-ne-12-dite-dhe-170-kilometra-bukuri-alpine\/#respond"]}]},{"@type":"WebPage","@id":"https:\/\/kosovatimes.info\/index.php\/2026\/05\/02\/tour-du-mont-blanc-3-vende-7-deri-ne-12-dite-dhe-170-kilometra-bukuri-alpine\/","url":"https:\/\/kosovatimes.info\/index.php\/2026\/05\/02\/tour-du-mont-blanc-3-vende-7-deri-ne-12-dite-dhe-170-kilometra-bukuri-alpine\/","name":"Tour du Mont Blanc: 3 vende, 7 deri n\u00eb 12 dit\u00eb dhe 170 kilometra bukuri alpine - Kosova Times","isPartOf":{"@id":"https:\/\/kosovatimes.info\/#website"},"primaryImageOfPage":{"@id":"https:\/\/kosovatimes.info\/index.php\/2026\/05\/02\/tour-du-mont-blanc-3-vende-7-deri-ne-12-dite-dhe-170-kilometra-bukuri-alpine\/#primaryimage"},"image":{"@id":"https:\/\/kosovatimes.info\/index.php\/2026\/05\/02\/tour-du-mont-blanc-3-vende-7-deri-ne-12-dite-dhe-170-kilometra-bukuri-alpine\/#primaryimage"},"thumbnailUrl":"https:\/\/kosovatimes.info\/wp-content\/uploads\/2026\/05\/Mont-blanc.webp","datePublished":"2026-05-02T08:50:16+00:00","dateModified":"2026-05-02T08:50:20+00:00","author":{"@id":"https:\/\/kosovatimes.info\/#\/schema\/person\/7586712b9c512fe68085de007378c915"},"breadcrumb":{"@id":"https:\/\/kosovatimes.info\/index.php\/2026\/05\/02\/tour-du-mont-blanc-3-vende-7-deri-ne-12-dite-dhe-170-kilometra-bukuri-alpine\/#breadcrumb"},"inLanguage":"en-US","potentialAction":[{"@type":"ReadAction","target":["https:\/\/kosovatimes.info\/index.php\/2026\/05\/02\/tour-du-mont-blanc-3-vende-7-deri-ne-12-dite-dhe-170-kilometra-bukuri-alpine\/"]}]},{"@type":"ImageObject","inLanguage":"en-US","@id":"https:\/\/kosovatimes.info\/index.php\/2026\/05\/02\/tour-du-mont-blanc-3-vende-7-deri-ne-12-dite-dhe-170-kilometra-bukuri-alpine\/#primaryimage","url":"https:\/\/kosovatimes.info\/wp-content\/uploads\/2026\/05\/Mont-blanc.webp","contentUrl":"https:\/\/kosovatimes.info\/wp-content\/uploads\/2026\/05\/Mont-blanc.webp","width":920,"height":695},{"@type":"BreadcrumbList","@id":"https:\/\/kosovatimes.info\/index.php\/2026\/05\/02\/tour-du-mont-blanc-3-vende-7-deri-ne-12-dite-dhe-170-kilometra-bukuri-alpine\/#breadcrumb","itemListElement":[{"@type":"ListItem","position":1,"name":"Home","item":"https:\/\/kosovatimes.info\/"},{"@type":"ListItem","position":2,"name":"Tour du Mont Blanc: 3 vende, 7 deri n\u00eb 12 dit\u00eb dhe 170 kilometra bukuri alpine"}]},{"@type":"WebSite","@id":"https:\/\/kosovatimes.info\/#website","url":"https:\/\/kosovatimes.info\/","name":"Kosova Times","description":"","potentialAction":[{"@type":"SearchAction","target":{"@type":"EntryPoint","urlTemplate":"https:\/\/kosovatimes.info\/?s={search_term_string}"},"query-input":{"@type":"PropertyValueSpecification","valueRequired":true,"valueName":"search_term_string"}}],"inLanguage":"en-US"},{"@type":"Person","@id":"https:\/\/kosovatimes.info\/#\/schema\/person\/7586712b9c512fe68085de007378c915","name":"i l","image":{"@type":"ImageObject","inLanguage":"en-US","@id":"https:\/\/secure.gravatar.com\/avatar\/bad9296e02816160ae2e2435beda58222022298d5625d49fea74d18816fbb31d?s=96&d=mm&r=g","url":"https:\/\/secure.gravatar.com\/avatar\/bad9296e02816160ae2e2435beda58222022298d5625d49fea74d18816fbb31d?s=96&d=mm&r=g","contentUrl":"https:\/\/secure.gravatar.com\/avatar\/bad9296e02816160ae2e2435beda58222022298d5625d49fea74d18816fbb31d?s=96&d=mm&r=g","caption":"i l"},"url":"https:\/\/kosovatimes.info\/index.php\/author\/iliri\/"}]}},"_links":{"self":[{"href":"https:\/\/kosovatimes.info\/index.php\/wp-json\/wp\/v2\/posts\/13092","targetHints":{"allow":["GET"]}}],"collection":[{"href":"https:\/\/kosovatimes.info\/index.php\/wp-json\/wp\/v2\/posts"}],"about":[{"href":"https:\/\/kosovatimes.info\/index.php\/wp-json\/wp\/v2\/types\/post"}],"author":[{"embeddable":true,"href":"https:\/\/kosovatimes.info\/index.php\/wp-json\/wp\/v2\/users\/4"}],"replies":[{"embeddable":true,"href":"https:\/\/kosovatimes.info\/index.php\/wp-json\/wp\/v2\/comments?post=13092"}],"version-history":[{"count":1,"href":"https:\/\/kosovatimes.info\/index.php\/wp-json\/wp\/v2\/posts\/13092\/revisions"}],"predecessor-version":[{"id":13097,"href":"https:\/\/kosovatimes.info\/index.php\/wp-json\/wp\/v2\/posts\/13092\/revisions\/13097"}],"wp:featuredmedia":[{"embeddable":true,"href":"https:\/\/kosovatimes.info\/index.php\/wp-json\/wp\/v2\/media\/13093"}],"wp:attachment":[{"href":"https:\/\/kosovatimes.info\/index.php\/wp-json\/wp\/v2\/media?parent=13092"}],"wp:term":[{"taxonomy":"category","embeddable":true,"href":"https:\/\/kosovatimes.info\/index.php\/wp-json\/wp\/v2\/categories?post=13092"},{"taxonomy":"post_tag","embeddable":true,"href":"https:\/\/kosovatimes.info\/index.php\/wp-json\/wp\/v2\/tags?post=13092"}],"curies":[{"name":"wp","href":"https:\/\/api.w.org\/{rel}","templated":true}]}}